{"id":753,"date":"2023-09-20T11:11:08","date_gmt":"2023-09-20T15:11:08","guid":{"rendered":"https:\/\/www.manaus.am.gov.br\/semulsp\/prefeito-inaugura-espaco-de-bem-estar-para-servidores-da-limpeza-publica\/"},"modified":"2023-09-20T11:11:09","modified_gmt":"2023-09-20T15:11:09","slug":"prefeito-inaugura-espaco-de-bem-estar-para-servidores-da-limpeza-publica","status":"publish","type":"post","link":"https:\/\/www.manaus.am.gov.br\/semulsp\/prefeito-inaugura-espaco-de-bem-estar-para-servidores-da-limpeza-publica\/","title":{"rendered":"<strong>Prefeito inaugura espa\u00e7o de bem-estar para servidores da Limpeza P\u00fablica<\/strong>"},"content":{"rendered":"\n<p>Como parte da valoriza\u00e7\u00e3o dos servidores municipais, o prefeito David Almeida inaugurou, nesta ter\u00e7a-feira, 19\/9, um espa\u00e7o de bem-estar na sede da Secretaria Municipal de Limpeza Urbana (Semulsp), localizada no bairro Compensa, zona Oeste, em parceria com a empresa ProCorpoFisio. O local, destinado aos servidores da pasta, visa promover qualidade de vida no ambiente de trabalho, contribuindo para o aumento da produtividade e reduzindo os casos relacionados a tens\u00f5es, estresse e ansiedade, al\u00e9m de evitar os casos de Les\u00e3o do Esfor\u00e7o Repetitivo (LER).<\/p>\n\n\n\n<p>Segundo o prefeito, o objetivo \u00e9 expandir a a\u00e7\u00e3o inovadora para outras secretarias, prezando pelo conforto e descanso dos servidores. \u201c\u00c9 um programa-piloto, pelo qual a gente oferece uma sala de conforto para os servidores da pasta. Essa \u00e9 uma iniciativa do secret\u00e1rio Sab\u00e1 Reis, dando qualidade de vida, melhorando o ambiente de trabalho dos nossos servidores, diminuindo a tens\u00e3o sobre o corpo dos servidores, inclusive, evitando futuros afastamentos em fun\u00e7\u00e3o de esfor\u00e7os, e isso faz com que a gente possa oferecer uma qualidade de vida ao servidor da Prefeitura de Manaus. Esse espa\u00e7o, na Semulsp, \u00e9 o in\u00edcio de um processo que n\u00f3s queremos levar para as demais secretarias\u201d, garantiu Almeida.<\/p>\n\n\n\n<p>No espa\u00e7o, os servidores recebem massagem terap\u00eautica, por meio de&nbsp; aparelhos espec\u00edficos para cada regi\u00e3o do corpo, com agilidade, praticidade e rotatividade nos atendimentos. Os equipamentos da sala podem atender at\u00e9 seis servidores, simultaneamente, de forma&nbsp; personalizada e padronizada, com dura\u00e7\u00e3o de 30 a 40 minutos.<\/p>\n\n\n\n<p>Segundo o titular da Semulsp, Sab\u00e1 Reis, a secretaria vive novas oportunidades. \u201cAquilo que era um dia s\u00f3 a &#8216;secretaria do lixo&#8217; vem se transformando. A nossa turma de garis, a partir de agora, passa a contar com uma sala de bem-estar social. Essa \u00e9 a primeira secretaria na qual o prefeito est\u00e1 implantando esse servi\u00e7o, disponibilizando esse espa\u00e7o, junto com essa empresa, que \u00e9 genial, trazendo benef\u00edcios aos nossos servidores\u201d, completou o secret\u00e1rio.<\/p>\n\n\n\n<p>Para o diretor da empresa ProCorpoFisio, David Salom\u00e3o, a parceria com a prefeitura vem para motivar os servidores e engaj\u00e1-los com suas tarefas di\u00e1rias, al\u00e9m de garantir sa\u00fade e seguran\u00e7a no ambiente institucional.<\/p>\n\n\n\n<p>\u201cEsse investimento inibe, l\u00e1 na frente, o afastamento do servidor, e o servidor mais motivado, mais relaxado, produz mais, ent\u00e3o esse ambiente em uma secretaria, como a Semulsp, \u00e9 muito importante, porque esse servidor merece. S\u00e3o trabalhadores que cuidam da popula\u00e7\u00e3o, cuidam da limpeza, cuidam das pra\u00e7as. Com certeza teremos excelentes resultados com esses servidores\u201d, disse.<\/p>\n\n\n\n<p>&#8212; &#8212; &#8212;<\/p>\n\n\n\n<p><strong>Texto<\/strong>&nbsp;\u2013 Beathriz Torres\/Semcom<\/p>\n\n\n\n<p><strong>Fotos<\/strong>&nbsp;\u2013 Ruan Souza\/Semcom<\/p>\n\n\n\n<p><strong>Dispon\u00edveis em &#8211;<\/strong>&nbsp;<a href=\"https:\/\/flic.kr\/s\/aHBqjAVqqT\">https:\/\/flic.kr\/s\/aHBqjAVqqT<\/a><\/p>\n","protected":false},"excerpt":{"rendered":"","protected":false},"author":23,"featured_media":754,"comment_status":"closed","ping_status":"closed","sticky":false,"template":"","format":"standard","meta":{"footnotes":""},"categories":[210],"tags":[211,212,10,54],"acf":[],"yoast_head":"<!-- This site is optimized with the Yoast SEO plugin v23.0 - https:\/\/yoast.com\/wordpress\/plugins\/seo\/ -->\n<title>Prefeito inaugura espa\u00e7o de bem-estar para servidores da Limpeza P\u00fablica<\/title>\n<meta name=\"description\" content=\"Como parte da valoriza\u00e7\u00e3o dos servidores municipais, o prefeito David Almeida inaugurou, nesta ter\u00e7a-feira, 19\/9, um espa\u00e7o de bem-estar na sede da Secretaria Municipal de Limpeza Urbana (Semulsp), localizada no bairro Compensa, zona Oeste, em parceria com a empresa ProCorpoFisio. O local, destinado aos servidores da pasta, visa promover qualidade de vida no ambiente de trabalho, contribuindo para o aumento da produtividade e reduzindo os casos relacionados a tens\u00f5es, estresse e ansiedade, al\u00e9m de evitar os casos de Les\u00e3o do Esfor\u00e7o Repetitivo (LER).\" \/>\n<meta name=\"robots\" content=\"noindex, follow\" \/>\n<meta property=\"og:locale\" content=\"pt_BR\" \/>\n<meta property=\"og:type\" content=\"article\" \/>\n<meta property=\"og:title\" content=\"Prefeito inaugura espa\u00e7o de bem-estar para servidores da Limpeza P\u00fablica\" \/>\n<meta property=\"og:description\" content=\"Como parte da valoriza\u00e7\u00e3o dos servidores municipais, o prefeito David Almeida inaugurou, nesta ter\u00e7a-feira, 19\/9, um espa\u00e7o de bem-estar na sede da Secretaria Municipal de Limpeza Urbana (Semulsp), localizada no bairro Compensa, zona Oeste, em parceria com a empresa ProCorpoFisio. O local, destinado aos servidores da pasta, visa promover qualidade de vida no ambiente de trabalho, contribuindo para o aumento da produtividade e reduzindo os casos relacionados a tens\u00f5es, estresse e ansiedade, al\u00e9m de evitar os casos de Les\u00e3o do Esfor\u00e7o Repetitivo (LER).\" \/>\n<meta property=\"og:url\" content=\"https:\/\/www.manaus.am.gov.br\/semulsp\/prefeito-inaugura-espaco-de-bem-estar-para-servidores-da-limpeza-publica\/\" \/>\n<meta property=\"og:site_name\" content=\"SEMULSP\" \/>\n<meta property=\"article:publisher\" content=\"https:\/\/www.facebook.com\/semulspmanaus\" \/>\n<meta property=\"article:published_time\" content=\"2023-09-20T15:11:08+00:00\" \/>\n<meta property=\"article:modified_time\" content=\"2023-09-20T15:11:09+00:00\" \/>\n<meta property=\"og:image\" content=\"https:\/\/www.manaus.am.gov.br\/semulsp\/wp-content\/uploads\/sites\/23\/2023\/09\/53200977379_4efefe1118_c.jpg\" \/>\n\t<meta property=\"og:image:width\" content=\"799\" \/>\n\t<meta property=\"og:image:height\" content=\"533\" \/>\n\t<meta property=\"og:image:type\" content=\"image\/jpeg\" \/>\n<meta name=\"author\" content=\"Adriana Costa\" \/>\n<meta name=\"twitter:card\" content=\"summary_large_image\" \/>\n<meta name=\"twitter:label1\" content=\"Written by\" \/>\n\t<meta name=\"twitter:data1\" content=\"Adriana Costa\" \/>\n\t<meta name=\"twitter:label2\" content=\"Est. reading time\" \/>\n\t<meta name=\"twitter:data2\" content=\"3 minutos\" \/>\n<script type=\"application\/ld+json\" class=\"yoast-schema-graph\">{\"@context\":\"https:\/\/schema.org\",\"@graph\":[{\"@type\":\"Article\",\"@id\":\"https:\/\/www.manaus.am.gov.br\/semulsp\/prefeito-inaugura-espaco-de-bem-estar-para-servidores-da-limpeza-publica\/#article\",\"isPartOf\":{\"@id\":\"https:\/\/www.manaus.am.gov.br\/semulsp\/prefeito-inaugura-espaco-de-bem-estar-para-servidores-da-limpeza-publica\/\"},\"author\":{\"name\":\"Adriana Costa\",\"@id\":\"https:\/\/www.manaus.am.gov.br\/semulsp\/#\/schema\/person\/4e49f4e267757a06ca072ec61b2b9968\"},\"headline\":\"Prefeito inaugura espa\u00e7o de bem-estar para servidores da Limpeza P\u00fablica\",\"datePublished\":\"2023-09-20T15:11:08+00:00\",\"dateModified\":\"2023-09-20T15:11:09+00:00\",\"mainEntityOfPage\":{\"@id\":\"https:\/\/www.manaus.am.gov.br\/semulsp\/prefeito-inaugura-espaco-de-bem-estar-para-servidores-da-limpeza-publica\/\"},\"wordCount\":465,\"publisher\":{\"@id\":\"https:\/\/www.manaus.am.gov.br\/semulsp\/#organization\"},\"image\":{\"@id\":\"https:\/\/www.manaus.am.gov.br\/semulsp\/prefeito-inaugura-espaco-de-bem-estar-para-servidores-da-limpeza-publica\/#primaryimage\"},\"thumbnailUrl\":\"https:\/\/www.manaus.am.gov.br\/semulsp\/wp-content\/uploads\/sites\/23\/2023\/09\/53200977379_4efefe1118_c.jpg\",\"keywords\":[\"espa\u00e7o de bem-estar\",\"prefeito David Almeida\",\"prefeitura de manaus\",\"servidores da semulsp\"],\"articleSection\":[\"Manaus\"],\"inLanguage\":\"pt-BR\"},{\"@type\":\"WebPage\",\"@id\":\"https:\/\/www.manaus.am.gov.br\/semulsp\/prefeito-inaugura-espaco-de-bem-estar-para-servidores-da-limpeza-publica\/\",\"url\":\"https:\/\/www.manaus.am.gov.br\/semulsp\/prefeito-inaugura-espaco-de-bem-estar-para-servidores-da-limpeza-publica\/\",\"name\":\"Prefeito inaugura espa\u00e7o de bem-estar para servidores da Limpeza P\u00fablica\",\"isPartOf\":{\"@id\":\"https:\/\/www.manaus.am.gov.br\/semulsp\/#website\"},\"primaryImageOfPage\":{\"@id\":\"https:\/\/www.manaus.am.gov.br\/semulsp\/prefeito-inaugura-espaco-de-bem-estar-para-servidores-da-limpeza-publica\/#primaryimage\"},\"image\":{\"@id\":\"https:\/\/www.manaus.am.gov.br\/semulsp\/prefeito-inaugura-espaco-de-bem-estar-para-servidores-da-limpeza-publica\/#primaryimage\"},\"thumbnailUrl\":\"https:\/\/www.manaus.am.gov.br\/semulsp\/wp-content\/uploads\/sites\/23\/2023\/09\/53200977379_4efefe1118_c.jpg\",\"datePublished\":\"2023-09-20T15:11:08+00:00\",\"dateModified\":\"2023-09-20T15:11:09+00:00\",\"description\":\"Como parte da valoriza\u00e7\u00e3o dos servidores municipais, o prefeito David Almeida inaugurou, nesta ter\u00e7a-feira, 19\/9, um espa\u00e7o de bem-estar na sede da Secretaria Municipal de Limpeza Urbana (Semulsp), localizada no bairro Compensa, zona Oeste, em parceria com a empresa ProCorpoFisio. O local, destinado aos servidores da pasta, visa promover qualidade de vida no ambiente de trabalho, contribuindo para o aumento da produtividade e reduzindo os casos relacionados a tens\u00f5es, estresse e ansiedade, al\u00e9m de evitar os casos de Les\u00e3o do Esfor\u00e7o Repetitivo (LER).\",\"breadcrumb\":{\"@id\":\"https:\/\/www.manaus.am.gov.br\/semulsp\/prefeito-inaugura-espaco-de-bem-estar-para-servidores-da-limpeza-publica\/#breadcrumb\"},\"inLanguage\":\"pt-BR\",\"potentialAction\":[{\"@type\":\"ReadAction\",\"target\":[\"https:\/\/www.manaus.am.gov.br\/semulsp\/prefeito-inaugura-espaco-de-bem-estar-para-servidores-da-limpeza-publica\/\"]}]},{\"@type\":\"ImageObject\",\"inLanguage\":\"pt-BR\",\"@id\":\"https:\/\/www.manaus.am.gov.br\/semulsp\/prefeito-inaugura-espaco-de-bem-estar-para-servidores-da-limpeza-publica\/#primaryimage\",\"url\":\"https:\/\/www.manaus.am.gov.br\/semulsp\/wp-content\/uploads\/sites\/23\/2023\/09\/53200977379_4efefe1118_c.jpg\",\"contentUrl\":\"https:\/\/www.manaus.am.gov.br\/semulsp\/wp-content\/uploads\/sites\/23\/2023\/09\/53200977379_4efefe1118_c.jpg\",\"width\":799,\"height\":533},{\"@type\":\"BreadcrumbList\",\"@id\":\"https:\/\/www.manaus.am.gov.br\/semulsp\/prefeito-inaugura-espaco-de-bem-estar-para-servidores-da-limpeza-publica\/#breadcrumb\",\"itemListElement\":[{\"@type\":\"ListItem\",\"position\":1,\"name\":\"Home\",\"item\":\"https:\/\/www.manaus.am.gov.br\/semulsp\/\"},{\"@type\":\"ListItem\",\"position\":2,\"name\":\"Prefeito inaugura espa\u00e7o de bem-estar para servidores da Limpeza P\u00fablica\"}]},{\"@type\":\"WebSite\",\"@id\":\"https:\/\/www.manaus.am.gov.br\/semulsp\/#website\",\"url\":\"https:\/\/www.manaus.am.gov.br\/semulsp\/\",\"name\":\"SEMULSP\",\"description\":\"Prefeitura de Manaus\",\"publisher\":{\"@id\":\"https:\/\/www.manaus.am.gov.br\/semulsp\/#organization\"},\"alternateName\":\"Secretaria Municipal de Limpeza P\u00fablica\",\"potentialAction\":[{\"@type\":\"SearchAction\",\"target\":{\"@type\":\"EntryPoint\",\"urlTemplate\":\"https:\/\/www.manaus.am.gov.br\/semulsp\/?s={search_term_string}\"},\"query-input\":\"required name=search_term_string\"}],\"inLanguage\":\"pt-BR\"},{\"@type\":\"Organization\",\"@id\":\"https:\/\/www.manaus.am.gov.br\/semulsp\/#organization\",\"name\":\"SEMULSP\",\"alternateName\":\"Secretaria Municipal de Limpeza P\u00fablica\",\"url\":\"https:\/\/www.manaus.am.gov.br\/semulsp\/\",\"logo\":{\"@type\":\"ImageObject\",\"inLanguage\":\"pt-BR\",\"@id\":\"https:\/\/www.manaus.am.gov.br\/semulsp\/#\/schema\/logo\/image\/\",\"url\":\"https:\/\/www.manaus.am.gov.br\/semulsp\/wp-content\/uploads\/sites\/23\/2023\/05\/cropped-favicon.png\",\"contentUrl\":\"https:\/\/www.manaus.am.gov.br\/semulsp\/wp-content\/uploads\/sites\/23\/2023\/05\/cropped-favicon.png\",\"width\":512,\"height\":512,\"caption\":\"SEMULSP\"},\"image\":{\"@id\":\"https:\/\/www.manaus.am.gov.br\/semulsp\/#\/schema\/logo\/image\/\"},\"sameAs\":[\"https:\/\/www.facebook.com\/semulspmanaus\",\"https:\/\/www.instagram.com\/semulspmanaus\/\"]},{\"@type\":\"Person\",\"@id\":\"https:\/\/www.manaus.am.gov.br\/semulsp\/#\/schema\/person\/4e49f4e267757a06ca072ec61b2b9968\",\"name\":\"Adriana Costa\",\"image\":{\"@type\":\"ImageObject\",\"inLanguage\":\"pt-BR\",\"@id\":\"https:\/\/www.manaus.am.gov.br\/semulsp\/#\/schema\/person\/image\/\",\"url\":\"https:\/\/secure.gravatar.com\/avatar\/576258617ef7194f718179e766d57bd4?s=96&d=mm&r=g\",\"contentUrl\":\"https:\/\/secure.gravatar.com\/avatar\/576258617ef7194f718179e766d57bd4?s=96&d=mm&r=g\",\"caption\":\"Adriana Costa\"}}]}<\/script>\n<!-- \/ Yoast SEO plugin. -->","yoast_head_json":{"title":"Prefeito inaugura espa\u00e7o de bem-estar para servidores da Limpeza P\u00fablica","description":"Como parte da valoriza\u00e7\u00e3o dos servidores municipais, o prefeito David Almeida inaugurou, nesta ter\u00e7a-feira, 19\/9, um espa\u00e7o de bem-estar na sede da Secretaria Municipal de Limpeza Urbana (Semulsp), localizada no bairro Compensa, zona Oeste, em parceria com a empresa ProCorpoFisio. O local, destinado aos servidores da pasta, visa promover qualidade de vida no ambiente de trabalho, contribuindo para o aumento da produtividade e reduzindo os casos relacionados a tens\u00f5es, estresse e ansiedade, al\u00e9m de evitar os casos de Les\u00e3o do Esfor\u00e7o Repetitivo (LER).","robots":{"index":"noindex","follow":"follow"},"og_locale":"pt_BR","og_type":"article","og_title":"Prefeito inaugura espa\u00e7o de bem-estar para servidores da Limpeza P\u00fablica","og_description":"Como parte da valoriza\u00e7\u00e3o dos servidores municipais, o prefeito David Almeida inaugurou, nesta ter\u00e7a-feira, 19\/9, um espa\u00e7o de bem-estar na sede da Secretaria Municipal de Limpeza Urbana (Semulsp), localizada no bairro Compensa, zona Oeste, em parceria com a empresa ProCorpoFisio. O local, destinado aos servidores da pasta, visa promover qualidade de vida no ambiente de trabalho, contribuindo para o aumento da produtividade e reduzindo os casos relacionados a tens\u00f5es, estresse e ansiedade, al\u00e9m de evitar os casos de Les\u00e3o do Esfor\u00e7o Repetitivo (LER).","og_url":"https:\/\/www.manaus.am.gov.br\/semulsp\/prefeito-inaugura-espaco-de-bem-estar-para-servidores-da-limpeza-publica\/","og_site_name":"SEMULSP","article_publisher":"https:\/\/www.facebook.com\/semulspmanaus","article_published_time":"2023-09-20T15:11:08+00:00","article_modified_time":"2023-09-20T15:11:09+00:00","og_image":[{"width":799,"height":533,"url":"https:\/\/www.manaus.am.gov.br\/semulsp\/wp-content\/uploads\/sites\/23\/2023\/09\/53200977379_4efefe1118_c.jpg","type":"image\/jpeg"}],"author":"Adriana Costa","twitter_card":"summary_large_image","twitter_misc":{"Written by":"Adriana Costa","Est. reading time":"3 minutos"},"schema":{"@context":"https:\/\/schema.org","@graph":[{"@type":"Article","@id":"https:\/\/www.manaus.am.gov.br\/semulsp\/prefeito-inaugura-espaco-de-bem-estar-para-servidores-da-limpeza-publica\/#article","isPartOf":{"@id":"https:\/\/www.manaus.am.gov.br\/semulsp\/prefeito-inaugura-espaco-de-bem-estar-para-servidores-da-limpeza-publica\/"},"author":{"name":"Adriana Costa","@id":"https:\/\/www.manaus.am.gov.br\/semulsp\/#\/schema\/person\/4e49f4e267757a06ca072ec61b2b9968"},"headline":"Prefeito inaugura espa\u00e7o de bem-estar para servidores da Limpeza P\u00fablica","datePublished":"2023-09-20T15:11:08+00:00","dateModified":"2023-09-20T15:11:09+00:00","mainEntityOfPage":{"@id":"https:\/\/www.manaus.am.gov.br\/semulsp\/prefeito-inaugura-espaco-de-bem-estar-para-servidores-da-limpeza-publica\/"},"wordCount":465,"publisher":{"@id":"https:\/\/www.manaus.am.gov.br\/semulsp\/#organization"},"image":{"@id":"https:\/\/www.manaus.am.gov.br\/semulsp\/prefeito-inaugura-espaco-de-bem-estar-para-servidores-da-limpeza-publica\/#primaryimage"},"thumbnailUrl":"https:\/\/www.manaus.am.gov.br\/semulsp\/wp-content\/uploads\/sites\/23\/2023\/09\/53200977379_4efefe1118_c.jpg","keywords":["espa\u00e7o de bem-estar","prefeito David Almeida","prefeitura de manaus","servidores da semulsp"],"articleSection":["Manaus"],"inLanguage":"pt-BR"},{"@type":"WebPage","@id":"https:\/\/www.manaus.am.gov.br\/semulsp\/prefeito-inaugura-espaco-de-bem-estar-para-servidores-da-limpeza-publica\/","url":"https:\/\/www.manaus.am.gov.br\/semulsp\/prefeito-inaugura-espaco-de-bem-estar-para-servidores-da-limpeza-publica\/","name":"Prefeito inaugura espa\u00e7o de bem-estar para servidores da Limpeza P\u00fablica","isPartOf":{"@id":"https:\/\/www.manaus.am.gov.br\/semulsp\/#website"},"primaryImageOfPage":{"@id":"https:\/\/www.manaus.am.gov.br\/semulsp\/prefeito-inaugura-espaco-de-bem-estar-para-servidores-da-limpeza-publica\/#primaryimage"},"image":{"@id":"https:\/\/www.manaus.am.gov.br\/semulsp\/prefeito-inaugura-espaco-de-bem-estar-para-servidores-da-limpeza-publica\/#primaryimage"},"thumbnailUrl":"https:\/\/www.manaus.am.gov.br\/semulsp\/wp-content\/uploads\/sites\/23\/2023\/09\/53200977379_4efefe1118_c.jpg","datePublished":"2023-09-20T15:11:08+00:00","dateModified":"2023-09-20T15:11:09+00:00","description":"Como parte da valoriza\u00e7\u00e3o dos servidores municipais, o prefeito David Almeida inaugurou, nesta ter\u00e7a-feira, 19\/9, um espa\u00e7o de bem-estar na sede da Secretaria Municipal de Limpeza Urbana (Semulsp), localizada no bairro Compensa, zona Oeste, em parceria com a empresa ProCorpoFisio. O local, destinado aos servidores da pasta, visa promover qualidade de vida no ambiente de trabalho, contribuindo para o aumento da produtividade e reduzindo os casos relacionados a tens\u00f5es, estresse e ansiedade, al\u00e9m de evitar os casos de Les\u00e3o do Esfor\u00e7o Repetitivo (LER).","breadcrumb":{"@id":"https:\/\/www.manaus.am.gov.br\/semulsp\/prefeito-inaugura-espaco-de-bem-estar-para-servidores-da-limpeza-publica\/#breadcrumb"},"inLanguage":"pt-BR","potentialAction":[{"@type":"ReadAction","target":["https:\/\/www.manaus.am.gov.br\/semulsp\/prefeito-inaugura-espaco-de-bem-estar-para-servidores-da-limpeza-publica\/"]}]},{"@type":"ImageObject","inLanguage":"pt-BR","@id":"https:\/\/www.manaus.am.gov.br\/semulsp\/prefeito-inaugura-espaco-de-bem-estar-para-servidores-da-limpeza-publica\/#primaryimage","url":"https:\/\/www.manaus.am.gov.br\/semulsp\/wp-content\/uploads\/sites\/23\/2023\/09\/53200977379_4efefe1118_c.jpg","contentUrl":"https:\/\/www.manaus.am.gov.br\/semulsp\/wp-content\/uploads\/sites\/23\/2023\/09\/53200977379_4efefe1118_c.jpg","width":799,"height":533},{"@type":"BreadcrumbList","@id":"https:\/\/www.manaus.am.gov.br\/semulsp\/prefeito-inaugura-espaco-de-bem-estar-para-servidores-da-limpeza-publica\/#breadcrumb","itemListElement":[{"@type":"ListItem","position":1,"name":"Home","item":"https:\/\/www.manaus.am.gov.br\/semulsp\/"},{"@type":"ListItem","position":2,"name":"Prefeito inaugura espa\u00e7o de bem-estar para servidores da Limpeza P\u00fablica"}]},{"@type":"WebSite","@id":"https:\/\/www.manaus.am.gov.br\/semulsp\/#website","url":"https:\/\/www.manaus.am.gov.br\/semulsp\/","name":"SEMULSP","description":"Prefeitura de Manaus","publisher":{"@id":"https:\/\/www.manaus.am.gov.br\/semulsp\/#organization"},"alternateName":"Secretaria Municipal de Limpeza P\u00fablica","potentialAction":[{"@type":"SearchAction","target":{"@type":"EntryPoint","urlTemplate":"https:\/\/www.manaus.am.gov.br\/semulsp\/?s={search_term_string}"},"query-input":"required name=search_term_string"}],"inLanguage":"pt-BR"},{"@type":"Organization","@id":"https:\/\/www.manaus.am.gov.br\/semulsp\/#organization","name":"SEMULSP","alternateName":"Secretaria Municipal de Limpeza P\u00fablica","url":"https:\/\/www.manaus.am.gov.br\/semulsp\/","logo":{"@type":"ImageObject","inLanguage":"pt-BR","@id":"https:\/\/www.manaus.am.gov.br\/semulsp\/#\/schema\/logo\/image\/","url":"https:\/\/www.manaus.am.gov.br\/semulsp\/wp-content\/uploads\/sites\/23\/2023\/05\/cropped-favicon.png","contentUrl":"https:\/\/www.manaus.am.gov.br\/semulsp\/wp-content\/uploads\/sites\/23\/2023\/05\/cropped-favicon.png","width":512,"height":512,"caption":"SEMULSP"},"image":{"@id":"https:\/\/www.manaus.am.gov.br\/semulsp\/#\/schema\/logo\/image\/"},"sameAs":["https:\/\/www.facebook.com\/semulspmanaus","https:\/\/www.instagram.com\/semulspmanaus\/"]},{"@type":"Person","@id":"https:\/\/www.manaus.am.gov.br\/semulsp\/#\/schema\/person\/4e49f4e267757a06ca072ec61b2b9968","name":"Adriana Costa","image":{"@type":"ImageObject","inLanguage":"pt-BR","@id":"https:\/\/www.manaus.am.gov.br\/semulsp\/#\/schema\/person\/image\/","url":"https:\/\/secure.gravatar.com\/avatar\/576258617ef7194f718179e766d57bd4?s=96&d=mm&r=g","contentUrl":"https:\/\/secure.gravatar.com\/avatar\/576258617ef7194f718179e766d57bd4?s=96&d=mm&r=g","caption":"Adriana Costa"}}]}},"_links":{"self":[{"href":"https:\/\/www.manaus.am.gov.br\/semulsp\/wp-json\/wp\/v2\/posts\/753"}],"collection":[{"href":"https:\/\/www.manaus.am.gov.br\/semulsp\/wp-json\/wp\/v2\/posts"}],"about":[{"href":"https:\/\/www.manaus.am.gov.br\/semulsp\/wp-json\/wp\/v2\/types\/post"}],"author":[{"embeddable":true,"href":"https:\/\/www.manaus.am.gov.br\/semulsp\/wp-json\/wp\/v2\/users\/23"}],"replies":[{"embeddable":true,"href":"https:\/\/www.manaus.am.gov.br\/semulsp\/wp-json\/wp\/v2\/comments?post=753"}],"version-history":[{"count":0,"href":"https:\/\/www.manaus.am.gov.br\/semulsp\/wp-json\/wp\/v2\/posts\/753\/revisions"}],"wp:featuredmedia":[{"embeddable":true,"href":"https:\/\/www.manaus.am.gov.br\/semulsp\/wp-json\/wp\/v2\/media\/754"}],"wp:attachment":[{"href":"https:\/\/www.manaus.am.gov.br\/semulsp\/wp-json\/wp\/v2\/media?parent=753"}],"wp:term":[{"taxonomy":"category","embeddable":true,"href":"https:\/\/www.manaus.am.gov.br\/semulsp\/wp-json\/wp\/v2\/categories?post=753"},{"taxonomy":"post_tag","embeddable":true,"href":"https:\/\/www.manaus.am.gov.br\/semulsp\/wp-json\/wp\/v2\/tags?post=753"}],"curies":[{"name":"wp","href":"https:\/\/api.w.org\/{rel}","templated":true}]}}