{"id":708,"date":"2023-08-16T08:23:00","date_gmt":"2023-08-16T12:23:00","guid":{"rendered":"https:\/\/www.manaus.am.gov.br\/semulsp\/prefeitura-entrega-tres-cemiterios-rurais-totalmente-revitalizados-para-a-populacao-de-manaus\/"},"modified":"2023-08-16T08:23:03","modified_gmt":"2023-08-16T12:23:03","slug":"prefeitura-entrega-tres-cemiterios-rurais-totalmente-revitalizados-para-a-populacao-de-manaus","status":"publish","type":"post","link":"https:\/\/www.manaus.am.gov.br\/semulsp\/prefeitura-entrega-tres-cemiterios-rurais-totalmente-revitalizados-para-a-populacao-de-manaus\/","title":{"rendered":"<strong>Prefeitura entrega tr\u00eas cemit\u00e9rios rurais totalmente revitalizados para a popula\u00e7\u00e3o de Manaus<\/strong>"},"content":{"rendered":"\n<p>A Prefeitura de Manaus, por meio da Secretaria Municipal de Limpeza Urbana (Semulsp), reinaugurou, na manh\u00e3 desta ter\u00e7a-feira, 15\/8, tr\u00eas cemit\u00e9rios p\u00fablicos localizados na zona rural da capital. Todos os campos-santos foram revitalizados por meio de recursos de emendas parlamentares no valor total de R$ 1 milh\u00e3o.<\/p>\n\n\n\n<p>Para o secret\u00e1rio da Semulsp, Sab\u00e1 Reis, esse \u00e9 um momento hist\u00f3rico para a popula\u00e7\u00e3o das comunidades rurais que h\u00e1 d\u00e9cadas presenciou um cen\u00e1rio cr\u00edtico e de abandono.<\/p>\n\n\n\n<p>\u201cEsse \u00e9 um compromisso do prefeito David Almeida, que \u00e9 cuidar de Manaus como um todo. Essas pessoas que se sentiam abandonadas passam a ter, a partir de agora, nesses espa\u00e7os, uma administra\u00e7\u00e3o, pinturas e fachadas\u201d, disse.<\/p>\n\n\n\n<p>Um dos campos-santos entregues \u00e0 popula\u00e7\u00e3o \u00e9 o \u201cNossa Senhora da Concei\u00e7\u00e3o das Lajes\u201d, localizado \u00e0s margens do rio Negro, no bairro Mauazinho. O cemit\u00e9rio ganhou uma \u00e1rea administrativa, que antes n\u00e3o existia, m\u00f3veis novos, banheiro, arboriza\u00e7\u00e3o e pintura, al\u00e9m de possuir tr\u00eas quadras com capacidade para aproximadamente cinco mil sepultamentos.<\/p>\n\n\n\n<p>A revitaliza\u00e7\u00e3o do espa\u00e7o ocorreu por meio de emenda parlamentar dos vereadores Sargento Bentes Papinha e Gl\u00f3ria Carrate, no valor de R$ 337.500,00.<\/p>\n\n\n\n<p>\u201cA estrutura que temos hoje est\u00e1 maravilhosa. Eu s\u00f3 tenho a agradecer ao prefeito David Almeida, porque antes nenhum prefeito tinha olhado para c\u00e1 e tenho certeza que ainda vai melhorar muita coisa\u201d, completou a funcion\u00e1ria p\u00fablica, Rosa Brito.<\/p>\n\n\n\n<p>O cemit\u00e9rio p\u00fablico \u201cSanta Joana do Puraquequara\u201d, localizado \u00e0s margens do lago do Puraquequara, no Distrito Industrial, tamb\u00e9m foi revitalizado e entregue \u00e0 popula\u00e7\u00e3o. O valor da emenda parlamentar do vereador Carlos Portta destinado \u00e0 obra foi de R$ 337.500,00. O local que existe h\u00e1 110 anos, recebeu pela primeira vez, melhorias de infraestrutura, servi\u00e7os de pinturas e arboriza\u00e7\u00e3o.<\/p>\n\n\n\n<p>O campo-santo que possui cerca de quatro mil metros quadrados tem capacidade para aproximadamente cinco mil sepultamentos. O cemit\u00e9rio p\u00fablico atende cerca de 10 comunidades como a M\u00e3e Nam, Jo\u00e3o Paulo e Ipiranga.<\/p>\n\n\n\n<p>Totalmente revitalizado, o centen\u00e1rio campo-santo \u201cNossa Senhora do Carmo\u201d, situado \u00e0s margens do rio Amazonas, no Distrito Industrial, foi o terceiro cemit\u00e9rio p\u00fablico entregue \u00e0 popula\u00e7\u00e3o. As obras de infraestrutura foram realizadas por meio de emenda parlamentar dos vereadores Wallace Oliveira e Gl\u00f3ria Carrate, no valor de R$ 337.500,00.<\/p>\n\n\n\n<p>Durante a a\u00e7\u00e3o, cerca de 15 moradores receberam a certid\u00e3o de sepultamento dos entes falecidos e sepultados no cemit\u00e9rio p\u00fablico. O espa\u00e7o tamb\u00e9m vai dispor de duas lanchas, sendo uma para o translado do corpo e outra para o transporte de familiares em dias de enterro.<\/p>\n\n\n\n<p>\u201c\u00c9 muito bom ter isso aqui, mesmo que seja s\u00f3 um papel. Mas, para mim, isso significa muito porque \u00e9 o meu filho que est\u00e1 enterrado aqui. Um filho que eu amava muito e est\u00e1 aqui no meu cora\u00e7\u00e3o. Estou muito grata\u201d, ressaltou.<\/p>\n\n\n\n<p>O espa\u00e7o possui cerca de 80&#215;80 metros quadrados e contempla tr\u00eas mil sepultamentos. Com as melhorias de infraestrutura, foram implantados um novo espa\u00e7o administrativo, uma entrada de acesso com uma escada de 120 degraus, al\u00e9m de arboriza\u00e7\u00e3o por todo per\u00edmetro.<\/p>\n\n\n\n<p>&#8212; &#8212; &#8212;<\/p>\n\n\n\n<p><strong>Texto &#8211; <\/strong>Fl\u00e1via Moura \/ Semcom<\/p>\n\n\n\n<p><strong>Fotos \u2013<\/strong> Elton Viana\/Semcom e Jo\u00e3o Viana \/ Semcom<\/p>\n\n\n\n<p><strong>Dispon\u00edveis em \u2013 <\/strong><a href=\"https:\/\/flic.kr\/s\/aHBqjARgoU\">https:\/\/flic.kr\/s\/aHBqjARgoU<\/a><strong><\/strong><\/p>\n","protected":false},"excerpt":{"rendered":"","protected":false},"author":39,"featured_media":709,"comment_status":"closed","ping_status":"closed","sticky":false,"template":"","format":"standard","meta":{"footnotes":""},"categories":[40],"tags":[192,10,193,194,19,195],"acf":[],"yoast_head":"<!-- This site is optimized with the Yoast SEO plugin v23.0 - https:\/\/yoast.com\/wordpress\/plugins\/seo\/ -->\n<title>Prefeitura entrega tr\u00eas cemit\u00e9rios rurais totalmente revitalizados para a popula\u00e7\u00e3o de Manaus<\/title>\n<meta name=\"description\" content=\"A Prefeitura de Manaus, por meio da Secretaria Municipal de Limpeza Urbana (Semulsp), reinaugurou, na manh\u00e3 desta ter\u00e7a-feira, 15\/8, tr\u00eas cemit\u00e9rios p\u00fablicos localizados na zona rural da capital. Todos os campos-santos foram revitalizados por meio de recursos de emendas parlamentares no valor total de R$ 1 milh\u00e3o.\" \/>\n<meta name=\"robots\" content=\"noindex, follow\" \/>\n<meta property=\"og:locale\" content=\"pt_BR\" \/>\n<meta property=\"og:type\" content=\"article\" \/>\n<meta property=\"og:title\" content=\"Prefeitura entrega tr\u00eas cemit\u00e9rios rurais totalmente revitalizados para a popula\u00e7\u00e3o de Manaus\" \/>\n<meta property=\"og:description\" content=\"A Prefeitura de Manaus, por meio da Secretaria Municipal de Limpeza Urbana (Semulsp), reinaugurou, na manh\u00e3 desta ter\u00e7a-feira, 15\/8, tr\u00eas cemit\u00e9rios p\u00fablicos localizados na zona rural da capital. Todos os campos-santos foram revitalizados por meio de recursos de emendas parlamentares no valor total de R$ 1 milh\u00e3o.\" \/>\n<meta property=\"og:url\" content=\"https:\/\/www.manaus.am.gov.br\/semulsp\/prefeitura-entrega-tres-cemiterios-rurais-totalmente-revitalizados-para-a-populacao-de-manaus\/\" \/>\n<meta property=\"og:site_name\" content=\"SEMULSP\" \/>\n<meta property=\"article:publisher\" content=\"https:\/\/www.facebook.com\/semulspmanaus\" \/>\n<meta property=\"article:published_time\" content=\"2023-08-16T12:23:00+00:00\" \/>\n<meta property=\"article:modified_time\" content=\"2023-08-16T12:23:03+00:00\" \/>\n<meta property=\"og:image\" content=\"https:\/\/www.manaus.am.gov.br\/semulsp\/wp-content\/uploads\/sites\/23\/2023\/08\/53119998508_135bf6c272_c.jpg\" \/>\n\t<meta property=\"og:image:width\" content=\"800\" \/>\n\t<meta property=\"og:image:height\" content=\"450\" \/>\n\t<meta property=\"og:image:type\" content=\"image\/jpeg\" \/>\n<meta name=\"author\" content=\"Bruna Greco\" \/>\n<meta name=\"twitter:card\" content=\"summary_large_image\" \/>\n<meta name=\"twitter:label1\" content=\"Written by\" \/>\n\t<meta name=\"twitter:data1\" content=\"Bruna Greco\" \/>\n\t<meta name=\"twitter:label2\" content=\"Est. reading time\" \/>\n\t<meta name=\"twitter:data2\" content=\"3 minutos\" \/>\n<script type=\"application\/ld+json\" class=\"yoast-schema-graph\">{\"@context\":\"https:\/\/schema.org\",\"@graph\":[{\"@type\":\"Article\",\"@id\":\"https:\/\/www.manaus.am.gov.br\/semulsp\/prefeitura-entrega-tres-cemiterios-rurais-totalmente-revitalizados-para-a-populacao-de-manaus\/#article\",\"isPartOf\":{\"@id\":\"https:\/\/www.manaus.am.gov.br\/semulsp\/prefeitura-entrega-tres-cemiterios-rurais-totalmente-revitalizados-para-a-populacao-de-manaus\/\"},\"author\":{\"name\":\"Bruna Greco\",\"@id\":\"https:\/\/www.manaus.am.gov.br\/semulsp\/#\/schema\/person\/05d223aea2bf115f9883a6ff3683d81b\"},\"headline\":\"Prefeitura entrega tr\u00eas cemit\u00e9rios rurais totalmente revitalizados para a popula\u00e7\u00e3o de Manaus\",\"datePublished\":\"2023-08-16T12:23:00+00:00\",\"dateModified\":\"2023-08-16T12:23:03+00:00\",\"mainEntityOfPage\":{\"@id\":\"https:\/\/www.manaus.am.gov.br\/semulsp\/prefeitura-entrega-tres-cemiterios-rurais-totalmente-revitalizados-para-a-populacao-de-manaus\/\"},\"wordCount\":571,\"publisher\":{\"@id\":\"https:\/\/www.manaus.am.gov.br\/semulsp\/#organization\"},\"image\":{\"@id\":\"https:\/\/www.manaus.am.gov.br\/semulsp\/prefeitura-entrega-tres-cemiterios-rurais-totalmente-revitalizados-para-a-populacao-de-manaus\/#primaryimage\"},\"thumbnailUrl\":\"https:\/\/www.manaus.am.gov.br\/semulsp\/wp-content\/uploads\/sites\/23\/2023\/08\/53119998508_135bf6c272_c.jpg\",\"keywords\":[\"emendas parlamentares\",\"prefeitura de manaus\",\"recursos no valor de R$ 337.500 cada\",\"revitaliza\u00e7\u00e3o de campos-santos\",\"semulsp\",\"tr\u00eas cemit\u00e9rios rurais\"],\"articleSection\":[\"Revitaliza\u00e7\u00e3o\"],\"inLanguage\":\"pt-BR\"},{\"@type\":\"WebPage\",\"@id\":\"https:\/\/www.manaus.am.gov.br\/semulsp\/prefeitura-entrega-tres-cemiterios-rurais-totalmente-revitalizados-para-a-populacao-de-manaus\/\",\"url\":\"https:\/\/www.manaus.am.gov.br\/semulsp\/prefeitura-entrega-tres-cemiterios-rurais-totalmente-revitalizados-para-a-populacao-de-manaus\/\",\"name\":\"Prefeitura entrega tr\u00eas cemit\u00e9rios rurais totalmente revitalizados para a popula\u00e7\u00e3o de Manaus\",\"isPartOf\":{\"@id\":\"https:\/\/www.manaus.am.gov.br\/semulsp\/#website\"},\"primaryImageOfPage\":{\"@id\":\"https:\/\/www.manaus.am.gov.br\/semulsp\/prefeitura-entrega-tres-cemiterios-rurais-totalmente-revitalizados-para-a-populacao-de-manaus\/#primaryimage\"},\"image\":{\"@id\":\"https:\/\/www.manaus.am.gov.br\/semulsp\/prefeitura-entrega-tres-cemiterios-rurais-totalmente-revitalizados-para-a-populacao-de-manaus\/#primaryimage\"},\"thumbnailUrl\":\"https:\/\/www.manaus.am.gov.br\/semulsp\/wp-content\/uploads\/sites\/23\/2023\/08\/53119998508_135bf6c272_c.jpg\",\"datePublished\":\"2023-08-16T12:23:00+00:00\",\"dateModified\":\"2023-08-16T12:23:03+00:00\",\"description\":\"A Prefeitura de Manaus, por meio da Secretaria Municipal de Limpeza Urbana (Semulsp), reinaugurou, na manh\u00e3 desta ter\u00e7a-feira, 15\/8, tr\u00eas cemit\u00e9rios p\u00fablicos localizados na zona rural da capital. Todos os campos-santos foram revitalizados por meio de recursos de emendas parlamentares no valor total de R$ 1 milh\u00e3o.\",\"breadcrumb\":{\"@id\":\"https:\/\/www.manaus.am.gov.br\/semulsp\/prefeitura-entrega-tres-cemiterios-rurais-totalmente-revitalizados-para-a-populacao-de-manaus\/#breadcrumb\"},\"inLanguage\":\"pt-BR\",\"potentialAction\":[{\"@type\":\"ReadAction\",\"target\":[\"https:\/\/www.manaus.am.gov.br\/semulsp\/prefeitura-entrega-tres-cemiterios-rurais-totalmente-revitalizados-para-a-populacao-de-manaus\/\"]}]},{\"@type\":\"ImageObject\",\"inLanguage\":\"pt-BR\",\"@id\":\"https:\/\/www.manaus.am.gov.br\/semulsp\/prefeitura-entrega-tres-cemiterios-rurais-totalmente-revitalizados-para-a-populacao-de-manaus\/#primaryimage\",\"url\":\"https:\/\/www.manaus.am.gov.br\/semulsp\/wp-content\/uploads\/sites\/23\/2023\/08\/53119998508_135bf6c272_c.jpg\",\"contentUrl\":\"https:\/\/www.manaus.am.gov.br\/semulsp\/wp-content\/uploads\/sites\/23\/2023\/08\/53119998508_135bf6c272_c.jpg\",\"width\":800,\"height\":450},{\"@type\":\"BreadcrumbList\",\"@id\":\"https:\/\/www.manaus.am.gov.br\/semulsp\/prefeitura-entrega-tres-cemiterios-rurais-totalmente-revitalizados-para-a-populacao-de-manaus\/#breadcrumb\",\"itemListElement\":[{\"@type\":\"ListItem\",\"position\":1,\"name\":\"Home\",\"item\":\"https:\/\/www.manaus.am.gov.br\/semulsp\/\"},{\"@type\":\"ListItem\",\"position\":2,\"name\":\"Prefeitura entrega tr\u00eas cemit\u00e9rios rurais totalmente revitalizados para a popula\u00e7\u00e3o de Manaus\"}]},{\"@type\":\"WebSite\",\"@id\":\"https:\/\/www.manaus.am.gov.br\/semulsp\/#website\",\"url\":\"https:\/\/www.manaus.am.gov.br\/semulsp\/\",\"name\":\"SEMULSP\",\"description\":\"Prefeitura de Manaus\",\"publisher\":{\"@id\":\"https:\/\/www.manaus.am.gov.br\/semulsp\/#organization\"},\"alternateName\":\"Secretaria Municipal de Limpeza P\u00fablica\",\"potentialAction\":[{\"@type\":\"SearchAction\",\"target\":{\"@type\":\"EntryPoint\",\"urlTemplate\":\"https:\/\/www.manaus.am.gov.br\/semulsp\/?s={search_term_string}\"},\"query-input\":\"required name=search_term_string\"}],\"inLanguage\":\"pt-BR\"},{\"@type\":\"Organization\",\"@id\":\"https:\/\/www.manaus.am.gov.br\/semulsp\/#organization\",\"name\":\"SEMULSP\",\"alternateName\":\"Secretaria Municipal de Limpeza P\u00fablica\",\"url\":\"https:\/\/www.manaus.am.gov.br\/semulsp\/\",\"logo\":{\"@type\":\"ImageObject\",\"inLanguage\":\"pt-BR\",\"@id\":\"https:\/\/www.manaus.am.gov.br\/semulsp\/#\/schema\/logo\/image\/\",\"url\":\"https:\/\/www.manaus.am.gov.br\/semulsp\/wp-content\/uploads\/sites\/23\/2023\/05\/cropped-favicon.png\",\"contentUrl\":\"https:\/\/www.manaus.am.gov.br\/semulsp\/wp-content\/uploads\/sites\/23\/2023\/05\/cropped-favicon.png\",\"width\":512,\"height\":512,\"caption\":\"SEMULSP\"},\"image\":{\"@id\":\"https:\/\/www.manaus.am.gov.br\/semulsp\/#\/schema\/logo\/image\/\"},\"sameAs\":[\"https:\/\/www.facebook.com\/semulspmanaus\",\"https:\/\/www.instagram.com\/semulspmanaus\/\"]},{\"@type\":\"Person\",\"@id\":\"https:\/\/www.manaus.am.gov.br\/semulsp\/#\/schema\/person\/05d223aea2bf115f9883a6ff3683d81b\",\"name\":\"Bruna Greco\",\"image\":{\"@type\":\"ImageObject\",\"inLanguage\":\"pt-BR\",\"@id\":\"https:\/\/www.manaus.am.gov.br\/semulsp\/#\/schema\/person\/image\/\",\"url\":\"https:\/\/secure.gravatar.com\/avatar\/9c877d1a6adc2a055330e5c09a8653ce?s=96&d=mm&r=g\",\"contentUrl\":\"https:\/\/secure.gravatar.com\/avatar\/9c877d1a6adc2a055330e5c09a8653ce?s=96&d=mm&r=g\",\"caption\":\"Bruna Greco\"}}]}<\/script>\n<!-- \/ Yoast SEO plugin. -->","yoast_head_json":{"title":"Prefeitura entrega tr\u00eas cemit\u00e9rios rurais totalmente revitalizados para a popula\u00e7\u00e3o de Manaus","description":"A Prefeitura de Manaus, por meio da Secretaria Municipal de Limpeza Urbana (Semulsp), reinaugurou, na manh\u00e3 desta ter\u00e7a-feira, 15\/8, tr\u00eas cemit\u00e9rios p\u00fablicos localizados na zona rural da capital. Todos os campos-santos foram revitalizados por meio de recursos de emendas parlamentares no valor total de R$ 1 milh\u00e3o.","robots":{"index":"noindex","follow":"follow"},"og_locale":"pt_BR","og_type":"article","og_title":"Prefeitura entrega tr\u00eas cemit\u00e9rios rurais totalmente revitalizados para a popula\u00e7\u00e3o de Manaus","og_description":"A Prefeitura de Manaus, por meio da Secretaria Municipal de Limpeza Urbana (Semulsp), reinaugurou, na manh\u00e3 desta ter\u00e7a-feira, 15\/8, tr\u00eas cemit\u00e9rios p\u00fablicos localizados na zona rural da capital. Todos os campos-santos foram revitalizados por meio de recursos de emendas parlamentares no valor total de R$ 1 milh\u00e3o.","og_url":"https:\/\/www.manaus.am.gov.br\/semulsp\/prefeitura-entrega-tres-cemiterios-rurais-totalmente-revitalizados-para-a-populacao-de-manaus\/","og_site_name":"SEMULSP","article_publisher":"https:\/\/www.facebook.com\/semulspmanaus","article_published_time":"2023-08-16T12:23:00+00:00","article_modified_time":"2023-08-16T12:23:03+00:00","og_image":[{"width":800,"height":450,"url":"https:\/\/www.manaus.am.gov.br\/semulsp\/wp-content\/uploads\/sites\/23\/2023\/08\/53119998508_135bf6c272_c.jpg","type":"image\/jpeg"}],"author":"Bruna Greco","twitter_card":"summary_large_image","twitter_misc":{"Written by":"Bruna Greco","Est. reading time":"3 minutos"},"schema":{"@context":"https:\/\/schema.org","@graph":[{"@type":"Article","@id":"https:\/\/www.manaus.am.gov.br\/semulsp\/prefeitura-entrega-tres-cemiterios-rurais-totalmente-revitalizados-para-a-populacao-de-manaus\/#article","isPartOf":{"@id":"https:\/\/www.manaus.am.gov.br\/semulsp\/prefeitura-entrega-tres-cemiterios-rurais-totalmente-revitalizados-para-a-populacao-de-manaus\/"},"author":{"name":"Bruna Greco","@id":"https:\/\/www.manaus.am.gov.br\/semulsp\/#\/schema\/person\/05d223aea2bf115f9883a6ff3683d81b"},"headline":"Prefeitura entrega tr\u00eas cemit\u00e9rios rurais totalmente revitalizados para a popula\u00e7\u00e3o de Manaus","datePublished":"2023-08-16T12:23:00+00:00","dateModified":"2023-08-16T12:23:03+00:00","mainEntityOfPage":{"@id":"https:\/\/www.manaus.am.gov.br\/semulsp\/prefeitura-entrega-tres-cemiterios-rurais-totalmente-revitalizados-para-a-populacao-de-manaus\/"},"wordCount":571,"publisher":{"@id":"https:\/\/www.manaus.am.gov.br\/semulsp\/#organization"},"image":{"@id":"https:\/\/www.manaus.am.gov.br\/semulsp\/prefeitura-entrega-tres-cemiterios-rurais-totalmente-revitalizados-para-a-populacao-de-manaus\/#primaryimage"},"thumbnailUrl":"https:\/\/www.manaus.am.gov.br\/semulsp\/wp-content\/uploads\/sites\/23\/2023\/08\/53119998508_135bf6c272_c.jpg","keywords":["emendas parlamentares","prefeitura de manaus","recursos no valor de R$ 337.500 cada","revitaliza\u00e7\u00e3o de campos-santos","semulsp","tr\u00eas cemit\u00e9rios rurais"],"articleSection":["Revitaliza\u00e7\u00e3o"],"inLanguage":"pt-BR"},{"@type":"WebPage","@id":"https:\/\/www.manaus.am.gov.br\/semulsp\/prefeitura-entrega-tres-cemiterios-rurais-totalmente-revitalizados-para-a-populacao-de-manaus\/","url":"https:\/\/www.manaus.am.gov.br\/semulsp\/prefeitura-entrega-tres-cemiterios-rurais-totalmente-revitalizados-para-a-populacao-de-manaus\/","name":"Prefeitura entrega tr\u00eas cemit\u00e9rios rurais totalmente revitalizados para a popula\u00e7\u00e3o de Manaus","isPartOf":{"@id":"https:\/\/www.manaus.am.gov.br\/semulsp\/#website"},"primaryImageOfPage":{"@id":"https:\/\/www.manaus.am.gov.br\/semulsp\/prefeitura-entrega-tres-cemiterios-rurais-totalmente-revitalizados-para-a-populacao-de-manaus\/#primaryimage"},"image":{"@id":"https:\/\/www.manaus.am.gov.br\/semulsp\/prefeitura-entrega-tres-cemiterios-rurais-totalmente-revitalizados-para-a-populacao-de-manaus\/#primaryimage"},"thumbnailUrl":"https:\/\/www.manaus.am.gov.br\/semulsp\/wp-content\/uploads\/sites\/23\/2023\/08\/53119998508_135bf6c272_c.jpg","datePublished":"2023-08-16T12:23:00+00:00","dateModified":"2023-08-16T12:23:03+00:00","description":"A Prefeitura de Manaus, por meio da Secretaria Municipal de Limpeza Urbana (Semulsp), reinaugurou, na manh\u00e3 desta ter\u00e7a-feira, 15\/8, tr\u00eas cemit\u00e9rios p\u00fablicos localizados na zona rural da capital. Todos os campos-santos foram revitalizados por meio de recursos de emendas parlamentares no valor total de R$ 1 milh\u00e3o.","breadcrumb":{"@id":"https:\/\/www.manaus.am.gov.br\/semulsp\/prefeitura-entrega-tres-cemiterios-rurais-totalmente-revitalizados-para-a-populacao-de-manaus\/#breadcrumb"},"inLanguage":"pt-BR","potentialAction":[{"@type":"ReadAction","target":["https:\/\/www.manaus.am.gov.br\/semulsp\/prefeitura-entrega-tres-cemiterios-rurais-totalmente-revitalizados-para-a-populacao-de-manaus\/"]}]},{"@type":"ImageObject","inLanguage":"pt-BR","@id":"https:\/\/www.manaus.am.gov.br\/semulsp\/prefeitura-entrega-tres-cemiterios-rurais-totalmente-revitalizados-para-a-populacao-de-manaus\/#primaryimage","url":"https:\/\/www.manaus.am.gov.br\/semulsp\/wp-content\/uploads\/sites\/23\/2023\/08\/53119998508_135bf6c272_c.jpg","contentUrl":"https:\/\/www.manaus.am.gov.br\/semulsp\/wp-content\/uploads\/sites\/23\/2023\/08\/53119998508_135bf6c272_c.jpg","width":800,"height":450},{"@type":"BreadcrumbList","@id":"https:\/\/www.manaus.am.gov.br\/semulsp\/prefeitura-entrega-tres-cemiterios-rurais-totalmente-revitalizados-para-a-populacao-de-manaus\/#breadcrumb","itemListElement":[{"@type":"ListItem","position":1,"name":"Home","item":"https:\/\/www.manaus.am.gov.br\/semulsp\/"},{"@type":"ListItem","position":2,"name":"Prefeitura entrega tr\u00eas cemit\u00e9rios rurais totalmente revitalizados para a popula\u00e7\u00e3o de Manaus"}]},{"@type":"WebSite","@id":"https:\/\/www.manaus.am.gov.br\/semulsp\/#website","url":"https:\/\/www.manaus.am.gov.br\/semulsp\/","name":"SEMULSP","description":"Prefeitura de Manaus","publisher":{"@id":"https:\/\/www.manaus.am.gov.br\/semulsp\/#organization"},"alternateName":"Secretaria Municipal de Limpeza P\u00fablica","potentialAction":[{"@type":"SearchAction","target":{"@type":"EntryPoint","urlTemplate":"https:\/\/www.manaus.am.gov.br\/semulsp\/?s={search_term_string}"},"query-input":"required name=search_term_string"}],"inLanguage":"pt-BR"},{"@type":"Organization","@id":"https:\/\/www.manaus.am.gov.br\/semulsp\/#organization","name":"SEMULSP","alternateName":"Secretaria Municipal de Limpeza P\u00fablica","url":"https:\/\/www.manaus.am.gov.br\/semulsp\/","logo":{"@type":"ImageObject","inLanguage":"pt-BR","@id":"https:\/\/www.manaus.am.gov.br\/semulsp\/#\/schema\/logo\/image\/","url":"https:\/\/www.manaus.am.gov.br\/semulsp\/wp-content\/uploads\/sites\/23\/2023\/05\/cropped-favicon.png","contentUrl":"https:\/\/www.manaus.am.gov.br\/semulsp\/wp-content\/uploads\/sites\/23\/2023\/05\/cropped-favicon.png","width":512,"height":512,"caption":"SEMULSP"},"image":{"@id":"https:\/\/www.manaus.am.gov.br\/semulsp\/#\/schema\/logo\/image\/"},"sameAs":["https:\/\/www.facebook.com\/semulspmanaus","https:\/\/www.instagram.com\/semulspmanaus\/"]},{"@type":"Person","@id":"https:\/\/www.manaus.am.gov.br\/semulsp\/#\/schema\/person\/05d223aea2bf115f9883a6ff3683d81b","name":"Bruna Greco","image":{"@type":"ImageObject","inLanguage":"pt-BR","@id":"https:\/\/www.manaus.am.gov.br\/semulsp\/#\/schema\/person\/image\/","url":"https:\/\/secure.gravatar.com\/avatar\/9c877d1a6adc2a055330e5c09a8653ce?s=96&d=mm&r=g","contentUrl":"https:\/\/secure.gravatar.com\/avatar\/9c877d1a6adc2a055330e5c09a8653ce?s=96&d=mm&r=g","caption":"Bruna Greco"}}]}},"_links":{"self":[{"href":"https:\/\/www.manaus.am.gov.br\/semulsp\/wp-json\/wp\/v2\/posts\/708"}],"collection":[{"href":"https:\/\/www.manaus.am.gov.br\/semulsp\/wp-json\/wp\/v2\/posts"}],"about":[{"href":"https:\/\/www.manaus.am.gov.br\/semulsp\/wp-json\/wp\/v2\/types\/post"}],"author":[{"embeddable":true,"href":"https:\/\/www.manaus.am.gov.br\/semulsp\/wp-json\/wp\/v2\/users\/39"}],"replies":[{"embeddable":true,"href":"https:\/\/www.manaus.am.gov.br\/semulsp\/wp-json\/wp\/v2\/comments?post=708"}],"version-history":[{"count":0,"href":"https:\/\/www.manaus.am.gov.br\/semulsp\/wp-json\/wp\/v2\/posts\/708\/revisions"}],"wp:featuredmedia":[{"embeddable":true,"href":"https:\/\/www.manaus.am.gov.br\/semulsp\/wp-json\/wp\/v2\/media\/709"}],"wp:attachment":[{"href":"https:\/\/www.manaus.am.gov.br\/semulsp\/wp-json\/wp\/v2\/media?parent=708"}],"wp:term":[{"taxonomy":"category","embeddable":true,"href":"https:\/\/www.manaus.am.gov.br\/semulsp\/wp-json\/wp\/v2\/categories?post=708"},{"taxonomy":"post_tag","embeddable":true,"href":"https:\/\/www.manaus.am.gov.br\/semulsp\/wp-json\/wp\/v2\/tags?post=708"}],"curies":[{"name":"wp","href":"https:\/\/api.w.org\/{rel}","templated":true}]}}