{"id":483,"date":"2023-05-06T14:39:41","date_gmt":"2023-05-06T18:39:41","guid":{"rendered":"https:\/\/www.manaus.am.gov.br\/semulsp\/prefeitura-de-manaus-intensifica-limpeza-do-igarape-do-franco-neste-sabado\/"},"modified":"2023-05-30T17:13:06","modified_gmt":"2023-05-30T21:13:06","slug":"prefeitura-de-manaus-intensifica-limpeza-do-igarape-do-franco-neste-sabado","status":"publish","type":"post","link":"https:\/\/www.manaus.am.gov.br\/semulsp\/prefeitura-de-manaus-intensifica-limpeza-do-igarape-do-franco-neste-sabado\/","title":{"rendered":"Prefeitura de Manaus intensifica limpeza do igarap\u00e9 do Franco neste s\u00e1bado"},"content":{"rendered":"\n<p>A Prefeitura de Manaus, por meio da Secretaria Municipal de Limpeza Urbana (Semulsp), deu continuidade, neste s\u00e1bado,&nbsp; 6\/5, \u00e0 limpeza do igarap\u00e9 do Franco, na zona Oeste da cidade. Mais de 30 homens foram mobilizados para realizar os servi\u00e7os de recolhimento de lixo, garrafas PET, mato, pl\u00e1stico, carca\u00e7as de geladeiras, peda\u00e7os de sof\u00e1, entre outros.<\/p>\n\n\n\n<p>A a\u00e7\u00e3o faz parte de uma s\u00e9rie de medidas adotadas pela Semulsp para melhorar as condi\u00e7\u00f5es ambientais da cidade. O igarap\u00e9 do Franco \u00e9 um importante curso de \u00e1gua que atravessa a zona Oeste da cidade e sua limpeza \u00e9 essencial para garantir a preserva\u00e7\u00e3o da fauna e da flora local, al\u00e9m de evitar poss\u00edveis alagamentos durante o per\u00edodo de chuvas.<\/p>\n\n\n\n<p>De acordo com a Semulsp, foram retiradas aproximadamente 10 toneladas de lixo do igarap\u00e9 do Franco durante a a\u00e7\u00e3o deste s\u00e1bado. O trabalho envolveu o uso de equipamentos de prote\u00e7\u00e3o individual (EPIs), como luvas e botas de borracha, al\u00e9m de caminh\u00f5es, botes e retroescavadeira.<\/p>\n\n\n\n<p>&nbsp;O secret\u00e1rio da pasta, Sab\u00e1 Reis, refor\u00e7a a import\u00e2ncia da colabora\u00e7\u00e3o da popula\u00e7\u00e3o para manter as \u00e1reas p\u00fablicas limpas e organizadas. \u201cA destina\u00e7\u00e3o adequada do lixo e a conscientiza\u00e7\u00e3o sobre os impactos ambientais s\u00e3o fundamentais para garantir a qualidade de vida dos moradores da cidade. A popula\u00e7\u00e3o precisa fazer a parte dela\u201d, disse.<\/p>\n\n\n\n<p>De acordo com o secret\u00e1rio, com a continuidade da limpeza no igarap\u00e9 do Franco, a Prefeitura de Manaus mostra seu compromisso com o meio ambiente e com a sa\u00fade p\u00fablica da popula\u00e7\u00e3o. \u201cA iniciativa \u00e9 mais um passo importante na luta pela preserva\u00e7\u00e3o dos recursos naturais e pela constru\u00e7\u00e3o de uma cidade mais sustent\u00e1vel\u201d, destacou.<\/p>\n\n\n\n<p>&#8212; &#8212; &#8212;<\/p>\n\n\n\n<p><strong>Texto<\/strong> \u2013 Alex Melo\/Semulsp<br><strong>Fotos<\/strong> \u2013 Divulga\u00e7\u00e3o\/Semulsp<\/p>\n","protected":false},"excerpt":{"rendered":"","protected":false},"author":23,"featured_media":484,"comment_status":"closed","ping_status":"closed","sticky":false,"template":"","format":"standard","meta":{"footnotes":""},"categories":[132],"tags":[113,10,19,133],"acf":[],"yoast_head":"<!-- This site is optimized with the Yoast SEO plugin v23.0 - https:\/\/yoast.com\/wordpress\/plugins\/seo\/ -->\n<title>Prefeitura de Manaus intensifica limpeza do igarap\u00e9 do Franco neste s\u00e1bado<\/title>\n<meta name=\"description\" content=\"A Prefeitura de Manaus, por meio da Secretaria Municipal de Limpeza Urbana (Semulsp), deu continuidade, neste s\u00e1bado, 6\/5, \u00e0 limpeza do igarap\u00e9 do Franco, na zona Oeste da cidade. Mais de 30 homens foram mobilizados para realizar os servi\u00e7os de recolhimento de lixo, garrafas PET, mato, pl\u00e1stico, carca\u00e7as de geladeiras, peda\u00e7os de sof\u00e1, entre outros.\" \/>\n<meta name=\"robots\" content=\"noindex, follow\" \/>\n<meta property=\"og:locale\" content=\"pt_BR\" \/>\n<meta property=\"og:type\" content=\"article\" \/>\n<meta property=\"og:title\" content=\"Prefeitura de Manaus intensifica limpeza do igarap\u00e9 do Franco neste s\u00e1bado\" \/>\n<meta property=\"og:description\" content=\"A Prefeitura de Manaus, por meio da Secretaria Municipal de Limpeza Urbana (Semulsp), deu continuidade, neste s\u00e1bado, 6\/5, \u00e0 limpeza do igarap\u00e9 do Franco, na zona Oeste da cidade. Mais de 30 homens foram mobilizados para realizar os servi\u00e7os de recolhimento de lixo, garrafas PET, mato, pl\u00e1stico, carca\u00e7as de geladeiras, peda\u00e7os de sof\u00e1, entre outros.\" \/>\n<meta property=\"og:url\" content=\"https:\/\/www.manaus.am.gov.br\/semulsp\/prefeitura-de-manaus-intensifica-limpeza-do-igarape-do-franco-neste-sabado\/\" \/>\n<meta property=\"og:site_name\" content=\"SEMULSP\" \/>\n<meta property=\"article:publisher\" content=\"https:\/\/www.facebook.com\/semulspmanaus\" \/>\n<meta property=\"article:published_time\" content=\"2023-05-06T18:39:41+00:00\" \/>\n<meta property=\"article:modified_time\" content=\"2023-05-30T21:13:06+00:00\" \/>\n<meta property=\"og:image\" content=\"https:\/\/www.manaus.am.gov.br\/semulsp\/wp-content\/uploads\/sites\/23\/2023\/05\/WhatsApp-Image-2023-05-06-at-13.59.16.jpeg\" \/>\n\t<meta property=\"og:image:width\" content=\"1600\" \/>\n\t<meta property=\"og:image:height\" content=\"1200\" \/>\n\t<meta property=\"og:image:type\" content=\"image\/jpeg\" \/>\n<meta name=\"author\" content=\"Adriana Costa\" \/>\n<meta name=\"twitter:card\" content=\"summary_large_image\" \/>\n<meta name=\"twitter:label1\" content=\"Written by\" \/>\n\t<meta name=\"twitter:data1\" content=\"Adriana Costa\" \/>\n\t<meta name=\"twitter:label2\" content=\"Est. reading time\" \/>\n\t<meta name=\"twitter:data2\" content=\"2 minutos\" \/>\n<script type=\"application\/ld+json\" class=\"yoast-schema-graph\">{\"@context\":\"https:\/\/schema.org\",\"@graph\":[{\"@type\":\"Article\",\"@id\":\"https:\/\/www.manaus.am.gov.br\/semulsp\/prefeitura-de-manaus-intensifica-limpeza-do-igarape-do-franco-neste-sabado\/#article\",\"isPartOf\":{\"@id\":\"https:\/\/www.manaus.am.gov.br\/semulsp\/prefeitura-de-manaus-intensifica-limpeza-do-igarape-do-franco-neste-sabado\/\"},\"author\":{\"name\":\"Adriana Costa\",\"@id\":\"https:\/\/www.manaus.am.gov.br\/semulsp\/#\/schema\/person\/4e49f4e267757a06ca072ec61b2b9968\"},\"headline\":\"Prefeitura de Manaus intensifica limpeza do igarap\u00e9 do Franco neste s\u00e1bado\",\"datePublished\":\"2023-05-06T18:39:41+00:00\",\"dateModified\":\"2023-05-30T21:13:06+00:00\",\"mainEntityOfPage\":{\"@id\":\"https:\/\/www.manaus.am.gov.br\/semulsp\/prefeitura-de-manaus-intensifica-limpeza-do-igarape-do-franco-neste-sabado\/\"},\"wordCount\":320,\"publisher\":{\"@id\":\"https:\/\/www.manaus.am.gov.br\/semulsp\/#organization\"},\"image\":{\"@id\":\"https:\/\/www.manaus.am.gov.br\/semulsp\/prefeitura-de-manaus-intensifica-limpeza-do-igarape-do-franco-neste-sabado\/#primaryimage\"},\"thumbnailUrl\":\"https:\/\/www.manaus.am.gov.br\/semulsp\/wp-content\/uploads\/sites\/23\/2023\/05\/WhatsApp-Image-2023-05-06-at-13.59.16.jpeg\",\"keywords\":[\"igarap\u00e9 do Franco\",\"prefeitura de manaus\",\"semulsp\",\"zona oeste\"],\"articleSection\":[\"Preserva\u00e7\u00e3o\"],\"inLanguage\":\"pt-BR\"},{\"@type\":\"WebPage\",\"@id\":\"https:\/\/www.manaus.am.gov.br\/semulsp\/prefeitura-de-manaus-intensifica-limpeza-do-igarape-do-franco-neste-sabado\/\",\"url\":\"https:\/\/www.manaus.am.gov.br\/semulsp\/prefeitura-de-manaus-intensifica-limpeza-do-igarape-do-franco-neste-sabado\/\",\"name\":\"Prefeitura de Manaus intensifica limpeza do igarap\u00e9 do Franco neste s\u00e1bado\",\"isPartOf\":{\"@id\":\"https:\/\/www.manaus.am.gov.br\/semulsp\/#website\"},\"primaryImageOfPage\":{\"@id\":\"https:\/\/www.manaus.am.gov.br\/semulsp\/prefeitura-de-manaus-intensifica-limpeza-do-igarape-do-franco-neste-sabado\/#primaryimage\"},\"image\":{\"@id\":\"https:\/\/www.manaus.am.gov.br\/semulsp\/prefeitura-de-manaus-intensifica-limpeza-do-igarape-do-franco-neste-sabado\/#primaryimage\"},\"thumbnailUrl\":\"https:\/\/www.manaus.am.gov.br\/semulsp\/wp-content\/uploads\/sites\/23\/2023\/05\/WhatsApp-Image-2023-05-06-at-13.59.16.jpeg\",\"datePublished\":\"2023-05-06T18:39:41+00:00\",\"dateModified\":\"2023-05-30T21:13:06+00:00\",\"description\":\"A Prefeitura de Manaus, por meio da Secretaria Municipal de Limpeza Urbana (Semulsp), deu continuidade, neste s\u00e1bado, 6\/5, \u00e0 limpeza do igarap\u00e9 do Franco, na zona Oeste da cidade. Mais de 30 homens foram mobilizados para realizar os servi\u00e7os de recolhimento de lixo, garrafas PET, mato, pl\u00e1stico, carca\u00e7as de geladeiras, peda\u00e7os de sof\u00e1, entre outros.\",\"breadcrumb\":{\"@id\":\"https:\/\/www.manaus.am.gov.br\/semulsp\/prefeitura-de-manaus-intensifica-limpeza-do-igarape-do-franco-neste-sabado\/#breadcrumb\"},\"inLanguage\":\"pt-BR\",\"potentialAction\":[{\"@type\":\"ReadAction\",\"target\":[\"https:\/\/www.manaus.am.gov.br\/semulsp\/prefeitura-de-manaus-intensifica-limpeza-do-igarape-do-franco-neste-sabado\/\"]}]},{\"@type\":\"ImageObject\",\"inLanguage\":\"pt-BR\",\"@id\":\"https:\/\/www.manaus.am.gov.br\/semulsp\/prefeitura-de-manaus-intensifica-limpeza-do-igarape-do-franco-neste-sabado\/#primaryimage\",\"url\":\"https:\/\/www.manaus.am.gov.br\/semulsp\/wp-content\/uploads\/sites\/23\/2023\/05\/WhatsApp-Image-2023-05-06-at-13.59.16.jpeg\",\"contentUrl\":\"https:\/\/www.manaus.am.gov.br\/semulsp\/wp-content\/uploads\/sites\/23\/2023\/05\/WhatsApp-Image-2023-05-06-at-13.59.16.jpeg\",\"width\":1600,\"height\":1200},{\"@type\":\"BreadcrumbList\",\"@id\":\"https:\/\/www.manaus.am.gov.br\/semulsp\/prefeitura-de-manaus-intensifica-limpeza-do-igarape-do-franco-neste-sabado\/#breadcrumb\",\"itemListElement\":[{\"@type\":\"ListItem\",\"position\":1,\"name\":\"Home\",\"item\":\"https:\/\/www.manaus.am.gov.br\/semulsp\/\"},{\"@type\":\"ListItem\",\"position\":2,\"name\":\"Prefeitura de Manaus intensifica limpeza do igarap\u00e9 do Franco neste s\u00e1bado\"}]},{\"@type\":\"WebSite\",\"@id\":\"https:\/\/www.manaus.am.gov.br\/semulsp\/#website\",\"url\":\"https:\/\/www.manaus.am.gov.br\/semulsp\/\",\"name\":\"SEMULSP\",\"description\":\"Prefeitura de Manaus\",\"publisher\":{\"@id\":\"https:\/\/www.manaus.am.gov.br\/semulsp\/#organization\"},\"alternateName\":\"Secretaria Municipal de Limpeza P\u00fablica\",\"potentialAction\":[{\"@type\":\"SearchAction\",\"target\":{\"@type\":\"EntryPoint\",\"urlTemplate\":\"https:\/\/www.manaus.am.gov.br\/semulsp\/?s={search_term_string}\"},\"query-input\":\"required name=search_term_string\"}],\"inLanguage\":\"pt-BR\"},{\"@type\":\"Organization\",\"@id\":\"https:\/\/www.manaus.am.gov.br\/semulsp\/#organization\",\"name\":\"SEMULSP\",\"alternateName\":\"Secretaria Municipal de Limpeza P\u00fablica\",\"url\":\"https:\/\/www.manaus.am.gov.br\/semulsp\/\",\"logo\":{\"@type\":\"ImageObject\",\"inLanguage\":\"pt-BR\",\"@id\":\"https:\/\/www.manaus.am.gov.br\/semulsp\/#\/schema\/logo\/image\/\",\"url\":\"https:\/\/www.manaus.am.gov.br\/semulsp\/wp-content\/uploads\/sites\/23\/2023\/05\/cropped-favicon.png\",\"contentUrl\":\"https:\/\/www.manaus.am.gov.br\/semulsp\/wp-content\/uploads\/sites\/23\/2023\/05\/cropped-favicon.png\",\"width\":512,\"height\":512,\"caption\":\"SEMULSP\"},\"image\":{\"@id\":\"https:\/\/www.manaus.am.gov.br\/semulsp\/#\/schema\/logo\/image\/\"},\"sameAs\":[\"https:\/\/www.facebook.com\/semulspmanaus\",\"https:\/\/www.instagram.com\/semulspmanaus\/\"]},{\"@type\":\"Person\",\"@id\":\"https:\/\/www.manaus.am.gov.br\/semulsp\/#\/schema\/person\/4e49f4e267757a06ca072ec61b2b9968\",\"name\":\"Adriana Costa\",\"image\":{\"@type\":\"ImageObject\",\"inLanguage\":\"pt-BR\",\"@id\":\"https:\/\/www.manaus.am.gov.br\/semulsp\/#\/schema\/person\/image\/\",\"url\":\"https:\/\/secure.gravatar.com\/avatar\/576258617ef7194f718179e766d57bd4?s=96&d=mm&r=g\",\"contentUrl\":\"https:\/\/secure.gravatar.com\/avatar\/576258617ef7194f718179e766d57bd4?s=96&d=mm&r=g\",\"caption\":\"Adriana Costa\"}}]}<\/script>\n<!-- \/ Yoast SEO plugin. -->","yoast_head_json":{"title":"Prefeitura de Manaus intensifica limpeza do igarap\u00e9 do Franco neste s\u00e1bado","description":"A Prefeitura de Manaus, por meio da Secretaria Municipal de Limpeza Urbana (Semulsp), deu continuidade, neste s\u00e1bado, 6\/5, \u00e0 limpeza do igarap\u00e9 do Franco, na zona Oeste da cidade. Mais de 30 homens foram mobilizados para realizar os servi\u00e7os de recolhimento de lixo, garrafas PET, mato, pl\u00e1stico, carca\u00e7as de geladeiras, peda\u00e7os de sof\u00e1, entre outros.","robots":{"index":"noindex","follow":"follow"},"og_locale":"pt_BR","og_type":"article","og_title":"Prefeitura de Manaus intensifica limpeza do igarap\u00e9 do Franco neste s\u00e1bado","og_description":"A Prefeitura de Manaus, por meio da Secretaria Municipal de Limpeza Urbana (Semulsp), deu continuidade, neste s\u00e1bado, 6\/5, \u00e0 limpeza do igarap\u00e9 do Franco, na zona Oeste da cidade. Mais de 30 homens foram mobilizados para realizar os servi\u00e7os de recolhimento de lixo, garrafas PET, mato, pl\u00e1stico, carca\u00e7as de geladeiras, peda\u00e7os de sof\u00e1, entre outros.","og_url":"https:\/\/www.manaus.am.gov.br\/semulsp\/prefeitura-de-manaus-intensifica-limpeza-do-igarape-do-franco-neste-sabado\/","og_site_name":"SEMULSP","article_publisher":"https:\/\/www.facebook.com\/semulspmanaus","article_published_time":"2023-05-06T18:39:41+00:00","article_modified_time":"2023-05-30T21:13:06+00:00","og_image":[{"width":1600,"height":1200,"url":"https:\/\/www.manaus.am.gov.br\/semulsp\/wp-content\/uploads\/sites\/23\/2023\/05\/WhatsApp-Image-2023-05-06-at-13.59.16.jpeg","type":"image\/jpeg"}],"author":"Adriana Costa","twitter_card":"summary_large_image","twitter_misc":{"Written by":"Adriana Costa","Est. reading time":"2 minutos"},"schema":{"@context":"https:\/\/schema.org","@graph":[{"@type":"Article","@id":"https:\/\/www.manaus.am.gov.br\/semulsp\/prefeitura-de-manaus-intensifica-limpeza-do-igarape-do-franco-neste-sabado\/#article","isPartOf":{"@id":"https:\/\/www.manaus.am.gov.br\/semulsp\/prefeitura-de-manaus-intensifica-limpeza-do-igarape-do-franco-neste-sabado\/"},"author":{"name":"Adriana Costa","@id":"https:\/\/www.manaus.am.gov.br\/semulsp\/#\/schema\/person\/4e49f4e267757a06ca072ec61b2b9968"},"headline":"Prefeitura de Manaus intensifica limpeza do igarap\u00e9 do Franco neste s\u00e1bado","datePublished":"2023-05-06T18:39:41+00:00","dateModified":"2023-05-30T21:13:06+00:00","mainEntityOfPage":{"@id":"https:\/\/www.manaus.am.gov.br\/semulsp\/prefeitura-de-manaus-intensifica-limpeza-do-igarape-do-franco-neste-sabado\/"},"wordCount":320,"publisher":{"@id":"https:\/\/www.manaus.am.gov.br\/semulsp\/#organization"},"image":{"@id":"https:\/\/www.manaus.am.gov.br\/semulsp\/prefeitura-de-manaus-intensifica-limpeza-do-igarape-do-franco-neste-sabado\/#primaryimage"},"thumbnailUrl":"https:\/\/www.manaus.am.gov.br\/semulsp\/wp-content\/uploads\/sites\/23\/2023\/05\/WhatsApp-Image-2023-05-06-at-13.59.16.jpeg","keywords":["igarap\u00e9 do Franco","prefeitura de manaus","semulsp","zona oeste"],"articleSection":["Preserva\u00e7\u00e3o"],"inLanguage":"pt-BR"},{"@type":"WebPage","@id":"https:\/\/www.manaus.am.gov.br\/semulsp\/prefeitura-de-manaus-intensifica-limpeza-do-igarape-do-franco-neste-sabado\/","url":"https:\/\/www.manaus.am.gov.br\/semulsp\/prefeitura-de-manaus-intensifica-limpeza-do-igarape-do-franco-neste-sabado\/","name":"Prefeitura de Manaus intensifica limpeza do igarap\u00e9 do Franco neste s\u00e1bado","isPartOf":{"@id":"https:\/\/www.manaus.am.gov.br\/semulsp\/#website"},"primaryImageOfPage":{"@id":"https:\/\/www.manaus.am.gov.br\/semulsp\/prefeitura-de-manaus-intensifica-limpeza-do-igarape-do-franco-neste-sabado\/#primaryimage"},"image":{"@id":"https:\/\/www.manaus.am.gov.br\/semulsp\/prefeitura-de-manaus-intensifica-limpeza-do-igarape-do-franco-neste-sabado\/#primaryimage"},"thumbnailUrl":"https:\/\/www.manaus.am.gov.br\/semulsp\/wp-content\/uploads\/sites\/23\/2023\/05\/WhatsApp-Image-2023-05-06-at-13.59.16.jpeg","datePublished":"2023-05-06T18:39:41+00:00","dateModified":"2023-05-30T21:13:06+00:00","description":"A Prefeitura de Manaus, por meio da Secretaria Municipal de Limpeza Urbana (Semulsp), deu continuidade, neste s\u00e1bado, 6\/5, \u00e0 limpeza do igarap\u00e9 do Franco, na zona Oeste da cidade. Mais de 30 homens foram mobilizados para realizar os servi\u00e7os de recolhimento de lixo, garrafas PET, mato, pl\u00e1stico, carca\u00e7as de geladeiras, peda\u00e7os de sof\u00e1, entre outros.","breadcrumb":{"@id":"https:\/\/www.manaus.am.gov.br\/semulsp\/prefeitura-de-manaus-intensifica-limpeza-do-igarape-do-franco-neste-sabado\/#breadcrumb"},"inLanguage":"pt-BR","potentialAction":[{"@type":"ReadAction","target":["https:\/\/www.manaus.am.gov.br\/semulsp\/prefeitura-de-manaus-intensifica-limpeza-do-igarape-do-franco-neste-sabado\/"]}]},{"@type":"ImageObject","inLanguage":"pt-BR","@id":"https:\/\/www.manaus.am.gov.br\/semulsp\/prefeitura-de-manaus-intensifica-limpeza-do-igarape-do-franco-neste-sabado\/#primaryimage","url":"https:\/\/www.manaus.am.gov.br\/semulsp\/wp-content\/uploads\/sites\/23\/2023\/05\/WhatsApp-Image-2023-05-06-at-13.59.16.jpeg","contentUrl":"https:\/\/www.manaus.am.gov.br\/semulsp\/wp-content\/uploads\/sites\/23\/2023\/05\/WhatsApp-Image-2023-05-06-at-13.59.16.jpeg","width":1600,"height":1200},{"@type":"BreadcrumbList","@id":"https:\/\/www.manaus.am.gov.br\/semulsp\/prefeitura-de-manaus-intensifica-limpeza-do-igarape-do-franco-neste-sabado\/#breadcrumb","itemListElement":[{"@type":"ListItem","position":1,"name":"Home","item":"https:\/\/www.manaus.am.gov.br\/semulsp\/"},{"@type":"ListItem","position":2,"name":"Prefeitura de Manaus intensifica limpeza do igarap\u00e9 do Franco neste s\u00e1bado"}]},{"@type":"WebSite","@id":"https:\/\/www.manaus.am.gov.br\/semulsp\/#website","url":"https:\/\/www.manaus.am.gov.br\/semulsp\/","name":"SEMULSP","description":"Prefeitura de Manaus","publisher":{"@id":"https:\/\/www.manaus.am.gov.br\/semulsp\/#organization"},"alternateName":"Secretaria Municipal de Limpeza P\u00fablica","potentialAction":[{"@type":"SearchAction","target":{"@type":"EntryPoint","urlTemplate":"https:\/\/www.manaus.am.gov.br\/semulsp\/?s={search_term_string}"},"query-input":"required name=search_term_string"}],"inLanguage":"pt-BR"},{"@type":"Organization","@id":"https:\/\/www.manaus.am.gov.br\/semulsp\/#organization","name":"SEMULSP","alternateName":"Secretaria Municipal de Limpeza P\u00fablica","url":"https:\/\/www.manaus.am.gov.br\/semulsp\/","logo":{"@type":"ImageObject","inLanguage":"pt-BR","@id":"https:\/\/www.manaus.am.gov.br\/semulsp\/#\/schema\/logo\/image\/","url":"https:\/\/www.manaus.am.gov.br\/semulsp\/wp-content\/uploads\/sites\/23\/2023\/05\/cropped-favicon.png","contentUrl":"https:\/\/www.manaus.am.gov.br\/semulsp\/wp-content\/uploads\/sites\/23\/2023\/05\/cropped-favicon.png","width":512,"height":512,"caption":"SEMULSP"},"image":{"@id":"https:\/\/www.manaus.am.gov.br\/semulsp\/#\/schema\/logo\/image\/"},"sameAs":["https:\/\/www.facebook.com\/semulspmanaus","https:\/\/www.instagram.com\/semulspmanaus\/"]},{"@type":"Person","@id":"https:\/\/www.manaus.am.gov.br\/semulsp\/#\/schema\/person\/4e49f4e267757a06ca072ec61b2b9968","name":"Adriana Costa","image":{"@type":"ImageObject","inLanguage":"pt-BR","@id":"https:\/\/www.manaus.am.gov.br\/semulsp\/#\/schema\/person\/image\/","url":"https:\/\/secure.gravatar.com\/avatar\/576258617ef7194f718179e766d57bd4?s=96&d=mm&r=g","contentUrl":"https:\/\/secure.gravatar.com\/avatar\/576258617ef7194f718179e766d57bd4?s=96&d=mm&r=g","caption":"Adriana Costa"}}]}},"_links":{"self":[{"href":"https:\/\/www.manaus.am.gov.br\/semulsp\/wp-json\/wp\/v2\/posts\/483"}],"collection":[{"href":"https:\/\/www.manaus.am.gov.br\/semulsp\/wp-json\/wp\/v2\/posts"}],"about":[{"href":"https:\/\/www.manaus.am.gov.br\/semulsp\/wp-json\/wp\/v2\/types\/post"}],"author":[{"embeddable":true,"href":"https:\/\/www.manaus.am.gov.br\/semulsp\/wp-json\/wp\/v2\/users\/23"}],"replies":[{"embeddable":true,"href":"https:\/\/www.manaus.am.gov.br\/semulsp\/wp-json\/wp\/v2\/comments?post=483"}],"version-history":[{"count":0,"href":"https:\/\/www.manaus.am.gov.br\/semulsp\/wp-json\/wp\/v2\/posts\/483\/revisions"}],"wp:featuredmedia":[{"embeddable":true,"href":"https:\/\/www.manaus.am.gov.br\/semulsp\/wp-json\/wp\/v2\/media\/484"}],"wp:attachment":[{"href":"https:\/\/www.manaus.am.gov.br\/semulsp\/wp-json\/wp\/v2\/media?parent=483"}],"wp:term":[{"taxonomy":"category","embeddable":true,"href":"https:\/\/www.manaus.am.gov.br\/semulsp\/wp-json\/wp\/v2\/categories?post=483"},{"taxonomy":"post_tag","embeddable":true,"href":"https:\/\/www.manaus.am.gov.br\/semulsp\/wp-json\/wp\/v2\/tags?post=483"}],"curies":[{"name":"wp","href":"https:\/\/api.w.org\/{rel}","templated":true}]}}