{"id":440,"date":"2021-12-30T21:25:09","date_gmt":"2021-12-31T01:25:09","guid":{"rendered":"https:\/\/www.manaus.am.gov.br\/semulsp\/prefeitura-inaugura-praca-na-sede-da-semulsp\/"},"modified":"2023-05-30T16:51:04","modified_gmt":"2023-05-30T20:51:04","slug":"prefeitura-inaugura-praca-na-sede-da-semulsp","status":"publish","type":"post","link":"https:\/\/www.manaus.am.gov.br\/semulsp\/prefeitura-inaugura-praca-na-sede-da-semulsp\/","title":{"rendered":"Prefeitura inaugura pra\u00e7a na sede da Semulsp"},"content":{"rendered":"\n<p><span style=\"font-family: verdana, geneva, sans-serif;\">A <a href=\"https:\/\/www.manaus.am.gov.br\/\">Prefeitura de Manaus<\/a>, por meio da Secretaria Municipal de Limpeza Urbana (Semulsp), inaugurou, nesta quinta-feira, 30\/12, a pra\u00e7a Emiliana Castro Mendes, na sede do \u00f3rg\u00e3o, no bairro Compensa, zona Oeste. O espa\u00e7o recebeu servi\u00e7os de lavagem, pintura em mosaico, jardinagem e implanta\u00e7\u00e3o de novos bancos.<\/span><\/p>\n\n\n<div class=\"wp-block-image\">\n<figure class=\"aligncenter\"><a href=\"https:\/\/www.flickr.com\/photos\/prefeiturademanaus\/albums\/72177720295612871\"><img decoding=\"async\" src=\"https:\/\/live.staticflickr.com\/65535\/51788074901_48fd13b6c2_z.jpg\" alt=\"30.12.21 - Inaugura\u00e7\u00e3o da pra\u00e7a Emiliana Castro Mendes\"\/><\/a><\/figure><\/div>\n\n\n<p><span style=\"font-family: verdana, geneva, sans-serif;\">O nome da pra\u00e7a homenageia a m\u00e3e do coordenador de Paisagismo da Semulsp, Edinho Mendes, que trabalha h\u00e1 16 anos com os servi\u00e7os de jardinagem. Para o secret\u00e1rio da Semulsp, Sab\u00e1 Reis, \u00e9 muito importante honrar aqueles que atuam e que est\u00e3o diariamente transformando a cidade.<\/span><\/p>\n\n\n\n<p><span style=\"font-family: verdana, geneva, sans-serif;\">\u201cA Semulsp tem cuidado das pra\u00e7as da cidade, mas tamb\u00e9m est\u00e1 voltada para ela, e aqui temos alguns espa\u00e7os, entre eles um jardim, lugares que devem ser mostrados\u201d, ressaltou Reis, que participou da&nbsp; inaugura\u00e7\u00e3o.<\/span><\/p>\n\n\n\n<p><span style=\"font-family: verdana, geneva, sans-serif;\">Edinho Mendes disse estar honrado com o reconhecimento do seu trabalho pela nova gest\u00e3o municipal. \u201cEsta \u00e9 uma marca registrada que o prefeito David Almeida e o secret\u00e1rio Sab\u00e1 Reis deixam para a minha m\u00e3e. As pessoas v\u00e3o lembrar n\u00e3o s\u00f3 dela, mas de mim, pelo trabalho realizado na prefeitura\u201d, destacou.<\/span><\/p>\n\n\n\n<p><span style=\"font-family: verdana, geneva, sans-serif;\">Al\u00e9m da pra\u00e7a, em que os servidores da Semulsp podem descansar, no local est\u00e1 sendo finalizada a constru\u00e7\u00e3o de um campo de futebol, batizado de Domingos Santana, uma homenagem a um gari que morreu enquanto exercia seu trabalho.<\/span><\/p>\n\n\n\n<p><span style=\"font-family: verdana, geneva, sans-serif;\">&#8212; &#8212; &#8212;<\/span><\/p>\n\n\n\n<p><span style=\"font-family: verdana, geneva, sans-serif;\"><strong>Texto<\/strong> \u2013 Divulga\u00e7\u00e3o \/ Semulsp<\/span><br><span style=\"font-family: verdana, geneva, sans-serif;\"><strong>Fotos<\/strong> \u2013 Altemar Alc\u00e2ntara \/ Semcom<\/span><br><span style=\"font-family: verdana, geneva, sans-serif;\"><strong>Dispon\u00edveis em<\/strong> &#8211; <a href=\"https:\/\/flic.kr\/s\/aHBqjzwR2H\">https:\/\/flic.kr\/s\/aHBqjzwR2H<\/a><\/span><\/p>\n","protected":false},"excerpt":{"rendered":"","protected":false},"author":8,"featured_media":0,"comment_status":"closed","ping_status":"closed","sticky":false,"template":"","format":"standard","meta":{"footnotes":""},"categories":[68],"tags":[87,19],"acf":[],"yoast_head":"<!-- This site is optimized with the Yoast SEO plugin v23.0 - https:\/\/yoast.com\/wordpress\/plugins\/seo\/ -->\n<title>Prefeitura inaugura pra\u00e7a na sede da Semulsp<\/title>\n<meta name=\"description\" content=\"Prefeitura inaugura pra\u00e7a na sede da Semulsp, no bairro Compensa, zona Oeste, com pintura em mosaico, jardinagem e implanta\u00e7\u00e3o de novos bancos...\" \/>\n<meta name=\"robots\" content=\"noindex, follow\" \/>\n<meta property=\"og:locale\" content=\"pt_BR\" \/>\n<meta property=\"og:type\" content=\"article\" \/>\n<meta property=\"og:title\" content=\"Prefeitura inaugura pra\u00e7a na sede da Semulsp\" \/>\n<meta property=\"og:description\" content=\"Prefeitura inaugura pra\u00e7a na sede da Semulsp, no bairro Compensa, zona Oeste, com pintura em mosaico, jardinagem e implanta\u00e7\u00e3o de novos bancos...\" \/>\n<meta property=\"og:url\" content=\"https:\/\/www.manaus.am.gov.br\/semulsp\/prefeitura-inaugura-praca-na-sede-da-semulsp\/\" \/>\n<meta property=\"og:site_name\" content=\"SEMULSP\" \/>\n<meta property=\"article:publisher\" content=\"https:\/\/www.facebook.com\/semulspmanaus\" \/>\n<meta property=\"article:published_time\" content=\"2021-12-31T01:25:09+00:00\" \/>\n<meta property=\"article:modified_time\" content=\"2023-05-30T20:51:04+00:00\" \/>\n<meta property=\"og:image\" content=\"https:\/\/live.staticflickr.com\/65535\/51788074901_48fd13b6c2_z.jpg\" \/>\n<meta name=\"author\" content=\"Glauber Farias\" \/>\n<meta name=\"twitter:card\" content=\"summary_large_image\" \/>\n<meta name=\"twitter:label1\" content=\"Written by\" \/>\n\t<meta name=\"twitter:data1\" content=\"Glauber Farias\" \/>\n\t<meta name=\"twitter:label2\" content=\"Est. reading time\" \/>\n\t<meta name=\"twitter:data2\" content=\"2 minutos\" \/>\n<script type=\"application\/ld+json\" class=\"yoast-schema-graph\">{\"@context\":\"https:\/\/schema.org\",\"@graph\":[{\"@type\":\"Article\",\"@id\":\"https:\/\/www.manaus.am.gov.br\/semulsp\/prefeitura-inaugura-praca-na-sede-da-semulsp\/#article\",\"isPartOf\":{\"@id\":\"https:\/\/www.manaus.am.gov.br\/semulsp\/prefeitura-inaugura-praca-na-sede-da-semulsp\/\"},\"author\":{\"name\":\"Glauber Farias\",\"@id\":\"https:\/\/www.manaus.am.gov.br\/semulsp\/#\/schema\/person\/fe69d2249d78e7a3112d42bc34c44a58\"},\"headline\":\"Prefeitura inaugura pra\u00e7a na sede da Semulsp\",\"datePublished\":\"2021-12-31T01:25:09+00:00\",\"dateModified\":\"2023-05-30T20:51:04+00:00\",\"mainEntityOfPage\":{\"@id\":\"https:\/\/www.manaus.am.gov.br\/semulsp\/prefeitura-inaugura-praca-na-sede-da-semulsp\/\"},\"wordCount\":264,\"publisher\":{\"@id\":\"https:\/\/www.manaus.am.gov.br\/semulsp\/#organization\"},\"image\":{\"@id\":\"https:\/\/www.manaus.am.gov.br\/semulsp\/prefeitura-inaugura-praca-na-sede-da-semulsp\/#primaryimage\"},\"thumbnailUrl\":\"https:\/\/live.staticflickr.com\/65535\/51788074901_48fd13b6c2_z.jpg\",\"keywords\":[\"Pra\u00e7a Emiliana Castro Mendes\",\"semulsp\"],\"articleSection\":[\"Homenagem\"],\"inLanguage\":\"pt-BR\"},{\"@type\":\"WebPage\",\"@id\":\"https:\/\/www.manaus.am.gov.br\/semulsp\/prefeitura-inaugura-praca-na-sede-da-semulsp\/\",\"url\":\"https:\/\/www.manaus.am.gov.br\/semulsp\/prefeitura-inaugura-praca-na-sede-da-semulsp\/\",\"name\":\"Prefeitura inaugura pra\u00e7a na sede da Semulsp\",\"isPartOf\":{\"@id\":\"https:\/\/www.manaus.am.gov.br\/semulsp\/#website\"},\"primaryImageOfPage\":{\"@id\":\"https:\/\/www.manaus.am.gov.br\/semulsp\/prefeitura-inaugura-praca-na-sede-da-semulsp\/#primaryimage\"},\"image\":{\"@id\":\"https:\/\/www.manaus.am.gov.br\/semulsp\/prefeitura-inaugura-praca-na-sede-da-semulsp\/#primaryimage\"},\"thumbnailUrl\":\"https:\/\/live.staticflickr.com\/65535\/51788074901_48fd13b6c2_z.jpg\",\"datePublished\":\"2021-12-31T01:25:09+00:00\",\"dateModified\":\"2023-05-30T20:51:04+00:00\",\"description\":\"Prefeitura inaugura pra\u00e7a na sede da Semulsp, no bairro Compensa, zona Oeste, com pintura em mosaico, jardinagem e implanta\u00e7\u00e3o de novos bancos...\",\"breadcrumb\":{\"@id\":\"https:\/\/www.manaus.am.gov.br\/semulsp\/prefeitura-inaugura-praca-na-sede-da-semulsp\/#breadcrumb\"},\"inLanguage\":\"pt-BR\",\"potentialAction\":[{\"@type\":\"ReadAction\",\"target\":[\"https:\/\/www.manaus.am.gov.br\/semulsp\/prefeitura-inaugura-praca-na-sede-da-semulsp\/\"]}]},{\"@type\":\"ImageObject\",\"inLanguage\":\"pt-BR\",\"@id\":\"https:\/\/www.manaus.am.gov.br\/semulsp\/prefeitura-inaugura-praca-na-sede-da-semulsp\/#primaryimage\",\"url\":\"https:\/\/live.staticflickr.com\/65535\/51788074901_48fd13b6c2_z.jpg\",\"contentUrl\":\"https:\/\/live.staticflickr.com\/65535\/51788074901_48fd13b6c2_z.jpg\"},{\"@type\":\"BreadcrumbList\",\"@id\":\"https:\/\/www.manaus.am.gov.br\/semulsp\/prefeitura-inaugura-praca-na-sede-da-semulsp\/#breadcrumb\",\"itemListElement\":[{\"@type\":\"ListItem\",\"position\":1,\"name\":\"Home\",\"item\":\"https:\/\/www.manaus.am.gov.br\/semulsp\/\"},{\"@type\":\"ListItem\",\"position\":2,\"name\":\"Prefeitura inaugura pra\u00e7a na sede da Semulsp\"}]},{\"@type\":\"WebSite\",\"@id\":\"https:\/\/www.manaus.am.gov.br\/semulsp\/#website\",\"url\":\"https:\/\/www.manaus.am.gov.br\/semulsp\/\",\"name\":\"SEMULSP\",\"description\":\"Prefeitura de Manaus\",\"publisher\":{\"@id\":\"https:\/\/www.manaus.am.gov.br\/semulsp\/#organization\"},\"alternateName\":\"Secretaria Municipal de Limpeza P\u00fablica\",\"potentialAction\":[{\"@type\":\"SearchAction\",\"target\":{\"@type\":\"EntryPoint\",\"urlTemplate\":\"https:\/\/www.manaus.am.gov.br\/semulsp\/?s={search_term_string}\"},\"query-input\":\"required name=search_term_string\"}],\"inLanguage\":\"pt-BR\"},{\"@type\":\"Organization\",\"@id\":\"https:\/\/www.manaus.am.gov.br\/semulsp\/#organization\",\"name\":\"SEMULSP\",\"alternateName\":\"Secretaria Municipal de Limpeza P\u00fablica\",\"url\":\"https:\/\/www.manaus.am.gov.br\/semulsp\/\",\"logo\":{\"@type\":\"ImageObject\",\"inLanguage\":\"pt-BR\",\"@id\":\"https:\/\/www.manaus.am.gov.br\/semulsp\/#\/schema\/logo\/image\/\",\"url\":\"https:\/\/www.manaus.am.gov.br\/semulsp\/wp-content\/uploads\/sites\/23\/2023\/05\/cropped-favicon.png\",\"contentUrl\":\"https:\/\/www.manaus.am.gov.br\/semulsp\/wp-content\/uploads\/sites\/23\/2023\/05\/cropped-favicon.png\",\"width\":512,\"height\":512,\"caption\":\"SEMULSP\"},\"image\":{\"@id\":\"https:\/\/www.manaus.am.gov.br\/semulsp\/#\/schema\/logo\/image\/\"},\"sameAs\":[\"https:\/\/www.facebook.com\/semulspmanaus\",\"https:\/\/www.instagram.com\/semulspmanaus\/\"]},{\"@type\":\"Person\",\"@id\":\"https:\/\/www.manaus.am.gov.br\/semulsp\/#\/schema\/person\/fe69d2249d78e7a3112d42bc34c44a58\",\"name\":\"Glauber Farias\",\"image\":{\"@type\":\"ImageObject\",\"inLanguage\":\"pt-BR\",\"@id\":\"https:\/\/www.manaus.am.gov.br\/semulsp\/#\/schema\/person\/image\/\",\"url\":\"https:\/\/secure.gravatar.com\/avatar\/eb33200ffd19538372f635b2165531c0?s=96&d=mm&r=g\",\"contentUrl\":\"https:\/\/secure.gravatar.com\/avatar\/eb33200ffd19538372f635b2165531c0?s=96&d=mm&r=g\",\"caption\":\"Glauber Farias\"}}]}<\/script>\n<!-- \/ Yoast SEO plugin. -->","yoast_head_json":{"title":"Prefeitura inaugura pra\u00e7a na sede da Semulsp","description":"Prefeitura inaugura pra\u00e7a na sede da Semulsp, no bairro Compensa, zona Oeste, com pintura em mosaico, jardinagem e implanta\u00e7\u00e3o de novos bancos...","robots":{"index":"noindex","follow":"follow"},"og_locale":"pt_BR","og_type":"article","og_title":"Prefeitura inaugura pra\u00e7a na sede da Semulsp","og_description":"Prefeitura inaugura pra\u00e7a na sede da Semulsp, no bairro Compensa, zona Oeste, com pintura em mosaico, jardinagem e implanta\u00e7\u00e3o de novos bancos...","og_url":"https:\/\/www.manaus.am.gov.br\/semulsp\/prefeitura-inaugura-praca-na-sede-da-semulsp\/","og_site_name":"SEMULSP","article_publisher":"https:\/\/www.facebook.com\/semulspmanaus","article_published_time":"2021-12-31T01:25:09+00:00","article_modified_time":"2023-05-30T20:51:04+00:00","og_image":[{"url":"https:\/\/live.staticflickr.com\/65535\/51788074901_48fd13b6c2_z.jpg"}],"author":"Glauber Farias","twitter_card":"summary_large_image","twitter_misc":{"Written by":"Glauber Farias","Est. reading time":"2 minutos"},"schema":{"@context":"https:\/\/schema.org","@graph":[{"@type":"Article","@id":"https:\/\/www.manaus.am.gov.br\/semulsp\/prefeitura-inaugura-praca-na-sede-da-semulsp\/#article","isPartOf":{"@id":"https:\/\/www.manaus.am.gov.br\/semulsp\/prefeitura-inaugura-praca-na-sede-da-semulsp\/"},"author":{"name":"Glauber Farias","@id":"https:\/\/www.manaus.am.gov.br\/semulsp\/#\/schema\/person\/fe69d2249d78e7a3112d42bc34c44a58"},"headline":"Prefeitura inaugura pra\u00e7a na sede da Semulsp","datePublished":"2021-12-31T01:25:09+00:00","dateModified":"2023-05-30T20:51:04+00:00","mainEntityOfPage":{"@id":"https:\/\/www.manaus.am.gov.br\/semulsp\/prefeitura-inaugura-praca-na-sede-da-semulsp\/"},"wordCount":264,"publisher":{"@id":"https:\/\/www.manaus.am.gov.br\/semulsp\/#organization"},"image":{"@id":"https:\/\/www.manaus.am.gov.br\/semulsp\/prefeitura-inaugura-praca-na-sede-da-semulsp\/#primaryimage"},"thumbnailUrl":"https:\/\/live.staticflickr.com\/65535\/51788074901_48fd13b6c2_z.jpg","keywords":["Pra\u00e7a Emiliana Castro Mendes","semulsp"],"articleSection":["Homenagem"],"inLanguage":"pt-BR"},{"@type":"WebPage","@id":"https:\/\/www.manaus.am.gov.br\/semulsp\/prefeitura-inaugura-praca-na-sede-da-semulsp\/","url":"https:\/\/www.manaus.am.gov.br\/semulsp\/prefeitura-inaugura-praca-na-sede-da-semulsp\/","name":"Prefeitura inaugura pra\u00e7a na sede da Semulsp","isPartOf":{"@id":"https:\/\/www.manaus.am.gov.br\/semulsp\/#website"},"primaryImageOfPage":{"@id":"https:\/\/www.manaus.am.gov.br\/semulsp\/prefeitura-inaugura-praca-na-sede-da-semulsp\/#primaryimage"},"image":{"@id":"https:\/\/www.manaus.am.gov.br\/semulsp\/prefeitura-inaugura-praca-na-sede-da-semulsp\/#primaryimage"},"thumbnailUrl":"https:\/\/live.staticflickr.com\/65535\/51788074901_48fd13b6c2_z.jpg","datePublished":"2021-12-31T01:25:09+00:00","dateModified":"2023-05-30T20:51:04+00:00","description":"Prefeitura inaugura pra\u00e7a na sede da Semulsp, no bairro Compensa, zona Oeste, com pintura em mosaico, jardinagem e implanta\u00e7\u00e3o de novos bancos...","breadcrumb":{"@id":"https:\/\/www.manaus.am.gov.br\/semulsp\/prefeitura-inaugura-praca-na-sede-da-semulsp\/#breadcrumb"},"inLanguage":"pt-BR","potentialAction":[{"@type":"ReadAction","target":["https:\/\/www.manaus.am.gov.br\/semulsp\/prefeitura-inaugura-praca-na-sede-da-semulsp\/"]}]},{"@type":"ImageObject","inLanguage":"pt-BR","@id":"https:\/\/www.manaus.am.gov.br\/semulsp\/prefeitura-inaugura-praca-na-sede-da-semulsp\/#primaryimage","url":"https:\/\/live.staticflickr.com\/65535\/51788074901_48fd13b6c2_z.jpg","contentUrl":"https:\/\/live.staticflickr.com\/65535\/51788074901_48fd13b6c2_z.jpg"},{"@type":"BreadcrumbList","@id":"https:\/\/www.manaus.am.gov.br\/semulsp\/prefeitura-inaugura-praca-na-sede-da-semulsp\/#breadcrumb","itemListElement":[{"@type":"ListItem","position":1,"name":"Home","item":"https:\/\/www.manaus.am.gov.br\/semulsp\/"},{"@type":"ListItem","position":2,"name":"Prefeitura inaugura pra\u00e7a na sede da Semulsp"}]},{"@type":"WebSite","@id":"https:\/\/www.manaus.am.gov.br\/semulsp\/#website","url":"https:\/\/www.manaus.am.gov.br\/semulsp\/","name":"SEMULSP","description":"Prefeitura de Manaus","publisher":{"@id":"https:\/\/www.manaus.am.gov.br\/semulsp\/#organization"},"alternateName":"Secretaria Municipal de Limpeza P\u00fablica","potentialAction":[{"@type":"SearchAction","target":{"@type":"EntryPoint","urlTemplate":"https:\/\/www.manaus.am.gov.br\/semulsp\/?s={search_term_string}"},"query-input":"required name=search_term_string"}],"inLanguage":"pt-BR"},{"@type":"Organization","@id":"https:\/\/www.manaus.am.gov.br\/semulsp\/#organization","name":"SEMULSP","alternateName":"Secretaria Municipal de Limpeza P\u00fablica","url":"https:\/\/www.manaus.am.gov.br\/semulsp\/","logo":{"@type":"ImageObject","inLanguage":"pt-BR","@id":"https:\/\/www.manaus.am.gov.br\/semulsp\/#\/schema\/logo\/image\/","url":"https:\/\/www.manaus.am.gov.br\/semulsp\/wp-content\/uploads\/sites\/23\/2023\/05\/cropped-favicon.png","contentUrl":"https:\/\/www.manaus.am.gov.br\/semulsp\/wp-content\/uploads\/sites\/23\/2023\/05\/cropped-favicon.png","width":512,"height":512,"caption":"SEMULSP"},"image":{"@id":"https:\/\/www.manaus.am.gov.br\/semulsp\/#\/schema\/logo\/image\/"},"sameAs":["https:\/\/www.facebook.com\/semulspmanaus","https:\/\/www.instagram.com\/semulspmanaus\/"]},{"@type":"Person","@id":"https:\/\/www.manaus.am.gov.br\/semulsp\/#\/schema\/person\/fe69d2249d78e7a3112d42bc34c44a58","name":"Glauber Farias","image":{"@type":"ImageObject","inLanguage":"pt-BR","@id":"https:\/\/www.manaus.am.gov.br\/semulsp\/#\/schema\/person\/image\/","url":"https:\/\/secure.gravatar.com\/avatar\/eb33200ffd19538372f635b2165531c0?s=96&d=mm&r=g","contentUrl":"https:\/\/secure.gravatar.com\/avatar\/eb33200ffd19538372f635b2165531c0?s=96&d=mm&r=g","caption":"Glauber Farias"}}]}},"_links":{"self":[{"href":"https:\/\/www.manaus.am.gov.br\/semulsp\/wp-json\/wp\/v2\/posts\/440"}],"collection":[{"href":"https:\/\/www.manaus.am.gov.br\/semulsp\/wp-json\/wp\/v2\/posts"}],"about":[{"href":"https:\/\/www.manaus.am.gov.br\/semulsp\/wp-json\/wp\/v2\/types\/post"}],"author":[{"embeddable":true,"href":"https:\/\/www.manaus.am.gov.br\/semulsp\/wp-json\/wp\/v2\/users\/8"}],"replies":[{"embeddable":true,"href":"https:\/\/www.manaus.am.gov.br\/semulsp\/wp-json\/wp\/v2\/comments?post=440"}],"version-history":[{"count":0,"href":"https:\/\/www.manaus.am.gov.br\/semulsp\/wp-json\/wp\/v2\/posts\/440\/revisions"}],"wp:attachment":[{"href":"https:\/\/www.manaus.am.gov.br\/semulsp\/wp-json\/wp\/v2\/media?parent=440"}],"wp:term":[{"taxonomy":"category","embeddable":true,"href":"https:\/\/www.manaus.am.gov.br\/semulsp\/wp-json\/wp\/v2\/categories?post=440"},{"taxonomy":"post_tag","embeddable":true,"href":"https:\/\/www.manaus.am.gov.br\/semulsp\/wp-json\/wp\/v2\/tags?post=440"}],"curies":[{"name":"wp","href":"https:\/\/api.w.org\/{rel}","templated":true}]}}