{"id":416,"date":"2022-05-09T14:57:12","date_gmt":"2022-05-09T18:57:12","guid":{"rendered":"https:\/\/www.manaus.am.gov.br\/semulsp\/servidoras-da-semulsp-recebem-dia-de-beleza-e-saude-em-homenagem-ao-dia-das-maes\/"},"modified":"2022-05-09T14:57:12","modified_gmt":"2022-05-09T18:57:12","slug":"servidoras-da-semulsp-recebem-dia-de-beleza-e-saude-em-homenagem-ao-dia-das-maes","status":"publish","type":"post","link":"https:\/\/www.manaus.am.gov.br\/semulsp\/servidoras-da-semulsp-recebem-dia-de-beleza-e-saude-em-homenagem-ao-dia-das-maes\/","title":{"rendered":"Servidoras da Semulsp recebem dia de beleza e sa\u00fade em homenagem ao Dia das M\u00e3es"},"content":{"rendered":"\n<p>A Prefeitura de Manaus, por meio da Secretaria Municipal de Limpeza Urbana (Semulsp), promoveu, nesta segunda-feira, 9\/5, um dia de beleza para as servidoras da pasta. A a\u00e7\u00e3o \u00e9 em homenagem ao Dia das M\u00e3es e conta com profissionais que v\u00e3o realizar diversos servi\u00e7os em beleza e sa\u00fade como cortes de cabelo, designer de sobrancelha, atendimento m\u00e9dico e outras atividades.<\/p>\n\n\n\n<figure class=\"wp-block-image\"><img loading=\"lazy\" decoding=\"async\" width=\"799\" height=\"533\" src=\"https:\/\/www.manaus.am.gov.br\/semulsp\/wp-content\/uploads\/sites\/23\/2023\/05\/52061705573_ddd9c6b522_c-1.jpg\" alt=\"\" class=\"wp-image-417\" srcset=\"https:\/\/www.manaus.am.gov.br\/semulsp\/wp-content\/uploads\/sites\/23\/2023\/05\/52061705573_ddd9c6b522_c-1.jpg 799w, https:\/\/www.manaus.am.gov.br\/semulsp\/wp-content\/uploads\/sites\/23\/2023\/05\/52061705573_ddd9c6b522_c-1-300x200.jpg 300w, https:\/\/www.manaus.am.gov.br\/semulsp\/wp-content\/uploads\/sites\/23\/2023\/05\/52061705573_ddd9c6b522_c-1-768x512.jpg 768w\" sizes=\"(max-width: 799px) 100vw, 799px\" \/><\/figure>\n\n\n\n<p>&nbsp;<\/p>\n\n\n\n<p>\u201cOntem foi o Dia das M\u00e3es e a maioria delas estava em atividade nos cemit\u00e9rios. E hoje, escolhemos este dia para homenage\u00e1-las. Come\u00e7amos com caf\u00e9 da manh\u00e3, e sem seguida tivemos embelezamento, feira de artesanato e atendimento m\u00e9dico. S\u00e3o v\u00e1rias parcerias, porque a prefeitura e a Semulsp se preocupam e valorizam as m\u00e3es. E as nossas servidoras s\u00e3o hero\u00ednas e estamos aqui para contribuir. O nosso ex-secret\u00e1rio, Sab\u00e1 Reis, deixou este legado e estamos aqui para dar continuidade\u201d, destacou o secret\u00e1rio da Semulsp, Altervi Moreira.<\/p>\n\n\n\n<p>A servidora Adriana Mello, revelou que nunca tinha tido uma a\u00e7\u00e3o como essa, em outras administra\u00e7\u00f5es, do Dia das M\u00e3es na Semulsp, por isso agradece o reconhecimento. \u201cN\u00f3s agradecemos por todo o carinho conosco. Teve v\u00e1rios servi\u00e7os que aproveitamos para usufruir. Isso \u00e9 uma valoriza\u00e7\u00e3o que n\u00e3o t\u00ednhamos antes\u201d.<\/p>\n\n\n\n<p>Outra servidora que aproveitou os servi\u00e7os e ganhou brinde no sorteio do Dia das M\u00e3es na Semulsp foi Socorro Lopes. \u201cGratid\u00e3o aos secret\u00e1rios por lembrarem das m\u00e3es daqui com tanto carinho. Antes n\u00e3o t\u00ednhamos isso que tem agora. N\u00f3s, servidoras da Semulsp, estamos nos sentindo muito especiais. S\u00f3 temos a agradecer\u201d.<\/p>\n\n\n\n<p>&nbsp;<\/p>\n\n\n\n<h2 class=\"wp-block-heading\">Sobre os servi\u00e7os<\/h2>\n\n\n\n<p>Diversos servi\u00e7os foram ofertados para as m\u00e3es como corte de cabelo, designer de sobrancelha, depila\u00e7\u00e3o de bu\u00e7o, e tudo com o apoio do Centro de Educa\u00e7\u00e3o Tecnol\u00f3gica do Amazonas (Cetam). E atendimento m\u00e9dico com cl\u00ednico geral, exames de s\u00edfilis e HIV, glicose e press\u00e3o arterial, por meio da Secretaria de Sa\u00fade (Semsa). Houve tamb\u00e9m uma feira de artesanato com diversos produtos regionais dispon\u00edveis, organizada pela Semtepi. E para encerrar aconteceram v\u00e1rios sorteios de brindes para as m\u00e3es.<\/p>\n\n\n\n<p>&#8212; &#8212; &#8212;<\/p>\n\n\n\n<p><strong>Texto<\/strong> \u2013 Divulga\u00e7\u00e3o \/ Semulsp<br><strong>Fotos<\/strong>&#8211; Marinho Ramos \/ Semcom<br>Dispon\u00edveis em &#8211; <a href=\"https:\/\/flic.kr\/s\/aHBqjzP4t7\">https:\/\/flic.kr\/s\/aHBqjzP4t7<\/a><\/p>\n","protected":false},"excerpt":{"rendered":"","protected":false},"author":31,"featured_media":0,"comment_status":"closed","ping_status":"closed","sticky":false,"template":"","format":"standard","meta":{"footnotes":""},"categories":[68],"tags":[69,70,71,19,72],"acf":[],"yoast_head":"<!-- This site is optimized with the Yoast SEO plugin v23.0 - https:\/\/yoast.com\/wordpress\/plugins\/seo\/ -->\n<title>Servidoras da Semulsp recebem dia de beleza e sa\u00fade em homenagem ao Dia das M\u00e3es - SEMULSP<\/title>\n<meta name=\"robots\" content=\"noindex, follow\" \/>\n<meta property=\"og:locale\" content=\"pt_BR\" \/>\n<meta property=\"og:type\" content=\"article\" \/>\n<meta property=\"og:title\" content=\"Servidoras da Semulsp recebem dia de beleza e sa\u00fade em homenagem ao Dia das M\u00e3es - SEMULSP\" \/>\n<meta property=\"og:url\" content=\"https:\/\/www.manaus.am.gov.br\/semulsp\/servidoras-da-semulsp-recebem-dia-de-beleza-e-saude-em-homenagem-ao-dia-das-maes\/\" \/>\n<meta property=\"og:site_name\" content=\"SEMULSP\" \/>\n<meta property=\"article:publisher\" content=\"https:\/\/www.facebook.com\/semulspmanaus\" \/>\n<meta property=\"article:published_time\" content=\"2022-05-09T18:57:12+00:00\" \/>\n<meta property=\"og:image\" content=\"https:\/\/www.manaus.am.gov.br\/semulsp\/wp-content\/uploads\/sites\/23\/2023\/05\/52061705573_ddd9c6b522_c-1.jpg\" \/>\n<meta name=\"author\" content=\"Renata Felix\" \/>\n<meta name=\"twitter:card\" content=\"summary_large_image\" \/>\n<meta name=\"twitter:label1\" content=\"Written by\" \/>\n\t<meta name=\"twitter:data1\" content=\"Renata Felix\" \/>\n\t<meta name=\"twitter:label2\" content=\"Est. reading time\" \/>\n\t<meta name=\"twitter:data2\" content=\"3 minutos\" \/>\n<script type=\"application\/ld+json\" class=\"yoast-schema-graph\">{\"@context\":\"https:\/\/schema.org\",\"@graph\":[{\"@type\":\"Article\",\"@id\":\"https:\/\/www.manaus.am.gov.br\/semulsp\/servidoras-da-semulsp-recebem-dia-de-beleza-e-saude-em-homenagem-ao-dia-das-maes\/#article\",\"isPartOf\":{\"@id\":\"https:\/\/www.manaus.am.gov.br\/semulsp\/servidoras-da-semulsp-recebem-dia-de-beleza-e-saude-em-homenagem-ao-dia-das-maes\/\"},\"author\":{\"name\":\"Renata Felix\",\"@id\":\"https:\/\/www.manaus.am.gov.br\/semulsp\/#\/schema\/person\/4eea2a8f78dc853097abb026f728aa06\"},\"headline\":\"Servidoras da Semulsp recebem dia de beleza e sa\u00fade em homenagem ao Dia das M\u00e3es\",\"datePublished\":\"2022-05-09T18:57:12+00:00\",\"dateModified\":\"2022-05-09T18:57:12+00:00\",\"mainEntityOfPage\":{\"@id\":\"https:\/\/www.manaus.am.gov.br\/semulsp\/servidoras-da-semulsp-recebem-dia-de-beleza-e-saude-em-homenagem-ao-dia-das-maes\/\"},\"wordCount\":412,\"publisher\":{\"@id\":\"https:\/\/www.manaus.am.gov.br\/semulsp\/#organization\"},\"image\":{\"@id\":\"https:\/\/www.manaus.am.gov.br\/semulsp\/servidoras-da-semulsp-recebem-dia-de-beleza-e-saude-em-homenagem-ao-dia-das-maes\/#primaryimage\"},\"thumbnailUrl\":\"https:\/\/www.manaus.am.gov.br\/semulsp\/wp-content\/uploads\/sites\/23\/2023\/05\/52061705573_ddd9c6b522_c-1.jpg\",\"keywords\":[\"dia das maes\",\"dia de beleza\",\"homenagem\",\"semulsp\",\"servidoras\"],\"articleSection\":[\"Homenagem\"],\"inLanguage\":\"pt-BR\"},{\"@type\":\"WebPage\",\"@id\":\"https:\/\/www.manaus.am.gov.br\/semulsp\/servidoras-da-semulsp-recebem-dia-de-beleza-e-saude-em-homenagem-ao-dia-das-maes\/\",\"url\":\"https:\/\/www.manaus.am.gov.br\/semulsp\/servidoras-da-semulsp-recebem-dia-de-beleza-e-saude-em-homenagem-ao-dia-das-maes\/\",\"name\":\"Servidoras da Semulsp recebem dia de beleza e sa\u00fade em homenagem ao Dia das M\u00e3es - SEMULSP\",\"isPartOf\":{\"@id\":\"https:\/\/www.manaus.am.gov.br\/semulsp\/#website\"},\"primaryImageOfPage\":{\"@id\":\"https:\/\/www.manaus.am.gov.br\/semulsp\/servidoras-da-semulsp-recebem-dia-de-beleza-e-saude-em-homenagem-ao-dia-das-maes\/#primaryimage\"},\"image\":{\"@id\":\"https:\/\/www.manaus.am.gov.br\/semulsp\/servidoras-da-semulsp-recebem-dia-de-beleza-e-saude-em-homenagem-ao-dia-das-maes\/#primaryimage\"},\"thumbnailUrl\":\"https:\/\/www.manaus.am.gov.br\/semulsp\/wp-content\/uploads\/sites\/23\/2023\/05\/52061705573_ddd9c6b522_c-1.jpg\",\"datePublished\":\"2022-05-09T18:57:12+00:00\",\"dateModified\":\"2022-05-09T18:57:12+00:00\",\"breadcrumb\":{\"@id\":\"https:\/\/www.manaus.am.gov.br\/semulsp\/servidoras-da-semulsp-recebem-dia-de-beleza-e-saude-em-homenagem-ao-dia-das-maes\/#breadcrumb\"},\"inLanguage\":\"pt-BR\",\"potentialAction\":[{\"@type\":\"ReadAction\",\"target\":[\"https:\/\/www.manaus.am.gov.br\/semulsp\/servidoras-da-semulsp-recebem-dia-de-beleza-e-saude-em-homenagem-ao-dia-das-maes\/\"]}]},{\"@type\":\"ImageObject\",\"inLanguage\":\"pt-BR\",\"@id\":\"https:\/\/www.manaus.am.gov.br\/semulsp\/servidoras-da-semulsp-recebem-dia-de-beleza-e-saude-em-homenagem-ao-dia-das-maes\/#primaryimage\",\"url\":\"https:\/\/www.manaus.am.gov.br\/semulsp\/wp-content\/uploads\/sites\/23\/2023\/05\/52061705573_ddd9c6b522_c-1.jpg\",\"contentUrl\":\"https:\/\/www.manaus.am.gov.br\/semulsp\/wp-content\/uploads\/sites\/23\/2023\/05\/52061705573_ddd9c6b522_c-1.jpg\",\"width\":799,\"height\":533},{\"@type\":\"BreadcrumbList\",\"@id\":\"https:\/\/www.manaus.am.gov.br\/semulsp\/servidoras-da-semulsp-recebem-dia-de-beleza-e-saude-em-homenagem-ao-dia-das-maes\/#breadcrumb\",\"itemListElement\":[{\"@type\":\"ListItem\",\"position\":1,\"name\":\"Home\",\"item\":\"https:\/\/www.manaus.am.gov.br\/semulsp\/\"},{\"@type\":\"ListItem\",\"position\":2,\"name\":\"Servidoras da Semulsp recebem dia de beleza e sa\u00fade em homenagem ao Dia das M\u00e3es\"}]},{\"@type\":\"WebSite\",\"@id\":\"https:\/\/www.manaus.am.gov.br\/semulsp\/#website\",\"url\":\"https:\/\/www.manaus.am.gov.br\/semulsp\/\",\"name\":\"SEMULSP\",\"description\":\"Prefeitura de Manaus\",\"publisher\":{\"@id\":\"https:\/\/www.manaus.am.gov.br\/semulsp\/#organization\"},\"alternateName\":\"Secretaria Municipal de Limpeza P\u00fablica\",\"potentialAction\":[{\"@type\":\"SearchAction\",\"target\":{\"@type\":\"EntryPoint\",\"urlTemplate\":\"https:\/\/www.manaus.am.gov.br\/semulsp\/?s={search_term_string}\"},\"query-input\":\"required name=search_term_string\"}],\"inLanguage\":\"pt-BR\"},{\"@type\":\"Organization\",\"@id\":\"https:\/\/www.manaus.am.gov.br\/semulsp\/#organization\",\"name\":\"SEMULSP\",\"alternateName\":\"Secretaria Municipal de Limpeza P\u00fablica\",\"url\":\"https:\/\/www.manaus.am.gov.br\/semulsp\/\",\"logo\":{\"@type\":\"ImageObject\",\"inLanguage\":\"pt-BR\",\"@id\":\"https:\/\/www.manaus.am.gov.br\/semulsp\/#\/schema\/logo\/image\/\",\"url\":\"https:\/\/www.manaus.am.gov.br\/semulsp\/wp-content\/uploads\/sites\/23\/2023\/05\/cropped-favicon.png\",\"contentUrl\":\"https:\/\/www.manaus.am.gov.br\/semulsp\/wp-content\/uploads\/sites\/23\/2023\/05\/cropped-favicon.png\",\"width\":512,\"height\":512,\"caption\":\"SEMULSP\"},\"image\":{\"@id\":\"https:\/\/www.manaus.am.gov.br\/semulsp\/#\/schema\/logo\/image\/\"},\"sameAs\":[\"https:\/\/www.facebook.com\/semulspmanaus\",\"https:\/\/www.instagram.com\/semulspmanaus\/\"]},{\"@type\":\"Person\",\"@id\":\"https:\/\/www.manaus.am.gov.br\/semulsp\/#\/schema\/person\/4eea2a8f78dc853097abb026f728aa06\",\"name\":\"Renata Felix\",\"image\":{\"@type\":\"ImageObject\",\"inLanguage\":\"pt-BR\",\"@id\":\"https:\/\/www.manaus.am.gov.br\/semulsp\/#\/schema\/person\/image\/\",\"url\":\"https:\/\/secure.gravatar.com\/avatar\/3c196cf9d3b837b24c8edb2c50fd8f29?s=96&d=mm&r=g\",\"contentUrl\":\"https:\/\/secure.gravatar.com\/avatar\/3c196cf9d3b837b24c8edb2c50fd8f29?s=96&d=mm&r=g\",\"caption\":\"Renata Felix\"}}]}<\/script>\n<!-- \/ Yoast SEO plugin. -->","yoast_head_json":{"title":"Servidoras da Semulsp recebem dia de beleza e sa\u00fade em homenagem ao Dia das M\u00e3es - SEMULSP","robots":{"index":"noindex","follow":"follow"},"og_locale":"pt_BR","og_type":"article","og_title":"Servidoras da Semulsp recebem dia de beleza e sa\u00fade em homenagem ao Dia das M\u00e3es - SEMULSP","og_url":"https:\/\/www.manaus.am.gov.br\/semulsp\/servidoras-da-semulsp-recebem-dia-de-beleza-e-saude-em-homenagem-ao-dia-das-maes\/","og_site_name":"SEMULSP","article_publisher":"https:\/\/www.facebook.com\/semulspmanaus","article_published_time":"2022-05-09T18:57:12+00:00","og_image":[{"url":"https:\/\/www.manaus.am.gov.br\/semulsp\/wp-content\/uploads\/sites\/23\/2023\/05\/52061705573_ddd9c6b522_c-1.jpg"}],"author":"Renata Felix","twitter_card":"summary_large_image","twitter_misc":{"Written by":"Renata Felix","Est. reading time":"3 minutos"},"schema":{"@context":"https:\/\/schema.org","@graph":[{"@type":"Article","@id":"https:\/\/www.manaus.am.gov.br\/semulsp\/servidoras-da-semulsp-recebem-dia-de-beleza-e-saude-em-homenagem-ao-dia-das-maes\/#article","isPartOf":{"@id":"https:\/\/www.manaus.am.gov.br\/semulsp\/servidoras-da-semulsp-recebem-dia-de-beleza-e-saude-em-homenagem-ao-dia-das-maes\/"},"author":{"name":"Renata Felix","@id":"https:\/\/www.manaus.am.gov.br\/semulsp\/#\/schema\/person\/4eea2a8f78dc853097abb026f728aa06"},"headline":"Servidoras da Semulsp recebem dia de beleza e sa\u00fade em homenagem ao Dia das M\u00e3es","datePublished":"2022-05-09T18:57:12+00:00","dateModified":"2022-05-09T18:57:12+00:00","mainEntityOfPage":{"@id":"https:\/\/www.manaus.am.gov.br\/semulsp\/servidoras-da-semulsp-recebem-dia-de-beleza-e-saude-em-homenagem-ao-dia-das-maes\/"},"wordCount":412,"publisher":{"@id":"https:\/\/www.manaus.am.gov.br\/semulsp\/#organization"},"image":{"@id":"https:\/\/www.manaus.am.gov.br\/semulsp\/servidoras-da-semulsp-recebem-dia-de-beleza-e-saude-em-homenagem-ao-dia-das-maes\/#primaryimage"},"thumbnailUrl":"https:\/\/www.manaus.am.gov.br\/semulsp\/wp-content\/uploads\/sites\/23\/2023\/05\/52061705573_ddd9c6b522_c-1.jpg","keywords":["dia das maes","dia de beleza","homenagem","semulsp","servidoras"],"articleSection":["Homenagem"],"inLanguage":"pt-BR"},{"@type":"WebPage","@id":"https:\/\/www.manaus.am.gov.br\/semulsp\/servidoras-da-semulsp-recebem-dia-de-beleza-e-saude-em-homenagem-ao-dia-das-maes\/","url":"https:\/\/www.manaus.am.gov.br\/semulsp\/servidoras-da-semulsp-recebem-dia-de-beleza-e-saude-em-homenagem-ao-dia-das-maes\/","name":"Servidoras da Semulsp recebem dia de beleza e sa\u00fade em homenagem ao Dia das M\u00e3es - SEMULSP","isPartOf":{"@id":"https:\/\/www.manaus.am.gov.br\/semulsp\/#website"},"primaryImageOfPage":{"@id":"https:\/\/www.manaus.am.gov.br\/semulsp\/servidoras-da-semulsp-recebem-dia-de-beleza-e-saude-em-homenagem-ao-dia-das-maes\/#primaryimage"},"image":{"@id":"https:\/\/www.manaus.am.gov.br\/semulsp\/servidoras-da-semulsp-recebem-dia-de-beleza-e-saude-em-homenagem-ao-dia-das-maes\/#primaryimage"},"thumbnailUrl":"https:\/\/www.manaus.am.gov.br\/semulsp\/wp-content\/uploads\/sites\/23\/2023\/05\/52061705573_ddd9c6b522_c-1.jpg","datePublished":"2022-05-09T18:57:12+00:00","dateModified":"2022-05-09T18:57:12+00:00","breadcrumb":{"@id":"https:\/\/www.manaus.am.gov.br\/semulsp\/servidoras-da-semulsp-recebem-dia-de-beleza-e-saude-em-homenagem-ao-dia-das-maes\/#breadcrumb"},"inLanguage":"pt-BR","potentialAction":[{"@type":"ReadAction","target":["https:\/\/www.manaus.am.gov.br\/semulsp\/servidoras-da-semulsp-recebem-dia-de-beleza-e-saude-em-homenagem-ao-dia-das-maes\/"]}]},{"@type":"ImageObject","inLanguage":"pt-BR","@id":"https:\/\/www.manaus.am.gov.br\/semulsp\/servidoras-da-semulsp-recebem-dia-de-beleza-e-saude-em-homenagem-ao-dia-das-maes\/#primaryimage","url":"https:\/\/www.manaus.am.gov.br\/semulsp\/wp-content\/uploads\/sites\/23\/2023\/05\/52061705573_ddd9c6b522_c-1.jpg","contentUrl":"https:\/\/www.manaus.am.gov.br\/semulsp\/wp-content\/uploads\/sites\/23\/2023\/05\/52061705573_ddd9c6b522_c-1.jpg","width":799,"height":533},{"@type":"BreadcrumbList","@id":"https:\/\/www.manaus.am.gov.br\/semulsp\/servidoras-da-semulsp-recebem-dia-de-beleza-e-saude-em-homenagem-ao-dia-das-maes\/#breadcrumb","itemListElement":[{"@type":"ListItem","position":1,"name":"Home","item":"https:\/\/www.manaus.am.gov.br\/semulsp\/"},{"@type":"ListItem","position":2,"name":"Servidoras da Semulsp recebem dia de beleza e sa\u00fade em homenagem ao Dia das M\u00e3es"}]},{"@type":"WebSite","@id":"https:\/\/www.manaus.am.gov.br\/semulsp\/#website","url":"https:\/\/www.manaus.am.gov.br\/semulsp\/","name":"SEMULSP","description":"Prefeitura de Manaus","publisher":{"@id":"https:\/\/www.manaus.am.gov.br\/semulsp\/#organization"},"alternateName":"Secretaria Municipal de Limpeza P\u00fablica","potentialAction":[{"@type":"SearchAction","target":{"@type":"EntryPoint","urlTemplate":"https:\/\/www.manaus.am.gov.br\/semulsp\/?s={search_term_string}"},"query-input":"required name=search_term_string"}],"inLanguage":"pt-BR"},{"@type":"Organization","@id":"https:\/\/www.manaus.am.gov.br\/semulsp\/#organization","name":"SEMULSP","alternateName":"Secretaria Municipal de Limpeza P\u00fablica","url":"https:\/\/www.manaus.am.gov.br\/semulsp\/","logo":{"@type":"ImageObject","inLanguage":"pt-BR","@id":"https:\/\/www.manaus.am.gov.br\/semulsp\/#\/schema\/logo\/image\/","url":"https:\/\/www.manaus.am.gov.br\/semulsp\/wp-content\/uploads\/sites\/23\/2023\/05\/cropped-favicon.png","contentUrl":"https:\/\/www.manaus.am.gov.br\/semulsp\/wp-content\/uploads\/sites\/23\/2023\/05\/cropped-favicon.png","width":512,"height":512,"caption":"SEMULSP"},"image":{"@id":"https:\/\/www.manaus.am.gov.br\/semulsp\/#\/schema\/logo\/image\/"},"sameAs":["https:\/\/www.facebook.com\/semulspmanaus","https:\/\/www.instagram.com\/semulspmanaus\/"]},{"@type":"Person","@id":"https:\/\/www.manaus.am.gov.br\/semulsp\/#\/schema\/person\/4eea2a8f78dc853097abb026f728aa06","name":"Renata Felix","image":{"@type":"ImageObject","inLanguage":"pt-BR","@id":"https:\/\/www.manaus.am.gov.br\/semulsp\/#\/schema\/person\/image\/","url":"https:\/\/secure.gravatar.com\/avatar\/3c196cf9d3b837b24c8edb2c50fd8f29?s=96&d=mm&r=g","contentUrl":"https:\/\/secure.gravatar.com\/avatar\/3c196cf9d3b837b24c8edb2c50fd8f29?s=96&d=mm&r=g","caption":"Renata Felix"}}]}},"_links":{"self":[{"href":"https:\/\/www.manaus.am.gov.br\/semulsp\/wp-json\/wp\/v2\/posts\/416"}],"collection":[{"href":"https:\/\/www.manaus.am.gov.br\/semulsp\/wp-json\/wp\/v2\/posts"}],"about":[{"href":"https:\/\/www.manaus.am.gov.br\/semulsp\/wp-json\/wp\/v2\/types\/post"}],"author":[{"embeddable":true,"href":"https:\/\/www.manaus.am.gov.br\/semulsp\/wp-json\/wp\/v2\/users\/31"}],"replies":[{"embeddable":true,"href":"https:\/\/www.manaus.am.gov.br\/semulsp\/wp-json\/wp\/v2\/comments?post=416"}],"version-history":[{"count":1,"href":"https:\/\/www.manaus.am.gov.br\/semulsp\/wp-json\/wp\/v2\/posts\/416\/revisions"}],"predecessor-version":[{"id":419,"href":"https:\/\/www.manaus.am.gov.br\/semulsp\/wp-json\/wp\/v2\/posts\/416\/revisions\/419"}],"wp:attachment":[{"href":"https:\/\/www.manaus.am.gov.br\/semulsp\/wp-json\/wp\/v2\/media?parent=416"}],"wp:term":[{"taxonomy":"category","embeddable":true,"href":"https:\/\/www.manaus.am.gov.br\/semulsp\/wp-json\/wp\/v2\/categories?post=416"},{"taxonomy":"post_tag","embeddable":true,"href":"https:\/\/www.manaus.am.gov.br\/semulsp\/wp-json\/wp\/v2\/tags?post=416"}],"curies":[{"name":"wp","href":"https:\/\/api.w.org\/{rel}","templated":true}]}}