{"id":3921,"date":"2026-09-04T13:13:35","date_gmt":"2026-09-04T17:13:35","guid":{"rendered":"https:\/\/www.manaus.am.gov.br\/semulsp\/servicos-essenciais-feriados\/"},"modified":"2026-09-04T13:13:37","modified_gmt":"2026-09-04T17:13:37","slug":"servicos-essenciais-feriados","status":"publish","type":"post","link":"https:\/\/www.manaus.am.gov.br\/semulsp\/servicos-essenciais-feriados\/","title":{"rendered":"Prefeitura garante servi\u00e7os essenciais nos feriados de eleva\u00e7\u00e3o do Amazonas \u00e0 categoria de Prov\u00edncia e Independ\u00eancia do Brasil"},"content":{"rendered":"\n<p>A Prefeitura de Manaus informa que os servi\u00e7os essenciais voltados \u00e0 popula\u00e7\u00e3o ser\u00e3o mantidos nos feriados em que se comemora a eleva\u00e7\u00e3o do Amazonas \u00e0 categoria de Prov\u00edncia, neste s\u00e1bado, 5\/9, e do Dia da Independ\u00eancia do Brasil, na segunda-feira, 7\/9.<\/p>\n\n\n\n<p>A Secretaria Municipal de Sa\u00fade (Semsa) informa que o Servi\u00e7o de Atendimento M\u00f3vel de Urg\u00eancia (Samu) manter\u00e1 o atendimento de 24 horas aos casos de urg\u00eancia e emerg\u00eancias cl\u00ednicas, traum\u00e1ticas, psiqui\u00e1tricas e obst\u00e9tricas, por meio do canal 192.<\/p>\n\n\n\n<p>A Maternidade Municipal Dr. Moura Tapaj\u00f3z (MMT), localizada na avenida Brasil, n\u00ba 1.335, no bairro Compensa, zona Oeste, tamb\u00e9m seguir\u00e1 em regime de plant\u00e3o 24 horas.&nbsp;<\/p>\n\n\n\n<p>A popula\u00e7\u00e3o pode buscar os servi\u00e7os da Aten\u00e7\u00e3o Prim\u00e1ria em duas unidades de sa\u00fade, sendo uma na zona Oeste, a Unidade de Sa\u00fade da Fam\u00edlia (USF) Leonor de Freitas, na avenida Brasil, s\/n\u00ba, Compensa 2, que funcionar\u00e1 das 8h \u00e0s 18h; e outra na zona Norte, a USF Carmen Nicolau, localizada na rua Nestor Nascimento, s\/n\u00ba, Lago Azul, que tamb\u00e9m estar\u00e1 em funcionamento das 8h \u00e0s 17h.<\/p>\n\n\n\n<p>Nas duas USFs, a popula\u00e7\u00e3o tem acesso aos imunizantes do calend\u00e1rio b\u00e1sico de vacina\u00e7\u00e3o, dispensa\u00e7\u00e3o de medicamentos, procedimentos via Sistema de Regula\u00e7\u00e3o (Sisreg), testes r\u00e1pidos para diagn\u00f3stico de s\u00edfilis, HIV e hepatites e outros servi\u00e7os de rotina da rede b\u00e1sica.<\/p>\n\n\n\n<p>As demais Unidades de Sa\u00fade da rede municipal, inclusive as unidades b\u00e1sicas que funcionam aos s\u00e1bados, com exce\u00e7\u00e3o das USFs Carmem Nicolau e Leonor de Freitas, retomam os atendimentos na ter\u00e7a-feira, 8\/9. O mesmo ocorrer\u00e1 com o atendimento nas Unidades M\u00f3veis de Sa\u00fade da Mulher, que funcionam de segunda a sexta-feira, exceto feriados.<\/p>\n\n\n\n<p>Durante os dois dias de feriado, a Semsa ainda garante o funcionamento do Centro de Emiss\u00e3o de Declara\u00e7\u00e3o de \u00d3bito por Causa Natural em Domic\u00edlio (Cedo), que pode ser acionado diariamente por meio do n\u00famero (92) 98842-8437, no per\u00edodo das 8h \u00e0s 18h.<\/p>\n\n\n\n<p><strong>Assist\u00eancia Social<\/strong><\/p>\n\n\n\n<p>A Secretaria Municipal da Mulher, Assist\u00eancia Social e Cidadania (Semasc) informa que n\u00e3o haver\u00e1 expediente na segunda-feira, 7\/9, em raz\u00e3o do feriado do Dia da Independ\u00eancia do Brasil.<\/p>\n\n\n\n<p>A Semasc destaca que o SOS Funeral funcionar\u00e1 normalmente. O servi\u00e7o poder\u00e1 ser acionado pelos seguintes canais: WhatsApp (98842-2963), 0800 280 8087, 3215-2649 e 3631-9983. O atendimento tamb\u00e9m poder\u00e1 ser realizado presencialmente na sede da Semasc, localizada na avenida Ayr\u00e3o com a avenida Ferreira Pena, no Centro, zona Sul da capital.<\/p>\n\n\n\n<p>Os demais servi\u00e7os da Semasc retornar\u00e3o normalmente na ter\u00e7a-feira, 8\/9.<\/p>\n\n\n\n<p><strong>Com\u00e9rcio Informal<\/strong><\/p>\n\n\n\n<p>A Secretaria Municipal de Agricultura, Abastecimento, Centro e Com\u00e9rcio Informal (Semacc) informa que, em raz\u00e3o do feriado do Dia da Independ\u00eancia do Brasil, na segunda-feira, 7\/9, n\u00e3o haver\u00e1 expediente na sede administrativa da secretaria. As atividades ser\u00e3o retomadas normalmente na ter\u00e7a-feira, 8\/9.<\/p>\n\n\n\n<p>As feiras e os mercados municipais funcionar\u00e3o normalmente durante o feriado, mantendo seus hor\u00e1rios habituais de atendimento ao p\u00fablico.<\/p>\n\n\n\n<p>Os parques Gigantes da Floresta, Amazonino Mendes 1 e Amazonino Mendes 2 tamb\u00e9m funcionar\u00e3o normalmente na segunda-feira, seguindo os hor\u00e1rios regulares de funcionamento.<\/p>\n\n\n\n<p><strong>Sine Manaus<\/strong><\/p>\n\n\n\n<p>A Secretaria Municipal do Trabalho, Empreendedorismo e Inova\u00e7\u00e3o (Semtepi) informa que os postos do Sine Manaus n\u00e3o funcionar\u00e3o na segunda-feira, 7\/9, em virtude do feriado da Independ\u00eancia do Brasil. As atividades e atendimentos presenciais ser\u00e3o retomados normalmente na ter\u00e7a-feira, 8\/9.<\/p>\n\n\n\n<p><strong>Galerias Populares e shopping Phelippe Daou<\/strong><\/p>\n\n\n\n<p>As galerias populares Esp\u00edrito Santo e Rem\u00e9dios, ambas no Centro, e o shopping Phelippe Daou, na zona Norte, abrir\u00e3o em hor\u00e1rio normal neste s\u00e1bado, 5\/9, feriado da eleva\u00e7\u00e3o do Amazonas \u00e0 categoria de Prov\u00edncia, e funcionar\u00e3o em expediente especial, na segunda-feira, 7\/9, at\u00e9 as 14h.<\/p>\n\n\n\n<p><strong>Limpeza Urbana<\/strong><\/p>\n\n\n\n<p>A Secretaria Municipal de Limpeza Urbana (Semulsp) manter\u00e1 os servi\u00e7os essenciais de limpeza p\u00fablica durante o feriado prolongado da eleva\u00e7\u00e3o do Amazonas \u00e0 categoria de Prov\u00edncia e do Dia da Independ\u00eancia do Brasil. A coleta domiciliar seguir\u00e1 normalmente, sem suspens\u00e3o, garantindo a continuidade do recolhimento de res\u00edduos nos bairros atendidos pela programa\u00e7\u00e3o regular.<\/p>\n\n\n\n<p>Na \u00e1rea central, onde acontece o \u201c#SouManaus Passo a Pa\u00e7o 2026\u201d, o feriado tamb\u00e9m n\u00e3o provocar\u00e1 altera\u00e7\u00f5es na opera\u00e7\u00e3o especial montada pela Semulsp. As equipes permanecer\u00e3o atuando na limpeza, varri\u00e7\u00e3o, remo\u00e7\u00e3o de res\u00edduos, coleta seletiva e manuten\u00e7\u00e3o das vias e espa\u00e7os utilizados durante o festival.<\/p>\n\n\n\n<p>Os servi\u00e7os de limpeza e manuten\u00e7\u00e3o urbana funcionar\u00e3o normalmente neste s\u00e1bado, 5\/9. No domingo, 6\/9, e na segunda-feira, 7\/9, as equipes atuar\u00e3o em regime de plant\u00e3o, com atendimento das demandas priorit\u00e1rias da cidade. A opera\u00e7\u00e3o inclui a\u00e7\u00f5es de varri\u00e7\u00e3o, remo\u00e7\u00e3o de res\u00edduos e manuten\u00e7\u00e3o dos espa\u00e7os p\u00fablicos, conforme o planejamento das equipes operacionais.<\/p>\n\n\n\n<p><strong>Cemit\u00e9rios<\/strong><\/p>\n\n\n\n<p>O Departamento de Cemit\u00e9rios n\u00e3o ter\u00e1 atendimento ao p\u00fablico na sede administrativa neste s\u00e1bado, domingo e segunda-feira, dias 5, 6 e 7\/9, respectivamente. Apesar disso, os cemit\u00e9rios municipais funcionar\u00e3o com equipes de plant\u00e3o nos pr\u00f3prios locais para atender as demandas necess\u00e1rias durante o per\u00edodo.<\/p>\n\n\n\n<p><strong>\u00c1rea administrativa<\/strong><\/p>\n\n\n\n<p>As atividades administrativas da Semulsp ficar\u00e3o suspensas durante o feriado prolongado e ser\u00e3o retomadas normalmente na ter\u00e7a-feira, 8\/9. A secretaria refor\u00e7a que os servi\u00e7os considerados essenciais permanecer\u00e3o em funcionamento para garantir a limpeza urbana e o atendimento \u00e0 popula\u00e7\u00e3o durante todo o per\u00edodo.<\/p>\n\n\n\n<p>&#8212; &#8212; &#8212;<\/p>\n\n\n\n<p><strong>Texto \u2013&nbsp;<\/strong>Divulga\u00e7\u00e3o\/Semsa\/Semasc\/Semacc\/Semtepi e Semulsp<\/p>\n","protected":false},"excerpt":{"rendered":"","protected":false},"author":39,"featured_media":3177,"comment_status":"closed","ping_status":"closed","sticky":false,"template":"","format":"standard","meta":{"footnotes":""},"categories":[20],"tags":[1227,1228,10,233,187,95,319,19,253],"acf":[],"yoast_head":"<!-- This site is optimized with the Yoast SEO plugin v23.0 - https:\/\/yoast.com\/wordpress\/plugins\/seo\/ -->\n<title>Servi\u00e7os essenciais nos feriados de eleva\u00e7\u00e3o do Amazonas \u00e0 categoria de Prov\u00edncia e Independ\u00eancia do Brasil<\/title>\n<meta name=\"description\" content=\"Prefeitura garante servi\u00e7os essenciais nos feriados de eleva\u00e7\u00e3o do Amazonas \u00e0 categoria de Prov\u00edncia e Independ\u00eancia do Brasil.\" \/>\n<meta name=\"robots\" content=\"noindex, follow\" \/>\n<meta property=\"og:locale\" content=\"pt_BR\" \/>\n<meta property=\"og:type\" content=\"article\" \/>\n<meta property=\"og:title\" content=\"Servi\u00e7os essenciais nos feriados de eleva\u00e7\u00e3o do Amazonas \u00e0 categoria de Prov\u00edncia e Independ\u00eancia do Brasil\" \/>\n<meta property=\"og:description\" content=\"Prefeitura garante servi\u00e7os essenciais nos feriados de eleva\u00e7\u00e3o do Amazonas \u00e0 categoria de Prov\u00edncia e Independ\u00eancia do Brasil.\" \/>\n<meta property=\"og:url\" content=\"https:\/\/www.manaus.am.gov.br\/semulsp\/servicos-essenciais-feriados\/\" \/>\n<meta property=\"og:site_name\" content=\"SEMULSP\" \/>\n<meta property=\"article:publisher\" content=\"https:\/\/www.facebook.com\/semulspmanaus\" \/>\n<meta property=\"article:published_time\" content=\"2026-09-04T17:13:35+00:00\" \/>\n<meta property=\"article:modified_time\" content=\"2026-09-04T17:13:37+00:00\" \/>\n<meta property=\"og:image\" content=\"https:\/\/www.manaus.am.gov.br\/semulsp\/wp-content\/uploads\/sites\/23\/2026\/06\/NOTA-BANNER-SITE.png\" \/>\n\t<meta property=\"og:image:width\" content=\"900\" \/>\n\t<meta property=\"og:image:height\" content=\"509\" \/>\n\t<meta property=\"og:image:type\" content=\"image\/png\" \/>\n<meta name=\"author\" content=\"Bruna Greco\" \/>\n<meta name=\"twitter:card\" content=\"summary_large_image\" \/>\n<meta name=\"twitter:label1\" content=\"Written by\" \/>\n\t<meta name=\"twitter:data1\" content=\"Bruna Greco\" \/>\n\t<meta name=\"twitter:label2\" content=\"Est. reading time\" \/>\n\t<meta name=\"twitter:data2\" content=\"5 minutos\" \/>\n<script type=\"application\/ld+json\" class=\"yoast-schema-graph\">{\"@context\":\"https:\/\/schema.org\",\"@graph\":[{\"@type\":\"Article\",\"@id\":\"https:\/\/www.manaus.am.gov.br\/semulsp\/servicos-essenciais-feriados\/#article\",\"isPartOf\":{\"@id\":\"https:\/\/www.manaus.am.gov.br\/semulsp\/servicos-essenciais-feriados\/\"},\"author\":{\"name\":\"Bruna Greco\",\"@id\":\"https:\/\/www.manaus.am.gov.br\/semulsp\/#\/schema\/person\/05d223aea2bf115f9883a6ff3683d81b\"},\"headline\":\"Prefeitura garante servi\u00e7os essenciais nos feriados de eleva\u00e7\u00e3o do Amazonas \u00e0 categoria de Prov\u00edncia e Independ\u00eancia do Brasil\",\"datePublished\":\"2026-09-04T17:13:35+00:00\",\"dateModified\":\"2026-09-04T17:13:37+00:00\",\"mainEntityOfPage\":{\"@id\":\"https:\/\/www.manaus.am.gov.br\/semulsp\/servicos-essenciais-feriados\/\"},\"wordCount\":965,\"publisher\":{\"@id\":\"https:\/\/www.manaus.am.gov.br\/semulsp\/#organization\"},\"image\":{\"@id\":\"https:\/\/www.manaus.am.gov.br\/semulsp\/servicos-essenciais-feriados\/#primaryimage\"},\"thumbnailUrl\":\"https:\/\/www.manaus.am.gov.br\/semulsp\/wp-content\/uploads\/sites\/23\/2026\/06\/NOTA-BANNER-SITE.png\",\"keywords\":[\"Eleva\u00e7\u00e3o do Amazonas \u00e0 categoria de Prov\u00edncia\",\"Independ\u00eancia do Brasil\",\"prefeitura de manaus\",\"Semacc\",\"Semasc\",\"semsa\",\"Semtepi\",\"semulsp\",\"servi\u00e7os essenciais\"],\"articleSection\":[\"Nota\"],\"inLanguage\":\"pt-BR\"},{\"@type\":\"WebPage\",\"@id\":\"https:\/\/www.manaus.am.gov.br\/semulsp\/servicos-essenciais-feriados\/\",\"url\":\"https:\/\/www.manaus.am.gov.br\/semulsp\/servicos-essenciais-feriados\/\",\"name\":\"Servi\u00e7os essenciais nos feriados de eleva\u00e7\u00e3o do Amazonas \u00e0 categoria de Prov\u00edncia e Independ\u00eancia do Brasil\",\"isPartOf\":{\"@id\":\"https:\/\/www.manaus.am.gov.br\/semulsp\/#website\"},\"primaryImageOfPage\":{\"@id\":\"https:\/\/www.manaus.am.gov.br\/semulsp\/servicos-essenciais-feriados\/#primaryimage\"},\"image\":{\"@id\":\"https:\/\/www.manaus.am.gov.br\/semulsp\/servicos-essenciais-feriados\/#primaryimage\"},\"thumbnailUrl\":\"https:\/\/www.manaus.am.gov.br\/semulsp\/wp-content\/uploads\/sites\/23\/2026\/06\/NOTA-BANNER-SITE.png\",\"datePublished\":\"2026-09-04T17:13:35+00:00\",\"dateModified\":\"2026-09-04T17:13:37+00:00\",\"description\":\"Prefeitura garante servi\u00e7os essenciais nos feriados de eleva\u00e7\u00e3o do Amazonas \u00e0 categoria de Prov\u00edncia e Independ\u00eancia do Brasil.\",\"breadcrumb\":{\"@id\":\"https:\/\/www.manaus.am.gov.br\/semulsp\/servicos-essenciais-feriados\/#breadcrumb\"},\"inLanguage\":\"pt-BR\",\"potentialAction\":[{\"@type\":\"ReadAction\",\"target\":[\"https:\/\/www.manaus.am.gov.br\/semulsp\/servicos-essenciais-feriados\/\"]}]},{\"@type\":\"ImageObject\",\"inLanguage\":\"pt-BR\",\"@id\":\"https:\/\/www.manaus.am.gov.br\/semulsp\/servicos-essenciais-feriados\/#primaryimage\",\"url\":\"https:\/\/www.manaus.am.gov.br\/semulsp\/wp-content\/uploads\/sites\/23\/2026\/06\/NOTA-BANNER-SITE.png\",\"contentUrl\":\"https:\/\/www.manaus.am.gov.br\/semulsp\/wp-content\/uploads\/sites\/23\/2026\/06\/NOTA-BANNER-SITE.png\",\"width\":900,\"height\":509},{\"@type\":\"BreadcrumbList\",\"@id\":\"https:\/\/www.manaus.am.gov.br\/semulsp\/servicos-essenciais-feriados\/#breadcrumb\",\"itemListElement\":[{\"@type\":\"ListItem\",\"position\":1,\"name\":\"Home\",\"item\":\"https:\/\/www.manaus.am.gov.br\/semulsp\/\"},{\"@type\":\"ListItem\",\"position\":2,\"name\":\"Prefeitura garante servi\u00e7os essenciais nos feriados de eleva\u00e7\u00e3o do Amazonas \u00e0 categoria de Prov\u00edncia e Independ\u00eancia do Brasil\"}]},{\"@type\":\"WebSite\",\"@id\":\"https:\/\/www.manaus.am.gov.br\/semulsp\/#website\",\"url\":\"https:\/\/www.manaus.am.gov.br\/semulsp\/\",\"name\":\"SEMULSP\",\"description\":\"Prefeitura de Manaus\",\"publisher\":{\"@id\":\"https:\/\/www.manaus.am.gov.br\/semulsp\/#organization\"},\"alternateName\":\"Secretaria Municipal de Limpeza P\u00fablica\",\"potentialAction\":[{\"@type\":\"SearchAction\",\"target\":{\"@type\":\"EntryPoint\",\"urlTemplate\":\"https:\/\/www.manaus.am.gov.br\/semulsp\/?s={search_term_string}\"},\"query-input\":\"required name=search_term_string\"}],\"inLanguage\":\"pt-BR\"},{\"@type\":\"Organization\",\"@id\":\"https:\/\/www.manaus.am.gov.br\/semulsp\/#organization\",\"name\":\"SEMULSP\",\"alternateName\":\"Secretaria Municipal de Limpeza P\u00fablica\",\"url\":\"https:\/\/www.manaus.am.gov.br\/semulsp\/\",\"logo\":{\"@type\":\"ImageObject\",\"inLanguage\":\"pt-BR\",\"@id\":\"https:\/\/www.manaus.am.gov.br\/semulsp\/#\/schema\/logo\/image\/\",\"url\":\"https:\/\/www.manaus.am.gov.br\/semulsp\/wp-content\/uploads\/sites\/23\/2023\/05\/cropped-favicon.png\",\"contentUrl\":\"https:\/\/www.manaus.am.gov.br\/semulsp\/wp-content\/uploads\/sites\/23\/2023\/05\/cropped-favicon.png\",\"width\":512,\"height\":512,\"caption\":\"SEMULSP\"},\"image\":{\"@id\":\"https:\/\/www.manaus.am.gov.br\/semulsp\/#\/schema\/logo\/image\/\"},\"sameAs\":[\"https:\/\/www.facebook.com\/semulspmanaus\",\"https:\/\/www.instagram.com\/semulspmanaus\/\"]},{\"@type\":\"Person\",\"@id\":\"https:\/\/www.manaus.am.gov.br\/semulsp\/#\/schema\/person\/05d223aea2bf115f9883a6ff3683d81b\",\"name\":\"Bruna Greco\",\"image\":{\"@type\":\"ImageObject\",\"inLanguage\":\"pt-BR\",\"@id\":\"https:\/\/www.manaus.am.gov.br\/semulsp\/#\/schema\/person\/image\/\",\"url\":\"https:\/\/secure.gravatar.com\/avatar\/9c877d1a6adc2a055330e5c09a8653ce?s=96&d=mm&r=g\",\"contentUrl\":\"https:\/\/secure.gravatar.com\/avatar\/9c877d1a6adc2a055330e5c09a8653ce?s=96&d=mm&r=g\",\"caption\":\"Bruna Greco\"}}]}<\/script>\n<!-- \/ Yoast SEO plugin. -->","yoast_head_json":{"title":"Servi\u00e7os essenciais nos feriados de eleva\u00e7\u00e3o do Amazonas \u00e0 categoria de Prov\u00edncia e Independ\u00eancia do Brasil","description":"Prefeitura garante servi\u00e7os essenciais nos feriados de eleva\u00e7\u00e3o do Amazonas \u00e0 categoria de Prov\u00edncia e Independ\u00eancia do Brasil.","robots":{"index":"noindex","follow":"follow"},"og_locale":"pt_BR","og_type":"article","og_title":"Servi\u00e7os essenciais nos feriados de eleva\u00e7\u00e3o do Amazonas \u00e0 categoria de Prov\u00edncia e Independ\u00eancia do Brasil","og_description":"Prefeitura garante servi\u00e7os essenciais nos feriados de eleva\u00e7\u00e3o do Amazonas \u00e0 categoria de Prov\u00edncia e Independ\u00eancia do Brasil.","og_url":"https:\/\/www.manaus.am.gov.br\/semulsp\/servicos-essenciais-feriados\/","og_site_name":"SEMULSP","article_publisher":"https:\/\/www.facebook.com\/semulspmanaus","article_published_time":"2026-09-04T17:13:35+00:00","article_modified_time":"2026-09-04T17:13:37+00:00","og_image":[{"width":900,"height":509,"url":"https:\/\/www.manaus.am.gov.br\/semulsp\/wp-content\/uploads\/sites\/23\/2026\/06\/NOTA-BANNER-SITE.png","type":"image\/png"}],"author":"Bruna Greco","twitter_card":"summary_large_image","twitter_misc":{"Written by":"Bruna Greco","Est. reading time":"5 minutos"},"schema":{"@context":"https:\/\/schema.org","@graph":[{"@type":"Article","@id":"https:\/\/www.manaus.am.gov.br\/semulsp\/servicos-essenciais-feriados\/#article","isPartOf":{"@id":"https:\/\/www.manaus.am.gov.br\/semulsp\/servicos-essenciais-feriados\/"},"author":{"name":"Bruna Greco","@id":"https:\/\/www.manaus.am.gov.br\/semulsp\/#\/schema\/person\/05d223aea2bf115f9883a6ff3683d81b"},"headline":"Prefeitura garante servi\u00e7os essenciais nos feriados de eleva\u00e7\u00e3o do Amazonas \u00e0 categoria de Prov\u00edncia e Independ\u00eancia do Brasil","datePublished":"2026-09-04T17:13:35+00:00","dateModified":"2026-09-04T17:13:37+00:00","mainEntityOfPage":{"@id":"https:\/\/www.manaus.am.gov.br\/semulsp\/servicos-essenciais-feriados\/"},"wordCount":965,"publisher":{"@id":"https:\/\/www.manaus.am.gov.br\/semulsp\/#organization"},"image":{"@id":"https:\/\/www.manaus.am.gov.br\/semulsp\/servicos-essenciais-feriados\/#primaryimage"},"thumbnailUrl":"https:\/\/www.manaus.am.gov.br\/semulsp\/wp-content\/uploads\/sites\/23\/2026\/06\/NOTA-BANNER-SITE.png","keywords":["Eleva\u00e7\u00e3o do Amazonas \u00e0 categoria de Prov\u00edncia","Independ\u00eancia do Brasil","prefeitura de manaus","Semacc","Semasc","semsa","Semtepi","semulsp","servi\u00e7os essenciais"],"articleSection":["Nota"],"inLanguage":"pt-BR"},{"@type":"WebPage","@id":"https:\/\/www.manaus.am.gov.br\/semulsp\/servicos-essenciais-feriados\/","url":"https:\/\/www.manaus.am.gov.br\/semulsp\/servicos-essenciais-feriados\/","name":"Servi\u00e7os essenciais nos feriados de eleva\u00e7\u00e3o do Amazonas \u00e0 categoria de Prov\u00edncia e Independ\u00eancia do Brasil","isPartOf":{"@id":"https:\/\/www.manaus.am.gov.br\/semulsp\/#website"},"primaryImageOfPage":{"@id":"https:\/\/www.manaus.am.gov.br\/semulsp\/servicos-essenciais-feriados\/#primaryimage"},"image":{"@id":"https:\/\/www.manaus.am.gov.br\/semulsp\/servicos-essenciais-feriados\/#primaryimage"},"thumbnailUrl":"https:\/\/www.manaus.am.gov.br\/semulsp\/wp-content\/uploads\/sites\/23\/2026\/06\/NOTA-BANNER-SITE.png","datePublished":"2026-09-04T17:13:35+00:00","dateModified":"2026-09-04T17:13:37+00:00","description":"Prefeitura garante servi\u00e7os essenciais nos feriados de eleva\u00e7\u00e3o do Amazonas \u00e0 categoria de Prov\u00edncia e Independ\u00eancia do Brasil.","breadcrumb":{"@id":"https:\/\/www.manaus.am.gov.br\/semulsp\/servicos-essenciais-feriados\/#breadcrumb"},"inLanguage":"pt-BR","potentialAction":[{"@type":"ReadAction","target":["https:\/\/www.manaus.am.gov.br\/semulsp\/servicos-essenciais-feriados\/"]}]},{"@type":"ImageObject","inLanguage":"pt-BR","@id":"https:\/\/www.manaus.am.gov.br\/semulsp\/servicos-essenciais-feriados\/#primaryimage","url":"https:\/\/www.manaus.am.gov.br\/semulsp\/wp-content\/uploads\/sites\/23\/2026\/06\/NOTA-BANNER-SITE.png","contentUrl":"https:\/\/www.manaus.am.gov.br\/semulsp\/wp-content\/uploads\/sites\/23\/2026\/06\/NOTA-BANNER-SITE.png","width":900,"height":509},{"@type":"BreadcrumbList","@id":"https:\/\/www.manaus.am.gov.br\/semulsp\/servicos-essenciais-feriados\/#breadcrumb","itemListElement":[{"@type":"ListItem","position":1,"name":"Home","item":"https:\/\/www.manaus.am.gov.br\/semulsp\/"},{"@type":"ListItem","position":2,"name":"Prefeitura garante servi\u00e7os essenciais nos feriados de eleva\u00e7\u00e3o do Amazonas \u00e0 categoria de Prov\u00edncia e Independ\u00eancia do Brasil"}]},{"@type":"WebSite","@id":"https:\/\/www.manaus.am.gov.br\/semulsp\/#website","url":"https:\/\/www.manaus.am.gov.br\/semulsp\/","name":"SEMULSP","description":"Prefeitura de Manaus","publisher":{"@id":"https:\/\/www.manaus.am.gov.br\/semulsp\/#organization"},"alternateName":"Secretaria Municipal de Limpeza P\u00fablica","potentialAction":[{"@type":"SearchAction","target":{"@type":"EntryPoint","urlTemplate":"https:\/\/www.manaus.am.gov.br\/semulsp\/?s={search_term_string}"},"query-input":"required name=search_term_string"}],"inLanguage":"pt-BR"},{"@type":"Organization","@id":"https:\/\/www.manaus.am.gov.br\/semulsp\/#organization","name":"SEMULSP","alternateName":"Secretaria Municipal de Limpeza P\u00fablica","url":"https:\/\/www.manaus.am.gov.br\/semulsp\/","logo":{"@type":"ImageObject","inLanguage":"pt-BR","@id":"https:\/\/www.manaus.am.gov.br\/semulsp\/#\/schema\/logo\/image\/","url":"https:\/\/www.manaus.am.gov.br\/semulsp\/wp-content\/uploads\/sites\/23\/2023\/05\/cropped-favicon.png","contentUrl":"https:\/\/www.manaus.am.gov.br\/semulsp\/wp-content\/uploads\/sites\/23\/2023\/05\/cropped-favicon.png","width":512,"height":512,"caption":"SEMULSP"},"image":{"@id":"https:\/\/www.manaus.am.gov.br\/semulsp\/#\/schema\/logo\/image\/"},"sameAs":["https:\/\/www.facebook.com\/semulspmanaus","https:\/\/www.instagram.com\/semulspmanaus\/"]},{"@type":"Person","@id":"https:\/\/www.manaus.am.gov.br\/semulsp\/#\/schema\/person\/05d223aea2bf115f9883a6ff3683d81b","name":"Bruna Greco","image":{"@type":"ImageObject","inLanguage":"pt-BR","@id":"https:\/\/www.manaus.am.gov.br\/semulsp\/#\/schema\/person\/image\/","url":"https:\/\/secure.gravatar.com\/avatar\/9c877d1a6adc2a055330e5c09a8653ce?s=96&d=mm&r=g","contentUrl":"https:\/\/secure.gravatar.com\/avatar\/9c877d1a6adc2a055330e5c09a8653ce?s=96&d=mm&r=g","caption":"Bruna Greco"}}]}},"_links":{"self":[{"href":"https:\/\/www.manaus.am.gov.br\/semulsp\/wp-json\/wp\/v2\/posts\/3921"}],"collection":[{"href":"https:\/\/www.manaus.am.gov.br\/semulsp\/wp-json\/wp\/v2\/posts"}],"about":[{"href":"https:\/\/www.manaus.am.gov.br\/semulsp\/wp-json\/wp\/v2\/types\/post"}],"author":[{"embeddable":true,"href":"https:\/\/www.manaus.am.gov.br\/semulsp\/wp-json\/wp\/v2\/users\/39"}],"replies":[{"embeddable":true,"href":"https:\/\/www.manaus.am.gov.br\/semulsp\/wp-json\/wp\/v2\/comments?post=3921"}],"version-history":[{"count":0,"href":"https:\/\/www.manaus.am.gov.br\/semulsp\/wp-json\/wp\/v2\/posts\/3921\/revisions"}],"wp:featuredmedia":[{"embeddable":true,"href":"https:\/\/www.manaus.am.gov.br\/semulsp\/wp-json\/wp\/v2\/media\/3177"}],"wp:attachment":[{"href":"https:\/\/www.manaus.am.gov.br\/semulsp\/wp-json\/wp\/v2\/media?parent=3921"}],"wp:term":[{"taxonomy":"category","embeddable":true,"href":"https:\/\/www.manaus.am.gov.br\/semulsp\/wp-json\/wp\/v2\/categories?post=3921"},{"taxonomy":"post_tag","embeddable":true,"href":"https:\/\/www.manaus.am.gov.br\/semulsp\/wp-json\/wp\/v2\/tags?post=3921"}],"curies":[{"name":"wp","href":"https:\/\/api.w.org\/{rel}","templated":true}]}}