{"id":3900,"date":"2026-09-02T13:35:33","date_gmt":"2026-09-02T17:35:33","guid":{"rendered":"https:\/\/www.manaus.am.gov.br\/semulsp\/combate-lixeiras-irregulares-colonia-terra-nova\/"},"modified":"2026-09-02T13:35:33","modified_gmt":"2026-09-02T17:35:33","slug":"combate-lixeiras-irregulares-colonia-terra-nova","status":"publish","type":"post","link":"https:\/\/www.manaus.am.gov.br\/semulsp\/combate-lixeiras-irregulares-colonia-terra-nova\/","title":{"rendered":"Prefeitura de Manaus intensifica combate \u00e0 lixeiras irregulares com for\u00e7a-tarefa em 12 ruas no bairro Col\u00f4nia Terra Nova"},"content":{"rendered":"\n<p>A Prefeitura de Manaus, por meio da Secretaria Municipal de Limpeza Urbana (Semulsp), intensificou, nesta quarta-feira, 2 de setembro, as a\u00e7\u00f5es de combate \u00e0s lixeiras irregulares no bairro Col\u00f4nia Terra Nova, na zona Norte da capital. A for\u00e7a-tarefa atende 12 ruas e tem a estimativa de retirar cerca de 300 toneladas de res\u00edduos descartados de forma inadequada.<\/p>\n\n\n\n<p>O trabalho \u00e9 realizado em pontos onde o ac\u00famulo de lixo se tornou recorrente. A a\u00e7\u00e3o busca eliminar as chamadas \u201clixeiras viciadas\u201d e devolver \u00e0s ruas um ambiente mais limpo, organizado e saud\u00e1vel para quem mora na regi\u00e3o.<\/p>\n\n\n\n<p>Segundo o subsecret\u00e1rio da Semulsp, Jairo Santos, manter a cidade limpa \u00e9 uma responsabilidade compartilhada entre o poder p\u00fablico e a popula\u00e7\u00e3o.<\/p>\n\n\n\n<p>\u201cIntensificamos o trabalho de combate \u00e0s lixeiras irregulares, porque esse \u00e9 um dos grandes problemas que a Secretaria de Limpeza Urbana tem enfrentado. Isso n\u00e3o depende apenas da prefeitura e da limpeza, depende tamb\u00e9m do comportamento das pessoas. O lixo deve ser armazenado e descartado da forma correta\u201d, destacou Jairo.<\/p>\n\n\n\n<p>Al\u00e9m do impacto visual, o descarte irregular prejudica o ambiente urbano e pode comprometer a qualidade de vida dos moradores. Jairo Santos explica que a mudan\u00e7a come\u00e7a tamb\u00e9m pela conscientiza\u00e7\u00e3o de quem vive na cidade.<\/p>\n\n\n\n<p>\u201cN\u00f3s identificamos que o bairro Col\u00f4nia Terra Nova est\u00e1 com um grande ac\u00famulo desse material nas ruas. E n\u00f3s vamos sair daqui com a miss\u00e3o cumprida, retirar todo esse lixo e levar para o local adequado, que \u00e9 o lugar de destina\u00e7\u00e3o dos res\u00edduos\u201d, pontuou.<\/p>\n\n\n\n<p>E quem vive na regi\u00e3o sabe, na pr\u00e1tica, a diferen\u00e7a que uma rua limpa faz no dia a dia. Morador do bairro, Jos\u00e9 Vinicius Torres Filho refor\u00e7a que a limpeza tamb\u00e9m depende da atitude de cada cidad\u00e3o. \u201cUma cidade limpa \u00e9 muito importante. Eu acho que o cart\u00e3o-postal da cidade \u00e9 uma cidade limpa\u201d, disse.<\/p>\n\n\n\n<p>Para o morador, \u00e9 preciso mudar h\u00e1bitos e evitar que os espa\u00e7os p\u00fablicos sejam usados como pontos de descarte. Ele faz um apelo para que cada pessoa cuide tamb\u00e9m da limpeza no entorno da pr\u00f3pria casa. \u201cEu quero que essas pessoas tenham mais consci\u00eancia e procurem ser mais educadas com elas mesmas, com a sua pr\u00f3pria limpeza\u201d, comentou.<\/p>\n\n\n\n<p>O cuidado com o lixo tamb\u00e9m significa cuidar da sa\u00fade e do meio ambiente. Em uma cidade cercada por rios e igarap\u00e9s, o descarte incorreto pode fazer com que os res\u00edduos cheguem aos cursos d\u2019\u00e1gua e retornem para a pr\u00f3pria popula\u00e7\u00e3o.<\/p>\n\n\n\n<p>\u201cAcima de tudo, a limpeza \u00e9 a base de tudo, \u00e9 a base da sa\u00fade, porque onde h\u00e1 sujeira, h\u00e1 doen\u00e7a. Ent\u00e3o, se esses lugares forem limpos e as pessoas tiverem consci\u00eancia, eu acredito que n\u00f3s vamos ter uma condi\u00e7\u00e3o de vida melhor. Melhora 100%\u201d, ressaltou Jos\u00e9.<\/p>\n\n\n\n<p>Depois de recolhido, todo o material retirado das 12 ruas ser\u00e1 encaminhado para a destina\u00e7\u00e3o adequada. A medida evita que os res\u00edduos voltem para os pontos de descarte irregular e contribui para uma cidade mais limpa, saud\u00e1vel e preparada para todos.<\/p>\n\n\n\n<figure class=\"wp-block-image size-large\"><img loading=\"lazy\" decoding=\"async\" width=\"1024\" height=\"683\" src=\"https:\/\/www.manaus.am.gov.br\/semulsp\/wp-content\/uploads\/sites\/23\/2026\/09\/55504300123_a6c740d24b_k-1024x683.jpg\" alt=\"\" class=\"wp-image-3902\" srcset=\"https:\/\/www.manaus.am.gov.br\/semulsp\/wp-content\/uploads\/sites\/23\/2026\/09\/55504300123_a6c740d24b_k-1024x683.jpg 1024w, https:\/\/www.manaus.am.gov.br\/semulsp\/wp-content\/uploads\/sites\/23\/2026\/09\/55504300123_a6c740d24b_k-300x200.jpg 300w, https:\/\/www.manaus.am.gov.br\/semulsp\/wp-content\/uploads\/sites\/23\/2026\/09\/55504300123_a6c740d24b_k-768x512.jpg 768w, https:\/\/www.manaus.am.gov.br\/semulsp\/wp-content\/uploads\/sites\/23\/2026\/09\/55504300123_a6c740d24b_k-1536x1024.jpg 1536w, https:\/\/www.manaus.am.gov.br\/semulsp\/wp-content\/uploads\/sites\/23\/2026\/09\/55504300123_a6c740d24b_k.jpg 2048w\" sizes=\"(max-width: 1024px) 100vw, 1024px\" \/><figcaption class=\"wp-element-caption\">#paratodosverem &#8211; Varri\u00e7\u00e3o<\/figcaption><\/figure>\n\n\n\n<p>&#8212; &#8212; &#8212;<\/p>\n\n\n\n<p><strong>Texto<\/strong>&nbsp;\u2013 Marcilene Frutuoso\/Semcom<\/p>\n\n\n\n<p><strong>Fotos <\/strong>\u2013 Arielle Lorena\/Semcom<\/p>\n\n\n\n<p><strong>Dispon\u00edveis em &#8211; <\/strong><a href=\"https:\/\/flic.kr\/s\/aHBqjD41jL\">https:\/\/flic.kr\/s\/aHBqjD41jL<\/a><\/p>\n","protected":false},"excerpt":{"rendered":"","protected":false},"author":39,"featured_media":3901,"comment_status":"closed","ping_status":"closed","sticky":false,"template":"","format":"standard","meta":{"footnotes":""},"categories":[38],"tags":[1222,1223,1224,510,10,19],"acf":[],"yoast_head":"<!-- This site is optimized with the Yoast SEO plugin v23.0 - https:\/\/yoast.com\/wordpress\/plugins\/seo\/ -->\n<title>Combate \u00e0 lixeiras irregulares no bairro Col\u00f4nia Terra Nova<\/title>\n<meta name=\"description\" content=\"Prefeitura de Manaus intensifica combate \u00e0 lixeiras irregulares com for\u00e7a-tarefa em 12 ruas no bairro Col\u00f4nia Terra Nova.\" \/>\n<meta name=\"robots\" content=\"noindex, follow\" \/>\n<meta property=\"og:locale\" content=\"pt_BR\" \/>\n<meta property=\"og:type\" content=\"article\" \/>\n<meta property=\"og:title\" content=\"Combate \u00e0 lixeiras irregulares no bairro Col\u00f4nia Terra Nova\" \/>\n<meta property=\"og:description\" content=\"Prefeitura de Manaus intensifica combate \u00e0 lixeiras irregulares com for\u00e7a-tarefa em 12 ruas no bairro Col\u00f4nia Terra Nova.\" \/>\n<meta property=\"og:url\" content=\"https:\/\/www.manaus.am.gov.br\/semulsp\/combate-lixeiras-irregulares-colonia-terra-nova\/\" \/>\n<meta property=\"og:site_name\" content=\"SEMULSP\" \/>\n<meta property=\"article:publisher\" content=\"https:\/\/www.facebook.com\/semulspmanaus\" \/>\n<meta property=\"article:published_time\" content=\"2026-09-02T17:35:33+00:00\" \/>\n<meta property=\"og:image\" content=\"https:\/\/www.manaus.am.gov.br\/semulsp\/wp-content\/uploads\/sites\/23\/2026\/09\/55504199836_653a2ac3dd_k.jpg\" \/>\n\t<meta property=\"og:image:width\" content=\"2048\" \/>\n\t<meta property=\"og:image:height\" content=\"1365\" \/>\n\t<meta property=\"og:image:type\" content=\"image\/jpeg\" \/>\n<meta name=\"author\" content=\"Bruna Greco\" \/>\n<meta name=\"twitter:card\" content=\"summary_large_image\" \/>\n<meta name=\"twitter:label1\" content=\"Written by\" \/>\n\t<meta name=\"twitter:data1\" content=\"Bruna Greco\" \/>\n\t<meta name=\"twitter:label2\" content=\"Est. reading time\" \/>\n\t<meta name=\"twitter:data2\" content=\"4 minutos\" \/>\n<script type=\"application\/ld+json\" class=\"yoast-schema-graph\">{\"@context\":\"https:\/\/schema.org\",\"@graph\":[{\"@type\":\"Article\",\"@id\":\"https:\/\/www.manaus.am.gov.br\/semulsp\/combate-lixeiras-irregulares-colonia-terra-nova\/#article\",\"isPartOf\":{\"@id\":\"https:\/\/www.manaus.am.gov.br\/semulsp\/combate-lixeiras-irregulares-colonia-terra-nova\/\"},\"author\":{\"name\":\"Bruna Greco\",\"@id\":\"https:\/\/www.manaus.am.gov.br\/semulsp\/#\/schema\/person\/05d223aea2bf115f9883a6ff3683d81b\"},\"headline\":\"Prefeitura de Manaus intensifica combate \u00e0 lixeiras irregulares com for\u00e7a-tarefa em 12 ruas no bairro Col\u00f4nia Terra Nova\",\"datePublished\":\"2026-09-02T17:35:33+00:00\",\"dateModified\":\"2026-09-02T17:35:33+00:00\",\"mainEntityOfPage\":{\"@id\":\"https:\/\/www.manaus.am.gov.br\/semulsp\/combate-lixeiras-irregulares-colonia-terra-nova\/\"},\"wordCount\":574,\"publisher\":{\"@id\":\"https:\/\/www.manaus.am.gov.br\/semulsp\/#organization\"},\"image\":{\"@id\":\"https:\/\/www.manaus.am.gov.br\/semulsp\/combate-lixeiras-irregulares-colonia-terra-nova\/#primaryimage\"},\"thumbnailUrl\":\"https:\/\/www.manaus.am.gov.br\/semulsp\/wp-content\/uploads\/sites\/23\/2026\/09\/55504199836_653a2ac3dd_k.jpg\",\"keywords\":[\"12 ruas\",\"bairro Col\u00f4nia Terra Nova\",\"Combate \u00e0 lixeiras irregulares\",\"for\u00e7a-tarefa\",\"prefeitura de manaus\",\"semulsp\"],\"articleSection\":[\"Limpeza\"],\"inLanguage\":\"pt-BR\"},{\"@type\":\"WebPage\",\"@id\":\"https:\/\/www.manaus.am.gov.br\/semulsp\/combate-lixeiras-irregulares-colonia-terra-nova\/\",\"url\":\"https:\/\/www.manaus.am.gov.br\/semulsp\/combate-lixeiras-irregulares-colonia-terra-nova\/\",\"name\":\"Combate \u00e0 lixeiras irregulares no bairro Col\u00f4nia Terra Nova\",\"isPartOf\":{\"@id\":\"https:\/\/www.manaus.am.gov.br\/semulsp\/#website\"},\"primaryImageOfPage\":{\"@id\":\"https:\/\/www.manaus.am.gov.br\/semulsp\/combate-lixeiras-irregulares-colonia-terra-nova\/#primaryimage\"},\"image\":{\"@id\":\"https:\/\/www.manaus.am.gov.br\/semulsp\/combate-lixeiras-irregulares-colonia-terra-nova\/#primaryimage\"},\"thumbnailUrl\":\"https:\/\/www.manaus.am.gov.br\/semulsp\/wp-content\/uploads\/sites\/23\/2026\/09\/55504199836_653a2ac3dd_k.jpg\",\"datePublished\":\"2026-09-02T17:35:33+00:00\",\"dateModified\":\"2026-09-02T17:35:33+00:00\",\"description\":\"Prefeitura de Manaus intensifica combate \u00e0 lixeiras irregulares com for\u00e7a-tarefa em 12 ruas no bairro Col\u00f4nia Terra Nova.\",\"breadcrumb\":{\"@id\":\"https:\/\/www.manaus.am.gov.br\/semulsp\/combate-lixeiras-irregulares-colonia-terra-nova\/#breadcrumb\"},\"inLanguage\":\"pt-BR\",\"potentialAction\":[{\"@type\":\"ReadAction\",\"target\":[\"https:\/\/www.manaus.am.gov.br\/semulsp\/combate-lixeiras-irregulares-colonia-terra-nova\/\"]}]},{\"@type\":\"ImageObject\",\"inLanguage\":\"pt-BR\",\"@id\":\"https:\/\/www.manaus.am.gov.br\/semulsp\/combate-lixeiras-irregulares-colonia-terra-nova\/#primaryimage\",\"url\":\"https:\/\/www.manaus.am.gov.br\/semulsp\/wp-content\/uploads\/sites\/23\/2026\/09\/55504199836_653a2ac3dd_k.jpg\",\"contentUrl\":\"https:\/\/www.manaus.am.gov.br\/semulsp\/wp-content\/uploads\/sites\/23\/2026\/09\/55504199836_653a2ac3dd_k.jpg\",\"width\":2048,\"height\":1365,\"caption\":\"#paratodosverem - Coleta de lixo em combate \u00e0 lixeira viciada em rua no bairro Col\u00f4nia Terra Nova\"},{\"@type\":\"BreadcrumbList\",\"@id\":\"https:\/\/www.manaus.am.gov.br\/semulsp\/combate-lixeiras-irregulares-colonia-terra-nova\/#breadcrumb\",\"itemListElement\":[{\"@type\":\"ListItem\",\"position\":1,\"name\":\"Home\",\"item\":\"https:\/\/www.manaus.am.gov.br\/semulsp\/\"},{\"@type\":\"ListItem\",\"position\":2,\"name\":\"Prefeitura de Manaus intensifica combate \u00e0 lixeiras irregulares com for\u00e7a-tarefa em 12 ruas no bairro Col\u00f4nia Terra Nova\"}]},{\"@type\":\"WebSite\",\"@id\":\"https:\/\/www.manaus.am.gov.br\/semulsp\/#website\",\"url\":\"https:\/\/www.manaus.am.gov.br\/semulsp\/\",\"name\":\"SEMULSP\",\"description\":\"Prefeitura de Manaus\",\"publisher\":{\"@id\":\"https:\/\/www.manaus.am.gov.br\/semulsp\/#organization\"},\"alternateName\":\"Secretaria Municipal de Limpeza P\u00fablica\",\"potentialAction\":[{\"@type\":\"SearchAction\",\"target\":{\"@type\":\"EntryPoint\",\"urlTemplate\":\"https:\/\/www.manaus.am.gov.br\/semulsp\/?s={search_term_string}\"},\"query-input\":\"required name=search_term_string\"}],\"inLanguage\":\"pt-BR\"},{\"@type\":\"Organization\",\"@id\":\"https:\/\/www.manaus.am.gov.br\/semulsp\/#organization\",\"name\":\"SEMULSP\",\"alternateName\":\"Secretaria Municipal de Limpeza P\u00fablica\",\"url\":\"https:\/\/www.manaus.am.gov.br\/semulsp\/\",\"logo\":{\"@type\":\"ImageObject\",\"inLanguage\":\"pt-BR\",\"@id\":\"https:\/\/www.manaus.am.gov.br\/semulsp\/#\/schema\/logo\/image\/\",\"url\":\"https:\/\/www.manaus.am.gov.br\/semulsp\/wp-content\/uploads\/sites\/23\/2023\/05\/cropped-favicon.png\",\"contentUrl\":\"https:\/\/www.manaus.am.gov.br\/semulsp\/wp-content\/uploads\/sites\/23\/2023\/05\/cropped-favicon.png\",\"width\":512,\"height\":512,\"caption\":\"SEMULSP\"},\"image\":{\"@id\":\"https:\/\/www.manaus.am.gov.br\/semulsp\/#\/schema\/logo\/image\/\"},\"sameAs\":[\"https:\/\/www.facebook.com\/semulspmanaus\",\"https:\/\/www.instagram.com\/semulspmanaus\/\"]},{\"@type\":\"Person\",\"@id\":\"https:\/\/www.manaus.am.gov.br\/semulsp\/#\/schema\/person\/05d223aea2bf115f9883a6ff3683d81b\",\"name\":\"Bruna Greco\",\"image\":{\"@type\":\"ImageObject\",\"inLanguage\":\"pt-BR\",\"@id\":\"https:\/\/www.manaus.am.gov.br\/semulsp\/#\/schema\/person\/image\/\",\"url\":\"https:\/\/secure.gravatar.com\/avatar\/9c877d1a6adc2a055330e5c09a8653ce?s=96&d=mm&r=g\",\"contentUrl\":\"https:\/\/secure.gravatar.com\/avatar\/9c877d1a6adc2a055330e5c09a8653ce?s=96&d=mm&r=g\",\"caption\":\"Bruna Greco\"}}]}<\/script>\n<!-- \/ Yoast SEO plugin. -->","yoast_head_json":{"title":"Combate \u00e0 lixeiras irregulares no bairro Col\u00f4nia Terra Nova","description":"Prefeitura de Manaus intensifica combate \u00e0 lixeiras irregulares com for\u00e7a-tarefa em 12 ruas no bairro Col\u00f4nia Terra Nova.","robots":{"index":"noindex","follow":"follow"},"og_locale":"pt_BR","og_type":"article","og_title":"Combate \u00e0 lixeiras irregulares no bairro Col\u00f4nia Terra Nova","og_description":"Prefeitura de Manaus intensifica combate \u00e0 lixeiras irregulares com for\u00e7a-tarefa em 12 ruas no bairro Col\u00f4nia Terra Nova.","og_url":"https:\/\/www.manaus.am.gov.br\/semulsp\/combate-lixeiras-irregulares-colonia-terra-nova\/","og_site_name":"SEMULSP","article_publisher":"https:\/\/www.facebook.com\/semulspmanaus","article_published_time":"2026-09-02T17:35:33+00:00","og_image":[{"width":2048,"height":1365,"url":"https:\/\/www.manaus.am.gov.br\/semulsp\/wp-content\/uploads\/sites\/23\/2026\/09\/55504199836_653a2ac3dd_k.jpg","type":"image\/jpeg"}],"author":"Bruna Greco","twitter_card":"summary_large_image","twitter_misc":{"Written by":"Bruna Greco","Est. reading time":"4 minutos"},"schema":{"@context":"https:\/\/schema.org","@graph":[{"@type":"Article","@id":"https:\/\/www.manaus.am.gov.br\/semulsp\/combate-lixeiras-irregulares-colonia-terra-nova\/#article","isPartOf":{"@id":"https:\/\/www.manaus.am.gov.br\/semulsp\/combate-lixeiras-irregulares-colonia-terra-nova\/"},"author":{"name":"Bruna Greco","@id":"https:\/\/www.manaus.am.gov.br\/semulsp\/#\/schema\/person\/05d223aea2bf115f9883a6ff3683d81b"},"headline":"Prefeitura de Manaus intensifica combate \u00e0 lixeiras irregulares com for\u00e7a-tarefa em 12 ruas no bairro Col\u00f4nia Terra Nova","datePublished":"2026-09-02T17:35:33+00:00","dateModified":"2026-09-02T17:35:33+00:00","mainEntityOfPage":{"@id":"https:\/\/www.manaus.am.gov.br\/semulsp\/combate-lixeiras-irregulares-colonia-terra-nova\/"},"wordCount":574,"publisher":{"@id":"https:\/\/www.manaus.am.gov.br\/semulsp\/#organization"},"image":{"@id":"https:\/\/www.manaus.am.gov.br\/semulsp\/combate-lixeiras-irregulares-colonia-terra-nova\/#primaryimage"},"thumbnailUrl":"https:\/\/www.manaus.am.gov.br\/semulsp\/wp-content\/uploads\/sites\/23\/2026\/09\/55504199836_653a2ac3dd_k.jpg","keywords":["12 ruas","bairro Col\u00f4nia Terra Nova","Combate \u00e0 lixeiras irregulares","for\u00e7a-tarefa","prefeitura de manaus","semulsp"],"articleSection":["Limpeza"],"inLanguage":"pt-BR"},{"@type":"WebPage","@id":"https:\/\/www.manaus.am.gov.br\/semulsp\/combate-lixeiras-irregulares-colonia-terra-nova\/","url":"https:\/\/www.manaus.am.gov.br\/semulsp\/combate-lixeiras-irregulares-colonia-terra-nova\/","name":"Combate \u00e0 lixeiras irregulares no bairro Col\u00f4nia Terra Nova","isPartOf":{"@id":"https:\/\/www.manaus.am.gov.br\/semulsp\/#website"},"primaryImageOfPage":{"@id":"https:\/\/www.manaus.am.gov.br\/semulsp\/combate-lixeiras-irregulares-colonia-terra-nova\/#primaryimage"},"image":{"@id":"https:\/\/www.manaus.am.gov.br\/semulsp\/combate-lixeiras-irregulares-colonia-terra-nova\/#primaryimage"},"thumbnailUrl":"https:\/\/www.manaus.am.gov.br\/semulsp\/wp-content\/uploads\/sites\/23\/2026\/09\/55504199836_653a2ac3dd_k.jpg","datePublished":"2026-09-02T17:35:33+00:00","dateModified":"2026-09-02T17:35:33+00:00","description":"Prefeitura de Manaus intensifica combate \u00e0 lixeiras irregulares com for\u00e7a-tarefa em 12 ruas no bairro Col\u00f4nia Terra Nova.","breadcrumb":{"@id":"https:\/\/www.manaus.am.gov.br\/semulsp\/combate-lixeiras-irregulares-colonia-terra-nova\/#breadcrumb"},"inLanguage":"pt-BR","potentialAction":[{"@type":"ReadAction","target":["https:\/\/www.manaus.am.gov.br\/semulsp\/combate-lixeiras-irregulares-colonia-terra-nova\/"]}]},{"@type":"ImageObject","inLanguage":"pt-BR","@id":"https:\/\/www.manaus.am.gov.br\/semulsp\/combate-lixeiras-irregulares-colonia-terra-nova\/#primaryimage","url":"https:\/\/www.manaus.am.gov.br\/semulsp\/wp-content\/uploads\/sites\/23\/2026\/09\/55504199836_653a2ac3dd_k.jpg","contentUrl":"https:\/\/www.manaus.am.gov.br\/semulsp\/wp-content\/uploads\/sites\/23\/2026\/09\/55504199836_653a2ac3dd_k.jpg","width":2048,"height":1365,"caption":"#paratodosverem - Coleta de lixo em combate \u00e0 lixeira viciada em rua no bairro Col\u00f4nia Terra Nova"},{"@type":"BreadcrumbList","@id":"https:\/\/www.manaus.am.gov.br\/semulsp\/combate-lixeiras-irregulares-colonia-terra-nova\/#breadcrumb","itemListElement":[{"@type":"ListItem","position":1,"name":"Home","item":"https:\/\/www.manaus.am.gov.br\/semulsp\/"},{"@type":"ListItem","position":2,"name":"Prefeitura de Manaus intensifica combate \u00e0 lixeiras irregulares com for\u00e7a-tarefa em 12 ruas no bairro Col\u00f4nia Terra Nova"}]},{"@type":"WebSite","@id":"https:\/\/www.manaus.am.gov.br\/semulsp\/#website","url":"https:\/\/www.manaus.am.gov.br\/semulsp\/","name":"SEMULSP","description":"Prefeitura de Manaus","publisher":{"@id":"https:\/\/www.manaus.am.gov.br\/semulsp\/#organization"},"alternateName":"Secretaria Municipal de Limpeza P\u00fablica","potentialAction":[{"@type":"SearchAction","target":{"@type":"EntryPoint","urlTemplate":"https:\/\/www.manaus.am.gov.br\/semulsp\/?s={search_term_string}"},"query-input":"required name=search_term_string"}],"inLanguage":"pt-BR"},{"@type":"Organization","@id":"https:\/\/www.manaus.am.gov.br\/semulsp\/#organization","name":"SEMULSP","alternateName":"Secretaria Municipal de Limpeza P\u00fablica","url":"https:\/\/www.manaus.am.gov.br\/semulsp\/","logo":{"@type":"ImageObject","inLanguage":"pt-BR","@id":"https:\/\/www.manaus.am.gov.br\/semulsp\/#\/schema\/logo\/image\/","url":"https:\/\/www.manaus.am.gov.br\/semulsp\/wp-content\/uploads\/sites\/23\/2023\/05\/cropped-favicon.png","contentUrl":"https:\/\/www.manaus.am.gov.br\/semulsp\/wp-content\/uploads\/sites\/23\/2023\/05\/cropped-favicon.png","width":512,"height":512,"caption":"SEMULSP"},"image":{"@id":"https:\/\/www.manaus.am.gov.br\/semulsp\/#\/schema\/logo\/image\/"},"sameAs":["https:\/\/www.facebook.com\/semulspmanaus","https:\/\/www.instagram.com\/semulspmanaus\/"]},{"@type":"Person","@id":"https:\/\/www.manaus.am.gov.br\/semulsp\/#\/schema\/person\/05d223aea2bf115f9883a6ff3683d81b","name":"Bruna Greco","image":{"@type":"ImageObject","inLanguage":"pt-BR","@id":"https:\/\/www.manaus.am.gov.br\/semulsp\/#\/schema\/person\/image\/","url":"https:\/\/secure.gravatar.com\/avatar\/9c877d1a6adc2a055330e5c09a8653ce?s=96&d=mm&r=g","contentUrl":"https:\/\/secure.gravatar.com\/avatar\/9c877d1a6adc2a055330e5c09a8653ce?s=96&d=mm&r=g","caption":"Bruna Greco"}}]}},"_links":{"self":[{"href":"https:\/\/www.manaus.am.gov.br\/semulsp\/wp-json\/wp\/v2\/posts\/3900"}],"collection":[{"href":"https:\/\/www.manaus.am.gov.br\/semulsp\/wp-json\/wp\/v2\/posts"}],"about":[{"href":"https:\/\/www.manaus.am.gov.br\/semulsp\/wp-json\/wp\/v2\/types\/post"}],"author":[{"embeddable":true,"href":"https:\/\/www.manaus.am.gov.br\/semulsp\/wp-json\/wp\/v2\/users\/39"}],"replies":[{"embeddable":true,"href":"https:\/\/www.manaus.am.gov.br\/semulsp\/wp-json\/wp\/v2\/comments?post=3900"}],"version-history":[{"count":1,"href":"https:\/\/www.manaus.am.gov.br\/semulsp\/wp-json\/wp\/v2\/posts\/3900\/revisions"}],"predecessor-version":[{"id":3903,"href":"https:\/\/www.manaus.am.gov.br\/semulsp\/wp-json\/wp\/v2\/posts\/3900\/revisions\/3903"}],"wp:featuredmedia":[{"embeddable":true,"href":"https:\/\/www.manaus.am.gov.br\/semulsp\/wp-json\/wp\/v2\/media\/3901"}],"wp:attachment":[{"href":"https:\/\/www.manaus.am.gov.br\/semulsp\/wp-json\/wp\/v2\/media?parent=3900"}],"wp:term":[{"taxonomy":"category","embeddable":true,"href":"https:\/\/www.manaus.am.gov.br\/semulsp\/wp-json\/wp\/v2\/categories?post=3900"},{"taxonomy":"post_tag","embeddable":true,"href":"https:\/\/www.manaus.am.gov.br\/semulsp\/wp-json\/wp\/v2\/tags?post=3900"}],"curies":[{"name":"wp","href":"https:\/\/api.w.org\/{rel}","templated":true}]}}