{"id":3080,"date":"2026-04-23T22:17:23","date_gmt":"2026-04-24T02:17:23","guid":{"rendered":"https:\/\/www.manaus.am.gov.br\/semulsp\/media-nacional-coleta-de-lixo\/"},"modified":"2026-04-24T13:40:52","modified_gmt":"2026-04-24T17:40:52","slug":"media-nacional-coleta-de-lixo","status":"publish","type":"post","link":"https:\/\/www.manaus.am.gov.br\/semulsp\/media-nacional-coleta-de-lixo\/","title":{"rendered":"Manaus supera m\u00e9dia nacional e se destaca na coleta de lixo com 98% dos domic\u00edlios atendidos, aponta IBGE"},"content":{"rendered":"\n<p>A capital amazonense se consolida como uma das capitais com maior cobertura de coleta de lixo domiciliar do pa\u00eds, com 98,4% dos domic\u00edlios da cidade atendidos, em 2025, pelo servi\u00e7o da <a href=\"https:\/\/www.manaus.am.gov.br\/\">Prefeitura de Manaus<\/a>. Os dados, divulgados pelo Instituto Brasileiro de Geografia e Estat\u00edstica (IBGE), refor\u00e7am o alcance das pol\u00edticas p\u00fablicas executadas pela <a href=\"https:\/\/www.instagram.com\/semulspmanaus\/\">Secretaria Municipal de Limpeza Urbana<\/a> (Semulsp).<\/p>\n\n\n\n<p>O \u00edndice de Manaus est\u00e1 acima da m\u00e9dia nacional, estimada em quase 93%, conforme o levantamento da Pesquisa Nacional por Amostra de Domic\u00edlios Cont\u00ednua (Pnad Cont\u00ednua) \u2013 Moradores e Domic\u00edlios 2025, do IBGE. O destaque da capital amazonense \u00e9 tamb\u00e9m em rela\u00e7\u00e3o ao resultado da regi\u00e3o Norte, que \u00e9 de 78,5%.&nbsp;<\/p>\n\n\n\n<p>&nbsp;\u201cEsse resultado mostra que estamos no caminho certo. Manaus avan\u00e7ou muito e, hoje, tem um servi\u00e7o de coleta que chega praticamente a toda a cidade, inclusive em \u00e1reas onde antes n\u00e3o havia cobertura. Isso \u00e9 qualidade de vida, sa\u00fade p\u00fablica e respeito com a popula\u00e7\u00e3o\u201d, afirmou o prefeito de Manaus, Renato Junior.&nbsp;<\/p>\n\n\n\n<p>Atualmente, a Semulsp mant\u00e9m 140 rotas de coleta domiciliar, que operam de segunda a s\u00e1bado, em regime de 24 horas, distribu\u00eddas em cinco turnos operacionais, garantindo a presen\u00e7a quase na totalidade dos bairros da cidade.<br><\/p>\n\n\n\n<figure class=\"wp-block-image size-full\"><img loading=\"lazy\" decoding=\"async\" width=\"764\" height=\"474\" src=\"https:\/\/www.manaus.am.gov.br\/semulsp\/wp-content\/uploads\/sites\/23\/2026\/04\/Manaus-supera-media-nacional-e-se-destaca-na-coleta-de-lixo-com-98-dos-domicilios-atendidos-aponta-IBGE.jpeg\" alt=\"\" class=\"wp-image-3083\" srcset=\"https:\/\/www.manaus.am.gov.br\/semulsp\/wp-content\/uploads\/sites\/23\/2026\/04\/Manaus-supera-media-nacional-e-se-destaca-na-coleta-de-lixo-com-98-dos-domicilios-atendidos-aponta-IBGE.jpeg 764w, https:\/\/www.manaus.am.gov.br\/semulsp\/wp-content\/uploads\/sites\/23\/2026\/04\/Manaus-supera-media-nacional-e-se-destaca-na-coleta-de-lixo-com-98-dos-domicilios-atendidos-aponta-IBGE-300x186.jpeg 300w\" sizes=\"(max-width: 764px) 100vw, 764px\" \/><figcaption class=\"wp-element-caption\">#paratodosverem &#8211; Equipe da Semulsp realizando coleta domiciliar <\/figcaption><\/figure>\n\n\n\n<p><strong>Expans\u00e3o na zona rural<\/strong><\/p>\n\n\n\n<p>Outro avan\u00e7o importante est\u00e1 na amplia\u00e7\u00e3o da coleta domiciliar na zona rural. At\u00e9 2021, o servi\u00e7o contemplava apenas cinco comunidades. Hoje, a coleta j\u00e1 atende 14 comunidades rurais, ribeirinhas e ind\u00edgenas, ampliando o acesso ao servi\u00e7o em \u00e1reas historicamente mais desafiadoras.<\/p>\n\n\n\n<p>Na zona rural, a Semulsp conta com estrat\u00e9gias adaptadas \u00e0 realidade local, como o uso de coletores flutuantes e a atua\u00e7\u00e3o de garis comunit\u00e1rios, fortalecendo o alcance das a\u00e7\u00f5es e promovendo a conscientiza\u00e7\u00e3o ambiental junto \u00e0s comunidades.<\/p>\n\n\n\n<p>O secret\u00e1rio municipal de Limpeza Urbana, Sab\u00e1 Reis, ressaltou que o avan\u00e7o \u00e9 fruto de planejamento e presen\u00e7a constante das equipes.<\/p>\n\n\n\n<p>\u201cA gente est\u00e1 falando de um servi\u00e7o que funciona todos os dias, com equipes em todas as zonas e tamb\u00e9m na \u00e1rea rural. A amplia\u00e7\u00e3o dessas rotas e a presen\u00e7a nas comunidades mostram que a limpeza urbana, hoje, alcan\u00e7a onde antes n\u00e3o chegava. Isso \u00e9 resultado de organiza\u00e7\u00e3o, investimento e do trabalho dos nossos garis\u201d, destacou.<\/p>\n\n\n\n<p>A amplia\u00e7\u00e3o da cobertura est\u00e1 diretamente ligada \u00e0 expans\u00e3o das rotas, ao fortalecimento da estrutura operacional e \u00e0 atua\u00e7\u00e3o permanente das equipes em campo, consolidando Manaus como refer\u00eancia na regi\u00e3o Norte em limpeza urbana.<\/p>\n\n\n\n<p><strong>Combate \u00e0s lixeiras viciadas<\/strong><br><\/p>\n\n\n\n<p>Mesmo com a coleta de lixo domiciliar alcan\u00e7ando mais de 97% dos domic\u00edlios em Manaus, conforme dados do IBGE, o descarte irregular ainda \u00e9 um dos principais desafios da limpeza urbana na capital.<\/p>\n\n\n\n<p>As chamadas lixeiras viciadas surgem a partir do h\u00e1bito de descarte fora dos dias e hor\u00e1rios da coleta, transformando \u00e1reas p\u00fablicas em pontos recorrentes de ac\u00famulo de res\u00edduos.<\/p>\n\n\n\n<p>Para conter o problema, a Prefeitura de Manaus, por meio da Semulsp, mant\u00e9m uma for\u00e7a-tarefa permanente com a\u00e7\u00f5es de limpeza, monitoramento e recupera\u00e7\u00e3o desses espa\u00e7os, al\u00e9m de iniciativas educativas para evitar a reincid\u00eancia.<\/p>\n\n\n\n<p>O descarte irregular contribui para o entupimento de bueiros, alagamentos e polui\u00e7\u00e3o de igarap\u00e9s, al\u00e9m de aumentar a demanda por a\u00e7\u00f5es corretivas na rotina da limpeza urbana.<\/p>\n\n\n\n<p>A Semulsp refor\u00e7a que servi\u00e7os como a coleta agendada de grandes objetos e os pontos de entrega volunt\u00e1ria est\u00e3o dispon\u00edveis, e que a colabora\u00e7\u00e3o da popula\u00e7\u00e3o \u00e9 fundamental para manter a cidade limpa.<br><br><br>&#8212; &#8212; &#8212;&nbsp;<br><strong>Texto &#8211; <\/strong>Dora Tupinamb\u00e1\/Semulsp<br><strong>Fotos \u2013 <\/strong>Divulga\u00e7\u00e3o\/Semcom<\/p>\n","protected":false},"excerpt":{"rendered":"","protected":false},"author":68,"featured_media":3081,"comment_status":"closed","ping_status":"closed","sticky":false,"template":"","format":"standard","meta":{"footnotes":""},"categories":[1040],"tags":[1041,1042,10,1043,19],"acf":[],"yoast_head":"<!-- This site is optimized with the Yoast SEO plugin v23.0 - https:\/\/yoast.com\/wordpress\/plugins\/seo\/ -->\n<title>Manaus supera m\u00e9dia nacional e se destaca na coleta de lixo com 98% dos domic\u00edlios atendidos, aponta IBGE<\/title>\n<meta name=\"robots\" content=\"noindex, follow\" \/>\n<meta property=\"og:locale\" content=\"pt_BR\" \/>\n<meta property=\"og:type\" content=\"article\" \/>\n<meta property=\"og:title\" content=\"Manaus supera m\u00e9dia nacional e se destaca na coleta de lixo com 98% dos domic\u00edlios atendidos, aponta IBGE\" \/>\n<meta property=\"og:url\" content=\"https:\/\/www.manaus.am.gov.br\/semulsp\/media-nacional-coleta-de-lixo\/\" \/>\n<meta property=\"og:site_name\" content=\"SEMULSP\" \/>\n<meta property=\"article:publisher\" content=\"https:\/\/www.facebook.com\/semulspmanaus\" \/>\n<meta property=\"article:published_time\" content=\"2026-04-24T02:17:23+00:00\" \/>\n<meta property=\"article:modified_time\" content=\"2026-04-24T17:40:52+00:00\" \/>\n<meta property=\"og:image\" content=\"https:\/\/www.manaus.am.gov.br\/semulsp\/wp-content\/uploads\/sites\/23\/2026\/04\/WhatsApp-Image-2026-04-23-at-22.07.34.jpeg\" \/>\n\t<meta property=\"og:image:width\" content=\"1280\" \/>\n\t<meta property=\"og:image:height\" content=\"853\" \/>\n\t<meta property=\"og:image:type\" content=\"image\/jpeg\" \/>\n<meta name=\"author\" content=\"bvalente\" \/>\n<meta name=\"twitter:card\" content=\"summary_large_image\" \/>\n<meta name=\"twitter:label1\" content=\"Written by\" \/>\n\t<meta name=\"twitter:data1\" content=\"bvalente\" \/>\n\t<meta name=\"twitter:label2\" content=\"Est. reading time\" \/>\n\t<meta name=\"twitter:data2\" content=\"4 minutos\" \/>\n<script type=\"application\/ld+json\" class=\"yoast-schema-graph\">{\"@context\":\"https:\/\/schema.org\",\"@graph\":[{\"@type\":\"Article\",\"@id\":\"https:\/\/www.manaus.am.gov.br\/semulsp\/media-nacional-coleta-de-lixo\/#article\",\"isPartOf\":{\"@id\":\"https:\/\/www.manaus.am.gov.br\/semulsp\/media-nacional-coleta-de-lixo\/\"},\"author\":{\"name\":\"bvalente\",\"@id\":\"https:\/\/www.manaus.am.gov.br\/semulsp\/#\/schema\/person\/466a0e03ae4b6062809046bd560ac955\"},\"headline\":\"Manaus supera m\u00e9dia nacional e se destaca na coleta de lixo com 98% dos domic\u00edlios atendidos, aponta IBGE\",\"datePublished\":\"2026-04-24T02:17:23+00:00\",\"dateModified\":\"2026-04-24T17:40:52+00:00\",\"mainEntityOfPage\":{\"@id\":\"https:\/\/www.manaus.am.gov.br\/semulsp\/media-nacional-coleta-de-lixo\/\"},\"wordCount\":646,\"publisher\":{\"@id\":\"https:\/\/www.manaus.am.gov.br\/semulsp\/#organization\"},\"image\":{\"@id\":\"https:\/\/www.manaus.am.gov.br\/semulsp\/media-nacional-coleta-de-lixo\/#primaryimage\"},\"thumbnailUrl\":\"https:\/\/www.manaus.am.gov.br\/semulsp\/wp-content\/uploads\/sites\/23\/2026\/04\/WhatsApp-Image-2026-04-23-at-22.07.34.jpeg\",\"keywords\":[\"capitais com maior cobertura de coleta de lixo domiciliar do pa\u00eds\",\"destaca na coleta de lixo\",\"prefeitura de manaus\",\"Referencia\",\"semulsp\"],\"articleSection\":[\"Refer\u00eancia\"],\"inLanguage\":\"pt-BR\"},{\"@type\":\"WebPage\",\"@id\":\"https:\/\/www.manaus.am.gov.br\/semulsp\/media-nacional-coleta-de-lixo\/\",\"url\":\"https:\/\/www.manaus.am.gov.br\/semulsp\/media-nacional-coleta-de-lixo\/\",\"name\":\"Manaus supera m\u00e9dia nacional e se destaca na coleta de lixo com 98% dos domic\u00edlios atendidos, aponta IBGE\",\"isPartOf\":{\"@id\":\"https:\/\/www.manaus.am.gov.br\/semulsp\/#website\"},\"primaryImageOfPage\":{\"@id\":\"https:\/\/www.manaus.am.gov.br\/semulsp\/media-nacional-coleta-de-lixo\/#primaryimage\"},\"image\":{\"@id\":\"https:\/\/www.manaus.am.gov.br\/semulsp\/media-nacional-coleta-de-lixo\/#primaryimage\"},\"thumbnailUrl\":\"https:\/\/www.manaus.am.gov.br\/semulsp\/wp-content\/uploads\/sites\/23\/2026\/04\/WhatsApp-Image-2026-04-23-at-22.07.34.jpeg\",\"datePublished\":\"2026-04-24T02:17:23+00:00\",\"dateModified\":\"2026-04-24T17:40:52+00:00\",\"breadcrumb\":{\"@id\":\"https:\/\/www.manaus.am.gov.br\/semulsp\/media-nacional-coleta-de-lixo\/#breadcrumb\"},\"inLanguage\":\"pt-BR\",\"potentialAction\":[{\"@type\":\"ReadAction\",\"target\":[\"https:\/\/www.manaus.am.gov.br\/semulsp\/media-nacional-coleta-de-lixo\/\"]}]},{\"@type\":\"ImageObject\",\"inLanguage\":\"pt-BR\",\"@id\":\"https:\/\/www.manaus.am.gov.br\/semulsp\/media-nacional-coleta-de-lixo\/#primaryimage\",\"url\":\"https:\/\/www.manaus.am.gov.br\/semulsp\/wp-content\/uploads\/sites\/23\/2026\/04\/WhatsApp-Image-2026-04-23-at-22.07.34.jpeg\",\"contentUrl\":\"https:\/\/www.manaus.am.gov.br\/semulsp\/wp-content\/uploads\/sites\/23\/2026\/04\/WhatsApp-Image-2026-04-23-at-22.07.34.jpeg\",\"width\":1280,\"height\":853,\"caption\":\"#paratodosverem - Equipe da Semulsp coletando garrafas\"},{\"@type\":\"BreadcrumbList\",\"@id\":\"https:\/\/www.manaus.am.gov.br\/semulsp\/media-nacional-coleta-de-lixo\/#breadcrumb\",\"itemListElement\":[{\"@type\":\"ListItem\",\"position\":1,\"name\":\"Home\",\"item\":\"https:\/\/www.manaus.am.gov.br\/semulsp\/\"},{\"@type\":\"ListItem\",\"position\":2,\"name\":\"Manaus supera m\u00e9dia nacional e se destaca na coleta de lixo com 98% dos domic\u00edlios atendidos, aponta IBGE\"}]},{\"@type\":\"WebSite\",\"@id\":\"https:\/\/www.manaus.am.gov.br\/semulsp\/#website\",\"url\":\"https:\/\/www.manaus.am.gov.br\/semulsp\/\",\"name\":\"SEMULSP\",\"description\":\"Prefeitura de Manaus\",\"publisher\":{\"@id\":\"https:\/\/www.manaus.am.gov.br\/semulsp\/#organization\"},\"alternateName\":\"Secretaria Municipal de Limpeza P\u00fablica\",\"potentialAction\":[{\"@type\":\"SearchAction\",\"target\":{\"@type\":\"EntryPoint\",\"urlTemplate\":\"https:\/\/www.manaus.am.gov.br\/semulsp\/?s={search_term_string}\"},\"query-input\":\"required name=search_term_string\"}],\"inLanguage\":\"pt-BR\"},{\"@type\":\"Organization\",\"@id\":\"https:\/\/www.manaus.am.gov.br\/semulsp\/#organization\",\"name\":\"SEMULSP\",\"alternateName\":\"Secretaria Municipal de Limpeza P\u00fablica\",\"url\":\"https:\/\/www.manaus.am.gov.br\/semulsp\/\",\"logo\":{\"@type\":\"ImageObject\",\"inLanguage\":\"pt-BR\",\"@id\":\"https:\/\/www.manaus.am.gov.br\/semulsp\/#\/schema\/logo\/image\/\",\"url\":\"https:\/\/www.manaus.am.gov.br\/semulsp\/wp-content\/uploads\/sites\/23\/2023\/05\/cropped-favicon.png\",\"contentUrl\":\"https:\/\/www.manaus.am.gov.br\/semulsp\/wp-content\/uploads\/sites\/23\/2023\/05\/cropped-favicon.png\",\"width\":512,\"height\":512,\"caption\":\"SEMULSP\"},\"image\":{\"@id\":\"https:\/\/www.manaus.am.gov.br\/semulsp\/#\/schema\/logo\/image\/\"},\"sameAs\":[\"https:\/\/www.facebook.com\/semulspmanaus\",\"https:\/\/www.instagram.com\/semulspmanaus\/\"]},{\"@type\":\"Person\",\"@id\":\"https:\/\/www.manaus.am.gov.br\/semulsp\/#\/schema\/person\/466a0e03ae4b6062809046bd560ac955\",\"name\":\"bvalente\",\"image\":{\"@type\":\"ImageObject\",\"inLanguage\":\"pt-BR\",\"@id\":\"https:\/\/www.manaus.am.gov.br\/semulsp\/#\/schema\/person\/image\/\",\"url\":\"https:\/\/secure.gravatar.com\/avatar\/3e69bc2b014bdad41adfec3a39de07d2?s=96&d=mm&r=g\",\"contentUrl\":\"https:\/\/secure.gravatar.com\/avatar\/3e69bc2b014bdad41adfec3a39de07d2?s=96&d=mm&r=g\",\"caption\":\"bvalente\"}}]}<\/script>\n<!-- \/ Yoast SEO plugin. -->","yoast_head_json":{"title":"Manaus supera m\u00e9dia nacional e se destaca na coleta de lixo com 98% dos domic\u00edlios atendidos, aponta IBGE","robots":{"index":"noindex","follow":"follow"},"og_locale":"pt_BR","og_type":"article","og_title":"Manaus supera m\u00e9dia nacional e se destaca na coleta de lixo com 98% dos domic\u00edlios atendidos, aponta IBGE","og_url":"https:\/\/www.manaus.am.gov.br\/semulsp\/media-nacional-coleta-de-lixo\/","og_site_name":"SEMULSP","article_publisher":"https:\/\/www.facebook.com\/semulspmanaus","article_published_time":"2026-04-24T02:17:23+00:00","article_modified_time":"2026-04-24T17:40:52+00:00","og_image":[{"width":1280,"height":853,"url":"https:\/\/www.manaus.am.gov.br\/semulsp\/wp-content\/uploads\/sites\/23\/2026\/04\/WhatsApp-Image-2026-04-23-at-22.07.34.jpeg","type":"image\/jpeg"}],"author":"bvalente","twitter_card":"summary_large_image","twitter_misc":{"Written by":"bvalente","Est. reading time":"4 minutos"},"schema":{"@context":"https:\/\/schema.org","@graph":[{"@type":"Article","@id":"https:\/\/www.manaus.am.gov.br\/semulsp\/media-nacional-coleta-de-lixo\/#article","isPartOf":{"@id":"https:\/\/www.manaus.am.gov.br\/semulsp\/media-nacional-coleta-de-lixo\/"},"author":{"name":"bvalente","@id":"https:\/\/www.manaus.am.gov.br\/semulsp\/#\/schema\/person\/466a0e03ae4b6062809046bd560ac955"},"headline":"Manaus supera m\u00e9dia nacional e se destaca na coleta de lixo com 98% dos domic\u00edlios atendidos, aponta IBGE","datePublished":"2026-04-24T02:17:23+00:00","dateModified":"2026-04-24T17:40:52+00:00","mainEntityOfPage":{"@id":"https:\/\/www.manaus.am.gov.br\/semulsp\/media-nacional-coleta-de-lixo\/"},"wordCount":646,"publisher":{"@id":"https:\/\/www.manaus.am.gov.br\/semulsp\/#organization"},"image":{"@id":"https:\/\/www.manaus.am.gov.br\/semulsp\/media-nacional-coleta-de-lixo\/#primaryimage"},"thumbnailUrl":"https:\/\/www.manaus.am.gov.br\/semulsp\/wp-content\/uploads\/sites\/23\/2026\/04\/WhatsApp-Image-2026-04-23-at-22.07.34.jpeg","keywords":["capitais com maior cobertura de coleta de lixo domiciliar do pa\u00eds","destaca na coleta de lixo","prefeitura de manaus","Referencia","semulsp"],"articleSection":["Refer\u00eancia"],"inLanguage":"pt-BR"},{"@type":"WebPage","@id":"https:\/\/www.manaus.am.gov.br\/semulsp\/media-nacional-coleta-de-lixo\/","url":"https:\/\/www.manaus.am.gov.br\/semulsp\/media-nacional-coleta-de-lixo\/","name":"Manaus supera m\u00e9dia nacional e se destaca na coleta de lixo com 98% dos domic\u00edlios atendidos, aponta IBGE","isPartOf":{"@id":"https:\/\/www.manaus.am.gov.br\/semulsp\/#website"},"primaryImageOfPage":{"@id":"https:\/\/www.manaus.am.gov.br\/semulsp\/media-nacional-coleta-de-lixo\/#primaryimage"},"image":{"@id":"https:\/\/www.manaus.am.gov.br\/semulsp\/media-nacional-coleta-de-lixo\/#primaryimage"},"thumbnailUrl":"https:\/\/www.manaus.am.gov.br\/semulsp\/wp-content\/uploads\/sites\/23\/2026\/04\/WhatsApp-Image-2026-04-23-at-22.07.34.jpeg","datePublished":"2026-04-24T02:17:23+00:00","dateModified":"2026-04-24T17:40:52+00:00","breadcrumb":{"@id":"https:\/\/www.manaus.am.gov.br\/semulsp\/media-nacional-coleta-de-lixo\/#breadcrumb"},"inLanguage":"pt-BR","potentialAction":[{"@type":"ReadAction","target":["https:\/\/www.manaus.am.gov.br\/semulsp\/media-nacional-coleta-de-lixo\/"]}]},{"@type":"ImageObject","inLanguage":"pt-BR","@id":"https:\/\/www.manaus.am.gov.br\/semulsp\/media-nacional-coleta-de-lixo\/#primaryimage","url":"https:\/\/www.manaus.am.gov.br\/semulsp\/wp-content\/uploads\/sites\/23\/2026\/04\/WhatsApp-Image-2026-04-23-at-22.07.34.jpeg","contentUrl":"https:\/\/www.manaus.am.gov.br\/semulsp\/wp-content\/uploads\/sites\/23\/2026\/04\/WhatsApp-Image-2026-04-23-at-22.07.34.jpeg","width":1280,"height":853,"caption":"#paratodosverem - Equipe da Semulsp coletando garrafas"},{"@type":"BreadcrumbList","@id":"https:\/\/www.manaus.am.gov.br\/semulsp\/media-nacional-coleta-de-lixo\/#breadcrumb","itemListElement":[{"@type":"ListItem","position":1,"name":"Home","item":"https:\/\/www.manaus.am.gov.br\/semulsp\/"},{"@type":"ListItem","position":2,"name":"Manaus supera m\u00e9dia nacional e se destaca na coleta de lixo com 98% dos domic\u00edlios atendidos, aponta IBGE"}]},{"@type":"WebSite","@id":"https:\/\/www.manaus.am.gov.br\/semulsp\/#website","url":"https:\/\/www.manaus.am.gov.br\/semulsp\/","name":"SEMULSP","description":"Prefeitura de Manaus","publisher":{"@id":"https:\/\/www.manaus.am.gov.br\/semulsp\/#organization"},"alternateName":"Secretaria Municipal de Limpeza P\u00fablica","potentialAction":[{"@type":"SearchAction","target":{"@type":"EntryPoint","urlTemplate":"https:\/\/www.manaus.am.gov.br\/semulsp\/?s={search_term_string}"},"query-input":"required name=search_term_string"}],"inLanguage":"pt-BR"},{"@type":"Organization","@id":"https:\/\/www.manaus.am.gov.br\/semulsp\/#organization","name":"SEMULSP","alternateName":"Secretaria Municipal de Limpeza P\u00fablica","url":"https:\/\/www.manaus.am.gov.br\/semulsp\/","logo":{"@type":"ImageObject","inLanguage":"pt-BR","@id":"https:\/\/www.manaus.am.gov.br\/semulsp\/#\/schema\/logo\/image\/","url":"https:\/\/www.manaus.am.gov.br\/semulsp\/wp-content\/uploads\/sites\/23\/2023\/05\/cropped-favicon.png","contentUrl":"https:\/\/www.manaus.am.gov.br\/semulsp\/wp-content\/uploads\/sites\/23\/2023\/05\/cropped-favicon.png","width":512,"height":512,"caption":"SEMULSP"},"image":{"@id":"https:\/\/www.manaus.am.gov.br\/semulsp\/#\/schema\/logo\/image\/"},"sameAs":["https:\/\/www.facebook.com\/semulspmanaus","https:\/\/www.instagram.com\/semulspmanaus\/"]},{"@type":"Person","@id":"https:\/\/www.manaus.am.gov.br\/semulsp\/#\/schema\/person\/466a0e03ae4b6062809046bd560ac955","name":"bvalente","image":{"@type":"ImageObject","inLanguage":"pt-BR","@id":"https:\/\/www.manaus.am.gov.br\/semulsp\/#\/schema\/person\/image\/","url":"https:\/\/secure.gravatar.com\/avatar\/3e69bc2b014bdad41adfec3a39de07d2?s=96&d=mm&r=g","contentUrl":"https:\/\/secure.gravatar.com\/avatar\/3e69bc2b014bdad41adfec3a39de07d2?s=96&d=mm&r=g","caption":"bvalente"}}]}},"_links":{"self":[{"href":"https:\/\/www.manaus.am.gov.br\/semulsp\/wp-json\/wp\/v2\/posts\/3080"}],"collection":[{"href":"https:\/\/www.manaus.am.gov.br\/semulsp\/wp-json\/wp\/v2\/posts"}],"about":[{"href":"https:\/\/www.manaus.am.gov.br\/semulsp\/wp-json\/wp\/v2\/types\/post"}],"author":[{"embeddable":true,"href":"https:\/\/www.manaus.am.gov.br\/semulsp\/wp-json\/wp\/v2\/users\/68"}],"replies":[{"embeddable":true,"href":"https:\/\/www.manaus.am.gov.br\/semulsp\/wp-json\/wp\/v2\/comments?post=3080"}],"version-history":[{"count":4,"href":"https:\/\/www.manaus.am.gov.br\/semulsp\/wp-json\/wp\/v2\/posts\/3080\/revisions"}],"predecessor-version":[{"id":3086,"href":"https:\/\/www.manaus.am.gov.br\/semulsp\/wp-json\/wp\/v2\/posts\/3080\/revisions\/3086"}],"wp:featuredmedia":[{"embeddable":true,"href":"https:\/\/www.manaus.am.gov.br\/semulsp\/wp-json\/wp\/v2\/media\/3081"}],"wp:attachment":[{"href":"https:\/\/www.manaus.am.gov.br\/semulsp\/wp-json\/wp\/v2\/media?parent=3080"}],"wp:term":[{"taxonomy":"category","embeddable":true,"href":"https:\/\/www.manaus.am.gov.br\/semulsp\/wp-json\/wp\/v2\/categories?post=3080"},{"taxonomy":"post_tag","embeddable":true,"href":"https:\/\/www.manaus.am.gov.br\/semulsp\/wp-json\/wp\/v2\/tags?post=3080"}],"curies":[{"name":"wp","href":"https:\/\/api.w.org\/{rel}","templated":true}]}}