{"id":3073,"date":"2026-04-23T14:07:12","date_gmt":"2026-04-23T18:07:12","guid":{"rendered":"https:\/\/www.manaus.am.gov.br\/semulsp\/retirada-residuos-orla-rio-negro-2026\/"},"modified":"2026-04-23T14:12:02","modified_gmt":"2026-04-23T18:12:02","slug":"retirada-residuos-orla-rio-negro-2026","status":"publish","type":"post","link":"https:\/\/www.manaus.am.gov.br\/semulsp\/retirada-residuos-orla-rio-negro-2026\/","title":{"rendered":"Prefeitura de Manaus j\u00e1 retirou mais de mil toneladas de res\u00edduos da orla do rio Negro em 2026"},"content":{"rendered":"\n<p>A <a href=\"https:\/\/www.manaus.am.gov.br\/\">Prefeitura de Manaus<\/a>, por meio da <a href=\"https:\/\/www.instagram.com\/semulspmanaus\/\">Secretaria Municipal de Limpeza Urbana<\/a> (Semulsp), divulgou, nesta quinta-feira, 23\/4, os dados atualizados das opera\u00e7\u00f5es de transbordo realizadas na orla do rio Negro. Somente nos tr\u00eas primeiros meses de 2026, mais de mil toneladas de res\u00edduos s\u00f3lidos foram retiradas do local, evidenciando o impacto do descarte irregular na capital.<\/p>\n\n\n\n<p>Mesmo com a cobertura de 98,4% da coleta domiciliar na cidade, o descarte inadequado de res\u00edduos ainda persiste e continua sendo um dos principais desafios para a limpeza urbana, com impacto direto sobre igarap\u00e9s e o rio Negro.<\/p>\n\n\n\n<p>As opera\u00e7\u00f5es de transbordo realizadas neste ano j\u00e1 registraram volumes expressivos. O primeiro procedimento contabilizou 479,9 toneladas de res\u00edduos. O segundo somou 320,7 toneladas. J\u00e1 o terceiro transbordo, referente \u00e0 coleta do m\u00eas de mar\u00e7o, retirou 393,9 toneladas da orla.<\/p>\n\n\n\n<p>\u201cO trabalho \u00e9 permanente, estruturado, e envolve uma grande opera\u00e7\u00e3o todos os dias. Mesmo com a cidade praticamente toda atendida pela coleta regular, ainda enfrentamos o impacto do descarte irregular. Por isso, al\u00e9m da limpeza, \u00e9 fundamental que a popula\u00e7\u00e3o fa\u00e7a a sua parte, utilizando corretamente os servi\u00e7os dispon\u00edveis\u201d, destaca o secret\u00e1rio da Semulsp, Sab\u00e1 Reis.<\/p>\n\n\n\n<p>O processo consiste na retirada do lixo acumulado nas margens e no espelho d\u2019\u00e1gua com o uso de balsas. Em seguida, os res\u00edduos s\u00e3o transferidos para ca\u00e7ambas no porto Trairi, na zona Oeste, e encaminhados ao aterro municipal.<\/p>\n\n\n\n<p>A limpeza da orla \u00e9 realizada diariamente, de forma ininterrupta, no trecho que vai da marina do Davi at\u00e9 a Ponta das Lajes. Nesta quinta-feira, as equipes voltaram a atuar na retirada de res\u00edduos, refor\u00e7ando o trabalho permanente executado desde 2021. Desde o in\u00edcio da opera\u00e7\u00e3o cont\u00ednua, j\u00e1 foram retiradas 25,8 mil toneladas de res\u00edduos da orla. Somente em 2025, mais de duas mil toneladas foram recolhidas.<\/p>\n\n\n\n<p><strong>Opera\u00e7\u00f5es<\/strong><\/p>\n\n\n\n<p>Al\u00e9m da limpeza direta na orla, a prefeitura mant\u00e9m uma rede de 14 ecobarreiras instaladas em pontos estrat\u00e9gicos dos igarap\u00e9s. Entre janeiro e mar\u00e7o deste ano, essas estruturas foram respons\u00e1veis por reter aproximadamente 1.050 toneladas de res\u00edduos, evitando que o material chegasse ao rio Negro.<\/p>\n\n\n\n<p>Paralelamente, as equipes da Semulsp atuam de forma cont\u00ednua na elimina\u00e7\u00e3o de pontos de descarte irregular espalhados pela cidade, conhecidos como \u201clixeiras viciadas\u201d. Esses locais recebem limpeza frequente, mas voltam a ser impactados pelo descarte inadequado de res\u00edduos, exigindo atua\u00e7\u00e3o permanente das equipes.<\/p>\n\n\n\n<p>Durante o per\u00edodo chuvoso, o volume de res\u00edduos tende a aumentar. As chuvas arrastam lixo descartado irregularmente em vias p\u00fablicas para dentro dos igarap\u00e9s, que funcionam como corredores naturais at\u00e9 o rio Negro.<\/p>\n\n\n\n<p>A Prefeitura de Manaus refor\u00e7a que o enfrentamento ao descarte irregular depende da colabora\u00e7\u00e3o da popula\u00e7\u00e3o. A cidade disp\u00f5e de coleta domiciliar regular, ecopontos e servi\u00e7o de coleta agendada para grandes objetos, evitando o descarte em locais inadequados.<\/p>\n\n\n\n<figure class=\"wp-block-image size-large\"><img loading=\"lazy\" decoding=\"async\" width=\"1024\" height=\"599\" src=\"https:\/\/www.manaus.am.gov.br\/semulsp\/wp-content\/uploads\/sites\/23\/2026\/04\/WhatsApp-Image-2026-04-23-at-13.39.03-3-1024x599.jpeg\" alt=\"\" class=\"wp-image-3076\" srcset=\"https:\/\/www.manaus.am.gov.br\/semulsp\/wp-content\/uploads\/sites\/23\/2026\/04\/WhatsApp-Image-2026-04-23-at-13.39.03-3-1024x599.jpeg 1024w, https:\/\/www.manaus.am.gov.br\/semulsp\/wp-content\/uploads\/sites\/23\/2026\/04\/WhatsApp-Image-2026-04-23-at-13.39.03-3-300x175.jpeg 300w, https:\/\/www.manaus.am.gov.br\/semulsp\/wp-content\/uploads\/sites\/23\/2026\/04\/WhatsApp-Image-2026-04-23-at-13.39.03-3-768x449.jpeg 768w, https:\/\/www.manaus.am.gov.br\/semulsp\/wp-content\/uploads\/sites\/23\/2026\/04\/WhatsApp-Image-2026-04-23-at-13.39.03-3.jpeg 1084w\" sizes=\"(max-width: 1024px) 100vw, 1024px\" \/><figcaption class=\"wp-element-caption\">#paratodosverem &#8211; Limpeza<\/figcaption><\/figure>\n\n\n\n<p>&#8212; &#8212; &#8212;<\/p>\n\n\n\n<p><strong>Texto&nbsp;<\/strong>&#8211; Dora Tupinamb\u00e1\/Semulsp<\/p>\n\n\n\n<p><strong>Fotos \u2013 <\/strong>Divulga\u00e7\u00e3o\/Semulsp<\/p>\n","protected":false},"excerpt":{"rendered":"","protected":false},"author":39,"featured_media":3074,"comment_status":"closed","ping_status":"closed","sticky":false,"template":"","format":"standard","meta":{"footnotes":""},"categories":[38],"tags":[1038,495,10,19,1039],"acf":[],"yoast_head":"<!-- This site is optimized with the Yoast SEO plugin v23.0 - https:\/\/yoast.com\/wordpress\/plugins\/seo\/ -->\n<title>Prefeitura j\u00e1 retirou mais de mil toneladas de res\u00edduos da orla do rio Negro em 2026<\/title>\n<meta name=\"description\" content=\"Prefeitura de Manaus, por meio da Semulsp, j\u00e1 retirou mais de mil toneladas de res\u00edduos da orla do rio Negro em 2026.\" \/>\n<meta name=\"robots\" content=\"noindex, follow\" \/>\n<meta property=\"og:locale\" content=\"pt_BR\" \/>\n<meta property=\"og:type\" content=\"article\" \/>\n<meta property=\"og:title\" content=\"Prefeitura j\u00e1 retirou mais de mil toneladas de res\u00edduos da orla do rio Negro em 2026\" \/>\n<meta property=\"og:description\" content=\"Prefeitura de Manaus, por meio da Semulsp, j\u00e1 retirou mais de mil toneladas de res\u00edduos da orla do rio Negro em 2026.\" \/>\n<meta property=\"og:url\" content=\"https:\/\/www.manaus.am.gov.br\/semulsp\/retirada-residuos-orla-rio-negro-2026\/\" \/>\n<meta property=\"og:site_name\" content=\"SEMULSP\" \/>\n<meta property=\"article:publisher\" content=\"https:\/\/www.facebook.com\/semulspmanaus\" \/>\n<meta property=\"article:published_time\" content=\"2026-04-23T18:07:12+00:00\" \/>\n<meta property=\"article:modified_time\" content=\"2026-04-23T18:12:02+00:00\" \/>\n<meta property=\"og:image\" content=\"https:\/\/www.manaus.am.gov.br\/semulsp\/wp-content\/uploads\/sites\/23\/2026\/04\/WhatsApp-Image-2026-04-23-at-13.39.03-1.jpeg\" \/>\n\t<meta property=\"og:image:width\" content=\"1600\" \/>\n\t<meta property=\"og:image:height\" content=\"900\" \/>\n\t<meta property=\"og:image:type\" content=\"image\/jpeg\" \/>\n<meta name=\"author\" content=\"Bruna Greco\" \/>\n<meta name=\"twitter:card\" content=\"summary_large_image\" \/>\n<meta name=\"twitter:label1\" content=\"Written by\" \/>\n\t<meta name=\"twitter:data1\" content=\"Bruna Greco\" \/>\n\t<meta name=\"twitter:label2\" content=\"Est. reading time\" \/>\n\t<meta name=\"twitter:data2\" content=\"3 minutos\" \/>\n<script type=\"application\/ld+json\" class=\"yoast-schema-graph\">{\"@context\":\"https:\/\/schema.org\",\"@graph\":[{\"@type\":\"Article\",\"@id\":\"https:\/\/www.manaus.am.gov.br\/semulsp\/retirada-residuos-orla-rio-negro-2026\/#article\",\"isPartOf\":{\"@id\":\"https:\/\/www.manaus.am.gov.br\/semulsp\/retirada-residuos-orla-rio-negro-2026\/\"},\"author\":{\"name\":\"Bruna Greco\",\"@id\":\"https:\/\/www.manaus.am.gov.br\/semulsp\/#\/schema\/person\/05d223aea2bf115f9883a6ff3683d81b\"},\"headline\":\"Prefeitura de Manaus j\u00e1 retirou mais de mil toneladas de res\u00edduos da orla do rio Negro em 2026\",\"datePublished\":\"2026-04-23T18:07:12+00:00\",\"dateModified\":\"2026-04-23T18:12:02+00:00\",\"mainEntityOfPage\":{\"@id\":\"https:\/\/www.manaus.am.gov.br\/semulsp\/retirada-residuos-orla-rio-negro-2026\/\"},\"wordCount\":522,\"publisher\":{\"@id\":\"https:\/\/www.manaus.am.gov.br\/semulsp\/#organization\"},\"image\":{\"@id\":\"https:\/\/www.manaus.am.gov.br\/semulsp\/retirada-residuos-orla-rio-negro-2026\/#primaryimage\"},\"thumbnailUrl\":\"https:\/\/www.manaus.am.gov.br\/semulsp\/wp-content\/uploads\/sites\/23\/2026\/04\/WhatsApp-Image-2026-04-23-at-13.39.03-1.jpeg\",\"keywords\":[\"mais de mil toneladas de res\u00edduos\",\"orla do rio Negro\",\"prefeitura de manaus\",\"semulsp\",\"tr\u00eas primeiros meses de 2026\"],\"articleSection\":[\"Limpeza\"],\"inLanguage\":\"pt-BR\"},{\"@type\":\"WebPage\",\"@id\":\"https:\/\/www.manaus.am.gov.br\/semulsp\/retirada-residuos-orla-rio-negro-2026\/\",\"url\":\"https:\/\/www.manaus.am.gov.br\/semulsp\/retirada-residuos-orla-rio-negro-2026\/\",\"name\":\"Prefeitura j\u00e1 retirou mais de mil toneladas de res\u00edduos da orla do rio Negro em 2026\",\"isPartOf\":{\"@id\":\"https:\/\/www.manaus.am.gov.br\/semulsp\/#website\"},\"primaryImageOfPage\":{\"@id\":\"https:\/\/www.manaus.am.gov.br\/semulsp\/retirada-residuos-orla-rio-negro-2026\/#primaryimage\"},\"image\":{\"@id\":\"https:\/\/www.manaus.am.gov.br\/semulsp\/retirada-residuos-orla-rio-negro-2026\/#primaryimage\"},\"thumbnailUrl\":\"https:\/\/www.manaus.am.gov.br\/semulsp\/wp-content\/uploads\/sites\/23\/2026\/04\/WhatsApp-Image-2026-04-23-at-13.39.03-1.jpeg\",\"datePublished\":\"2026-04-23T18:07:12+00:00\",\"dateModified\":\"2026-04-23T18:12:02+00:00\",\"description\":\"Prefeitura de Manaus, por meio da Semulsp, j\u00e1 retirou mais de mil toneladas de res\u00edduos da orla do rio Negro em 2026.\",\"breadcrumb\":{\"@id\":\"https:\/\/www.manaus.am.gov.br\/semulsp\/retirada-residuos-orla-rio-negro-2026\/#breadcrumb\"},\"inLanguage\":\"pt-BR\",\"potentialAction\":[{\"@type\":\"ReadAction\",\"target\":[\"https:\/\/www.manaus.am.gov.br\/semulsp\/retirada-residuos-orla-rio-negro-2026\/\"]}]},{\"@type\":\"ImageObject\",\"inLanguage\":\"pt-BR\",\"@id\":\"https:\/\/www.manaus.am.gov.br\/semulsp\/retirada-residuos-orla-rio-negro-2026\/#primaryimage\",\"url\":\"https:\/\/www.manaus.am.gov.br\/semulsp\/wp-content\/uploads\/sites\/23\/2026\/04\/WhatsApp-Image-2026-04-23-at-13.39.03-1.jpeg\",\"contentUrl\":\"https:\/\/www.manaus.am.gov.br\/semulsp\/wp-content\/uploads\/sites\/23\/2026\/04\/WhatsApp-Image-2026-04-23-at-13.39.03-1.jpeg\",\"width\":1600,\"height\":900,\"caption\":\"#paratodosverem - Equipe da Semulsp realizando a opera\u00e7\u00e3o de transbordo no rio Negro\"},{\"@type\":\"BreadcrumbList\",\"@id\":\"https:\/\/www.manaus.am.gov.br\/semulsp\/retirada-residuos-orla-rio-negro-2026\/#breadcrumb\",\"itemListElement\":[{\"@type\":\"ListItem\",\"position\":1,\"name\":\"Home\",\"item\":\"https:\/\/www.manaus.am.gov.br\/semulsp\/\"},{\"@type\":\"ListItem\",\"position\":2,\"name\":\"Prefeitura de Manaus j\u00e1 retirou mais de mil toneladas de res\u00edduos da orla do rio Negro em 2026\"}]},{\"@type\":\"WebSite\",\"@id\":\"https:\/\/www.manaus.am.gov.br\/semulsp\/#website\",\"url\":\"https:\/\/www.manaus.am.gov.br\/semulsp\/\",\"name\":\"SEMULSP\",\"description\":\"Prefeitura de Manaus\",\"publisher\":{\"@id\":\"https:\/\/www.manaus.am.gov.br\/semulsp\/#organization\"},\"alternateName\":\"Secretaria Municipal de Limpeza P\u00fablica\",\"potentialAction\":[{\"@type\":\"SearchAction\",\"target\":{\"@type\":\"EntryPoint\",\"urlTemplate\":\"https:\/\/www.manaus.am.gov.br\/semulsp\/?s={search_term_string}\"},\"query-input\":\"required name=search_term_string\"}],\"inLanguage\":\"pt-BR\"},{\"@type\":\"Organization\",\"@id\":\"https:\/\/www.manaus.am.gov.br\/semulsp\/#organization\",\"name\":\"SEMULSP\",\"alternateName\":\"Secretaria Municipal de Limpeza P\u00fablica\",\"url\":\"https:\/\/www.manaus.am.gov.br\/semulsp\/\",\"logo\":{\"@type\":\"ImageObject\",\"inLanguage\":\"pt-BR\",\"@id\":\"https:\/\/www.manaus.am.gov.br\/semulsp\/#\/schema\/logo\/image\/\",\"url\":\"https:\/\/www.manaus.am.gov.br\/semulsp\/wp-content\/uploads\/sites\/23\/2023\/05\/cropped-favicon.png\",\"contentUrl\":\"https:\/\/www.manaus.am.gov.br\/semulsp\/wp-content\/uploads\/sites\/23\/2023\/05\/cropped-favicon.png\",\"width\":512,\"height\":512,\"caption\":\"SEMULSP\"},\"image\":{\"@id\":\"https:\/\/www.manaus.am.gov.br\/semulsp\/#\/schema\/logo\/image\/\"},\"sameAs\":[\"https:\/\/www.facebook.com\/semulspmanaus\",\"https:\/\/www.instagram.com\/semulspmanaus\/\"]},{\"@type\":\"Person\",\"@id\":\"https:\/\/www.manaus.am.gov.br\/semulsp\/#\/schema\/person\/05d223aea2bf115f9883a6ff3683d81b\",\"name\":\"Bruna Greco\",\"image\":{\"@type\":\"ImageObject\",\"inLanguage\":\"pt-BR\",\"@id\":\"https:\/\/www.manaus.am.gov.br\/semulsp\/#\/schema\/person\/image\/\",\"url\":\"https:\/\/secure.gravatar.com\/avatar\/9c877d1a6adc2a055330e5c09a8653ce?s=96&d=mm&r=g\",\"contentUrl\":\"https:\/\/secure.gravatar.com\/avatar\/9c877d1a6adc2a055330e5c09a8653ce?s=96&d=mm&r=g\",\"caption\":\"Bruna Greco\"}}]}<\/script>\n<!-- \/ Yoast SEO plugin. -->","yoast_head_json":{"title":"Prefeitura j\u00e1 retirou mais de mil toneladas de res\u00edduos da orla do rio Negro em 2026","description":"Prefeitura de Manaus, por meio da Semulsp, j\u00e1 retirou mais de mil toneladas de res\u00edduos da orla do rio Negro em 2026.","robots":{"index":"noindex","follow":"follow"},"og_locale":"pt_BR","og_type":"article","og_title":"Prefeitura j\u00e1 retirou mais de mil toneladas de res\u00edduos da orla do rio Negro em 2026","og_description":"Prefeitura de Manaus, por meio da Semulsp, j\u00e1 retirou mais de mil toneladas de res\u00edduos da orla do rio Negro em 2026.","og_url":"https:\/\/www.manaus.am.gov.br\/semulsp\/retirada-residuos-orla-rio-negro-2026\/","og_site_name":"SEMULSP","article_publisher":"https:\/\/www.facebook.com\/semulspmanaus","article_published_time":"2026-04-23T18:07:12+00:00","article_modified_time":"2026-04-23T18:12:02+00:00","og_image":[{"width":1600,"height":900,"url":"https:\/\/www.manaus.am.gov.br\/semulsp\/wp-content\/uploads\/sites\/23\/2026\/04\/WhatsApp-Image-2026-04-23-at-13.39.03-1.jpeg","type":"image\/jpeg"}],"author":"Bruna Greco","twitter_card":"summary_large_image","twitter_misc":{"Written by":"Bruna Greco","Est. reading time":"3 minutos"},"schema":{"@context":"https:\/\/schema.org","@graph":[{"@type":"Article","@id":"https:\/\/www.manaus.am.gov.br\/semulsp\/retirada-residuos-orla-rio-negro-2026\/#article","isPartOf":{"@id":"https:\/\/www.manaus.am.gov.br\/semulsp\/retirada-residuos-orla-rio-negro-2026\/"},"author":{"name":"Bruna Greco","@id":"https:\/\/www.manaus.am.gov.br\/semulsp\/#\/schema\/person\/05d223aea2bf115f9883a6ff3683d81b"},"headline":"Prefeitura de Manaus j\u00e1 retirou mais de mil toneladas de res\u00edduos da orla do rio Negro em 2026","datePublished":"2026-04-23T18:07:12+00:00","dateModified":"2026-04-23T18:12:02+00:00","mainEntityOfPage":{"@id":"https:\/\/www.manaus.am.gov.br\/semulsp\/retirada-residuos-orla-rio-negro-2026\/"},"wordCount":522,"publisher":{"@id":"https:\/\/www.manaus.am.gov.br\/semulsp\/#organization"},"image":{"@id":"https:\/\/www.manaus.am.gov.br\/semulsp\/retirada-residuos-orla-rio-negro-2026\/#primaryimage"},"thumbnailUrl":"https:\/\/www.manaus.am.gov.br\/semulsp\/wp-content\/uploads\/sites\/23\/2026\/04\/WhatsApp-Image-2026-04-23-at-13.39.03-1.jpeg","keywords":["mais de mil toneladas de res\u00edduos","orla do rio Negro","prefeitura de manaus","semulsp","tr\u00eas primeiros meses de 2026"],"articleSection":["Limpeza"],"inLanguage":"pt-BR"},{"@type":"WebPage","@id":"https:\/\/www.manaus.am.gov.br\/semulsp\/retirada-residuos-orla-rio-negro-2026\/","url":"https:\/\/www.manaus.am.gov.br\/semulsp\/retirada-residuos-orla-rio-negro-2026\/","name":"Prefeitura j\u00e1 retirou mais de mil toneladas de res\u00edduos da orla do rio Negro em 2026","isPartOf":{"@id":"https:\/\/www.manaus.am.gov.br\/semulsp\/#website"},"primaryImageOfPage":{"@id":"https:\/\/www.manaus.am.gov.br\/semulsp\/retirada-residuos-orla-rio-negro-2026\/#primaryimage"},"image":{"@id":"https:\/\/www.manaus.am.gov.br\/semulsp\/retirada-residuos-orla-rio-negro-2026\/#primaryimage"},"thumbnailUrl":"https:\/\/www.manaus.am.gov.br\/semulsp\/wp-content\/uploads\/sites\/23\/2026\/04\/WhatsApp-Image-2026-04-23-at-13.39.03-1.jpeg","datePublished":"2026-04-23T18:07:12+00:00","dateModified":"2026-04-23T18:12:02+00:00","description":"Prefeitura de Manaus, por meio da Semulsp, j\u00e1 retirou mais de mil toneladas de res\u00edduos da orla do rio Negro em 2026.","breadcrumb":{"@id":"https:\/\/www.manaus.am.gov.br\/semulsp\/retirada-residuos-orla-rio-negro-2026\/#breadcrumb"},"inLanguage":"pt-BR","potentialAction":[{"@type":"ReadAction","target":["https:\/\/www.manaus.am.gov.br\/semulsp\/retirada-residuos-orla-rio-negro-2026\/"]}]},{"@type":"ImageObject","inLanguage":"pt-BR","@id":"https:\/\/www.manaus.am.gov.br\/semulsp\/retirada-residuos-orla-rio-negro-2026\/#primaryimage","url":"https:\/\/www.manaus.am.gov.br\/semulsp\/wp-content\/uploads\/sites\/23\/2026\/04\/WhatsApp-Image-2026-04-23-at-13.39.03-1.jpeg","contentUrl":"https:\/\/www.manaus.am.gov.br\/semulsp\/wp-content\/uploads\/sites\/23\/2026\/04\/WhatsApp-Image-2026-04-23-at-13.39.03-1.jpeg","width":1600,"height":900,"caption":"#paratodosverem - Equipe da Semulsp realizando a opera\u00e7\u00e3o de transbordo no rio Negro"},{"@type":"BreadcrumbList","@id":"https:\/\/www.manaus.am.gov.br\/semulsp\/retirada-residuos-orla-rio-negro-2026\/#breadcrumb","itemListElement":[{"@type":"ListItem","position":1,"name":"Home","item":"https:\/\/www.manaus.am.gov.br\/semulsp\/"},{"@type":"ListItem","position":2,"name":"Prefeitura de Manaus j\u00e1 retirou mais de mil toneladas de res\u00edduos da orla do rio Negro em 2026"}]},{"@type":"WebSite","@id":"https:\/\/www.manaus.am.gov.br\/semulsp\/#website","url":"https:\/\/www.manaus.am.gov.br\/semulsp\/","name":"SEMULSP","description":"Prefeitura de Manaus","publisher":{"@id":"https:\/\/www.manaus.am.gov.br\/semulsp\/#organization"},"alternateName":"Secretaria Municipal de Limpeza P\u00fablica","potentialAction":[{"@type":"SearchAction","target":{"@type":"EntryPoint","urlTemplate":"https:\/\/www.manaus.am.gov.br\/semulsp\/?s={search_term_string}"},"query-input":"required name=search_term_string"}],"inLanguage":"pt-BR"},{"@type":"Organization","@id":"https:\/\/www.manaus.am.gov.br\/semulsp\/#organization","name":"SEMULSP","alternateName":"Secretaria Municipal de Limpeza P\u00fablica","url":"https:\/\/www.manaus.am.gov.br\/semulsp\/","logo":{"@type":"ImageObject","inLanguage":"pt-BR","@id":"https:\/\/www.manaus.am.gov.br\/semulsp\/#\/schema\/logo\/image\/","url":"https:\/\/www.manaus.am.gov.br\/semulsp\/wp-content\/uploads\/sites\/23\/2023\/05\/cropped-favicon.png","contentUrl":"https:\/\/www.manaus.am.gov.br\/semulsp\/wp-content\/uploads\/sites\/23\/2023\/05\/cropped-favicon.png","width":512,"height":512,"caption":"SEMULSP"},"image":{"@id":"https:\/\/www.manaus.am.gov.br\/semulsp\/#\/schema\/logo\/image\/"},"sameAs":["https:\/\/www.facebook.com\/semulspmanaus","https:\/\/www.instagram.com\/semulspmanaus\/"]},{"@type":"Person","@id":"https:\/\/www.manaus.am.gov.br\/semulsp\/#\/schema\/person\/05d223aea2bf115f9883a6ff3683d81b","name":"Bruna Greco","image":{"@type":"ImageObject","inLanguage":"pt-BR","@id":"https:\/\/www.manaus.am.gov.br\/semulsp\/#\/schema\/person\/image\/","url":"https:\/\/secure.gravatar.com\/avatar\/9c877d1a6adc2a055330e5c09a8653ce?s=96&d=mm&r=g","contentUrl":"https:\/\/secure.gravatar.com\/avatar\/9c877d1a6adc2a055330e5c09a8653ce?s=96&d=mm&r=g","caption":"Bruna Greco"}}]}},"_links":{"self":[{"href":"https:\/\/www.manaus.am.gov.br\/semulsp\/wp-json\/wp\/v2\/posts\/3073"}],"collection":[{"href":"https:\/\/www.manaus.am.gov.br\/semulsp\/wp-json\/wp\/v2\/posts"}],"about":[{"href":"https:\/\/www.manaus.am.gov.br\/semulsp\/wp-json\/wp\/v2\/types\/post"}],"author":[{"embeddable":true,"href":"https:\/\/www.manaus.am.gov.br\/semulsp\/wp-json\/wp\/v2\/users\/39"}],"replies":[{"embeddable":true,"href":"https:\/\/www.manaus.am.gov.br\/semulsp\/wp-json\/wp\/v2\/comments?post=3073"}],"version-history":[{"count":2,"href":"https:\/\/www.manaus.am.gov.br\/semulsp\/wp-json\/wp\/v2\/posts\/3073\/revisions"}],"predecessor-version":[{"id":3077,"href":"https:\/\/www.manaus.am.gov.br\/semulsp\/wp-json\/wp\/v2\/posts\/3073\/revisions\/3077"}],"wp:featuredmedia":[{"embeddable":true,"href":"https:\/\/www.manaus.am.gov.br\/semulsp\/wp-json\/wp\/v2\/media\/3074"}],"wp:attachment":[{"href":"https:\/\/www.manaus.am.gov.br\/semulsp\/wp-json\/wp\/v2\/media?parent=3073"}],"wp:term":[{"taxonomy":"category","embeddable":true,"href":"https:\/\/www.manaus.am.gov.br\/semulsp\/wp-json\/wp\/v2\/categories?post=3073"},{"taxonomy":"post_tag","embeddable":true,"href":"https:\/\/www.manaus.am.gov.br\/semulsp\/wp-json\/wp\/v2\/tags?post=3073"}],"curies":[{"name":"wp","href":"https:\/\/api.w.org\/{rel}","templated":true}]}}