{"id":2989,"date":"2026-03-14T23:36:52","date_gmt":"2026-03-15T03:36:52","guid":{"rendered":"https:\/\/www.manaus.am.gov.br\/semulsp\/ecoponto-ecobarreira-ponte-zona-sul-david-almeida\/"},"modified":"2026-03-14T23:39:07","modified_gmt":"2026-03-15T03:39:07","slug":"ecoponto-ecobarreira-ponte-zona-sul-david-almeida","status":"publish","type":"post","link":"https:\/\/www.manaus.am.gov.br\/semulsp\/ecoponto-ecobarreira-ponte-zona-sul-david-almeida\/","title":{"rendered":"Prefeito David Almeida entrega ecoponto, ecobarreira e revitaliza ponte hist\u00f3rica na zona Sul de Manaus"},"content":{"rendered":"\n<p>O prefeito de Manaus, David Almeida, realizou neste s\u00e1bado, 14\/3, a entrega de um conjunto de interven\u00e7\u00f5es voltadas ao fortalecimento da limpeza urbana, prote\u00e7\u00e3o ambiental e requalifica\u00e7\u00e3o de espa\u00e7os p\u00fablicos na zona Sul da capital. A programa\u00e7\u00e3o incluiu o ecoponto zona Sul \u2013 Clodoaldo Santos, a ecobarreira instalada no igarap\u00e9 do 40, no bairro Educandos, a revitaliza\u00e7\u00e3o da ponte dos Ingleses, oficialmente denominada ponte Ephig\u00eanio Ferreira de Salles, e o novo anfiteatro Encontro das \u00c1guas. As a\u00e7\u00f5es foram executadas pela Secretaria Municipal de Limpeza Urbana (Semulsp).<\/p>\n\n\n\n<p>A cerim\u00f4nia reuniu um grande p\u00fablico na zona Sul que acompanhou a programa\u00e7\u00e3o, que incluiu o acendimento das luzes da ponte dos Ingleses e a entrega das novas estruturas urbanas. Durante a agenda, o prefeito percorreu a \u00e1rea revitalizada ao lado da popula\u00e7\u00e3o. David destacou que a interven\u00e7\u00e3o representa a recupera\u00e7\u00e3o de um espa\u00e7o que antes enfrentava abandono e degrada\u00e7\u00e3o, passando agora a cumprir uma nova fun\u00e7\u00e3o social e ambiental para a cidade.<\/p>\n\n\n\n<p>\u201cEstamos revitalizando toda essa \u00e1rea que antes estava abandonada. Mais do que implantar um ecoponto, estamos transformando um espa\u00e7o degradado em um ambiente p\u00fablico voltado ao lazer, \u00e0 cultura e \u00e0 consci\u00eancia ambiental. Aqui tamb\u00e9m instalamos uma ecobarreira e vamos trazer atividades culturais da zona Sul para este lugar\u201d, afirmou David Almeida.<\/p>\n\n\n\n<p>O prefeito tamb\u00e9m ressaltou que a interven\u00e7\u00e3o integra um conjunto de a\u00e7\u00f5es da prefeitura voltadas \u00e0 recupera\u00e7\u00e3o de \u00e1reas degradadas na capital.<\/p>\n\n\n\n<p>\u201cAqui era uma \u00e1rea abandonada, com ocupa\u00e7\u00f5es irregulares e diversos problemas sociais. Hoje, entregamos mais um local revitalizado e transformado em ambiente p\u00fablico para a popula\u00e7\u00e3o. \u00c9 a sexta \u00e1rea da cidade que a prefeitura recupera com esse objetivo de devolver o espa\u00e7o urbano para as pessoas\u201d, acrescentou.<\/p>\n\n\n\n<p>Ao falar sobre a ponte dos Ingleses, o prefeito relembrou a rela\u00e7\u00e3o antiga com o local e destacou o significado da revitaliza\u00e7\u00e3o.<\/p>\n\n\n\n<p>\u201cTenho uma lembran\u00e7a muito antiga dessa ponte, ainda da minha inf\u00e2ncia. Eu passava por aqui, quando vinha a p\u00e9 para a escola, e esse lugar faz parte da hist\u00f3ria de Manaus e tamb\u00e9m da minha hist\u00f3ria. Por isso, \u00e9 muito simb\u00f3lico poder entregar hoje esse espa\u00e7o revitalizado para a popula\u00e7\u00e3o\u201d, declarou.<\/p>\n\n\n\n<p>Um dos principais equipamentos entregues foi o ecoponto zona Sul \u2013 Clodoaldo Santos, que passa a funcionar tamb\u00e9m como base descentralizada da Semulsp na regi\u00e3o. A estrutura amplia a capacidade operacional da secretaria, permitindo que equipes, ve\u00edculos e equipamentos da limpeza urbana estejam mais pr\u00f3ximos das \u00e1reas atendidas.<\/p>\n\n\n\n<p>Com isso, a prefeitura busca reduzir o tempo de deslocamento das equipes e ampliar a efici\u00eancia de servi\u00e7os como retirada de lixeiras irregulares, capina\u00e7\u00e3o, varri\u00e7\u00e3o, limpeza de igarap\u00e9s, coleta de res\u00edduos volumosos e manuten\u00e7\u00e3o de \u00e1reas p\u00fablicas.<\/p>\n\n\n\n<figure class=\"wp-block-image size-large\"><img loading=\"lazy\" decoding=\"async\" width=\"1024\" height=\"768\" src=\"https:\/\/www.manaus.am.gov.br\/semulsp\/wp-content\/uploads\/sites\/23\/2026\/03\/Ecoponto_zona-Sul-2-1024x768.jpeg\" alt=\"Ecoponto zona Sul \" class=\"wp-image-2991\" srcset=\"https:\/\/www.manaus.am.gov.br\/semulsp\/wp-content\/uploads\/sites\/23\/2026\/03\/Ecoponto_zona-Sul-2-1024x768.jpeg 1024w, https:\/\/www.manaus.am.gov.br\/semulsp\/wp-content\/uploads\/sites\/23\/2026\/03\/Ecoponto_zona-Sul-2-300x225.jpeg 300w, https:\/\/www.manaus.am.gov.br\/semulsp\/wp-content\/uploads\/sites\/23\/2026\/03\/Ecoponto_zona-Sul-2-768x576.jpeg 768w, https:\/\/www.manaus.am.gov.br\/semulsp\/wp-content\/uploads\/sites\/23\/2026\/03\/Ecoponto_zona-Sul-2-1536x1152.jpeg 1536w, https:\/\/www.manaus.am.gov.br\/semulsp\/wp-content\/uploads\/sites\/23\/2026\/03\/Ecoponto_zona-Sul-2-2048x1536.jpeg 2048w\" sizes=\"(max-width: 1024px) 100vw, 1024px\" \/><figcaption class=\"wp-element-caption\">#paratodosverem &#8211; Imagem a\u00e9rea do novo ecoponto da zona Sul<\/figcaption><\/figure>\n\n\n\n<p>O secret\u00e1rio municipal de Limpeza Urbana, Sab\u00e1 Reis, destacou o trabalho das equipes para a transforma\u00e7\u00e3o da \u00e1rea. \u201cH\u00e1 pouco mais de um m\u00eas, iniciamos as interven\u00e7\u00f5es neste espa\u00e7o e hoje entregamos um local completamente transformado para a popula\u00e7\u00e3o da zona Sul\u201d, afirmou.<\/p>\n\n\n\n<p>Outro destaque da programa\u00e7\u00e3o foi a ecobarreira instalada no igarap\u00e9 do 40. A estrutura atua como ponto de conten\u00e7\u00e3o de res\u00edduos arrastados pelas chuvas para os igarap\u00e9s, impedindo que o lixo alcance o rio Negro e facilitando o trabalho das equipes de limpeza.<\/p>\n\n\n\n<p>A programa\u00e7\u00e3o tamb\u00e9m marcou a revitaliza\u00e7\u00e3o da ponte dos Ingleses, um dos pontos hist\u00f3ricos mais importantes da zona Sul de Manaus. Constru\u00edda em 1929 para facilitar a liga\u00e7\u00e3o entre o bairro Educandos e a regi\u00e3o central da cidade, em uma \u00e1rea marcada pela intensa atividade portu\u00e1ria \u00e0s margens do rio Negro, a estrutura passou por melhorias estruturais e urban\u00edsticas que refor\u00e7am a seguran\u00e7a e valorizam o espa\u00e7o p\u00fablico.<\/p>\n\n\n\n<p>Complementando as interven\u00e7\u00f5es, o novo anfiteatro Encontro das \u00c1guas passa a oferecer um espa\u00e7o voltado \u00e0 realiza\u00e7\u00e3o de atividades culturais, educativas e comunit\u00e1rias, ampliando as possibilidades de conviv\u00eancia e valorizando a paisagem urbana da regi\u00e3o.<\/p>\n\n\n\n<p><strong>Novo espa\u00e7o para cultura<\/strong><\/p>\n\n\n\n<p>O espa\u00e7o do ecoponto tamb\u00e9m passa a abrigar iniciativas culturais e sociais da comunidade, entre elas o boi-bumb\u00e1 Garanh\u00e3o e a escola de samba Acad\u00eamicos da Cidade Alta. Presidente do Boi Garanh\u00e3o, Jo\u00e3o Paulo destacou a import\u00e2ncia da nova estrutura para as atividades culturais do bairro.<\/p>\n\n\n\n<p>\u201cO Boi Garanh\u00e3o n\u00e3o tinha um lugar para ensaiar. Agora, temos um espa\u00e7o estruturado para fortalecer a cultura da comunidade\u201d, afirmou.<\/p>\n\n\n\n<p>Durante a cerim\u00f4nia tamb\u00e9m foi realizada homenagem a Clodoaldo Santos, que d\u00e1 nome ao novo ecoponto. Em nome da fam\u00edlia, Lionarielle Santos destacou o significado do reconhecimento. \u201cVer esse pr\u00e9dio com o nome Clodoaldo Santos representa para a nossa fam\u00edlia o reconhecimento de uma hist\u00f3ria constru\u00edda com trabalho, dignidade e amizade\u201d, declarou.<\/p>\n\n\n\n<p>Com as entregas, a gest\u00e3o David Almeida amplia a estrutura de limpeza urbana, fortalece as a\u00e7\u00f5es de prote\u00e7\u00e3o ambiental e promove a requalifica\u00e7\u00e3o de espa\u00e7os p\u00fablicos na zona Sul da cidade.<\/p>\n\n\n\n<p>&#8212; &#8212; &#8212;<\/p>\n\n\n\n<p><strong>Texto<\/strong>: Emanuelle Baires \/ Semcom-Prefeito e Dora Tupinamb\u00e1 \/ Semulsp<\/p>\n\n\n\n<p><strong>Fotos:<\/strong> Dhyeizo Lemos \/ Semcom-Prefeito , Valdo Lopes \/ Semcom e Juan Sullivan \/ Semcom<\/p>\n\n\n\n<p><strong>Dispon\u00edveis em<\/strong> \u2013 <a href=\"https:\/\/flic.kr\/s\/aHBqjCN2FQ\">https:\/\/flic.kr\/s\/aHBqjCN2FQ<\/a><\/p>\n","protected":false},"excerpt":{"rendered":"","protected":false},"author":57,"featured_media":2990,"comment_status":"closed","ping_status":"closed","sticky":false,"template":"","format":"standard","meta":{"footnotes":""},"categories":[40],"tags":[1018,32,364,994,10,19],"acf":[],"yoast_head":"<!-- This site is optimized with the Yoast SEO plugin v23.0 - https:\/\/yoast.com\/wordpress\/plugins\/seo\/ -->\n<title>David Almeida entrega ecoponto, ecobarreira e ponte na zona Sul<\/title>\n<meta name=\"description\" content=\"A programa\u00e7\u00e3o incluiu o ecoponto zona Sul, a ecobarreira instalada no igarap\u00e9 do 40 e a revitaliza\u00e7\u00e3o da ponte dos Ingleses.\" \/>\n<meta name=\"robots\" content=\"noindex, follow\" \/>\n<meta property=\"og:locale\" content=\"pt_BR\" \/>\n<meta property=\"og:type\" content=\"article\" \/>\n<meta property=\"og:title\" content=\"David Almeida entrega ecoponto, ecobarreira e ponte na zona Sul\" \/>\n<meta property=\"og:description\" content=\"A programa\u00e7\u00e3o incluiu o ecoponto zona Sul, a ecobarreira instalada no igarap\u00e9 do 40 e a revitaliza\u00e7\u00e3o da ponte dos Ingleses.\" \/>\n<meta property=\"og:url\" content=\"https:\/\/www.manaus.am.gov.br\/semulsp\/ecoponto-ecobarreira-ponte-zona-sul-david-almeida\/\" \/>\n<meta property=\"og:site_name\" content=\"SEMULSP\" \/>\n<meta property=\"article:publisher\" content=\"https:\/\/www.facebook.com\/semulspmanaus\" \/>\n<meta property=\"article:published_time\" content=\"2026-03-15T03:36:52+00:00\" \/>\n<meta property=\"article:modified_time\" content=\"2026-03-15T03:39:07+00:00\" \/>\n<meta property=\"og:image\" content=\"https:\/\/www.manaus.am.gov.br\/semulsp\/wp-content\/uploads\/sites\/23\/2026\/03\/Ecoponto_zona-Sul-1.jpeg\" \/>\n\t<meta property=\"og:image:width\" content=\"3525\" \/>\n\t<meta property=\"og:image:height\" content=\"2350\" \/>\n\t<meta property=\"og:image:type\" content=\"image\/jpeg\" \/>\n<meta name=\"author\" content=\"Thiago Fernando\" \/>\n<meta name=\"twitter:card\" content=\"summary_large_image\" \/>\n<meta name=\"twitter:label1\" content=\"Written by\" \/>\n\t<meta name=\"twitter:data1\" content=\"Thiago Fernando\" \/>\n\t<meta name=\"twitter:label2\" content=\"Est. reading time\" \/>\n\t<meta name=\"twitter:data2\" content=\"5 minutos\" \/>\n<script type=\"application\/ld+json\" class=\"yoast-schema-graph\">{\"@context\":\"https:\/\/schema.org\",\"@graph\":[{\"@type\":\"Article\",\"@id\":\"https:\/\/www.manaus.am.gov.br\/semulsp\/ecoponto-ecobarreira-ponte-zona-sul-david-almeida\/#article\",\"isPartOf\":{\"@id\":\"https:\/\/www.manaus.am.gov.br\/semulsp\/ecoponto-ecobarreira-ponte-zona-sul-david-almeida\/\"},\"author\":{\"name\":\"Thiago Fernando\",\"@id\":\"https:\/\/www.manaus.am.gov.br\/semulsp\/#\/schema\/person\/a5ee5376db6e21af026374b369f30882\"},\"headline\":\"Prefeito David Almeida entrega ecoponto, ecobarreira e revitaliza ponte hist\u00f3rica na zona Sul de Manaus\",\"datePublished\":\"2026-03-15T03:36:52+00:00\",\"dateModified\":\"2026-03-15T03:39:07+00:00\",\"mainEntityOfPage\":{\"@id\":\"https:\/\/www.manaus.am.gov.br\/semulsp\/ecoponto-ecobarreira-ponte-zona-sul-david-almeida\/\"},\"wordCount\":934,\"publisher\":{\"@id\":\"https:\/\/www.manaus.am.gov.br\/semulsp\/#organization\"},\"image\":{\"@id\":\"https:\/\/www.manaus.am.gov.br\/semulsp\/ecoponto-ecobarreira-ponte-zona-sul-david-almeida\/#primaryimage\"},\"thumbnailUrl\":\"https:\/\/www.manaus.am.gov.br\/semulsp\/wp-content\/uploads\/sites\/23\/2026\/03\/Ecoponto_zona-Sul-1.jpeg\",\"keywords\":[\"anfiteatro\",\"David Almeida\",\"ecobarreira\",\"Ecoponto\",\"prefeitura de manaus\",\"semulsp\"],\"articleSection\":[\"Revitaliza\u00e7\u00e3o\"],\"inLanguage\":\"pt-BR\"},{\"@type\":\"WebPage\",\"@id\":\"https:\/\/www.manaus.am.gov.br\/semulsp\/ecoponto-ecobarreira-ponte-zona-sul-david-almeida\/\",\"url\":\"https:\/\/www.manaus.am.gov.br\/semulsp\/ecoponto-ecobarreira-ponte-zona-sul-david-almeida\/\",\"name\":\"David Almeida entrega ecoponto, ecobarreira e ponte na zona Sul\",\"isPartOf\":{\"@id\":\"https:\/\/www.manaus.am.gov.br\/semulsp\/#website\"},\"primaryImageOfPage\":{\"@id\":\"https:\/\/www.manaus.am.gov.br\/semulsp\/ecoponto-ecobarreira-ponte-zona-sul-david-almeida\/#primaryimage\"},\"image\":{\"@id\":\"https:\/\/www.manaus.am.gov.br\/semulsp\/ecoponto-ecobarreira-ponte-zona-sul-david-almeida\/#primaryimage\"},\"thumbnailUrl\":\"https:\/\/www.manaus.am.gov.br\/semulsp\/wp-content\/uploads\/sites\/23\/2026\/03\/Ecoponto_zona-Sul-1.jpeg\",\"datePublished\":\"2026-03-15T03:36:52+00:00\",\"dateModified\":\"2026-03-15T03:39:07+00:00\",\"description\":\"A programa\u00e7\u00e3o incluiu o ecoponto zona Sul, a ecobarreira instalada no igarap\u00e9 do 40 e a revitaliza\u00e7\u00e3o da ponte dos Ingleses.\",\"breadcrumb\":{\"@id\":\"https:\/\/www.manaus.am.gov.br\/semulsp\/ecoponto-ecobarreira-ponte-zona-sul-david-almeida\/#breadcrumb\"},\"inLanguage\":\"pt-BR\",\"potentialAction\":[{\"@type\":\"ReadAction\",\"target\":[\"https:\/\/www.manaus.am.gov.br\/semulsp\/ecoponto-ecobarreira-ponte-zona-sul-david-almeida\/\"]}]},{\"@type\":\"ImageObject\",\"inLanguage\":\"pt-BR\",\"@id\":\"https:\/\/www.manaus.am.gov.br\/semulsp\/ecoponto-ecobarreira-ponte-zona-sul-david-almeida\/#primaryimage\",\"url\":\"https:\/\/www.manaus.am.gov.br\/semulsp\/wp-content\/uploads\/sites\/23\/2026\/03\/Ecoponto_zona-Sul-1.jpeg\",\"contentUrl\":\"https:\/\/www.manaus.am.gov.br\/semulsp\/wp-content\/uploads\/sites\/23\/2026\/03\/Ecoponto_zona-Sul-1.jpeg\",\"width\":3525,\"height\":2350,\"caption\":\"#paratodosverem - Prefeito David Almeida realizando inaugura\u00e7\u00e3o na zona Sul\"},{\"@type\":\"BreadcrumbList\",\"@id\":\"https:\/\/www.manaus.am.gov.br\/semulsp\/ecoponto-ecobarreira-ponte-zona-sul-david-almeida\/#breadcrumb\",\"itemListElement\":[{\"@type\":\"ListItem\",\"position\":1,\"name\":\"Home\",\"item\":\"https:\/\/www.manaus.am.gov.br\/semulsp\/\"},{\"@type\":\"ListItem\",\"position\":2,\"name\":\"Prefeito David Almeida entrega ecoponto, ecobarreira e revitaliza ponte hist\u00f3rica na zona Sul de Manaus\"}]},{\"@type\":\"WebSite\",\"@id\":\"https:\/\/www.manaus.am.gov.br\/semulsp\/#website\",\"url\":\"https:\/\/www.manaus.am.gov.br\/semulsp\/\",\"name\":\"SEMULSP\",\"description\":\"Prefeitura de Manaus\",\"publisher\":{\"@id\":\"https:\/\/www.manaus.am.gov.br\/semulsp\/#organization\"},\"alternateName\":\"Secretaria Municipal de Limpeza P\u00fablica\",\"potentialAction\":[{\"@type\":\"SearchAction\",\"target\":{\"@type\":\"EntryPoint\",\"urlTemplate\":\"https:\/\/www.manaus.am.gov.br\/semulsp\/?s={search_term_string}\"},\"query-input\":\"required name=search_term_string\"}],\"inLanguage\":\"pt-BR\"},{\"@type\":\"Organization\",\"@id\":\"https:\/\/www.manaus.am.gov.br\/semulsp\/#organization\",\"name\":\"SEMULSP\",\"alternateName\":\"Secretaria Municipal de Limpeza P\u00fablica\",\"url\":\"https:\/\/www.manaus.am.gov.br\/semulsp\/\",\"logo\":{\"@type\":\"ImageObject\",\"inLanguage\":\"pt-BR\",\"@id\":\"https:\/\/www.manaus.am.gov.br\/semulsp\/#\/schema\/logo\/image\/\",\"url\":\"https:\/\/www.manaus.am.gov.br\/semulsp\/wp-content\/uploads\/sites\/23\/2023\/05\/cropped-favicon.png\",\"contentUrl\":\"https:\/\/www.manaus.am.gov.br\/semulsp\/wp-content\/uploads\/sites\/23\/2023\/05\/cropped-favicon.png\",\"width\":512,\"height\":512,\"caption\":\"SEMULSP\"},\"image\":{\"@id\":\"https:\/\/www.manaus.am.gov.br\/semulsp\/#\/schema\/logo\/image\/\"},\"sameAs\":[\"https:\/\/www.facebook.com\/semulspmanaus\",\"https:\/\/www.instagram.com\/semulspmanaus\/\"]},{\"@type\":\"Person\",\"@id\":\"https:\/\/www.manaus.am.gov.br\/semulsp\/#\/schema\/person\/a5ee5376db6e21af026374b369f30882\",\"name\":\"Thiago Fernando\",\"image\":{\"@type\":\"ImageObject\",\"inLanguage\":\"pt-BR\",\"@id\":\"https:\/\/www.manaus.am.gov.br\/semulsp\/#\/schema\/person\/image\/\",\"url\":\"https:\/\/secure.gravatar.com\/avatar\/f5aab8722444041451501c077052ac07?s=96&d=mm&r=g\",\"contentUrl\":\"https:\/\/secure.gravatar.com\/avatar\/f5aab8722444041451501c077052ac07?s=96&d=mm&r=g\",\"caption\":\"Thiago Fernando\"}}]}<\/script>\n<!-- \/ Yoast SEO plugin. -->","yoast_head_json":{"title":"David Almeida entrega ecoponto, ecobarreira e ponte na zona Sul","description":"A programa\u00e7\u00e3o incluiu o ecoponto zona Sul, a ecobarreira instalada no igarap\u00e9 do 40 e a revitaliza\u00e7\u00e3o da ponte dos Ingleses.","robots":{"index":"noindex","follow":"follow"},"og_locale":"pt_BR","og_type":"article","og_title":"David Almeida entrega ecoponto, ecobarreira e ponte na zona Sul","og_description":"A programa\u00e7\u00e3o incluiu o ecoponto zona Sul, a ecobarreira instalada no igarap\u00e9 do 40 e a revitaliza\u00e7\u00e3o da ponte dos Ingleses.","og_url":"https:\/\/www.manaus.am.gov.br\/semulsp\/ecoponto-ecobarreira-ponte-zona-sul-david-almeida\/","og_site_name":"SEMULSP","article_publisher":"https:\/\/www.facebook.com\/semulspmanaus","article_published_time":"2026-03-15T03:36:52+00:00","article_modified_time":"2026-03-15T03:39:07+00:00","og_image":[{"width":3525,"height":2350,"url":"https:\/\/www.manaus.am.gov.br\/semulsp\/wp-content\/uploads\/sites\/23\/2026\/03\/Ecoponto_zona-Sul-1.jpeg","type":"image\/jpeg"}],"author":"Thiago Fernando","twitter_card":"summary_large_image","twitter_misc":{"Written by":"Thiago Fernando","Est. reading time":"5 minutos"},"schema":{"@context":"https:\/\/schema.org","@graph":[{"@type":"Article","@id":"https:\/\/www.manaus.am.gov.br\/semulsp\/ecoponto-ecobarreira-ponte-zona-sul-david-almeida\/#article","isPartOf":{"@id":"https:\/\/www.manaus.am.gov.br\/semulsp\/ecoponto-ecobarreira-ponte-zona-sul-david-almeida\/"},"author":{"name":"Thiago Fernando","@id":"https:\/\/www.manaus.am.gov.br\/semulsp\/#\/schema\/person\/a5ee5376db6e21af026374b369f30882"},"headline":"Prefeito David Almeida entrega ecoponto, ecobarreira e revitaliza ponte hist\u00f3rica na zona Sul de Manaus","datePublished":"2026-03-15T03:36:52+00:00","dateModified":"2026-03-15T03:39:07+00:00","mainEntityOfPage":{"@id":"https:\/\/www.manaus.am.gov.br\/semulsp\/ecoponto-ecobarreira-ponte-zona-sul-david-almeida\/"},"wordCount":934,"publisher":{"@id":"https:\/\/www.manaus.am.gov.br\/semulsp\/#organization"},"image":{"@id":"https:\/\/www.manaus.am.gov.br\/semulsp\/ecoponto-ecobarreira-ponte-zona-sul-david-almeida\/#primaryimage"},"thumbnailUrl":"https:\/\/www.manaus.am.gov.br\/semulsp\/wp-content\/uploads\/sites\/23\/2026\/03\/Ecoponto_zona-Sul-1.jpeg","keywords":["anfiteatro","David Almeida","ecobarreira","Ecoponto","prefeitura de manaus","semulsp"],"articleSection":["Revitaliza\u00e7\u00e3o"],"inLanguage":"pt-BR"},{"@type":"WebPage","@id":"https:\/\/www.manaus.am.gov.br\/semulsp\/ecoponto-ecobarreira-ponte-zona-sul-david-almeida\/","url":"https:\/\/www.manaus.am.gov.br\/semulsp\/ecoponto-ecobarreira-ponte-zona-sul-david-almeida\/","name":"David Almeida entrega ecoponto, ecobarreira e ponte na zona Sul","isPartOf":{"@id":"https:\/\/www.manaus.am.gov.br\/semulsp\/#website"},"primaryImageOfPage":{"@id":"https:\/\/www.manaus.am.gov.br\/semulsp\/ecoponto-ecobarreira-ponte-zona-sul-david-almeida\/#primaryimage"},"image":{"@id":"https:\/\/www.manaus.am.gov.br\/semulsp\/ecoponto-ecobarreira-ponte-zona-sul-david-almeida\/#primaryimage"},"thumbnailUrl":"https:\/\/www.manaus.am.gov.br\/semulsp\/wp-content\/uploads\/sites\/23\/2026\/03\/Ecoponto_zona-Sul-1.jpeg","datePublished":"2026-03-15T03:36:52+00:00","dateModified":"2026-03-15T03:39:07+00:00","description":"A programa\u00e7\u00e3o incluiu o ecoponto zona Sul, a ecobarreira instalada no igarap\u00e9 do 40 e a revitaliza\u00e7\u00e3o da ponte dos Ingleses.","breadcrumb":{"@id":"https:\/\/www.manaus.am.gov.br\/semulsp\/ecoponto-ecobarreira-ponte-zona-sul-david-almeida\/#breadcrumb"},"inLanguage":"pt-BR","potentialAction":[{"@type":"ReadAction","target":["https:\/\/www.manaus.am.gov.br\/semulsp\/ecoponto-ecobarreira-ponte-zona-sul-david-almeida\/"]}]},{"@type":"ImageObject","inLanguage":"pt-BR","@id":"https:\/\/www.manaus.am.gov.br\/semulsp\/ecoponto-ecobarreira-ponte-zona-sul-david-almeida\/#primaryimage","url":"https:\/\/www.manaus.am.gov.br\/semulsp\/wp-content\/uploads\/sites\/23\/2026\/03\/Ecoponto_zona-Sul-1.jpeg","contentUrl":"https:\/\/www.manaus.am.gov.br\/semulsp\/wp-content\/uploads\/sites\/23\/2026\/03\/Ecoponto_zona-Sul-1.jpeg","width":3525,"height":2350,"caption":"#paratodosverem - Prefeito David Almeida realizando inaugura\u00e7\u00e3o na zona Sul"},{"@type":"BreadcrumbList","@id":"https:\/\/www.manaus.am.gov.br\/semulsp\/ecoponto-ecobarreira-ponte-zona-sul-david-almeida\/#breadcrumb","itemListElement":[{"@type":"ListItem","position":1,"name":"Home","item":"https:\/\/www.manaus.am.gov.br\/semulsp\/"},{"@type":"ListItem","position":2,"name":"Prefeito David Almeida entrega ecoponto, ecobarreira e revitaliza ponte hist\u00f3rica na zona Sul de Manaus"}]},{"@type":"WebSite","@id":"https:\/\/www.manaus.am.gov.br\/semulsp\/#website","url":"https:\/\/www.manaus.am.gov.br\/semulsp\/","name":"SEMULSP","description":"Prefeitura de Manaus","publisher":{"@id":"https:\/\/www.manaus.am.gov.br\/semulsp\/#organization"},"alternateName":"Secretaria Municipal de Limpeza P\u00fablica","potentialAction":[{"@type":"SearchAction","target":{"@type":"EntryPoint","urlTemplate":"https:\/\/www.manaus.am.gov.br\/semulsp\/?s={search_term_string}"},"query-input":"required name=search_term_string"}],"inLanguage":"pt-BR"},{"@type":"Organization","@id":"https:\/\/www.manaus.am.gov.br\/semulsp\/#organization","name":"SEMULSP","alternateName":"Secretaria Municipal de Limpeza P\u00fablica","url":"https:\/\/www.manaus.am.gov.br\/semulsp\/","logo":{"@type":"ImageObject","inLanguage":"pt-BR","@id":"https:\/\/www.manaus.am.gov.br\/semulsp\/#\/schema\/logo\/image\/","url":"https:\/\/www.manaus.am.gov.br\/semulsp\/wp-content\/uploads\/sites\/23\/2023\/05\/cropped-favicon.png","contentUrl":"https:\/\/www.manaus.am.gov.br\/semulsp\/wp-content\/uploads\/sites\/23\/2023\/05\/cropped-favicon.png","width":512,"height":512,"caption":"SEMULSP"},"image":{"@id":"https:\/\/www.manaus.am.gov.br\/semulsp\/#\/schema\/logo\/image\/"},"sameAs":["https:\/\/www.facebook.com\/semulspmanaus","https:\/\/www.instagram.com\/semulspmanaus\/"]},{"@type":"Person","@id":"https:\/\/www.manaus.am.gov.br\/semulsp\/#\/schema\/person\/a5ee5376db6e21af026374b369f30882","name":"Thiago Fernando","image":{"@type":"ImageObject","inLanguage":"pt-BR","@id":"https:\/\/www.manaus.am.gov.br\/semulsp\/#\/schema\/person\/image\/","url":"https:\/\/secure.gravatar.com\/avatar\/f5aab8722444041451501c077052ac07?s=96&d=mm&r=g","contentUrl":"https:\/\/secure.gravatar.com\/avatar\/f5aab8722444041451501c077052ac07?s=96&d=mm&r=g","caption":"Thiago Fernando"}}]}},"_links":{"self":[{"href":"https:\/\/www.manaus.am.gov.br\/semulsp\/wp-json\/wp\/v2\/posts\/2989"}],"collection":[{"href":"https:\/\/www.manaus.am.gov.br\/semulsp\/wp-json\/wp\/v2\/posts"}],"about":[{"href":"https:\/\/www.manaus.am.gov.br\/semulsp\/wp-json\/wp\/v2\/types\/post"}],"author":[{"embeddable":true,"href":"https:\/\/www.manaus.am.gov.br\/semulsp\/wp-json\/wp\/v2\/users\/57"}],"replies":[{"embeddable":true,"href":"https:\/\/www.manaus.am.gov.br\/semulsp\/wp-json\/wp\/v2\/comments?post=2989"}],"version-history":[{"count":5,"href":"https:\/\/www.manaus.am.gov.br\/semulsp\/wp-json\/wp\/v2\/posts\/2989\/revisions"}],"predecessor-version":[{"id":2996,"href":"https:\/\/www.manaus.am.gov.br\/semulsp\/wp-json\/wp\/v2\/posts\/2989\/revisions\/2996"}],"wp:featuredmedia":[{"embeddable":true,"href":"https:\/\/www.manaus.am.gov.br\/semulsp\/wp-json\/wp\/v2\/media\/2990"}],"wp:attachment":[{"href":"https:\/\/www.manaus.am.gov.br\/semulsp\/wp-json\/wp\/v2\/media?parent=2989"}],"wp:term":[{"taxonomy":"category","embeddable":true,"href":"https:\/\/www.manaus.am.gov.br\/semulsp\/wp-json\/wp\/v2\/categories?post=2989"},{"taxonomy":"post_tag","embeddable":true,"href":"https:\/\/www.manaus.am.gov.br\/semulsp\/wp-json\/wp\/v2\/tags?post=2989"}],"curies":[{"name":"wp","href":"https:\/\/api.w.org\/{rel}","templated":true}]}}