{"id":2976,"date":"2026-03-10T18:20:39","date_gmt":"2026-03-10T22:20:39","guid":{"rendered":"https:\/\/www.manaus.am.gov.br\/semulsp\/operacao-ambiental-igarape\/"},"modified":"2026-03-11T12:03:55","modified_gmt":"2026-03-11T16:03:55","slug":"operacao-ambiental-igarape","status":"publish","type":"post","link":"https:\/\/www.manaus.am.gov.br\/semulsp\/operacao-ambiental-igarape\/","title":{"rendered":"David Almeida acompanha opera\u00e7\u00e3o ambiental no igarap\u00e9 do 40 e refor\u00e7a pol\u00edtica de prote\u00e7\u00e3o aos rios urbanos de Manaus"},"content":{"rendered":"\n<p>O prefeito de<a href=\"https:\/\/www.instagram.com\/prefeiturademanaus\/\"> Manaus<\/a>, David Almeida, acompanhou nesta ter\u00e7a-feira, 10\/3, no bairro Educandos, zona Sul da capital, o funcionamento do ecoponto implantado pela Prefeitura de Manaus na \u00e1rea do antigo PAC Educandos e o trabalho de limpeza realizado na ecobarreira instalada no igarap\u00e9 do 40. A agenda foi realizada ao lado do secret\u00e1rio municipal de Limpeza Urbana, Sab\u00e1 Reis, e das equipes da Secretaria Municipal de Limpeza Urbana<a href=\"https:\/\/www.manaus.am.gov.br\/\"> (Semulsp)<\/a>, respons\u00e1veis pelas a\u00e7\u00f5es de limpeza urbana e prote\u00e7\u00e3o ambiental na cidade.<\/p>\n\n\n\n<p>A visita ocorreu em um dos pontos estrat\u00e9gicos da pol\u00edtica ambiental da prefeitura voltada \u00e0 recupera\u00e7\u00e3o dos igarap\u00e9s urbanos e \u00e0 prote\u00e7\u00e3o do rio Negro. O espa\u00e7o, que anteriormente se encontrava abandonado, passou por revitaliza\u00e7\u00e3o e hoje funciona como base operacional das a\u00e7\u00f5es de limpeza urbana na zona Sul, al\u00e9m de abrigar iniciativas de educa\u00e7\u00e3o ambiental e participa\u00e7\u00e3o comunit\u00e1ria.<\/p>\n\n\n<div class=\"wp-block-image\">\n<figure class=\"aligncenter size-large\"><img loading=\"lazy\" decoding=\"async\" width=\"1024\" height=\"683\" src=\"https:\/\/www.manaus.am.gov.br\/semulsp\/wp-content\/uploads\/sites\/23\/2026\/03\/Prefeito-Ecoponto-e-Ecobarreira-3-1024x683.jpeg\" alt=\"\" class=\"wp-image-2978\" srcset=\"https:\/\/www.manaus.am.gov.br\/semulsp\/wp-content\/uploads\/sites\/23\/2026\/03\/Prefeito-Ecoponto-e-Ecobarreira-3-1024x683.jpeg 1024w, https:\/\/www.manaus.am.gov.br\/semulsp\/wp-content\/uploads\/sites\/23\/2026\/03\/Prefeito-Ecoponto-e-Ecobarreira-3-300x200.jpeg 300w, https:\/\/www.manaus.am.gov.br\/semulsp\/wp-content\/uploads\/sites\/23\/2026\/03\/Prefeito-Ecoponto-e-Ecobarreira-3-768x512.jpeg 768w, https:\/\/www.manaus.am.gov.br\/semulsp\/wp-content\/uploads\/sites\/23\/2026\/03\/Prefeito-Ecoponto-e-Ecobarreira-3-1536x1024.jpeg 1536w, https:\/\/www.manaus.am.gov.br\/semulsp\/wp-content\/uploads\/sites\/23\/2026\/03\/Prefeito-Ecoponto-e-Ecobarreira-3-2048x1365.jpeg 2048w\" sizes=\"(max-width: 1024px) 100vw, 1024px\" \/><figcaption class=\"wp-element-caption\">#paratodosverem &#8211; na imagem, a estrutura do novo ecoponto em Educandos <\/figcaption><\/figure><\/div>\n\n\n<p>Durante a agenda, o prefeito conheceu a estrutura do ecoponto e visitou o viveiro de mudas mantido no local, onde a popula\u00e7\u00e3o pode retirar gratuitamente esp\u00e9cies destinadas ao plantio e \u00e0 arboriza\u00e7\u00e3o de bairros da cidade, incentivando o cuidado ambiental e a recupera\u00e7\u00e3o de \u00e1reas verdes em Manaus.<\/p>\n\n\n\n<p>Na sequ\u00eancia, David Almeida acompanhou o trabalho das equipes da Semulsp na retirada de res\u00edduos retidos pela ecobarreira instalada na foz do igarap\u00e9 do 40. A estrutura atua como uma barreira de conten\u00e7\u00e3o que impede que o lixo transportado pela correnteza alcance o rio Negro, contribuindo diretamente para a preserva\u00e7\u00e3o dos mananciais da capital amazonense.<\/p>\n\n\n<div class=\"wp-block-image\">\n<figure class=\"aligncenter size-full\"><img loading=\"lazy\" decoding=\"async\" width=\"799\" height=\"533\" src=\"https:\/\/www.manaus.am.gov.br\/semulsp\/wp-content\/uploads\/sites\/23\/2026\/03\/Prefeito-Ecoponto-e-Ecobarreira.jpg\" alt=\"\" class=\"wp-image-2982\" srcset=\"https:\/\/www.manaus.am.gov.br\/semulsp\/wp-content\/uploads\/sites\/23\/2026\/03\/Prefeito-Ecoponto-e-Ecobarreira.jpg 799w, https:\/\/www.manaus.am.gov.br\/semulsp\/wp-content\/uploads\/sites\/23\/2026\/03\/Prefeito-Ecoponto-e-Ecobarreira-300x200.jpg 300w, https:\/\/www.manaus.am.gov.br\/semulsp\/wp-content\/uploads\/sites\/23\/2026\/03\/Prefeito-Ecoponto-e-Ecobarreira-768x512.jpg 768w\" sizes=\"(max-width: 799px) 100vw, 799px\" \/><figcaption class=\"wp-element-caption\">#paratodosverem &#8211; prefeito David Almeida e o secret\u00e1rio Sab\u00e1 Reis acompanham a remo\u00e7\u00e3o do lixo na ecobarreira<\/figcaption><\/figure><\/div>\n\n\n<p>\u201cEsse \u00e9 um trabalho ambiental muito importante que a Prefeitura de Manaus vem realizando. Estamos acompanhando de perto o trabalho das nossas equipes que atuam diariamente na limpeza dos igarap\u00e9s e na prote\u00e7\u00e3o dos nossos mananciais. Aqui no Educandos tamb\u00e9m recuperamos um espa\u00e7o que antes estava abandonado e que hoje passa a servir \u00e0 popula\u00e7\u00e3o com a\u00e7\u00f5es sociais, educa\u00e7\u00e3o ambiental e incentivo \u00e0 arboriza\u00e7\u00e3o da cidade\u201d, afirmou o prefeito.<\/p>\n\n\n<div class=\"wp-block-image\">\n<figure class=\"aligncenter size-large\"><img loading=\"lazy\" decoding=\"async\" width=\"1024\" height=\"683\" src=\"https:\/\/www.manaus.am.gov.br\/semulsp\/wp-content\/uploads\/sites\/23\/2026\/03\/Prefeito-Ecoponto-e-Ecobarreira-1-1024x683.jpeg\" alt=\"\" class=\"wp-image-2977\" srcset=\"https:\/\/www.manaus.am.gov.br\/semulsp\/wp-content\/uploads\/sites\/23\/2026\/03\/Prefeito-Ecoponto-e-Ecobarreira-1-1024x683.jpeg 1024w, https:\/\/www.manaus.am.gov.br\/semulsp\/wp-content\/uploads\/sites\/23\/2026\/03\/Prefeito-Ecoponto-e-Ecobarreira-1-300x200.jpeg 300w, https:\/\/www.manaus.am.gov.br\/semulsp\/wp-content\/uploads\/sites\/23\/2026\/03\/Prefeito-Ecoponto-e-Ecobarreira-1-768x512.jpeg 768w, https:\/\/www.manaus.am.gov.br\/semulsp\/wp-content\/uploads\/sites\/23\/2026\/03\/Prefeito-Ecoponto-e-Ecobarreira-1-1536x1024.jpeg 1536w, https:\/\/www.manaus.am.gov.br\/semulsp\/wp-content\/uploads\/sites\/23\/2026\/03\/Prefeito-Ecoponto-e-Ecobarreira-1-2048x1366.jpeg 2048w\" sizes=\"(max-width: 1024px) 100vw, 1024px\" \/><figcaption class=\"wp-element-caption\">#paratodosverem &#8211; as ecobarreiras s\u00e3o importante instrumento para evitar o ac\u00famulo de lixo nos igarap\u00e9s<\/figcaption><\/figure><\/div>\n\n\n<p>O igarap\u00e9 do 40 \u00e9 um dos principais cursos d\u2019\u00e1gua urbanos de Manaus. Ele corta diversos bairros da zona Sul, recebendo \u00e1guas provenientes da regi\u00e3o do Distrito Industrial antes de desaguar na bacia do Educandos. A ecobarreira instalada no local tamb\u00e9m ret\u00e9m res\u00edduos que chegam pelo igarap\u00e9 do Mestre Chico, ampliando o alcance da opera\u00e7\u00e3o ambiental realizada pelas equipes municipais.<\/p>\n\n\n\n<p>A estrutura instalada no Educandos \u00e9 a 14\u00aa ecobarreira implantada pela Prefeitura de Manaus e a maior do sistema atualmente em opera\u00e7\u00e3o na cidade. O conjunto dessas estruturas forma uma rede municipal de conten\u00e7\u00e3o de res\u00edduos nos igarap\u00e9s urbanos, estrat\u00e9gia adotada pela gest\u00e3o para impedir que toneladas de lixo cheguem ao rio Negro.<\/p>\n\n\n\n<p>A implanta\u00e7\u00e3o do ecoponto e a instala\u00e7\u00e3o da ecobarreira integram o conjunto de a\u00e7\u00f5es da Prefeitura de Manaus voltadas ao fortalecimento da limpeza urbana, \u00e0 recupera\u00e7\u00e3o ambiental dos igarap\u00e9s e \u00e0 preserva\u00e7\u00e3o dos recursos naturais da maior cidade da Amaz\u00f4nia.<\/p>\n\n\n\n<p>&#8212; &#8212; &#8212;<\/p>\n\n\n\n<p><strong>Texto<\/strong> &#8211; Emanuelle Baires \/ Semcom-Prefeito<\/p>\n\n\n\n<p><strong>Fotos<\/strong> &#8211; Dhyeizo Lemos \/ Semcom-Prefeito<\/p>\n\n\n\n<p><strong>Dispon\u00edveis em<\/strong> &#8211; <a href=\"https:\/\/flic.kr\/s\/aHBqjCMPDs\">https:\/\/flic.kr\/s\/aHBqjCMPDs<\/a><\/p>\n","protected":false},"excerpt":{"rendered":"","protected":false},"author":61,"featured_media":2979,"comment_status":"closed","ping_status":"closed","sticky":false,"template":"","format":"standard","meta":{"footnotes":""},"categories":[48],"tags":[32,364,994,10],"acf":[],"yoast_head":"<!-- This site is optimized with the Yoast SEO plugin v23.0 - https:\/\/yoast.com\/wordpress\/plugins\/seo\/ -->\n<title>David Almeida acompanha opera\u00e7\u00e3o ambiental no igarap\u00e9 do 40 e refor\u00e7a pol\u00edtica de prote\u00e7\u00e3o aos rios urbanos de Manaus<\/title>\n<meta name=\"description\" content=\"O prefeito de Manaus, David Almeida, acompanhou nesta ter\u00e7a-feira, 10\/3, no bairro Educandos, zona Sul da capital, o funcionamento do ecoponto implantado pela Prefeitura de Manaus na \u00e1rea do antigo PAC Educandos.\" \/>\n<meta name=\"robots\" content=\"noindex, follow\" \/>\n<meta property=\"og:locale\" content=\"pt_BR\" \/>\n<meta property=\"og:type\" content=\"article\" \/>\n<meta property=\"og:title\" content=\"David Almeida acompanha opera\u00e7\u00e3o ambiental no igarap\u00e9 do 40 e refor\u00e7a pol\u00edtica de prote\u00e7\u00e3o aos rios urbanos de Manaus\" \/>\n<meta property=\"og:description\" content=\"O prefeito de Manaus, David Almeida, acompanhou nesta ter\u00e7a-feira, 10\/3, no bairro Educandos, zona Sul da capital, o funcionamento do ecoponto implantado pela Prefeitura de Manaus na \u00e1rea do antigo PAC Educandos.\" \/>\n<meta property=\"og:url\" content=\"https:\/\/www.manaus.am.gov.br\/semulsp\/operacao-ambiental-igarape\/\" \/>\n<meta property=\"og:site_name\" content=\"SEMULSP\" \/>\n<meta property=\"article:publisher\" content=\"https:\/\/www.facebook.com\/semulspmanaus\" \/>\n<meta property=\"article:published_time\" content=\"2026-03-10T22:20:39+00:00\" \/>\n<meta property=\"article:modified_time\" content=\"2026-03-11T16:03:55+00:00\" \/>\n<meta property=\"og:image\" content=\"https:\/\/www.manaus.am.gov.br\/semulsp\/wp-content\/uploads\/sites\/23\/2026\/03\/Prefeito-Ecoponto-e-Ecobarreira-2.jpeg\" \/>\n\t<meta property=\"og:image:width\" content=\"4160\" \/>\n\t<meta property=\"og:image:height\" content=\"2773\" \/>\n\t<meta property=\"og:image:type\" content=\"image\/jpeg\" \/>\n<meta name=\"author\" content=\"smonteiro\" \/>\n<meta name=\"twitter:card\" content=\"summary_large_image\" \/>\n<meta name=\"twitter:label1\" content=\"Written by\" \/>\n\t<meta name=\"twitter:data1\" content=\"smonteiro\" \/>\n\t<meta name=\"twitter:label2\" content=\"Est. reading time\" \/>\n\t<meta name=\"twitter:data2\" content=\"4 minutos\" \/>\n<script type=\"application\/ld+json\" class=\"yoast-schema-graph\">{\"@context\":\"https:\/\/schema.org\",\"@graph\":[{\"@type\":\"Article\",\"@id\":\"https:\/\/www.manaus.am.gov.br\/semulsp\/operacao-ambiental-igarape\/#article\",\"isPartOf\":{\"@id\":\"https:\/\/www.manaus.am.gov.br\/semulsp\/operacao-ambiental-igarape\/\"},\"author\":{\"name\":\"smonteiro\",\"@id\":\"https:\/\/www.manaus.am.gov.br\/semulsp\/#\/schema\/person\/ab4dcf766a54dff74e8d267f5c591961\"},\"headline\":\"David Almeida acompanha opera\u00e7\u00e3o ambiental no igarap\u00e9 do 40 e refor\u00e7a pol\u00edtica de prote\u00e7\u00e3o aos rios urbanos de Manaus\",\"datePublished\":\"2026-03-10T22:20:39+00:00\",\"dateModified\":\"2026-03-11T16:03:55+00:00\",\"mainEntityOfPage\":{\"@id\":\"https:\/\/www.manaus.am.gov.br\/semulsp\/operacao-ambiental-igarape\/\"},\"wordCount\":593,\"publisher\":{\"@id\":\"https:\/\/www.manaus.am.gov.br\/semulsp\/#organization\"},\"image\":{\"@id\":\"https:\/\/www.manaus.am.gov.br\/semulsp\/operacao-ambiental-igarape\/#primaryimage\"},\"thumbnailUrl\":\"https:\/\/www.manaus.am.gov.br\/semulsp\/wp-content\/uploads\/sites\/23\/2026\/03\/Prefeito-Ecoponto-e-Ecobarreira-2.jpeg\",\"keywords\":[\"David Almeida\",\"ecobarreira\",\"Ecoponto\",\"prefeitura de manaus\"],\"articleSection\":[\"Meio Ambiente\"],\"inLanguage\":\"pt-BR\"},{\"@type\":\"WebPage\",\"@id\":\"https:\/\/www.manaus.am.gov.br\/semulsp\/operacao-ambiental-igarape\/\",\"url\":\"https:\/\/www.manaus.am.gov.br\/semulsp\/operacao-ambiental-igarape\/\",\"name\":\"David Almeida acompanha opera\u00e7\u00e3o ambiental no igarap\u00e9 do 40 e refor\u00e7a pol\u00edtica de prote\u00e7\u00e3o aos rios urbanos de Manaus\",\"isPartOf\":{\"@id\":\"https:\/\/www.manaus.am.gov.br\/semulsp\/#website\"},\"primaryImageOfPage\":{\"@id\":\"https:\/\/www.manaus.am.gov.br\/semulsp\/operacao-ambiental-igarape\/#primaryimage\"},\"image\":{\"@id\":\"https:\/\/www.manaus.am.gov.br\/semulsp\/operacao-ambiental-igarape\/#primaryimage\"},\"thumbnailUrl\":\"https:\/\/www.manaus.am.gov.br\/semulsp\/wp-content\/uploads\/sites\/23\/2026\/03\/Prefeito-Ecoponto-e-Ecobarreira-2.jpeg\",\"datePublished\":\"2026-03-10T22:20:39+00:00\",\"dateModified\":\"2026-03-11T16:03:55+00:00\",\"description\":\"O prefeito de Manaus, David Almeida, acompanhou nesta ter\u00e7a-feira, 10\/3, no bairro Educandos, zona Sul da capital, o funcionamento do ecoponto implantado pela Prefeitura de Manaus na \u00e1rea do antigo PAC Educandos.\",\"breadcrumb\":{\"@id\":\"https:\/\/www.manaus.am.gov.br\/semulsp\/operacao-ambiental-igarape\/#breadcrumb\"},\"inLanguage\":\"pt-BR\",\"potentialAction\":[{\"@type\":\"ReadAction\",\"target\":[\"https:\/\/www.manaus.am.gov.br\/semulsp\/operacao-ambiental-igarape\/\"]}]},{\"@type\":\"ImageObject\",\"inLanguage\":\"pt-BR\",\"@id\":\"https:\/\/www.manaus.am.gov.br\/semulsp\/operacao-ambiental-igarape\/#primaryimage\",\"url\":\"https:\/\/www.manaus.am.gov.br\/semulsp\/wp-content\/uploads\/sites\/23\/2026\/03\/Prefeito-Ecoponto-e-Ecobarreira-2.jpeg\",\"contentUrl\":\"https:\/\/www.manaus.am.gov.br\/semulsp\/wp-content\/uploads\/sites\/23\/2026\/03\/Prefeito-Ecoponto-e-Ecobarreira-2.jpeg\",\"width\":4160,\"height\":2773,\"caption\":\"#paratodosverem - prefeito David Almeida acompanha a opera\u00e7\u00e3o de limpeza da ecobarreira de Educandos\"},{\"@type\":\"BreadcrumbList\",\"@id\":\"https:\/\/www.manaus.am.gov.br\/semulsp\/operacao-ambiental-igarape\/#breadcrumb\",\"itemListElement\":[{\"@type\":\"ListItem\",\"position\":1,\"name\":\"Home\",\"item\":\"https:\/\/www.manaus.am.gov.br\/semulsp\/\"},{\"@type\":\"ListItem\",\"position\":2,\"name\":\"David Almeida acompanha opera\u00e7\u00e3o ambiental no igarap\u00e9 do 40 e refor\u00e7a pol\u00edtica de prote\u00e7\u00e3o aos rios urbanos de Manaus\"}]},{\"@type\":\"WebSite\",\"@id\":\"https:\/\/www.manaus.am.gov.br\/semulsp\/#website\",\"url\":\"https:\/\/www.manaus.am.gov.br\/semulsp\/\",\"name\":\"SEMULSP\",\"description\":\"Prefeitura de Manaus\",\"publisher\":{\"@id\":\"https:\/\/www.manaus.am.gov.br\/semulsp\/#organization\"},\"alternateName\":\"Secretaria Municipal de Limpeza P\u00fablica\",\"potentialAction\":[{\"@type\":\"SearchAction\",\"target\":{\"@type\":\"EntryPoint\",\"urlTemplate\":\"https:\/\/www.manaus.am.gov.br\/semulsp\/?s={search_term_string}\"},\"query-input\":\"required name=search_term_string\"}],\"inLanguage\":\"pt-BR\"},{\"@type\":\"Organization\",\"@id\":\"https:\/\/www.manaus.am.gov.br\/semulsp\/#organization\",\"name\":\"SEMULSP\",\"alternateName\":\"Secretaria Municipal de Limpeza P\u00fablica\",\"url\":\"https:\/\/www.manaus.am.gov.br\/semulsp\/\",\"logo\":{\"@type\":\"ImageObject\",\"inLanguage\":\"pt-BR\",\"@id\":\"https:\/\/www.manaus.am.gov.br\/semulsp\/#\/schema\/logo\/image\/\",\"url\":\"https:\/\/www.manaus.am.gov.br\/semulsp\/wp-content\/uploads\/sites\/23\/2023\/05\/cropped-favicon.png\",\"contentUrl\":\"https:\/\/www.manaus.am.gov.br\/semulsp\/wp-content\/uploads\/sites\/23\/2023\/05\/cropped-favicon.png\",\"width\":512,\"height\":512,\"caption\":\"SEMULSP\"},\"image\":{\"@id\":\"https:\/\/www.manaus.am.gov.br\/semulsp\/#\/schema\/logo\/image\/\"},\"sameAs\":[\"https:\/\/www.facebook.com\/semulspmanaus\",\"https:\/\/www.instagram.com\/semulspmanaus\/\"]},{\"@type\":\"Person\",\"@id\":\"https:\/\/www.manaus.am.gov.br\/semulsp\/#\/schema\/person\/ab4dcf766a54dff74e8d267f5c591961\",\"name\":\"smonteiro\",\"image\":{\"@type\":\"ImageObject\",\"inLanguage\":\"pt-BR\",\"@id\":\"https:\/\/www.manaus.am.gov.br\/semulsp\/#\/schema\/person\/image\/\",\"url\":\"https:\/\/secure.gravatar.com\/avatar\/21c8776ef61d9272c73322052e042d77?s=96&d=mm&r=g\",\"contentUrl\":\"https:\/\/secure.gravatar.com\/avatar\/21c8776ef61d9272c73322052e042d77?s=96&d=mm&r=g\",\"caption\":\"smonteiro\"}}]}<\/script>\n<!-- \/ Yoast SEO plugin. -->","yoast_head_json":{"title":"David Almeida acompanha opera\u00e7\u00e3o ambiental no igarap\u00e9 do 40 e refor\u00e7a pol\u00edtica de prote\u00e7\u00e3o aos rios urbanos de Manaus","description":"O prefeito de Manaus, David Almeida, acompanhou nesta ter\u00e7a-feira, 10\/3, no bairro Educandos, zona Sul da capital, o funcionamento do ecoponto implantado pela Prefeitura de Manaus na \u00e1rea do antigo PAC Educandos.","robots":{"index":"noindex","follow":"follow"},"og_locale":"pt_BR","og_type":"article","og_title":"David Almeida acompanha opera\u00e7\u00e3o ambiental no igarap\u00e9 do 40 e refor\u00e7a pol\u00edtica de prote\u00e7\u00e3o aos rios urbanos de Manaus","og_description":"O prefeito de Manaus, David Almeida, acompanhou nesta ter\u00e7a-feira, 10\/3, no bairro Educandos, zona Sul da capital, o funcionamento do ecoponto implantado pela Prefeitura de Manaus na \u00e1rea do antigo PAC Educandos.","og_url":"https:\/\/www.manaus.am.gov.br\/semulsp\/operacao-ambiental-igarape\/","og_site_name":"SEMULSP","article_publisher":"https:\/\/www.facebook.com\/semulspmanaus","article_published_time":"2026-03-10T22:20:39+00:00","article_modified_time":"2026-03-11T16:03:55+00:00","og_image":[{"width":4160,"height":2773,"url":"https:\/\/www.manaus.am.gov.br\/semulsp\/wp-content\/uploads\/sites\/23\/2026\/03\/Prefeito-Ecoponto-e-Ecobarreira-2.jpeg","type":"image\/jpeg"}],"author":"smonteiro","twitter_card":"summary_large_image","twitter_misc":{"Written by":"smonteiro","Est. reading time":"4 minutos"},"schema":{"@context":"https:\/\/schema.org","@graph":[{"@type":"Article","@id":"https:\/\/www.manaus.am.gov.br\/semulsp\/operacao-ambiental-igarape\/#article","isPartOf":{"@id":"https:\/\/www.manaus.am.gov.br\/semulsp\/operacao-ambiental-igarape\/"},"author":{"name":"smonteiro","@id":"https:\/\/www.manaus.am.gov.br\/semulsp\/#\/schema\/person\/ab4dcf766a54dff74e8d267f5c591961"},"headline":"David Almeida acompanha opera\u00e7\u00e3o ambiental no igarap\u00e9 do 40 e refor\u00e7a pol\u00edtica de prote\u00e7\u00e3o aos rios urbanos de Manaus","datePublished":"2026-03-10T22:20:39+00:00","dateModified":"2026-03-11T16:03:55+00:00","mainEntityOfPage":{"@id":"https:\/\/www.manaus.am.gov.br\/semulsp\/operacao-ambiental-igarape\/"},"wordCount":593,"publisher":{"@id":"https:\/\/www.manaus.am.gov.br\/semulsp\/#organization"},"image":{"@id":"https:\/\/www.manaus.am.gov.br\/semulsp\/operacao-ambiental-igarape\/#primaryimage"},"thumbnailUrl":"https:\/\/www.manaus.am.gov.br\/semulsp\/wp-content\/uploads\/sites\/23\/2026\/03\/Prefeito-Ecoponto-e-Ecobarreira-2.jpeg","keywords":["David Almeida","ecobarreira","Ecoponto","prefeitura de manaus"],"articleSection":["Meio Ambiente"],"inLanguage":"pt-BR"},{"@type":"WebPage","@id":"https:\/\/www.manaus.am.gov.br\/semulsp\/operacao-ambiental-igarape\/","url":"https:\/\/www.manaus.am.gov.br\/semulsp\/operacao-ambiental-igarape\/","name":"David Almeida acompanha opera\u00e7\u00e3o ambiental no igarap\u00e9 do 40 e refor\u00e7a pol\u00edtica de prote\u00e7\u00e3o aos rios urbanos de Manaus","isPartOf":{"@id":"https:\/\/www.manaus.am.gov.br\/semulsp\/#website"},"primaryImageOfPage":{"@id":"https:\/\/www.manaus.am.gov.br\/semulsp\/operacao-ambiental-igarape\/#primaryimage"},"image":{"@id":"https:\/\/www.manaus.am.gov.br\/semulsp\/operacao-ambiental-igarape\/#primaryimage"},"thumbnailUrl":"https:\/\/www.manaus.am.gov.br\/semulsp\/wp-content\/uploads\/sites\/23\/2026\/03\/Prefeito-Ecoponto-e-Ecobarreira-2.jpeg","datePublished":"2026-03-10T22:20:39+00:00","dateModified":"2026-03-11T16:03:55+00:00","description":"O prefeito de Manaus, David Almeida, acompanhou nesta ter\u00e7a-feira, 10\/3, no bairro Educandos, zona Sul da capital, o funcionamento do ecoponto implantado pela Prefeitura de Manaus na \u00e1rea do antigo PAC Educandos.","breadcrumb":{"@id":"https:\/\/www.manaus.am.gov.br\/semulsp\/operacao-ambiental-igarape\/#breadcrumb"},"inLanguage":"pt-BR","potentialAction":[{"@type":"ReadAction","target":["https:\/\/www.manaus.am.gov.br\/semulsp\/operacao-ambiental-igarape\/"]}]},{"@type":"ImageObject","inLanguage":"pt-BR","@id":"https:\/\/www.manaus.am.gov.br\/semulsp\/operacao-ambiental-igarape\/#primaryimage","url":"https:\/\/www.manaus.am.gov.br\/semulsp\/wp-content\/uploads\/sites\/23\/2026\/03\/Prefeito-Ecoponto-e-Ecobarreira-2.jpeg","contentUrl":"https:\/\/www.manaus.am.gov.br\/semulsp\/wp-content\/uploads\/sites\/23\/2026\/03\/Prefeito-Ecoponto-e-Ecobarreira-2.jpeg","width":4160,"height":2773,"caption":"#paratodosverem - prefeito David Almeida acompanha a opera\u00e7\u00e3o de limpeza da ecobarreira de Educandos"},{"@type":"BreadcrumbList","@id":"https:\/\/www.manaus.am.gov.br\/semulsp\/operacao-ambiental-igarape\/#breadcrumb","itemListElement":[{"@type":"ListItem","position":1,"name":"Home","item":"https:\/\/www.manaus.am.gov.br\/semulsp\/"},{"@type":"ListItem","position":2,"name":"David Almeida acompanha opera\u00e7\u00e3o ambiental no igarap\u00e9 do 40 e refor\u00e7a pol\u00edtica de prote\u00e7\u00e3o aos rios urbanos de Manaus"}]},{"@type":"WebSite","@id":"https:\/\/www.manaus.am.gov.br\/semulsp\/#website","url":"https:\/\/www.manaus.am.gov.br\/semulsp\/","name":"SEMULSP","description":"Prefeitura de Manaus","publisher":{"@id":"https:\/\/www.manaus.am.gov.br\/semulsp\/#organization"},"alternateName":"Secretaria Municipal de Limpeza P\u00fablica","potentialAction":[{"@type":"SearchAction","target":{"@type":"EntryPoint","urlTemplate":"https:\/\/www.manaus.am.gov.br\/semulsp\/?s={search_term_string}"},"query-input":"required name=search_term_string"}],"inLanguage":"pt-BR"},{"@type":"Organization","@id":"https:\/\/www.manaus.am.gov.br\/semulsp\/#organization","name":"SEMULSP","alternateName":"Secretaria Municipal de Limpeza P\u00fablica","url":"https:\/\/www.manaus.am.gov.br\/semulsp\/","logo":{"@type":"ImageObject","inLanguage":"pt-BR","@id":"https:\/\/www.manaus.am.gov.br\/semulsp\/#\/schema\/logo\/image\/","url":"https:\/\/www.manaus.am.gov.br\/semulsp\/wp-content\/uploads\/sites\/23\/2023\/05\/cropped-favicon.png","contentUrl":"https:\/\/www.manaus.am.gov.br\/semulsp\/wp-content\/uploads\/sites\/23\/2023\/05\/cropped-favicon.png","width":512,"height":512,"caption":"SEMULSP"},"image":{"@id":"https:\/\/www.manaus.am.gov.br\/semulsp\/#\/schema\/logo\/image\/"},"sameAs":["https:\/\/www.facebook.com\/semulspmanaus","https:\/\/www.instagram.com\/semulspmanaus\/"]},{"@type":"Person","@id":"https:\/\/www.manaus.am.gov.br\/semulsp\/#\/schema\/person\/ab4dcf766a54dff74e8d267f5c591961","name":"smonteiro","image":{"@type":"ImageObject","inLanguage":"pt-BR","@id":"https:\/\/www.manaus.am.gov.br\/semulsp\/#\/schema\/person\/image\/","url":"https:\/\/secure.gravatar.com\/avatar\/21c8776ef61d9272c73322052e042d77?s=96&d=mm&r=g","contentUrl":"https:\/\/secure.gravatar.com\/avatar\/21c8776ef61d9272c73322052e042d77?s=96&d=mm&r=g","caption":"smonteiro"}}]}},"_links":{"self":[{"href":"https:\/\/www.manaus.am.gov.br\/semulsp\/wp-json\/wp\/v2\/posts\/2976"}],"collection":[{"href":"https:\/\/www.manaus.am.gov.br\/semulsp\/wp-json\/wp\/v2\/posts"}],"about":[{"href":"https:\/\/www.manaus.am.gov.br\/semulsp\/wp-json\/wp\/v2\/types\/post"}],"author":[{"embeddable":true,"href":"https:\/\/www.manaus.am.gov.br\/semulsp\/wp-json\/wp\/v2\/users\/61"}],"replies":[{"embeddable":true,"href":"https:\/\/www.manaus.am.gov.br\/semulsp\/wp-json\/wp\/v2\/comments?post=2976"}],"version-history":[{"count":5,"href":"https:\/\/www.manaus.am.gov.br\/semulsp\/wp-json\/wp\/v2\/posts\/2976\/revisions"}],"predecessor-version":[{"id":2986,"href":"https:\/\/www.manaus.am.gov.br\/semulsp\/wp-json\/wp\/v2\/posts\/2976\/revisions\/2986"}],"wp:featuredmedia":[{"embeddable":true,"href":"https:\/\/www.manaus.am.gov.br\/semulsp\/wp-json\/wp\/v2\/media\/2979"}],"wp:attachment":[{"href":"https:\/\/www.manaus.am.gov.br\/semulsp\/wp-json\/wp\/v2\/media?parent=2976"}],"wp:term":[{"taxonomy":"category","embeddable":true,"href":"https:\/\/www.manaus.am.gov.br\/semulsp\/wp-json\/wp\/v2\/categories?post=2976"},{"taxonomy":"post_tag","embeddable":true,"href":"https:\/\/www.manaus.am.gov.br\/semulsp\/wp-json\/wp\/v2\/tags?post=2976"}],"curies":[{"name":"wp","href":"https:\/\/api.w.org\/{rel}","templated":true}]}}