{"id":2910,"date":"2026-02-13T09:52:54","date_gmt":"2026-02-13T13:52:54","guid":{"rendered":"https:\/\/www.manaus.am.gov.br\/semulsp\/prefeitura-semulsp-14abarreira\/"},"modified":"2026-02-13T12:35:06","modified_gmt":"2026-02-13T16:35:06","slug":"prefeitura-semulsp-14abarreira","status":"publish","type":"post","link":"https:\/\/www.manaus.am.gov.br\/semulsp\/prefeitura-semulsp-14abarreira\/","title":{"rendered":"Prefeitura de Manaus amplia rede de prote\u00e7\u00e3o ao rio Negro com instala\u00e7\u00e3o da 14\u00aa ecobarreira"},"content":{"rendered":"\n<p>A <a href=\"https:\/\/www.manaus.am.gov.br\/\">Prefeitura de Manaus<\/a>, por meio da <a href=\"https:\/\/www.instagram.com\/semulspmanaus\/\">Secretaria Municipal de Limpeza Urbana<\/a> (Semulsp), ampliou, na quinta-feira, 12\/2, a rede de prote\u00e7\u00e3o ambiental do munic\u00edpio, com a instala\u00e7\u00e3o da 14\u00aa ecobarreira no encontro entre os igarap\u00e9s do 40 e do Mestre Chico, nas imedia\u00e7\u00f5es do Ecoponto Educandos, na zona Sul, base operacional descentralizada da secretaria.<\/p>\n\n\n\n<p>Sobre a instala\u00e7\u00e3o do novo equipamento, o secret\u00e1rio municipal de Limpeza Urbana (Semulsp), Sab\u00e1 Reis, que estava acompanhado do idealizador da ecobarreira e do subsecret\u00e1rio operacional da secretaria, Jairo Santos, destacou que a 14\u00aa ecobarreira vem ampliar a rede de prote\u00e7\u00e3o que impede que todo o lixo descartado de forma irregular nas ruas e nos igarap\u00e9s acabe chegando ao rio Negro.<\/p>\n\n\n\n<p>\u201cN\u00e3o \u00e9 uma ecobarreira isolada. \u00c9 uma rede de prote\u00e7\u00e3o ambiental, constru\u00edda de forma estrat\u00e9gica nos igarap\u00e9s da cidade. Hoje, esse sistema impede que quase 300 toneladas de lixo por m\u00eas cheguem ao rio Negro. Esse material vem, principalmente, das lixeiras viciadas, formadas pelo descarte irregular, e \u00e9 carregado pelas \u00e1guas da chuva\u201d, explicou o secret\u00e1rio.<\/p>\n\n\n\n<p>Segundo ele, a amplia\u00e7\u00e3o da rede segue a diretriz da gest\u00e3o do prefeito David Almeida e do vice-prefeito Renato Junior, que prioriza a\u00e7\u00f5es preventivas de prote\u00e7\u00e3o ambiental e seguran\u00e7a urbana. \u201cAo fortalecer essa rede, a prefeitura protege o rio Negro, reduz alagamentos e cuida das pessoas. Mas \u00e9 fundamental que a popula\u00e7\u00e3o fa\u00e7a a sua parte, descartando o lixo de forma correta e ajudando a preservar os igarap\u00e9s da cidade\u201d, completou.<\/p>\n\n\n\n<p>A nova estrutura passa a integrar um sistema estrat\u00e9gico de conten\u00e7\u00e3o de res\u00edduos s\u00f3lidos. O sistema \u00e9 formado pelas 13 ecobarreiras j\u00e1 em funcionamento nos principais igarap\u00e9s da capital, por onde escoa grande parte do lixo descartado irregularmente nas \u00e1reas urbanas. Juntas, essas estruturas formam uma barreira preventiva que impede que res\u00edduos avancem pelos cursos d\u2019\u00e1gua e cheguem ao rio Negro.<\/p>\n\n\n\n<p>Sab\u00e1 Reis explicou que, antes de alcan\u00e7ar o rio Negro, esses res\u00edduos percorrem os igarap\u00e9s da cidade provocando uma cadeia de problemas urbanos.<\/p>\n\n\n\n<p>\u201cEsse lixo entope bueiros, agride o meio ambiente e coloca em risco a vida da popula\u00e7\u00e3o, porque contribui diretamente para alagamentos e outros transtornos. As ecobarreiras interrompem esse percurso antes que o problema chegue aos rios e \u00e0s comunidades\u201d, destacou.<\/p>\n\n\n\n<p>Amplia\u00e7\u00e3o estrat\u00e9gica<\/p>\n\n\n\n<p>A instala\u00e7\u00e3o da 14\u00aa ecobarreira fortalece a cobertura da rede em um ponto considerado sens\u00edvel da zona Sul, onde o volume de res\u00edduos aumenta significativamente durante o per\u00edodo chuvoso. A proximidade com o Ecoponto zona Sul permite a retirada r\u00e1pida do material retido, garantindo efici\u00eancia operacional e destina\u00e7\u00e3o ambientalmente adequada.<\/p>\n\n\n\n<p>Com o funcionamento integrado das estruturas, a Prefeitura de Manaus j\u00e1 evitou que quase 8 mil toneladas de res\u00edduos s\u00f3lidos chegassem ao rio Negro, consolidando o sistema como uma das principais pol\u00edticas p\u00fablicas de prote\u00e7\u00e3o ambiental urbana da capital.<\/p>\n\n\n\n<p>Solu\u00e7\u00e3o amaz\u00f4nica<\/p>\n\n\n\n<p>O projeto das ecobarreiras foi idealizado pelo ativista ambiental, Manuel Ademar, conhecido como \u201cMazinho da Carbr\u00e1s\u201d, que acompanha a expans\u00e3o da rede nos igarap\u00e9s da cidade.<\/p>\n\n\n\n<p>\u201cA for\u00e7a da ecobarreira est\u00e1 justamente no conjunto. Quando voc\u00ea cria uma rede bem posicionada, voc\u00ea reduz drasticamente o impacto do lixo nos rios. \u00c9 uma solu\u00e7\u00e3o simples, eficaz e adaptada \u00e0 realidade amaz\u00f4nica\u201d, afirmou.<\/p>\n\n\n\n<p>Segundo Mazinho, a iniciativa s\u00f3 alcan\u00e7a resultados duradouros quando combinada com educa\u00e7\u00e3o ambiental, manuten\u00e7\u00e3o cont\u00ednua e participa\u00e7\u00e3o da popula\u00e7\u00e3o.<\/p>\n\n\n\n<p>Seguran\u00e7a urbana<\/p>\n\n\n\n<p>Al\u00e9m de preservar os recursos h\u00eddricos, a rede de ecobarreiras contribui diretamente para a redu\u00e7\u00e3o de entupimentos na rede de drenagem; a diminui\u00e7\u00e3o de alagamentos em \u00e1reas urbanas; a melhoria das condi\u00e7\u00f5es ambientais dos igarap\u00e9s e a prote\u00e7\u00e3o da sa\u00fade p\u00fablica e da fauna aqu\u00e1tica.<\/p>\n\n\n\n<p>Com a instala\u00e7\u00e3o da 14\u00aa ecobarreira, a Prefeitura de Manaus refor\u00e7a uma pol\u00edtica ambiental preventiva, integrada e permanente, ampliando a rede de prote\u00e7\u00e3o ao rio Negro e atuando na origem de um dos principais problemas urbanos da capital: o descarte irregular de res\u00edduos.<\/p>\n\n\n\n<p>&#8212; &#8212; &#8212;<\/p>\n\n\n\n<p><strong>Texto <\/strong>&#8211; Dora Tupinamb\u00e1\/Semulsp<\/p>\n\n\n\n<p><strong>Fotos <\/strong>&#8211; Clovis Miranda\/Semcom<\/p>\n","protected":false},"excerpt":{"rendered":"","protected":false},"author":23,"featured_media":2911,"comment_status":"closed","ping_status":"closed","sticky":false,"template":"","format":"standard","meta":{"footnotes":""},"categories":[438],"tags":[1002,364,10,1003,223,19,164],"acf":[],"yoast_head":"<!-- This site is optimized with the Yoast SEO plugin v23.0 - https:\/\/yoast.com\/wordpress\/plugins\/seo\/ -->\n<title>Prefeitura de Manaus amplia rede de prote\u00e7\u00e3o ao rio Negro com instala\u00e7\u00e3o da 14\u00aa ecobarreira<\/title>\n<meta name=\"description\" content=\"A Prefeitura de Manaus, por meio da Secretaria Municipal de Limpeza Urbana (Semulsp), ampliou, na quinta-feira, 12\/2, a rede de prote\u00e7\u00e3o ambiental do munic\u00edpio, com a instala\u00e7\u00e3o da 14\u00aa ecobarreira no encontro entre os igarap\u00e9s do 40 e do Mestre Chico, nas imedia\u00e7\u00f5es do Ecoponto Educandos, na zona Sul, base operacional descentralizada da secretaria.\" \/>\n<meta name=\"robots\" content=\"noindex, follow\" \/>\n<meta property=\"og:locale\" content=\"pt_BR\" \/>\n<meta property=\"og:type\" content=\"article\" \/>\n<meta property=\"og:title\" content=\"Prefeitura de Manaus amplia rede de prote\u00e7\u00e3o ao rio Negro com instala\u00e7\u00e3o da 14\u00aa ecobarreira\" \/>\n<meta property=\"og:description\" content=\"A Prefeitura de Manaus, por meio da Secretaria Municipal de Limpeza Urbana (Semulsp), ampliou, na quinta-feira, 12\/2, a rede de prote\u00e7\u00e3o ambiental do munic\u00edpio, com a instala\u00e7\u00e3o da 14\u00aa ecobarreira no encontro entre os igarap\u00e9s do 40 e do Mestre Chico, nas imedia\u00e7\u00f5es do Ecoponto Educandos, na zona Sul, base operacional descentralizada da secretaria.\" \/>\n<meta property=\"og:url\" content=\"https:\/\/www.manaus.am.gov.br\/semulsp\/prefeitura-semulsp-14abarreira\/\" \/>\n<meta property=\"og:site_name\" content=\"SEMULSP\" \/>\n<meta property=\"article:publisher\" content=\"https:\/\/www.facebook.com\/semulspmanaus\" \/>\n<meta property=\"article:published_time\" content=\"2026-02-13T13:52:54+00:00\" \/>\n<meta property=\"article:modified_time\" content=\"2026-02-13T16:35:06+00:00\" \/>\n<meta property=\"og:image\" content=\"https:\/\/www.manaus.am.gov.br\/semulsp\/wp-content\/uploads\/sites\/23\/2026\/02\/55092675781_1e21e92525_c.jpg\" \/>\n\t<meta property=\"og:image:width\" content=\"799\" \/>\n\t<meta property=\"og:image:height\" content=\"533\" \/>\n\t<meta property=\"og:image:type\" content=\"image\/jpeg\" \/>\n<meta name=\"author\" content=\"Adriana Costa\" \/>\n<meta name=\"twitter:card\" content=\"summary_large_image\" \/>\n<meta name=\"twitter:label1\" content=\"Written by\" \/>\n\t<meta name=\"twitter:data1\" content=\"Adriana Costa\" \/>\n\t<meta name=\"twitter:label2\" content=\"Est. reading time\" \/>\n\t<meta name=\"twitter:data2\" content=\"4 minutos\" \/>\n<script type=\"application\/ld+json\" class=\"yoast-schema-graph\">{\"@context\":\"https:\/\/schema.org\",\"@graph\":[{\"@type\":\"Article\",\"@id\":\"https:\/\/www.manaus.am.gov.br\/semulsp\/prefeitura-semulsp-14abarreira\/#article\",\"isPartOf\":{\"@id\":\"https:\/\/www.manaus.am.gov.br\/semulsp\/prefeitura-semulsp-14abarreira\/\"},\"author\":{\"name\":\"Adriana Costa\",\"@id\":\"https:\/\/www.manaus.am.gov.br\/semulsp\/#\/schema\/person\/4e49f4e267757a06ca072ec61b2b9968\"},\"headline\":\"Prefeitura de Manaus amplia rede de prote\u00e7\u00e3o ao rio Negro com instala\u00e7\u00e3o da 14\u00aa ecobarreira\",\"datePublished\":\"2026-02-13T13:52:54+00:00\",\"dateModified\":\"2026-02-13T16:35:06+00:00\",\"mainEntityOfPage\":{\"@id\":\"https:\/\/www.manaus.am.gov.br\/semulsp\/prefeitura-semulsp-14abarreira\/\"},\"wordCount\":722,\"publisher\":{\"@id\":\"https:\/\/www.manaus.am.gov.br\/semulsp\/#organization\"},\"image\":{\"@id\":\"https:\/\/www.manaus.am.gov.br\/semulsp\/prefeitura-semulsp-14abarreira\/#primaryimage\"},\"thumbnailUrl\":\"https:\/\/www.manaus.am.gov.br\/semulsp\/wp-content\/uploads\/sites\/23\/2026\/02\/55092675781_1e21e92525_c.jpg\",\"keywords\":[\"14\u00aa\",\"ecobarreira\",\"prefeitura de manaus\",\"prote\u00e7\u00e3o ambiental\",\"rio negro\",\"semulsp\",\"zona sul\"],\"articleSection\":[\"Sustentabilidade\"],\"inLanguage\":\"pt-BR\"},{\"@type\":\"WebPage\",\"@id\":\"https:\/\/www.manaus.am.gov.br\/semulsp\/prefeitura-semulsp-14abarreira\/\",\"url\":\"https:\/\/www.manaus.am.gov.br\/semulsp\/prefeitura-semulsp-14abarreira\/\",\"name\":\"Prefeitura de Manaus amplia rede de prote\u00e7\u00e3o ao rio Negro com instala\u00e7\u00e3o da 14\u00aa ecobarreira\",\"isPartOf\":{\"@id\":\"https:\/\/www.manaus.am.gov.br\/semulsp\/#website\"},\"primaryImageOfPage\":{\"@id\":\"https:\/\/www.manaus.am.gov.br\/semulsp\/prefeitura-semulsp-14abarreira\/#primaryimage\"},\"image\":{\"@id\":\"https:\/\/www.manaus.am.gov.br\/semulsp\/prefeitura-semulsp-14abarreira\/#primaryimage\"},\"thumbnailUrl\":\"https:\/\/www.manaus.am.gov.br\/semulsp\/wp-content\/uploads\/sites\/23\/2026\/02\/55092675781_1e21e92525_c.jpg\",\"datePublished\":\"2026-02-13T13:52:54+00:00\",\"dateModified\":\"2026-02-13T16:35:06+00:00\",\"description\":\"A Prefeitura de Manaus, por meio da Secretaria Municipal de Limpeza Urbana (Semulsp), ampliou, na quinta-feira, 12\/2, a rede de prote\u00e7\u00e3o ambiental do munic\u00edpio, com a instala\u00e7\u00e3o da 14\u00aa ecobarreira no encontro entre os igarap\u00e9s do 40 e do Mestre Chico, nas imedia\u00e7\u00f5es do Ecoponto Educandos, na zona Sul, base operacional descentralizada da secretaria.\",\"breadcrumb\":{\"@id\":\"https:\/\/www.manaus.am.gov.br\/semulsp\/prefeitura-semulsp-14abarreira\/#breadcrumb\"},\"inLanguage\":\"pt-BR\",\"potentialAction\":[{\"@type\":\"ReadAction\",\"target\":[\"https:\/\/www.manaus.am.gov.br\/semulsp\/prefeitura-semulsp-14abarreira\/\"]}]},{\"@type\":\"ImageObject\",\"inLanguage\":\"pt-BR\",\"@id\":\"https:\/\/www.manaus.am.gov.br\/semulsp\/prefeitura-semulsp-14abarreira\/#primaryimage\",\"url\":\"https:\/\/www.manaus.am.gov.br\/semulsp\/wp-content\/uploads\/sites\/23\/2026\/02\/55092675781_1e21e92525_c.jpg\",\"contentUrl\":\"https:\/\/www.manaus.am.gov.br\/semulsp\/wp-content\/uploads\/sites\/23\/2026\/02\/55092675781_1e21e92525_c.jpg\",\"width\":799,\"height\":533,\"caption\":\"#paratodosverem - 14\u00aa ecobarreira no encontro entre os igarap\u00e9s do 40 e do Mestre Chico\"},{\"@type\":\"BreadcrumbList\",\"@id\":\"https:\/\/www.manaus.am.gov.br\/semulsp\/prefeitura-semulsp-14abarreira\/#breadcrumb\",\"itemListElement\":[{\"@type\":\"ListItem\",\"position\":1,\"name\":\"Home\",\"item\":\"https:\/\/www.manaus.am.gov.br\/semulsp\/\"},{\"@type\":\"ListItem\",\"position\":2,\"name\":\"Prefeitura de Manaus amplia rede de prote\u00e7\u00e3o ao rio Negro com instala\u00e7\u00e3o da 14\u00aa ecobarreira\"}]},{\"@type\":\"WebSite\",\"@id\":\"https:\/\/www.manaus.am.gov.br\/semulsp\/#website\",\"url\":\"https:\/\/www.manaus.am.gov.br\/semulsp\/\",\"name\":\"SEMULSP\",\"description\":\"Prefeitura de Manaus\",\"publisher\":{\"@id\":\"https:\/\/www.manaus.am.gov.br\/semulsp\/#organization\"},\"alternateName\":\"Secretaria Municipal de Limpeza P\u00fablica\",\"potentialAction\":[{\"@type\":\"SearchAction\",\"target\":{\"@type\":\"EntryPoint\",\"urlTemplate\":\"https:\/\/www.manaus.am.gov.br\/semulsp\/?s={search_term_string}\"},\"query-input\":\"required name=search_term_string\"}],\"inLanguage\":\"pt-BR\"},{\"@type\":\"Organization\",\"@id\":\"https:\/\/www.manaus.am.gov.br\/semulsp\/#organization\",\"name\":\"SEMULSP\",\"alternateName\":\"Secretaria Municipal de Limpeza P\u00fablica\",\"url\":\"https:\/\/www.manaus.am.gov.br\/semulsp\/\",\"logo\":{\"@type\":\"ImageObject\",\"inLanguage\":\"pt-BR\",\"@id\":\"https:\/\/www.manaus.am.gov.br\/semulsp\/#\/schema\/logo\/image\/\",\"url\":\"https:\/\/www.manaus.am.gov.br\/semulsp\/wp-content\/uploads\/sites\/23\/2023\/05\/cropped-favicon.png\",\"contentUrl\":\"https:\/\/www.manaus.am.gov.br\/semulsp\/wp-content\/uploads\/sites\/23\/2023\/05\/cropped-favicon.png\",\"width\":512,\"height\":512,\"caption\":\"SEMULSP\"},\"image\":{\"@id\":\"https:\/\/www.manaus.am.gov.br\/semulsp\/#\/schema\/logo\/image\/\"},\"sameAs\":[\"https:\/\/www.facebook.com\/semulspmanaus\",\"https:\/\/www.instagram.com\/semulspmanaus\/\"]},{\"@type\":\"Person\",\"@id\":\"https:\/\/www.manaus.am.gov.br\/semulsp\/#\/schema\/person\/4e49f4e267757a06ca072ec61b2b9968\",\"name\":\"Adriana Costa\",\"image\":{\"@type\":\"ImageObject\",\"inLanguage\":\"pt-BR\",\"@id\":\"https:\/\/www.manaus.am.gov.br\/semulsp\/#\/schema\/person\/image\/\",\"url\":\"https:\/\/secure.gravatar.com\/avatar\/576258617ef7194f718179e766d57bd4?s=96&d=mm&r=g\",\"contentUrl\":\"https:\/\/secure.gravatar.com\/avatar\/576258617ef7194f718179e766d57bd4?s=96&d=mm&r=g\",\"caption\":\"Adriana Costa\"}}]}<\/script>\n<!-- \/ Yoast SEO plugin. -->","yoast_head_json":{"title":"Prefeitura de Manaus amplia rede de prote\u00e7\u00e3o ao rio Negro com instala\u00e7\u00e3o da 14\u00aa ecobarreira","description":"A Prefeitura de Manaus, por meio da Secretaria Municipal de Limpeza Urbana (Semulsp), ampliou, na quinta-feira, 12\/2, a rede de prote\u00e7\u00e3o ambiental do munic\u00edpio, com a instala\u00e7\u00e3o da 14\u00aa ecobarreira no encontro entre os igarap\u00e9s do 40 e do Mestre Chico, nas imedia\u00e7\u00f5es do Ecoponto Educandos, na zona Sul, base operacional descentralizada da secretaria.","robots":{"index":"noindex","follow":"follow"},"og_locale":"pt_BR","og_type":"article","og_title":"Prefeitura de Manaus amplia rede de prote\u00e7\u00e3o ao rio Negro com instala\u00e7\u00e3o da 14\u00aa ecobarreira","og_description":"A Prefeitura de Manaus, por meio da Secretaria Municipal de Limpeza Urbana (Semulsp), ampliou, na quinta-feira, 12\/2, a rede de prote\u00e7\u00e3o ambiental do munic\u00edpio, com a instala\u00e7\u00e3o da 14\u00aa ecobarreira no encontro entre os igarap\u00e9s do 40 e do Mestre Chico, nas imedia\u00e7\u00f5es do Ecoponto Educandos, na zona Sul, base operacional descentralizada da secretaria.","og_url":"https:\/\/www.manaus.am.gov.br\/semulsp\/prefeitura-semulsp-14abarreira\/","og_site_name":"SEMULSP","article_publisher":"https:\/\/www.facebook.com\/semulspmanaus","article_published_time":"2026-02-13T13:52:54+00:00","article_modified_time":"2026-02-13T16:35:06+00:00","og_image":[{"width":799,"height":533,"url":"https:\/\/www.manaus.am.gov.br\/semulsp\/wp-content\/uploads\/sites\/23\/2026\/02\/55092675781_1e21e92525_c.jpg","type":"image\/jpeg"}],"author":"Adriana Costa","twitter_card":"summary_large_image","twitter_misc":{"Written by":"Adriana Costa","Est. reading time":"4 minutos"},"schema":{"@context":"https:\/\/schema.org","@graph":[{"@type":"Article","@id":"https:\/\/www.manaus.am.gov.br\/semulsp\/prefeitura-semulsp-14abarreira\/#article","isPartOf":{"@id":"https:\/\/www.manaus.am.gov.br\/semulsp\/prefeitura-semulsp-14abarreira\/"},"author":{"name":"Adriana Costa","@id":"https:\/\/www.manaus.am.gov.br\/semulsp\/#\/schema\/person\/4e49f4e267757a06ca072ec61b2b9968"},"headline":"Prefeitura de Manaus amplia rede de prote\u00e7\u00e3o ao rio Negro com instala\u00e7\u00e3o da 14\u00aa ecobarreira","datePublished":"2026-02-13T13:52:54+00:00","dateModified":"2026-02-13T16:35:06+00:00","mainEntityOfPage":{"@id":"https:\/\/www.manaus.am.gov.br\/semulsp\/prefeitura-semulsp-14abarreira\/"},"wordCount":722,"publisher":{"@id":"https:\/\/www.manaus.am.gov.br\/semulsp\/#organization"},"image":{"@id":"https:\/\/www.manaus.am.gov.br\/semulsp\/prefeitura-semulsp-14abarreira\/#primaryimage"},"thumbnailUrl":"https:\/\/www.manaus.am.gov.br\/semulsp\/wp-content\/uploads\/sites\/23\/2026\/02\/55092675781_1e21e92525_c.jpg","keywords":["14\u00aa","ecobarreira","prefeitura de manaus","prote\u00e7\u00e3o ambiental","rio negro","semulsp","zona sul"],"articleSection":["Sustentabilidade"],"inLanguage":"pt-BR"},{"@type":"WebPage","@id":"https:\/\/www.manaus.am.gov.br\/semulsp\/prefeitura-semulsp-14abarreira\/","url":"https:\/\/www.manaus.am.gov.br\/semulsp\/prefeitura-semulsp-14abarreira\/","name":"Prefeitura de Manaus amplia rede de prote\u00e7\u00e3o ao rio Negro com instala\u00e7\u00e3o da 14\u00aa ecobarreira","isPartOf":{"@id":"https:\/\/www.manaus.am.gov.br\/semulsp\/#website"},"primaryImageOfPage":{"@id":"https:\/\/www.manaus.am.gov.br\/semulsp\/prefeitura-semulsp-14abarreira\/#primaryimage"},"image":{"@id":"https:\/\/www.manaus.am.gov.br\/semulsp\/prefeitura-semulsp-14abarreira\/#primaryimage"},"thumbnailUrl":"https:\/\/www.manaus.am.gov.br\/semulsp\/wp-content\/uploads\/sites\/23\/2026\/02\/55092675781_1e21e92525_c.jpg","datePublished":"2026-02-13T13:52:54+00:00","dateModified":"2026-02-13T16:35:06+00:00","description":"A Prefeitura de Manaus, por meio da Secretaria Municipal de Limpeza Urbana (Semulsp), ampliou, na quinta-feira, 12\/2, a rede de prote\u00e7\u00e3o ambiental do munic\u00edpio, com a instala\u00e7\u00e3o da 14\u00aa ecobarreira no encontro entre os igarap\u00e9s do 40 e do Mestre Chico, nas imedia\u00e7\u00f5es do Ecoponto Educandos, na zona Sul, base operacional descentralizada da secretaria.","breadcrumb":{"@id":"https:\/\/www.manaus.am.gov.br\/semulsp\/prefeitura-semulsp-14abarreira\/#breadcrumb"},"inLanguage":"pt-BR","potentialAction":[{"@type":"ReadAction","target":["https:\/\/www.manaus.am.gov.br\/semulsp\/prefeitura-semulsp-14abarreira\/"]}]},{"@type":"ImageObject","inLanguage":"pt-BR","@id":"https:\/\/www.manaus.am.gov.br\/semulsp\/prefeitura-semulsp-14abarreira\/#primaryimage","url":"https:\/\/www.manaus.am.gov.br\/semulsp\/wp-content\/uploads\/sites\/23\/2026\/02\/55092675781_1e21e92525_c.jpg","contentUrl":"https:\/\/www.manaus.am.gov.br\/semulsp\/wp-content\/uploads\/sites\/23\/2026\/02\/55092675781_1e21e92525_c.jpg","width":799,"height":533,"caption":"#paratodosverem - 14\u00aa ecobarreira no encontro entre os igarap\u00e9s do 40 e do Mestre Chico"},{"@type":"BreadcrumbList","@id":"https:\/\/www.manaus.am.gov.br\/semulsp\/prefeitura-semulsp-14abarreira\/#breadcrumb","itemListElement":[{"@type":"ListItem","position":1,"name":"Home","item":"https:\/\/www.manaus.am.gov.br\/semulsp\/"},{"@type":"ListItem","position":2,"name":"Prefeitura de Manaus amplia rede de prote\u00e7\u00e3o ao rio Negro com instala\u00e7\u00e3o da 14\u00aa ecobarreira"}]},{"@type":"WebSite","@id":"https:\/\/www.manaus.am.gov.br\/semulsp\/#website","url":"https:\/\/www.manaus.am.gov.br\/semulsp\/","name":"SEMULSP","description":"Prefeitura de Manaus","publisher":{"@id":"https:\/\/www.manaus.am.gov.br\/semulsp\/#organization"},"alternateName":"Secretaria Municipal de Limpeza P\u00fablica","potentialAction":[{"@type":"SearchAction","target":{"@type":"EntryPoint","urlTemplate":"https:\/\/www.manaus.am.gov.br\/semulsp\/?s={search_term_string}"},"query-input":"required name=search_term_string"}],"inLanguage":"pt-BR"},{"@type":"Organization","@id":"https:\/\/www.manaus.am.gov.br\/semulsp\/#organization","name":"SEMULSP","alternateName":"Secretaria Municipal de Limpeza P\u00fablica","url":"https:\/\/www.manaus.am.gov.br\/semulsp\/","logo":{"@type":"ImageObject","inLanguage":"pt-BR","@id":"https:\/\/www.manaus.am.gov.br\/semulsp\/#\/schema\/logo\/image\/","url":"https:\/\/www.manaus.am.gov.br\/semulsp\/wp-content\/uploads\/sites\/23\/2023\/05\/cropped-favicon.png","contentUrl":"https:\/\/www.manaus.am.gov.br\/semulsp\/wp-content\/uploads\/sites\/23\/2023\/05\/cropped-favicon.png","width":512,"height":512,"caption":"SEMULSP"},"image":{"@id":"https:\/\/www.manaus.am.gov.br\/semulsp\/#\/schema\/logo\/image\/"},"sameAs":["https:\/\/www.facebook.com\/semulspmanaus","https:\/\/www.instagram.com\/semulspmanaus\/"]},{"@type":"Person","@id":"https:\/\/www.manaus.am.gov.br\/semulsp\/#\/schema\/person\/4e49f4e267757a06ca072ec61b2b9968","name":"Adriana Costa","image":{"@type":"ImageObject","inLanguage":"pt-BR","@id":"https:\/\/www.manaus.am.gov.br\/semulsp\/#\/schema\/person\/image\/","url":"https:\/\/secure.gravatar.com\/avatar\/576258617ef7194f718179e766d57bd4?s=96&d=mm&r=g","contentUrl":"https:\/\/secure.gravatar.com\/avatar\/576258617ef7194f718179e766d57bd4?s=96&d=mm&r=g","caption":"Adriana Costa"}}]}},"_links":{"self":[{"href":"https:\/\/www.manaus.am.gov.br\/semulsp\/wp-json\/wp\/v2\/posts\/2910"}],"collection":[{"href":"https:\/\/www.manaus.am.gov.br\/semulsp\/wp-json\/wp\/v2\/posts"}],"about":[{"href":"https:\/\/www.manaus.am.gov.br\/semulsp\/wp-json\/wp\/v2\/types\/post"}],"author":[{"embeddable":true,"href":"https:\/\/www.manaus.am.gov.br\/semulsp\/wp-json\/wp\/v2\/users\/23"}],"replies":[{"embeddable":true,"href":"https:\/\/www.manaus.am.gov.br\/semulsp\/wp-json\/wp\/v2\/comments?post=2910"}],"version-history":[{"count":1,"href":"https:\/\/www.manaus.am.gov.br\/semulsp\/wp-json\/wp\/v2\/posts\/2910\/revisions"}],"predecessor-version":[{"id":2913,"href":"https:\/\/www.manaus.am.gov.br\/semulsp\/wp-json\/wp\/v2\/posts\/2910\/revisions\/2913"}],"wp:featuredmedia":[{"embeddable":true,"href":"https:\/\/www.manaus.am.gov.br\/semulsp\/wp-json\/wp\/v2\/media\/2911"}],"wp:attachment":[{"href":"https:\/\/www.manaus.am.gov.br\/semulsp\/wp-json\/wp\/v2\/media?parent=2910"}],"wp:term":[{"taxonomy":"category","embeddable":true,"href":"https:\/\/www.manaus.am.gov.br\/semulsp\/wp-json\/wp\/v2\/categories?post=2910"},{"taxonomy":"post_tag","embeddable":true,"href":"https:\/\/www.manaus.am.gov.br\/semulsp\/wp-json\/wp\/v2\/tags?post=2910"}],"curies":[{"name":"wp","href":"https:\/\/api.w.org\/{rel}","templated":true}]}}