{"id":2901,"date":"2026-02-10T21:17:19","date_gmt":"2026-02-11T01:17:19","guid":{"rendered":"https:\/\/www.manaus.am.gov.br\/semulsp\/coleta-seletiva-de-eletronicos\/"},"modified":"2026-02-11T09:22:58","modified_gmt":"2026-02-11T13:22:58","slug":"coleta-seletiva-de-eletronicos","status":"publish","type":"post","link":"https:\/\/www.manaus.am.gov.br\/semulsp\/coleta-seletiva-de-eletronicos\/","title":{"rendered":"Prefeitura de Manaus lan\u00e7a coleta seletiva de eletr\u00f4nicos e conecta pol\u00edtica ambiental ao maior polo industrial do Norte"},"content":{"rendered":"\n<p>A <a href=\"https:\/\/www.instagram.com\/prefeiturademanaus\/\">Prefeitura de Manaus<\/a> deu um passo estrat\u00e9gico na gest\u00e3o de res\u00edduos s\u00f3lidos ao lan\u00e7ar, nesta ter\u00e7a-feira, 10\/2, o projeto de coleta seletiva de produtos eletroeletr\u00f4nicos, iniciativa que alia sustentabilidade ambiental, economia circular e desenvolvimento econ\u00f4mico. A a\u00e7\u00e3o marcou o \u201cDia de Detox de Eletr\u00f4nicos \u2013 Manaus + Circulare\u201d, realizado no Ecoponto zona Sul, no bairro Educandos.<\/p>\n\n\n\n<p>Coordenado pela Secretaria Municipal de Limpeza Urbana (Semulsp), o projeto prev\u00ea a implanta\u00e7\u00e3o de 62 Pontos de Entrega Volunt\u00e1ria (PEVs) em todas as zonas da capital, criando uma rede permanente para o descarte ambientalmente correto de equipamentos eletr\u00f4nicos fora de uso.<\/p>\n\n\n\n<p>A iniciativa ganha ainda mais relev\u00e2ncia diante do fato de Manaus abrigar um dos maiores polos industriais do Brasil, com mais de 500 ind\u00fastrias em opera\u00e7\u00e3o no Polo Industrial de Manaus (PIM), concentradas principalmente nos setores eletroeletr\u00f4nico, duas rodas, metalmec\u00e2nico, termopl\u00e1stico e tecnol\u00f3gico, pilares do modelo da Zona Franca de Manaus.<\/p>\n\n\n\n<p>Nesse contexto, o projeto da prefeitura dialoga diretamente com a voca\u00e7\u00e3o produtiva da cidade. O descarte correto de celulares, computadores, eletrodom\u00e9sticos e outros equipamentos cria uma fonte estrat\u00e9gica de mat\u00e9ria-prima secund\u00e1ria, capaz de retornar \u00e0 ind\u00fastria por meio da log\u00edstica reversa, reduzindo impactos ambientais e ampliando o aproveitamento econ\u00f4mico dos res\u00edduos.<\/p>\n\n\n\n<p>Durante o lan\u00e7amento, o secret\u00e1rio municipal de <a href=\"https:\/\/www.manaus.am.gov.br\/\">Limpeza Urban<\/a>a, Sab\u00e1 Reis, destacou que a iniciativa representa um avan\u00e7o estrutural na pol\u00edtica ambiental do munic\u00edpio.<\/p>\n\n\n\n<p>\u201cManaus tem uma caracter\u00edstica industrial muito forte, especialmente no setor eletroeletr\u00f4nico. N\u00e3o fazia mais sentido esse tipo de res\u00edduo continuar indo para o aterro ou para o descarte irregular. A prefeitura cria agora uma estrutura permanente para que esse material volte ao ciclo produtivo, protegendo o meio ambiente e aproveitando melhor os recursos que a pr\u00f3pria cidade gera\u201d, afirmou.<\/p>\n\n\n\n<p>Segundo o secret\u00e1rio, a proposta tamb\u00e9m refor\u00e7a o papel dos ecopontos como espa\u00e7os de cidadania, educa\u00e7\u00e3o ambiental e inova\u00e7\u00e3o na pol\u00edtica de limpeza urbana.<\/p>\n\n\n\n<p><strong>Educa\u00e7\u00e3o ambiental e mobiliza\u00e7\u00e3o da popula\u00e7\u00e3o<\/strong><\/p>\n\n\n\n<p>Al\u00e9m da estrutura f\u00edsica de coleta, o \u201cDia de Detox de Eletr\u00f4nicos \u2013 Manaus + Circulare\u201d teve forte atua\u00e7\u00e3o educativa. Educadores da Semulsp Ambiental percorreram resid\u00eancias e estabelecimentos comerciais do entorno, levando informa\u00e7\u00f5es sobre os riscos do descarte incorreto de lixo eletr\u00f4nico e divulgando o novo servi\u00e7o oferecido pela prefeitura.<\/p>\n\n\n\n<p>A a\u00e7\u00e3o porta a porta buscou sensibilizar moradores e comerciantes sobre a import\u00e2ncia da log\u00edstica reversa e orientar a popula\u00e7\u00e3o sobre como e onde descartar corretamente equipamentos sem uso. A mobiliza\u00e7\u00e3o integra a estrat\u00e9gia da Semulsp de unir infraestrutura e conscientiza\u00e7\u00e3o para consolidar mudan\u00e7as de comportamento de forma duradoura.<\/p>\n\n\n\n<figure class=\"wp-block-image size-full\"><img loading=\"lazy\" decoding=\"async\" width=\"799\" height=\"533\" src=\"https:\/\/www.manaus.am.gov.br\/semulsp\/wp-content\/uploads\/sites\/23\/2026\/02\/55088810548_1dac19a710_c.jpg\" alt=\"\" class=\"wp-image-2903\" srcset=\"https:\/\/www.manaus.am.gov.br\/semulsp\/wp-content\/uploads\/sites\/23\/2026\/02\/55088810548_1dac19a710_c.jpg 799w, https:\/\/www.manaus.am.gov.br\/semulsp\/wp-content\/uploads\/sites\/23\/2026\/02\/55088810548_1dac19a710_c-300x200.jpg 300w, https:\/\/www.manaus.am.gov.br\/semulsp\/wp-content\/uploads\/sites\/23\/2026\/02\/55088810548_1dac19a710_c-768x512.jpg 768w\" sizes=\"(max-width: 799px) 100vw, 799px\" \/><figcaption class=\"wp-element-caption\">#paratodosverem &#8211; Equipes da Semulsp realizando busca ativa em resid\u00eancias <\/figcaption><\/figure>\n\n\n\n<p><strong>Ecopontos como base da nova rede de PEVs<\/strong><\/p>\n\n\n\n<p>O coordenador da Semulsp Ambiental, Luiz Paz, explicou que os ecopontos j\u00e1 existentes passam a cumprir papel central na implanta\u00e7\u00e3o da coleta seletiva de eletr\u00f4nicos.<\/p>\n\n\n\n<p>\u201cOs ecopontos das zonas Norte e Sul j\u00e1 passam a funcionar como Pontos de Entrega Volunt\u00e1ria de res\u00edduos eletroeletr\u00f4nicos, assim como a pr\u00f3pria sede da Semulsp. A partir dessa base, os demais PEVs ser\u00e3o implantados gradualmente, totalizando 62 pontos espalhados por todas as zonas da cidade\u201d, detalhou.<\/p>\n\n\n\n<p>Segundo Luiz Paz, a combina\u00e7\u00e3o entre pontos fixos e educa\u00e7\u00e3o ambiental amplia o alcance do projeto. \u201cQuando a prefeitura oferece a estrutura adequada e leva a informa\u00e7\u00e3o at\u00e9 a popula\u00e7\u00e3o, a resposta vem. O res\u00edduo eletr\u00f4nico \u00e9 altamente poluente, mas tamb\u00e9m extremamente valioso, e precisa ser retirado do descarte irregular\u201d, completou.<\/p>\n\n\n\n<p><strong>Log\u00edstica reversa e retorno \u00e0 ind\u00fastria<\/strong><\/p>\n\n\n\n<p>O projeto \u00e9 desenvolvido em parceria com a Circulare, respons\u00e1vel pela plataforma Circular Brain e pela opera\u00e7\u00e3o da log\u00edstica reversa. Segundo Caroline Kerestes, representante da empresa, os eletr\u00f4nicos descartados retornam \u00e0 cadeia produtiva.<\/p>\n\n\n\n<p>\u201cA log\u00edstica reversa devolve para a ind\u00fastria um material que poderia ser descartado incorretamente. Esses res\u00edduos voltam como mat\u00e9ria-prima para novos produtos, a partir do pl\u00e1stico e dos metais recuperados\u201d, explicou.<\/p>\n\n\n\n<p>Ap\u00f3s o descarte, os equipamentos seguem para recicladores homologados, onde ocorre a separa\u00e7\u00e3o t\u00e9cnica dos componentes. Em um \u00fanico produto, podem ser identificados e separados at\u00e9 40 tipos diferentes de materiais, o que torna o processo mais complexo, mas tamb\u00e9m mais estrat\u00e9gico.<\/p>\n\n\n\n<p><strong>Cooperativas e gera\u00e7\u00e3o de renda<\/strong><\/p>\n\n\n\n<p>A iniciativa tamb\u00e9m fortalece a economia solid\u00e1ria ao integrar cooperativas de reciclagem \u00e0 triagem dos materiais. Na Eco-cooperativa, os res\u00edduos eletr\u00f4nicos passam por separa\u00e7\u00e3o e avalia\u00e7\u00e3o de reaproveitamento.<\/p>\n\n\n\n<figure class=\"wp-block-image size-full\"><img loading=\"lazy\" decoding=\"async\" width=\"799\" height=\"533\" src=\"https:\/\/www.manaus.am.gov.br\/semulsp\/wp-content\/uploads\/sites\/23\/2026\/02\/55088603941_f7dcae1ecb_c.jpg\" alt=\"\" class=\"wp-image-2902\" srcset=\"https:\/\/www.manaus.am.gov.br\/semulsp\/wp-content\/uploads\/sites\/23\/2026\/02\/55088603941_f7dcae1ecb_c.jpg 799w, https:\/\/www.manaus.am.gov.br\/semulsp\/wp-content\/uploads\/sites\/23\/2026\/02\/55088603941_f7dcae1ecb_c-300x200.jpg 300w, https:\/\/www.manaus.am.gov.br\/semulsp\/wp-content\/uploads\/sites\/23\/2026\/02\/55088603941_f7dcae1ecb_c-768x512.jpg 768w\" sizes=\"(max-width: 799px) 100vw, 799px\" \/><figcaption class=\"wp-element-caption\">#paratodosverem &#8211; Mulher realizando descarte correto de produtos eletroeletr\u00f4nicos, em coleta seletiva<\/figcaption><\/figure>\n\n\n\n<p>A coordenadora de produ\u00e7\u00e3o da cooperativa, Ruth Dacio, destacou o impacto da a\u00e7\u00e3o. \u201cOs eletr\u00f4nicos t\u00eam valores diferentes no mercado. A triagem correta agrega valor ao material, gera renda e fortalece o trabalho das cooperativas\u201d, afirmou.<\/p>\n\n\n\n<p><strong>Sustentabilidade conectada ao futuro industrial<\/strong><\/p>\n\n\n\n<p>Com a implanta\u00e7\u00e3o da coleta seletiva de eletroeletr\u00f4nicos, a Prefeitura de Manaus avan\u00e7a al\u00e9m da limpeza urbana tradicional e passa a atuar de forma estrat\u00e9gica na cadeia produtiva. A iniciativa reduz impactos ambientais, estimula a reciclagem especializada e aproveita o potencial de uma cidade que abriga um dos maiores parques industriais do pa\u00eds.<\/p>\n\n\n\n<p>Ao transformar res\u00edduos em oportunidade e investir em educa\u00e7\u00e3o ambiental, Manaus consolida a sustentabilidade como pol\u00edtica p\u00fablica permanente, alinhada ao desenvolvimento econ\u00f4mico e industrial da capital.<\/p>\n\n\n\n<p>\u2014&#8211; \u2014- \u2014-<br><strong>Texto \u2013<\/strong> Dora Tupinamb\u00e1 \/Semulsp<\/p>\n\n\n\n<p><strong>Fotos \u2013 <\/strong>Antonio Pereira\/Semcom<br><strong>Dispon\u00edveis em &#8211;<\/strong> <a href=\"https:\/\/flic.kr\/s\/aHBqjCK4qP\">https:\/\/flic.kr\/s\/aHBqjCK4qP<\/a>&nbsp;<\/p>\n","protected":false},"excerpt":{"rendered":"","protected":false},"author":68,"featured_media":2904,"comment_status":"closed","ping_status":"closed","sticky":false,"template":"","format":"standard","meta":{"footnotes":""},"categories":[438],"tags":[999,1000,10,19,1001],"acf":[],"yoast_head":"<!-- This site is optimized with the Yoast SEO plugin v23.0 - https:\/\/yoast.com\/wordpress\/plugins\/seo\/ -->\n<title>Prefeitura de Manaus lan\u00e7a coleta seletiva de eletr\u00f4nicos<\/title>\n<meta name=\"description\" content=\"A Prefeitura de Manaus deu um passo estrat\u00e9gico na gest\u00e3o de res\u00edduos s\u00f3lidos ao lan\u00e7ar, nesta ter\u00e7a-feira, 10\/2, o projeto de coleta seletiva de produtos eletroeletr\u00f4nicos, iniciativa que alia sustentabilidade ambiental, economia circular e desenvolvimento econ\u00f4mico\" \/>\n<meta name=\"robots\" content=\"noindex, follow\" \/>\n<meta property=\"og:locale\" content=\"pt_BR\" \/>\n<meta property=\"og:type\" content=\"article\" \/>\n<meta property=\"og:title\" content=\"Prefeitura de Manaus lan\u00e7a coleta seletiva de eletr\u00f4nicos\" \/>\n<meta property=\"og:description\" content=\"A Prefeitura de Manaus deu um passo estrat\u00e9gico na gest\u00e3o de res\u00edduos s\u00f3lidos ao lan\u00e7ar, nesta ter\u00e7a-feira, 10\/2, o projeto de coleta seletiva de produtos eletroeletr\u00f4nicos, iniciativa que alia sustentabilidade ambiental, economia circular e desenvolvimento econ\u00f4mico\" \/>\n<meta property=\"og:url\" content=\"https:\/\/www.manaus.am.gov.br\/semulsp\/coleta-seletiva-de-eletronicos\/\" \/>\n<meta property=\"og:site_name\" content=\"SEMULSP\" \/>\n<meta property=\"article:publisher\" content=\"https:\/\/www.facebook.com\/semulspmanaus\" \/>\n<meta property=\"article:published_time\" content=\"2026-02-11T01:17:19+00:00\" \/>\n<meta property=\"article:modified_time\" content=\"2026-02-11T13:22:58+00:00\" \/>\n<meta property=\"og:image\" content=\"https:\/\/www.manaus.am.gov.br\/semulsp\/wp-content\/uploads\/sites\/23\/2026\/02\/55087718692_1da7817015_c.jpg\" \/>\n\t<meta property=\"og:image:width\" content=\"799\" \/>\n\t<meta property=\"og:image:height\" content=\"533\" \/>\n\t<meta property=\"og:image:type\" content=\"image\/jpeg\" \/>\n<meta name=\"author\" content=\"bvalente\" \/>\n<meta name=\"twitter:card\" content=\"summary_large_image\" \/>\n<meta name=\"twitter:label1\" content=\"Written by\" \/>\n\t<meta name=\"twitter:data1\" content=\"bvalente\" \/>\n\t<meta name=\"twitter:label2\" content=\"Est. reading time\" \/>\n\t<meta name=\"twitter:data2\" content=\"6 minutos\" \/>\n<script type=\"application\/ld+json\" class=\"yoast-schema-graph\">{\"@context\":\"https:\/\/schema.org\",\"@graph\":[{\"@type\":\"Article\",\"@id\":\"https:\/\/www.manaus.am.gov.br\/semulsp\/coleta-seletiva-de-eletronicos\/#article\",\"isPartOf\":{\"@id\":\"https:\/\/www.manaus.am.gov.br\/semulsp\/coleta-seletiva-de-eletronicos\/\"},\"author\":{\"name\":\"bvalente\",\"@id\":\"https:\/\/www.manaus.am.gov.br\/semulsp\/#\/schema\/person\/466a0e03ae4b6062809046bd560ac955\"},\"headline\":\"Prefeitura de Manaus lan\u00e7a coleta seletiva de eletr\u00f4nicos e conecta pol\u00edtica ambiental ao maior polo industrial do Norte\",\"datePublished\":\"2026-02-11T01:17:19+00:00\",\"dateModified\":\"2026-02-11T13:22:58+00:00\",\"mainEntityOfPage\":{\"@id\":\"https:\/\/www.manaus.am.gov.br\/semulsp\/coleta-seletiva-de-eletronicos\/\"},\"wordCount\":977,\"publisher\":{\"@id\":\"https:\/\/www.manaus.am.gov.br\/semulsp\/#organization\"},\"image\":{\"@id\":\"https:\/\/www.manaus.am.gov.br\/semulsp\/coleta-seletiva-de-eletronicos\/#primaryimage\"},\"thumbnailUrl\":\"https:\/\/www.manaus.am.gov.br\/semulsp\/wp-content\/uploads\/sites\/23\/2026\/02\/55087718692_1da7817015_c.jpg\",\"keywords\":[\"coleta seletiva de eletr\u00f4nicos\",\"coleta seletiva de produtos eletroeletr\u00f4nicos\",\"prefeitura de manaus\",\"semulsp\",\"sustentabilidade ambiental\"],\"articleSection\":[\"Sustentabilidade\"],\"inLanguage\":\"pt-BR\"},{\"@type\":\"WebPage\",\"@id\":\"https:\/\/www.manaus.am.gov.br\/semulsp\/coleta-seletiva-de-eletronicos\/\",\"url\":\"https:\/\/www.manaus.am.gov.br\/semulsp\/coleta-seletiva-de-eletronicos\/\",\"name\":\"Prefeitura de Manaus lan\u00e7a coleta seletiva de eletr\u00f4nicos\",\"isPartOf\":{\"@id\":\"https:\/\/www.manaus.am.gov.br\/semulsp\/#website\"},\"primaryImageOfPage\":{\"@id\":\"https:\/\/www.manaus.am.gov.br\/semulsp\/coleta-seletiva-de-eletronicos\/#primaryimage\"},\"image\":{\"@id\":\"https:\/\/www.manaus.am.gov.br\/semulsp\/coleta-seletiva-de-eletronicos\/#primaryimage\"},\"thumbnailUrl\":\"https:\/\/www.manaus.am.gov.br\/semulsp\/wp-content\/uploads\/sites\/23\/2026\/02\/55087718692_1da7817015_c.jpg\",\"datePublished\":\"2026-02-11T01:17:19+00:00\",\"dateModified\":\"2026-02-11T13:22:58+00:00\",\"description\":\"A Prefeitura de Manaus deu um passo estrat\u00e9gico na gest\u00e3o de res\u00edduos s\u00f3lidos ao lan\u00e7ar, nesta ter\u00e7a-feira, 10\/2, o projeto de coleta seletiva de produtos eletroeletr\u00f4nicos, iniciativa que alia sustentabilidade ambiental, economia circular e desenvolvimento econ\u00f4mico\",\"breadcrumb\":{\"@id\":\"https:\/\/www.manaus.am.gov.br\/semulsp\/coleta-seletiva-de-eletronicos\/#breadcrumb\"},\"inLanguage\":\"pt-BR\",\"potentialAction\":[{\"@type\":\"ReadAction\",\"target\":[\"https:\/\/www.manaus.am.gov.br\/semulsp\/coleta-seletiva-de-eletronicos\/\"]}]},{\"@type\":\"ImageObject\",\"inLanguage\":\"pt-BR\",\"@id\":\"https:\/\/www.manaus.am.gov.br\/semulsp\/coleta-seletiva-de-eletronicos\/#primaryimage\",\"url\":\"https:\/\/www.manaus.am.gov.br\/semulsp\/wp-content\/uploads\/sites\/23\/2026\/02\/55087718692_1da7817015_c.jpg\",\"contentUrl\":\"https:\/\/www.manaus.am.gov.br\/semulsp\/wp-content\/uploads\/sites\/23\/2026\/02\/55087718692_1da7817015_c.jpg\",\"width\":799,\"height\":533,\"caption\":\"#paratodosverem - Homem realizando descarte correto de produtos eletroeletr\u00f4nicos, em coleta seletiva\"},{\"@type\":\"BreadcrumbList\",\"@id\":\"https:\/\/www.manaus.am.gov.br\/semulsp\/coleta-seletiva-de-eletronicos\/#breadcrumb\",\"itemListElement\":[{\"@type\":\"ListItem\",\"position\":1,\"name\":\"Home\",\"item\":\"https:\/\/www.manaus.am.gov.br\/semulsp\/\"},{\"@type\":\"ListItem\",\"position\":2,\"name\":\"Prefeitura de Manaus lan\u00e7a coleta seletiva de eletr\u00f4nicos e conecta pol\u00edtica ambiental ao maior polo industrial do Norte\"}]},{\"@type\":\"WebSite\",\"@id\":\"https:\/\/www.manaus.am.gov.br\/semulsp\/#website\",\"url\":\"https:\/\/www.manaus.am.gov.br\/semulsp\/\",\"name\":\"SEMULSP\",\"description\":\"Prefeitura de Manaus\",\"publisher\":{\"@id\":\"https:\/\/www.manaus.am.gov.br\/semulsp\/#organization\"},\"alternateName\":\"Secretaria Municipal de Limpeza P\u00fablica\",\"potentialAction\":[{\"@type\":\"SearchAction\",\"target\":{\"@type\":\"EntryPoint\",\"urlTemplate\":\"https:\/\/www.manaus.am.gov.br\/semulsp\/?s={search_term_string}\"},\"query-input\":\"required name=search_term_string\"}],\"inLanguage\":\"pt-BR\"},{\"@type\":\"Organization\",\"@id\":\"https:\/\/www.manaus.am.gov.br\/semulsp\/#organization\",\"name\":\"SEMULSP\",\"alternateName\":\"Secretaria Municipal de Limpeza P\u00fablica\",\"url\":\"https:\/\/www.manaus.am.gov.br\/semulsp\/\",\"logo\":{\"@type\":\"ImageObject\",\"inLanguage\":\"pt-BR\",\"@id\":\"https:\/\/www.manaus.am.gov.br\/semulsp\/#\/schema\/logo\/image\/\",\"url\":\"https:\/\/www.manaus.am.gov.br\/semulsp\/wp-content\/uploads\/sites\/23\/2023\/05\/cropped-favicon.png\",\"contentUrl\":\"https:\/\/www.manaus.am.gov.br\/semulsp\/wp-content\/uploads\/sites\/23\/2023\/05\/cropped-favicon.png\",\"width\":512,\"height\":512,\"caption\":\"SEMULSP\"},\"image\":{\"@id\":\"https:\/\/www.manaus.am.gov.br\/semulsp\/#\/schema\/logo\/image\/\"},\"sameAs\":[\"https:\/\/www.facebook.com\/semulspmanaus\",\"https:\/\/www.instagram.com\/semulspmanaus\/\"]},{\"@type\":\"Person\",\"@id\":\"https:\/\/www.manaus.am.gov.br\/semulsp\/#\/schema\/person\/466a0e03ae4b6062809046bd560ac955\",\"name\":\"bvalente\",\"image\":{\"@type\":\"ImageObject\",\"inLanguage\":\"pt-BR\",\"@id\":\"https:\/\/www.manaus.am.gov.br\/semulsp\/#\/schema\/person\/image\/\",\"url\":\"https:\/\/secure.gravatar.com\/avatar\/3e69bc2b014bdad41adfec3a39de07d2?s=96&d=mm&r=g\",\"contentUrl\":\"https:\/\/secure.gravatar.com\/avatar\/3e69bc2b014bdad41adfec3a39de07d2?s=96&d=mm&r=g\",\"caption\":\"bvalente\"}}]}<\/script>\n<!-- \/ Yoast SEO plugin. -->","yoast_head_json":{"title":"Prefeitura de Manaus lan\u00e7a coleta seletiva de eletr\u00f4nicos","description":"A Prefeitura de Manaus deu um passo estrat\u00e9gico na gest\u00e3o de res\u00edduos s\u00f3lidos ao lan\u00e7ar, nesta ter\u00e7a-feira, 10\/2, o projeto de coleta seletiva de produtos eletroeletr\u00f4nicos, iniciativa que alia sustentabilidade ambiental, economia circular e desenvolvimento econ\u00f4mico","robots":{"index":"noindex","follow":"follow"},"og_locale":"pt_BR","og_type":"article","og_title":"Prefeitura de Manaus lan\u00e7a coleta seletiva de eletr\u00f4nicos","og_description":"A Prefeitura de Manaus deu um passo estrat\u00e9gico na gest\u00e3o de res\u00edduos s\u00f3lidos ao lan\u00e7ar, nesta ter\u00e7a-feira, 10\/2, o projeto de coleta seletiva de produtos eletroeletr\u00f4nicos, iniciativa que alia sustentabilidade ambiental, economia circular e desenvolvimento econ\u00f4mico","og_url":"https:\/\/www.manaus.am.gov.br\/semulsp\/coleta-seletiva-de-eletronicos\/","og_site_name":"SEMULSP","article_publisher":"https:\/\/www.facebook.com\/semulspmanaus","article_published_time":"2026-02-11T01:17:19+00:00","article_modified_time":"2026-02-11T13:22:58+00:00","og_image":[{"width":799,"height":533,"url":"https:\/\/www.manaus.am.gov.br\/semulsp\/wp-content\/uploads\/sites\/23\/2026\/02\/55087718692_1da7817015_c.jpg","type":"image\/jpeg"}],"author":"bvalente","twitter_card":"summary_large_image","twitter_misc":{"Written by":"bvalente","Est. reading time":"6 minutos"},"schema":{"@context":"https:\/\/schema.org","@graph":[{"@type":"Article","@id":"https:\/\/www.manaus.am.gov.br\/semulsp\/coleta-seletiva-de-eletronicos\/#article","isPartOf":{"@id":"https:\/\/www.manaus.am.gov.br\/semulsp\/coleta-seletiva-de-eletronicos\/"},"author":{"name":"bvalente","@id":"https:\/\/www.manaus.am.gov.br\/semulsp\/#\/schema\/person\/466a0e03ae4b6062809046bd560ac955"},"headline":"Prefeitura de Manaus lan\u00e7a coleta seletiva de eletr\u00f4nicos e conecta pol\u00edtica ambiental ao maior polo industrial do Norte","datePublished":"2026-02-11T01:17:19+00:00","dateModified":"2026-02-11T13:22:58+00:00","mainEntityOfPage":{"@id":"https:\/\/www.manaus.am.gov.br\/semulsp\/coleta-seletiva-de-eletronicos\/"},"wordCount":977,"publisher":{"@id":"https:\/\/www.manaus.am.gov.br\/semulsp\/#organization"},"image":{"@id":"https:\/\/www.manaus.am.gov.br\/semulsp\/coleta-seletiva-de-eletronicos\/#primaryimage"},"thumbnailUrl":"https:\/\/www.manaus.am.gov.br\/semulsp\/wp-content\/uploads\/sites\/23\/2026\/02\/55087718692_1da7817015_c.jpg","keywords":["coleta seletiva de eletr\u00f4nicos","coleta seletiva de produtos eletroeletr\u00f4nicos","prefeitura de manaus","semulsp","sustentabilidade ambiental"],"articleSection":["Sustentabilidade"],"inLanguage":"pt-BR"},{"@type":"WebPage","@id":"https:\/\/www.manaus.am.gov.br\/semulsp\/coleta-seletiva-de-eletronicos\/","url":"https:\/\/www.manaus.am.gov.br\/semulsp\/coleta-seletiva-de-eletronicos\/","name":"Prefeitura de Manaus lan\u00e7a coleta seletiva de eletr\u00f4nicos","isPartOf":{"@id":"https:\/\/www.manaus.am.gov.br\/semulsp\/#website"},"primaryImageOfPage":{"@id":"https:\/\/www.manaus.am.gov.br\/semulsp\/coleta-seletiva-de-eletronicos\/#primaryimage"},"image":{"@id":"https:\/\/www.manaus.am.gov.br\/semulsp\/coleta-seletiva-de-eletronicos\/#primaryimage"},"thumbnailUrl":"https:\/\/www.manaus.am.gov.br\/semulsp\/wp-content\/uploads\/sites\/23\/2026\/02\/55087718692_1da7817015_c.jpg","datePublished":"2026-02-11T01:17:19+00:00","dateModified":"2026-02-11T13:22:58+00:00","description":"A Prefeitura de Manaus deu um passo estrat\u00e9gico na gest\u00e3o de res\u00edduos s\u00f3lidos ao lan\u00e7ar, nesta ter\u00e7a-feira, 10\/2, o projeto de coleta seletiva de produtos eletroeletr\u00f4nicos, iniciativa que alia sustentabilidade ambiental, economia circular e desenvolvimento econ\u00f4mico","breadcrumb":{"@id":"https:\/\/www.manaus.am.gov.br\/semulsp\/coleta-seletiva-de-eletronicos\/#breadcrumb"},"inLanguage":"pt-BR","potentialAction":[{"@type":"ReadAction","target":["https:\/\/www.manaus.am.gov.br\/semulsp\/coleta-seletiva-de-eletronicos\/"]}]},{"@type":"ImageObject","inLanguage":"pt-BR","@id":"https:\/\/www.manaus.am.gov.br\/semulsp\/coleta-seletiva-de-eletronicos\/#primaryimage","url":"https:\/\/www.manaus.am.gov.br\/semulsp\/wp-content\/uploads\/sites\/23\/2026\/02\/55087718692_1da7817015_c.jpg","contentUrl":"https:\/\/www.manaus.am.gov.br\/semulsp\/wp-content\/uploads\/sites\/23\/2026\/02\/55087718692_1da7817015_c.jpg","width":799,"height":533,"caption":"#paratodosverem - Homem realizando descarte correto de produtos eletroeletr\u00f4nicos, em coleta seletiva"},{"@type":"BreadcrumbList","@id":"https:\/\/www.manaus.am.gov.br\/semulsp\/coleta-seletiva-de-eletronicos\/#breadcrumb","itemListElement":[{"@type":"ListItem","position":1,"name":"Home","item":"https:\/\/www.manaus.am.gov.br\/semulsp\/"},{"@type":"ListItem","position":2,"name":"Prefeitura de Manaus lan\u00e7a coleta seletiva de eletr\u00f4nicos e conecta pol\u00edtica ambiental ao maior polo industrial do Norte"}]},{"@type":"WebSite","@id":"https:\/\/www.manaus.am.gov.br\/semulsp\/#website","url":"https:\/\/www.manaus.am.gov.br\/semulsp\/","name":"SEMULSP","description":"Prefeitura de Manaus","publisher":{"@id":"https:\/\/www.manaus.am.gov.br\/semulsp\/#organization"},"alternateName":"Secretaria Municipal de Limpeza P\u00fablica","potentialAction":[{"@type":"SearchAction","target":{"@type":"EntryPoint","urlTemplate":"https:\/\/www.manaus.am.gov.br\/semulsp\/?s={search_term_string}"},"query-input":"required name=search_term_string"}],"inLanguage":"pt-BR"},{"@type":"Organization","@id":"https:\/\/www.manaus.am.gov.br\/semulsp\/#organization","name":"SEMULSP","alternateName":"Secretaria Municipal de Limpeza P\u00fablica","url":"https:\/\/www.manaus.am.gov.br\/semulsp\/","logo":{"@type":"ImageObject","inLanguage":"pt-BR","@id":"https:\/\/www.manaus.am.gov.br\/semulsp\/#\/schema\/logo\/image\/","url":"https:\/\/www.manaus.am.gov.br\/semulsp\/wp-content\/uploads\/sites\/23\/2023\/05\/cropped-favicon.png","contentUrl":"https:\/\/www.manaus.am.gov.br\/semulsp\/wp-content\/uploads\/sites\/23\/2023\/05\/cropped-favicon.png","width":512,"height":512,"caption":"SEMULSP"},"image":{"@id":"https:\/\/www.manaus.am.gov.br\/semulsp\/#\/schema\/logo\/image\/"},"sameAs":["https:\/\/www.facebook.com\/semulspmanaus","https:\/\/www.instagram.com\/semulspmanaus\/"]},{"@type":"Person","@id":"https:\/\/www.manaus.am.gov.br\/semulsp\/#\/schema\/person\/466a0e03ae4b6062809046bd560ac955","name":"bvalente","image":{"@type":"ImageObject","inLanguage":"pt-BR","@id":"https:\/\/www.manaus.am.gov.br\/semulsp\/#\/schema\/person\/image\/","url":"https:\/\/secure.gravatar.com\/avatar\/3e69bc2b014bdad41adfec3a39de07d2?s=96&d=mm&r=g","contentUrl":"https:\/\/secure.gravatar.com\/avatar\/3e69bc2b014bdad41adfec3a39de07d2?s=96&d=mm&r=g","caption":"bvalente"}}]}},"_links":{"self":[{"href":"https:\/\/www.manaus.am.gov.br\/semulsp\/wp-json\/wp\/v2\/posts\/2901"}],"collection":[{"href":"https:\/\/www.manaus.am.gov.br\/semulsp\/wp-json\/wp\/v2\/posts"}],"about":[{"href":"https:\/\/www.manaus.am.gov.br\/semulsp\/wp-json\/wp\/v2\/types\/post"}],"author":[{"embeddable":true,"href":"https:\/\/www.manaus.am.gov.br\/semulsp\/wp-json\/wp\/v2\/users\/68"}],"replies":[{"embeddable":true,"href":"https:\/\/www.manaus.am.gov.br\/semulsp\/wp-json\/wp\/v2\/comments?post=2901"}],"version-history":[{"count":3,"href":"https:\/\/www.manaus.am.gov.br\/semulsp\/wp-json\/wp\/v2\/posts\/2901\/revisions"}],"predecessor-version":[{"id":2909,"href":"https:\/\/www.manaus.am.gov.br\/semulsp\/wp-json\/wp\/v2\/posts\/2901\/revisions\/2909"}],"wp:featuredmedia":[{"embeddable":true,"href":"https:\/\/www.manaus.am.gov.br\/semulsp\/wp-json\/wp\/v2\/media\/2904"}],"wp:attachment":[{"href":"https:\/\/www.manaus.am.gov.br\/semulsp\/wp-json\/wp\/v2\/media?parent=2901"}],"wp:term":[{"taxonomy":"category","embeddable":true,"href":"https:\/\/www.manaus.am.gov.br\/semulsp\/wp-json\/wp\/v2\/categories?post=2901"},{"taxonomy":"post_tag","embeddable":true,"href":"https:\/\/www.manaus.am.gov.br\/semulsp\/wp-json\/wp\/v2\/tags?post=2901"}],"curies":[{"name":"wp","href":"https:\/\/api.w.org\/{rel}","templated":true}]}}