{"id":2862,"date":"2026-02-01T13:27:39","date_gmt":"2026-02-01T17:27:39","guid":{"rendered":"https:\/\/www.manaus.am.gov.br\/semulsp\/transbordo-do-lixo-2026\/"},"modified":"2026-02-01T13:27:41","modified_gmt":"2026-02-01T17:27:41","slug":"transbordo-do-lixo-2026","status":"publish","type":"post","link":"https:\/\/www.manaus.am.gov.br\/semulsp\/transbordo-do-lixo-2026\/","title":{"rendered":"Prefeitura de Manaus realiza primeira opera\u00e7\u00e3o de transbordo do lixo retirado da orla em 2026"},"content":{"rendered":"\n<p>A Prefeitura de Manaus, por meio da Secretaria Municipal de Limpeza Urbana (Semulsp), realizou neste domingo, 1\u00ba\/2, a primeira opera\u00e7\u00e3o de transbordo do lixo retirado da orla da cidade em 2026. A a\u00e7\u00e3o ocorreu no Porto Trairi, na avenida Padre Agostinho Caballero Martin, bairro Santo Ant\u00f4nio, zona Oeste da capital.<\/p>\n\n\n\n<p>O material transbordado para o aterro sanit\u00e1rio foi recolhido ao longo de todo o m\u00eas de janeiro, durante a\u00e7\u00f5es permanentes de limpeza na orla. A opera\u00e7\u00e3o teve in\u00edcio \u00e0s 6h e mobilizou uma ampla estrutura, com dezenas de m\u00e1quinas, equipamentos, ve\u00edculos e equipes de trabalhadores. Tr\u00eas balsas foram utilizadas na a\u00e7\u00e3o, evidenciando o grande volume de res\u00edduos acumulados antes da destina\u00e7\u00e3o final.<\/p>\n\n\n\n<p>De acordo com o secret\u00e1rio municipal de Limpeza Urbana, Sab\u00e1 Reis, quase a totalidade do lixo recolhido na orla \u00e9 resultado do descarte irregular em \u00e1reas urbanas, que acaba sendo arrastado pelas chuvas para os igarap\u00e9s e, posteriormente, para o rio Negro. O volume recolhido revela a dimens\u00e3o do desafio enfrentado diariamente pelas equipes de limpeza.<\/p>\n\n\n\n<p>\u201cEstimamos que ser\u00e3o retiradas mais de 400 toneladas de lixo, grande parte fruto do descarte incorreto, o que representa um problema s\u00e9rio e demonstra desrespeito com o meio ambiente e tamb\u00e9m com o dinheiro p\u00fablico\u201d, afirmou o secret\u00e1rio.<\/p>\n\n\n\n<p>A opera\u00e7\u00e3o deste domingo \u00e9 resultado de um trabalho cont\u00ednuo realizado ao longo de janeiro, per\u00edodo em que equipes da Semulsp atuaram tanto em pontos j\u00e1 conhecidos pelo ac\u00famulo de res\u00edduos quanto na Praia da Ponta Branca, no bairro Educandos \u2014 \u00e1rea que passa por processo de revitaliza\u00e7\u00e3o. As a\u00e7\u00f5es integram a manuten\u00e7\u00e3o urbana ao ordenamento dos espa\u00e7os p\u00fablicos para uso da popula\u00e7\u00e3o.<\/p>\n\n\n\n<p><strong>Coleta na zona rural<\/strong><\/p>\n\n\n\n<p>Al\u00e9m da \u00e1rea urbana, a Semulsp mant\u00e9m coleta regular nas comunidades rurais e ind\u00edgenas de Manaus, ao longo do rio Negro e de seus afluentes. Atualmente, o servi\u00e7o atende 25 comunidades rurais e seis comunidades ind\u00edgenas, por meio de balsas que percorrem os rios para recolher os res\u00edduos e lev\u00e1-los ao aterro municipal, evitando o descarte direto no meio ambiente.<\/p>\n\n\n\n<p>Sab\u00e1 Reis destacou que, apesar dos desafios, a situa\u00e7\u00e3o n\u00e3o se agrava ainda mais gra\u00e7as ao trabalho cont\u00ednuo da gest\u00e3o municipal. &nbsp;\u201cEsse resultado s\u00f3 \u00e9 poss\u00edvel porque existe um empenho permanente da gest\u00e3o municipal. O prefeito David Almeida e o vice-prefeito Renato Junior t\u00eam dado prioridade absoluta a esse trabalho, garantindo estrutura, equipes e condi\u00e7\u00f5es para que a cidade seja cuidada todos os dias. \u00c9 um esfor\u00e7o cotidiano, que exige dedica\u00e7\u00e3o e compromisso com a popula\u00e7\u00e3o e com o meio ambiente\u201d, afirmou.<\/p>\n\n\n\n<p><strong>Papel das ecobarreiras<\/strong><\/p>\n\n\n\n<p>O descarte irregular de lixo provoca impactos como a prolifera\u00e7\u00e3o de vetores de doen\u00e7as, a polui\u00e7\u00e3o de rios e igarap\u00e9s e preju\u00edzos \u00e0 sa\u00fade p\u00fablica. Para reduzir esses efeitos, a Semulsp implantou ecobarreiras em pontos estrat\u00e9gicos dos igarap\u00e9s, que impedem que parte dos res\u00edduos chegue ao rio Negro e facilitam o recolhimento.<\/p>\n\n\n\n<p>Em 2025, a Prefeitura de Manaus refor\u00e7ou as a\u00e7\u00f5es de limpeza h\u00eddrica, retirando 3.495 toneladas de res\u00edduos s\u00f3lidos do rio Negro e de igarap\u00e9s urbanos ao longo do ano. As 12 ecobarreiras instaladas retiveram cerca de 2,5 mil toneladas de lixo, com m\u00e9dia superior a 300 toneladas por m\u00eas, antes que os res\u00edduos alcan\u00e7assem o rio.<\/p>\n\n\n\n<p>&#8212; &#8212; &#8212;<\/p>\n\n\n\n<p><strong>Texto &#8211;<\/strong> Dora Tupinamb\u00e1 \/ Semulsp<\/p>\n\n\n\n<p><strong>Fotos \u2013<\/strong> Valdo Le\u00e3o \/ Semcom<\/p>\n\n\n\n<p><strong>Dispon\u00edveis em<\/strong> &#8211; <a href=\"https:\/\/flic.kr\/s\/aHBqjCJjq3\">https:\/\/flic.kr\/s\/aHBqjCJjq3<\/a><\/p>\n","protected":false},"excerpt":{"rendered":"","protected":false},"author":57,"featured_media":2863,"comment_status":"closed","ping_status":"closed","sticky":false,"template":"","format":"standard","meta":{"footnotes":""},"categories":[210],"tags":[125,10,19,530],"acf":[],"yoast_head":"<!-- This site is optimized with the Yoast SEO plugin v23.0 - https:\/\/yoast.com\/wordpress\/plugins\/seo\/ -->\n<title>PMM realiza primeiro transbordo do lixo retirado da orla em 2026<\/title>\n<meta name=\"description\" content=\"A Prefeitura de Manaus realizou neste domingo, 1\u00ba\/2, a primeira opera\u00e7\u00e3o de transbordo do lixo retirado da orla da cidade em 2026.\" \/>\n<meta name=\"robots\" content=\"noindex, follow\" \/>\n<meta property=\"og:locale\" content=\"pt_BR\" \/>\n<meta property=\"og:type\" content=\"article\" \/>\n<meta property=\"og:title\" content=\"PMM realiza primeiro transbordo do lixo retirado da orla em 2026\" \/>\n<meta property=\"og:description\" content=\"A Prefeitura de Manaus realizou neste domingo, 1\u00ba\/2, a primeira opera\u00e7\u00e3o de transbordo do lixo retirado da orla da cidade em 2026.\" \/>\n<meta property=\"og:url\" content=\"https:\/\/www.manaus.am.gov.br\/semulsp\/transbordo-do-lixo-2026\/\" \/>\n<meta property=\"og:site_name\" content=\"SEMULSP\" \/>\n<meta property=\"article:publisher\" content=\"https:\/\/www.facebook.com\/semulspmanaus\" \/>\n<meta property=\"article:published_time\" content=\"2026-02-01T17:27:39+00:00\" \/>\n<meta property=\"article:modified_time\" content=\"2026-02-01T17:27:41+00:00\" \/>\n<meta property=\"og:image\" content=\"https:\/\/www.manaus.am.gov.br\/semulsp\/wp-content\/uploads\/sites\/23\/2026\/02\/transbordo-do-lixo-3.jpg\" \/>\n\t<meta property=\"og:image:width\" content=\"2048\" \/>\n\t<meta property=\"og:image:height\" content=\"1365\" \/>\n\t<meta property=\"og:image:type\" content=\"image\/jpeg\" \/>\n<meta name=\"author\" content=\"Thiago Fernando\" \/>\n<meta name=\"twitter:card\" content=\"summary_large_image\" \/>\n<meta name=\"twitter:label1\" content=\"Written by\" \/>\n\t<meta name=\"twitter:data1\" content=\"Thiago Fernando\" \/>\n\t<meta name=\"twitter:label2\" content=\"Est. reading time\" \/>\n\t<meta name=\"twitter:data2\" content=\"4 minutos\" \/>\n<script type=\"application\/ld+json\" class=\"yoast-schema-graph\">{\"@context\":\"https:\/\/schema.org\",\"@graph\":[{\"@type\":\"Article\",\"@id\":\"https:\/\/www.manaus.am.gov.br\/semulsp\/transbordo-do-lixo-2026\/#article\",\"isPartOf\":{\"@id\":\"https:\/\/www.manaus.am.gov.br\/semulsp\/transbordo-do-lixo-2026\/\"},\"author\":{\"name\":\"Thiago Fernando\",\"@id\":\"https:\/\/www.manaus.am.gov.br\/semulsp\/#\/schema\/person\/a5ee5376db6e21af026374b369f30882\"},\"headline\":\"Prefeitura de Manaus realiza primeira opera\u00e7\u00e3o de transbordo do lixo retirado da orla em 2026\",\"datePublished\":\"2026-02-01T17:27:39+00:00\",\"dateModified\":\"2026-02-01T17:27:41+00:00\",\"mainEntityOfPage\":{\"@id\":\"https:\/\/www.manaus.am.gov.br\/semulsp\/transbordo-do-lixo-2026\/\"},\"wordCount\":621,\"publisher\":{\"@id\":\"https:\/\/www.manaus.am.gov.br\/semulsp\/#organization\"},\"image\":{\"@id\":\"https:\/\/www.manaus.am.gov.br\/semulsp\/transbordo-do-lixo-2026\/#primaryimage\"},\"thumbnailUrl\":\"https:\/\/www.manaus.am.gov.br\/semulsp\/wp-content\/uploads\/sites\/23\/2026\/02\/transbordo-do-lixo-3.jpg\",\"keywords\":[\"lixo\",\"prefeitura de manaus\",\"semulsp\",\"transbordo de lixo\"],\"articleSection\":[\"Manaus\"],\"inLanguage\":\"pt-BR\"},{\"@type\":\"WebPage\",\"@id\":\"https:\/\/www.manaus.am.gov.br\/semulsp\/transbordo-do-lixo-2026\/\",\"url\":\"https:\/\/www.manaus.am.gov.br\/semulsp\/transbordo-do-lixo-2026\/\",\"name\":\"PMM realiza primeiro transbordo do lixo retirado da orla em 2026\",\"isPartOf\":{\"@id\":\"https:\/\/www.manaus.am.gov.br\/semulsp\/#website\"},\"primaryImageOfPage\":{\"@id\":\"https:\/\/www.manaus.am.gov.br\/semulsp\/transbordo-do-lixo-2026\/#primaryimage\"},\"image\":{\"@id\":\"https:\/\/www.manaus.am.gov.br\/semulsp\/transbordo-do-lixo-2026\/#primaryimage\"},\"thumbnailUrl\":\"https:\/\/www.manaus.am.gov.br\/semulsp\/wp-content\/uploads\/sites\/23\/2026\/02\/transbordo-do-lixo-3.jpg\",\"datePublished\":\"2026-02-01T17:27:39+00:00\",\"dateModified\":\"2026-02-01T17:27:41+00:00\",\"description\":\"A Prefeitura de Manaus realizou neste domingo, 1\u00ba\/2, a primeira opera\u00e7\u00e3o de transbordo do lixo retirado da orla da cidade em 2026.\",\"breadcrumb\":{\"@id\":\"https:\/\/www.manaus.am.gov.br\/semulsp\/transbordo-do-lixo-2026\/#breadcrumb\"},\"inLanguage\":\"pt-BR\",\"potentialAction\":[{\"@type\":\"ReadAction\",\"target\":[\"https:\/\/www.manaus.am.gov.br\/semulsp\/transbordo-do-lixo-2026\/\"]}]},{\"@type\":\"ImageObject\",\"inLanguage\":\"pt-BR\",\"@id\":\"https:\/\/www.manaus.am.gov.br\/semulsp\/transbordo-do-lixo-2026\/#primaryimage\",\"url\":\"https:\/\/www.manaus.am.gov.br\/semulsp\/wp-content\/uploads\/sites\/23\/2026\/02\/transbordo-do-lixo-3.jpg\",\"contentUrl\":\"https:\/\/www.manaus.am.gov.br\/semulsp\/wp-content\/uploads\/sites\/23\/2026\/02\/transbordo-do-lixo-3.jpg\",\"width\":2048,\"height\":1365,\"caption\":\"#paratodosverem - Maquin\u00e1rio da Semulsp atuando na retirada do lixo\"},{\"@type\":\"BreadcrumbList\",\"@id\":\"https:\/\/www.manaus.am.gov.br\/semulsp\/transbordo-do-lixo-2026\/#breadcrumb\",\"itemListElement\":[{\"@type\":\"ListItem\",\"position\":1,\"name\":\"Home\",\"item\":\"https:\/\/www.manaus.am.gov.br\/semulsp\/\"},{\"@type\":\"ListItem\",\"position\":2,\"name\":\"Prefeitura de Manaus realiza primeira opera\u00e7\u00e3o de transbordo do lixo retirado da orla em 2026\"}]},{\"@type\":\"WebSite\",\"@id\":\"https:\/\/www.manaus.am.gov.br\/semulsp\/#website\",\"url\":\"https:\/\/www.manaus.am.gov.br\/semulsp\/\",\"name\":\"SEMULSP\",\"description\":\"Prefeitura de Manaus\",\"publisher\":{\"@id\":\"https:\/\/www.manaus.am.gov.br\/semulsp\/#organization\"},\"alternateName\":\"Secretaria Municipal de Limpeza P\u00fablica\",\"potentialAction\":[{\"@type\":\"SearchAction\",\"target\":{\"@type\":\"EntryPoint\",\"urlTemplate\":\"https:\/\/www.manaus.am.gov.br\/semulsp\/?s={search_term_string}\"},\"query-input\":\"required name=search_term_string\"}],\"inLanguage\":\"pt-BR\"},{\"@type\":\"Organization\",\"@id\":\"https:\/\/www.manaus.am.gov.br\/semulsp\/#organization\",\"name\":\"SEMULSP\",\"alternateName\":\"Secretaria Municipal de Limpeza P\u00fablica\",\"url\":\"https:\/\/www.manaus.am.gov.br\/semulsp\/\",\"logo\":{\"@type\":\"ImageObject\",\"inLanguage\":\"pt-BR\",\"@id\":\"https:\/\/www.manaus.am.gov.br\/semulsp\/#\/schema\/logo\/image\/\",\"url\":\"https:\/\/www.manaus.am.gov.br\/semulsp\/wp-content\/uploads\/sites\/23\/2023\/05\/cropped-favicon.png\",\"contentUrl\":\"https:\/\/www.manaus.am.gov.br\/semulsp\/wp-content\/uploads\/sites\/23\/2023\/05\/cropped-favicon.png\",\"width\":512,\"height\":512,\"caption\":\"SEMULSP\"},\"image\":{\"@id\":\"https:\/\/www.manaus.am.gov.br\/semulsp\/#\/schema\/logo\/image\/\"},\"sameAs\":[\"https:\/\/www.facebook.com\/semulspmanaus\",\"https:\/\/www.instagram.com\/semulspmanaus\/\"]},{\"@type\":\"Person\",\"@id\":\"https:\/\/www.manaus.am.gov.br\/semulsp\/#\/schema\/person\/a5ee5376db6e21af026374b369f30882\",\"name\":\"Thiago Fernando\",\"image\":{\"@type\":\"ImageObject\",\"inLanguage\":\"pt-BR\",\"@id\":\"https:\/\/www.manaus.am.gov.br\/semulsp\/#\/schema\/person\/image\/\",\"url\":\"https:\/\/secure.gravatar.com\/avatar\/f5aab8722444041451501c077052ac07?s=96&d=mm&r=g\",\"contentUrl\":\"https:\/\/secure.gravatar.com\/avatar\/f5aab8722444041451501c077052ac07?s=96&d=mm&r=g\",\"caption\":\"Thiago Fernando\"}}]}<\/script>\n<!-- \/ Yoast SEO plugin. -->","yoast_head_json":{"title":"PMM realiza primeiro transbordo do lixo retirado da orla em 2026","description":"A Prefeitura de Manaus realizou neste domingo, 1\u00ba\/2, a primeira opera\u00e7\u00e3o de transbordo do lixo retirado da orla da cidade em 2026.","robots":{"index":"noindex","follow":"follow"},"og_locale":"pt_BR","og_type":"article","og_title":"PMM realiza primeiro transbordo do lixo retirado da orla em 2026","og_description":"A Prefeitura de Manaus realizou neste domingo, 1\u00ba\/2, a primeira opera\u00e7\u00e3o de transbordo do lixo retirado da orla da cidade em 2026.","og_url":"https:\/\/www.manaus.am.gov.br\/semulsp\/transbordo-do-lixo-2026\/","og_site_name":"SEMULSP","article_publisher":"https:\/\/www.facebook.com\/semulspmanaus","article_published_time":"2026-02-01T17:27:39+00:00","article_modified_time":"2026-02-01T17:27:41+00:00","og_image":[{"width":2048,"height":1365,"url":"https:\/\/www.manaus.am.gov.br\/semulsp\/wp-content\/uploads\/sites\/23\/2026\/02\/transbordo-do-lixo-3.jpg","type":"image\/jpeg"}],"author":"Thiago Fernando","twitter_card":"summary_large_image","twitter_misc":{"Written by":"Thiago Fernando","Est. reading time":"4 minutos"},"schema":{"@context":"https:\/\/schema.org","@graph":[{"@type":"Article","@id":"https:\/\/www.manaus.am.gov.br\/semulsp\/transbordo-do-lixo-2026\/#article","isPartOf":{"@id":"https:\/\/www.manaus.am.gov.br\/semulsp\/transbordo-do-lixo-2026\/"},"author":{"name":"Thiago Fernando","@id":"https:\/\/www.manaus.am.gov.br\/semulsp\/#\/schema\/person\/a5ee5376db6e21af026374b369f30882"},"headline":"Prefeitura de Manaus realiza primeira opera\u00e7\u00e3o de transbordo do lixo retirado da orla em 2026","datePublished":"2026-02-01T17:27:39+00:00","dateModified":"2026-02-01T17:27:41+00:00","mainEntityOfPage":{"@id":"https:\/\/www.manaus.am.gov.br\/semulsp\/transbordo-do-lixo-2026\/"},"wordCount":621,"publisher":{"@id":"https:\/\/www.manaus.am.gov.br\/semulsp\/#organization"},"image":{"@id":"https:\/\/www.manaus.am.gov.br\/semulsp\/transbordo-do-lixo-2026\/#primaryimage"},"thumbnailUrl":"https:\/\/www.manaus.am.gov.br\/semulsp\/wp-content\/uploads\/sites\/23\/2026\/02\/transbordo-do-lixo-3.jpg","keywords":["lixo","prefeitura de manaus","semulsp","transbordo de lixo"],"articleSection":["Manaus"],"inLanguage":"pt-BR"},{"@type":"WebPage","@id":"https:\/\/www.manaus.am.gov.br\/semulsp\/transbordo-do-lixo-2026\/","url":"https:\/\/www.manaus.am.gov.br\/semulsp\/transbordo-do-lixo-2026\/","name":"PMM realiza primeiro transbordo do lixo retirado da orla em 2026","isPartOf":{"@id":"https:\/\/www.manaus.am.gov.br\/semulsp\/#website"},"primaryImageOfPage":{"@id":"https:\/\/www.manaus.am.gov.br\/semulsp\/transbordo-do-lixo-2026\/#primaryimage"},"image":{"@id":"https:\/\/www.manaus.am.gov.br\/semulsp\/transbordo-do-lixo-2026\/#primaryimage"},"thumbnailUrl":"https:\/\/www.manaus.am.gov.br\/semulsp\/wp-content\/uploads\/sites\/23\/2026\/02\/transbordo-do-lixo-3.jpg","datePublished":"2026-02-01T17:27:39+00:00","dateModified":"2026-02-01T17:27:41+00:00","description":"A Prefeitura de Manaus realizou neste domingo, 1\u00ba\/2, a primeira opera\u00e7\u00e3o de transbordo do lixo retirado da orla da cidade em 2026.","breadcrumb":{"@id":"https:\/\/www.manaus.am.gov.br\/semulsp\/transbordo-do-lixo-2026\/#breadcrumb"},"inLanguage":"pt-BR","potentialAction":[{"@type":"ReadAction","target":["https:\/\/www.manaus.am.gov.br\/semulsp\/transbordo-do-lixo-2026\/"]}]},{"@type":"ImageObject","inLanguage":"pt-BR","@id":"https:\/\/www.manaus.am.gov.br\/semulsp\/transbordo-do-lixo-2026\/#primaryimage","url":"https:\/\/www.manaus.am.gov.br\/semulsp\/wp-content\/uploads\/sites\/23\/2026\/02\/transbordo-do-lixo-3.jpg","contentUrl":"https:\/\/www.manaus.am.gov.br\/semulsp\/wp-content\/uploads\/sites\/23\/2026\/02\/transbordo-do-lixo-3.jpg","width":2048,"height":1365,"caption":"#paratodosverem - Maquin\u00e1rio da Semulsp atuando na retirada do lixo"},{"@type":"BreadcrumbList","@id":"https:\/\/www.manaus.am.gov.br\/semulsp\/transbordo-do-lixo-2026\/#breadcrumb","itemListElement":[{"@type":"ListItem","position":1,"name":"Home","item":"https:\/\/www.manaus.am.gov.br\/semulsp\/"},{"@type":"ListItem","position":2,"name":"Prefeitura de Manaus realiza primeira opera\u00e7\u00e3o de transbordo do lixo retirado da orla em 2026"}]},{"@type":"WebSite","@id":"https:\/\/www.manaus.am.gov.br\/semulsp\/#website","url":"https:\/\/www.manaus.am.gov.br\/semulsp\/","name":"SEMULSP","description":"Prefeitura de Manaus","publisher":{"@id":"https:\/\/www.manaus.am.gov.br\/semulsp\/#organization"},"alternateName":"Secretaria Municipal de Limpeza P\u00fablica","potentialAction":[{"@type":"SearchAction","target":{"@type":"EntryPoint","urlTemplate":"https:\/\/www.manaus.am.gov.br\/semulsp\/?s={search_term_string}"},"query-input":"required name=search_term_string"}],"inLanguage":"pt-BR"},{"@type":"Organization","@id":"https:\/\/www.manaus.am.gov.br\/semulsp\/#organization","name":"SEMULSP","alternateName":"Secretaria Municipal de Limpeza P\u00fablica","url":"https:\/\/www.manaus.am.gov.br\/semulsp\/","logo":{"@type":"ImageObject","inLanguage":"pt-BR","@id":"https:\/\/www.manaus.am.gov.br\/semulsp\/#\/schema\/logo\/image\/","url":"https:\/\/www.manaus.am.gov.br\/semulsp\/wp-content\/uploads\/sites\/23\/2023\/05\/cropped-favicon.png","contentUrl":"https:\/\/www.manaus.am.gov.br\/semulsp\/wp-content\/uploads\/sites\/23\/2023\/05\/cropped-favicon.png","width":512,"height":512,"caption":"SEMULSP"},"image":{"@id":"https:\/\/www.manaus.am.gov.br\/semulsp\/#\/schema\/logo\/image\/"},"sameAs":["https:\/\/www.facebook.com\/semulspmanaus","https:\/\/www.instagram.com\/semulspmanaus\/"]},{"@type":"Person","@id":"https:\/\/www.manaus.am.gov.br\/semulsp\/#\/schema\/person\/a5ee5376db6e21af026374b369f30882","name":"Thiago Fernando","image":{"@type":"ImageObject","inLanguage":"pt-BR","@id":"https:\/\/www.manaus.am.gov.br\/semulsp\/#\/schema\/person\/image\/","url":"https:\/\/secure.gravatar.com\/avatar\/f5aab8722444041451501c077052ac07?s=96&d=mm&r=g","contentUrl":"https:\/\/secure.gravatar.com\/avatar\/f5aab8722444041451501c077052ac07?s=96&d=mm&r=g","caption":"Thiago Fernando"}}]}},"_links":{"self":[{"href":"https:\/\/www.manaus.am.gov.br\/semulsp\/wp-json\/wp\/v2\/posts\/2862"}],"collection":[{"href":"https:\/\/www.manaus.am.gov.br\/semulsp\/wp-json\/wp\/v2\/posts"}],"about":[{"href":"https:\/\/www.manaus.am.gov.br\/semulsp\/wp-json\/wp\/v2\/types\/post"}],"author":[{"embeddable":true,"href":"https:\/\/www.manaus.am.gov.br\/semulsp\/wp-json\/wp\/v2\/users\/57"}],"replies":[{"embeddable":true,"href":"https:\/\/www.manaus.am.gov.br\/semulsp\/wp-json\/wp\/v2\/comments?post=2862"}],"version-history":[{"count":0,"href":"https:\/\/www.manaus.am.gov.br\/semulsp\/wp-json\/wp\/v2\/posts\/2862\/revisions"}],"wp:featuredmedia":[{"embeddable":true,"href":"https:\/\/www.manaus.am.gov.br\/semulsp\/wp-json\/wp\/v2\/media\/2863"}],"wp:attachment":[{"href":"https:\/\/www.manaus.am.gov.br\/semulsp\/wp-json\/wp\/v2\/media?parent=2862"}],"wp:term":[{"taxonomy":"category","embeddable":true,"href":"https:\/\/www.manaus.am.gov.br\/semulsp\/wp-json\/wp\/v2\/categories?post=2862"},{"taxonomy":"post_tag","embeddable":true,"href":"https:\/\/www.manaus.am.gov.br\/semulsp\/wp-json\/wp\/v2\/tags?post=2862"}],"curies":[{"name":"wp","href":"https:\/\/api.w.org\/{rel}","templated":true}]}}