{"id":2860,"date":"2026-01-31T17:49:43","date_gmt":"2026-01-31T21:49:43","guid":{"rendered":"https:\/\/www.manaus.am.gov.br\/semulsp\/ecoponto-zona-norte-leste\/"},"modified":"2026-01-31T17:49:44","modified_gmt":"2026-01-31T21:49:44","slug":"ecoponto-zona-norte-leste","status":"publish","type":"post","link":"https:\/\/www.manaus.am.gov.br\/semulsp\/ecoponto-zona-norte-leste\/","title":{"rendered":"Prefeitura de Manaus inicia implanta\u00e7\u00e3o de novo ecoponto para atender regi\u00f5es Norte e Leste"},"content":{"rendered":"\n<p>A Prefeitura de Manaus, por meio da Secretaria Municipal de Limpeza Urbana (Semulsp), iniciou a implanta\u00e7\u00e3o do Ecoponto zona Norte, que funcionar\u00e1 como unidade operacional descentralizada da pasta para atender as zonas Norte e Leste da capital. As primeiras obras de constru\u00e7\u00e3o come\u00e7aram neste s\u00e1bado, 31\/1, ap\u00f3s uma etapa de limpeza pesada no local.<\/p>\n\n\n\n<p>O ecoponto est\u00e1 sendo implantado na rua Coronel S\u00e1vio Belota, no bairro Novo Aleixo, em uma \u00e1rea estrat\u00e9gica da zona Norte de Manaus. A iniciativa segue o modelo do Ecoponto Educandos, j\u00e1 em funcionamento na zona Sul, e integra a pol\u00edtica de descentraliza\u00e7\u00e3o operacional da Semulsp.<\/p>\n\n\n\n<p>A \u00e1rea onde est\u00e1 sendo implantado o novo ecoponto abrigava um antigo reservat\u00f3rio da concession\u00e1ria Manaus Ambiental e estava abandonada h\u00e1 mais de uma d\u00e9cada. Com o tempo, o espa\u00e7o se transformou em uma lixeira a c\u00e9u aberto e passou a ser ocupado por usu\u00e1rios de drogas, sendo informalmente classificado pela pr\u00f3pria popula\u00e7\u00e3o como uma \u201ccracol\u00e2ndia\u201d.<\/p>\n\n\n\n<p>Somente na etapa inicial de limpeza, as equipes da Semulsp retiraram mais de 600 toneladas de lixo acumulado no local, devolvendo condi\u00e7\u00f5es m\u00ednimas de seguran\u00e7a, salubridade e dignidade ao entorno.<\/p>\n\n\n\n<p>O ecoponto est\u00e1 localizado ao lado de um quartel da Pol\u00edcia Militar do Amazonas e em frente a uma igreja da Assembleia de Deus, em uma \u00e1rea de intensa circula\u00e7\u00e3o de moradores e atividades comunit\u00e1rias.<\/p>\n\n\n\n<p>O secret\u00e1rio da Semulsp, Sab\u00e1 Reis, destaca o simbolismo da ocupa\u00e7\u00e3o do espa\u00e7o p\u00fablico e a mudan\u00e7a de fun\u00e7\u00e3o da \u00e1rea. \u201cQuando a prefeitura decide ocupar um espa\u00e7o como este, a destina\u00e7\u00e3o \u00e9 clara: trazer servi\u00e7o p\u00fablico, trabalho e presen\u00e7a do poder p\u00fablico. Aqui ser\u00e1 feito o mesmo que fizemos no Ecoponto do Educandos. A Semulsp vai se instalar com toda a sua estrutura, pessoal e equipamentos, para atuar mais perto dos problemas da zona Norte, uma regi\u00e3o que \u00e9 maior do que Parintins e Itacoatiara juntas\u201d, afirmou.<\/p>\n\n\n\n<p>Sab\u00e1 ressalta que a implanta\u00e7\u00e3o do ecoponto faz parte de uma estrat\u00e9gia direta da gest\u00e3o municipal para atuar no b\u00e1sico, com presen\u00e7a permanente e trabalho cont\u00ednuo. \u201cEssa foi uma forma que o prefeito David Almeida e o vice-prefeito Renato Junior encontraram de fazer o b\u00e1sico bem-feito. A nossa secretaria trabalha muito, come\u00e7a cedo e n\u00e3o espera. Come\u00e7amos com a limpeza, o transbordo e hoje iniciamos a obra. Esse lugar nunca mais vai envergonhar os vizinhos\u201d, completou.<\/p>\n\n\n\n<p>Segundo o secret\u00e1rio, a expectativa \u00e9 de que, j\u00e1 nos pr\u00f3ximos dias, o espa\u00e7o apresente uma transforma\u00e7\u00e3o vis\u00edvel, com avan\u00e7o das obras e reorganiza\u00e7\u00e3o completa da \u00e1rea.<\/p>\n\n\n\n<p>Com a implanta\u00e7\u00e3o do Ecoponto zona Norte, a Prefeitura de Manaus amplia sua capacidade operacional e refor\u00e7a a pol\u00edtica de requalifica\u00e7\u00e3o urbana, ocupando \u00e1reas degradadas e devolvendo esses espa\u00e7os \u00e0 fun\u00e7\u00e3o p\u00fablica, ao cuidado ambiental e \u00e0 conviv\u00eancia comunit\u00e1ria.<\/p>\n\n\n\n<p>&#8212; &#8212; &#8212;<\/p>\n\n\n\n<p><strong>Texto &#8211;<\/strong> Dora Tupinamb\u00e1 \/ Semulsp<\/p>\n\n\n\n<p><strong>Fotos &#8211;<\/strong> Daniel Batalha \/ Semulsp<\/p>\n","protected":false},"excerpt":{"rendered":"","protected":false},"author":57,"featured_media":2861,"comment_status":"closed","ping_status":"closed","sticky":false,"template":"","format":"standard","meta":{"footnotes":""},"categories":[210],"tags":[994,103,10,19],"acf":[],"yoast_head":"<!-- This site is optimized with the Yoast SEO plugin v23.0 - https:\/\/yoast.com\/wordpress\/plugins\/seo\/ -->\n<title>PMM inicia implanta\u00e7\u00e3o de novo ecoponto na zona Norte<\/title>\n<meta name=\"description\" content=\"A PMM iniciou a implanta\u00e7\u00e3o do Ecoponto zona Norte, que funcionar\u00e1 como unidade operacional descentralizada nas zonas Norte e Leste.\" \/>\n<meta name=\"robots\" content=\"noindex, follow\" \/>\n<meta property=\"og:locale\" content=\"pt_BR\" \/>\n<meta property=\"og:type\" content=\"article\" \/>\n<meta property=\"og:title\" content=\"PMM inicia implanta\u00e7\u00e3o de novo ecoponto na zona Norte\" \/>\n<meta property=\"og:description\" content=\"A PMM iniciou a implanta\u00e7\u00e3o do Ecoponto zona Norte, que funcionar\u00e1 como unidade operacional descentralizada nas zonas Norte e Leste.\" \/>\n<meta property=\"og:url\" content=\"https:\/\/www.manaus.am.gov.br\/semulsp\/ecoponto-zona-norte-leste\/\" \/>\n<meta property=\"og:site_name\" content=\"SEMULSP\" \/>\n<meta property=\"article:publisher\" content=\"https:\/\/www.facebook.com\/semulspmanaus\" \/>\n<meta property=\"article:published_time\" content=\"2026-01-31T21:49:43+00:00\" \/>\n<meta property=\"article:modified_time\" content=\"2026-01-31T21:49:44+00:00\" \/>\n<meta property=\"og:image\" content=\"https:\/\/www.manaus.am.gov.br\/semulsp\/wp-content\/uploads\/sites\/23\/2026\/01\/Ecoponto-1024x768.jpg\" \/>\n\t<meta property=\"og:image:width\" content=\"1024\" \/>\n\t<meta property=\"og:image:height\" content=\"768\" \/>\n\t<meta property=\"og:image:type\" content=\"image\/jpeg\" \/>\n<meta name=\"author\" content=\"Thiago Fernando\" \/>\n<meta name=\"twitter:card\" content=\"summary_large_image\" \/>\n<meta name=\"twitter:label1\" content=\"Written by\" \/>\n\t<meta name=\"twitter:data1\" content=\"Thiago Fernando\" \/>\n\t<meta name=\"twitter:label2\" content=\"Est. reading time\" \/>\n\t<meta name=\"twitter:data2\" content=\"3 minutos\" \/>\n<script type=\"application\/ld+json\" class=\"yoast-schema-graph\">{\"@context\":\"https:\/\/schema.org\",\"@graph\":[{\"@type\":\"Article\",\"@id\":\"https:\/\/www.manaus.am.gov.br\/semulsp\/ecoponto-zona-norte-leste\/#article\",\"isPartOf\":{\"@id\":\"https:\/\/www.manaus.am.gov.br\/semulsp\/ecoponto-zona-norte-leste\/\"},\"author\":{\"name\":\"Thiago Fernando\",\"@id\":\"https:\/\/www.manaus.am.gov.br\/semulsp\/#\/schema\/person\/a5ee5376db6e21af026374b369f30882\"},\"headline\":\"Prefeitura de Manaus inicia implanta\u00e7\u00e3o de novo ecoponto para atender regi\u00f5es Norte e Leste\",\"datePublished\":\"2026-01-31T21:49:43+00:00\",\"dateModified\":\"2026-01-31T21:49:44+00:00\",\"mainEntityOfPage\":{\"@id\":\"https:\/\/www.manaus.am.gov.br\/semulsp\/ecoponto-zona-norte-leste\/\"},\"wordCount\":536,\"publisher\":{\"@id\":\"https:\/\/www.manaus.am.gov.br\/semulsp\/#organization\"},\"image\":{\"@id\":\"https:\/\/www.manaus.am.gov.br\/semulsp\/ecoponto-zona-norte-leste\/#primaryimage\"},\"thumbnailUrl\":\"https:\/\/www.manaus.am.gov.br\/semulsp\/wp-content\/uploads\/sites\/23\/2026\/01\/Ecoponto.jpg\",\"keywords\":[\"Ecoponto\",\"limpeza\",\"prefeitura de manaus\",\"semulsp\"],\"articleSection\":[\"Manaus\"],\"inLanguage\":\"pt-BR\"},{\"@type\":\"WebPage\",\"@id\":\"https:\/\/www.manaus.am.gov.br\/semulsp\/ecoponto-zona-norte-leste\/\",\"url\":\"https:\/\/www.manaus.am.gov.br\/semulsp\/ecoponto-zona-norte-leste\/\",\"name\":\"PMM inicia implanta\u00e7\u00e3o de novo ecoponto na zona Norte\",\"isPartOf\":{\"@id\":\"https:\/\/www.manaus.am.gov.br\/semulsp\/#website\"},\"primaryImageOfPage\":{\"@id\":\"https:\/\/www.manaus.am.gov.br\/semulsp\/ecoponto-zona-norte-leste\/#primaryimage\"},\"image\":{\"@id\":\"https:\/\/www.manaus.am.gov.br\/semulsp\/ecoponto-zona-norte-leste\/#primaryimage\"},\"thumbnailUrl\":\"https:\/\/www.manaus.am.gov.br\/semulsp\/wp-content\/uploads\/sites\/23\/2026\/01\/Ecoponto.jpg\",\"datePublished\":\"2026-01-31T21:49:43+00:00\",\"dateModified\":\"2026-01-31T21:49:44+00:00\",\"description\":\"A PMM iniciou a implanta\u00e7\u00e3o do Ecoponto zona Norte, que funcionar\u00e1 como unidade operacional descentralizada nas zonas Norte e Leste.\",\"breadcrumb\":{\"@id\":\"https:\/\/www.manaus.am.gov.br\/semulsp\/ecoponto-zona-norte-leste\/#breadcrumb\"},\"inLanguage\":\"pt-BR\",\"potentialAction\":[{\"@type\":\"ReadAction\",\"target\":[\"https:\/\/www.manaus.am.gov.br\/semulsp\/ecoponto-zona-norte-leste\/\"]}]},{\"@type\":\"ImageObject\",\"inLanguage\":\"pt-BR\",\"@id\":\"https:\/\/www.manaus.am.gov.br\/semulsp\/ecoponto-zona-norte-leste\/#primaryimage\",\"url\":\"https:\/\/www.manaus.am.gov.br\/semulsp\/wp-content\/uploads\/sites\/23\/2026\/01\/Ecoponto.jpg\",\"contentUrl\":\"https:\/\/www.manaus.am.gov.br\/semulsp\/wp-content\/uploads\/sites\/23\/2026\/01\/Ecoponto.jpg\",\"width\":4032,\"height\":3024,\"caption\":\"#paratodosverem - Servidores da Semulsp realizando constru\u00e7\u00e3o do novo ecoponto\"},{\"@type\":\"BreadcrumbList\",\"@id\":\"https:\/\/www.manaus.am.gov.br\/semulsp\/ecoponto-zona-norte-leste\/#breadcrumb\",\"itemListElement\":[{\"@type\":\"ListItem\",\"position\":1,\"name\":\"Home\",\"item\":\"https:\/\/www.manaus.am.gov.br\/semulsp\/\"},{\"@type\":\"ListItem\",\"position\":2,\"name\":\"Prefeitura de Manaus inicia implanta\u00e7\u00e3o de novo ecoponto para atender regi\u00f5es Norte e Leste\"}]},{\"@type\":\"WebSite\",\"@id\":\"https:\/\/www.manaus.am.gov.br\/semulsp\/#website\",\"url\":\"https:\/\/www.manaus.am.gov.br\/semulsp\/\",\"name\":\"SEMULSP\",\"description\":\"Prefeitura de Manaus\",\"publisher\":{\"@id\":\"https:\/\/www.manaus.am.gov.br\/semulsp\/#organization\"},\"alternateName\":\"Secretaria Municipal de Limpeza P\u00fablica\",\"potentialAction\":[{\"@type\":\"SearchAction\",\"target\":{\"@type\":\"EntryPoint\",\"urlTemplate\":\"https:\/\/www.manaus.am.gov.br\/semulsp\/?s={search_term_string}\"},\"query-input\":\"required name=search_term_string\"}],\"inLanguage\":\"pt-BR\"},{\"@type\":\"Organization\",\"@id\":\"https:\/\/www.manaus.am.gov.br\/semulsp\/#organization\",\"name\":\"SEMULSP\",\"alternateName\":\"Secretaria Municipal de Limpeza P\u00fablica\",\"url\":\"https:\/\/www.manaus.am.gov.br\/semulsp\/\",\"logo\":{\"@type\":\"ImageObject\",\"inLanguage\":\"pt-BR\",\"@id\":\"https:\/\/www.manaus.am.gov.br\/semulsp\/#\/schema\/logo\/image\/\",\"url\":\"https:\/\/www.manaus.am.gov.br\/semulsp\/wp-content\/uploads\/sites\/23\/2023\/05\/cropped-favicon.png\",\"contentUrl\":\"https:\/\/www.manaus.am.gov.br\/semulsp\/wp-content\/uploads\/sites\/23\/2023\/05\/cropped-favicon.png\",\"width\":512,\"height\":512,\"caption\":\"SEMULSP\"},\"image\":{\"@id\":\"https:\/\/www.manaus.am.gov.br\/semulsp\/#\/schema\/logo\/image\/\"},\"sameAs\":[\"https:\/\/www.facebook.com\/semulspmanaus\",\"https:\/\/www.instagram.com\/semulspmanaus\/\"]},{\"@type\":\"Person\",\"@id\":\"https:\/\/www.manaus.am.gov.br\/semulsp\/#\/schema\/person\/a5ee5376db6e21af026374b369f30882\",\"name\":\"Thiago Fernando\",\"image\":{\"@type\":\"ImageObject\",\"inLanguage\":\"pt-BR\",\"@id\":\"https:\/\/www.manaus.am.gov.br\/semulsp\/#\/schema\/person\/image\/\",\"url\":\"https:\/\/secure.gravatar.com\/avatar\/f5aab8722444041451501c077052ac07?s=96&d=mm&r=g\",\"contentUrl\":\"https:\/\/secure.gravatar.com\/avatar\/f5aab8722444041451501c077052ac07?s=96&d=mm&r=g\",\"caption\":\"Thiago Fernando\"}}]}<\/script>\n<!-- \/ Yoast SEO plugin. -->","yoast_head_json":{"title":"PMM inicia implanta\u00e7\u00e3o de novo ecoponto na zona Norte","description":"A PMM iniciou a implanta\u00e7\u00e3o do Ecoponto zona Norte, que funcionar\u00e1 como unidade operacional descentralizada nas zonas Norte e Leste.","robots":{"index":"noindex","follow":"follow"},"og_locale":"pt_BR","og_type":"article","og_title":"PMM inicia implanta\u00e7\u00e3o de novo ecoponto na zona Norte","og_description":"A PMM iniciou a implanta\u00e7\u00e3o do Ecoponto zona Norte, que funcionar\u00e1 como unidade operacional descentralizada nas zonas Norte e Leste.","og_url":"https:\/\/www.manaus.am.gov.br\/semulsp\/ecoponto-zona-norte-leste\/","og_site_name":"SEMULSP","article_publisher":"https:\/\/www.facebook.com\/semulspmanaus","article_published_time":"2026-01-31T21:49:43+00:00","article_modified_time":"2026-01-31T21:49:44+00:00","og_image":[{"width":1024,"height":768,"url":"https:\/\/www.manaus.am.gov.br\/semulsp\/wp-content\/uploads\/sites\/23\/2026\/01\/Ecoponto-1024x768.jpg","type":"image\/jpeg"}],"author":"Thiago Fernando","twitter_card":"summary_large_image","twitter_misc":{"Written by":"Thiago Fernando","Est. reading time":"3 minutos"},"schema":{"@context":"https:\/\/schema.org","@graph":[{"@type":"Article","@id":"https:\/\/www.manaus.am.gov.br\/semulsp\/ecoponto-zona-norte-leste\/#article","isPartOf":{"@id":"https:\/\/www.manaus.am.gov.br\/semulsp\/ecoponto-zona-norte-leste\/"},"author":{"name":"Thiago Fernando","@id":"https:\/\/www.manaus.am.gov.br\/semulsp\/#\/schema\/person\/a5ee5376db6e21af026374b369f30882"},"headline":"Prefeitura de Manaus inicia implanta\u00e7\u00e3o de novo ecoponto para atender regi\u00f5es Norte e Leste","datePublished":"2026-01-31T21:49:43+00:00","dateModified":"2026-01-31T21:49:44+00:00","mainEntityOfPage":{"@id":"https:\/\/www.manaus.am.gov.br\/semulsp\/ecoponto-zona-norte-leste\/"},"wordCount":536,"publisher":{"@id":"https:\/\/www.manaus.am.gov.br\/semulsp\/#organization"},"image":{"@id":"https:\/\/www.manaus.am.gov.br\/semulsp\/ecoponto-zona-norte-leste\/#primaryimage"},"thumbnailUrl":"https:\/\/www.manaus.am.gov.br\/semulsp\/wp-content\/uploads\/sites\/23\/2026\/01\/Ecoponto.jpg","keywords":["Ecoponto","limpeza","prefeitura de manaus","semulsp"],"articleSection":["Manaus"],"inLanguage":"pt-BR"},{"@type":"WebPage","@id":"https:\/\/www.manaus.am.gov.br\/semulsp\/ecoponto-zona-norte-leste\/","url":"https:\/\/www.manaus.am.gov.br\/semulsp\/ecoponto-zona-norte-leste\/","name":"PMM inicia implanta\u00e7\u00e3o de novo ecoponto na zona Norte","isPartOf":{"@id":"https:\/\/www.manaus.am.gov.br\/semulsp\/#website"},"primaryImageOfPage":{"@id":"https:\/\/www.manaus.am.gov.br\/semulsp\/ecoponto-zona-norte-leste\/#primaryimage"},"image":{"@id":"https:\/\/www.manaus.am.gov.br\/semulsp\/ecoponto-zona-norte-leste\/#primaryimage"},"thumbnailUrl":"https:\/\/www.manaus.am.gov.br\/semulsp\/wp-content\/uploads\/sites\/23\/2026\/01\/Ecoponto.jpg","datePublished":"2026-01-31T21:49:43+00:00","dateModified":"2026-01-31T21:49:44+00:00","description":"A PMM iniciou a implanta\u00e7\u00e3o do Ecoponto zona Norte, que funcionar\u00e1 como unidade operacional descentralizada nas zonas Norte e Leste.","breadcrumb":{"@id":"https:\/\/www.manaus.am.gov.br\/semulsp\/ecoponto-zona-norte-leste\/#breadcrumb"},"inLanguage":"pt-BR","potentialAction":[{"@type":"ReadAction","target":["https:\/\/www.manaus.am.gov.br\/semulsp\/ecoponto-zona-norte-leste\/"]}]},{"@type":"ImageObject","inLanguage":"pt-BR","@id":"https:\/\/www.manaus.am.gov.br\/semulsp\/ecoponto-zona-norte-leste\/#primaryimage","url":"https:\/\/www.manaus.am.gov.br\/semulsp\/wp-content\/uploads\/sites\/23\/2026\/01\/Ecoponto.jpg","contentUrl":"https:\/\/www.manaus.am.gov.br\/semulsp\/wp-content\/uploads\/sites\/23\/2026\/01\/Ecoponto.jpg","width":4032,"height":3024,"caption":"#paratodosverem - Servidores da Semulsp realizando constru\u00e7\u00e3o do novo ecoponto"},{"@type":"BreadcrumbList","@id":"https:\/\/www.manaus.am.gov.br\/semulsp\/ecoponto-zona-norte-leste\/#breadcrumb","itemListElement":[{"@type":"ListItem","position":1,"name":"Home","item":"https:\/\/www.manaus.am.gov.br\/semulsp\/"},{"@type":"ListItem","position":2,"name":"Prefeitura de Manaus inicia implanta\u00e7\u00e3o de novo ecoponto para atender regi\u00f5es Norte e Leste"}]},{"@type":"WebSite","@id":"https:\/\/www.manaus.am.gov.br\/semulsp\/#website","url":"https:\/\/www.manaus.am.gov.br\/semulsp\/","name":"SEMULSP","description":"Prefeitura de Manaus","publisher":{"@id":"https:\/\/www.manaus.am.gov.br\/semulsp\/#organization"},"alternateName":"Secretaria Municipal de Limpeza P\u00fablica","potentialAction":[{"@type":"SearchAction","target":{"@type":"EntryPoint","urlTemplate":"https:\/\/www.manaus.am.gov.br\/semulsp\/?s={search_term_string}"},"query-input":"required name=search_term_string"}],"inLanguage":"pt-BR"},{"@type":"Organization","@id":"https:\/\/www.manaus.am.gov.br\/semulsp\/#organization","name":"SEMULSP","alternateName":"Secretaria Municipal de Limpeza P\u00fablica","url":"https:\/\/www.manaus.am.gov.br\/semulsp\/","logo":{"@type":"ImageObject","inLanguage":"pt-BR","@id":"https:\/\/www.manaus.am.gov.br\/semulsp\/#\/schema\/logo\/image\/","url":"https:\/\/www.manaus.am.gov.br\/semulsp\/wp-content\/uploads\/sites\/23\/2023\/05\/cropped-favicon.png","contentUrl":"https:\/\/www.manaus.am.gov.br\/semulsp\/wp-content\/uploads\/sites\/23\/2023\/05\/cropped-favicon.png","width":512,"height":512,"caption":"SEMULSP"},"image":{"@id":"https:\/\/www.manaus.am.gov.br\/semulsp\/#\/schema\/logo\/image\/"},"sameAs":["https:\/\/www.facebook.com\/semulspmanaus","https:\/\/www.instagram.com\/semulspmanaus\/"]},{"@type":"Person","@id":"https:\/\/www.manaus.am.gov.br\/semulsp\/#\/schema\/person\/a5ee5376db6e21af026374b369f30882","name":"Thiago Fernando","image":{"@type":"ImageObject","inLanguage":"pt-BR","@id":"https:\/\/www.manaus.am.gov.br\/semulsp\/#\/schema\/person\/image\/","url":"https:\/\/secure.gravatar.com\/avatar\/f5aab8722444041451501c077052ac07?s=96&d=mm&r=g","contentUrl":"https:\/\/secure.gravatar.com\/avatar\/f5aab8722444041451501c077052ac07?s=96&d=mm&r=g","caption":"Thiago Fernando"}}]}},"_links":{"self":[{"href":"https:\/\/www.manaus.am.gov.br\/semulsp\/wp-json\/wp\/v2\/posts\/2860"}],"collection":[{"href":"https:\/\/www.manaus.am.gov.br\/semulsp\/wp-json\/wp\/v2\/posts"}],"about":[{"href":"https:\/\/www.manaus.am.gov.br\/semulsp\/wp-json\/wp\/v2\/types\/post"}],"author":[{"embeddable":true,"href":"https:\/\/www.manaus.am.gov.br\/semulsp\/wp-json\/wp\/v2\/users\/57"}],"replies":[{"embeddable":true,"href":"https:\/\/www.manaus.am.gov.br\/semulsp\/wp-json\/wp\/v2\/comments?post=2860"}],"version-history":[{"count":0,"href":"https:\/\/www.manaus.am.gov.br\/semulsp\/wp-json\/wp\/v2\/posts\/2860\/revisions"}],"wp:featuredmedia":[{"embeddable":true,"href":"https:\/\/www.manaus.am.gov.br\/semulsp\/wp-json\/wp\/v2\/media\/2861"}],"wp:attachment":[{"href":"https:\/\/www.manaus.am.gov.br\/semulsp\/wp-json\/wp\/v2\/media?parent=2860"}],"wp:term":[{"taxonomy":"category","embeddable":true,"href":"https:\/\/www.manaus.am.gov.br\/semulsp\/wp-json\/wp\/v2\/categories?post=2860"},{"taxonomy":"post_tag","embeddable":true,"href":"https:\/\/www.manaus.am.gov.br\/semulsp\/wp-json\/wp\/v2\/tags?post=2860"}],"curies":[{"name":"wp","href":"https:\/\/api.w.org\/{rel}","templated":true}]}}