{"id":2850,"date":"2026-01-29T13:15:10","date_gmt":"2026-01-29T17:15:10","guid":{"rendered":"https:\/\/www.manaus.am.gov.br\/semulsp\/prefeitura-modernizacao-limpezaurbana\/"},"modified":"2026-01-29T14:03:02","modified_gmt":"2026-01-29T18:03:02","slug":"prefeitura-modernizacao-limpezaurbana","status":"publish","type":"post","link":"https:\/\/www.manaus.am.gov.br\/semulsp\/prefeitura-modernizacao-limpezaurbana\/","title":{"rendered":"Manaus retira mais de 835 mil toneladas de res\u00edduos e moderniza limpeza urbana"},"content":{"rendered":"\n<p>A <a href=\"https:\/\/www.manaus.am.gov.br\">Prefeitura de Manaus<\/a> encerra 2025 com um balan\u00e7o hist\u00f3rico na \u00e1rea de limpeza urbana. Sob as diretrizes da gest\u00e3o David Almeida, a <a href=\"https:\/\/www.instagram.com\/semulspmanaus\/\">Secretaria Municipal de Limpeza Urbana<\/a> (Semulsp) alcan\u00e7ou a marca de 835.378 toneladas de res\u00edduos recolhidos em toda a capital, consolidando uma agenda de reconstru\u00e7\u00e3o ambiental e valoriza\u00e7\u00e3o do espa\u00e7o p\u00fablico.<\/p>\n\n\n\n<p>Do total de res\u00edduos movimentados, 601.038 toneladas foram coletadas em resid\u00eancias, enquanto 234.340 toneladas foram retiradas de ambientes p\u00fablicos e igarap\u00e9s. O resultado reflete o investimento direto em equipes de pronta resposta e na amplia\u00e7\u00e3o da log\u00edstica de zeladoria em todas as zonas da cidade.<\/p>\n\n\n\n<p>\u201cCuidar da limpeza urbana \u00e9, acima de tudo, cuidar da sa\u00fade e da dignidade da nossa popula\u00e7\u00e3o. Em 2025, avan\u00e7amos n\u00e3o apenas na coleta, mas na transforma\u00e7\u00e3o de \u00e1reas degradadas em espa\u00e7os de vida. \u00c9 um compromisso da nossa gest\u00e3o tornar Manaus uma cidade mais verde, limpa e resiliente\u201d, afirma o prefeito em exerc\u00edcio, Renato Junior.<\/p>\n\n\n\n<p><strong>Produtividade<\/strong><\/p>\n\n\n\n<p>Para manter a capital organizada e esteticamente revitalizada, a prefeitura intensificou os servi\u00e7os de manuten\u00e7\u00e3o e conserva\u00e7\u00e3o, alcan\u00e7ando \u00edndices recordes de produtividade em 2025. O esfor\u00e7o operacional das equipes garantiu a varri\u00e7\u00e3o de mais de 340 mil quil\u00f4metros de vias e a capina\u00e7\u00e3o e ro\u00e7agem de outros 15 mil quil\u00f4metros de \u00e1reas verdes e canteiros. Esse trabalho foi complementado por mais de 85 mil horas dedicadas exclusivamente \u00e0 limpeza manual de igarap\u00e9s. O servi\u00e7o de pintura alcan\u00e7ou 32 mil metros quadrados de cal\u00e7adas e logradouros, assegurando a requalifica\u00e7\u00e3o visual de espa\u00e7os p\u00fablicos em todas as zonas de Manaus.<\/p>\n\n\n\n<p><strong>Ecobarreiras<\/strong><\/p>\n\n\n\n<p>Um dos marcos da gest\u00e3o neste ano foi o fortalecimento da prote\u00e7\u00e3o h\u00eddrica. Com a instala\u00e7\u00e3o da 11\u00aa e da 12\u00aa ecobarreiras, Manaus passou a contar com uma rede estrat\u00e9gica de 12 estruturas de conten\u00e7\u00e3o que impedem o avan\u00e7o de pl\u00e1sticos, pneus e outros poluentes em dire\u00e7\u00e3o ao rio Negro.<\/p>\n\n\n\n<p>Ediney Queiroz, presidente da feira da Panair, celebrou a instala\u00e7\u00e3o de uma ecobarreira no igarap\u00e9 do Educandos. A iniciativa atendeu uma reivindica\u00e7\u00e3o dos feirantes e visa impedir que o lixo alcance o rio Negro. \u201cPreservar o rio \u00e9 o nosso maior benef\u00edcio. Somos gratos \u00e0 prefeitura por atender essa solicita\u00e7\u00e3o. Com a ecobarreira, o cen\u00e1rio muda para melhor, e assumimos o compromisso de ajudar a cuidar e preservar esse investimento\u201d, afirmou Queiroz.<\/p>\n\n\n\n<p>Al\u00e9m disso, a gest\u00e3o deu o passo hist\u00f3rico de iniciar a constru\u00e7\u00e3o do primeiro aterro sanit\u00e1rio do Amazonas, superando modelos antigos de descarte e alinhando a capital \u00e0s diretrizes globais de sustentabilidade e sa\u00fade p\u00fablica.<\/p>\n\n\n\n<p><strong>Resgate de espa\u00e7os<\/strong><\/p>\n\n\n\n<p>A prefeitura tamb\u00e9m focou na erradica\u00e7\u00e3o de &#8220;lixeiras viciadas&#8221;, transformando pontos de descarte irregular em novos ambientes de conviv\u00eancia. Projetos emblem\u00e1ticos como a revitaliza\u00e7\u00e3o da lagoa da Compensa, da lagoa do Japiim e a cria\u00e7\u00e3o da pra\u00e7a do Anjo da Esperan\u00e7a simbolizam o resgate da autoestima da popula\u00e7\u00e3o. Paralelamente, a cobertura da coleta foi ampliada para 11 novas comunidades rurais e ribeirinhas, garantindo que os servi\u00e7os essenciais alcancem as \u00e1reas mais remotas do territ\u00f3rio municipal.<\/p>\n\n\n\n<p><strong>Canais de atendimento<\/strong><\/p>\n\n\n\n<p>Para fortalecer a parceria com a sociedade e garantir a efici\u00eancia dos servi\u00e7os, o Disk Semulsp segue como canal direto para solicita\u00e7\u00f5es e den\u00fancias ambientais: Contatos: (92) 98842-1202 \/ 1276 \/ 1277 \/ 4738<\/p>\n\n\n\n<p>&#8212; &#8212; &#8212;<\/p>\n\n\n\n<p><strong>Texto<\/strong> &#8211; Geraldo Farias\/Semcom<\/p>\n\n\n\n<p><strong>Fotos<\/strong> \u2013 Arquivo\/Semcom<\/p>\n","protected":false},"excerpt":{"rendered":"","protected":false},"author":23,"featured_media":2851,"comment_status":"closed","ping_status":"closed","sticky":false,"template":"","format":"standard","meta":{"footnotes":""},"categories":[132],"tags":[990,883,439,481,398,10,19],"acf":[],"yoast_head":"<!-- This site is optimized with the Yoast SEO plugin v23.0 - https:\/\/yoast.com\/wordpress\/plugins\/seo\/ -->\n<title>Manaus retira mais de 835 mil toneladas de res\u00edduos e moderniza limpeza urbana<\/title>\n<meta name=\"description\" content=\"A Prefeitura de Manaus encerra 2025 com um balan\u00e7o hist\u00f3rico na \u00e1rea de limpeza e infraestrutura urbana. Sob as diretrizes da gest\u00e3o David Almeida, a Secretaria Municipal de Limpeza Urbana (Semulsp) alcan\u00e7ou a marca de 835.378 toneladas de res\u00edduos recolhidos em toda a capital, consolidando uma agenda de reconstru\u00e7\u00e3o ambiental e valoriza\u00e7\u00e3o do espa\u00e7o p\u00fablico.\" \/>\n<meta name=\"robots\" content=\"noindex, follow\" \/>\n<meta property=\"og:locale\" content=\"pt_BR\" \/>\n<meta property=\"og:type\" content=\"article\" \/>\n<meta property=\"og:title\" content=\"Manaus retira mais de 835 mil toneladas de res\u00edduos e moderniza limpeza urbana\" \/>\n<meta property=\"og:description\" content=\"A Prefeitura de Manaus encerra 2025 com um balan\u00e7o hist\u00f3rico na \u00e1rea de limpeza e infraestrutura urbana. Sob as diretrizes da gest\u00e3o David Almeida, a Secretaria Municipal de Limpeza Urbana (Semulsp) alcan\u00e7ou a marca de 835.378 toneladas de res\u00edduos recolhidos em toda a capital, consolidando uma agenda de reconstru\u00e7\u00e3o ambiental e valoriza\u00e7\u00e3o do espa\u00e7o p\u00fablico.\" \/>\n<meta property=\"og:url\" content=\"https:\/\/www.manaus.am.gov.br\/semulsp\/prefeitura-modernizacao-limpezaurbana\/\" \/>\n<meta property=\"og:site_name\" content=\"SEMULSP\" \/>\n<meta property=\"article:publisher\" content=\"https:\/\/www.facebook.com\/semulspmanaus\" \/>\n<meta property=\"article:published_time\" content=\"2026-01-29T17:15:10+00:00\" \/>\n<meta property=\"article:modified_time\" content=\"2026-01-29T18:03:02+00:00\" \/>\n<meta property=\"og:image\" content=\"https:\/\/www.manaus.am.gov.br\/semulsp\/wp-content\/uploads\/sites\/23\/2026\/01\/WhatsApp-Image-2026-01-29-at-09.36.30-4.jpeg\" \/>\n\t<meta property=\"og:image:width\" content=\"1600\" \/>\n\t<meta property=\"og:image:height\" content=\"1066\" \/>\n\t<meta property=\"og:image:type\" content=\"image\/jpeg\" \/>\n<meta name=\"author\" content=\"Adriana Costa\" \/>\n<meta name=\"twitter:card\" content=\"summary_large_image\" \/>\n<meta name=\"twitter:label1\" content=\"Written by\" \/>\n\t<meta name=\"twitter:data1\" content=\"Adriana Costa\" \/>\n\t<meta name=\"twitter:label2\" content=\"Est. reading time\" \/>\n\t<meta name=\"twitter:data2\" content=\"4 minutos\" \/>\n<script type=\"application\/ld+json\" class=\"yoast-schema-graph\">{\"@context\":\"https:\/\/schema.org\",\"@graph\":[{\"@type\":\"Article\",\"@id\":\"https:\/\/www.manaus.am.gov.br\/semulsp\/prefeitura-modernizacao-limpezaurbana\/#article\",\"isPartOf\":{\"@id\":\"https:\/\/www.manaus.am.gov.br\/semulsp\/prefeitura-modernizacao-limpezaurbana\/\"},\"author\":{\"name\":\"Adriana Costa\",\"@id\":\"https:\/\/www.manaus.am.gov.br\/semulsp\/#\/schema\/person\/4e49f4e267757a06ca072ec61b2b9968\"},\"headline\":\"Manaus retira mais de 835 mil toneladas de res\u00edduos e moderniza limpeza urbana\",\"datePublished\":\"2026-01-29T17:15:10+00:00\",\"dateModified\":\"2026-01-29T18:03:02+00:00\",\"mainEntityOfPage\":{\"@id\":\"https:\/\/www.manaus.am.gov.br\/semulsp\/prefeitura-modernizacao-limpezaurbana\/\"},\"wordCount\":601,\"publisher\":{\"@id\":\"https:\/\/www.manaus.am.gov.br\/semulsp\/#organization\"},\"image\":{\"@id\":\"https:\/\/www.manaus.am.gov.br\/semulsp\/prefeitura-modernizacao-limpezaurbana\/#primaryimage\"},\"thumbnailUrl\":\"https:\/\/www.manaus.am.gov.br\/semulsp\/wp-content\/uploads\/sites\/23\/2026\/01\/WhatsApp-Image-2026-01-29-at-09.36.30-4.jpeg\",\"keywords\":[\"2025\",\"balan\u00e7o\",\"ecobarreiras\",\"igarap\u00e9s\",\"limpeza urbana\",\"prefeitura de manaus\",\"semulsp\"],\"articleSection\":[\"Preserva\u00e7\u00e3o\"],\"inLanguage\":\"pt-BR\"},{\"@type\":\"WebPage\",\"@id\":\"https:\/\/www.manaus.am.gov.br\/semulsp\/prefeitura-modernizacao-limpezaurbana\/\",\"url\":\"https:\/\/www.manaus.am.gov.br\/semulsp\/prefeitura-modernizacao-limpezaurbana\/\",\"name\":\"Manaus retira mais de 835 mil toneladas de res\u00edduos e moderniza limpeza urbana\",\"isPartOf\":{\"@id\":\"https:\/\/www.manaus.am.gov.br\/semulsp\/#website\"},\"primaryImageOfPage\":{\"@id\":\"https:\/\/www.manaus.am.gov.br\/semulsp\/prefeitura-modernizacao-limpezaurbana\/#primaryimage\"},\"image\":{\"@id\":\"https:\/\/www.manaus.am.gov.br\/semulsp\/prefeitura-modernizacao-limpezaurbana\/#primaryimage\"},\"thumbnailUrl\":\"https:\/\/www.manaus.am.gov.br\/semulsp\/wp-content\/uploads\/sites\/23\/2026\/01\/WhatsApp-Image-2026-01-29-at-09.36.30-4.jpeg\",\"datePublished\":\"2026-01-29T17:15:10+00:00\",\"dateModified\":\"2026-01-29T18:03:02+00:00\",\"description\":\"A Prefeitura de Manaus encerra 2025 com um balan\u00e7o hist\u00f3rico na \u00e1rea de limpeza e infraestrutura urbana. Sob as diretrizes da gest\u00e3o David Almeida, a Secretaria Municipal de Limpeza Urbana (Semulsp) alcan\u00e7ou a marca de 835.378 toneladas de res\u00edduos recolhidos em toda a capital, consolidando uma agenda de reconstru\u00e7\u00e3o ambiental e valoriza\u00e7\u00e3o do espa\u00e7o p\u00fablico.\",\"breadcrumb\":{\"@id\":\"https:\/\/www.manaus.am.gov.br\/semulsp\/prefeitura-modernizacao-limpezaurbana\/#breadcrumb\"},\"inLanguage\":\"pt-BR\",\"potentialAction\":[{\"@type\":\"ReadAction\",\"target\":[\"https:\/\/www.manaus.am.gov.br\/semulsp\/prefeitura-modernizacao-limpezaurbana\/\"]}]},{\"@type\":\"ImageObject\",\"inLanguage\":\"pt-BR\",\"@id\":\"https:\/\/www.manaus.am.gov.br\/semulsp\/prefeitura-modernizacao-limpezaurbana\/#primaryimage\",\"url\":\"https:\/\/www.manaus.am.gov.br\/semulsp\/wp-content\/uploads\/sites\/23\/2026\/01\/WhatsApp-Image-2026-01-29-at-09.36.30-4.jpeg\",\"contentUrl\":\"https:\/\/www.manaus.am.gov.br\/semulsp\/wp-content\/uploads\/sites\/23\/2026\/01\/WhatsApp-Image-2026-01-29-at-09.36.30-4.jpeg\",\"width\":1600,\"height\":1066,\"caption\":\"#paratodosverem - Trabalhadores da limpeza urbana recolhem res\u00edduos retidos em ecobarreira instalada em igarap\u00e9 de Manaus\"},{\"@type\":\"BreadcrumbList\",\"@id\":\"https:\/\/www.manaus.am.gov.br\/semulsp\/prefeitura-modernizacao-limpezaurbana\/#breadcrumb\",\"itemListElement\":[{\"@type\":\"ListItem\",\"position\":1,\"name\":\"Home\",\"item\":\"https:\/\/www.manaus.am.gov.br\/semulsp\/\"},{\"@type\":\"ListItem\",\"position\":2,\"name\":\"Manaus retira mais de 835 mil toneladas de res\u00edduos e moderniza limpeza urbana\"}]},{\"@type\":\"WebSite\",\"@id\":\"https:\/\/www.manaus.am.gov.br\/semulsp\/#website\",\"url\":\"https:\/\/www.manaus.am.gov.br\/semulsp\/\",\"name\":\"SEMULSP\",\"description\":\"Prefeitura de Manaus\",\"publisher\":{\"@id\":\"https:\/\/www.manaus.am.gov.br\/semulsp\/#organization\"},\"alternateName\":\"Secretaria Municipal de Limpeza P\u00fablica\",\"potentialAction\":[{\"@type\":\"SearchAction\",\"target\":{\"@type\":\"EntryPoint\",\"urlTemplate\":\"https:\/\/www.manaus.am.gov.br\/semulsp\/?s={search_term_string}\"},\"query-input\":\"required name=search_term_string\"}],\"inLanguage\":\"pt-BR\"},{\"@type\":\"Organization\",\"@id\":\"https:\/\/www.manaus.am.gov.br\/semulsp\/#organization\",\"name\":\"SEMULSP\",\"alternateName\":\"Secretaria Municipal de Limpeza P\u00fablica\",\"url\":\"https:\/\/www.manaus.am.gov.br\/semulsp\/\",\"logo\":{\"@type\":\"ImageObject\",\"inLanguage\":\"pt-BR\",\"@id\":\"https:\/\/www.manaus.am.gov.br\/semulsp\/#\/schema\/logo\/image\/\",\"url\":\"https:\/\/www.manaus.am.gov.br\/semulsp\/wp-content\/uploads\/sites\/23\/2023\/05\/cropped-favicon.png\",\"contentUrl\":\"https:\/\/www.manaus.am.gov.br\/semulsp\/wp-content\/uploads\/sites\/23\/2023\/05\/cropped-favicon.png\",\"width\":512,\"height\":512,\"caption\":\"SEMULSP\"},\"image\":{\"@id\":\"https:\/\/www.manaus.am.gov.br\/semulsp\/#\/schema\/logo\/image\/\"},\"sameAs\":[\"https:\/\/www.facebook.com\/semulspmanaus\",\"https:\/\/www.instagram.com\/semulspmanaus\/\"]},{\"@type\":\"Person\",\"@id\":\"https:\/\/www.manaus.am.gov.br\/semulsp\/#\/schema\/person\/4e49f4e267757a06ca072ec61b2b9968\",\"name\":\"Adriana Costa\",\"image\":{\"@type\":\"ImageObject\",\"inLanguage\":\"pt-BR\",\"@id\":\"https:\/\/www.manaus.am.gov.br\/semulsp\/#\/schema\/person\/image\/\",\"url\":\"https:\/\/secure.gravatar.com\/avatar\/576258617ef7194f718179e766d57bd4?s=96&d=mm&r=g\",\"contentUrl\":\"https:\/\/secure.gravatar.com\/avatar\/576258617ef7194f718179e766d57bd4?s=96&d=mm&r=g\",\"caption\":\"Adriana Costa\"}}]}<\/script>\n<!-- \/ Yoast SEO plugin. -->","yoast_head_json":{"title":"Manaus retira mais de 835 mil toneladas de res\u00edduos e moderniza limpeza urbana","description":"A Prefeitura de Manaus encerra 2025 com um balan\u00e7o hist\u00f3rico na \u00e1rea de limpeza e infraestrutura urbana. Sob as diretrizes da gest\u00e3o David Almeida, a Secretaria Municipal de Limpeza Urbana (Semulsp) alcan\u00e7ou a marca de 835.378 toneladas de res\u00edduos recolhidos em toda a capital, consolidando uma agenda de reconstru\u00e7\u00e3o ambiental e valoriza\u00e7\u00e3o do espa\u00e7o p\u00fablico.","robots":{"index":"noindex","follow":"follow"},"og_locale":"pt_BR","og_type":"article","og_title":"Manaus retira mais de 835 mil toneladas de res\u00edduos e moderniza limpeza urbana","og_description":"A Prefeitura de Manaus encerra 2025 com um balan\u00e7o hist\u00f3rico na \u00e1rea de limpeza e infraestrutura urbana. Sob as diretrizes da gest\u00e3o David Almeida, a Secretaria Municipal de Limpeza Urbana (Semulsp) alcan\u00e7ou a marca de 835.378 toneladas de res\u00edduos recolhidos em toda a capital, consolidando uma agenda de reconstru\u00e7\u00e3o ambiental e valoriza\u00e7\u00e3o do espa\u00e7o p\u00fablico.","og_url":"https:\/\/www.manaus.am.gov.br\/semulsp\/prefeitura-modernizacao-limpezaurbana\/","og_site_name":"SEMULSP","article_publisher":"https:\/\/www.facebook.com\/semulspmanaus","article_published_time":"2026-01-29T17:15:10+00:00","article_modified_time":"2026-01-29T18:03:02+00:00","og_image":[{"width":1600,"height":1066,"url":"https:\/\/www.manaus.am.gov.br\/semulsp\/wp-content\/uploads\/sites\/23\/2026\/01\/WhatsApp-Image-2026-01-29-at-09.36.30-4.jpeg","type":"image\/jpeg"}],"author":"Adriana Costa","twitter_card":"summary_large_image","twitter_misc":{"Written by":"Adriana Costa","Est. reading time":"4 minutos"},"schema":{"@context":"https:\/\/schema.org","@graph":[{"@type":"Article","@id":"https:\/\/www.manaus.am.gov.br\/semulsp\/prefeitura-modernizacao-limpezaurbana\/#article","isPartOf":{"@id":"https:\/\/www.manaus.am.gov.br\/semulsp\/prefeitura-modernizacao-limpezaurbana\/"},"author":{"name":"Adriana Costa","@id":"https:\/\/www.manaus.am.gov.br\/semulsp\/#\/schema\/person\/4e49f4e267757a06ca072ec61b2b9968"},"headline":"Manaus retira mais de 835 mil toneladas de res\u00edduos e moderniza limpeza urbana","datePublished":"2026-01-29T17:15:10+00:00","dateModified":"2026-01-29T18:03:02+00:00","mainEntityOfPage":{"@id":"https:\/\/www.manaus.am.gov.br\/semulsp\/prefeitura-modernizacao-limpezaurbana\/"},"wordCount":601,"publisher":{"@id":"https:\/\/www.manaus.am.gov.br\/semulsp\/#organization"},"image":{"@id":"https:\/\/www.manaus.am.gov.br\/semulsp\/prefeitura-modernizacao-limpezaurbana\/#primaryimage"},"thumbnailUrl":"https:\/\/www.manaus.am.gov.br\/semulsp\/wp-content\/uploads\/sites\/23\/2026\/01\/WhatsApp-Image-2026-01-29-at-09.36.30-4.jpeg","keywords":["2025","balan\u00e7o","ecobarreiras","igarap\u00e9s","limpeza urbana","prefeitura de manaus","semulsp"],"articleSection":["Preserva\u00e7\u00e3o"],"inLanguage":"pt-BR"},{"@type":"WebPage","@id":"https:\/\/www.manaus.am.gov.br\/semulsp\/prefeitura-modernizacao-limpezaurbana\/","url":"https:\/\/www.manaus.am.gov.br\/semulsp\/prefeitura-modernizacao-limpezaurbana\/","name":"Manaus retira mais de 835 mil toneladas de res\u00edduos e moderniza limpeza urbana","isPartOf":{"@id":"https:\/\/www.manaus.am.gov.br\/semulsp\/#website"},"primaryImageOfPage":{"@id":"https:\/\/www.manaus.am.gov.br\/semulsp\/prefeitura-modernizacao-limpezaurbana\/#primaryimage"},"image":{"@id":"https:\/\/www.manaus.am.gov.br\/semulsp\/prefeitura-modernizacao-limpezaurbana\/#primaryimage"},"thumbnailUrl":"https:\/\/www.manaus.am.gov.br\/semulsp\/wp-content\/uploads\/sites\/23\/2026\/01\/WhatsApp-Image-2026-01-29-at-09.36.30-4.jpeg","datePublished":"2026-01-29T17:15:10+00:00","dateModified":"2026-01-29T18:03:02+00:00","description":"A Prefeitura de Manaus encerra 2025 com um balan\u00e7o hist\u00f3rico na \u00e1rea de limpeza e infraestrutura urbana. Sob as diretrizes da gest\u00e3o David Almeida, a Secretaria Municipal de Limpeza Urbana (Semulsp) alcan\u00e7ou a marca de 835.378 toneladas de res\u00edduos recolhidos em toda a capital, consolidando uma agenda de reconstru\u00e7\u00e3o ambiental e valoriza\u00e7\u00e3o do espa\u00e7o p\u00fablico.","breadcrumb":{"@id":"https:\/\/www.manaus.am.gov.br\/semulsp\/prefeitura-modernizacao-limpezaurbana\/#breadcrumb"},"inLanguage":"pt-BR","potentialAction":[{"@type":"ReadAction","target":["https:\/\/www.manaus.am.gov.br\/semulsp\/prefeitura-modernizacao-limpezaurbana\/"]}]},{"@type":"ImageObject","inLanguage":"pt-BR","@id":"https:\/\/www.manaus.am.gov.br\/semulsp\/prefeitura-modernizacao-limpezaurbana\/#primaryimage","url":"https:\/\/www.manaus.am.gov.br\/semulsp\/wp-content\/uploads\/sites\/23\/2026\/01\/WhatsApp-Image-2026-01-29-at-09.36.30-4.jpeg","contentUrl":"https:\/\/www.manaus.am.gov.br\/semulsp\/wp-content\/uploads\/sites\/23\/2026\/01\/WhatsApp-Image-2026-01-29-at-09.36.30-4.jpeg","width":1600,"height":1066,"caption":"#paratodosverem - Trabalhadores da limpeza urbana recolhem res\u00edduos retidos em ecobarreira instalada em igarap\u00e9 de Manaus"},{"@type":"BreadcrumbList","@id":"https:\/\/www.manaus.am.gov.br\/semulsp\/prefeitura-modernizacao-limpezaurbana\/#breadcrumb","itemListElement":[{"@type":"ListItem","position":1,"name":"Home","item":"https:\/\/www.manaus.am.gov.br\/semulsp\/"},{"@type":"ListItem","position":2,"name":"Manaus retira mais de 835 mil toneladas de res\u00edduos e moderniza limpeza urbana"}]},{"@type":"WebSite","@id":"https:\/\/www.manaus.am.gov.br\/semulsp\/#website","url":"https:\/\/www.manaus.am.gov.br\/semulsp\/","name":"SEMULSP","description":"Prefeitura de Manaus","publisher":{"@id":"https:\/\/www.manaus.am.gov.br\/semulsp\/#organization"},"alternateName":"Secretaria Municipal de Limpeza P\u00fablica","potentialAction":[{"@type":"SearchAction","target":{"@type":"EntryPoint","urlTemplate":"https:\/\/www.manaus.am.gov.br\/semulsp\/?s={search_term_string}"},"query-input":"required name=search_term_string"}],"inLanguage":"pt-BR"},{"@type":"Organization","@id":"https:\/\/www.manaus.am.gov.br\/semulsp\/#organization","name":"SEMULSP","alternateName":"Secretaria Municipal de Limpeza P\u00fablica","url":"https:\/\/www.manaus.am.gov.br\/semulsp\/","logo":{"@type":"ImageObject","inLanguage":"pt-BR","@id":"https:\/\/www.manaus.am.gov.br\/semulsp\/#\/schema\/logo\/image\/","url":"https:\/\/www.manaus.am.gov.br\/semulsp\/wp-content\/uploads\/sites\/23\/2023\/05\/cropped-favicon.png","contentUrl":"https:\/\/www.manaus.am.gov.br\/semulsp\/wp-content\/uploads\/sites\/23\/2023\/05\/cropped-favicon.png","width":512,"height":512,"caption":"SEMULSP"},"image":{"@id":"https:\/\/www.manaus.am.gov.br\/semulsp\/#\/schema\/logo\/image\/"},"sameAs":["https:\/\/www.facebook.com\/semulspmanaus","https:\/\/www.instagram.com\/semulspmanaus\/"]},{"@type":"Person","@id":"https:\/\/www.manaus.am.gov.br\/semulsp\/#\/schema\/person\/4e49f4e267757a06ca072ec61b2b9968","name":"Adriana Costa","image":{"@type":"ImageObject","inLanguage":"pt-BR","@id":"https:\/\/www.manaus.am.gov.br\/semulsp\/#\/schema\/person\/image\/","url":"https:\/\/secure.gravatar.com\/avatar\/576258617ef7194f718179e766d57bd4?s=96&d=mm&r=g","contentUrl":"https:\/\/secure.gravatar.com\/avatar\/576258617ef7194f718179e766d57bd4?s=96&d=mm&r=g","caption":"Adriana Costa"}}]}},"_links":{"self":[{"href":"https:\/\/www.manaus.am.gov.br\/semulsp\/wp-json\/wp\/v2\/posts\/2850"}],"collection":[{"href":"https:\/\/www.manaus.am.gov.br\/semulsp\/wp-json\/wp\/v2\/posts"}],"about":[{"href":"https:\/\/www.manaus.am.gov.br\/semulsp\/wp-json\/wp\/v2\/types\/post"}],"author":[{"embeddable":true,"href":"https:\/\/www.manaus.am.gov.br\/semulsp\/wp-json\/wp\/v2\/users\/23"}],"replies":[{"embeddable":true,"href":"https:\/\/www.manaus.am.gov.br\/semulsp\/wp-json\/wp\/v2\/comments?post=2850"}],"version-history":[{"count":2,"href":"https:\/\/www.manaus.am.gov.br\/semulsp\/wp-json\/wp\/v2\/posts\/2850\/revisions"}],"predecessor-version":[{"id":2853,"href":"https:\/\/www.manaus.am.gov.br\/semulsp\/wp-json\/wp\/v2\/posts\/2850\/revisions\/2853"}],"wp:featuredmedia":[{"embeddable":true,"href":"https:\/\/www.manaus.am.gov.br\/semulsp\/wp-json\/wp\/v2\/media\/2851"}],"wp:attachment":[{"href":"https:\/\/www.manaus.am.gov.br\/semulsp\/wp-json\/wp\/v2\/media?parent=2850"}],"wp:term":[{"taxonomy":"category","embeddable":true,"href":"https:\/\/www.manaus.am.gov.br\/semulsp\/wp-json\/wp\/v2\/categories?post=2850"},{"taxonomy":"post_tag","embeddable":true,"href":"https:\/\/www.manaus.am.gov.br\/semulsp\/wp-json\/wp\/v2\/tags?post=2850"}],"curies":[{"name":"wp","href":"https:\/\/api.w.org\/{rel}","templated":true}]}}