{"id":2838,"date":"2026-01-25T19:59:04","date_gmt":"2026-01-25T23:59:04","guid":{"rendered":"https:\/\/www.manaus.am.gov.br\/semulsp\/prefeitura-limpeza-praiadapontabranca\/"},"modified":"2026-01-26T10:31:29","modified_gmt":"2026-01-26T14:31:29","slug":"prefeitura-limpeza-praiadapontabranca","status":"publish","type":"post","link":"https:\/\/www.manaus.am.gov.br\/semulsp\/prefeitura-limpeza-praiadapontabranca\/","title":{"rendered":"Prefeitura de Manaus revitaliza praia da Ponta Branca e devolve a \u00e1rea para lazer dos moradores de Educandos"},"content":{"rendered":"\n<p>A for\u00e7a-tarefa da <a href=\"https:\/\/www.instagram.com\/prefeiturademanaus\/\">Prefeitura de Manaus<\/a>, em parceria com a Marinha do Brasil, para revitalizar a praia da Ponta Branca, no bairro Educandos, apresenta resultados positivos celebrados pela popula\u00e7\u00e3o. Ap\u00f3s semanas de trabalho intenso, o local voltou a ser frequentado por moradores para pr\u00e1ticas esportivas e de lazer, devolvendo \u00e0 comunidade um de seus cart\u00f5es-postais mais tradicionais da zona Sul da cidade.<\/p>\n\n\n\n<p>Neste domingo, 25\/1, o titular da <a href=\"https:\/\/www.manaus.am.gov.br\/\">Secretaria Municipal de Limpeza Urbana (Semulsp)<\/a>, Sab\u00e1 Reis, acompanhou de perto a conclus\u00e3o dos trabalhos, que inclu\u00edram a retirada de res\u00edduos e a remo\u00e7\u00e3o de embarca\u00e7\u00f5es que obstru\u00edam a orla.<\/p>\n\n\n\n<p>&#8220;\u00c9 um resgate hist\u00f3rico para o Educandos e para a nossa cidade. Ver a praia limpa e as pessoas voltando a ocupar este espa\u00e7o com alegria \u00e9 o que nos motiva. Tudo o que vejo em meu redor hoje \u00e9 fruto de um compromisso da gest\u00e3o com o bem-estar da nossa gente&#8221;, destacou o secret\u00e1rio.<\/p>\n\n\n\n<p>Mem\u00f3ria e reencontro<\/p>\n\n\n\n<p>A revitaliza\u00e7\u00e3o despertou sentimentos de nostalgia e pertencimento em quem vive no bairro h\u00e1 d\u00e9cadas. Para o industri\u00e1rio Jos\u00e9 Nunes, a a\u00e7\u00e3o da prefeitura permitiu um reencontro com o passado e a cria\u00e7\u00e3o de novas mem\u00f3rias com a fam\u00edlia.<\/p>\n\n\n\n<p>&#8220;Frequentei muito esta praia quando era mais novo e confesso que sentia falta deste espa\u00e7o. \u00c9 muito bom ver tudo restaurado, limpo e seguro. Hoje, poder voltar aqui com a minha esposa e meus filhos e desfrutar desta vista maravilhosa n\u00e3o tem pre\u00e7o&#8221;, afirmou o industri\u00e1rio.<\/p>\n\n\n\n<p>O m\u00fasico Renato Freitas e o radialista Erasmo Amazonas tamb\u00e9m refor\u00e7aram o convite para que a popula\u00e7\u00e3o manauara volte a prestigiar a Ponta Branca, ressaltando a import\u00e2ncia do esfor\u00e7o conjunto para a manuten\u00e7\u00e3o da limpeza no local.<\/p>\n\n\n\n<p>Esporte e Tradi\u00e7\u00e3o<\/p>\n\n\n\n<p>A interven\u00e7\u00e3o tamb\u00e9m garantiu a viabilidade de eventos tradicionais, como o &#8220;Torneio do Vinho&#8221;. O secret\u00e1rio municipal de Juventude, Esporte e Lazer (Semjel), Joel Silva, enfatizou que a \u00e1rea, agora, est\u00e1 totalmente adequada para o calend\u00e1rio esportivo da capital. &#8220;Onde antes havia lixo, agora \u00e9 um campo de oportunidades para o esporte no bairro Educandos&#8221;, concluiu.<\/p>\n\n\n\n<p>A for\u00e7a-tarefa da Prefeitura de Manaus segue com monitoramento na \u00e1rea para garantir que a orla permane\u00e7a preservada e livre de descartes irregulares.<\/p>\n\n\n\n<p>&#8212; &#8212; &#8212;<\/p>\n\n\n\n<p><strong>Texto<\/strong> &#8211; Geraldo Farias \/ Semcom<\/p>\n\n\n\n<p><strong>Fotos<\/strong> \u2013 Jo\u00e3o Viana\/Semcom<\/p>\n\n\n\n<p><strong>Dispon\u00edveis em<\/strong> &#8211; <a href=\"https:\/\/flic.kr\/s\/aHBqjCHwsj\">https:\/\/flic.kr\/s\/aHBqjCHwsj<\/a><\/p>\n","protected":false},"excerpt":{"rendered":"","protected":false},"author":23,"featured_media":2839,"comment_status":"closed","ping_status":"closed","sticky":false,"template":"","format":"standard","meta":{"footnotes":""},"categories":[38],"tags":[988,644,989,10,139,19],"acf":[],"yoast_head":"<!-- This site is optimized with the Yoast SEO plugin v23.0 - https:\/\/yoast.com\/wordpress\/plugins\/seo\/ -->\n<title>Prefeitura de Manaus revitaliza praia da Ponta Branca e devolve a \u00e1rea para lazer dos moradores de Educandos<\/title>\n<meta name=\"description\" content=\"A for\u00e7a-tarefa da Prefeitura de Manaus, em parceria com a Marinha do Brasil, para revitalizar a praia da Ponta Branca, no bairro Educandos, apresenta resultados positivos celebrados pela popula\u00e7\u00e3o.\" \/>\n<meta name=\"robots\" content=\"noindex, follow\" \/>\n<meta property=\"og:locale\" content=\"pt_BR\" \/>\n<meta property=\"og:type\" content=\"article\" \/>\n<meta property=\"og:title\" content=\"Prefeitura de Manaus revitaliza praia da Ponta Branca e devolve a \u00e1rea para lazer dos moradores de Educandos\" \/>\n<meta property=\"og:description\" content=\"A for\u00e7a-tarefa da Prefeitura de Manaus, em parceria com a Marinha do Brasil, para revitalizar a praia da Ponta Branca, no bairro Educandos, apresenta resultados positivos celebrados pela popula\u00e7\u00e3o.\" \/>\n<meta property=\"og:url\" content=\"https:\/\/www.manaus.am.gov.br\/semulsp\/prefeitura-limpeza-praiadapontabranca\/\" \/>\n<meta property=\"og:site_name\" content=\"SEMULSP\" \/>\n<meta property=\"article:publisher\" content=\"https:\/\/www.facebook.com\/semulspmanaus\" \/>\n<meta property=\"article:published_time\" content=\"2026-01-25T23:59:04+00:00\" \/>\n<meta property=\"article:modified_time\" content=\"2026-01-26T14:31:29+00:00\" \/>\n<meta property=\"og:image\" content=\"https:\/\/www.manaus.am.gov.br\/semulsp\/wp-content\/uploads\/sites\/23\/2026\/01\/55059210797_38af25f215_c.jpg\" \/>\n\t<meta property=\"og:image:width\" content=\"800\" \/>\n\t<meta property=\"og:image:height\" content=\"450\" \/>\n\t<meta property=\"og:image:type\" content=\"image\/jpeg\" \/>\n<meta name=\"author\" content=\"Adriana Costa\" \/>\n<meta name=\"twitter:card\" content=\"summary_large_image\" \/>\n<meta name=\"twitter:label1\" content=\"Written by\" \/>\n\t<meta name=\"twitter:data1\" content=\"Adriana Costa\" \/>\n\t<meta name=\"twitter:label2\" content=\"Est. reading time\" \/>\n\t<meta name=\"twitter:data2\" content=\"3 minutos\" \/>\n<script type=\"application\/ld+json\" class=\"yoast-schema-graph\">{\"@context\":\"https:\/\/schema.org\",\"@graph\":[{\"@type\":\"Article\",\"@id\":\"https:\/\/www.manaus.am.gov.br\/semulsp\/prefeitura-limpeza-praiadapontabranca\/#article\",\"isPartOf\":{\"@id\":\"https:\/\/www.manaus.am.gov.br\/semulsp\/prefeitura-limpeza-praiadapontabranca\/\"},\"author\":{\"name\":\"Adriana Costa\",\"@id\":\"https:\/\/www.manaus.am.gov.br\/semulsp\/#\/schema\/person\/4e49f4e267757a06ca072ec61b2b9968\"},\"headline\":\"Prefeitura de Manaus revitaliza praia da Ponta Branca e devolve a \u00e1rea para lazer dos moradores de Educandos\",\"datePublished\":\"2026-01-25T23:59:04+00:00\",\"dateModified\":\"2026-01-26T14:31:29+00:00\",\"mainEntityOfPage\":{\"@id\":\"https:\/\/www.manaus.am.gov.br\/semulsp\/prefeitura-limpeza-praiadapontabranca\/\"},\"wordCount\":434,\"publisher\":{\"@id\":\"https:\/\/www.manaus.am.gov.br\/semulsp\/#organization\"},\"image\":{\"@id\":\"https:\/\/www.manaus.am.gov.br\/semulsp\/prefeitura-limpeza-praiadapontabranca\/#primaryimage\"},\"thumbnailUrl\":\"https:\/\/www.manaus.am.gov.br\/semulsp\/wp-content\/uploads\/sites\/23\/2026\/01\/55059210797_38af25f215_c.jpg\",\"keywords\":[\"educandos\",\"lazer\",\"praia da Ponta Branca\",\"prefeitura de manaus\",\"revitaliza\u00e7\u00e3o\",\"semulsp\"],\"articleSection\":[\"Limpeza\"],\"inLanguage\":\"pt-BR\"},{\"@type\":\"WebPage\",\"@id\":\"https:\/\/www.manaus.am.gov.br\/semulsp\/prefeitura-limpeza-praiadapontabranca\/\",\"url\":\"https:\/\/www.manaus.am.gov.br\/semulsp\/prefeitura-limpeza-praiadapontabranca\/\",\"name\":\"Prefeitura de Manaus revitaliza praia da Ponta Branca e devolve a \u00e1rea para lazer dos moradores de Educandos\",\"isPartOf\":{\"@id\":\"https:\/\/www.manaus.am.gov.br\/semulsp\/#website\"},\"primaryImageOfPage\":{\"@id\":\"https:\/\/www.manaus.am.gov.br\/semulsp\/prefeitura-limpeza-praiadapontabranca\/#primaryimage\"},\"image\":{\"@id\":\"https:\/\/www.manaus.am.gov.br\/semulsp\/prefeitura-limpeza-praiadapontabranca\/#primaryimage\"},\"thumbnailUrl\":\"https:\/\/www.manaus.am.gov.br\/semulsp\/wp-content\/uploads\/sites\/23\/2026\/01\/55059210797_38af25f215_c.jpg\",\"datePublished\":\"2026-01-25T23:59:04+00:00\",\"dateModified\":\"2026-01-26T14:31:29+00:00\",\"description\":\"A for\u00e7a-tarefa da Prefeitura de Manaus, em parceria com a Marinha do Brasil, para revitalizar a praia da Ponta Branca, no bairro Educandos, apresenta resultados positivos celebrados pela popula\u00e7\u00e3o.\",\"breadcrumb\":{\"@id\":\"https:\/\/www.manaus.am.gov.br\/semulsp\/prefeitura-limpeza-praiadapontabranca\/#breadcrumb\"},\"inLanguage\":\"pt-BR\",\"potentialAction\":[{\"@type\":\"ReadAction\",\"target\":[\"https:\/\/www.manaus.am.gov.br\/semulsp\/prefeitura-limpeza-praiadapontabranca\/\"]}]},{\"@type\":\"ImageObject\",\"inLanguage\":\"pt-BR\",\"@id\":\"https:\/\/www.manaus.am.gov.br\/semulsp\/prefeitura-limpeza-praiadapontabranca\/#primaryimage\",\"url\":\"https:\/\/www.manaus.am.gov.br\/semulsp\/wp-content\/uploads\/sites\/23\/2026\/01\/55059210797_38af25f215_c.jpg\",\"contentUrl\":\"https:\/\/www.manaus.am.gov.br\/semulsp\/wp-content\/uploads\/sites\/23\/2026\/01\/55059210797_38af25f215_c.jpg\",\"width\":800,\"height\":450,\"caption\":\"#paratodosverem - Vista a\u00e9rea da praia da Ponta Branca, no bairro Educandos, que ap\u00f3s revitalizada pela prefeitura, voltou a ser frequentada pelos moradores da \u00e1rea para lazer e pr\u00e1tica esportiva\"},{\"@type\":\"BreadcrumbList\",\"@id\":\"https:\/\/www.manaus.am.gov.br\/semulsp\/prefeitura-limpeza-praiadapontabranca\/#breadcrumb\",\"itemListElement\":[{\"@type\":\"ListItem\",\"position\":1,\"name\":\"Home\",\"item\":\"https:\/\/www.manaus.am.gov.br\/semulsp\/\"},{\"@type\":\"ListItem\",\"position\":2,\"name\":\"Prefeitura de Manaus revitaliza praia da Ponta Branca e devolve a \u00e1rea para lazer dos moradores de Educandos\"}]},{\"@type\":\"WebSite\",\"@id\":\"https:\/\/www.manaus.am.gov.br\/semulsp\/#website\",\"url\":\"https:\/\/www.manaus.am.gov.br\/semulsp\/\",\"name\":\"SEMULSP\",\"description\":\"Prefeitura de Manaus\",\"publisher\":{\"@id\":\"https:\/\/www.manaus.am.gov.br\/semulsp\/#organization\"},\"alternateName\":\"Secretaria Municipal de Limpeza P\u00fablica\",\"potentialAction\":[{\"@type\":\"SearchAction\",\"target\":{\"@type\":\"EntryPoint\",\"urlTemplate\":\"https:\/\/www.manaus.am.gov.br\/semulsp\/?s={search_term_string}\"},\"query-input\":\"required name=search_term_string\"}],\"inLanguage\":\"pt-BR\"},{\"@type\":\"Organization\",\"@id\":\"https:\/\/www.manaus.am.gov.br\/semulsp\/#organization\",\"name\":\"SEMULSP\",\"alternateName\":\"Secretaria Municipal de Limpeza P\u00fablica\",\"url\":\"https:\/\/www.manaus.am.gov.br\/semulsp\/\",\"logo\":{\"@type\":\"ImageObject\",\"inLanguage\":\"pt-BR\",\"@id\":\"https:\/\/www.manaus.am.gov.br\/semulsp\/#\/schema\/logo\/image\/\",\"url\":\"https:\/\/www.manaus.am.gov.br\/semulsp\/wp-content\/uploads\/sites\/23\/2023\/05\/cropped-favicon.png\",\"contentUrl\":\"https:\/\/www.manaus.am.gov.br\/semulsp\/wp-content\/uploads\/sites\/23\/2023\/05\/cropped-favicon.png\",\"width\":512,\"height\":512,\"caption\":\"SEMULSP\"},\"image\":{\"@id\":\"https:\/\/www.manaus.am.gov.br\/semulsp\/#\/schema\/logo\/image\/\"},\"sameAs\":[\"https:\/\/www.facebook.com\/semulspmanaus\",\"https:\/\/www.instagram.com\/semulspmanaus\/\"]},{\"@type\":\"Person\",\"@id\":\"https:\/\/www.manaus.am.gov.br\/semulsp\/#\/schema\/person\/4e49f4e267757a06ca072ec61b2b9968\",\"name\":\"Adriana Costa\",\"image\":{\"@type\":\"ImageObject\",\"inLanguage\":\"pt-BR\",\"@id\":\"https:\/\/www.manaus.am.gov.br\/semulsp\/#\/schema\/person\/image\/\",\"url\":\"https:\/\/secure.gravatar.com\/avatar\/576258617ef7194f718179e766d57bd4?s=96&d=mm&r=g\",\"contentUrl\":\"https:\/\/secure.gravatar.com\/avatar\/576258617ef7194f718179e766d57bd4?s=96&d=mm&r=g\",\"caption\":\"Adriana Costa\"}}]}<\/script>\n<!-- \/ Yoast SEO plugin. -->","yoast_head_json":{"title":"Prefeitura de Manaus revitaliza praia da Ponta Branca e devolve a \u00e1rea para lazer dos moradores de Educandos","description":"A for\u00e7a-tarefa da Prefeitura de Manaus, em parceria com a Marinha do Brasil, para revitalizar a praia da Ponta Branca, no bairro Educandos, apresenta resultados positivos celebrados pela popula\u00e7\u00e3o.","robots":{"index":"noindex","follow":"follow"},"og_locale":"pt_BR","og_type":"article","og_title":"Prefeitura de Manaus revitaliza praia da Ponta Branca e devolve a \u00e1rea para lazer dos moradores de Educandos","og_description":"A for\u00e7a-tarefa da Prefeitura de Manaus, em parceria com a Marinha do Brasil, para revitalizar a praia da Ponta Branca, no bairro Educandos, apresenta resultados positivos celebrados pela popula\u00e7\u00e3o.","og_url":"https:\/\/www.manaus.am.gov.br\/semulsp\/prefeitura-limpeza-praiadapontabranca\/","og_site_name":"SEMULSP","article_publisher":"https:\/\/www.facebook.com\/semulspmanaus","article_published_time":"2026-01-25T23:59:04+00:00","article_modified_time":"2026-01-26T14:31:29+00:00","og_image":[{"width":800,"height":450,"url":"https:\/\/www.manaus.am.gov.br\/semulsp\/wp-content\/uploads\/sites\/23\/2026\/01\/55059210797_38af25f215_c.jpg","type":"image\/jpeg"}],"author":"Adriana Costa","twitter_card":"summary_large_image","twitter_misc":{"Written by":"Adriana Costa","Est. reading time":"3 minutos"},"schema":{"@context":"https:\/\/schema.org","@graph":[{"@type":"Article","@id":"https:\/\/www.manaus.am.gov.br\/semulsp\/prefeitura-limpeza-praiadapontabranca\/#article","isPartOf":{"@id":"https:\/\/www.manaus.am.gov.br\/semulsp\/prefeitura-limpeza-praiadapontabranca\/"},"author":{"name":"Adriana Costa","@id":"https:\/\/www.manaus.am.gov.br\/semulsp\/#\/schema\/person\/4e49f4e267757a06ca072ec61b2b9968"},"headline":"Prefeitura de Manaus revitaliza praia da Ponta Branca e devolve a \u00e1rea para lazer dos moradores de Educandos","datePublished":"2026-01-25T23:59:04+00:00","dateModified":"2026-01-26T14:31:29+00:00","mainEntityOfPage":{"@id":"https:\/\/www.manaus.am.gov.br\/semulsp\/prefeitura-limpeza-praiadapontabranca\/"},"wordCount":434,"publisher":{"@id":"https:\/\/www.manaus.am.gov.br\/semulsp\/#organization"},"image":{"@id":"https:\/\/www.manaus.am.gov.br\/semulsp\/prefeitura-limpeza-praiadapontabranca\/#primaryimage"},"thumbnailUrl":"https:\/\/www.manaus.am.gov.br\/semulsp\/wp-content\/uploads\/sites\/23\/2026\/01\/55059210797_38af25f215_c.jpg","keywords":["educandos","lazer","praia da Ponta Branca","prefeitura de manaus","revitaliza\u00e7\u00e3o","semulsp"],"articleSection":["Limpeza"],"inLanguage":"pt-BR"},{"@type":"WebPage","@id":"https:\/\/www.manaus.am.gov.br\/semulsp\/prefeitura-limpeza-praiadapontabranca\/","url":"https:\/\/www.manaus.am.gov.br\/semulsp\/prefeitura-limpeza-praiadapontabranca\/","name":"Prefeitura de Manaus revitaliza praia da Ponta Branca e devolve a \u00e1rea para lazer dos moradores de Educandos","isPartOf":{"@id":"https:\/\/www.manaus.am.gov.br\/semulsp\/#website"},"primaryImageOfPage":{"@id":"https:\/\/www.manaus.am.gov.br\/semulsp\/prefeitura-limpeza-praiadapontabranca\/#primaryimage"},"image":{"@id":"https:\/\/www.manaus.am.gov.br\/semulsp\/prefeitura-limpeza-praiadapontabranca\/#primaryimage"},"thumbnailUrl":"https:\/\/www.manaus.am.gov.br\/semulsp\/wp-content\/uploads\/sites\/23\/2026\/01\/55059210797_38af25f215_c.jpg","datePublished":"2026-01-25T23:59:04+00:00","dateModified":"2026-01-26T14:31:29+00:00","description":"A for\u00e7a-tarefa da Prefeitura de Manaus, em parceria com a Marinha do Brasil, para revitalizar a praia da Ponta Branca, no bairro Educandos, apresenta resultados positivos celebrados pela popula\u00e7\u00e3o.","breadcrumb":{"@id":"https:\/\/www.manaus.am.gov.br\/semulsp\/prefeitura-limpeza-praiadapontabranca\/#breadcrumb"},"inLanguage":"pt-BR","potentialAction":[{"@type":"ReadAction","target":["https:\/\/www.manaus.am.gov.br\/semulsp\/prefeitura-limpeza-praiadapontabranca\/"]}]},{"@type":"ImageObject","inLanguage":"pt-BR","@id":"https:\/\/www.manaus.am.gov.br\/semulsp\/prefeitura-limpeza-praiadapontabranca\/#primaryimage","url":"https:\/\/www.manaus.am.gov.br\/semulsp\/wp-content\/uploads\/sites\/23\/2026\/01\/55059210797_38af25f215_c.jpg","contentUrl":"https:\/\/www.manaus.am.gov.br\/semulsp\/wp-content\/uploads\/sites\/23\/2026\/01\/55059210797_38af25f215_c.jpg","width":800,"height":450,"caption":"#paratodosverem - Vista a\u00e9rea da praia da Ponta Branca, no bairro Educandos, que ap\u00f3s revitalizada pela prefeitura, voltou a ser frequentada pelos moradores da \u00e1rea para lazer e pr\u00e1tica esportiva"},{"@type":"BreadcrumbList","@id":"https:\/\/www.manaus.am.gov.br\/semulsp\/prefeitura-limpeza-praiadapontabranca\/#breadcrumb","itemListElement":[{"@type":"ListItem","position":1,"name":"Home","item":"https:\/\/www.manaus.am.gov.br\/semulsp\/"},{"@type":"ListItem","position":2,"name":"Prefeitura de Manaus revitaliza praia da Ponta Branca e devolve a \u00e1rea para lazer dos moradores de Educandos"}]},{"@type":"WebSite","@id":"https:\/\/www.manaus.am.gov.br\/semulsp\/#website","url":"https:\/\/www.manaus.am.gov.br\/semulsp\/","name":"SEMULSP","description":"Prefeitura de Manaus","publisher":{"@id":"https:\/\/www.manaus.am.gov.br\/semulsp\/#organization"},"alternateName":"Secretaria Municipal de Limpeza P\u00fablica","potentialAction":[{"@type":"SearchAction","target":{"@type":"EntryPoint","urlTemplate":"https:\/\/www.manaus.am.gov.br\/semulsp\/?s={search_term_string}"},"query-input":"required name=search_term_string"}],"inLanguage":"pt-BR"},{"@type":"Organization","@id":"https:\/\/www.manaus.am.gov.br\/semulsp\/#organization","name":"SEMULSP","alternateName":"Secretaria Municipal de Limpeza P\u00fablica","url":"https:\/\/www.manaus.am.gov.br\/semulsp\/","logo":{"@type":"ImageObject","inLanguage":"pt-BR","@id":"https:\/\/www.manaus.am.gov.br\/semulsp\/#\/schema\/logo\/image\/","url":"https:\/\/www.manaus.am.gov.br\/semulsp\/wp-content\/uploads\/sites\/23\/2023\/05\/cropped-favicon.png","contentUrl":"https:\/\/www.manaus.am.gov.br\/semulsp\/wp-content\/uploads\/sites\/23\/2023\/05\/cropped-favicon.png","width":512,"height":512,"caption":"SEMULSP"},"image":{"@id":"https:\/\/www.manaus.am.gov.br\/semulsp\/#\/schema\/logo\/image\/"},"sameAs":["https:\/\/www.facebook.com\/semulspmanaus","https:\/\/www.instagram.com\/semulspmanaus\/"]},{"@type":"Person","@id":"https:\/\/www.manaus.am.gov.br\/semulsp\/#\/schema\/person\/4e49f4e267757a06ca072ec61b2b9968","name":"Adriana Costa","image":{"@type":"ImageObject","inLanguage":"pt-BR","@id":"https:\/\/www.manaus.am.gov.br\/semulsp\/#\/schema\/person\/image\/","url":"https:\/\/secure.gravatar.com\/avatar\/576258617ef7194f718179e766d57bd4?s=96&d=mm&r=g","contentUrl":"https:\/\/secure.gravatar.com\/avatar\/576258617ef7194f718179e766d57bd4?s=96&d=mm&r=g","caption":"Adriana Costa"}}]}},"_links":{"self":[{"href":"https:\/\/www.manaus.am.gov.br\/semulsp\/wp-json\/wp\/v2\/posts\/2838"}],"collection":[{"href":"https:\/\/www.manaus.am.gov.br\/semulsp\/wp-json\/wp\/v2\/posts"}],"about":[{"href":"https:\/\/www.manaus.am.gov.br\/semulsp\/wp-json\/wp\/v2\/types\/post"}],"author":[{"embeddable":true,"href":"https:\/\/www.manaus.am.gov.br\/semulsp\/wp-json\/wp\/v2\/users\/23"}],"replies":[{"embeddable":true,"href":"https:\/\/www.manaus.am.gov.br\/semulsp\/wp-json\/wp\/v2\/comments?post=2838"}],"version-history":[{"count":1,"href":"https:\/\/www.manaus.am.gov.br\/semulsp\/wp-json\/wp\/v2\/posts\/2838\/revisions"}],"predecessor-version":[{"id":2842,"href":"https:\/\/www.manaus.am.gov.br\/semulsp\/wp-json\/wp\/v2\/posts\/2838\/revisions\/2842"}],"wp:featuredmedia":[{"embeddable":true,"href":"https:\/\/www.manaus.am.gov.br\/semulsp\/wp-json\/wp\/v2\/media\/2839"}],"wp:attachment":[{"href":"https:\/\/www.manaus.am.gov.br\/semulsp\/wp-json\/wp\/v2\/media?parent=2838"}],"wp:term":[{"taxonomy":"category","embeddable":true,"href":"https:\/\/www.manaus.am.gov.br\/semulsp\/wp-json\/wp\/v2\/categories?post=2838"},{"taxonomy":"post_tag","embeddable":true,"href":"https:\/\/www.manaus.am.gov.br\/semulsp\/wp-json\/wp\/v2\/tags?post=2838"}],"curies":[{"name":"wp","href":"https:\/\/api.w.org\/{rel}","templated":true}]}}