{"id":2819,"date":"2026-01-21T08:53:36","date_gmt":"2026-01-21T12:53:36","guid":{"rendered":"https:\/\/www.manaus.am.gov.br\/semulsp\/revitalizacao-da-praia-da-ponta-branca-2\/"},"modified":"2026-01-21T13:40:02","modified_gmt":"2026-01-21T17:40:02","slug":"revitalizacao-da-praia-da-ponta-branca-2","status":"publish","type":"post","link":"https:\/\/www.manaus.am.gov.br\/semulsp\/revitalizacao-da-praia-da-ponta-branca-2\/","title":{"rendered":"Prefeitura avan\u00e7a na revitaliza\u00e7\u00e3o da praia da Ponta Branca e comunidade volta a ocupar o espa\u00e7o no bairro Educandos"},"content":{"rendered":"\n<p><br>O trabalho de revitaliza\u00e7\u00e3o da praia da Ponta Branca, no bairro Educandos, zona Sul da cidade, segue avan\u00e7ando. Ap\u00f3s a etapa inicial de limpeza pesada, com retirada de res\u00edduos trazidos pelas \u00e1guas do rio Negro e elimina\u00e7\u00e3o de focos de descarte irregular, a \u00e1rea come\u00e7a a ganhar nova vida e j\u00e1 volta a ser ocupada pela comunidade. Os servi\u00e7os s\u00e3o executados pela <a href=\"https:\/\/www.manaus.am.gov.br\">Prefeitura de Manaus<\/a>, por meio da Secretaria Municipal de Limpeza Urbana (Semulsp).<br><br>A presen\u00e7a da popula\u00e7\u00e3o no espa\u00e7o \u00e9 um dos principais indicadores do sucesso da a\u00e7\u00e3o. O time comunit\u00e1rio Bond\u00eas j\u00e1 realiza treinos f\u00edsicos na praia, e no \u00faltimo fim de semana voltaram a acontecer as tradicionais \u201cpeladas\u201d, retomando uma pr\u00e1tica cultural que h\u00e1 anos estava comprometida pela degrada\u00e7\u00e3o do local.<br><br>Os moradores comemoram a transforma\u00e7\u00e3o. Ivo Miranda, que vive h\u00e1 65 anos no bairro Educandos, afirma que a revitaliza\u00e7\u00e3o era aguardada h\u00e1 d\u00e9cadas. \u201cA gente esperava por isso h\u00e1 mais de 30 anos. Ver a praia limpa de novo \u00e9 uma alegria enorme\u201d, declarou. Outro morador, Sab\u00e1 Assun\u00e7\u00e3o, refor\u00e7ou o sentimento coletivo. \u201cEsse cuidado era um sonho antigo da comunidade. Agora estamos vendo acontecer\u201d, disse.<br><br>Na ter\u00e7a-feira, 20\/1, as equipes da Semulsp realizaram a poda de v\u00e1rias \u00e1rvores do local e deram in\u00edcio \u00e0 recupera\u00e7\u00e3o da escadaria de acesso \u00e0 praia, facilitando a circula\u00e7\u00e3o de moradores e visitantes. Tamb\u00e9m come\u00e7aram a ser retiradas antigas estruturas que, no passado, serviam como carreiras para reparo de embarca\u00e7\u00f5es, al\u00e9m de casebres abandonados. Todas as remo\u00e7\u00f5es est\u00e3o sendo feitas em comum acordo com a comunidade e com os propriet\u00e1rios, respeitando o di\u00e1logo e a hist\u00f3ria do territ\u00f3rio.<br><br>Durante visita ao local, o secret\u00e1rio da Semulsp, Sab\u00e1 Reis, destacou que a revitaliza\u00e7\u00e3o da praia da Ponta Branca faz parte do compromisso da gest\u00e3o do prefeito David Almeida com a recupera\u00e7\u00e3o de espa\u00e7os p\u00fablicos e a valoriza\u00e7\u00e3o das comunidades.<br><br>\u201cEsse trabalho \u00e9 determina\u00e7\u00e3o do prefeito David Almeida, que nos orienta a devolver esses espa\u00e7os para a popula\u00e7\u00e3o. Aqui n\u00e3o \u00e9 s\u00f3 limpeza, \u00e9 dignidade, \u00e9 conviv\u00eancia, \u00e9 lazer e esporte para as fam\u00edlias. A Prefeitura de Manaus est\u00e1 presente e seguir\u00e1 cuidando desse lugar junto com a comunidade\u201d, afirmou o secret\u00e1rio.<br><br>Al\u00e9m da limpeza da faixa de areia e do entorno, a Prefeitura de Manaus tamb\u00e9m iniciou a retirada de embarca\u00e7\u00f5es abandonadas e estruturas irregulares, em parceria com outros \u00f3rg\u00e3os, dentro do processo de ordenamento da \u00e1rea.<br><br>Com os servi\u00e7os em andamento, a praia da Ponta Branca come\u00e7a a se consolidar novamente como espa\u00e7o de lazer, esporte e encontro comunit\u00e1rio, resgatando a mem\u00f3ria afetiva da zona Sul e fortalecendo o sentimento de pertencimento dos moradores.<br><br>\u2014&#8211; \u2014&#8211; \u2014&#8211;<br><strong>Texto &#8211;<\/strong> Dora Tupinamb\u00e1\/ Semulsp<br><strong>Fotos &#8211;<\/strong> Daniel Batalha\/ Semulsp<\/p>\n","protected":false},"excerpt":{"rendered":"","protected":false},"author":68,"featured_media":2820,"comment_status":"closed","ping_status":"closed","sticky":false,"template":"","format":"standard","meta":{"footnotes":""},"categories":[157],"tags":[10,965,19,977],"acf":[],"yoast_head":"<!-- This site is optimized with the Yoast SEO plugin v23.0 - https:\/\/yoast.com\/wordpress\/plugins\/seo\/ -->\n<title>Prefeitura avan\u00e7a na revitaliza\u00e7\u00e3o da praia da Ponta Branca<\/title>\n<meta name=\"description\" content=\"O trabalho de revitaliza\u00e7\u00e3o da praia da Ponta Branca, no bairro Educandos, zona Sul da cidade, segue avan\u00e7ando.\" \/>\n<meta name=\"robots\" content=\"noindex, follow\" \/>\n<meta property=\"og:locale\" content=\"pt_BR\" \/>\n<meta property=\"og:type\" content=\"article\" \/>\n<meta property=\"og:title\" content=\"Prefeitura avan\u00e7a na revitaliza\u00e7\u00e3o da praia da Ponta Branca\" \/>\n<meta property=\"og:description\" content=\"O trabalho de revitaliza\u00e7\u00e3o da praia da Ponta Branca, no bairro Educandos, zona Sul da cidade, segue avan\u00e7ando.\" \/>\n<meta property=\"og:url\" content=\"https:\/\/www.manaus.am.gov.br\/semulsp\/revitalizacao-da-praia-da-ponta-branca-2\/\" \/>\n<meta property=\"og:site_name\" content=\"SEMULSP\" \/>\n<meta property=\"article:publisher\" content=\"https:\/\/www.facebook.com\/semulspmanaus\" \/>\n<meta property=\"article:published_time\" content=\"2026-01-21T12:53:36+00:00\" \/>\n<meta property=\"article:modified_time\" content=\"2026-01-21T17:40:02+00:00\" \/>\n<meta property=\"og:image\" content=\"https:\/\/www.manaus.am.gov.br\/semulsp\/wp-content\/uploads\/sites\/23\/2026\/01\/Prefeitura-avanca-na-revitalizacao-da-praia-da-Ponta-Branca-e-comunidade-volta-a-ocupar-o-espaco-no-bairro-Educandos-3.jpeg\" \/>\n\t<meta property=\"og:image:width\" content=\"829\" \/>\n\t<meta property=\"og:image:height\" content=\"720\" \/>\n\t<meta property=\"og:image:type\" content=\"image\/jpeg\" \/>\n<meta name=\"author\" content=\"bvalente\" \/>\n<meta name=\"twitter:card\" content=\"summary_large_image\" \/>\n<meta name=\"twitter:label1\" content=\"Written by\" \/>\n\t<meta name=\"twitter:data1\" content=\"bvalente\" \/>\n\t<meta name=\"twitter:label2\" content=\"Est. reading time\" \/>\n\t<meta name=\"twitter:data2\" content=\"3 minutos\" \/>\n<script type=\"application\/ld+json\" class=\"yoast-schema-graph\">{\"@context\":\"https:\/\/schema.org\",\"@graph\":[{\"@type\":\"Article\",\"@id\":\"https:\/\/www.manaus.am.gov.br\/semulsp\/revitalizacao-da-praia-da-ponta-branca-2\/#article\",\"isPartOf\":{\"@id\":\"https:\/\/www.manaus.am.gov.br\/semulsp\/revitalizacao-da-praia-da-ponta-branca-2\/\"},\"author\":{\"name\":\"bvalente\",\"@id\":\"https:\/\/www.manaus.am.gov.br\/semulsp\/#\/schema\/person\/466a0e03ae4b6062809046bd560ac955\"},\"headline\":\"Prefeitura avan\u00e7a na revitaliza\u00e7\u00e3o da praia da Ponta Branca e comunidade volta a ocupar o espa\u00e7o no bairro Educandos\",\"datePublished\":\"2026-01-21T12:53:36+00:00\",\"dateModified\":\"2026-01-21T17:40:02+00:00\",\"mainEntityOfPage\":{\"@id\":\"https:\/\/www.manaus.am.gov.br\/semulsp\/revitalizacao-da-praia-da-ponta-branca-2\/\"},\"wordCount\":516,\"publisher\":{\"@id\":\"https:\/\/www.manaus.am.gov.br\/semulsp\/#organization\"},\"image\":{\"@id\":\"https:\/\/www.manaus.am.gov.br\/semulsp\/revitalizacao-da-praia-da-ponta-branca-2\/#primaryimage\"},\"thumbnailUrl\":\"https:\/\/www.manaus.am.gov.br\/semulsp\/wp-content\/uploads\/sites\/23\/2026\/01\/Prefeitura-avanca-na-revitalizacao-da-praia-da-Ponta-Branca-e-comunidade-volta-a-ocupar-o-espaco-no-bairro-Educandos-3.jpeg\",\"keywords\":[\"prefeitura de manaus\",\"revitaliza\u00e7\u00e3o da praia da Ponta Branca\",\"semulsp\",\"trabalho de revitaliza\u00e7\u00e3o\"],\"articleSection\":[\"Opera\u00e7\u00e3o\"],\"inLanguage\":\"pt-BR\"},{\"@type\":\"WebPage\",\"@id\":\"https:\/\/www.manaus.am.gov.br\/semulsp\/revitalizacao-da-praia-da-ponta-branca-2\/\",\"url\":\"https:\/\/www.manaus.am.gov.br\/semulsp\/revitalizacao-da-praia-da-ponta-branca-2\/\",\"name\":\"Prefeitura avan\u00e7a na revitaliza\u00e7\u00e3o da praia da Ponta Branca\",\"isPartOf\":{\"@id\":\"https:\/\/www.manaus.am.gov.br\/semulsp\/#website\"},\"primaryImageOfPage\":{\"@id\":\"https:\/\/www.manaus.am.gov.br\/semulsp\/revitalizacao-da-praia-da-ponta-branca-2\/#primaryimage\"},\"image\":{\"@id\":\"https:\/\/www.manaus.am.gov.br\/semulsp\/revitalizacao-da-praia-da-ponta-branca-2\/#primaryimage\"},\"thumbnailUrl\":\"https:\/\/www.manaus.am.gov.br\/semulsp\/wp-content\/uploads\/sites\/23\/2026\/01\/Prefeitura-avanca-na-revitalizacao-da-praia-da-Ponta-Branca-e-comunidade-volta-a-ocupar-o-espaco-no-bairro-Educandos-3.jpeg\",\"datePublished\":\"2026-01-21T12:53:36+00:00\",\"dateModified\":\"2026-01-21T17:40:02+00:00\",\"description\":\"O trabalho de revitaliza\u00e7\u00e3o da praia da Ponta Branca, no bairro Educandos, zona Sul da cidade, segue avan\u00e7ando.\",\"breadcrumb\":{\"@id\":\"https:\/\/www.manaus.am.gov.br\/semulsp\/revitalizacao-da-praia-da-ponta-branca-2\/#breadcrumb\"},\"inLanguage\":\"pt-BR\",\"potentialAction\":[{\"@type\":\"ReadAction\",\"target\":[\"https:\/\/www.manaus.am.gov.br\/semulsp\/revitalizacao-da-praia-da-ponta-branca-2\/\"]}]},{\"@type\":\"ImageObject\",\"inLanguage\":\"pt-BR\",\"@id\":\"https:\/\/www.manaus.am.gov.br\/semulsp\/revitalizacao-da-praia-da-ponta-branca-2\/#primaryimage\",\"url\":\"https:\/\/www.manaus.am.gov.br\/semulsp\/wp-content\/uploads\/sites\/23\/2026\/01\/Prefeitura-avanca-na-revitalizacao-da-praia-da-Ponta-Branca-e-comunidade-volta-a-ocupar-o-espaco-no-bairro-Educandos-3.jpeg\",\"contentUrl\":\"https:\/\/www.manaus.am.gov.br\/semulsp\/wp-content\/uploads\/sites\/23\/2026\/01\/Prefeitura-avanca-na-revitalizacao-da-praia-da-Ponta-Branca-e-comunidade-volta-a-ocupar-o-espaco-no-bairro-Educandos-3.jpeg\",\"width\":829,\"height\":720,\"caption\":\"#paratodosverem - Equipes da Semulsp realizando a remo\u00e7\u00e3o de res\u00edduos\"},{\"@type\":\"BreadcrumbList\",\"@id\":\"https:\/\/www.manaus.am.gov.br\/semulsp\/revitalizacao-da-praia-da-ponta-branca-2\/#breadcrumb\",\"itemListElement\":[{\"@type\":\"ListItem\",\"position\":1,\"name\":\"Home\",\"item\":\"https:\/\/www.manaus.am.gov.br\/semulsp\/\"},{\"@type\":\"ListItem\",\"position\":2,\"name\":\"Prefeitura avan\u00e7a na revitaliza\u00e7\u00e3o da praia da Ponta Branca e comunidade volta a ocupar o espa\u00e7o no bairro Educandos\"}]},{\"@type\":\"WebSite\",\"@id\":\"https:\/\/www.manaus.am.gov.br\/semulsp\/#website\",\"url\":\"https:\/\/www.manaus.am.gov.br\/semulsp\/\",\"name\":\"SEMULSP\",\"description\":\"Prefeitura de Manaus\",\"publisher\":{\"@id\":\"https:\/\/www.manaus.am.gov.br\/semulsp\/#organization\"},\"alternateName\":\"Secretaria Municipal de Limpeza P\u00fablica\",\"potentialAction\":[{\"@type\":\"SearchAction\",\"target\":{\"@type\":\"EntryPoint\",\"urlTemplate\":\"https:\/\/www.manaus.am.gov.br\/semulsp\/?s={search_term_string}\"},\"query-input\":\"required name=search_term_string\"}],\"inLanguage\":\"pt-BR\"},{\"@type\":\"Organization\",\"@id\":\"https:\/\/www.manaus.am.gov.br\/semulsp\/#organization\",\"name\":\"SEMULSP\",\"alternateName\":\"Secretaria Municipal de Limpeza P\u00fablica\",\"url\":\"https:\/\/www.manaus.am.gov.br\/semulsp\/\",\"logo\":{\"@type\":\"ImageObject\",\"inLanguage\":\"pt-BR\",\"@id\":\"https:\/\/www.manaus.am.gov.br\/semulsp\/#\/schema\/logo\/image\/\",\"url\":\"https:\/\/www.manaus.am.gov.br\/semulsp\/wp-content\/uploads\/sites\/23\/2023\/05\/cropped-favicon.png\",\"contentUrl\":\"https:\/\/www.manaus.am.gov.br\/semulsp\/wp-content\/uploads\/sites\/23\/2023\/05\/cropped-favicon.png\",\"width\":512,\"height\":512,\"caption\":\"SEMULSP\"},\"image\":{\"@id\":\"https:\/\/www.manaus.am.gov.br\/semulsp\/#\/schema\/logo\/image\/\"},\"sameAs\":[\"https:\/\/www.facebook.com\/semulspmanaus\",\"https:\/\/www.instagram.com\/semulspmanaus\/\"]},{\"@type\":\"Person\",\"@id\":\"https:\/\/www.manaus.am.gov.br\/semulsp\/#\/schema\/person\/466a0e03ae4b6062809046bd560ac955\",\"name\":\"bvalente\",\"image\":{\"@type\":\"ImageObject\",\"inLanguage\":\"pt-BR\",\"@id\":\"https:\/\/www.manaus.am.gov.br\/semulsp\/#\/schema\/person\/image\/\",\"url\":\"https:\/\/secure.gravatar.com\/avatar\/3e69bc2b014bdad41adfec3a39de07d2?s=96&d=mm&r=g\",\"contentUrl\":\"https:\/\/secure.gravatar.com\/avatar\/3e69bc2b014bdad41adfec3a39de07d2?s=96&d=mm&r=g\",\"caption\":\"bvalente\"}}]}<\/script>\n<!-- \/ Yoast SEO plugin. -->","yoast_head_json":{"title":"Prefeitura avan\u00e7a na revitaliza\u00e7\u00e3o da praia da Ponta Branca","description":"O trabalho de revitaliza\u00e7\u00e3o da praia da Ponta Branca, no bairro Educandos, zona Sul da cidade, segue avan\u00e7ando.","robots":{"index":"noindex","follow":"follow"},"og_locale":"pt_BR","og_type":"article","og_title":"Prefeitura avan\u00e7a na revitaliza\u00e7\u00e3o da praia da Ponta Branca","og_description":"O trabalho de revitaliza\u00e7\u00e3o da praia da Ponta Branca, no bairro Educandos, zona Sul da cidade, segue avan\u00e7ando.","og_url":"https:\/\/www.manaus.am.gov.br\/semulsp\/revitalizacao-da-praia-da-ponta-branca-2\/","og_site_name":"SEMULSP","article_publisher":"https:\/\/www.facebook.com\/semulspmanaus","article_published_time":"2026-01-21T12:53:36+00:00","article_modified_time":"2026-01-21T17:40:02+00:00","og_image":[{"width":829,"height":720,"url":"https:\/\/www.manaus.am.gov.br\/semulsp\/wp-content\/uploads\/sites\/23\/2026\/01\/Prefeitura-avanca-na-revitalizacao-da-praia-da-Ponta-Branca-e-comunidade-volta-a-ocupar-o-espaco-no-bairro-Educandos-3.jpeg","type":"image\/jpeg"}],"author":"bvalente","twitter_card":"summary_large_image","twitter_misc":{"Written by":"bvalente","Est. reading time":"3 minutos"},"schema":{"@context":"https:\/\/schema.org","@graph":[{"@type":"Article","@id":"https:\/\/www.manaus.am.gov.br\/semulsp\/revitalizacao-da-praia-da-ponta-branca-2\/#article","isPartOf":{"@id":"https:\/\/www.manaus.am.gov.br\/semulsp\/revitalizacao-da-praia-da-ponta-branca-2\/"},"author":{"name":"bvalente","@id":"https:\/\/www.manaus.am.gov.br\/semulsp\/#\/schema\/person\/466a0e03ae4b6062809046bd560ac955"},"headline":"Prefeitura avan\u00e7a na revitaliza\u00e7\u00e3o da praia da Ponta Branca e comunidade volta a ocupar o espa\u00e7o no bairro Educandos","datePublished":"2026-01-21T12:53:36+00:00","dateModified":"2026-01-21T17:40:02+00:00","mainEntityOfPage":{"@id":"https:\/\/www.manaus.am.gov.br\/semulsp\/revitalizacao-da-praia-da-ponta-branca-2\/"},"wordCount":516,"publisher":{"@id":"https:\/\/www.manaus.am.gov.br\/semulsp\/#organization"},"image":{"@id":"https:\/\/www.manaus.am.gov.br\/semulsp\/revitalizacao-da-praia-da-ponta-branca-2\/#primaryimage"},"thumbnailUrl":"https:\/\/www.manaus.am.gov.br\/semulsp\/wp-content\/uploads\/sites\/23\/2026\/01\/Prefeitura-avanca-na-revitalizacao-da-praia-da-Ponta-Branca-e-comunidade-volta-a-ocupar-o-espaco-no-bairro-Educandos-3.jpeg","keywords":["prefeitura de manaus","revitaliza\u00e7\u00e3o da praia da Ponta Branca","semulsp","trabalho de revitaliza\u00e7\u00e3o"],"articleSection":["Opera\u00e7\u00e3o"],"inLanguage":"pt-BR"},{"@type":"WebPage","@id":"https:\/\/www.manaus.am.gov.br\/semulsp\/revitalizacao-da-praia-da-ponta-branca-2\/","url":"https:\/\/www.manaus.am.gov.br\/semulsp\/revitalizacao-da-praia-da-ponta-branca-2\/","name":"Prefeitura avan\u00e7a na revitaliza\u00e7\u00e3o da praia da Ponta Branca","isPartOf":{"@id":"https:\/\/www.manaus.am.gov.br\/semulsp\/#website"},"primaryImageOfPage":{"@id":"https:\/\/www.manaus.am.gov.br\/semulsp\/revitalizacao-da-praia-da-ponta-branca-2\/#primaryimage"},"image":{"@id":"https:\/\/www.manaus.am.gov.br\/semulsp\/revitalizacao-da-praia-da-ponta-branca-2\/#primaryimage"},"thumbnailUrl":"https:\/\/www.manaus.am.gov.br\/semulsp\/wp-content\/uploads\/sites\/23\/2026\/01\/Prefeitura-avanca-na-revitalizacao-da-praia-da-Ponta-Branca-e-comunidade-volta-a-ocupar-o-espaco-no-bairro-Educandos-3.jpeg","datePublished":"2026-01-21T12:53:36+00:00","dateModified":"2026-01-21T17:40:02+00:00","description":"O trabalho de revitaliza\u00e7\u00e3o da praia da Ponta Branca, no bairro Educandos, zona Sul da cidade, segue avan\u00e7ando.","breadcrumb":{"@id":"https:\/\/www.manaus.am.gov.br\/semulsp\/revitalizacao-da-praia-da-ponta-branca-2\/#breadcrumb"},"inLanguage":"pt-BR","potentialAction":[{"@type":"ReadAction","target":["https:\/\/www.manaus.am.gov.br\/semulsp\/revitalizacao-da-praia-da-ponta-branca-2\/"]}]},{"@type":"ImageObject","inLanguage":"pt-BR","@id":"https:\/\/www.manaus.am.gov.br\/semulsp\/revitalizacao-da-praia-da-ponta-branca-2\/#primaryimage","url":"https:\/\/www.manaus.am.gov.br\/semulsp\/wp-content\/uploads\/sites\/23\/2026\/01\/Prefeitura-avanca-na-revitalizacao-da-praia-da-Ponta-Branca-e-comunidade-volta-a-ocupar-o-espaco-no-bairro-Educandos-3.jpeg","contentUrl":"https:\/\/www.manaus.am.gov.br\/semulsp\/wp-content\/uploads\/sites\/23\/2026\/01\/Prefeitura-avanca-na-revitalizacao-da-praia-da-Ponta-Branca-e-comunidade-volta-a-ocupar-o-espaco-no-bairro-Educandos-3.jpeg","width":829,"height":720,"caption":"#paratodosverem - Equipes da Semulsp realizando a remo\u00e7\u00e3o de res\u00edduos"},{"@type":"BreadcrumbList","@id":"https:\/\/www.manaus.am.gov.br\/semulsp\/revitalizacao-da-praia-da-ponta-branca-2\/#breadcrumb","itemListElement":[{"@type":"ListItem","position":1,"name":"Home","item":"https:\/\/www.manaus.am.gov.br\/semulsp\/"},{"@type":"ListItem","position":2,"name":"Prefeitura avan\u00e7a na revitaliza\u00e7\u00e3o da praia da Ponta Branca e comunidade volta a ocupar o espa\u00e7o no bairro Educandos"}]},{"@type":"WebSite","@id":"https:\/\/www.manaus.am.gov.br\/semulsp\/#website","url":"https:\/\/www.manaus.am.gov.br\/semulsp\/","name":"SEMULSP","description":"Prefeitura de Manaus","publisher":{"@id":"https:\/\/www.manaus.am.gov.br\/semulsp\/#organization"},"alternateName":"Secretaria Municipal de Limpeza P\u00fablica","potentialAction":[{"@type":"SearchAction","target":{"@type":"EntryPoint","urlTemplate":"https:\/\/www.manaus.am.gov.br\/semulsp\/?s={search_term_string}"},"query-input":"required name=search_term_string"}],"inLanguage":"pt-BR"},{"@type":"Organization","@id":"https:\/\/www.manaus.am.gov.br\/semulsp\/#organization","name":"SEMULSP","alternateName":"Secretaria Municipal de Limpeza P\u00fablica","url":"https:\/\/www.manaus.am.gov.br\/semulsp\/","logo":{"@type":"ImageObject","inLanguage":"pt-BR","@id":"https:\/\/www.manaus.am.gov.br\/semulsp\/#\/schema\/logo\/image\/","url":"https:\/\/www.manaus.am.gov.br\/semulsp\/wp-content\/uploads\/sites\/23\/2023\/05\/cropped-favicon.png","contentUrl":"https:\/\/www.manaus.am.gov.br\/semulsp\/wp-content\/uploads\/sites\/23\/2023\/05\/cropped-favicon.png","width":512,"height":512,"caption":"SEMULSP"},"image":{"@id":"https:\/\/www.manaus.am.gov.br\/semulsp\/#\/schema\/logo\/image\/"},"sameAs":["https:\/\/www.facebook.com\/semulspmanaus","https:\/\/www.instagram.com\/semulspmanaus\/"]},{"@type":"Person","@id":"https:\/\/www.manaus.am.gov.br\/semulsp\/#\/schema\/person\/466a0e03ae4b6062809046bd560ac955","name":"bvalente","image":{"@type":"ImageObject","inLanguage":"pt-BR","@id":"https:\/\/www.manaus.am.gov.br\/semulsp\/#\/schema\/person\/image\/","url":"https:\/\/secure.gravatar.com\/avatar\/3e69bc2b014bdad41adfec3a39de07d2?s=96&d=mm&r=g","contentUrl":"https:\/\/secure.gravatar.com\/avatar\/3e69bc2b014bdad41adfec3a39de07d2?s=96&d=mm&r=g","caption":"bvalente"}}]}},"_links":{"self":[{"href":"https:\/\/www.manaus.am.gov.br\/semulsp\/wp-json\/wp\/v2\/posts\/2819"}],"collection":[{"href":"https:\/\/www.manaus.am.gov.br\/semulsp\/wp-json\/wp\/v2\/posts"}],"about":[{"href":"https:\/\/www.manaus.am.gov.br\/semulsp\/wp-json\/wp\/v2\/types\/post"}],"author":[{"embeddable":true,"href":"https:\/\/www.manaus.am.gov.br\/semulsp\/wp-json\/wp\/v2\/users\/68"}],"replies":[{"embeddable":true,"href":"https:\/\/www.manaus.am.gov.br\/semulsp\/wp-json\/wp\/v2\/comments?post=2819"}],"version-history":[{"count":1,"href":"https:\/\/www.manaus.am.gov.br\/semulsp\/wp-json\/wp\/v2\/posts\/2819\/revisions"}],"predecessor-version":[{"id":2822,"href":"https:\/\/www.manaus.am.gov.br\/semulsp\/wp-json\/wp\/v2\/posts\/2819\/revisions\/2822"}],"wp:featuredmedia":[{"embeddable":true,"href":"https:\/\/www.manaus.am.gov.br\/semulsp\/wp-json\/wp\/v2\/media\/2820"}],"wp:attachment":[{"href":"https:\/\/www.manaus.am.gov.br\/semulsp\/wp-json\/wp\/v2\/media?parent=2819"}],"wp:term":[{"taxonomy":"category","embeddable":true,"href":"https:\/\/www.manaus.am.gov.br\/semulsp\/wp-json\/wp\/v2\/categories?post=2819"},{"taxonomy":"post_tag","embeddable":true,"href":"https:\/\/www.manaus.am.gov.br\/semulsp\/wp-json\/wp\/v2\/tags?post=2819"}],"curies":[{"name":"wp","href":"https:\/\/api.w.org\/{rel}","templated":true}]}}