{"id":2784,"date":"2026-01-16T20:48:43","date_gmt":"2026-01-17T00:48:43","guid":{"rendered":"https:\/\/www.manaus.am.gov.br\/semulsp\/cronograma-manutencao-cemiterios\/"},"modified":"2026-01-19T14:09:39","modified_gmt":"2026-01-19T18:09:39","slug":"cronograma-manutencao-cemiterios","status":"publish","type":"post","link":"https:\/\/www.manaus.am.gov.br\/semulsp\/cronograma-manutencao-cemiterios\/","title":{"rendered":"Prefeitura de Manaus avan\u00e7a no cronograma de manuten\u00e7\u00e3o dos cemit\u00e9rios municipais"},"content":{"rendered":"\n<p>A <a href=\"https:\/\/www.manaus.gov.br\">Prefeitura de Manaus<\/a>, por meio da Secretaria Municipal de Limpeza Urbana (Semulsp), segue com o trabalho permanente de manuten\u00e7\u00e3o dos cemit\u00e9rios municipais, conforme cronograma que contempla os 10 campos-santos p\u00fablicos, sendo seis localizados na \u00e1rea urbana e quatro na zona rural da capital.<\/p>\n\n\n\n<p>Na primeira quinzena de janeiro, as equipes conclu\u00edram os servi\u00e7os nos cemit\u00e9rios rurais: Nossa Senhora do Carmo, no Tarum\u00e3-A\u00e7u; Nossa Senhora de Nazar\u00e9, Pau-Rosa; Nossa Senhora de F\u00e1tima, Puraquequara; e S\u00e3o Sebasti\u00e3o, Lago do Puraquequara. No mesmo per\u00edodo, tamb\u00e9m foi finalizada a manuten\u00e7\u00e3o no cemit\u00e9rio S\u00e3o Jo\u00e3o Batista, na \u00e1rea urbana.<\/p>\n\n\n\n<p>Nesta sexta-feira, 16\/1, a Semulsp iniciou os trabalhos no cemit\u00e9rio Nossa Senhora Aparecida, na avenida do Turismo, zona Oeste. O Aparecida \u00e9 o maior cemit\u00e9rio p\u00fablico de Manaus, com 90 quadras e mais de 250 mil sepultadas no sistema convencional, al\u00e9m de contar 13,8 mil l\u00f3culos, com 8 mil sepultados. Quando conclu\u00eddo o projeto, ser\u00e3o 22 mil l\u00f3culos.&nbsp;<\/p>\n\n\n\n<p>O secret\u00e1rio municipal de Limpeza Urbana, Sab\u00e1 Reis, destacou que o cronograma \u00e9 fundamental para garantir atendimento a todos os cemit\u00e9rios.<\/p>\n\n\n\n<p>\u201cEsse \u00e9 um trabalho permanente, que precisa de planejamento justamente porque cuidamos de 10 cemit\u00e9rios municipais. Essa \u00e9 uma determina\u00e7\u00e3o do prefeito David Almeida, que tem um olhar sens\u00edvel para esses espa\u00e7os de mem\u00f3ria. Nosso compromisso \u00e9 manter tudo limpo, organizado e digno para as fam\u00edlias\u201d, afirmou.<\/p>\n\n\n\n<p>Al\u00e9m da manuten\u00e7\u00e3o rotineira, a Semulsp tamb\u00e9m executa um programa de paisagismo e arboriza\u00e7\u00e3o nos campos-santos p\u00fablicos, com plantio de mudas e requalifica\u00e7\u00e3o das \u00e1reas verdes, promovendo mais conforto t\u00e9rmico e um ambiente mais acolhedor para os visitantes.<\/p>\n\n\n\n<p>As equipes seguem com a execu\u00e7\u00e3o do cronograma nos demais cemit\u00e9rios urbanos, garantindo a continuidade dos servi\u00e7os ao longo do ano.<\/p>\n\n\n\n<p>\u2014- \u2014- \u2014<br><strong>Texto e fotos &#8211;<\/strong> Dora Tupinamb\u00e1 \/ Semulsp<\/p>\n","protected":false},"excerpt":{"rendered":"","protected":false},"author":68,"featured_media":2785,"comment_status":"closed","ping_status":"closed","sticky":false,"template":"","format":"standard","meta":{"footnotes":""},"categories":[38],"tags":[967,968,10,19],"acf":[],"yoast_head":"<!-- This site is optimized with the Yoast SEO plugin v23.0 - https:\/\/yoast.com\/wordpress\/plugins\/seo\/ -->\n<title>Prefeitura de Manaus avan\u00e7a no cronograma de manuten\u00e7\u00e3o dos cemit\u00e9rios municipais<\/title>\n<meta name=\"description\" content=\"A Prefeitura de Manaus, por meio da Secretaria Municipal de Limpeza Urbana (Semulsp), segue com o trabalho permanente de manuten\u00e7\u00e3o dos cemit\u00e9rios municipais.\" \/>\n<meta name=\"robots\" content=\"noindex, follow\" \/>\n<meta property=\"og:locale\" content=\"pt_BR\" \/>\n<meta property=\"og:type\" content=\"article\" \/>\n<meta property=\"og:title\" content=\"Prefeitura de Manaus avan\u00e7a no cronograma de manuten\u00e7\u00e3o dos cemit\u00e9rios municipais\" \/>\n<meta property=\"og:description\" content=\"A Prefeitura de Manaus, por meio da Secretaria Municipal de Limpeza Urbana (Semulsp), segue com o trabalho permanente de manuten\u00e7\u00e3o dos cemit\u00e9rios municipais.\" \/>\n<meta property=\"og:url\" content=\"https:\/\/www.manaus.am.gov.br\/semulsp\/cronograma-manutencao-cemiterios\/\" \/>\n<meta property=\"og:site_name\" content=\"SEMULSP\" \/>\n<meta property=\"article:publisher\" content=\"https:\/\/www.facebook.com\/semulspmanaus\" \/>\n<meta property=\"article:published_time\" content=\"2026-01-17T00:48:43+00:00\" \/>\n<meta property=\"article:modified_time\" content=\"2026-01-19T18:09:39+00:00\" \/>\n<meta property=\"og:image\" content=\"https:\/\/www.manaus.am.gov.br\/semulsp\/wp-content\/uploads\/sites\/23\/2026\/01\/Prefeitura-de-Manaus-avanca-no-cronograma-de-manutencao-dos-cemiterios-municipais-2.jpg\" \/>\n\t<meta property=\"og:image:width\" content=\"1600\" \/>\n\t<meta property=\"og:image:height\" content=\"814\" \/>\n\t<meta property=\"og:image:type\" content=\"image\/jpeg\" \/>\n<meta name=\"author\" content=\"bvalente\" \/>\n<meta name=\"twitter:card\" content=\"summary_large_image\" \/>\n<meta name=\"twitter:label1\" content=\"Written by\" \/>\n\t<meta name=\"twitter:data1\" content=\"bvalente\" \/>\n\t<meta name=\"twitter:label2\" content=\"Est. reading time\" \/>\n\t<meta name=\"twitter:data2\" content=\"2 minutos\" \/>\n<script type=\"application\/ld+json\" class=\"yoast-schema-graph\">{\"@context\":\"https:\/\/schema.org\",\"@graph\":[{\"@type\":\"Article\",\"@id\":\"https:\/\/www.manaus.am.gov.br\/semulsp\/cronograma-manutencao-cemiterios\/#article\",\"isPartOf\":{\"@id\":\"https:\/\/www.manaus.am.gov.br\/semulsp\/cronograma-manutencao-cemiterios\/\"},\"author\":{\"name\":\"bvalente\",\"@id\":\"https:\/\/www.manaus.am.gov.br\/semulsp\/#\/schema\/person\/466a0e03ae4b6062809046bd560ac955\"},\"headline\":\"Prefeitura de Manaus avan\u00e7a no cronograma de manuten\u00e7\u00e3o dos cemit\u00e9rios municipais\",\"datePublished\":\"2026-01-17T00:48:43+00:00\",\"dateModified\":\"2026-01-19T18:09:39+00:00\",\"mainEntityOfPage\":{\"@id\":\"https:\/\/www.manaus.am.gov.br\/semulsp\/cronograma-manutencao-cemiterios\/\"},\"wordCount\":334,\"publisher\":{\"@id\":\"https:\/\/www.manaus.am.gov.br\/semulsp\/#organization\"},\"image\":{\"@id\":\"https:\/\/www.manaus.am.gov.br\/semulsp\/cronograma-manutencao-cemiterios\/#primaryimage\"},\"thumbnailUrl\":\"https:\/\/www.manaus.am.gov.br\/semulsp\/wp-content\/uploads\/sites\/23\/2026\/01\/Prefeitura-de-Manaus-avanca-no-cronograma-de-manutencao-dos-cemiterios-municipais-2.jpg\",\"keywords\":[\"cronograma-manutencao-cemiterios\",\"manuten\u00e7\u00e3o dos cemit\u00e9rios municipais\",\"prefeitura de manaus\",\"semulsp\"],\"articleSection\":[\"Limpeza\"],\"inLanguage\":\"pt-BR\"},{\"@type\":\"WebPage\",\"@id\":\"https:\/\/www.manaus.am.gov.br\/semulsp\/cronograma-manutencao-cemiterios\/\",\"url\":\"https:\/\/www.manaus.am.gov.br\/semulsp\/cronograma-manutencao-cemiterios\/\",\"name\":\"Prefeitura de Manaus avan\u00e7a no cronograma de manuten\u00e7\u00e3o dos cemit\u00e9rios municipais\",\"isPartOf\":{\"@id\":\"https:\/\/www.manaus.am.gov.br\/semulsp\/#website\"},\"primaryImageOfPage\":{\"@id\":\"https:\/\/www.manaus.am.gov.br\/semulsp\/cronograma-manutencao-cemiterios\/#primaryimage\"},\"image\":{\"@id\":\"https:\/\/www.manaus.am.gov.br\/semulsp\/cronograma-manutencao-cemiterios\/#primaryimage\"},\"thumbnailUrl\":\"https:\/\/www.manaus.am.gov.br\/semulsp\/wp-content\/uploads\/sites\/23\/2026\/01\/Prefeitura-de-Manaus-avanca-no-cronograma-de-manutencao-dos-cemiterios-municipais-2.jpg\",\"datePublished\":\"2026-01-17T00:48:43+00:00\",\"dateModified\":\"2026-01-19T18:09:39+00:00\",\"description\":\"A Prefeitura de Manaus, por meio da Secretaria Municipal de Limpeza Urbana (Semulsp), segue com o trabalho permanente de manuten\u00e7\u00e3o dos cemit\u00e9rios municipais.\",\"breadcrumb\":{\"@id\":\"https:\/\/www.manaus.am.gov.br\/semulsp\/cronograma-manutencao-cemiterios\/#breadcrumb\"},\"inLanguage\":\"pt-BR\",\"potentialAction\":[{\"@type\":\"ReadAction\",\"target\":[\"https:\/\/www.manaus.am.gov.br\/semulsp\/cronograma-manutencao-cemiterios\/\"]}]},{\"@type\":\"ImageObject\",\"inLanguage\":\"pt-BR\",\"@id\":\"https:\/\/www.manaus.am.gov.br\/semulsp\/cronograma-manutencao-cemiterios\/#primaryimage\",\"url\":\"https:\/\/www.manaus.am.gov.br\/semulsp\/wp-content\/uploads\/sites\/23\/2026\/01\/Prefeitura-de-Manaus-avanca-no-cronograma-de-manutencao-dos-cemiterios-municipais-2.jpg\",\"contentUrl\":\"https:\/\/www.manaus.am.gov.br\/semulsp\/wp-content\/uploads\/sites\/23\/2026\/01\/Prefeitura-de-Manaus-avanca-no-cronograma-de-manutencao-dos-cemiterios-municipais-2.jpg\",\"width\":1600,\"height\":814},{\"@type\":\"BreadcrumbList\",\"@id\":\"https:\/\/www.manaus.am.gov.br\/semulsp\/cronograma-manutencao-cemiterios\/#breadcrumb\",\"itemListElement\":[{\"@type\":\"ListItem\",\"position\":1,\"name\":\"Home\",\"item\":\"https:\/\/www.manaus.am.gov.br\/semulsp\/\"},{\"@type\":\"ListItem\",\"position\":2,\"name\":\"Prefeitura de Manaus avan\u00e7a no cronograma de manuten\u00e7\u00e3o dos cemit\u00e9rios municipais\"}]},{\"@type\":\"WebSite\",\"@id\":\"https:\/\/www.manaus.am.gov.br\/semulsp\/#website\",\"url\":\"https:\/\/www.manaus.am.gov.br\/semulsp\/\",\"name\":\"SEMULSP\",\"description\":\"Prefeitura de Manaus\",\"publisher\":{\"@id\":\"https:\/\/www.manaus.am.gov.br\/semulsp\/#organization\"},\"alternateName\":\"Secretaria Municipal de Limpeza P\u00fablica\",\"potentialAction\":[{\"@type\":\"SearchAction\",\"target\":{\"@type\":\"EntryPoint\",\"urlTemplate\":\"https:\/\/www.manaus.am.gov.br\/semulsp\/?s={search_term_string}\"},\"query-input\":\"required name=search_term_string\"}],\"inLanguage\":\"pt-BR\"},{\"@type\":\"Organization\",\"@id\":\"https:\/\/www.manaus.am.gov.br\/semulsp\/#organization\",\"name\":\"SEMULSP\",\"alternateName\":\"Secretaria Municipal de Limpeza P\u00fablica\",\"url\":\"https:\/\/www.manaus.am.gov.br\/semulsp\/\",\"logo\":{\"@type\":\"ImageObject\",\"inLanguage\":\"pt-BR\",\"@id\":\"https:\/\/www.manaus.am.gov.br\/semulsp\/#\/schema\/logo\/image\/\",\"url\":\"https:\/\/www.manaus.am.gov.br\/semulsp\/wp-content\/uploads\/sites\/23\/2023\/05\/cropped-favicon.png\",\"contentUrl\":\"https:\/\/www.manaus.am.gov.br\/semulsp\/wp-content\/uploads\/sites\/23\/2023\/05\/cropped-favicon.png\",\"width\":512,\"height\":512,\"caption\":\"SEMULSP\"},\"image\":{\"@id\":\"https:\/\/www.manaus.am.gov.br\/semulsp\/#\/schema\/logo\/image\/\"},\"sameAs\":[\"https:\/\/www.facebook.com\/semulspmanaus\",\"https:\/\/www.instagram.com\/semulspmanaus\/\"]},{\"@type\":\"Person\",\"@id\":\"https:\/\/www.manaus.am.gov.br\/semulsp\/#\/schema\/person\/466a0e03ae4b6062809046bd560ac955\",\"name\":\"bvalente\",\"image\":{\"@type\":\"ImageObject\",\"inLanguage\":\"pt-BR\",\"@id\":\"https:\/\/www.manaus.am.gov.br\/semulsp\/#\/schema\/person\/image\/\",\"url\":\"https:\/\/secure.gravatar.com\/avatar\/3e69bc2b014bdad41adfec3a39de07d2?s=96&d=mm&r=g\",\"contentUrl\":\"https:\/\/secure.gravatar.com\/avatar\/3e69bc2b014bdad41adfec3a39de07d2?s=96&d=mm&r=g\",\"caption\":\"bvalente\"}}]}<\/script>\n<!-- \/ Yoast SEO plugin. -->","yoast_head_json":{"title":"Prefeitura de Manaus avan\u00e7a no cronograma de manuten\u00e7\u00e3o dos cemit\u00e9rios municipais","description":"A Prefeitura de Manaus, por meio da Secretaria Municipal de Limpeza Urbana (Semulsp), segue com o trabalho permanente de manuten\u00e7\u00e3o dos cemit\u00e9rios municipais.","robots":{"index":"noindex","follow":"follow"},"og_locale":"pt_BR","og_type":"article","og_title":"Prefeitura de Manaus avan\u00e7a no cronograma de manuten\u00e7\u00e3o dos cemit\u00e9rios municipais","og_description":"A Prefeitura de Manaus, por meio da Secretaria Municipal de Limpeza Urbana (Semulsp), segue com o trabalho permanente de manuten\u00e7\u00e3o dos cemit\u00e9rios municipais.","og_url":"https:\/\/www.manaus.am.gov.br\/semulsp\/cronograma-manutencao-cemiterios\/","og_site_name":"SEMULSP","article_publisher":"https:\/\/www.facebook.com\/semulspmanaus","article_published_time":"2026-01-17T00:48:43+00:00","article_modified_time":"2026-01-19T18:09:39+00:00","og_image":[{"width":1600,"height":814,"url":"https:\/\/www.manaus.am.gov.br\/semulsp\/wp-content\/uploads\/sites\/23\/2026\/01\/Prefeitura-de-Manaus-avanca-no-cronograma-de-manutencao-dos-cemiterios-municipais-2.jpg","type":"image\/jpeg"}],"author":"bvalente","twitter_card":"summary_large_image","twitter_misc":{"Written by":"bvalente","Est. reading time":"2 minutos"},"schema":{"@context":"https:\/\/schema.org","@graph":[{"@type":"Article","@id":"https:\/\/www.manaus.am.gov.br\/semulsp\/cronograma-manutencao-cemiterios\/#article","isPartOf":{"@id":"https:\/\/www.manaus.am.gov.br\/semulsp\/cronograma-manutencao-cemiterios\/"},"author":{"name":"bvalente","@id":"https:\/\/www.manaus.am.gov.br\/semulsp\/#\/schema\/person\/466a0e03ae4b6062809046bd560ac955"},"headline":"Prefeitura de Manaus avan\u00e7a no cronograma de manuten\u00e7\u00e3o dos cemit\u00e9rios municipais","datePublished":"2026-01-17T00:48:43+00:00","dateModified":"2026-01-19T18:09:39+00:00","mainEntityOfPage":{"@id":"https:\/\/www.manaus.am.gov.br\/semulsp\/cronograma-manutencao-cemiterios\/"},"wordCount":334,"publisher":{"@id":"https:\/\/www.manaus.am.gov.br\/semulsp\/#organization"},"image":{"@id":"https:\/\/www.manaus.am.gov.br\/semulsp\/cronograma-manutencao-cemiterios\/#primaryimage"},"thumbnailUrl":"https:\/\/www.manaus.am.gov.br\/semulsp\/wp-content\/uploads\/sites\/23\/2026\/01\/Prefeitura-de-Manaus-avanca-no-cronograma-de-manutencao-dos-cemiterios-municipais-2.jpg","keywords":["cronograma-manutencao-cemiterios","manuten\u00e7\u00e3o dos cemit\u00e9rios municipais","prefeitura de manaus","semulsp"],"articleSection":["Limpeza"],"inLanguage":"pt-BR"},{"@type":"WebPage","@id":"https:\/\/www.manaus.am.gov.br\/semulsp\/cronograma-manutencao-cemiterios\/","url":"https:\/\/www.manaus.am.gov.br\/semulsp\/cronograma-manutencao-cemiterios\/","name":"Prefeitura de Manaus avan\u00e7a no cronograma de manuten\u00e7\u00e3o dos cemit\u00e9rios municipais","isPartOf":{"@id":"https:\/\/www.manaus.am.gov.br\/semulsp\/#website"},"primaryImageOfPage":{"@id":"https:\/\/www.manaus.am.gov.br\/semulsp\/cronograma-manutencao-cemiterios\/#primaryimage"},"image":{"@id":"https:\/\/www.manaus.am.gov.br\/semulsp\/cronograma-manutencao-cemiterios\/#primaryimage"},"thumbnailUrl":"https:\/\/www.manaus.am.gov.br\/semulsp\/wp-content\/uploads\/sites\/23\/2026\/01\/Prefeitura-de-Manaus-avanca-no-cronograma-de-manutencao-dos-cemiterios-municipais-2.jpg","datePublished":"2026-01-17T00:48:43+00:00","dateModified":"2026-01-19T18:09:39+00:00","description":"A Prefeitura de Manaus, por meio da Secretaria Municipal de Limpeza Urbana (Semulsp), segue com o trabalho permanente de manuten\u00e7\u00e3o dos cemit\u00e9rios municipais.","breadcrumb":{"@id":"https:\/\/www.manaus.am.gov.br\/semulsp\/cronograma-manutencao-cemiterios\/#breadcrumb"},"inLanguage":"pt-BR","potentialAction":[{"@type":"ReadAction","target":["https:\/\/www.manaus.am.gov.br\/semulsp\/cronograma-manutencao-cemiterios\/"]}]},{"@type":"ImageObject","inLanguage":"pt-BR","@id":"https:\/\/www.manaus.am.gov.br\/semulsp\/cronograma-manutencao-cemiterios\/#primaryimage","url":"https:\/\/www.manaus.am.gov.br\/semulsp\/wp-content\/uploads\/sites\/23\/2026\/01\/Prefeitura-de-Manaus-avanca-no-cronograma-de-manutencao-dos-cemiterios-municipais-2.jpg","contentUrl":"https:\/\/www.manaus.am.gov.br\/semulsp\/wp-content\/uploads\/sites\/23\/2026\/01\/Prefeitura-de-Manaus-avanca-no-cronograma-de-manutencao-dos-cemiterios-municipais-2.jpg","width":1600,"height":814},{"@type":"BreadcrumbList","@id":"https:\/\/www.manaus.am.gov.br\/semulsp\/cronograma-manutencao-cemiterios\/#breadcrumb","itemListElement":[{"@type":"ListItem","position":1,"name":"Home","item":"https:\/\/www.manaus.am.gov.br\/semulsp\/"},{"@type":"ListItem","position":2,"name":"Prefeitura de Manaus avan\u00e7a no cronograma de manuten\u00e7\u00e3o dos cemit\u00e9rios municipais"}]},{"@type":"WebSite","@id":"https:\/\/www.manaus.am.gov.br\/semulsp\/#website","url":"https:\/\/www.manaus.am.gov.br\/semulsp\/","name":"SEMULSP","description":"Prefeitura de Manaus","publisher":{"@id":"https:\/\/www.manaus.am.gov.br\/semulsp\/#organization"},"alternateName":"Secretaria Municipal de Limpeza P\u00fablica","potentialAction":[{"@type":"SearchAction","target":{"@type":"EntryPoint","urlTemplate":"https:\/\/www.manaus.am.gov.br\/semulsp\/?s={search_term_string}"},"query-input":"required name=search_term_string"}],"inLanguage":"pt-BR"},{"@type":"Organization","@id":"https:\/\/www.manaus.am.gov.br\/semulsp\/#organization","name":"SEMULSP","alternateName":"Secretaria Municipal de Limpeza P\u00fablica","url":"https:\/\/www.manaus.am.gov.br\/semulsp\/","logo":{"@type":"ImageObject","inLanguage":"pt-BR","@id":"https:\/\/www.manaus.am.gov.br\/semulsp\/#\/schema\/logo\/image\/","url":"https:\/\/www.manaus.am.gov.br\/semulsp\/wp-content\/uploads\/sites\/23\/2023\/05\/cropped-favicon.png","contentUrl":"https:\/\/www.manaus.am.gov.br\/semulsp\/wp-content\/uploads\/sites\/23\/2023\/05\/cropped-favicon.png","width":512,"height":512,"caption":"SEMULSP"},"image":{"@id":"https:\/\/www.manaus.am.gov.br\/semulsp\/#\/schema\/logo\/image\/"},"sameAs":["https:\/\/www.facebook.com\/semulspmanaus","https:\/\/www.instagram.com\/semulspmanaus\/"]},{"@type":"Person","@id":"https:\/\/www.manaus.am.gov.br\/semulsp\/#\/schema\/person\/466a0e03ae4b6062809046bd560ac955","name":"bvalente","image":{"@type":"ImageObject","inLanguage":"pt-BR","@id":"https:\/\/www.manaus.am.gov.br\/semulsp\/#\/schema\/person\/image\/","url":"https:\/\/secure.gravatar.com\/avatar\/3e69bc2b014bdad41adfec3a39de07d2?s=96&d=mm&r=g","contentUrl":"https:\/\/secure.gravatar.com\/avatar\/3e69bc2b014bdad41adfec3a39de07d2?s=96&d=mm&r=g","caption":"bvalente"}}]}},"_links":{"self":[{"href":"https:\/\/www.manaus.am.gov.br\/semulsp\/wp-json\/wp\/v2\/posts\/2784"}],"collection":[{"href":"https:\/\/www.manaus.am.gov.br\/semulsp\/wp-json\/wp\/v2\/posts"}],"about":[{"href":"https:\/\/www.manaus.am.gov.br\/semulsp\/wp-json\/wp\/v2\/types\/post"}],"author":[{"embeddable":true,"href":"https:\/\/www.manaus.am.gov.br\/semulsp\/wp-json\/wp\/v2\/users\/68"}],"replies":[{"embeddable":true,"href":"https:\/\/www.manaus.am.gov.br\/semulsp\/wp-json\/wp\/v2\/comments?post=2784"}],"version-history":[{"count":1,"href":"https:\/\/www.manaus.am.gov.br\/semulsp\/wp-json\/wp\/v2\/posts\/2784\/revisions"}],"predecessor-version":[{"id":2799,"href":"https:\/\/www.manaus.am.gov.br\/semulsp\/wp-json\/wp\/v2\/posts\/2784\/revisions\/2799"}],"wp:featuredmedia":[{"embeddable":true,"href":"https:\/\/www.manaus.am.gov.br\/semulsp\/wp-json\/wp\/v2\/media\/2785"}],"wp:attachment":[{"href":"https:\/\/www.manaus.am.gov.br\/semulsp\/wp-json\/wp\/v2\/media?parent=2784"}],"wp:term":[{"taxonomy":"category","embeddable":true,"href":"https:\/\/www.manaus.am.gov.br\/semulsp\/wp-json\/wp\/v2\/categories?post=2784"},{"taxonomy":"post_tag","embeddable":true,"href":"https:\/\/www.manaus.am.gov.br\/semulsp\/wp-json\/wp\/v2\/tags?post=2784"}],"curies":[{"name":"wp","href":"https:\/\/api.w.org\/{rel}","templated":true}]}}