{"id":2782,"date":"2026-01-15T18:28:25","date_gmt":"2026-01-15T22:28:25","guid":{"rendered":"https:\/\/www.manaus.am.gov.br\/semulsp\/limpeza-corredores-viarios\/"},"modified":"2026-01-15T18:28:26","modified_gmt":"2026-01-15T22:28:26","slug":"limpeza-corredores-viarios","status":"publish","type":"post","link":"https:\/\/www.manaus.am.gov.br\/semulsp\/limpeza-corredores-viarios\/","title":{"rendered":"Prefeitura intensifica limpeza em corredores vi\u00e1rios e refor\u00e7a cuidado com Manaus"},"content":{"rendered":"\n<p><br>A Prefeitura de Manaus, por meio da Secretaria Municipal de Limpeza Urbana (Semulsp), realizou, na manh\u00e3 desta quinta-feira, 15\/1, uma grande a\u00e7\u00e3o de limpeza em importantes corredores vi\u00e1rios da capital. O mutir\u00e3o alcan\u00e7ou \u00e1reas estrat\u00e9gicas com intenso fluxo de ve\u00edculos e pedestres, fortalecendo a pol\u00edtica de organiza\u00e7\u00e3o urbana, seguran\u00e7a vi\u00e1ria e sa\u00fade p\u00fablica.<br><br>Entre os locais atendidos est\u00e3o os canteiros centrais e laterais das avenidas Noel Nutels e Torquato Tapaj\u00f3s, na zona Norte. As equipes atuaram na retirada de res\u00edduos, capina\u00e7\u00e3o, varri\u00e7\u00e3o e manuten\u00e7\u00e3o das \u00e1reas verdes, promovendo mais dignidade aos espa\u00e7os p\u00fablicos e melhor visibilidade para motoristas.<br><br>O subsecret\u00e1rio operacional da Semulsp, Jairo Santos, destacou que manter a cidade limpa e organizada \u00e9 uma das prioridades da administra\u00e7\u00e3o municipal.<br><br>\u201cA ideia da prefeitura, sob a lideran\u00e7a do prefeito David Almeida e com a coordena\u00e7\u00e3o do nosso secret\u00e1rio Sab\u00e1 Reis, \u00e9 garantir que nossos corredores vi\u00e1rios e logradouros p\u00fablicos estejam sempre limpos, organizados e seguros para a popula\u00e7\u00e3o\u201d, afirmou.<br><br>Segundo ele, as a\u00e7\u00f5es s\u00e3o planejadas de forma estrat\u00e9gica, priorizando locais de grande circula\u00e7\u00e3o e pontos com hist\u00f3rico de descarte irregular.<br><br><strong>Interven\u00e7\u00e3o em diferentes vias <br><br><\/strong>Al\u00e9m das avenidas Torquato Tapaj\u00f3s e Max Teixeira, a opera\u00e7\u00e3o alcan\u00e7ou outras vias movimentadas da cidade, como a avenida S\u00e3o Jo\u00e3o, na zona Norte, e a avenida Louren\u00e7o Braga e alameda S\u00e3o Benedito, na zona Sul.<br><br>As frentes de trabalho atuaram de forma simult\u00e2nea, garantindo maior abrang\u00eancia da a\u00e7\u00e3o e impacto imediato na paisagem urbana.<br><strong><br>Participa\u00e7\u00e3o da popula\u00e7\u00e3o \u00e9 fundamental<br><br><\/strong>Jairo Santos refor\u00e7ou que a colabora\u00e7\u00e3o da popula\u00e7\u00e3o \u00e9 decisiva para manter a cidade limpa. \u201cN\u00f3s fazemos a coleta, mas \u00e9 importante que as pessoas tenham consci\u00eancia. A cidade \u00e9 de todos n\u00f3s e quando cada um faz a sua parte o resultado aparece e a popula\u00e7\u00e3o pode perceber\u201d, ressaltou.<br><br>A Semulsp orienta que o descarte de res\u00edduos seja feito nos hor\u00e1rios corretos da coleta domiciliar e lembra que a popula\u00e7\u00e3o pode denunciar pontos de descarte irregular por meio do Disk Semulsp.<br><br><strong>Trabalho permanente em todas as zonas<br><br><\/strong>A secretaria mant\u00e9m um cronograma cont\u00ednuo de a\u00e7\u00f5es em todas as zonas da cidade, com servi\u00e7os de varri\u00e7\u00e3o, capina\u00e7\u00e3o, coleta, limpeza de canteiros e combate di\u00e1rio \u00e0s lixeiras clandestinas.<br><br>As opera\u00e7\u00f5es fazem parte de um esfor\u00e7o permanente da Prefeitura de Manaus para promover mais qualidade de vida, preservar o meio ambiente e fortalecer a consci\u00eancia coletiva sobre o uso respons\u00e1vel dos espa\u00e7os urbanos.<br><\/p>\n\n\n\n<p>\u2014&#8211; \u2014- \u2014-<br><strong>Texto &#8211; <\/strong>Dora Tupinamb\u00e1 \/ Semulsp<br><strong>Fotos &#8211;<\/strong> Valdo Le\u00e3o \/ Semcom<br><strong>Dispon\u00edveis em &#8211;<\/strong> <a href=\"https:\/\/flic.kr\/s\/aHBqjCGAUC\">https:\/\/flic.kr\/s\/aHBqjCGAUC<\/a>&nbsp;<\/p>\n","protected":false},"excerpt":{"rendered":"","protected":false},"author":68,"featured_media":2783,"comment_status":"closed","ping_status":"closed","sticky":false,"template":"","format":"standard","meta":{"footnotes":""},"categories":[157],"tags":[508,966,10,19],"acf":[],"yoast_head":"<!-- This site is optimized with the Yoast SEO plugin v23.0 - https:\/\/yoast.com\/wordpress\/plugins\/seo\/ -->\n<title>Prefeitura intensifica limpeza em corredores vi\u00e1rios<\/title>\n<meta name=\"description\" content=\"A Prefeitura de Manaus realizou, na manh\u00e3 desta quinta-feira, 15\/1, uma grande a\u00e7\u00e3o de limpeza em importantes corredores vi\u00e1rios da capital.\" \/>\n<meta name=\"robots\" content=\"noindex, follow\" \/>\n<meta property=\"og:locale\" content=\"pt_BR\" \/>\n<meta property=\"og:type\" content=\"article\" \/>\n<meta property=\"og:title\" content=\"Prefeitura intensifica limpeza em corredores vi\u00e1rios\" \/>\n<meta property=\"og:description\" content=\"A Prefeitura de Manaus realizou, na manh\u00e3 desta quinta-feira, 15\/1, uma grande a\u00e7\u00e3o de limpeza em importantes corredores vi\u00e1rios da capital.\" \/>\n<meta property=\"og:url\" content=\"https:\/\/www.manaus.am.gov.br\/semulsp\/limpeza-corredores-viarios\/\" \/>\n<meta property=\"og:site_name\" content=\"SEMULSP\" \/>\n<meta property=\"article:publisher\" content=\"https:\/\/www.facebook.com\/semulspmanaus\" \/>\n<meta property=\"article:published_time\" content=\"2026-01-15T22:28:25+00:00\" \/>\n<meta property=\"article:modified_time\" content=\"2026-01-15T22:28:26+00:00\" \/>\n<meta property=\"og:image\" content=\"https:\/\/www.manaus.am.gov.br\/semulsp\/wp-content\/uploads\/sites\/23\/2026\/01\/55043021568_2601f1a290_c.jpg\" \/>\n\t<meta property=\"og:image:width\" content=\"799\" \/>\n\t<meta property=\"og:image:height\" content=\"533\" \/>\n\t<meta property=\"og:image:type\" content=\"image\/jpeg\" \/>\n<meta name=\"author\" content=\"bvalente\" \/>\n<meta name=\"twitter:card\" content=\"summary_large_image\" \/>\n<meta name=\"twitter:label1\" content=\"Written by\" \/>\n\t<meta name=\"twitter:data1\" content=\"bvalente\" \/>\n\t<meta name=\"twitter:label2\" content=\"Est. reading time\" \/>\n\t<meta name=\"twitter:data2\" content=\"3 minutos\" \/>\n<script type=\"application\/ld+json\" class=\"yoast-schema-graph\">{\"@context\":\"https:\/\/schema.org\",\"@graph\":[{\"@type\":\"Article\",\"@id\":\"https:\/\/www.manaus.am.gov.br\/semulsp\/limpeza-corredores-viarios\/#article\",\"isPartOf\":{\"@id\":\"https:\/\/www.manaus.am.gov.br\/semulsp\/limpeza-corredores-viarios\/\"},\"author\":{\"name\":\"bvalente\",\"@id\":\"https:\/\/www.manaus.am.gov.br\/semulsp\/#\/schema\/person\/466a0e03ae4b6062809046bd560ac955\"},\"headline\":\"Prefeitura intensifica limpeza em corredores vi\u00e1rios e refor\u00e7a cuidado com Manaus\",\"datePublished\":\"2026-01-15T22:28:25+00:00\",\"dateModified\":\"2026-01-15T22:28:26+00:00\",\"mainEntityOfPage\":{\"@id\":\"https:\/\/www.manaus.am.gov.br\/semulsp\/limpeza-corredores-viarios\/\"},\"wordCount\":494,\"publisher\":{\"@id\":\"https:\/\/www.manaus.am.gov.br\/semulsp\/#organization\"},\"image\":{\"@id\":\"https:\/\/www.manaus.am.gov.br\/semulsp\/limpeza-corredores-viarios\/#primaryimage\"},\"thumbnailUrl\":\"https:\/\/www.manaus.am.gov.br\/semulsp\/wp-content\/uploads\/sites\/23\/2026\/01\/55043021568_2601f1a290_c.jpg\",\"keywords\":[\"grande a\u00e7\u00e3o de limpeza\",\"limpeza corredores vi\u00e1rios\",\"prefeitura de manaus\",\"semulsp\"],\"articleSection\":[\"Opera\u00e7\u00e3o\"],\"inLanguage\":\"pt-BR\"},{\"@type\":\"WebPage\",\"@id\":\"https:\/\/www.manaus.am.gov.br\/semulsp\/limpeza-corredores-viarios\/\",\"url\":\"https:\/\/www.manaus.am.gov.br\/semulsp\/limpeza-corredores-viarios\/\",\"name\":\"Prefeitura intensifica limpeza em corredores vi\u00e1rios\",\"isPartOf\":{\"@id\":\"https:\/\/www.manaus.am.gov.br\/semulsp\/#website\"},\"primaryImageOfPage\":{\"@id\":\"https:\/\/www.manaus.am.gov.br\/semulsp\/limpeza-corredores-viarios\/#primaryimage\"},\"image\":{\"@id\":\"https:\/\/www.manaus.am.gov.br\/semulsp\/limpeza-corredores-viarios\/#primaryimage\"},\"thumbnailUrl\":\"https:\/\/www.manaus.am.gov.br\/semulsp\/wp-content\/uploads\/sites\/23\/2026\/01\/55043021568_2601f1a290_c.jpg\",\"datePublished\":\"2026-01-15T22:28:25+00:00\",\"dateModified\":\"2026-01-15T22:28:26+00:00\",\"description\":\"A Prefeitura de Manaus realizou, na manh\u00e3 desta quinta-feira, 15\/1, uma grande a\u00e7\u00e3o de limpeza em importantes corredores vi\u00e1rios da capital.\",\"breadcrumb\":{\"@id\":\"https:\/\/www.manaus.am.gov.br\/semulsp\/limpeza-corredores-viarios\/#breadcrumb\"},\"inLanguage\":\"pt-BR\",\"potentialAction\":[{\"@type\":\"ReadAction\",\"target\":[\"https:\/\/www.manaus.am.gov.br\/semulsp\/limpeza-corredores-viarios\/\"]}]},{\"@type\":\"ImageObject\",\"inLanguage\":\"pt-BR\",\"@id\":\"https:\/\/www.manaus.am.gov.br\/semulsp\/limpeza-corredores-viarios\/#primaryimage\",\"url\":\"https:\/\/www.manaus.am.gov.br\/semulsp\/wp-content\/uploads\/sites\/23\/2026\/01\/55043021568_2601f1a290_c.jpg\",\"contentUrl\":\"https:\/\/www.manaus.am.gov.br\/semulsp\/wp-content\/uploads\/sites\/23\/2026\/01\/55043021568_2601f1a290_c.jpg\",\"width\":799,\"height\":533,\"caption\":\"#paratodosverem - Equipes da Semulsp realizando servi\u00e7os\"},{\"@type\":\"BreadcrumbList\",\"@id\":\"https:\/\/www.manaus.am.gov.br\/semulsp\/limpeza-corredores-viarios\/#breadcrumb\",\"itemListElement\":[{\"@type\":\"ListItem\",\"position\":1,\"name\":\"Home\",\"item\":\"https:\/\/www.manaus.am.gov.br\/semulsp\/\"},{\"@type\":\"ListItem\",\"position\":2,\"name\":\"Prefeitura intensifica limpeza em corredores vi\u00e1rios e refor\u00e7a cuidado com Manaus\"}]},{\"@type\":\"WebSite\",\"@id\":\"https:\/\/www.manaus.am.gov.br\/semulsp\/#website\",\"url\":\"https:\/\/www.manaus.am.gov.br\/semulsp\/\",\"name\":\"SEMULSP\",\"description\":\"Prefeitura de Manaus\",\"publisher\":{\"@id\":\"https:\/\/www.manaus.am.gov.br\/semulsp\/#organization\"},\"alternateName\":\"Secretaria Municipal de Limpeza P\u00fablica\",\"potentialAction\":[{\"@type\":\"SearchAction\",\"target\":{\"@type\":\"EntryPoint\",\"urlTemplate\":\"https:\/\/www.manaus.am.gov.br\/semulsp\/?s={search_term_string}\"},\"query-input\":\"required name=search_term_string\"}],\"inLanguage\":\"pt-BR\"},{\"@type\":\"Organization\",\"@id\":\"https:\/\/www.manaus.am.gov.br\/semulsp\/#organization\",\"name\":\"SEMULSP\",\"alternateName\":\"Secretaria Municipal de Limpeza P\u00fablica\",\"url\":\"https:\/\/www.manaus.am.gov.br\/semulsp\/\",\"logo\":{\"@type\":\"ImageObject\",\"inLanguage\":\"pt-BR\",\"@id\":\"https:\/\/www.manaus.am.gov.br\/semulsp\/#\/schema\/logo\/image\/\",\"url\":\"https:\/\/www.manaus.am.gov.br\/semulsp\/wp-content\/uploads\/sites\/23\/2023\/05\/cropped-favicon.png\",\"contentUrl\":\"https:\/\/www.manaus.am.gov.br\/semulsp\/wp-content\/uploads\/sites\/23\/2023\/05\/cropped-favicon.png\",\"width\":512,\"height\":512,\"caption\":\"SEMULSP\"},\"image\":{\"@id\":\"https:\/\/www.manaus.am.gov.br\/semulsp\/#\/schema\/logo\/image\/\"},\"sameAs\":[\"https:\/\/www.facebook.com\/semulspmanaus\",\"https:\/\/www.instagram.com\/semulspmanaus\/\"]},{\"@type\":\"Person\",\"@id\":\"https:\/\/www.manaus.am.gov.br\/semulsp\/#\/schema\/person\/466a0e03ae4b6062809046bd560ac955\",\"name\":\"bvalente\",\"image\":{\"@type\":\"ImageObject\",\"inLanguage\":\"pt-BR\",\"@id\":\"https:\/\/www.manaus.am.gov.br\/semulsp\/#\/schema\/person\/image\/\",\"url\":\"https:\/\/secure.gravatar.com\/avatar\/3e69bc2b014bdad41adfec3a39de07d2?s=96&d=mm&r=g\",\"contentUrl\":\"https:\/\/secure.gravatar.com\/avatar\/3e69bc2b014bdad41adfec3a39de07d2?s=96&d=mm&r=g\",\"caption\":\"bvalente\"}}]}<\/script>\n<!-- \/ Yoast SEO plugin. -->","yoast_head_json":{"title":"Prefeitura intensifica limpeza em corredores vi\u00e1rios","description":"A Prefeitura de Manaus realizou, na manh\u00e3 desta quinta-feira, 15\/1, uma grande a\u00e7\u00e3o de limpeza em importantes corredores vi\u00e1rios da capital.","robots":{"index":"noindex","follow":"follow"},"og_locale":"pt_BR","og_type":"article","og_title":"Prefeitura intensifica limpeza em corredores vi\u00e1rios","og_description":"A Prefeitura de Manaus realizou, na manh\u00e3 desta quinta-feira, 15\/1, uma grande a\u00e7\u00e3o de limpeza em importantes corredores vi\u00e1rios da capital.","og_url":"https:\/\/www.manaus.am.gov.br\/semulsp\/limpeza-corredores-viarios\/","og_site_name":"SEMULSP","article_publisher":"https:\/\/www.facebook.com\/semulspmanaus","article_published_time":"2026-01-15T22:28:25+00:00","article_modified_time":"2026-01-15T22:28:26+00:00","og_image":[{"width":799,"height":533,"url":"https:\/\/www.manaus.am.gov.br\/semulsp\/wp-content\/uploads\/sites\/23\/2026\/01\/55043021568_2601f1a290_c.jpg","type":"image\/jpeg"}],"author":"bvalente","twitter_card":"summary_large_image","twitter_misc":{"Written by":"bvalente","Est. reading time":"3 minutos"},"schema":{"@context":"https:\/\/schema.org","@graph":[{"@type":"Article","@id":"https:\/\/www.manaus.am.gov.br\/semulsp\/limpeza-corredores-viarios\/#article","isPartOf":{"@id":"https:\/\/www.manaus.am.gov.br\/semulsp\/limpeza-corredores-viarios\/"},"author":{"name":"bvalente","@id":"https:\/\/www.manaus.am.gov.br\/semulsp\/#\/schema\/person\/466a0e03ae4b6062809046bd560ac955"},"headline":"Prefeitura intensifica limpeza em corredores vi\u00e1rios e refor\u00e7a cuidado com Manaus","datePublished":"2026-01-15T22:28:25+00:00","dateModified":"2026-01-15T22:28:26+00:00","mainEntityOfPage":{"@id":"https:\/\/www.manaus.am.gov.br\/semulsp\/limpeza-corredores-viarios\/"},"wordCount":494,"publisher":{"@id":"https:\/\/www.manaus.am.gov.br\/semulsp\/#organization"},"image":{"@id":"https:\/\/www.manaus.am.gov.br\/semulsp\/limpeza-corredores-viarios\/#primaryimage"},"thumbnailUrl":"https:\/\/www.manaus.am.gov.br\/semulsp\/wp-content\/uploads\/sites\/23\/2026\/01\/55043021568_2601f1a290_c.jpg","keywords":["grande a\u00e7\u00e3o de limpeza","limpeza corredores vi\u00e1rios","prefeitura de manaus","semulsp"],"articleSection":["Opera\u00e7\u00e3o"],"inLanguage":"pt-BR"},{"@type":"WebPage","@id":"https:\/\/www.manaus.am.gov.br\/semulsp\/limpeza-corredores-viarios\/","url":"https:\/\/www.manaus.am.gov.br\/semulsp\/limpeza-corredores-viarios\/","name":"Prefeitura intensifica limpeza em corredores vi\u00e1rios","isPartOf":{"@id":"https:\/\/www.manaus.am.gov.br\/semulsp\/#website"},"primaryImageOfPage":{"@id":"https:\/\/www.manaus.am.gov.br\/semulsp\/limpeza-corredores-viarios\/#primaryimage"},"image":{"@id":"https:\/\/www.manaus.am.gov.br\/semulsp\/limpeza-corredores-viarios\/#primaryimage"},"thumbnailUrl":"https:\/\/www.manaus.am.gov.br\/semulsp\/wp-content\/uploads\/sites\/23\/2026\/01\/55043021568_2601f1a290_c.jpg","datePublished":"2026-01-15T22:28:25+00:00","dateModified":"2026-01-15T22:28:26+00:00","description":"A Prefeitura de Manaus realizou, na manh\u00e3 desta quinta-feira, 15\/1, uma grande a\u00e7\u00e3o de limpeza em importantes corredores vi\u00e1rios da capital.","breadcrumb":{"@id":"https:\/\/www.manaus.am.gov.br\/semulsp\/limpeza-corredores-viarios\/#breadcrumb"},"inLanguage":"pt-BR","potentialAction":[{"@type":"ReadAction","target":["https:\/\/www.manaus.am.gov.br\/semulsp\/limpeza-corredores-viarios\/"]}]},{"@type":"ImageObject","inLanguage":"pt-BR","@id":"https:\/\/www.manaus.am.gov.br\/semulsp\/limpeza-corredores-viarios\/#primaryimage","url":"https:\/\/www.manaus.am.gov.br\/semulsp\/wp-content\/uploads\/sites\/23\/2026\/01\/55043021568_2601f1a290_c.jpg","contentUrl":"https:\/\/www.manaus.am.gov.br\/semulsp\/wp-content\/uploads\/sites\/23\/2026\/01\/55043021568_2601f1a290_c.jpg","width":799,"height":533,"caption":"#paratodosverem - Equipes da Semulsp realizando servi\u00e7os"},{"@type":"BreadcrumbList","@id":"https:\/\/www.manaus.am.gov.br\/semulsp\/limpeza-corredores-viarios\/#breadcrumb","itemListElement":[{"@type":"ListItem","position":1,"name":"Home","item":"https:\/\/www.manaus.am.gov.br\/semulsp\/"},{"@type":"ListItem","position":2,"name":"Prefeitura intensifica limpeza em corredores vi\u00e1rios e refor\u00e7a cuidado com Manaus"}]},{"@type":"WebSite","@id":"https:\/\/www.manaus.am.gov.br\/semulsp\/#website","url":"https:\/\/www.manaus.am.gov.br\/semulsp\/","name":"SEMULSP","description":"Prefeitura de Manaus","publisher":{"@id":"https:\/\/www.manaus.am.gov.br\/semulsp\/#organization"},"alternateName":"Secretaria Municipal de Limpeza P\u00fablica","potentialAction":[{"@type":"SearchAction","target":{"@type":"EntryPoint","urlTemplate":"https:\/\/www.manaus.am.gov.br\/semulsp\/?s={search_term_string}"},"query-input":"required name=search_term_string"}],"inLanguage":"pt-BR"},{"@type":"Organization","@id":"https:\/\/www.manaus.am.gov.br\/semulsp\/#organization","name":"SEMULSP","alternateName":"Secretaria Municipal de Limpeza P\u00fablica","url":"https:\/\/www.manaus.am.gov.br\/semulsp\/","logo":{"@type":"ImageObject","inLanguage":"pt-BR","@id":"https:\/\/www.manaus.am.gov.br\/semulsp\/#\/schema\/logo\/image\/","url":"https:\/\/www.manaus.am.gov.br\/semulsp\/wp-content\/uploads\/sites\/23\/2023\/05\/cropped-favicon.png","contentUrl":"https:\/\/www.manaus.am.gov.br\/semulsp\/wp-content\/uploads\/sites\/23\/2023\/05\/cropped-favicon.png","width":512,"height":512,"caption":"SEMULSP"},"image":{"@id":"https:\/\/www.manaus.am.gov.br\/semulsp\/#\/schema\/logo\/image\/"},"sameAs":["https:\/\/www.facebook.com\/semulspmanaus","https:\/\/www.instagram.com\/semulspmanaus\/"]},{"@type":"Person","@id":"https:\/\/www.manaus.am.gov.br\/semulsp\/#\/schema\/person\/466a0e03ae4b6062809046bd560ac955","name":"bvalente","image":{"@type":"ImageObject","inLanguage":"pt-BR","@id":"https:\/\/www.manaus.am.gov.br\/semulsp\/#\/schema\/person\/image\/","url":"https:\/\/secure.gravatar.com\/avatar\/3e69bc2b014bdad41adfec3a39de07d2?s=96&d=mm&r=g","contentUrl":"https:\/\/secure.gravatar.com\/avatar\/3e69bc2b014bdad41adfec3a39de07d2?s=96&d=mm&r=g","caption":"bvalente"}}]}},"_links":{"self":[{"href":"https:\/\/www.manaus.am.gov.br\/semulsp\/wp-json\/wp\/v2\/posts\/2782"}],"collection":[{"href":"https:\/\/www.manaus.am.gov.br\/semulsp\/wp-json\/wp\/v2\/posts"}],"about":[{"href":"https:\/\/www.manaus.am.gov.br\/semulsp\/wp-json\/wp\/v2\/types\/post"}],"author":[{"embeddable":true,"href":"https:\/\/www.manaus.am.gov.br\/semulsp\/wp-json\/wp\/v2\/users\/68"}],"replies":[{"embeddable":true,"href":"https:\/\/www.manaus.am.gov.br\/semulsp\/wp-json\/wp\/v2\/comments?post=2782"}],"version-history":[{"count":0,"href":"https:\/\/www.manaus.am.gov.br\/semulsp\/wp-json\/wp\/v2\/posts\/2782\/revisions"}],"wp:featuredmedia":[{"embeddable":true,"href":"https:\/\/www.manaus.am.gov.br\/semulsp\/wp-json\/wp\/v2\/media\/2783"}],"wp:attachment":[{"href":"https:\/\/www.manaus.am.gov.br\/semulsp\/wp-json\/wp\/v2\/media?parent=2782"}],"wp:term":[{"taxonomy":"category","embeddable":true,"href":"https:\/\/www.manaus.am.gov.br\/semulsp\/wp-json\/wp\/v2\/categories?post=2782"},{"taxonomy":"post_tag","embeddable":true,"href":"https:\/\/www.manaus.am.gov.br\/semulsp\/wp-json\/wp\/v2\/tags?post=2782"}],"curies":[{"name":"wp","href":"https:\/\/api.w.org\/{rel}","templated":true}]}}