{"id":2704,"date":"2025-12-06T16:57:10","date_gmt":"2025-12-06T20:57:10","guid":{"rendered":"https:\/\/www.manaus.am.gov.br\/semulsp\/marina-do-davi-limpeza\/"},"modified":"2025-12-06T16:57:10","modified_gmt":"2025-12-06T20:57:10","slug":"marina-do-davi-limpeza","status":"publish","type":"post","link":"https:\/\/www.manaus.am.gov.br\/semulsp\/marina-do-davi-limpeza\/","title":{"rendered":"Prefeitura de Manaus acelera limpeza na marina do Davi e remove ac\u00famulo de res\u00edduos no Tarum\u00e3"},"content":{"rendered":"\n<p>Mais de 100 servidores municipais participaram de uma grande opera\u00e7\u00e3o integrada de limpeza, coordenada pela Prefeitura de Manaus, por meio da Secretaria Municipal de Limpeza Urbana (Semulsp), na marina do Davi, localizada na zona Oeste. O local \u00e9 um dos principais pontos de embarque tur\u00edstico da capital e rota di\u00e1ria de acesso para centenas de fam\u00edlias de comunidades rurais, ribeirinhas e ind\u00edgenas.<\/p>\n\n\n\n<p>As equipes realizaram capina\u00e7\u00e3o, poda e limpeza completa dos dois lados da estrada que leva \u00e0 marina, \u00e1rea de intenso fluxo de visitantes, embarca\u00e7\u00f5es e ve\u00edculos. O trabalho tamb\u00e9m se estendeu ao igarap\u00e9 do Tarum\u00e3, que, nas \u00faltimas semanas, vinha apresentando ac\u00famulo elevado de res\u00edduos em raz\u00e3o do aumento das chuvas e do triste h\u00e1bito de parte da popula\u00e7\u00e3o de descartar lixo irregularmente ao longo das vias e dos cursos d\u2019\u00e1gua da regi\u00e3o. Essa combina\u00e7\u00e3o faz com que grandes volumes de res\u00edduos sejam arrastados para o leito do igarap\u00e9, exigindo a\u00e7\u00f5es emergenciais e refor\u00e7o operacional da Semulsp.<\/p>\n\n\n\n<p>\u201cEstamos atuando todos os dias para impedir que o lixo chegue aos nossos igarap\u00e9s e ao rio Negro, mas a cidade precisa da colabora\u00e7\u00e3o de todos. Quando chove, todo res\u00edduo jogado na rua acaba sendo arrastado para a rede de drenagem e para os igarap\u00e9s. Aqui na marina do Davi refor\u00e7amos as equipes justamente por causa desse aumento de res\u00edduos nas \u00faltimas semanas\u201d, afirmou o secret\u00e1rio Sab\u00e1 Reis.<\/p>\n\n\n\n<p>A limpeza aqu\u00e1tica contou com apoio de pequenas embarca\u00e7\u00f5es e de equipamentos adaptados, incluindo barreiras confeccionadas com garrafas PET que funcionam como uma esp\u00e9cie de rede de arrasto, concentrando o lixo flutuante e facilitando sua remo\u00e7\u00e3o com trator de esteira e retroescavadeira. O m\u00e9todo aumenta a efici\u00eancia da coleta e impede que os res\u00edduos avancem para \u00e1reas mais profundas ou atinjam o rio Negro.<\/p>\n\n\n\n<p>Al\u00e9m dessa interven\u00e7\u00e3o emergencial, a Semulsp realizou a higieniza\u00e7\u00e3o dos coletores instalados em terra firme e na \u00e1gua \u2014 fundamentais para evitar que os res\u00edduos avancem pelo curso do igarap\u00e9 e para garantir mais seguran\u00e7a ambiental no entorno da marina, um espa\u00e7o estrat\u00e9gico que conecta Manaus ao turismo regional e \u00e0 vida das comunidades tradicionais. Esse trabalho faz parte da rotina di\u00e1ria das equipes destacadas para a orla, igarap\u00e9s e comunidades rurais.<\/p>\n\n\n\n<p>Dezenas de toneladas foram recolhidas, embarcadas em balsas da Semulsp e seguem para destino adequado no aterro municipal controlado, durante o pr\u00f3ximo transbordo, agendado para 14 de dezembro.<\/p>\n\n\n\n<p>&#8212; &#8212; &#8212;&nbsp;<\/p>\n\n\n\n<p><strong>Texto &#8211;<\/strong> Dora Tupinamb\u00e1 \/ Semulsp<\/p>\n\n\n\n<p><strong>Fotos &#8211;<\/strong> Semulsp \/ Divulga\u00e7\u00e3o<\/p>\n","protected":false},"excerpt":{"rendered":"","protected":false},"author":57,"featured_media":2705,"comment_status":"closed","ping_status":"closed","sticky":false,"template":"","format":"standard","meta":{"footnotes":""},"categories":[38],"tags":[514,10,19],"acf":[],"yoast_head":"<!-- This site is optimized with the Yoast SEO plugin v23.0 - https:\/\/yoast.com\/wordpress\/plugins\/seo\/ -->\n<title>Prefeitura de Manaus acelera limpeza na marina do Davi<\/title>\n<meta name=\"description\" content=\"Mais de 100 servidores municipais participaram de uma grande opera\u00e7\u00e3o integrada de limpeza, coordenada pela PMM na marina do Davi.\" \/>\n<meta name=\"robots\" content=\"noindex, follow\" \/>\n<meta property=\"og:locale\" content=\"pt_BR\" \/>\n<meta property=\"og:type\" content=\"article\" \/>\n<meta property=\"og:title\" content=\"Prefeitura de Manaus acelera limpeza na marina do Davi\" \/>\n<meta property=\"og:description\" content=\"Mais de 100 servidores municipais participaram de uma grande opera\u00e7\u00e3o integrada de limpeza, coordenada pela PMM na marina do Davi.\" \/>\n<meta property=\"og:url\" content=\"https:\/\/www.manaus.am.gov.br\/semulsp\/marina-do-davi-limpeza\/\" \/>\n<meta property=\"og:site_name\" content=\"SEMULSP\" \/>\n<meta property=\"article:publisher\" content=\"https:\/\/www.facebook.com\/semulspmanaus\" \/>\n<meta property=\"article:published_time\" content=\"2025-12-06T20:57:10+00:00\" \/>\n<meta property=\"og:image\" content=\"https:\/\/www.manaus.am.gov.br\/semulsp\/wp-content\/uploads\/sites\/23\/2025\/12\/marina-do-Davi-1.jpeg\" \/>\n\t<meta property=\"og:image:width\" content=\"1055\" \/>\n\t<meta property=\"og:image:height\" content=\"660\" \/>\n\t<meta property=\"og:image:type\" content=\"image\/jpeg\" \/>\n<meta name=\"author\" content=\"Thiago Fernando\" \/>\n<meta name=\"twitter:card\" content=\"summary_large_image\" \/>\n<meta name=\"twitter:label1\" content=\"Written by\" \/>\n\t<meta name=\"twitter:data1\" content=\"Thiago Fernando\" \/>\n\t<meta name=\"twitter:label2\" content=\"Est. reading time\" \/>\n\t<meta name=\"twitter:data2\" content=\"3 minutos\" \/>\n<script type=\"application\/ld+json\" class=\"yoast-schema-graph\">{\"@context\":\"https:\/\/schema.org\",\"@graph\":[{\"@type\":\"Article\",\"@id\":\"https:\/\/www.manaus.am.gov.br\/semulsp\/marina-do-davi-limpeza\/#article\",\"isPartOf\":{\"@id\":\"https:\/\/www.manaus.am.gov.br\/semulsp\/marina-do-davi-limpeza\/\"},\"author\":{\"name\":\"Thiago Fernando\",\"@id\":\"https:\/\/www.manaus.am.gov.br\/semulsp\/#\/schema\/person\/a5ee5376db6e21af026374b369f30882\"},\"headline\":\"Prefeitura de Manaus acelera limpeza na marina do Davi e remove ac\u00famulo de res\u00edduos no Tarum\u00e3\",\"datePublished\":\"2025-12-06T20:57:10+00:00\",\"dateModified\":\"2025-12-06T20:57:10+00:00\",\"mainEntityOfPage\":{\"@id\":\"https:\/\/www.manaus.am.gov.br\/semulsp\/marina-do-davi-limpeza\/\"},\"wordCount\":461,\"publisher\":{\"@id\":\"https:\/\/www.manaus.am.gov.br\/semulsp\/#organization\"},\"image\":{\"@id\":\"https:\/\/www.manaus.am.gov.br\/semulsp\/marina-do-davi-limpeza\/#primaryimage\"},\"thumbnailUrl\":\"https:\/\/www.manaus.am.gov.br\/semulsp\/wp-content\/uploads\/sites\/23\/2025\/12\/marina-do-Davi-1.jpeg\",\"keywords\":[\"Marina do Davi\",\"prefeitura de manaus\",\"semulsp\"],\"articleSection\":[\"Limpeza\"],\"inLanguage\":\"pt-BR\"},{\"@type\":\"WebPage\",\"@id\":\"https:\/\/www.manaus.am.gov.br\/semulsp\/marina-do-davi-limpeza\/\",\"url\":\"https:\/\/www.manaus.am.gov.br\/semulsp\/marina-do-davi-limpeza\/\",\"name\":\"Prefeitura de Manaus acelera limpeza na marina do Davi\",\"isPartOf\":{\"@id\":\"https:\/\/www.manaus.am.gov.br\/semulsp\/#website\"},\"primaryImageOfPage\":{\"@id\":\"https:\/\/www.manaus.am.gov.br\/semulsp\/marina-do-davi-limpeza\/#primaryimage\"},\"image\":{\"@id\":\"https:\/\/www.manaus.am.gov.br\/semulsp\/marina-do-davi-limpeza\/#primaryimage\"},\"thumbnailUrl\":\"https:\/\/www.manaus.am.gov.br\/semulsp\/wp-content\/uploads\/sites\/23\/2025\/12\/marina-do-Davi-1.jpeg\",\"datePublished\":\"2025-12-06T20:57:10+00:00\",\"dateModified\":\"2025-12-06T20:57:10+00:00\",\"description\":\"Mais de 100 servidores municipais participaram de uma grande opera\u00e7\u00e3o integrada de limpeza, coordenada pela PMM na marina do Davi.\",\"breadcrumb\":{\"@id\":\"https:\/\/www.manaus.am.gov.br\/semulsp\/marina-do-davi-limpeza\/#breadcrumb\"},\"inLanguage\":\"pt-BR\",\"potentialAction\":[{\"@type\":\"ReadAction\",\"target\":[\"https:\/\/www.manaus.am.gov.br\/semulsp\/marina-do-davi-limpeza\/\"]}]},{\"@type\":\"ImageObject\",\"inLanguage\":\"pt-BR\",\"@id\":\"https:\/\/www.manaus.am.gov.br\/semulsp\/marina-do-davi-limpeza\/#primaryimage\",\"url\":\"https:\/\/www.manaus.am.gov.br\/semulsp\/wp-content\/uploads\/sites\/23\/2025\/12\/marina-do-Davi-1.jpeg\",\"contentUrl\":\"https:\/\/www.manaus.am.gov.br\/semulsp\/wp-content\/uploads\/sites\/23\/2025\/12\/marina-do-Davi-1.jpeg\",\"width\":1055,\"height\":660,\"caption\":\"#paratodosverem - Servidores da Semulsp realizando a limpeza do rio Negro\"},{\"@type\":\"BreadcrumbList\",\"@id\":\"https:\/\/www.manaus.am.gov.br\/semulsp\/marina-do-davi-limpeza\/#breadcrumb\",\"itemListElement\":[{\"@type\":\"ListItem\",\"position\":1,\"name\":\"Home\",\"item\":\"https:\/\/www.manaus.am.gov.br\/semulsp\/\"},{\"@type\":\"ListItem\",\"position\":2,\"name\":\"Prefeitura de Manaus acelera limpeza na marina do Davi e remove ac\u00famulo de res\u00edduos no Tarum\u00e3\"}]},{\"@type\":\"WebSite\",\"@id\":\"https:\/\/www.manaus.am.gov.br\/semulsp\/#website\",\"url\":\"https:\/\/www.manaus.am.gov.br\/semulsp\/\",\"name\":\"SEMULSP\",\"description\":\"Prefeitura de Manaus\",\"publisher\":{\"@id\":\"https:\/\/www.manaus.am.gov.br\/semulsp\/#organization\"},\"alternateName\":\"Secretaria Municipal de Limpeza P\u00fablica\",\"potentialAction\":[{\"@type\":\"SearchAction\",\"target\":{\"@type\":\"EntryPoint\",\"urlTemplate\":\"https:\/\/www.manaus.am.gov.br\/semulsp\/?s={search_term_string}\"},\"query-input\":\"required name=search_term_string\"}],\"inLanguage\":\"pt-BR\"},{\"@type\":\"Organization\",\"@id\":\"https:\/\/www.manaus.am.gov.br\/semulsp\/#organization\",\"name\":\"SEMULSP\",\"alternateName\":\"Secretaria Municipal de Limpeza P\u00fablica\",\"url\":\"https:\/\/www.manaus.am.gov.br\/semulsp\/\",\"logo\":{\"@type\":\"ImageObject\",\"inLanguage\":\"pt-BR\",\"@id\":\"https:\/\/www.manaus.am.gov.br\/semulsp\/#\/schema\/logo\/image\/\",\"url\":\"https:\/\/www.manaus.am.gov.br\/semulsp\/wp-content\/uploads\/sites\/23\/2023\/05\/cropped-favicon.png\",\"contentUrl\":\"https:\/\/www.manaus.am.gov.br\/semulsp\/wp-content\/uploads\/sites\/23\/2023\/05\/cropped-favicon.png\",\"width\":512,\"height\":512,\"caption\":\"SEMULSP\"},\"image\":{\"@id\":\"https:\/\/www.manaus.am.gov.br\/semulsp\/#\/schema\/logo\/image\/\"},\"sameAs\":[\"https:\/\/www.facebook.com\/semulspmanaus\",\"https:\/\/www.instagram.com\/semulspmanaus\/\"]},{\"@type\":\"Person\",\"@id\":\"https:\/\/www.manaus.am.gov.br\/semulsp\/#\/schema\/person\/a5ee5376db6e21af026374b369f30882\",\"name\":\"Thiago Fernando\",\"image\":{\"@type\":\"ImageObject\",\"inLanguage\":\"pt-BR\",\"@id\":\"https:\/\/www.manaus.am.gov.br\/semulsp\/#\/schema\/person\/image\/\",\"url\":\"https:\/\/secure.gravatar.com\/avatar\/f5aab8722444041451501c077052ac07?s=96&d=mm&r=g\",\"contentUrl\":\"https:\/\/secure.gravatar.com\/avatar\/f5aab8722444041451501c077052ac07?s=96&d=mm&r=g\",\"caption\":\"Thiago Fernando\"}}]}<\/script>\n<!-- \/ Yoast SEO plugin. -->","yoast_head_json":{"title":"Prefeitura de Manaus acelera limpeza na marina do Davi","description":"Mais de 100 servidores municipais participaram de uma grande opera\u00e7\u00e3o integrada de limpeza, coordenada pela PMM na marina do Davi.","robots":{"index":"noindex","follow":"follow"},"og_locale":"pt_BR","og_type":"article","og_title":"Prefeitura de Manaus acelera limpeza na marina do Davi","og_description":"Mais de 100 servidores municipais participaram de uma grande opera\u00e7\u00e3o integrada de limpeza, coordenada pela PMM na marina do Davi.","og_url":"https:\/\/www.manaus.am.gov.br\/semulsp\/marina-do-davi-limpeza\/","og_site_name":"SEMULSP","article_publisher":"https:\/\/www.facebook.com\/semulspmanaus","article_published_time":"2025-12-06T20:57:10+00:00","og_image":[{"width":1055,"height":660,"url":"https:\/\/www.manaus.am.gov.br\/semulsp\/wp-content\/uploads\/sites\/23\/2025\/12\/marina-do-Davi-1.jpeg","type":"image\/jpeg"}],"author":"Thiago Fernando","twitter_card":"summary_large_image","twitter_misc":{"Written by":"Thiago Fernando","Est. reading time":"3 minutos"},"schema":{"@context":"https:\/\/schema.org","@graph":[{"@type":"Article","@id":"https:\/\/www.manaus.am.gov.br\/semulsp\/marina-do-davi-limpeza\/#article","isPartOf":{"@id":"https:\/\/www.manaus.am.gov.br\/semulsp\/marina-do-davi-limpeza\/"},"author":{"name":"Thiago Fernando","@id":"https:\/\/www.manaus.am.gov.br\/semulsp\/#\/schema\/person\/a5ee5376db6e21af026374b369f30882"},"headline":"Prefeitura de Manaus acelera limpeza na marina do Davi e remove ac\u00famulo de res\u00edduos no Tarum\u00e3","datePublished":"2025-12-06T20:57:10+00:00","dateModified":"2025-12-06T20:57:10+00:00","mainEntityOfPage":{"@id":"https:\/\/www.manaus.am.gov.br\/semulsp\/marina-do-davi-limpeza\/"},"wordCount":461,"publisher":{"@id":"https:\/\/www.manaus.am.gov.br\/semulsp\/#organization"},"image":{"@id":"https:\/\/www.manaus.am.gov.br\/semulsp\/marina-do-davi-limpeza\/#primaryimage"},"thumbnailUrl":"https:\/\/www.manaus.am.gov.br\/semulsp\/wp-content\/uploads\/sites\/23\/2025\/12\/marina-do-Davi-1.jpeg","keywords":["Marina do Davi","prefeitura de manaus","semulsp"],"articleSection":["Limpeza"],"inLanguage":"pt-BR"},{"@type":"WebPage","@id":"https:\/\/www.manaus.am.gov.br\/semulsp\/marina-do-davi-limpeza\/","url":"https:\/\/www.manaus.am.gov.br\/semulsp\/marina-do-davi-limpeza\/","name":"Prefeitura de Manaus acelera limpeza na marina do Davi","isPartOf":{"@id":"https:\/\/www.manaus.am.gov.br\/semulsp\/#website"},"primaryImageOfPage":{"@id":"https:\/\/www.manaus.am.gov.br\/semulsp\/marina-do-davi-limpeza\/#primaryimage"},"image":{"@id":"https:\/\/www.manaus.am.gov.br\/semulsp\/marina-do-davi-limpeza\/#primaryimage"},"thumbnailUrl":"https:\/\/www.manaus.am.gov.br\/semulsp\/wp-content\/uploads\/sites\/23\/2025\/12\/marina-do-Davi-1.jpeg","datePublished":"2025-12-06T20:57:10+00:00","dateModified":"2025-12-06T20:57:10+00:00","description":"Mais de 100 servidores municipais participaram de uma grande opera\u00e7\u00e3o integrada de limpeza, coordenada pela PMM na marina do Davi.","breadcrumb":{"@id":"https:\/\/www.manaus.am.gov.br\/semulsp\/marina-do-davi-limpeza\/#breadcrumb"},"inLanguage":"pt-BR","potentialAction":[{"@type":"ReadAction","target":["https:\/\/www.manaus.am.gov.br\/semulsp\/marina-do-davi-limpeza\/"]}]},{"@type":"ImageObject","inLanguage":"pt-BR","@id":"https:\/\/www.manaus.am.gov.br\/semulsp\/marina-do-davi-limpeza\/#primaryimage","url":"https:\/\/www.manaus.am.gov.br\/semulsp\/wp-content\/uploads\/sites\/23\/2025\/12\/marina-do-Davi-1.jpeg","contentUrl":"https:\/\/www.manaus.am.gov.br\/semulsp\/wp-content\/uploads\/sites\/23\/2025\/12\/marina-do-Davi-1.jpeg","width":1055,"height":660,"caption":"#paratodosverem - Servidores da Semulsp realizando a limpeza do rio Negro"},{"@type":"BreadcrumbList","@id":"https:\/\/www.manaus.am.gov.br\/semulsp\/marina-do-davi-limpeza\/#breadcrumb","itemListElement":[{"@type":"ListItem","position":1,"name":"Home","item":"https:\/\/www.manaus.am.gov.br\/semulsp\/"},{"@type":"ListItem","position":2,"name":"Prefeitura de Manaus acelera limpeza na marina do Davi e remove ac\u00famulo de res\u00edduos no Tarum\u00e3"}]},{"@type":"WebSite","@id":"https:\/\/www.manaus.am.gov.br\/semulsp\/#website","url":"https:\/\/www.manaus.am.gov.br\/semulsp\/","name":"SEMULSP","description":"Prefeitura de Manaus","publisher":{"@id":"https:\/\/www.manaus.am.gov.br\/semulsp\/#organization"},"alternateName":"Secretaria Municipal de Limpeza P\u00fablica","potentialAction":[{"@type":"SearchAction","target":{"@type":"EntryPoint","urlTemplate":"https:\/\/www.manaus.am.gov.br\/semulsp\/?s={search_term_string}"},"query-input":"required name=search_term_string"}],"inLanguage":"pt-BR"},{"@type":"Organization","@id":"https:\/\/www.manaus.am.gov.br\/semulsp\/#organization","name":"SEMULSP","alternateName":"Secretaria Municipal de Limpeza P\u00fablica","url":"https:\/\/www.manaus.am.gov.br\/semulsp\/","logo":{"@type":"ImageObject","inLanguage":"pt-BR","@id":"https:\/\/www.manaus.am.gov.br\/semulsp\/#\/schema\/logo\/image\/","url":"https:\/\/www.manaus.am.gov.br\/semulsp\/wp-content\/uploads\/sites\/23\/2023\/05\/cropped-favicon.png","contentUrl":"https:\/\/www.manaus.am.gov.br\/semulsp\/wp-content\/uploads\/sites\/23\/2023\/05\/cropped-favicon.png","width":512,"height":512,"caption":"SEMULSP"},"image":{"@id":"https:\/\/www.manaus.am.gov.br\/semulsp\/#\/schema\/logo\/image\/"},"sameAs":["https:\/\/www.facebook.com\/semulspmanaus","https:\/\/www.instagram.com\/semulspmanaus\/"]},{"@type":"Person","@id":"https:\/\/www.manaus.am.gov.br\/semulsp\/#\/schema\/person\/a5ee5376db6e21af026374b369f30882","name":"Thiago Fernando","image":{"@type":"ImageObject","inLanguage":"pt-BR","@id":"https:\/\/www.manaus.am.gov.br\/semulsp\/#\/schema\/person\/image\/","url":"https:\/\/secure.gravatar.com\/avatar\/f5aab8722444041451501c077052ac07?s=96&d=mm&r=g","contentUrl":"https:\/\/secure.gravatar.com\/avatar\/f5aab8722444041451501c077052ac07?s=96&d=mm&r=g","caption":"Thiago Fernando"}}]}},"_links":{"self":[{"href":"https:\/\/www.manaus.am.gov.br\/semulsp\/wp-json\/wp\/v2\/posts\/2704"}],"collection":[{"href":"https:\/\/www.manaus.am.gov.br\/semulsp\/wp-json\/wp\/v2\/posts"}],"about":[{"href":"https:\/\/www.manaus.am.gov.br\/semulsp\/wp-json\/wp\/v2\/types\/post"}],"author":[{"embeddable":true,"href":"https:\/\/www.manaus.am.gov.br\/semulsp\/wp-json\/wp\/v2\/users\/57"}],"replies":[{"embeddable":true,"href":"https:\/\/www.manaus.am.gov.br\/semulsp\/wp-json\/wp\/v2\/comments?post=2704"}],"version-history":[{"count":0,"href":"https:\/\/www.manaus.am.gov.br\/semulsp\/wp-json\/wp\/v2\/posts\/2704\/revisions"}],"wp:featuredmedia":[{"embeddable":true,"href":"https:\/\/www.manaus.am.gov.br\/semulsp\/wp-json\/wp\/v2\/media\/2705"}],"wp:attachment":[{"href":"https:\/\/www.manaus.am.gov.br\/semulsp\/wp-json\/wp\/v2\/media?parent=2704"}],"wp:term":[{"taxonomy":"category","embeddable":true,"href":"https:\/\/www.manaus.am.gov.br\/semulsp\/wp-json\/wp\/v2\/categories?post=2704"},{"taxonomy":"post_tag","embeddable":true,"href":"https:\/\/www.manaus.am.gov.br\/semulsp\/wp-json\/wp\/v2\/tags?post=2704"}],"curies":[{"name":"wp","href":"https:\/\/api.w.org\/{rel}","templated":true}]}}