{"id":2691,"date":"2025-11-30T21:50:40","date_gmt":"2025-12-01T01:50:40","guid":{"rendered":"https:\/\/www.manaus.am.gov.br\/semulsp\/obra-colonia-antonio-aleixo\/"},"modified":"2025-11-30T21:51:39","modified_gmt":"2025-12-01T01:51:39","slug":"obra-colonia-antonio-aleixo","status":"publish","type":"post","link":"https:\/\/www.manaus.am.gov.br\/semulsp\/obra-colonia-antonio-aleixo\/","title":{"rendered":"Vice-prefeito Renato Junior entrega \u00e1rea comunit\u00e1ria restaurada e inaugura Cruz Gloriosa no Col\u00f4nia Ant\u00f4nio Aleixo"},"content":{"rendered":"\n<p>O vice-prefeito de Manaus, Renato Junior, inaugurou, neste domingo, 30\/11, o monumento Cruz Gloriosa, obra que simboliza a f\u00e9 e a resist\u00eancia, erguido na rotat\u00f3ria do Col\u00f4nia Ant\u00f4nio Aleixo, na zona Leste da capital. A interven\u00e7\u00e3o, executada pela Secretaria Municipal de Limpeza Urbana (Semulsp), \u00e9 uma realiza\u00e7\u00e3o conjunta da Prefeitura de Manaus e da Arquidiocese da capital, em homenagem aos 75 anos da par\u00f3quia Nossa Senhora das Gra\u00e7as.&nbsp;<\/p>\n\n\n\n<p>Segundo o vice-prefeito, o monumento integra um conjunto de interven\u00e7\u00f5es urbanas que refor\u00e7am o valor hist\u00f3rico, religioso e cultural do bairro.<\/p>\n\n\n\n<p>\u201cA equipe da Semulsp, comandada pelo secret\u00e1rio Sab\u00e1 Reis, est\u00e1 entregando, se dedicando, fazendo al\u00e9m da limpeza p\u00fablica, monumentos como este, que ficar\u00e3o na mem\u00f3ria de todos que aqui est\u00e3o. A Prefeitura de Manaus tamb\u00e9m faz um agradecimento \u00e0 igreja, que n\u00e3o se preocupou apenas com um pr\u00e9dio p\u00fablico hist\u00f3rico da cidade de Manaus, mas tamb\u00e9m se preocupa em ter a Fazenda da Esperan\u00e7a para reabilitar pessoas que precisam de um ressignificado\u201d, ressaltou Renato Junior.<\/p>\n\n\n\n<p>O monumento Cruz Gloriosa foi criado pelo gari e escultor Luiz Silva, conhecido como Luizinho, servidor da Semulsp, e simboliza a f\u00e9 e a resist\u00eancia de uma comunidade marcada por profundas mem\u00f3rias hist\u00f3ricas. Al\u00e9m da cruz, duas outras esculturas comp\u00f5em o conjunto art\u00edstico instalado na rotat\u00f3ria: uma representa\u00e7\u00e3o de Jesus Cristo carregando a cruz no Calv\u00e1rio e outra de Maria segurando o corpo do filho ap\u00f3s a crucifica\u00e7\u00e3o.<br><br>O secret\u00e1rio da Semulsp, Sab\u00e1 Reis, destacou o trabalho do artes\u00e3o e criador do monumento Cruz Gloriosa. \u201cO Luizinho n\u00e3o \u00e9 o \u00fanico artista que n\u00f3s temos na Semulsp, temos outros que cuidam do paisagismo, e outras \u00e1reas. N\u00f3s estamos cuidando para que Manaus fique cada vez mais bonita, para virar uma cidade mais linda e mais tur\u00edstica\u201d, comemorou Sab\u00e1.<br><br><strong>Revitaliza\u00e7\u00e3o<\/strong><\/p>\n\n\n\n<p>Al\u00e9m da implanta\u00e7\u00e3o do conjunto escult\u00f3rico, a revitaliza\u00e7\u00e3o da rotat\u00f3ria do Col\u00f4nia Ant\u00f4nio Aleixo incluiu servi\u00e7os de limpeza geral, recupera\u00e7\u00e3o do canteiro central, paisagismo, pintura e melhorias visuais na \u00e1rea. As interven\u00e7\u00f5es contribuem para a valoriza\u00e7\u00e3o do espa\u00e7o urbano e para o bem-estar de moradores, pedestres e motoristas que circulam diariamente pelo local.<\/p>\n\n\n\n<p>O p\u00e1roco da comunidade, padre Gast\u00f3n Miguel, celebrou o trabalho da Semulsp em favor do progresso da cidade de Manaus.<\/p>\n\n\n\n<p>\u201cEste monumento n\u00e3o \u00e9 apenas uma obra f\u00edsica, \u00e9 um sinal vis\u00edvel da aten\u00e7\u00e3o, da prontid\u00e3o e da disponibilidade da Prefeitura de Manaus, em que \u00e9 vis\u00edvel a sua inten\u00e7\u00e3o de transformar a nossa cidade em uma das cidades mais bonitas do nosso Brasil. Que Deus aben\u00e7oe a todos,\u201d disse o padre Miguel.<\/p>\n\n\n\n<p>Ap\u00f3s a inaugura\u00e7\u00e3o do monumento, os fi\u00e9is seguiram em prociss\u00e3o at\u00e9 a Igreja da Par\u00f3quia Nossa Senhora das Gra\u00e7as, onde foi celebrada uma Missa em A\u00e7\u00e3o de Gra\u00e7as pelos 75 anos da par\u00f3quia. A cerim\u00f4nia contou tamb\u00e9m com a presen\u00e7a do cardeal dom Leonardo Ulrich Steiner, arcebispo de Manaus.&nbsp;<\/p>\n\n\n\n<p>A a\u00e7\u00e3o refor\u00e7ou o compromisso do munic\u00edpio com a requalifica\u00e7\u00e3o de espa\u00e7os p\u00fablicos e com o respeito \u00e0 identidade das comunidades, reconhecendo a import\u00e2ncia simb\u00f3lica, social e afetiva do Col\u00f4nia Ant\u00f4nio Aleixo para a mem\u00f3ria da cidade. Mais do que uma interven\u00e7\u00e3o urbana, a nova rotat\u00f3ria se torna um marco de reconstru\u00e7\u00e3o, f\u00e9, mem\u00f3ria e esperan\u00e7a para a comunidade, reafirmando o valor do patrim\u00f4nio que conecta passado, presente e futuro.<\/p>\n\n\n\n<p>&#8212; &#8212; &#8212;<br><strong>Texto \u2013 <\/strong>Marcilene Frutuoso \/ Semcom e Dora Tupinamb\u00e1 \/ Semulsp<br><strong>Fotos &#8211; <\/strong>Cl\u00f3vis Miranda \/ Semcom<br><strong>Dispon\u00edveis em &#8211; <\/strong><a href=\"https:\/\/flic.kr\/s\/aHBqjCCjfX\">https:\/\/flic.kr\/s\/aHBqjCCjfX<\/a>\u00a0<\/p>\n","protected":false},"excerpt":{"rendered":"","protected":false},"author":68,"featured_media":2692,"comment_status":"closed","ping_status":"closed","sticky":false,"template":"","format":"standard","meta":{"footnotes":""},"categories":[68],"tags":[943,10,19],"acf":[],"yoast_head":"<!-- This site is optimized with the Yoast SEO plugin v23.0 - https:\/\/yoast.com\/wordpress\/plugins\/seo\/ -->\n<title>Renato Junior inaugura Cruz Gloriosa no Col\u00f4nia Ant\u00f4nio Aleixo<\/title>\n<meta name=\"description\" content=\"O vice-prefeito de Manaus, Renato Junior, inaugurou, neste domingo, 30, o monumento Cruz Gloriosa, obra que simboliza a f\u00e9 e a resist\u00eancia.\" \/>\n<meta name=\"robots\" content=\"noindex, follow\" \/>\n<meta property=\"og:locale\" content=\"pt_BR\" \/>\n<meta property=\"og:type\" content=\"article\" \/>\n<meta property=\"og:title\" content=\"Renato Junior inaugura Cruz Gloriosa no Col\u00f4nia Ant\u00f4nio Aleixo\" \/>\n<meta property=\"og:description\" content=\"O vice-prefeito de Manaus, Renato Junior, inaugurou, neste domingo, 30, o monumento Cruz Gloriosa, obra que simboliza a f\u00e9 e a resist\u00eancia.\" \/>\n<meta property=\"og:url\" content=\"https:\/\/www.manaus.am.gov.br\/semulsp\/obra-colonia-antonio-aleixo\/\" \/>\n<meta property=\"og:site_name\" content=\"SEMULSP\" \/>\n<meta property=\"article:publisher\" content=\"https:\/\/www.facebook.com\/semulspmanaus\" \/>\n<meta property=\"article:published_time\" content=\"2025-12-01T01:50:40+00:00\" \/>\n<meta property=\"article:modified_time\" content=\"2025-12-01T01:51:39+00:00\" \/>\n<meta property=\"og:image\" content=\"https:\/\/www.manaus.am.gov.br\/semulsp\/wp-content\/uploads\/sites\/23\/2025\/11\/54956099701_273e733125_c.jpg\" \/>\n\t<meta property=\"og:image:width\" content=\"799\" \/>\n\t<meta property=\"og:image:height\" content=\"533\" \/>\n\t<meta property=\"og:image:type\" content=\"image\/jpeg\" \/>\n<meta name=\"author\" content=\"bvalente\" \/>\n<meta name=\"twitter:card\" content=\"summary_large_image\" \/>\n<meta name=\"twitter:label1\" content=\"Written by\" \/>\n\t<meta name=\"twitter:data1\" content=\"bvalente\" \/>\n\t<meta name=\"twitter:label2\" content=\"Est. reading time\" \/>\n\t<meta name=\"twitter:data2\" content=\"4 minutos\" \/>\n<script type=\"application\/ld+json\" class=\"yoast-schema-graph\">{\"@context\":\"https:\/\/schema.org\",\"@graph\":[{\"@type\":\"Article\",\"@id\":\"https:\/\/www.manaus.am.gov.br\/semulsp\/obra-colonia-antonio-aleixo\/#article\",\"isPartOf\":{\"@id\":\"https:\/\/www.manaus.am.gov.br\/semulsp\/obra-colonia-antonio-aleixo\/\"},\"author\":{\"name\":\"bvalente\",\"@id\":\"https:\/\/www.manaus.am.gov.br\/semulsp\/#\/schema\/person\/466a0e03ae4b6062809046bd560ac955\"},\"headline\":\"Vice-prefeito Renato Junior entrega \u00e1rea comunit\u00e1ria restaurada e inaugura Cruz Gloriosa no Col\u00f4nia Ant\u00f4nio Aleixo\",\"datePublished\":\"2025-12-01T01:50:40+00:00\",\"dateModified\":\"2025-12-01T01:51:39+00:00\",\"mainEntityOfPage\":{\"@id\":\"https:\/\/www.manaus.am.gov.br\/semulsp\/obra-colonia-antonio-aleixo\/\"},\"wordCount\":667,\"publisher\":{\"@id\":\"https:\/\/www.manaus.am.gov.br\/semulsp\/#organization\"},\"image\":{\"@id\":\"https:\/\/www.manaus.am.gov.br\/semulsp\/obra-colonia-antonio-aleixo\/#primaryimage\"},\"thumbnailUrl\":\"https:\/\/www.manaus.am.gov.br\/semulsp\/wp-content\/uploads\/sites\/23\/2025\/11\/54956099701_273e733125_c.jpg\",\"keywords\":[\"obra Col\u00f4nia Ant\u00f4nio Aleixo\",\"prefeitura de manaus\",\"semulsp\"],\"articleSection\":[\"Homenagem\"],\"inLanguage\":\"pt-BR\"},{\"@type\":\"WebPage\",\"@id\":\"https:\/\/www.manaus.am.gov.br\/semulsp\/obra-colonia-antonio-aleixo\/\",\"url\":\"https:\/\/www.manaus.am.gov.br\/semulsp\/obra-colonia-antonio-aleixo\/\",\"name\":\"Renato Junior inaugura Cruz Gloriosa no Col\u00f4nia Ant\u00f4nio Aleixo\",\"isPartOf\":{\"@id\":\"https:\/\/www.manaus.am.gov.br\/semulsp\/#website\"},\"primaryImageOfPage\":{\"@id\":\"https:\/\/www.manaus.am.gov.br\/semulsp\/obra-colonia-antonio-aleixo\/#primaryimage\"},\"image\":{\"@id\":\"https:\/\/www.manaus.am.gov.br\/semulsp\/obra-colonia-antonio-aleixo\/#primaryimage\"},\"thumbnailUrl\":\"https:\/\/www.manaus.am.gov.br\/semulsp\/wp-content\/uploads\/sites\/23\/2025\/11\/54956099701_273e733125_c.jpg\",\"datePublished\":\"2025-12-01T01:50:40+00:00\",\"dateModified\":\"2025-12-01T01:51:39+00:00\",\"description\":\"O vice-prefeito de Manaus, Renato Junior, inaugurou, neste domingo, 30, o monumento Cruz Gloriosa, obra que simboliza a f\u00e9 e a resist\u00eancia.\",\"breadcrumb\":{\"@id\":\"https:\/\/www.manaus.am.gov.br\/semulsp\/obra-colonia-antonio-aleixo\/#breadcrumb\"},\"inLanguage\":\"pt-BR\",\"potentialAction\":[{\"@type\":\"ReadAction\",\"target\":[\"https:\/\/www.manaus.am.gov.br\/semulsp\/obra-colonia-antonio-aleixo\/\"]}]},{\"@type\":\"ImageObject\",\"inLanguage\":\"pt-BR\",\"@id\":\"https:\/\/www.manaus.am.gov.br\/semulsp\/obra-colonia-antonio-aleixo\/#primaryimage\",\"url\":\"https:\/\/www.manaus.am.gov.br\/semulsp\/wp-content\/uploads\/sites\/23\/2025\/11\/54956099701_273e733125_c.jpg\",\"contentUrl\":\"https:\/\/www.manaus.am.gov.br\/semulsp\/wp-content\/uploads\/sites\/23\/2025\/11\/54956099701_273e733125_c.jpg\",\"width\":799,\"height\":533,\"caption\":\"#paratodosverem - vice-prefeito de Manaus, Renato Junior, titular Sab\u00e1 Reies e autoridades durante inaugura\u00e7\u00e3o\"},{\"@type\":\"BreadcrumbList\",\"@id\":\"https:\/\/www.manaus.am.gov.br\/semulsp\/obra-colonia-antonio-aleixo\/#breadcrumb\",\"itemListElement\":[{\"@type\":\"ListItem\",\"position\":1,\"name\":\"Home\",\"item\":\"https:\/\/www.manaus.am.gov.br\/semulsp\/\"},{\"@type\":\"ListItem\",\"position\":2,\"name\":\"Vice-prefeito Renato Junior entrega \u00e1rea comunit\u00e1ria restaurada e inaugura Cruz Gloriosa no Col\u00f4nia Ant\u00f4nio Aleixo\"}]},{\"@type\":\"WebSite\",\"@id\":\"https:\/\/www.manaus.am.gov.br\/semulsp\/#website\",\"url\":\"https:\/\/www.manaus.am.gov.br\/semulsp\/\",\"name\":\"SEMULSP\",\"description\":\"Prefeitura de Manaus\",\"publisher\":{\"@id\":\"https:\/\/www.manaus.am.gov.br\/semulsp\/#organization\"},\"alternateName\":\"Secretaria Municipal de Limpeza P\u00fablica\",\"potentialAction\":[{\"@type\":\"SearchAction\",\"target\":{\"@type\":\"EntryPoint\",\"urlTemplate\":\"https:\/\/www.manaus.am.gov.br\/semulsp\/?s={search_term_string}\"},\"query-input\":\"required name=search_term_string\"}],\"inLanguage\":\"pt-BR\"},{\"@type\":\"Organization\",\"@id\":\"https:\/\/www.manaus.am.gov.br\/semulsp\/#organization\",\"name\":\"SEMULSP\",\"alternateName\":\"Secretaria Municipal de Limpeza P\u00fablica\",\"url\":\"https:\/\/www.manaus.am.gov.br\/semulsp\/\",\"logo\":{\"@type\":\"ImageObject\",\"inLanguage\":\"pt-BR\",\"@id\":\"https:\/\/www.manaus.am.gov.br\/semulsp\/#\/schema\/logo\/image\/\",\"url\":\"https:\/\/www.manaus.am.gov.br\/semulsp\/wp-content\/uploads\/sites\/23\/2023\/05\/cropped-favicon.png\",\"contentUrl\":\"https:\/\/www.manaus.am.gov.br\/semulsp\/wp-content\/uploads\/sites\/23\/2023\/05\/cropped-favicon.png\",\"width\":512,\"height\":512,\"caption\":\"SEMULSP\"},\"image\":{\"@id\":\"https:\/\/www.manaus.am.gov.br\/semulsp\/#\/schema\/logo\/image\/\"},\"sameAs\":[\"https:\/\/www.facebook.com\/semulspmanaus\",\"https:\/\/www.instagram.com\/semulspmanaus\/\"]},{\"@type\":\"Person\",\"@id\":\"https:\/\/www.manaus.am.gov.br\/semulsp\/#\/schema\/person\/466a0e03ae4b6062809046bd560ac955\",\"name\":\"bvalente\",\"image\":{\"@type\":\"ImageObject\",\"inLanguage\":\"pt-BR\",\"@id\":\"https:\/\/www.manaus.am.gov.br\/semulsp\/#\/schema\/person\/image\/\",\"url\":\"https:\/\/secure.gravatar.com\/avatar\/3e69bc2b014bdad41adfec3a39de07d2?s=96&d=mm&r=g\",\"contentUrl\":\"https:\/\/secure.gravatar.com\/avatar\/3e69bc2b014bdad41adfec3a39de07d2?s=96&d=mm&r=g\",\"caption\":\"bvalente\"}}]}<\/script>\n<!-- \/ Yoast SEO plugin. -->","yoast_head_json":{"title":"Renato Junior inaugura Cruz Gloriosa no Col\u00f4nia Ant\u00f4nio Aleixo","description":"O vice-prefeito de Manaus, Renato Junior, inaugurou, neste domingo, 30, o monumento Cruz Gloriosa, obra que simboliza a f\u00e9 e a resist\u00eancia.","robots":{"index":"noindex","follow":"follow"},"og_locale":"pt_BR","og_type":"article","og_title":"Renato Junior inaugura Cruz Gloriosa no Col\u00f4nia Ant\u00f4nio Aleixo","og_description":"O vice-prefeito de Manaus, Renato Junior, inaugurou, neste domingo, 30, o monumento Cruz Gloriosa, obra que simboliza a f\u00e9 e a resist\u00eancia.","og_url":"https:\/\/www.manaus.am.gov.br\/semulsp\/obra-colonia-antonio-aleixo\/","og_site_name":"SEMULSP","article_publisher":"https:\/\/www.facebook.com\/semulspmanaus","article_published_time":"2025-12-01T01:50:40+00:00","article_modified_time":"2025-12-01T01:51:39+00:00","og_image":[{"width":799,"height":533,"url":"https:\/\/www.manaus.am.gov.br\/semulsp\/wp-content\/uploads\/sites\/23\/2025\/11\/54956099701_273e733125_c.jpg","type":"image\/jpeg"}],"author":"bvalente","twitter_card":"summary_large_image","twitter_misc":{"Written by":"bvalente","Est. reading time":"4 minutos"},"schema":{"@context":"https:\/\/schema.org","@graph":[{"@type":"Article","@id":"https:\/\/www.manaus.am.gov.br\/semulsp\/obra-colonia-antonio-aleixo\/#article","isPartOf":{"@id":"https:\/\/www.manaus.am.gov.br\/semulsp\/obra-colonia-antonio-aleixo\/"},"author":{"name":"bvalente","@id":"https:\/\/www.manaus.am.gov.br\/semulsp\/#\/schema\/person\/466a0e03ae4b6062809046bd560ac955"},"headline":"Vice-prefeito Renato Junior entrega \u00e1rea comunit\u00e1ria restaurada e inaugura Cruz Gloriosa no Col\u00f4nia Ant\u00f4nio Aleixo","datePublished":"2025-12-01T01:50:40+00:00","dateModified":"2025-12-01T01:51:39+00:00","mainEntityOfPage":{"@id":"https:\/\/www.manaus.am.gov.br\/semulsp\/obra-colonia-antonio-aleixo\/"},"wordCount":667,"publisher":{"@id":"https:\/\/www.manaus.am.gov.br\/semulsp\/#organization"},"image":{"@id":"https:\/\/www.manaus.am.gov.br\/semulsp\/obra-colonia-antonio-aleixo\/#primaryimage"},"thumbnailUrl":"https:\/\/www.manaus.am.gov.br\/semulsp\/wp-content\/uploads\/sites\/23\/2025\/11\/54956099701_273e733125_c.jpg","keywords":["obra Col\u00f4nia Ant\u00f4nio Aleixo","prefeitura de manaus","semulsp"],"articleSection":["Homenagem"],"inLanguage":"pt-BR"},{"@type":"WebPage","@id":"https:\/\/www.manaus.am.gov.br\/semulsp\/obra-colonia-antonio-aleixo\/","url":"https:\/\/www.manaus.am.gov.br\/semulsp\/obra-colonia-antonio-aleixo\/","name":"Renato Junior inaugura Cruz Gloriosa no Col\u00f4nia Ant\u00f4nio Aleixo","isPartOf":{"@id":"https:\/\/www.manaus.am.gov.br\/semulsp\/#website"},"primaryImageOfPage":{"@id":"https:\/\/www.manaus.am.gov.br\/semulsp\/obra-colonia-antonio-aleixo\/#primaryimage"},"image":{"@id":"https:\/\/www.manaus.am.gov.br\/semulsp\/obra-colonia-antonio-aleixo\/#primaryimage"},"thumbnailUrl":"https:\/\/www.manaus.am.gov.br\/semulsp\/wp-content\/uploads\/sites\/23\/2025\/11\/54956099701_273e733125_c.jpg","datePublished":"2025-12-01T01:50:40+00:00","dateModified":"2025-12-01T01:51:39+00:00","description":"O vice-prefeito de Manaus, Renato Junior, inaugurou, neste domingo, 30, o monumento Cruz Gloriosa, obra que simboliza a f\u00e9 e a resist\u00eancia.","breadcrumb":{"@id":"https:\/\/www.manaus.am.gov.br\/semulsp\/obra-colonia-antonio-aleixo\/#breadcrumb"},"inLanguage":"pt-BR","potentialAction":[{"@type":"ReadAction","target":["https:\/\/www.manaus.am.gov.br\/semulsp\/obra-colonia-antonio-aleixo\/"]}]},{"@type":"ImageObject","inLanguage":"pt-BR","@id":"https:\/\/www.manaus.am.gov.br\/semulsp\/obra-colonia-antonio-aleixo\/#primaryimage","url":"https:\/\/www.manaus.am.gov.br\/semulsp\/wp-content\/uploads\/sites\/23\/2025\/11\/54956099701_273e733125_c.jpg","contentUrl":"https:\/\/www.manaus.am.gov.br\/semulsp\/wp-content\/uploads\/sites\/23\/2025\/11\/54956099701_273e733125_c.jpg","width":799,"height":533,"caption":"#paratodosverem - vice-prefeito de Manaus, Renato Junior, titular Sab\u00e1 Reies e autoridades durante inaugura\u00e7\u00e3o"},{"@type":"BreadcrumbList","@id":"https:\/\/www.manaus.am.gov.br\/semulsp\/obra-colonia-antonio-aleixo\/#breadcrumb","itemListElement":[{"@type":"ListItem","position":1,"name":"Home","item":"https:\/\/www.manaus.am.gov.br\/semulsp\/"},{"@type":"ListItem","position":2,"name":"Vice-prefeito Renato Junior entrega \u00e1rea comunit\u00e1ria restaurada e inaugura Cruz Gloriosa no Col\u00f4nia Ant\u00f4nio Aleixo"}]},{"@type":"WebSite","@id":"https:\/\/www.manaus.am.gov.br\/semulsp\/#website","url":"https:\/\/www.manaus.am.gov.br\/semulsp\/","name":"SEMULSP","description":"Prefeitura de Manaus","publisher":{"@id":"https:\/\/www.manaus.am.gov.br\/semulsp\/#organization"},"alternateName":"Secretaria Municipal de Limpeza P\u00fablica","potentialAction":[{"@type":"SearchAction","target":{"@type":"EntryPoint","urlTemplate":"https:\/\/www.manaus.am.gov.br\/semulsp\/?s={search_term_string}"},"query-input":"required name=search_term_string"}],"inLanguage":"pt-BR"},{"@type":"Organization","@id":"https:\/\/www.manaus.am.gov.br\/semulsp\/#organization","name":"SEMULSP","alternateName":"Secretaria Municipal de Limpeza P\u00fablica","url":"https:\/\/www.manaus.am.gov.br\/semulsp\/","logo":{"@type":"ImageObject","inLanguage":"pt-BR","@id":"https:\/\/www.manaus.am.gov.br\/semulsp\/#\/schema\/logo\/image\/","url":"https:\/\/www.manaus.am.gov.br\/semulsp\/wp-content\/uploads\/sites\/23\/2023\/05\/cropped-favicon.png","contentUrl":"https:\/\/www.manaus.am.gov.br\/semulsp\/wp-content\/uploads\/sites\/23\/2023\/05\/cropped-favicon.png","width":512,"height":512,"caption":"SEMULSP"},"image":{"@id":"https:\/\/www.manaus.am.gov.br\/semulsp\/#\/schema\/logo\/image\/"},"sameAs":["https:\/\/www.facebook.com\/semulspmanaus","https:\/\/www.instagram.com\/semulspmanaus\/"]},{"@type":"Person","@id":"https:\/\/www.manaus.am.gov.br\/semulsp\/#\/schema\/person\/466a0e03ae4b6062809046bd560ac955","name":"bvalente","image":{"@type":"ImageObject","inLanguage":"pt-BR","@id":"https:\/\/www.manaus.am.gov.br\/semulsp\/#\/schema\/person\/image\/","url":"https:\/\/secure.gravatar.com\/avatar\/3e69bc2b014bdad41adfec3a39de07d2?s=96&d=mm&r=g","contentUrl":"https:\/\/secure.gravatar.com\/avatar\/3e69bc2b014bdad41adfec3a39de07d2?s=96&d=mm&r=g","caption":"bvalente"}}]}},"_links":{"self":[{"href":"https:\/\/www.manaus.am.gov.br\/semulsp\/wp-json\/wp\/v2\/posts\/2691"}],"collection":[{"href":"https:\/\/www.manaus.am.gov.br\/semulsp\/wp-json\/wp\/v2\/posts"}],"about":[{"href":"https:\/\/www.manaus.am.gov.br\/semulsp\/wp-json\/wp\/v2\/types\/post"}],"author":[{"embeddable":true,"href":"https:\/\/www.manaus.am.gov.br\/semulsp\/wp-json\/wp\/v2\/users\/68"}],"replies":[{"embeddable":true,"href":"https:\/\/www.manaus.am.gov.br\/semulsp\/wp-json\/wp\/v2\/comments?post=2691"}],"version-history":[{"count":1,"href":"https:\/\/www.manaus.am.gov.br\/semulsp\/wp-json\/wp\/v2\/posts\/2691\/revisions"}],"predecessor-version":[{"id":2693,"href":"https:\/\/www.manaus.am.gov.br\/semulsp\/wp-json\/wp\/v2\/posts\/2691\/revisions\/2693"}],"wp:featuredmedia":[{"embeddable":true,"href":"https:\/\/www.manaus.am.gov.br\/semulsp\/wp-json\/wp\/v2\/media\/2692"}],"wp:attachment":[{"href":"https:\/\/www.manaus.am.gov.br\/semulsp\/wp-json\/wp\/v2\/media?parent=2691"}],"wp:term":[{"taxonomy":"category","embeddable":true,"href":"https:\/\/www.manaus.am.gov.br\/semulsp\/wp-json\/wp\/v2\/categories?post=2691"},{"taxonomy":"post_tag","embeddable":true,"href":"https:\/\/www.manaus.am.gov.br\/semulsp\/wp-json\/wp\/v2\/tags?post=2691"}],"curies":[{"name":"wp","href":"https:\/\/api.w.org\/{rel}","templated":true}]}}