{"id":2689,"date":"2025-11-29T15:51:06","date_gmt":"2025-11-29T19:51:06","guid":{"rendered":"https:\/\/www.manaus.am.gov.br\/semulsp\/acao-de-limpeza-em-pracas\/"},"modified":"2025-11-29T15:51:07","modified_gmt":"2025-11-29T19:51:07","slug":"acao-de-limpeza-em-pracas","status":"publish","type":"post","link":"https:\/\/www.manaus.am.gov.br\/semulsp\/acao-de-limpeza-em-pracas\/","title":{"rendered":"Prefeitura de Manaus realiza a\u00e7\u00e3o de limpeza em pra\u00e7as e refor\u00e7a cuidado com espa\u00e7os de conviv\u00eancia em todas as zonas da cidade"},"content":{"rendered":"\n<p>A Prefeitura de Manaus, por meio da Secretaria Municipal de Limpeza Urbana (Semulsp), promoveu, neste s\u00e1bado, 29\/11, uma a\u00e7\u00e3o simult\u00e2nea de limpeza e revitaliza\u00e7\u00e3o em 22 pra\u00e7as que comp\u00f5em a rede de conviv\u00eancia e lazer da capital. A iniciativa faz parte da pol\u00edtica permanente de cuidado com espa\u00e7os p\u00fablicos, e que j\u00e1 resultou na revitaliza\u00e7\u00e3o de dezenas de pra\u00e7as, recuperadas e devolvidas \u00e0 popula\u00e7\u00e3o em melhores condi\u00e7\u00f5es de uso.<br><br>A a\u00e7\u00e3o alcan\u00e7ou desde \u00e1reas hist\u00f3ricas do Centro, at\u00e9 pra\u00e7as de grande circula\u00e7\u00e3o nas zonas Norte, Sul, Leste, Oeste, Centro-Oeste e Centro-Sul, fortalecendo a malha de espa\u00e7os p\u00fablicos que fazem parte do cotidiano dos manauaras.<br><br>Na zona Centro-Sul, as equipes atuaram nas pra\u00e7as Nossa Senhora das Gra\u00e7as, Domingos Russo, Libertador, Vilar C\u00e2mara, Parque da Juventude, Expedito Monteiro, Duque de Caxias e na pra\u00e7a molhada do Morro da Liberdade.<br><br>Na zona Centro-Oeste, o trabalho foi realizado na arena Belvedere, Cravina dos Poetas, pra\u00e7a das Flores, pra\u00e7a do Ajuricaba, conjunto Kissia II, Geiza Fraz\u00e3o e pra\u00e7a do Bolota.<br><br>Na zona Leste, receberam servi\u00e7os a pra\u00e7a Tancredo Neves, a pra\u00e7a do Mauazinho e \u00e1reas do Col\u00f4nia Ant\u00f4nio Aleixo.<br><br>Na zona Sul, as equipes atuaram na pra\u00e7a do Col\u00e9gio Polivalente, pra\u00e7a do Cajual e pra\u00e7a do Jardim Petr\u00f3polis.<br><br>No Centro, os servi\u00e7os chegaram \u00e0 pra\u00e7a da Matriz e \u00e0 Tenreiro Aranha, dois dos espa\u00e7os mais tradicionais e movimentados da cidade, e a pra\u00e7a dos Hermanitos.<br><br><strong>Comunidade presente<br><br><\/strong>Um destaque da a\u00e7\u00e3o ocorreu na pra\u00e7a Libertador, no bairro Nossa Senhora das Gra\u00e7as. Um grupo da escola de filosofia\u00a0 Nova Acr\u00f3pole participou da coleta de res\u00edduos descartados irregularmente.<br><br>Para o secret\u00e1rio municipal de Limpeza Urbana, Sab\u00e1 Reis, gestos como esse fortalecem o v\u00ednculo da popula\u00e7\u00e3o com os espa\u00e7os p\u00fablicos.<br><br>\u201cA pra\u00e7a \u00e9 o quintal coletivo da cidade. Quando a comunidade se aproxima e reconhece o esfor\u00e7o dos nossos garis, a energia muda. \u00c9 um trabalho de limpeza, mas tamb\u00e9m de pertencimento. Manaus est\u00e1 cada vez mais consciente do valor dos seus espa\u00e7os p\u00fablicos\u201d, afirmou Sab\u00e1 Reis.<br><br><strong>Pra\u00e7as como espa\u00e7os de vida, lazer e identidade<br><br><\/strong>Moradores que acompanharam os servi\u00e7os tamb\u00e9m elogiaram o trabalho das equipes. A aposentada Ana L\u00facia Oliveira, que h\u00e1 d\u00e9cadas frequenta as pra\u00e7as do bairro, destacou a import\u00e2ncia da manuten\u00e7\u00e3o cont\u00ednua.<br><br>\u201cA gente v\u00ea a diferen\u00e7a quando o cuidado \u00e9 constante. Fica mais seguro, mais bonito e todo mundo usa mais\u201d.<br><br><strong>Programa permanente de revitaliza\u00e7\u00e3o<br><br><\/strong>A Semulsp j\u00e1 revitalizou dezenas de espa\u00e7os, muitos deles completamente recuperados com novos bancos, pintura, poda, reorganiza\u00e7\u00e3o das \u00e1reas de conviv\u00eancia e melhoria na limpeza e conserva\u00e7\u00e3o.<br><br>A a\u00e7\u00e3o deste s\u00e1bado refor\u00e7a o compromisso de manter um calend\u00e1rio permanente de servi\u00e7os, garantindo que pra\u00e7as pequenas, m\u00e9dias e grandes recebam aten\u00e7\u00e3o igualit\u00e1ria.<br><br>\u2014- \u2014- \u2014-<br><strong>Texto &#8211;\u00a0 <\/strong>Dora Tupinamb\u00e1 \/ Semulsp<br><strong>Fotos &#8211; <\/strong>Divulga\u00e7\u00e3o \/ Semulsp<\/p>\n","protected":false},"excerpt":{"rendered":"","protected":false},"author":68,"featured_media":2690,"comment_status":"closed","ping_status":"closed","sticky":false,"template":"","format":"standard","meta":{"footnotes":""},"categories":[38],"tags":[941,942,10,19],"acf":[],"yoast_head":"<!-- This site is optimized with the Yoast SEO plugin v23.0 - https:\/\/yoast.com\/wordpress\/plugins\/seo\/ -->\n<title>Prefeitura de Manaus realiza a\u00e7\u00e3o de limpeza em pra\u00e7as<\/title>\n<meta name=\"description\" content=\"A Prefeitura de Manaus promoveu, neste s\u00e1bado, 29\/11, uma a\u00e7\u00e3o simult\u00e2nea de limpeza e revitaliza\u00e7\u00e3o em 22 pra\u00e7as.\" \/>\n<meta name=\"robots\" content=\"noindex, follow\" \/>\n<meta property=\"og:locale\" content=\"pt_BR\" \/>\n<meta property=\"og:type\" content=\"article\" \/>\n<meta property=\"og:title\" content=\"Prefeitura de Manaus realiza a\u00e7\u00e3o de limpeza em pra\u00e7as\" \/>\n<meta property=\"og:description\" content=\"A Prefeitura de Manaus promoveu, neste s\u00e1bado, 29\/11, uma a\u00e7\u00e3o simult\u00e2nea de limpeza e revitaliza\u00e7\u00e3o em 22 pra\u00e7as.\" \/>\n<meta property=\"og:url\" content=\"https:\/\/www.manaus.am.gov.br\/semulsp\/acao-de-limpeza-em-pracas\/\" \/>\n<meta property=\"og:site_name\" content=\"SEMULSP\" \/>\n<meta property=\"article:publisher\" content=\"https:\/\/www.facebook.com\/semulspmanaus\" \/>\n<meta property=\"article:published_time\" content=\"2025-11-29T19:51:06+00:00\" \/>\n<meta property=\"article:modified_time\" content=\"2025-11-29T19:51:07+00:00\" \/>\n<meta property=\"og:image\" content=\"https:\/\/www.manaus.am.gov.br\/semulsp\/wp-content\/uploads\/sites\/23\/2025\/11\/Prefeitura-de-Manaus-realiza-acao-de-limpeza-em-pracas-e-reforca-cuidado-com-espacos-de-convivencia-em-todas-as-zonas-da-cidade-5.jpeg\" \/>\n\t<meta property=\"og:image:width\" content=\"1599\" \/>\n\t<meta property=\"og:image:height\" content=\"899\" \/>\n\t<meta property=\"og:image:type\" content=\"image\/jpeg\" \/>\n<meta name=\"author\" content=\"bvalente\" \/>\n<meta name=\"twitter:card\" content=\"summary_large_image\" \/>\n<meta name=\"twitter:label1\" content=\"Written by\" \/>\n\t<meta name=\"twitter:data1\" content=\"bvalente\" \/>\n\t<meta name=\"twitter:label2\" content=\"Est. reading time\" \/>\n\t<meta name=\"twitter:data2\" content=\"3 minutos\" \/>\n<script type=\"application\/ld+json\" class=\"yoast-schema-graph\">{\"@context\":\"https:\/\/schema.org\",\"@graph\":[{\"@type\":\"Article\",\"@id\":\"https:\/\/www.manaus.am.gov.br\/semulsp\/acao-de-limpeza-em-pracas\/#article\",\"isPartOf\":{\"@id\":\"https:\/\/www.manaus.am.gov.br\/semulsp\/acao-de-limpeza-em-pracas\/\"},\"author\":{\"name\":\"bvalente\",\"@id\":\"https:\/\/www.manaus.am.gov.br\/semulsp\/#\/schema\/person\/466a0e03ae4b6062809046bd560ac955\"},\"headline\":\"Prefeitura de Manaus realiza a\u00e7\u00e3o de limpeza em pra\u00e7as e refor\u00e7a cuidado com espa\u00e7os de conviv\u00eancia em todas as zonas da cidade\",\"datePublished\":\"2025-11-29T19:51:06+00:00\",\"dateModified\":\"2025-11-29T19:51:07+00:00\",\"mainEntityOfPage\":{\"@id\":\"https:\/\/www.manaus.am.gov.br\/semulsp\/acao-de-limpeza-em-pracas\/\"},\"wordCount\":557,\"publisher\":{\"@id\":\"https:\/\/www.manaus.am.gov.br\/semulsp\/#organization\"},\"image\":{\"@id\":\"https:\/\/www.manaus.am.gov.br\/semulsp\/acao-de-limpeza-em-pracas\/#primaryimage\"},\"thumbnailUrl\":\"https:\/\/www.manaus.am.gov.br\/semulsp\/wp-content\/uploads\/sites\/23\/2025\/11\/Prefeitura-de-Manaus-realiza-acao-de-limpeza-em-pracas-e-reforca-cuidado-com-espacos-de-convivencia-em-todas-as-zonas-da-cidade-5.jpeg\",\"keywords\":[\"a\u00e7\u00e3o de limpeza em pra\u00e7as\",\"a\u00e7\u00e3o simult\u00e2nea de limpeza e revitaliza\u00e7\u00e3o em 22 pra\u00e7as\",\"prefeitura de manaus\",\"semulsp\"],\"articleSection\":[\"Limpeza\"],\"inLanguage\":\"pt-BR\"},{\"@type\":\"WebPage\",\"@id\":\"https:\/\/www.manaus.am.gov.br\/semulsp\/acao-de-limpeza-em-pracas\/\",\"url\":\"https:\/\/www.manaus.am.gov.br\/semulsp\/acao-de-limpeza-em-pracas\/\",\"name\":\"Prefeitura de Manaus realiza a\u00e7\u00e3o de limpeza em pra\u00e7as\",\"isPartOf\":{\"@id\":\"https:\/\/www.manaus.am.gov.br\/semulsp\/#website\"},\"primaryImageOfPage\":{\"@id\":\"https:\/\/www.manaus.am.gov.br\/semulsp\/acao-de-limpeza-em-pracas\/#primaryimage\"},\"image\":{\"@id\":\"https:\/\/www.manaus.am.gov.br\/semulsp\/acao-de-limpeza-em-pracas\/#primaryimage\"},\"thumbnailUrl\":\"https:\/\/www.manaus.am.gov.br\/semulsp\/wp-content\/uploads\/sites\/23\/2025\/11\/Prefeitura-de-Manaus-realiza-acao-de-limpeza-em-pracas-e-reforca-cuidado-com-espacos-de-convivencia-em-todas-as-zonas-da-cidade-5.jpeg\",\"datePublished\":\"2025-11-29T19:51:06+00:00\",\"dateModified\":\"2025-11-29T19:51:07+00:00\",\"description\":\"A Prefeitura de Manaus promoveu, neste s\u00e1bado, 29\/11, uma a\u00e7\u00e3o simult\u00e2nea de limpeza e revitaliza\u00e7\u00e3o em 22 pra\u00e7as.\",\"breadcrumb\":{\"@id\":\"https:\/\/www.manaus.am.gov.br\/semulsp\/acao-de-limpeza-em-pracas\/#breadcrumb\"},\"inLanguage\":\"pt-BR\",\"potentialAction\":[{\"@type\":\"ReadAction\",\"target\":[\"https:\/\/www.manaus.am.gov.br\/semulsp\/acao-de-limpeza-em-pracas\/\"]}]},{\"@type\":\"ImageObject\",\"inLanguage\":\"pt-BR\",\"@id\":\"https:\/\/www.manaus.am.gov.br\/semulsp\/acao-de-limpeza-em-pracas\/#primaryimage\",\"url\":\"https:\/\/www.manaus.am.gov.br\/semulsp\/wp-content\/uploads\/sites\/23\/2025\/11\/Prefeitura-de-Manaus-realiza-acao-de-limpeza-em-pracas-e-reforca-cuidado-com-espacos-de-convivencia-em-todas-as-zonas-da-cidade-5.jpeg\",\"contentUrl\":\"https:\/\/www.manaus.am.gov.br\/semulsp\/wp-content\/uploads\/sites\/23\/2025\/11\/Prefeitura-de-Manaus-realiza-acao-de-limpeza-em-pracas-e-reforca-cuidado-com-espacos-de-convivencia-em-todas-as-zonas-da-cidade-5.jpeg\",\"width\":1599,\"height\":899,\"caption\":\"#paratodosverem \u2013 Equipe da Semulsp realizando a\u00e7\u00e3o simult\u00e2nea de limpeza e revitaliza\u00e7\u00e3o em pra\u00e7as\"},{\"@type\":\"BreadcrumbList\",\"@id\":\"https:\/\/www.manaus.am.gov.br\/semulsp\/acao-de-limpeza-em-pracas\/#breadcrumb\",\"itemListElement\":[{\"@type\":\"ListItem\",\"position\":1,\"name\":\"Home\",\"item\":\"https:\/\/www.manaus.am.gov.br\/semulsp\/\"},{\"@type\":\"ListItem\",\"position\":2,\"name\":\"Prefeitura de Manaus realiza a\u00e7\u00e3o de limpeza em pra\u00e7as e refor\u00e7a cuidado com espa\u00e7os de conviv\u00eancia em todas as zonas da cidade\"}]},{\"@type\":\"WebSite\",\"@id\":\"https:\/\/www.manaus.am.gov.br\/semulsp\/#website\",\"url\":\"https:\/\/www.manaus.am.gov.br\/semulsp\/\",\"name\":\"SEMULSP\",\"description\":\"Prefeitura de Manaus\",\"publisher\":{\"@id\":\"https:\/\/www.manaus.am.gov.br\/semulsp\/#organization\"},\"alternateName\":\"Secretaria Municipal de Limpeza P\u00fablica\",\"potentialAction\":[{\"@type\":\"SearchAction\",\"target\":{\"@type\":\"EntryPoint\",\"urlTemplate\":\"https:\/\/www.manaus.am.gov.br\/semulsp\/?s={search_term_string}\"},\"query-input\":\"required name=search_term_string\"}],\"inLanguage\":\"pt-BR\"},{\"@type\":\"Organization\",\"@id\":\"https:\/\/www.manaus.am.gov.br\/semulsp\/#organization\",\"name\":\"SEMULSP\",\"alternateName\":\"Secretaria Municipal de Limpeza P\u00fablica\",\"url\":\"https:\/\/www.manaus.am.gov.br\/semulsp\/\",\"logo\":{\"@type\":\"ImageObject\",\"inLanguage\":\"pt-BR\",\"@id\":\"https:\/\/www.manaus.am.gov.br\/semulsp\/#\/schema\/logo\/image\/\",\"url\":\"https:\/\/www.manaus.am.gov.br\/semulsp\/wp-content\/uploads\/sites\/23\/2023\/05\/cropped-favicon.png\",\"contentUrl\":\"https:\/\/www.manaus.am.gov.br\/semulsp\/wp-content\/uploads\/sites\/23\/2023\/05\/cropped-favicon.png\",\"width\":512,\"height\":512,\"caption\":\"SEMULSP\"},\"image\":{\"@id\":\"https:\/\/www.manaus.am.gov.br\/semulsp\/#\/schema\/logo\/image\/\"},\"sameAs\":[\"https:\/\/www.facebook.com\/semulspmanaus\",\"https:\/\/www.instagram.com\/semulspmanaus\/\"]},{\"@type\":\"Person\",\"@id\":\"https:\/\/www.manaus.am.gov.br\/semulsp\/#\/schema\/person\/466a0e03ae4b6062809046bd560ac955\",\"name\":\"bvalente\",\"image\":{\"@type\":\"ImageObject\",\"inLanguage\":\"pt-BR\",\"@id\":\"https:\/\/www.manaus.am.gov.br\/semulsp\/#\/schema\/person\/image\/\",\"url\":\"https:\/\/secure.gravatar.com\/avatar\/3e69bc2b014bdad41adfec3a39de07d2?s=96&d=mm&r=g\",\"contentUrl\":\"https:\/\/secure.gravatar.com\/avatar\/3e69bc2b014bdad41adfec3a39de07d2?s=96&d=mm&r=g\",\"caption\":\"bvalente\"}}]}<\/script>\n<!-- \/ Yoast SEO plugin. -->","yoast_head_json":{"title":"Prefeitura de Manaus realiza a\u00e7\u00e3o de limpeza em pra\u00e7as","description":"A Prefeitura de Manaus promoveu, neste s\u00e1bado, 29\/11, uma a\u00e7\u00e3o simult\u00e2nea de limpeza e revitaliza\u00e7\u00e3o em 22 pra\u00e7as.","robots":{"index":"noindex","follow":"follow"},"og_locale":"pt_BR","og_type":"article","og_title":"Prefeitura de Manaus realiza a\u00e7\u00e3o de limpeza em pra\u00e7as","og_description":"A Prefeitura de Manaus promoveu, neste s\u00e1bado, 29\/11, uma a\u00e7\u00e3o simult\u00e2nea de limpeza e revitaliza\u00e7\u00e3o em 22 pra\u00e7as.","og_url":"https:\/\/www.manaus.am.gov.br\/semulsp\/acao-de-limpeza-em-pracas\/","og_site_name":"SEMULSP","article_publisher":"https:\/\/www.facebook.com\/semulspmanaus","article_published_time":"2025-11-29T19:51:06+00:00","article_modified_time":"2025-11-29T19:51:07+00:00","og_image":[{"width":1599,"height":899,"url":"https:\/\/www.manaus.am.gov.br\/semulsp\/wp-content\/uploads\/sites\/23\/2025\/11\/Prefeitura-de-Manaus-realiza-acao-de-limpeza-em-pracas-e-reforca-cuidado-com-espacos-de-convivencia-em-todas-as-zonas-da-cidade-5.jpeg","type":"image\/jpeg"}],"author":"bvalente","twitter_card":"summary_large_image","twitter_misc":{"Written by":"bvalente","Est. reading time":"3 minutos"},"schema":{"@context":"https:\/\/schema.org","@graph":[{"@type":"Article","@id":"https:\/\/www.manaus.am.gov.br\/semulsp\/acao-de-limpeza-em-pracas\/#article","isPartOf":{"@id":"https:\/\/www.manaus.am.gov.br\/semulsp\/acao-de-limpeza-em-pracas\/"},"author":{"name":"bvalente","@id":"https:\/\/www.manaus.am.gov.br\/semulsp\/#\/schema\/person\/466a0e03ae4b6062809046bd560ac955"},"headline":"Prefeitura de Manaus realiza a\u00e7\u00e3o de limpeza em pra\u00e7as e refor\u00e7a cuidado com espa\u00e7os de conviv\u00eancia em todas as zonas da cidade","datePublished":"2025-11-29T19:51:06+00:00","dateModified":"2025-11-29T19:51:07+00:00","mainEntityOfPage":{"@id":"https:\/\/www.manaus.am.gov.br\/semulsp\/acao-de-limpeza-em-pracas\/"},"wordCount":557,"publisher":{"@id":"https:\/\/www.manaus.am.gov.br\/semulsp\/#organization"},"image":{"@id":"https:\/\/www.manaus.am.gov.br\/semulsp\/acao-de-limpeza-em-pracas\/#primaryimage"},"thumbnailUrl":"https:\/\/www.manaus.am.gov.br\/semulsp\/wp-content\/uploads\/sites\/23\/2025\/11\/Prefeitura-de-Manaus-realiza-acao-de-limpeza-em-pracas-e-reforca-cuidado-com-espacos-de-convivencia-em-todas-as-zonas-da-cidade-5.jpeg","keywords":["a\u00e7\u00e3o de limpeza em pra\u00e7as","a\u00e7\u00e3o simult\u00e2nea de limpeza e revitaliza\u00e7\u00e3o em 22 pra\u00e7as","prefeitura de manaus","semulsp"],"articleSection":["Limpeza"],"inLanguage":"pt-BR"},{"@type":"WebPage","@id":"https:\/\/www.manaus.am.gov.br\/semulsp\/acao-de-limpeza-em-pracas\/","url":"https:\/\/www.manaus.am.gov.br\/semulsp\/acao-de-limpeza-em-pracas\/","name":"Prefeitura de Manaus realiza a\u00e7\u00e3o de limpeza em pra\u00e7as","isPartOf":{"@id":"https:\/\/www.manaus.am.gov.br\/semulsp\/#website"},"primaryImageOfPage":{"@id":"https:\/\/www.manaus.am.gov.br\/semulsp\/acao-de-limpeza-em-pracas\/#primaryimage"},"image":{"@id":"https:\/\/www.manaus.am.gov.br\/semulsp\/acao-de-limpeza-em-pracas\/#primaryimage"},"thumbnailUrl":"https:\/\/www.manaus.am.gov.br\/semulsp\/wp-content\/uploads\/sites\/23\/2025\/11\/Prefeitura-de-Manaus-realiza-acao-de-limpeza-em-pracas-e-reforca-cuidado-com-espacos-de-convivencia-em-todas-as-zonas-da-cidade-5.jpeg","datePublished":"2025-11-29T19:51:06+00:00","dateModified":"2025-11-29T19:51:07+00:00","description":"A Prefeitura de Manaus promoveu, neste s\u00e1bado, 29\/11, uma a\u00e7\u00e3o simult\u00e2nea de limpeza e revitaliza\u00e7\u00e3o em 22 pra\u00e7as.","breadcrumb":{"@id":"https:\/\/www.manaus.am.gov.br\/semulsp\/acao-de-limpeza-em-pracas\/#breadcrumb"},"inLanguage":"pt-BR","potentialAction":[{"@type":"ReadAction","target":["https:\/\/www.manaus.am.gov.br\/semulsp\/acao-de-limpeza-em-pracas\/"]}]},{"@type":"ImageObject","inLanguage":"pt-BR","@id":"https:\/\/www.manaus.am.gov.br\/semulsp\/acao-de-limpeza-em-pracas\/#primaryimage","url":"https:\/\/www.manaus.am.gov.br\/semulsp\/wp-content\/uploads\/sites\/23\/2025\/11\/Prefeitura-de-Manaus-realiza-acao-de-limpeza-em-pracas-e-reforca-cuidado-com-espacos-de-convivencia-em-todas-as-zonas-da-cidade-5.jpeg","contentUrl":"https:\/\/www.manaus.am.gov.br\/semulsp\/wp-content\/uploads\/sites\/23\/2025\/11\/Prefeitura-de-Manaus-realiza-acao-de-limpeza-em-pracas-e-reforca-cuidado-com-espacos-de-convivencia-em-todas-as-zonas-da-cidade-5.jpeg","width":1599,"height":899,"caption":"#paratodosverem \u2013 Equipe da Semulsp realizando a\u00e7\u00e3o simult\u00e2nea de limpeza e revitaliza\u00e7\u00e3o em pra\u00e7as"},{"@type":"BreadcrumbList","@id":"https:\/\/www.manaus.am.gov.br\/semulsp\/acao-de-limpeza-em-pracas\/#breadcrumb","itemListElement":[{"@type":"ListItem","position":1,"name":"Home","item":"https:\/\/www.manaus.am.gov.br\/semulsp\/"},{"@type":"ListItem","position":2,"name":"Prefeitura de Manaus realiza a\u00e7\u00e3o de limpeza em pra\u00e7as e refor\u00e7a cuidado com espa\u00e7os de conviv\u00eancia em todas as zonas da cidade"}]},{"@type":"WebSite","@id":"https:\/\/www.manaus.am.gov.br\/semulsp\/#website","url":"https:\/\/www.manaus.am.gov.br\/semulsp\/","name":"SEMULSP","description":"Prefeitura de Manaus","publisher":{"@id":"https:\/\/www.manaus.am.gov.br\/semulsp\/#organization"},"alternateName":"Secretaria Municipal de Limpeza P\u00fablica","potentialAction":[{"@type":"SearchAction","target":{"@type":"EntryPoint","urlTemplate":"https:\/\/www.manaus.am.gov.br\/semulsp\/?s={search_term_string}"},"query-input":"required name=search_term_string"}],"inLanguage":"pt-BR"},{"@type":"Organization","@id":"https:\/\/www.manaus.am.gov.br\/semulsp\/#organization","name":"SEMULSP","alternateName":"Secretaria Municipal de Limpeza P\u00fablica","url":"https:\/\/www.manaus.am.gov.br\/semulsp\/","logo":{"@type":"ImageObject","inLanguage":"pt-BR","@id":"https:\/\/www.manaus.am.gov.br\/semulsp\/#\/schema\/logo\/image\/","url":"https:\/\/www.manaus.am.gov.br\/semulsp\/wp-content\/uploads\/sites\/23\/2023\/05\/cropped-favicon.png","contentUrl":"https:\/\/www.manaus.am.gov.br\/semulsp\/wp-content\/uploads\/sites\/23\/2023\/05\/cropped-favicon.png","width":512,"height":512,"caption":"SEMULSP"},"image":{"@id":"https:\/\/www.manaus.am.gov.br\/semulsp\/#\/schema\/logo\/image\/"},"sameAs":["https:\/\/www.facebook.com\/semulspmanaus","https:\/\/www.instagram.com\/semulspmanaus\/"]},{"@type":"Person","@id":"https:\/\/www.manaus.am.gov.br\/semulsp\/#\/schema\/person\/466a0e03ae4b6062809046bd560ac955","name":"bvalente","image":{"@type":"ImageObject","inLanguage":"pt-BR","@id":"https:\/\/www.manaus.am.gov.br\/semulsp\/#\/schema\/person\/image\/","url":"https:\/\/secure.gravatar.com\/avatar\/3e69bc2b014bdad41adfec3a39de07d2?s=96&d=mm&r=g","contentUrl":"https:\/\/secure.gravatar.com\/avatar\/3e69bc2b014bdad41adfec3a39de07d2?s=96&d=mm&r=g","caption":"bvalente"}}]}},"_links":{"self":[{"href":"https:\/\/www.manaus.am.gov.br\/semulsp\/wp-json\/wp\/v2\/posts\/2689"}],"collection":[{"href":"https:\/\/www.manaus.am.gov.br\/semulsp\/wp-json\/wp\/v2\/posts"}],"about":[{"href":"https:\/\/www.manaus.am.gov.br\/semulsp\/wp-json\/wp\/v2\/types\/post"}],"author":[{"embeddable":true,"href":"https:\/\/www.manaus.am.gov.br\/semulsp\/wp-json\/wp\/v2\/users\/68"}],"replies":[{"embeddable":true,"href":"https:\/\/www.manaus.am.gov.br\/semulsp\/wp-json\/wp\/v2\/comments?post=2689"}],"version-history":[{"count":0,"href":"https:\/\/www.manaus.am.gov.br\/semulsp\/wp-json\/wp\/v2\/posts\/2689\/revisions"}],"wp:featuredmedia":[{"embeddable":true,"href":"https:\/\/www.manaus.am.gov.br\/semulsp\/wp-json\/wp\/v2\/media\/2690"}],"wp:attachment":[{"href":"https:\/\/www.manaus.am.gov.br\/semulsp\/wp-json\/wp\/v2\/media?parent=2689"}],"wp:term":[{"taxonomy":"category","embeddable":true,"href":"https:\/\/www.manaus.am.gov.br\/semulsp\/wp-json\/wp\/v2\/categories?post=2689"},{"taxonomy":"post_tag","embeddable":true,"href":"https:\/\/www.manaus.am.gov.br\/semulsp\/wp-json\/wp\/v2\/tags?post=2689"}],"curies":[{"name":"wp","href":"https:\/\/api.w.org\/{rel}","templated":true}]}}