{"id":2687,"date":"2025-11-29T15:40:35","date_gmt":"2025-11-29T19:40:35","guid":{"rendered":"https:\/\/www.manaus.am.gov.br\/semulsp\/acoes-simultaneas-de-limpeza\/"},"modified":"2025-11-29T15:40:36","modified_gmt":"2025-11-29T19:40:36","slug":"acoes-simultaneas-de-limpeza","status":"publish","type":"post","link":"https:\/\/www.manaus.am.gov.br\/semulsp\/acoes-simultaneas-de-limpeza\/","title":{"rendered":"Prefeitura realiza a\u00e7\u00f5es simult\u00e2neas de limpeza da orla de Manaus em parceria com projetos ambientais"},"content":{"rendered":"\n<p>A Prefeitura de Manaus, por meio da Secretaria Municipal de Limpeza Urbana (Semulsp), realizou, neste s\u00e1bado, 29\/11, tr\u00eas a\u00e7\u00f5es simult\u00e2neas de limpeza, em parceria com projetos ambientais, em pontos estrat\u00e9gicos da cidade: no mirante L\u00facia Almeida, no Centro; na marina do Davi, zona Oeste e na praia da Ponta das Lajes, zona Leste, \u00e1rea pr\u00f3xima ao Encontro das \u00c1guas.<br><br>As frentes reuniram servidores da Semulsp, integrantes da Remada Ambiental, volunt\u00e1rios do Instituto Soka Amaz\u00f4nia, funcion\u00e1rios da Recofarma e seus familiares, em um esfor\u00e7o conjunto que refor\u00e7a a responsabilidade compartilhada pela prote\u00e7\u00e3o dos rios que moldam a identidade de Manaus.<\/p>\n\n\n\n<p>O secret\u00e1rio municipal de Limpeza Urbana, Sab\u00e1 Reis, ressaltou que a\u00e7\u00f5es como essa fortalecem o compromisso coletivo pelo cuidado com os rios.<br><br>\u201cCuidar da orla \u00e9 cuidar da alma de Manaus. Quando empresas, institui\u00e7\u00f5es e volunt\u00e1rios se somam \u00e0s nossas equipes, o resultado ultrapassa a limpeza f\u00edsica: \u00e9 consci\u00eancia, \u00e9 futuro. Os rios agradecem esse gesto de respeito\u201d, disse.<br><br><strong>Mobiliza\u00e7\u00e3o<br><br><\/strong>No mirante L\u00facia Almeida, servidores da Semulsp receberam o apoio de funcion\u00e1rios da Recofarma e seus familiares, que participaram ativamente da coleta de res\u00edduos e de a\u00e7\u00f5es de conscientiza\u00e7\u00e3o sobre descarte adequado.<br><br>A diretora da Recofarma destacou o valor simb\u00f3lico e educativo da iniciativa. \u201cTrazer nossos colaboradores e seus familiares para essa a\u00e7\u00e3o, ao lado dos garis da Semulsp, \u00e9 uma forma de mostrar que o cuidado com o meio ambiente \u00e9 responsabilidade de todos. \u00c9 uma experi\u00eancia que sensibiliza, ensina e aproxima as pessoas da realidade da nossa cidade e dos nossos rios\u201d.<br><br>Na marina do Davi, a opera\u00e7\u00e3o ganhou refor\u00e7o da Remada Ambiental, que utiliza embarca\u00e7\u00f5es e caiaques para alcan\u00e7ar trechos de dif\u00edcil acesso. A equipe retirou res\u00edduos acumulados nas margens e pontos flutuantes da \u00e1rea, contribuindo para reduzir impactos diretos sobre o rio Negro e a fauna local.<br><br>A parceria com a Remada Ambiental tem se fortalecido ao longo do \u00faltimo ano, ampliando o alcance das a\u00e7\u00f5es da Semulsp em \u00e1reas ribeirinhas e tur\u00edsticas.<br><br>A terceira frente do mutir\u00e3o aconteceu na praia da Ponta das Lajes, local de import\u00e2ncia hist\u00f3rica e ambiental, pr\u00f3ximo ao Encontro das \u00c1guas. No local, volunt\u00e1rios do Instituto Soka Amaz\u00f4nia trabalharam na limpeza da faixa de areia e na coleta de res\u00edduos, refor\u00e7ando pr\u00e1ticas de educa\u00e7\u00e3o ambiental e conscientiza\u00e7\u00e3o do p\u00fablico que frequenta a regi\u00e3o.<br><br>O trabalho aconteceu pr\u00f3ximo ao canteiro de obras do futuro mirante Rosa Almeida, projeto da prefeitura que ampliar\u00e1 a infraestrutura tur\u00edstica e o acesso controlado \u00e0 \u00e1rea.<br><strong><br>Preserva\u00e7\u00e3o cont\u00ednua da orla de Manaus<\/strong><br><br>A Semulsp mant\u00e9m um calend\u00e1rio permanente de limpeza da orla, favorecendo a preserva\u00e7\u00e3o das \u00e1reas do centro hist\u00f3rico, praias, igarap\u00e9s e pontos de grande circula\u00e7\u00e3o tur\u00edstica e comunit\u00e1ria.<br><br>\u2014- \u2014- \u2014-<strong><br>Texto &#8211;\u00a0 <\/strong>Dora Tupinamb\u00e1 \/ Semulsp<br><strong>Fotos &#8211;<\/strong> Divulga\u00e7\u00e3o \/ Semulsp<\/p>\n","protected":false},"excerpt":{"rendered":"","protected":false},"author":68,"featured_media":2688,"comment_status":"closed","ping_status":"closed","sticky":false,"template":"","format":"standard","meta":{"footnotes":""},"categories":[157],"tags":[940,10,19],"acf":[],"yoast_head":"<!-- This site is optimized with the Yoast SEO plugin v23.0 - https:\/\/yoast.com\/wordpress\/plugins\/seo\/ -->\n<title>Prefeitura realiza a\u00e7\u00f5es simult\u00e2neas de limpeza da orla de Manaus<\/title>\n<meta name=\"description\" content=\"A Prefeitura de Manaus, por meio da Secretaria Municipal de Limpeza Urbana (Semulsp), realizou tr\u00eas a\u00e7\u00f5es simult\u00e2neas de limpeza,.\" \/>\n<meta name=\"robots\" content=\"noindex, follow\" \/>\n<meta property=\"og:locale\" content=\"pt_BR\" \/>\n<meta property=\"og:type\" content=\"article\" \/>\n<meta property=\"og:title\" content=\"Prefeitura realiza a\u00e7\u00f5es simult\u00e2neas de limpeza da orla de Manaus\" \/>\n<meta property=\"og:description\" content=\"A Prefeitura de Manaus, por meio da Secretaria Municipal de Limpeza Urbana (Semulsp), realizou tr\u00eas a\u00e7\u00f5es simult\u00e2neas de limpeza,.\" \/>\n<meta property=\"og:url\" content=\"https:\/\/www.manaus.am.gov.br\/semulsp\/acoes-simultaneas-de-limpeza\/\" \/>\n<meta property=\"og:site_name\" content=\"SEMULSP\" \/>\n<meta property=\"article:publisher\" content=\"https:\/\/www.facebook.com\/semulspmanaus\" \/>\n<meta property=\"article:published_time\" content=\"2025-11-29T19:40:35+00:00\" \/>\n<meta property=\"article:modified_time\" content=\"2025-11-29T19:40:36+00:00\" \/>\n<meta property=\"og:image\" content=\"https:\/\/www.manaus.am.gov.br\/semulsp\/wp-content\/uploads\/sites\/23\/2025\/11\/Prefeitura-realiza-acoes-simultaneas-de-limpeza-da-orla-de-Manaus-em-parceria-com-projetos-ambientais-3.jpeg\" \/>\n\t<meta property=\"og:image:width\" content=\"1600\" \/>\n\t<meta property=\"og:image:height\" content=\"739\" \/>\n\t<meta property=\"og:image:type\" content=\"image\/jpeg\" \/>\n<meta name=\"author\" content=\"bvalente\" \/>\n<meta name=\"twitter:card\" content=\"summary_large_image\" \/>\n<meta name=\"twitter:label1\" content=\"Written by\" \/>\n\t<meta name=\"twitter:data1\" content=\"bvalente\" \/>\n\t<meta name=\"twitter:label2\" content=\"Est. reading time\" \/>\n\t<meta name=\"twitter:data2\" content=\"3 minutos\" \/>\n<script type=\"application\/ld+json\" class=\"yoast-schema-graph\">{\"@context\":\"https:\/\/schema.org\",\"@graph\":[{\"@type\":\"Article\",\"@id\":\"https:\/\/www.manaus.am.gov.br\/semulsp\/acoes-simultaneas-de-limpeza\/#article\",\"isPartOf\":{\"@id\":\"https:\/\/www.manaus.am.gov.br\/semulsp\/acoes-simultaneas-de-limpeza\/\"},\"author\":{\"name\":\"bvalente\",\"@id\":\"https:\/\/www.manaus.am.gov.br\/semulsp\/#\/schema\/person\/466a0e03ae4b6062809046bd560ac955\"},\"headline\":\"Prefeitura realiza a\u00e7\u00f5es simult\u00e2neas de limpeza da orla de Manaus em parceria com projetos ambientais\",\"datePublished\":\"2025-11-29T19:40:35+00:00\",\"dateModified\":\"2025-11-29T19:40:36+00:00\",\"mainEntityOfPage\":{\"@id\":\"https:\/\/www.manaus.am.gov.br\/semulsp\/acoes-simultaneas-de-limpeza\/\"},\"wordCount\":525,\"publisher\":{\"@id\":\"https:\/\/www.manaus.am.gov.br\/semulsp\/#organization\"},\"image\":{\"@id\":\"https:\/\/www.manaus.am.gov.br\/semulsp\/acoes-simultaneas-de-limpeza\/#primaryimage\"},\"thumbnailUrl\":\"https:\/\/www.manaus.am.gov.br\/semulsp\/wp-content\/uploads\/sites\/23\/2025\/11\/Prefeitura-realiza-acoes-simultaneas-de-limpeza-da-orla-de-Manaus-em-parceria-com-projetos-ambientais-3.jpeg\",\"keywords\":[\"a\u00e7\u00f5es simult\u00e2neas de limpeza da orla de Manaus\",\"prefeitura de manaus\",\"semulsp\"],\"articleSection\":[\"Opera\u00e7\u00e3o\"],\"inLanguage\":\"pt-BR\"},{\"@type\":\"WebPage\",\"@id\":\"https:\/\/www.manaus.am.gov.br\/semulsp\/acoes-simultaneas-de-limpeza\/\",\"url\":\"https:\/\/www.manaus.am.gov.br\/semulsp\/acoes-simultaneas-de-limpeza\/\",\"name\":\"Prefeitura realiza a\u00e7\u00f5es simult\u00e2neas de limpeza da orla de Manaus\",\"isPartOf\":{\"@id\":\"https:\/\/www.manaus.am.gov.br\/semulsp\/#website\"},\"primaryImageOfPage\":{\"@id\":\"https:\/\/www.manaus.am.gov.br\/semulsp\/acoes-simultaneas-de-limpeza\/#primaryimage\"},\"image\":{\"@id\":\"https:\/\/www.manaus.am.gov.br\/semulsp\/acoes-simultaneas-de-limpeza\/#primaryimage\"},\"thumbnailUrl\":\"https:\/\/www.manaus.am.gov.br\/semulsp\/wp-content\/uploads\/sites\/23\/2025\/11\/Prefeitura-realiza-acoes-simultaneas-de-limpeza-da-orla-de-Manaus-em-parceria-com-projetos-ambientais-3.jpeg\",\"datePublished\":\"2025-11-29T19:40:35+00:00\",\"dateModified\":\"2025-11-29T19:40:36+00:00\",\"description\":\"A Prefeitura de Manaus, por meio da Secretaria Municipal de Limpeza Urbana (Semulsp), realizou tr\u00eas a\u00e7\u00f5es simult\u00e2neas de limpeza,.\",\"breadcrumb\":{\"@id\":\"https:\/\/www.manaus.am.gov.br\/semulsp\/acoes-simultaneas-de-limpeza\/#breadcrumb\"},\"inLanguage\":\"pt-BR\",\"potentialAction\":[{\"@type\":\"ReadAction\",\"target\":[\"https:\/\/www.manaus.am.gov.br\/semulsp\/acoes-simultaneas-de-limpeza\/\"]}]},{\"@type\":\"ImageObject\",\"inLanguage\":\"pt-BR\",\"@id\":\"https:\/\/www.manaus.am.gov.br\/semulsp\/acoes-simultaneas-de-limpeza\/#primaryimage\",\"url\":\"https:\/\/www.manaus.am.gov.br\/semulsp\/wp-content\/uploads\/sites\/23\/2025\/11\/Prefeitura-realiza-acoes-simultaneas-de-limpeza-da-orla-de-Manaus-em-parceria-com-projetos-ambientais-3.jpeg\",\"contentUrl\":\"https:\/\/www.manaus.am.gov.br\/semulsp\/wp-content\/uploads\/sites\/23\/2025\/11\/Prefeitura-realiza-acoes-simultaneas-de-limpeza-da-orla-de-Manaus-em-parceria-com-projetos-ambientais-3.jpeg\",\"width\":1600,\"height\":739,\"caption\":\"#paratodosverem \u2013 Equipe da Semulsp realizando a\u00e7\u00e3o de limpeza em parceria com projetos ambientais\"},{\"@type\":\"BreadcrumbList\",\"@id\":\"https:\/\/www.manaus.am.gov.br\/semulsp\/acoes-simultaneas-de-limpeza\/#breadcrumb\",\"itemListElement\":[{\"@type\":\"ListItem\",\"position\":1,\"name\":\"Home\",\"item\":\"https:\/\/www.manaus.am.gov.br\/semulsp\/\"},{\"@type\":\"ListItem\",\"position\":2,\"name\":\"Prefeitura realiza a\u00e7\u00f5es simult\u00e2neas de limpeza da orla de Manaus em parceria com projetos ambientais\"}]},{\"@type\":\"WebSite\",\"@id\":\"https:\/\/www.manaus.am.gov.br\/semulsp\/#website\",\"url\":\"https:\/\/www.manaus.am.gov.br\/semulsp\/\",\"name\":\"SEMULSP\",\"description\":\"Prefeitura de Manaus\",\"publisher\":{\"@id\":\"https:\/\/www.manaus.am.gov.br\/semulsp\/#organization\"},\"alternateName\":\"Secretaria Municipal de Limpeza P\u00fablica\",\"potentialAction\":[{\"@type\":\"SearchAction\",\"target\":{\"@type\":\"EntryPoint\",\"urlTemplate\":\"https:\/\/www.manaus.am.gov.br\/semulsp\/?s={search_term_string}\"},\"query-input\":\"required name=search_term_string\"}],\"inLanguage\":\"pt-BR\"},{\"@type\":\"Organization\",\"@id\":\"https:\/\/www.manaus.am.gov.br\/semulsp\/#organization\",\"name\":\"SEMULSP\",\"alternateName\":\"Secretaria Municipal de Limpeza P\u00fablica\",\"url\":\"https:\/\/www.manaus.am.gov.br\/semulsp\/\",\"logo\":{\"@type\":\"ImageObject\",\"inLanguage\":\"pt-BR\",\"@id\":\"https:\/\/www.manaus.am.gov.br\/semulsp\/#\/schema\/logo\/image\/\",\"url\":\"https:\/\/www.manaus.am.gov.br\/semulsp\/wp-content\/uploads\/sites\/23\/2023\/05\/cropped-favicon.png\",\"contentUrl\":\"https:\/\/www.manaus.am.gov.br\/semulsp\/wp-content\/uploads\/sites\/23\/2023\/05\/cropped-favicon.png\",\"width\":512,\"height\":512,\"caption\":\"SEMULSP\"},\"image\":{\"@id\":\"https:\/\/www.manaus.am.gov.br\/semulsp\/#\/schema\/logo\/image\/\"},\"sameAs\":[\"https:\/\/www.facebook.com\/semulspmanaus\",\"https:\/\/www.instagram.com\/semulspmanaus\/\"]},{\"@type\":\"Person\",\"@id\":\"https:\/\/www.manaus.am.gov.br\/semulsp\/#\/schema\/person\/466a0e03ae4b6062809046bd560ac955\",\"name\":\"bvalente\",\"image\":{\"@type\":\"ImageObject\",\"inLanguage\":\"pt-BR\",\"@id\":\"https:\/\/www.manaus.am.gov.br\/semulsp\/#\/schema\/person\/image\/\",\"url\":\"https:\/\/secure.gravatar.com\/avatar\/3e69bc2b014bdad41adfec3a39de07d2?s=96&d=mm&r=g\",\"contentUrl\":\"https:\/\/secure.gravatar.com\/avatar\/3e69bc2b014bdad41adfec3a39de07d2?s=96&d=mm&r=g\",\"caption\":\"bvalente\"}}]}<\/script>\n<!-- \/ Yoast SEO plugin. -->","yoast_head_json":{"title":"Prefeitura realiza a\u00e7\u00f5es simult\u00e2neas de limpeza da orla de Manaus","description":"A Prefeitura de Manaus, por meio da Secretaria Municipal de Limpeza Urbana (Semulsp), realizou tr\u00eas a\u00e7\u00f5es simult\u00e2neas de limpeza,.","robots":{"index":"noindex","follow":"follow"},"og_locale":"pt_BR","og_type":"article","og_title":"Prefeitura realiza a\u00e7\u00f5es simult\u00e2neas de limpeza da orla de Manaus","og_description":"A Prefeitura de Manaus, por meio da Secretaria Municipal de Limpeza Urbana (Semulsp), realizou tr\u00eas a\u00e7\u00f5es simult\u00e2neas de limpeza,.","og_url":"https:\/\/www.manaus.am.gov.br\/semulsp\/acoes-simultaneas-de-limpeza\/","og_site_name":"SEMULSP","article_publisher":"https:\/\/www.facebook.com\/semulspmanaus","article_published_time":"2025-11-29T19:40:35+00:00","article_modified_time":"2025-11-29T19:40:36+00:00","og_image":[{"width":1600,"height":739,"url":"https:\/\/www.manaus.am.gov.br\/semulsp\/wp-content\/uploads\/sites\/23\/2025\/11\/Prefeitura-realiza-acoes-simultaneas-de-limpeza-da-orla-de-Manaus-em-parceria-com-projetos-ambientais-3.jpeg","type":"image\/jpeg"}],"author":"bvalente","twitter_card":"summary_large_image","twitter_misc":{"Written by":"bvalente","Est. reading time":"3 minutos"},"schema":{"@context":"https:\/\/schema.org","@graph":[{"@type":"Article","@id":"https:\/\/www.manaus.am.gov.br\/semulsp\/acoes-simultaneas-de-limpeza\/#article","isPartOf":{"@id":"https:\/\/www.manaus.am.gov.br\/semulsp\/acoes-simultaneas-de-limpeza\/"},"author":{"name":"bvalente","@id":"https:\/\/www.manaus.am.gov.br\/semulsp\/#\/schema\/person\/466a0e03ae4b6062809046bd560ac955"},"headline":"Prefeitura realiza a\u00e7\u00f5es simult\u00e2neas de limpeza da orla de Manaus em parceria com projetos ambientais","datePublished":"2025-11-29T19:40:35+00:00","dateModified":"2025-11-29T19:40:36+00:00","mainEntityOfPage":{"@id":"https:\/\/www.manaus.am.gov.br\/semulsp\/acoes-simultaneas-de-limpeza\/"},"wordCount":525,"publisher":{"@id":"https:\/\/www.manaus.am.gov.br\/semulsp\/#organization"},"image":{"@id":"https:\/\/www.manaus.am.gov.br\/semulsp\/acoes-simultaneas-de-limpeza\/#primaryimage"},"thumbnailUrl":"https:\/\/www.manaus.am.gov.br\/semulsp\/wp-content\/uploads\/sites\/23\/2025\/11\/Prefeitura-realiza-acoes-simultaneas-de-limpeza-da-orla-de-Manaus-em-parceria-com-projetos-ambientais-3.jpeg","keywords":["a\u00e7\u00f5es simult\u00e2neas de limpeza da orla de Manaus","prefeitura de manaus","semulsp"],"articleSection":["Opera\u00e7\u00e3o"],"inLanguage":"pt-BR"},{"@type":"WebPage","@id":"https:\/\/www.manaus.am.gov.br\/semulsp\/acoes-simultaneas-de-limpeza\/","url":"https:\/\/www.manaus.am.gov.br\/semulsp\/acoes-simultaneas-de-limpeza\/","name":"Prefeitura realiza a\u00e7\u00f5es simult\u00e2neas de limpeza da orla de Manaus","isPartOf":{"@id":"https:\/\/www.manaus.am.gov.br\/semulsp\/#website"},"primaryImageOfPage":{"@id":"https:\/\/www.manaus.am.gov.br\/semulsp\/acoes-simultaneas-de-limpeza\/#primaryimage"},"image":{"@id":"https:\/\/www.manaus.am.gov.br\/semulsp\/acoes-simultaneas-de-limpeza\/#primaryimage"},"thumbnailUrl":"https:\/\/www.manaus.am.gov.br\/semulsp\/wp-content\/uploads\/sites\/23\/2025\/11\/Prefeitura-realiza-acoes-simultaneas-de-limpeza-da-orla-de-Manaus-em-parceria-com-projetos-ambientais-3.jpeg","datePublished":"2025-11-29T19:40:35+00:00","dateModified":"2025-11-29T19:40:36+00:00","description":"A Prefeitura de Manaus, por meio da Secretaria Municipal de Limpeza Urbana (Semulsp), realizou tr\u00eas a\u00e7\u00f5es simult\u00e2neas de limpeza,.","breadcrumb":{"@id":"https:\/\/www.manaus.am.gov.br\/semulsp\/acoes-simultaneas-de-limpeza\/#breadcrumb"},"inLanguage":"pt-BR","potentialAction":[{"@type":"ReadAction","target":["https:\/\/www.manaus.am.gov.br\/semulsp\/acoes-simultaneas-de-limpeza\/"]}]},{"@type":"ImageObject","inLanguage":"pt-BR","@id":"https:\/\/www.manaus.am.gov.br\/semulsp\/acoes-simultaneas-de-limpeza\/#primaryimage","url":"https:\/\/www.manaus.am.gov.br\/semulsp\/wp-content\/uploads\/sites\/23\/2025\/11\/Prefeitura-realiza-acoes-simultaneas-de-limpeza-da-orla-de-Manaus-em-parceria-com-projetos-ambientais-3.jpeg","contentUrl":"https:\/\/www.manaus.am.gov.br\/semulsp\/wp-content\/uploads\/sites\/23\/2025\/11\/Prefeitura-realiza-acoes-simultaneas-de-limpeza-da-orla-de-Manaus-em-parceria-com-projetos-ambientais-3.jpeg","width":1600,"height":739,"caption":"#paratodosverem \u2013 Equipe da Semulsp realizando a\u00e7\u00e3o de limpeza em parceria com projetos ambientais"},{"@type":"BreadcrumbList","@id":"https:\/\/www.manaus.am.gov.br\/semulsp\/acoes-simultaneas-de-limpeza\/#breadcrumb","itemListElement":[{"@type":"ListItem","position":1,"name":"Home","item":"https:\/\/www.manaus.am.gov.br\/semulsp\/"},{"@type":"ListItem","position":2,"name":"Prefeitura realiza a\u00e7\u00f5es simult\u00e2neas de limpeza da orla de Manaus em parceria com projetos ambientais"}]},{"@type":"WebSite","@id":"https:\/\/www.manaus.am.gov.br\/semulsp\/#website","url":"https:\/\/www.manaus.am.gov.br\/semulsp\/","name":"SEMULSP","description":"Prefeitura de Manaus","publisher":{"@id":"https:\/\/www.manaus.am.gov.br\/semulsp\/#organization"},"alternateName":"Secretaria Municipal de Limpeza P\u00fablica","potentialAction":[{"@type":"SearchAction","target":{"@type":"EntryPoint","urlTemplate":"https:\/\/www.manaus.am.gov.br\/semulsp\/?s={search_term_string}"},"query-input":"required name=search_term_string"}],"inLanguage":"pt-BR"},{"@type":"Organization","@id":"https:\/\/www.manaus.am.gov.br\/semulsp\/#organization","name":"SEMULSP","alternateName":"Secretaria Municipal de Limpeza P\u00fablica","url":"https:\/\/www.manaus.am.gov.br\/semulsp\/","logo":{"@type":"ImageObject","inLanguage":"pt-BR","@id":"https:\/\/www.manaus.am.gov.br\/semulsp\/#\/schema\/logo\/image\/","url":"https:\/\/www.manaus.am.gov.br\/semulsp\/wp-content\/uploads\/sites\/23\/2023\/05\/cropped-favicon.png","contentUrl":"https:\/\/www.manaus.am.gov.br\/semulsp\/wp-content\/uploads\/sites\/23\/2023\/05\/cropped-favicon.png","width":512,"height":512,"caption":"SEMULSP"},"image":{"@id":"https:\/\/www.manaus.am.gov.br\/semulsp\/#\/schema\/logo\/image\/"},"sameAs":["https:\/\/www.facebook.com\/semulspmanaus","https:\/\/www.instagram.com\/semulspmanaus\/"]},{"@type":"Person","@id":"https:\/\/www.manaus.am.gov.br\/semulsp\/#\/schema\/person\/466a0e03ae4b6062809046bd560ac955","name":"bvalente","image":{"@type":"ImageObject","inLanguage":"pt-BR","@id":"https:\/\/www.manaus.am.gov.br\/semulsp\/#\/schema\/person\/image\/","url":"https:\/\/secure.gravatar.com\/avatar\/3e69bc2b014bdad41adfec3a39de07d2?s=96&d=mm&r=g","contentUrl":"https:\/\/secure.gravatar.com\/avatar\/3e69bc2b014bdad41adfec3a39de07d2?s=96&d=mm&r=g","caption":"bvalente"}}]}},"_links":{"self":[{"href":"https:\/\/www.manaus.am.gov.br\/semulsp\/wp-json\/wp\/v2\/posts\/2687"}],"collection":[{"href":"https:\/\/www.manaus.am.gov.br\/semulsp\/wp-json\/wp\/v2\/posts"}],"about":[{"href":"https:\/\/www.manaus.am.gov.br\/semulsp\/wp-json\/wp\/v2\/types\/post"}],"author":[{"embeddable":true,"href":"https:\/\/www.manaus.am.gov.br\/semulsp\/wp-json\/wp\/v2\/users\/68"}],"replies":[{"embeddable":true,"href":"https:\/\/www.manaus.am.gov.br\/semulsp\/wp-json\/wp\/v2\/comments?post=2687"}],"version-history":[{"count":0,"href":"https:\/\/www.manaus.am.gov.br\/semulsp\/wp-json\/wp\/v2\/posts\/2687\/revisions"}],"wp:featuredmedia":[{"embeddable":true,"href":"https:\/\/www.manaus.am.gov.br\/semulsp\/wp-json\/wp\/v2\/media\/2688"}],"wp:attachment":[{"href":"https:\/\/www.manaus.am.gov.br\/semulsp\/wp-json\/wp\/v2\/media?parent=2687"}],"wp:term":[{"taxonomy":"category","embeddable":true,"href":"https:\/\/www.manaus.am.gov.br\/semulsp\/wp-json\/wp\/v2\/categories?post=2687"},{"taxonomy":"post_tag","embeddable":true,"href":"https:\/\/www.manaus.am.gov.br\/semulsp\/wp-json\/wp\/v2\/tags?post=2687"}],"curies":[{"name":"wp","href":"https:\/\/api.w.org\/{rel}","templated":true}]}}