{"id":2613,"date":"2025-11-09T11:36:33","date_gmt":"2025-11-09T15:36:33","guid":{"rendered":"https:\/\/www.manaus.am.gov.br\/semulsp\/operacao-de-transbordo\/"},"modified":"2025-11-09T11:36:34","modified_gmt":"2025-11-09T15:36:34","slug":"operacao-de-transbordo","status":"publish","type":"post","link":"https:\/\/www.manaus.am.gov.br\/semulsp\/operacao-de-transbordo\/","title":{"rendered":"Prefeitura de Manaus realiza oitava opera\u00e7\u00e3o de transbordo e refor\u00e7a compromisso com a limpeza dos rios e igarap\u00e9s"},"content":{"rendered":"\n<p>A Prefeitura de Manaus, por meio da Secretaria Municipal de Limpeza Urbana (Semulsp), realizou, neste domingo, 9\/11, a oitava opera\u00e7\u00e3o de transbordo de 2025, reafirmando o compromisso da gest\u00e3o municipal com a preserva\u00e7\u00e3o dos igarap\u00e9s e do rio Negro. A a\u00e7\u00e3o consiste no transporte dos res\u00edduos acumulados em balsas, resultado da limpeza da orla, de igarap\u00e9s e de comunidades rurais e ind\u00edgenas, at\u00e9 o aterro sanit\u00e1rio municipal.<br><br>Na \u00faltima opera\u00e7\u00e3o, realizada em 14\/9, foram transferidas para o aterro 356 toneladas de res\u00edduos. Somando todas as opera\u00e7\u00f5es do ano, o volume total de lixo retirado diretamente dos cursos d\u2019\u00e1gua ultrapassa 2,4 mil toneladas, evidenciando o impacto positivo das a\u00e7\u00f5es de limpeza h\u00eddrica cont\u00ednua executadas pela prefeitura.<br><br>\u201cA determina\u00e7\u00e3o do prefeito David Almeida \u00e9 clara: cuidar dos nossos igarap\u00e9s \u00e9 cuidar da vida. A cada transbordo, a cada tonelada retirada, estamos evitando que o lixo chegue aos nossos rios e cause impactos ambientais irrevers\u00edveis. \u00c9 um trabalho que envolve planejamento, equipe dedicada e amor pela nossa cidade\u201d, destacou o secret\u00e1rio da Semulsp, Sab\u00e1 Reis.<br><br><strong>Ecobarreiras reduzem em 50% o volume de lixo nos rios<\/strong><\/p>\n\n\n\n<p>As ecobarreiras instaladas pela Semulsp em pontos estrat\u00e9gicos dos igarap\u00e9s tamb\u00e9m desempenham papel decisivo na conten\u00e7\u00e3o de res\u00edduos. Desde a implanta\u00e7\u00e3o da primeira estrutura, na avenida Beira Rio, bairro Coroado, em 2024, o volume de lixo que chega ao leito do rio Negro foi reduzido pela metade.<br><br>Atualmente, as 12 ecobarreiras em funcionamento impedem que cerca de 2,5 mil toneladas de res\u00edduos alcancem o rio, retendo mais de 300 toneladas por m\u00eas. O resultado demonstra a efici\u00eancia do modelo de limpeza h\u00eddrica implantado pela Prefeitura de Manaus e mantido de forma permanente.<br><br><strong>A\u00e7\u00f5es permanentes contra o descarte irregular<\/strong><strong><br><\/strong><strong><br><\/strong>Al\u00e9m das opera\u00e7\u00f5es fluviais, a Prefeitura de Manaus mant\u00e9m a\u00e7\u00f5es di\u00e1rias de combate ao descarte irregular de res\u00edduos, uma das principais causas da polui\u00e7\u00e3o dos igarap\u00e9s. Em outubro deste ano, foram eliminados 561 pontos de \u201clixeiras viciadas\u201d em todas as zonas da cidade.<br><br>No m\u00eas anterior, 187 pontos de descarte irregular foram desarticulados, resultando na retirada de 3,7 mil toneladas de lixo urbano. Embora n\u00e3o fa\u00e7am parte da opera\u00e7\u00e3o de transbordo fluvial, essas a\u00e7\u00f5es complementam o trabalho de preserva\u00e7\u00e3o e refor\u00e7am o compromisso da Prefeitura de Manaus com uma cidade mais limpa, saud\u00e1vel e sustent\u00e1vel.<br><br>\u201cA consci\u00eancia ambiental come\u00e7a em casa. Se cada cidad\u00e3o fizer sua parte, o poder p\u00fablico poder\u00e1 avan\u00e7ar ainda mais. Estamos fazendo nossa parte todos os dias, mas precisamos da colabora\u00e7\u00e3o de todos\u201d, refor\u00e7ou Sab\u00e1 Reis.<br><br><strong>Rios limpos e consci\u00eancia coletiva<\/strong><strong><br><\/strong><strong><br><\/strong>Com o fortalecimento da pol\u00edtica municipal de limpeza h\u00eddrica, a Prefeitura de Manaus busca consolidar um novo paradigma de conviv\u00eancia com o meio ambiente urbano e natural. A meta \u00e9 transformar a capital amazonense em refer\u00eancia nacional na gest\u00e3o de res\u00edduos fluviais, reduzindo a polui\u00e7\u00e3o dos rios e igarap\u00e9s que comp\u00f5em a identidade da cidade.<\/p>\n\n\n\n<p>\u2014 \u2014 \u2014-<br><strong>Texto &#8211;&nbsp; <\/strong>Dora Tupinamb\u00e1 \/ Semulsp<br><strong>Fotos &#8211; <\/strong>Divulga\u00e7\u00e3o \/ Semulsp<\/p>\n","protected":false},"excerpt":{"rendered":"","protected":false},"author":68,"featured_media":2614,"comment_status":"closed","ping_status":"closed","sticky":false,"template":"","format":"standard","meta":{"footnotes":""},"categories":[132],"tags":[57,928,10,499],"acf":[],"yoast_head":"<!-- This site is optimized with the Yoast SEO plugin v23.0 - https:\/\/yoast.com\/wordpress\/plugins\/seo\/ -->\n<title>Prefeitura de Manaus realiza oitava opera\u00e7\u00e3o de transbordo<\/title>\n<meta name=\"description\" content=\"A Prefeitura de Manaus, por meio da Secretaria Municipal de Limpeza Urbana (Semulsp), realizou a oitava opera\u00e7\u00e3o de transbordo de 2025.\" \/>\n<meta name=\"robots\" content=\"noindex, follow\" \/>\n<meta property=\"og:locale\" content=\"pt_BR\" \/>\n<meta property=\"og:type\" content=\"article\" \/>\n<meta property=\"og:title\" content=\"Prefeitura de Manaus realiza oitava opera\u00e7\u00e3o de transbordo\" \/>\n<meta property=\"og:description\" content=\"A Prefeitura de Manaus, por meio da Secretaria Municipal de Limpeza Urbana (Semulsp), realizou a oitava opera\u00e7\u00e3o de transbordo de 2025.\" \/>\n<meta property=\"og:url\" content=\"https:\/\/www.manaus.am.gov.br\/semulsp\/operacao-de-transbordo\/\" \/>\n<meta property=\"og:site_name\" content=\"SEMULSP\" \/>\n<meta property=\"article:publisher\" content=\"https:\/\/www.facebook.com\/semulspmanaus\" \/>\n<meta property=\"article:published_time\" content=\"2025-11-09T15:36:33+00:00\" \/>\n<meta property=\"article:modified_time\" content=\"2025-11-09T15:36:34+00:00\" \/>\n<meta property=\"og:image\" content=\"https:\/\/www.manaus.am.gov.br\/semulsp\/wp-content\/uploads\/sites\/23\/2025\/11\/Prefeitura-de-Manaus-realiza-oitava-operacao-de-transbordo-e-reforca-compromisso-com-a-limpeza-dos-rios-e-igarapes-2.jpeg\" \/>\n\t<meta property=\"og:image:width\" content=\"1280\" \/>\n\t<meta property=\"og:image:height\" content=\"674\" \/>\n\t<meta property=\"og:image:type\" content=\"image\/jpeg\" \/>\n<meta name=\"author\" content=\"bvalente\" \/>\n<meta name=\"twitter:card\" content=\"summary_large_image\" \/>\n<meta name=\"twitter:label1\" content=\"Written by\" \/>\n\t<meta name=\"twitter:data1\" content=\"bvalente\" \/>\n\t<meta name=\"twitter:label2\" content=\"Est. reading time\" \/>\n\t<meta name=\"twitter:data2\" content=\"3 minutos\" \/>\n<script type=\"application\/ld+json\" class=\"yoast-schema-graph\">{\"@context\":\"https:\/\/schema.org\",\"@graph\":[{\"@type\":\"Article\",\"@id\":\"https:\/\/www.manaus.am.gov.br\/semulsp\/operacao-de-transbordo\/#article\",\"isPartOf\":{\"@id\":\"https:\/\/www.manaus.am.gov.br\/semulsp\/operacao-de-transbordo\/\"},\"author\":{\"name\":\"bvalente\",\"@id\":\"https:\/\/www.manaus.am.gov.br\/semulsp\/#\/schema\/person\/466a0e03ae4b6062809046bd560ac955\"},\"headline\":\"Prefeitura de Manaus realiza oitava opera\u00e7\u00e3o de transbordo e refor\u00e7a compromisso com a limpeza dos rios e igarap\u00e9s\",\"datePublished\":\"2025-11-09T15:36:33+00:00\",\"dateModified\":\"2025-11-09T15:36:34+00:00\",\"mainEntityOfPage\":{\"@id\":\"https:\/\/www.manaus.am.gov.br\/semulsp\/operacao-de-transbordo\/\"},\"wordCount\":551,\"publisher\":{\"@id\":\"https:\/\/www.manaus.am.gov.br\/semulsp\/#organization\"},\"image\":{\"@id\":\"https:\/\/www.manaus.am.gov.br\/semulsp\/operacao-de-transbordo\/#primaryimage\"},\"thumbnailUrl\":\"https:\/\/www.manaus.am.gov.br\/semulsp\/wp-content\/uploads\/sites\/23\/2025\/11\/Prefeitura-de-Manaus-realiza-oitava-operacao-de-transbordo-e-reforca-compromisso-com-a-limpeza-dos-rios-e-igarapes-2.jpeg\",\"keywords\":[\"a\u00e7\u00e3o de limpeza\",\"opera\u00e7\u00e3o de transbordo\",\"prefeitura de manaus\",\"Semulsp. Prefeitura de Manaus\"],\"articleSection\":[\"Preserva\u00e7\u00e3o\"],\"inLanguage\":\"pt-BR\"},{\"@type\":\"WebPage\",\"@id\":\"https:\/\/www.manaus.am.gov.br\/semulsp\/operacao-de-transbordo\/\",\"url\":\"https:\/\/www.manaus.am.gov.br\/semulsp\/operacao-de-transbordo\/\",\"name\":\"Prefeitura de Manaus realiza oitava opera\u00e7\u00e3o de transbordo\",\"isPartOf\":{\"@id\":\"https:\/\/www.manaus.am.gov.br\/semulsp\/#website\"},\"primaryImageOfPage\":{\"@id\":\"https:\/\/www.manaus.am.gov.br\/semulsp\/operacao-de-transbordo\/#primaryimage\"},\"image\":{\"@id\":\"https:\/\/www.manaus.am.gov.br\/semulsp\/operacao-de-transbordo\/#primaryimage\"},\"thumbnailUrl\":\"https:\/\/www.manaus.am.gov.br\/semulsp\/wp-content\/uploads\/sites\/23\/2025\/11\/Prefeitura-de-Manaus-realiza-oitava-operacao-de-transbordo-e-reforca-compromisso-com-a-limpeza-dos-rios-e-igarapes-2.jpeg\",\"datePublished\":\"2025-11-09T15:36:33+00:00\",\"dateModified\":\"2025-11-09T15:36:34+00:00\",\"description\":\"A Prefeitura de Manaus, por meio da Secretaria Municipal de Limpeza Urbana (Semulsp), realizou a oitava opera\u00e7\u00e3o de transbordo de 2025.\",\"breadcrumb\":{\"@id\":\"https:\/\/www.manaus.am.gov.br\/semulsp\/operacao-de-transbordo\/#breadcrumb\"},\"inLanguage\":\"pt-BR\",\"potentialAction\":[{\"@type\":\"ReadAction\",\"target\":[\"https:\/\/www.manaus.am.gov.br\/semulsp\/operacao-de-transbordo\/\"]}]},{\"@type\":\"ImageObject\",\"inLanguage\":\"pt-BR\",\"@id\":\"https:\/\/www.manaus.am.gov.br\/semulsp\/operacao-de-transbordo\/#primaryimage\",\"url\":\"https:\/\/www.manaus.am.gov.br\/semulsp\/wp-content\/uploads\/sites\/23\/2025\/11\/Prefeitura-de-Manaus-realiza-oitava-operacao-de-transbordo-e-reforca-compromisso-com-a-limpeza-dos-rios-e-igarapes-2.jpeg\",\"contentUrl\":\"https:\/\/www.manaus.am.gov.br\/semulsp\/wp-content\/uploads\/sites\/23\/2025\/11\/Prefeitura-de-Manaus-realiza-oitava-operacao-de-transbordo-e-reforca-compromisso-com-a-limpeza-dos-rios-e-igarapes-2.jpeg\",\"width\":1280,\"height\":674,\"caption\":\"#paratodosverem \u2013 Maquin\u00e1rio e balsas da Semulsp durante transbordo de lixo na orla do rio Negro\"},{\"@type\":\"BreadcrumbList\",\"@id\":\"https:\/\/www.manaus.am.gov.br\/semulsp\/operacao-de-transbordo\/#breadcrumb\",\"itemListElement\":[{\"@type\":\"ListItem\",\"position\":1,\"name\":\"Home\",\"item\":\"https:\/\/www.manaus.am.gov.br\/semulsp\/\"},{\"@type\":\"ListItem\",\"position\":2,\"name\":\"Prefeitura de Manaus realiza oitava opera\u00e7\u00e3o de transbordo e refor\u00e7a compromisso com a limpeza dos rios e igarap\u00e9s\"}]},{\"@type\":\"WebSite\",\"@id\":\"https:\/\/www.manaus.am.gov.br\/semulsp\/#website\",\"url\":\"https:\/\/www.manaus.am.gov.br\/semulsp\/\",\"name\":\"SEMULSP\",\"description\":\"Prefeitura de Manaus\",\"publisher\":{\"@id\":\"https:\/\/www.manaus.am.gov.br\/semulsp\/#organization\"},\"alternateName\":\"Secretaria Municipal de Limpeza P\u00fablica\",\"potentialAction\":[{\"@type\":\"SearchAction\",\"target\":{\"@type\":\"EntryPoint\",\"urlTemplate\":\"https:\/\/www.manaus.am.gov.br\/semulsp\/?s={search_term_string}\"},\"query-input\":\"required name=search_term_string\"}],\"inLanguage\":\"pt-BR\"},{\"@type\":\"Organization\",\"@id\":\"https:\/\/www.manaus.am.gov.br\/semulsp\/#organization\",\"name\":\"SEMULSP\",\"alternateName\":\"Secretaria Municipal de Limpeza P\u00fablica\",\"url\":\"https:\/\/www.manaus.am.gov.br\/semulsp\/\",\"logo\":{\"@type\":\"ImageObject\",\"inLanguage\":\"pt-BR\",\"@id\":\"https:\/\/www.manaus.am.gov.br\/semulsp\/#\/schema\/logo\/image\/\",\"url\":\"https:\/\/www.manaus.am.gov.br\/semulsp\/wp-content\/uploads\/sites\/23\/2023\/05\/cropped-favicon.png\",\"contentUrl\":\"https:\/\/www.manaus.am.gov.br\/semulsp\/wp-content\/uploads\/sites\/23\/2023\/05\/cropped-favicon.png\",\"width\":512,\"height\":512,\"caption\":\"SEMULSP\"},\"image\":{\"@id\":\"https:\/\/www.manaus.am.gov.br\/semulsp\/#\/schema\/logo\/image\/\"},\"sameAs\":[\"https:\/\/www.facebook.com\/semulspmanaus\",\"https:\/\/www.instagram.com\/semulspmanaus\/\"]},{\"@type\":\"Person\",\"@id\":\"https:\/\/www.manaus.am.gov.br\/semulsp\/#\/schema\/person\/466a0e03ae4b6062809046bd560ac955\",\"name\":\"bvalente\",\"image\":{\"@type\":\"ImageObject\",\"inLanguage\":\"pt-BR\",\"@id\":\"https:\/\/www.manaus.am.gov.br\/semulsp\/#\/schema\/person\/image\/\",\"url\":\"https:\/\/secure.gravatar.com\/avatar\/3e69bc2b014bdad41adfec3a39de07d2?s=96&d=mm&r=g\",\"contentUrl\":\"https:\/\/secure.gravatar.com\/avatar\/3e69bc2b014bdad41adfec3a39de07d2?s=96&d=mm&r=g\",\"caption\":\"bvalente\"}}]}<\/script>\n<!-- \/ Yoast SEO plugin. -->","yoast_head_json":{"title":"Prefeitura de Manaus realiza oitava opera\u00e7\u00e3o de transbordo","description":"A Prefeitura de Manaus, por meio da Secretaria Municipal de Limpeza Urbana (Semulsp), realizou a oitava opera\u00e7\u00e3o de transbordo de 2025.","robots":{"index":"noindex","follow":"follow"},"og_locale":"pt_BR","og_type":"article","og_title":"Prefeitura de Manaus realiza oitava opera\u00e7\u00e3o de transbordo","og_description":"A Prefeitura de Manaus, por meio da Secretaria Municipal de Limpeza Urbana (Semulsp), realizou a oitava opera\u00e7\u00e3o de transbordo de 2025.","og_url":"https:\/\/www.manaus.am.gov.br\/semulsp\/operacao-de-transbordo\/","og_site_name":"SEMULSP","article_publisher":"https:\/\/www.facebook.com\/semulspmanaus","article_published_time":"2025-11-09T15:36:33+00:00","article_modified_time":"2025-11-09T15:36:34+00:00","og_image":[{"width":1280,"height":674,"url":"https:\/\/www.manaus.am.gov.br\/semulsp\/wp-content\/uploads\/sites\/23\/2025\/11\/Prefeitura-de-Manaus-realiza-oitava-operacao-de-transbordo-e-reforca-compromisso-com-a-limpeza-dos-rios-e-igarapes-2.jpeg","type":"image\/jpeg"}],"author":"bvalente","twitter_card":"summary_large_image","twitter_misc":{"Written by":"bvalente","Est. reading time":"3 minutos"},"schema":{"@context":"https:\/\/schema.org","@graph":[{"@type":"Article","@id":"https:\/\/www.manaus.am.gov.br\/semulsp\/operacao-de-transbordo\/#article","isPartOf":{"@id":"https:\/\/www.manaus.am.gov.br\/semulsp\/operacao-de-transbordo\/"},"author":{"name":"bvalente","@id":"https:\/\/www.manaus.am.gov.br\/semulsp\/#\/schema\/person\/466a0e03ae4b6062809046bd560ac955"},"headline":"Prefeitura de Manaus realiza oitava opera\u00e7\u00e3o de transbordo e refor\u00e7a compromisso com a limpeza dos rios e igarap\u00e9s","datePublished":"2025-11-09T15:36:33+00:00","dateModified":"2025-11-09T15:36:34+00:00","mainEntityOfPage":{"@id":"https:\/\/www.manaus.am.gov.br\/semulsp\/operacao-de-transbordo\/"},"wordCount":551,"publisher":{"@id":"https:\/\/www.manaus.am.gov.br\/semulsp\/#organization"},"image":{"@id":"https:\/\/www.manaus.am.gov.br\/semulsp\/operacao-de-transbordo\/#primaryimage"},"thumbnailUrl":"https:\/\/www.manaus.am.gov.br\/semulsp\/wp-content\/uploads\/sites\/23\/2025\/11\/Prefeitura-de-Manaus-realiza-oitava-operacao-de-transbordo-e-reforca-compromisso-com-a-limpeza-dos-rios-e-igarapes-2.jpeg","keywords":["a\u00e7\u00e3o de limpeza","opera\u00e7\u00e3o de transbordo","prefeitura de manaus","Semulsp. Prefeitura de Manaus"],"articleSection":["Preserva\u00e7\u00e3o"],"inLanguage":"pt-BR"},{"@type":"WebPage","@id":"https:\/\/www.manaus.am.gov.br\/semulsp\/operacao-de-transbordo\/","url":"https:\/\/www.manaus.am.gov.br\/semulsp\/operacao-de-transbordo\/","name":"Prefeitura de Manaus realiza oitava opera\u00e7\u00e3o de transbordo","isPartOf":{"@id":"https:\/\/www.manaus.am.gov.br\/semulsp\/#website"},"primaryImageOfPage":{"@id":"https:\/\/www.manaus.am.gov.br\/semulsp\/operacao-de-transbordo\/#primaryimage"},"image":{"@id":"https:\/\/www.manaus.am.gov.br\/semulsp\/operacao-de-transbordo\/#primaryimage"},"thumbnailUrl":"https:\/\/www.manaus.am.gov.br\/semulsp\/wp-content\/uploads\/sites\/23\/2025\/11\/Prefeitura-de-Manaus-realiza-oitava-operacao-de-transbordo-e-reforca-compromisso-com-a-limpeza-dos-rios-e-igarapes-2.jpeg","datePublished":"2025-11-09T15:36:33+00:00","dateModified":"2025-11-09T15:36:34+00:00","description":"A Prefeitura de Manaus, por meio da Secretaria Municipal de Limpeza Urbana (Semulsp), realizou a oitava opera\u00e7\u00e3o de transbordo de 2025.","breadcrumb":{"@id":"https:\/\/www.manaus.am.gov.br\/semulsp\/operacao-de-transbordo\/#breadcrumb"},"inLanguage":"pt-BR","potentialAction":[{"@type":"ReadAction","target":["https:\/\/www.manaus.am.gov.br\/semulsp\/operacao-de-transbordo\/"]}]},{"@type":"ImageObject","inLanguage":"pt-BR","@id":"https:\/\/www.manaus.am.gov.br\/semulsp\/operacao-de-transbordo\/#primaryimage","url":"https:\/\/www.manaus.am.gov.br\/semulsp\/wp-content\/uploads\/sites\/23\/2025\/11\/Prefeitura-de-Manaus-realiza-oitava-operacao-de-transbordo-e-reforca-compromisso-com-a-limpeza-dos-rios-e-igarapes-2.jpeg","contentUrl":"https:\/\/www.manaus.am.gov.br\/semulsp\/wp-content\/uploads\/sites\/23\/2025\/11\/Prefeitura-de-Manaus-realiza-oitava-operacao-de-transbordo-e-reforca-compromisso-com-a-limpeza-dos-rios-e-igarapes-2.jpeg","width":1280,"height":674,"caption":"#paratodosverem \u2013 Maquin\u00e1rio e balsas da Semulsp durante transbordo de lixo na orla do rio Negro"},{"@type":"BreadcrumbList","@id":"https:\/\/www.manaus.am.gov.br\/semulsp\/operacao-de-transbordo\/#breadcrumb","itemListElement":[{"@type":"ListItem","position":1,"name":"Home","item":"https:\/\/www.manaus.am.gov.br\/semulsp\/"},{"@type":"ListItem","position":2,"name":"Prefeitura de Manaus realiza oitava opera\u00e7\u00e3o de transbordo e refor\u00e7a compromisso com a limpeza dos rios e igarap\u00e9s"}]},{"@type":"WebSite","@id":"https:\/\/www.manaus.am.gov.br\/semulsp\/#website","url":"https:\/\/www.manaus.am.gov.br\/semulsp\/","name":"SEMULSP","description":"Prefeitura de Manaus","publisher":{"@id":"https:\/\/www.manaus.am.gov.br\/semulsp\/#organization"},"alternateName":"Secretaria Municipal de Limpeza P\u00fablica","potentialAction":[{"@type":"SearchAction","target":{"@type":"EntryPoint","urlTemplate":"https:\/\/www.manaus.am.gov.br\/semulsp\/?s={search_term_string}"},"query-input":"required name=search_term_string"}],"inLanguage":"pt-BR"},{"@type":"Organization","@id":"https:\/\/www.manaus.am.gov.br\/semulsp\/#organization","name":"SEMULSP","alternateName":"Secretaria Municipal de Limpeza P\u00fablica","url":"https:\/\/www.manaus.am.gov.br\/semulsp\/","logo":{"@type":"ImageObject","inLanguage":"pt-BR","@id":"https:\/\/www.manaus.am.gov.br\/semulsp\/#\/schema\/logo\/image\/","url":"https:\/\/www.manaus.am.gov.br\/semulsp\/wp-content\/uploads\/sites\/23\/2023\/05\/cropped-favicon.png","contentUrl":"https:\/\/www.manaus.am.gov.br\/semulsp\/wp-content\/uploads\/sites\/23\/2023\/05\/cropped-favicon.png","width":512,"height":512,"caption":"SEMULSP"},"image":{"@id":"https:\/\/www.manaus.am.gov.br\/semulsp\/#\/schema\/logo\/image\/"},"sameAs":["https:\/\/www.facebook.com\/semulspmanaus","https:\/\/www.instagram.com\/semulspmanaus\/"]},{"@type":"Person","@id":"https:\/\/www.manaus.am.gov.br\/semulsp\/#\/schema\/person\/466a0e03ae4b6062809046bd560ac955","name":"bvalente","image":{"@type":"ImageObject","inLanguage":"pt-BR","@id":"https:\/\/www.manaus.am.gov.br\/semulsp\/#\/schema\/person\/image\/","url":"https:\/\/secure.gravatar.com\/avatar\/3e69bc2b014bdad41adfec3a39de07d2?s=96&d=mm&r=g","contentUrl":"https:\/\/secure.gravatar.com\/avatar\/3e69bc2b014bdad41adfec3a39de07d2?s=96&d=mm&r=g","caption":"bvalente"}}]}},"_links":{"self":[{"href":"https:\/\/www.manaus.am.gov.br\/semulsp\/wp-json\/wp\/v2\/posts\/2613"}],"collection":[{"href":"https:\/\/www.manaus.am.gov.br\/semulsp\/wp-json\/wp\/v2\/posts"}],"about":[{"href":"https:\/\/www.manaus.am.gov.br\/semulsp\/wp-json\/wp\/v2\/types\/post"}],"author":[{"embeddable":true,"href":"https:\/\/www.manaus.am.gov.br\/semulsp\/wp-json\/wp\/v2\/users\/68"}],"replies":[{"embeddable":true,"href":"https:\/\/www.manaus.am.gov.br\/semulsp\/wp-json\/wp\/v2\/comments?post=2613"}],"version-history":[{"count":0,"href":"https:\/\/www.manaus.am.gov.br\/semulsp\/wp-json\/wp\/v2\/posts\/2613\/revisions"}],"wp:featuredmedia":[{"embeddable":true,"href":"https:\/\/www.manaus.am.gov.br\/semulsp\/wp-json\/wp\/v2\/media\/2614"}],"wp:attachment":[{"href":"https:\/\/www.manaus.am.gov.br\/semulsp\/wp-json\/wp\/v2\/media?parent=2613"}],"wp:term":[{"taxonomy":"category","embeddable":true,"href":"https:\/\/www.manaus.am.gov.br\/semulsp\/wp-json\/wp\/v2\/categories?post=2613"},{"taxonomy":"post_tag","embeddable":true,"href":"https:\/\/www.manaus.am.gov.br\/semulsp\/wp-json\/wp\/v2\/tags?post=2613"}],"curies":[{"name":"wp","href":"https:\/\/api.w.org\/{rel}","templated":true}]}}