{"id":2611,"date":"2025-11-07T16:32:44","date_gmt":"2025-11-07T20:32:44","guid":{"rendered":"https:\/\/www.manaus.am.gov.br\/semulsp\/maior-ecobarreira-de-manaus\/"},"modified":"2025-11-07T16:32:45","modified_gmt":"2025-11-07T20:32:45","slug":"maior-ecobarreira-de-manaus","status":"publish","type":"post","link":"https:\/\/www.manaus.am.gov.br\/semulsp\/maior-ecobarreira-de-manaus\/","title":{"rendered":"Prefeito David Almeida instala maior ecobarreira de Manaus no Educandos e apresenta resultados ambientais que ser\u00e3o levados \u00e0 COP30"},"content":{"rendered":"\n<p>O prefeito de Manaus, David Almeida, acompanhou, nesta sexta-feira, 7\/11, a instala\u00e7\u00e3o da maior ecobarreira j\u00e1 implantada pela prefeitura, no igarap\u00e9 do Educandos, nas proximidades da feira da Panair, zona Sul. A estrutura, formada por tr\u00eas m\u00f3dulos de 12 metros, amplia para 12 o total de ecobarreiras em opera\u00e7\u00e3o na capital e refor\u00e7a a estrat\u00e9gia de conten\u00e7\u00e3o de res\u00edduos antes que eles alcancem o rio Negro. O local \u00e9 uma das sa\u00eddas mais cr\u00edticas de lixo fluvial da cidade e integra o conjunto de a\u00e7\u00f5es que ser\u00e3o apresentadas por Manaus na COP30, em Bel\u00e9m.<\/p>\n\n\n\n<p>As ecobarreiras t\u00eam evidenciado o impacto direto do descarte irregular de res\u00edduos nos igarap\u00e9s. \u201cO igarap\u00e9 n\u00e3o est\u00e1 sujo por natureza. Ele se suja quando chove, porque o lixo descartado de forma inadequada vai parar na \u00e1gua. A consci\u00eancia ambiental de cada morador \u00e9 fundamental para manter nossos mananciais preservados\u201d, afirmou o prefeito, destacando que Manaus chega \u00e0 COP30 com resultados concretos. Entre as a\u00e7\u00f5es exemplares est\u00e3o a transi\u00e7\u00e3o energ\u00e9tica no novo aterro sanit\u00e1rio, que transformar\u00e1 metano em biometano para abastecer os caminh\u00f5es coletores, a implanta\u00e7\u00e3o de uma usina fotovoltaica no aterro controlado, a recupera\u00e7\u00e3o das lagoas com a planta beru e o reaproveitamento da \u00e1gua tratada das lagoas de chorume.<\/p>\n\n\n\n<p>A expans\u00e3o da rede de ecobarreiras foi destacada no livro oficial que a prefeitura levar\u00e1 \u00e0 COP30, onde aparecem como uma solu\u00e7\u00e3o de engenharia amaz\u00f4nica, projetada para bloquear res\u00edduos em diversos trechos de igarap\u00e9s e impedir que o lixo alcance o rio Negro. Atualmente, as estruturas j\u00e1 est\u00e3o instaladas nos seguintes pontos: Passeio do Mindu, no bairro Parque 10 de Novembro; avenida do Samba; igarap\u00e9 do Franco, na avenida Brasil; igarap\u00e9 da Sapol\u00e2ndia, no bairro Alvorada; igarap\u00e9 do Quarenta, no Japiim; igarap\u00e9 da Uni\u00e3o; igarap\u00e9 do Bombeamento, no bairro Compensa; igarap\u00e9 do Passarinho, na Col\u00f4nia Terra Nova; avenida Beira Rio, no Coroado; Parque Gigantes da Floresta, no Novo Aleixo; e igarap\u00e9 do S\u00e3o Francisco, al\u00e9m do novo ponto no Educandos.<\/p>\n\n\n\n<p>O titular da Secretaria Municipal de Limpeza Urbana (Semulsp), Sab\u00e1 Reis, ressaltou a efici\u00eancia do sistema. \u201cCom a instala\u00e7\u00e3o desta ecobarreira, chegamos a 26 meses de um trabalho que j\u00e1 impediu que quase 8 mil toneladas de lixo chegassem ao rio Negro. Antes, retir\u00e1vamos entre 650 e 700 toneladas por m\u00eas diretamente do rio. Hoje, conseguimos segurar de 250 a 300 toneladas nos igarap\u00e9s, evitando que esse material alcance o rio Negro, o Amazonas e, mais adiante, os oceanos. \u00c9 uma a\u00e7\u00e3o simples, eficiente e que se tornou um ativo ambiental para a cidade\u201d, afirmou.<\/p>\n\n\n\n<p>Al\u00e9m das ecobarreiras, Manaus tamb\u00e9m avan\u00e7a no plantio de \u00e1rvores, com mais de 6 mil mudas somente em 2025, na renova\u00e7\u00e3o da frota com \u00f4nibus Euro 6, que emitem 75% menos poluentes, e na execu\u00e7\u00e3o dos planos municipais de mudan\u00e7as clim\u00e1ticas, saneamento, arboriza\u00e7\u00e3o e res\u00edduos s\u00f3lidos. O Banco Mundial estimou que essas a\u00e7\u00f5es podem gerar at\u00e9 500 milh\u00f5es de d\u00f3lares em remunera\u00e7\u00e3o pelos servi\u00e7os ambientais prestados at\u00e9 2028.<\/p>\n\n\n\n<p>\u201cManaus n\u00e3o vai \u00e0 COP para falar do que pretende fazer. Vai para mostrar o que j\u00e1 est\u00e1 fazendo. Somos refer\u00eancia em preserva\u00e7\u00e3o ambiental e inova\u00e7\u00e3o em pol\u00edticas p\u00fablicas de sustentabilidade. O mundo est\u00e1 olhando para Manaus\u201d, refor\u00e7ou David Almeida.<\/p>\n\n\n\n<p>\u2014 \u2014 \u2014<\/p>\n\n\n\n<p><strong>Texto &#8211;<\/strong> Emanuelle Baires \/ Semcom-Prefeito<br><strong>Fotos &#8211;\u00a0 <\/strong>Dhyeizo Lemos \/ Semcom-Prefeito e Jo\u00e3o Viana \/ Semcom<br><strong>Dispon\u00edveis em &#8211; <\/strong><a href=\"https:\/\/flic.kr\/s\/aHBqjCA5EU\">https:\/\/flic.kr\/s\/aHBqjCA5EU<\/a><\/p>\n","protected":false},"excerpt":{"rendered":"","protected":false},"author":68,"featured_media":2612,"comment_status":"closed","ping_status":"closed","sticky":false,"template":"","format":"standard","meta":{"footnotes":""},"categories":[132],"tags":[924,32,925,926,927,10],"acf":[],"yoast_head":"<!-- This site is optimized with the Yoast SEO plugin v23.0 - https:\/\/yoast.com\/wordpress\/plugins\/seo\/ -->\n<title>Prefeito David Almeida instala maior ecobarreira de Manaus<\/title>\n<meta name=\"description\" content=\"O prefeito de Manaus, David Almeida, acompanhou, nesta sexta-feira, 7\/11, a instala\u00e7\u00e3o da maior ecobarreira j\u00e1 implantada pela prefeitura.\" \/>\n<meta name=\"robots\" content=\"noindex, follow\" \/>\n<meta property=\"og:locale\" content=\"pt_BR\" \/>\n<meta property=\"og:type\" content=\"article\" \/>\n<meta property=\"og:title\" content=\"Prefeito David Almeida instala maior ecobarreira de Manaus\" \/>\n<meta property=\"og:description\" content=\"O prefeito de Manaus, David Almeida, acompanhou, nesta sexta-feira, 7\/11, a instala\u00e7\u00e3o da maior ecobarreira j\u00e1 implantada pela prefeitura.\" \/>\n<meta property=\"og:url\" content=\"https:\/\/www.manaus.am.gov.br\/semulsp\/maior-ecobarreira-de-manaus\/\" \/>\n<meta property=\"og:site_name\" content=\"SEMULSP\" \/>\n<meta property=\"article:publisher\" content=\"https:\/\/www.facebook.com\/semulspmanaus\" \/>\n<meta property=\"article:published_time\" content=\"2025-11-07T20:32:44+00:00\" \/>\n<meta property=\"article:modified_time\" content=\"2025-11-07T20:32:45+00:00\" \/>\n<meta property=\"og:image\" content=\"https:\/\/www.manaus.am.gov.br\/semulsp\/wp-content\/uploads\/sites\/23\/2025\/11\/54908146393_2c3eb0e393_c.jpg\" \/>\n\t<meta property=\"og:image:width\" content=\"800\" \/>\n\t<meta property=\"og:image:height\" content=\"534\" \/>\n\t<meta property=\"og:image:type\" content=\"image\/jpeg\" \/>\n<meta name=\"author\" content=\"bvalente\" \/>\n<meta name=\"twitter:card\" content=\"summary_large_image\" \/>\n<meta name=\"twitter:label1\" content=\"Written by\" \/>\n\t<meta name=\"twitter:data1\" content=\"bvalente\" \/>\n\t<meta name=\"twitter:label2\" content=\"Est. reading time\" \/>\n\t<meta name=\"twitter:data2\" content=\"4 minutos\" \/>\n<script type=\"application\/ld+json\" class=\"yoast-schema-graph\">{\"@context\":\"https:\/\/schema.org\",\"@graph\":[{\"@type\":\"Article\",\"@id\":\"https:\/\/www.manaus.am.gov.br\/semulsp\/maior-ecobarreira-de-manaus\/#article\",\"isPartOf\":{\"@id\":\"https:\/\/www.manaus.am.gov.br\/semulsp\/maior-ecobarreira-de-manaus\/\"},\"author\":{\"name\":\"bvalente\",\"@id\":\"https:\/\/www.manaus.am.gov.br\/semulsp\/#\/schema\/person\/466a0e03ae4b6062809046bd560ac955\"},\"headline\":\"Prefeito David Almeida instala maior ecobarreira de Manaus no Educandos e apresenta resultados ambientais que ser\u00e3o levados \u00e0 COP30\",\"datePublished\":\"2025-11-07T20:32:44+00:00\",\"dateModified\":\"2025-11-07T20:32:45+00:00\",\"mainEntityOfPage\":{\"@id\":\"https:\/\/www.manaus.am.gov.br\/semulsp\/maior-ecobarreira-de-manaus\/\"},\"wordCount\":615,\"publisher\":{\"@id\":\"https:\/\/www.manaus.am.gov.br\/semulsp\/#organization\"},\"image\":{\"@id\":\"https:\/\/www.manaus.am.gov.br\/semulsp\/maior-ecobarreira-de-manaus\/#primaryimage\"},\"thumbnailUrl\":\"https:\/\/www.manaus.am.gov.br\/semulsp\/wp-content\/uploads\/sites\/23\/2025\/11\/54908146393_2c3eb0e393_c.jpg\",\"keywords\":[\"a\u00e7\u00f5es COP30\",\"David Almeida\",\"instala\u00e7\u00e3o da maior ecobarreira j\u00e1 implantada pela prefeitura\",\"maior ecobarreira de Manaus\",\"nova ecobarreira\",\"prefeitura de manaus\"],\"articleSection\":[\"Preserva\u00e7\u00e3o\"],\"inLanguage\":\"pt-BR\"},{\"@type\":\"WebPage\",\"@id\":\"https:\/\/www.manaus.am.gov.br\/semulsp\/maior-ecobarreira-de-manaus\/\",\"url\":\"https:\/\/www.manaus.am.gov.br\/semulsp\/maior-ecobarreira-de-manaus\/\",\"name\":\"Prefeito David Almeida instala maior ecobarreira de Manaus\",\"isPartOf\":{\"@id\":\"https:\/\/www.manaus.am.gov.br\/semulsp\/#website\"},\"primaryImageOfPage\":{\"@id\":\"https:\/\/www.manaus.am.gov.br\/semulsp\/maior-ecobarreira-de-manaus\/#primaryimage\"},\"image\":{\"@id\":\"https:\/\/www.manaus.am.gov.br\/semulsp\/maior-ecobarreira-de-manaus\/#primaryimage\"},\"thumbnailUrl\":\"https:\/\/www.manaus.am.gov.br\/semulsp\/wp-content\/uploads\/sites\/23\/2025\/11\/54908146393_2c3eb0e393_c.jpg\",\"datePublished\":\"2025-11-07T20:32:44+00:00\",\"dateModified\":\"2025-11-07T20:32:45+00:00\",\"description\":\"O prefeito de Manaus, David Almeida, acompanhou, nesta sexta-feira, 7\/11, a instala\u00e7\u00e3o da maior ecobarreira j\u00e1 implantada pela prefeitura.\",\"breadcrumb\":{\"@id\":\"https:\/\/www.manaus.am.gov.br\/semulsp\/maior-ecobarreira-de-manaus\/#breadcrumb\"},\"inLanguage\":\"pt-BR\",\"potentialAction\":[{\"@type\":\"ReadAction\",\"target\":[\"https:\/\/www.manaus.am.gov.br\/semulsp\/maior-ecobarreira-de-manaus\/\"]}]},{\"@type\":\"ImageObject\",\"inLanguage\":\"pt-BR\",\"@id\":\"https:\/\/www.manaus.am.gov.br\/semulsp\/maior-ecobarreira-de-manaus\/#primaryimage\",\"url\":\"https:\/\/www.manaus.am.gov.br\/semulsp\/wp-content\/uploads\/sites\/23\/2025\/11\/54908146393_2c3eb0e393_c.jpg\",\"contentUrl\":\"https:\/\/www.manaus.am.gov.br\/semulsp\/wp-content\/uploads\/sites\/23\/2025\/11\/54908146393_2c3eb0e393_c.jpg\",\"width\":800,\"height\":534,\"caption\":\"#paratodosverem - Prefeito David Almeida em coletiva de imprensa durante instala\u00e7\u00e3o de nova ecobarreira\"},{\"@type\":\"BreadcrumbList\",\"@id\":\"https:\/\/www.manaus.am.gov.br\/semulsp\/maior-ecobarreira-de-manaus\/#breadcrumb\",\"itemListElement\":[{\"@type\":\"ListItem\",\"position\":1,\"name\":\"Home\",\"item\":\"https:\/\/www.manaus.am.gov.br\/semulsp\/\"},{\"@type\":\"ListItem\",\"position\":2,\"name\":\"Prefeito David Almeida instala maior ecobarreira de Manaus no Educandos e apresenta resultados ambientais que ser\u00e3o levados \u00e0 COP30\"}]},{\"@type\":\"WebSite\",\"@id\":\"https:\/\/www.manaus.am.gov.br\/semulsp\/#website\",\"url\":\"https:\/\/www.manaus.am.gov.br\/semulsp\/\",\"name\":\"SEMULSP\",\"description\":\"Prefeitura de Manaus\",\"publisher\":{\"@id\":\"https:\/\/www.manaus.am.gov.br\/semulsp\/#organization\"},\"alternateName\":\"Secretaria Municipal de Limpeza P\u00fablica\",\"potentialAction\":[{\"@type\":\"SearchAction\",\"target\":{\"@type\":\"EntryPoint\",\"urlTemplate\":\"https:\/\/www.manaus.am.gov.br\/semulsp\/?s={search_term_string}\"},\"query-input\":\"required name=search_term_string\"}],\"inLanguage\":\"pt-BR\"},{\"@type\":\"Organization\",\"@id\":\"https:\/\/www.manaus.am.gov.br\/semulsp\/#organization\",\"name\":\"SEMULSP\",\"alternateName\":\"Secretaria Municipal de Limpeza P\u00fablica\",\"url\":\"https:\/\/www.manaus.am.gov.br\/semulsp\/\",\"logo\":{\"@type\":\"ImageObject\",\"inLanguage\":\"pt-BR\",\"@id\":\"https:\/\/www.manaus.am.gov.br\/semulsp\/#\/schema\/logo\/image\/\",\"url\":\"https:\/\/www.manaus.am.gov.br\/semulsp\/wp-content\/uploads\/sites\/23\/2023\/05\/cropped-favicon.png\",\"contentUrl\":\"https:\/\/www.manaus.am.gov.br\/semulsp\/wp-content\/uploads\/sites\/23\/2023\/05\/cropped-favicon.png\",\"width\":512,\"height\":512,\"caption\":\"SEMULSP\"},\"image\":{\"@id\":\"https:\/\/www.manaus.am.gov.br\/semulsp\/#\/schema\/logo\/image\/\"},\"sameAs\":[\"https:\/\/www.facebook.com\/semulspmanaus\",\"https:\/\/www.instagram.com\/semulspmanaus\/\"]},{\"@type\":\"Person\",\"@id\":\"https:\/\/www.manaus.am.gov.br\/semulsp\/#\/schema\/person\/466a0e03ae4b6062809046bd560ac955\",\"name\":\"bvalente\",\"image\":{\"@type\":\"ImageObject\",\"inLanguage\":\"pt-BR\",\"@id\":\"https:\/\/www.manaus.am.gov.br\/semulsp\/#\/schema\/person\/image\/\",\"url\":\"https:\/\/secure.gravatar.com\/avatar\/3e69bc2b014bdad41adfec3a39de07d2?s=96&d=mm&r=g\",\"contentUrl\":\"https:\/\/secure.gravatar.com\/avatar\/3e69bc2b014bdad41adfec3a39de07d2?s=96&d=mm&r=g\",\"caption\":\"bvalente\"}}]}<\/script>\n<!-- \/ Yoast SEO plugin. -->","yoast_head_json":{"title":"Prefeito David Almeida instala maior ecobarreira de Manaus","description":"O prefeito de Manaus, David Almeida, acompanhou, nesta sexta-feira, 7\/11, a instala\u00e7\u00e3o da maior ecobarreira j\u00e1 implantada pela prefeitura.","robots":{"index":"noindex","follow":"follow"},"og_locale":"pt_BR","og_type":"article","og_title":"Prefeito David Almeida instala maior ecobarreira de Manaus","og_description":"O prefeito de Manaus, David Almeida, acompanhou, nesta sexta-feira, 7\/11, a instala\u00e7\u00e3o da maior ecobarreira j\u00e1 implantada pela prefeitura.","og_url":"https:\/\/www.manaus.am.gov.br\/semulsp\/maior-ecobarreira-de-manaus\/","og_site_name":"SEMULSP","article_publisher":"https:\/\/www.facebook.com\/semulspmanaus","article_published_time":"2025-11-07T20:32:44+00:00","article_modified_time":"2025-11-07T20:32:45+00:00","og_image":[{"width":800,"height":534,"url":"https:\/\/www.manaus.am.gov.br\/semulsp\/wp-content\/uploads\/sites\/23\/2025\/11\/54908146393_2c3eb0e393_c.jpg","type":"image\/jpeg"}],"author":"bvalente","twitter_card":"summary_large_image","twitter_misc":{"Written by":"bvalente","Est. reading time":"4 minutos"},"schema":{"@context":"https:\/\/schema.org","@graph":[{"@type":"Article","@id":"https:\/\/www.manaus.am.gov.br\/semulsp\/maior-ecobarreira-de-manaus\/#article","isPartOf":{"@id":"https:\/\/www.manaus.am.gov.br\/semulsp\/maior-ecobarreira-de-manaus\/"},"author":{"name":"bvalente","@id":"https:\/\/www.manaus.am.gov.br\/semulsp\/#\/schema\/person\/466a0e03ae4b6062809046bd560ac955"},"headline":"Prefeito David Almeida instala maior ecobarreira de Manaus no Educandos e apresenta resultados ambientais que ser\u00e3o levados \u00e0 COP30","datePublished":"2025-11-07T20:32:44+00:00","dateModified":"2025-11-07T20:32:45+00:00","mainEntityOfPage":{"@id":"https:\/\/www.manaus.am.gov.br\/semulsp\/maior-ecobarreira-de-manaus\/"},"wordCount":615,"publisher":{"@id":"https:\/\/www.manaus.am.gov.br\/semulsp\/#organization"},"image":{"@id":"https:\/\/www.manaus.am.gov.br\/semulsp\/maior-ecobarreira-de-manaus\/#primaryimage"},"thumbnailUrl":"https:\/\/www.manaus.am.gov.br\/semulsp\/wp-content\/uploads\/sites\/23\/2025\/11\/54908146393_2c3eb0e393_c.jpg","keywords":["a\u00e7\u00f5es COP30","David Almeida","instala\u00e7\u00e3o da maior ecobarreira j\u00e1 implantada pela prefeitura","maior ecobarreira de Manaus","nova ecobarreira","prefeitura de manaus"],"articleSection":["Preserva\u00e7\u00e3o"],"inLanguage":"pt-BR"},{"@type":"WebPage","@id":"https:\/\/www.manaus.am.gov.br\/semulsp\/maior-ecobarreira-de-manaus\/","url":"https:\/\/www.manaus.am.gov.br\/semulsp\/maior-ecobarreira-de-manaus\/","name":"Prefeito David Almeida instala maior ecobarreira de Manaus","isPartOf":{"@id":"https:\/\/www.manaus.am.gov.br\/semulsp\/#website"},"primaryImageOfPage":{"@id":"https:\/\/www.manaus.am.gov.br\/semulsp\/maior-ecobarreira-de-manaus\/#primaryimage"},"image":{"@id":"https:\/\/www.manaus.am.gov.br\/semulsp\/maior-ecobarreira-de-manaus\/#primaryimage"},"thumbnailUrl":"https:\/\/www.manaus.am.gov.br\/semulsp\/wp-content\/uploads\/sites\/23\/2025\/11\/54908146393_2c3eb0e393_c.jpg","datePublished":"2025-11-07T20:32:44+00:00","dateModified":"2025-11-07T20:32:45+00:00","description":"O prefeito de Manaus, David Almeida, acompanhou, nesta sexta-feira, 7\/11, a instala\u00e7\u00e3o da maior ecobarreira j\u00e1 implantada pela prefeitura.","breadcrumb":{"@id":"https:\/\/www.manaus.am.gov.br\/semulsp\/maior-ecobarreira-de-manaus\/#breadcrumb"},"inLanguage":"pt-BR","potentialAction":[{"@type":"ReadAction","target":["https:\/\/www.manaus.am.gov.br\/semulsp\/maior-ecobarreira-de-manaus\/"]}]},{"@type":"ImageObject","inLanguage":"pt-BR","@id":"https:\/\/www.manaus.am.gov.br\/semulsp\/maior-ecobarreira-de-manaus\/#primaryimage","url":"https:\/\/www.manaus.am.gov.br\/semulsp\/wp-content\/uploads\/sites\/23\/2025\/11\/54908146393_2c3eb0e393_c.jpg","contentUrl":"https:\/\/www.manaus.am.gov.br\/semulsp\/wp-content\/uploads\/sites\/23\/2025\/11\/54908146393_2c3eb0e393_c.jpg","width":800,"height":534,"caption":"#paratodosverem - Prefeito David Almeida em coletiva de imprensa durante instala\u00e7\u00e3o de nova ecobarreira"},{"@type":"BreadcrumbList","@id":"https:\/\/www.manaus.am.gov.br\/semulsp\/maior-ecobarreira-de-manaus\/#breadcrumb","itemListElement":[{"@type":"ListItem","position":1,"name":"Home","item":"https:\/\/www.manaus.am.gov.br\/semulsp\/"},{"@type":"ListItem","position":2,"name":"Prefeito David Almeida instala maior ecobarreira de Manaus no Educandos e apresenta resultados ambientais que ser\u00e3o levados \u00e0 COP30"}]},{"@type":"WebSite","@id":"https:\/\/www.manaus.am.gov.br\/semulsp\/#website","url":"https:\/\/www.manaus.am.gov.br\/semulsp\/","name":"SEMULSP","description":"Prefeitura de Manaus","publisher":{"@id":"https:\/\/www.manaus.am.gov.br\/semulsp\/#organization"},"alternateName":"Secretaria Municipal de Limpeza P\u00fablica","potentialAction":[{"@type":"SearchAction","target":{"@type":"EntryPoint","urlTemplate":"https:\/\/www.manaus.am.gov.br\/semulsp\/?s={search_term_string}"},"query-input":"required name=search_term_string"}],"inLanguage":"pt-BR"},{"@type":"Organization","@id":"https:\/\/www.manaus.am.gov.br\/semulsp\/#organization","name":"SEMULSP","alternateName":"Secretaria Municipal de Limpeza P\u00fablica","url":"https:\/\/www.manaus.am.gov.br\/semulsp\/","logo":{"@type":"ImageObject","inLanguage":"pt-BR","@id":"https:\/\/www.manaus.am.gov.br\/semulsp\/#\/schema\/logo\/image\/","url":"https:\/\/www.manaus.am.gov.br\/semulsp\/wp-content\/uploads\/sites\/23\/2023\/05\/cropped-favicon.png","contentUrl":"https:\/\/www.manaus.am.gov.br\/semulsp\/wp-content\/uploads\/sites\/23\/2023\/05\/cropped-favicon.png","width":512,"height":512,"caption":"SEMULSP"},"image":{"@id":"https:\/\/www.manaus.am.gov.br\/semulsp\/#\/schema\/logo\/image\/"},"sameAs":["https:\/\/www.facebook.com\/semulspmanaus","https:\/\/www.instagram.com\/semulspmanaus\/"]},{"@type":"Person","@id":"https:\/\/www.manaus.am.gov.br\/semulsp\/#\/schema\/person\/466a0e03ae4b6062809046bd560ac955","name":"bvalente","image":{"@type":"ImageObject","inLanguage":"pt-BR","@id":"https:\/\/www.manaus.am.gov.br\/semulsp\/#\/schema\/person\/image\/","url":"https:\/\/secure.gravatar.com\/avatar\/3e69bc2b014bdad41adfec3a39de07d2?s=96&d=mm&r=g","contentUrl":"https:\/\/secure.gravatar.com\/avatar\/3e69bc2b014bdad41adfec3a39de07d2?s=96&d=mm&r=g","caption":"bvalente"}}]}},"_links":{"self":[{"href":"https:\/\/www.manaus.am.gov.br\/semulsp\/wp-json\/wp\/v2\/posts\/2611"}],"collection":[{"href":"https:\/\/www.manaus.am.gov.br\/semulsp\/wp-json\/wp\/v2\/posts"}],"about":[{"href":"https:\/\/www.manaus.am.gov.br\/semulsp\/wp-json\/wp\/v2\/types\/post"}],"author":[{"embeddable":true,"href":"https:\/\/www.manaus.am.gov.br\/semulsp\/wp-json\/wp\/v2\/users\/68"}],"replies":[{"embeddable":true,"href":"https:\/\/www.manaus.am.gov.br\/semulsp\/wp-json\/wp\/v2\/comments?post=2611"}],"version-history":[{"count":0,"href":"https:\/\/www.manaus.am.gov.br\/semulsp\/wp-json\/wp\/v2\/posts\/2611\/revisions"}],"wp:featuredmedia":[{"embeddable":true,"href":"https:\/\/www.manaus.am.gov.br\/semulsp\/wp-json\/wp\/v2\/media\/2612"}],"wp:attachment":[{"href":"https:\/\/www.manaus.am.gov.br\/semulsp\/wp-json\/wp\/v2\/media?parent=2611"}],"wp:term":[{"taxonomy":"category","embeddable":true,"href":"https:\/\/www.manaus.am.gov.br\/semulsp\/wp-json\/wp\/v2\/categories?post=2611"},{"taxonomy":"post_tag","embeddable":true,"href":"https:\/\/www.manaus.am.gov.br\/semulsp\/wp-json\/wp\/v2\/tags?post=2611"}],"curies":[{"name":"wp","href":"https:\/\/api.w.org\/{rel}","templated":true}]}}