{"id":2596,"date":"2025-11-02T17:15:15","date_gmt":"2025-11-02T21:15:15","guid":{"rendered":"https:\/\/www.manaus.am.gov.br\/semulsp\/prefeitura-semulsp-diadefinados\/"},"modified":"2025-11-02T17:15:16","modified_gmt":"2025-11-02T21:15:16","slug":"prefeitura-semulsp-diadefinados","status":"publish","type":"post","link":"https:\/\/www.manaus.am.gov.br\/semulsp\/prefeitura-semulsp-diadefinados\/","title":{"rendered":"Prefeitura de Manaus acolhe 700 mil visitantes nos cemit\u00e9rios com estrutura e celebra\u00e7\u00f5es no Dia de Finados"},"content":{"rendered":"\n<p>O Dia de Finados, neste domingo, 2\/11, foi marcado por um ambiente de tranquilidade e organiza\u00e7\u00e3o nos cemit\u00e9rios p\u00fablicos da cidade. A Prefeitura de Manaus, por meio da Secretaria Municipal de Limpeza Urbana (Semulsp), coordenou toda a estrutura e os servi\u00e7os para garantir acolhimento, seguran\u00e7a e conforto aos visitantes.<\/p>\n\n\n\n<p>As a\u00e7\u00f5es inclu\u00edram limpeza, manuten\u00e7\u00e3o, apoio log\u00edstico e orienta\u00e7\u00e3o ao p\u00fablico, promovendo um espa\u00e7o de respeito e reflex\u00e3o em homenagem \u00e0 mem\u00f3ria dos entes queridos.<\/p>\n\n\n\n<p>Durante o fim de semana, mais de 700 mil pessoas passaram pelos dez cemit\u00e9rios municipais, sendo seis na \u00e1rea urbana e quatro na zona rural, para prestar homenagens aos entes queridos. O cemit\u00e9rio Nossa Senhora Aparecida, no bairro Tarum\u00e3, concentrou o maior movimento, com mais de 300 mil visitantes.<\/p>\n\n\n\n<p>Em todos os espa\u00e7os, a Semulsp organizou uma estrutura completa: som ambiente com m\u00fasicas religiosas, missas, cultos ecum\u00eanicos e presen\u00e7a de mission\u00e1rios de diversas denomina\u00e7\u00f5es, que levaram mensagens de consolo e esperan\u00e7a.<\/p>\n\n\n\n<p>Desde as primeiras horas da manh\u00e3, o secret\u00e1rio de Limpeza Urbana, Sab\u00e1 Reis, percorreu os cemit\u00e9rios, acompanhando a movimenta\u00e7\u00e3o das equipes e o atendimento \u00e0 popula\u00e7\u00e3o. \u201cEste \u00e9 um dia de f\u00e9 e lembran\u00e7a. A determina\u00e7\u00e3o do prefeito David Almeida \u00e9 que garant\u00edssemos \u00e0s fam\u00edlias um ambiente limpo, seguro e digno para prestar suas homenagens\u201d, afirmou.<\/p>\n\n\n\n<p>O secret\u00e1rio tamb\u00e9m refor\u00e7ou que a manuten\u00e7\u00e3o das vias comuns \u00e9 responsabilidade da prefeitura, enquanto a conserva\u00e7\u00e3o das sepulturas cabe aos titulares das concess\u00f5es. \u201cCuidar do local onde repousa um ente querido \u00e9 um gesto de amor e respeito que precisa ser compartilhado por todos\u201d, completou.<\/p>\n\n\n\n<p><strong>Trabalho integrado<\/strong><\/p>\n\n\n\n<p>Mais de mil servidores municipais estiveram mobilizados na opera\u00e7\u00e3o, que envolveu equipes da Semulsp, do Instituto Municipal de Mobilidade Urbana (IMMU), da Guarda Municipal, das secretarias municipais de Sa\u00fade (Semsa), de Agricultura, Abastecimento, Centro e Com\u00e9rcio Informal (Semacc), de Meio Ambiente e Sustentabilidade (Semmas) e da Mulher, Assist\u00eancia Social e Cidadania (Semasc).<\/p>\n\n\n\n<p>O subsecret\u00e1rio da Semulsp, Laurimar Costa, explicou que o trabalho come\u00e7ou semanas antes, com limpeza, capina e reparos nas estruturas. \u201cCada detalhe \u00e9 planejado com anteced\u00eancia, desde a drenagem e a poda at\u00e9 o abastecimento de \u00e1gua e lanche para as equipes. \u00c9 um esfor\u00e7o conjunto para que a popula\u00e7\u00e3o encontre um espa\u00e7o limpo e acolhedor para viver este momento de lembran\u00e7a\u201d, afirmou.<\/p>\n\n\n\n<p>A parceria com a \u00c1guas de Manaus garantiu pontos de hidrata\u00e7\u00e3o com bebedouros e distribui\u00e7\u00e3o de \u00e1gua mineral. O gesto solid\u00e1rio foi refor\u00e7ado por volunt\u00e1rios da Igreja Adventista do S\u00e9timo Dia e de outras institui\u00e7\u00f5es religiosas, que ofereceram copos de \u00e1gua, ora\u00e7\u00f5es e palavras de conforto \u00e0s fam\u00edlias.<\/p>\n\n\n\n<p><strong>Mensagens de f\u00e9 e consolo<\/strong><\/p>\n\n\n\n<p>No meio da movimenta\u00e7\u00e3o do cemit\u00e9rio Aparecida, a evangelista Consuelo Silva, da igreja Universal do Reino de Deus, conduzia o projeto &#8220;Consolador\u201d. Entre abra\u00e7os e ora\u00e7\u00f5es, ela oferecia palavras de f\u00e9 aos visitantes.<\/p>\n\n\n\n<p>\u201cEstamos aqui para fortalecer quem sente a dor da perda. A verdadeira for\u00e7a vem de Deus, e nossa miss\u00e3o \u00e9 lembrar que a saudade pode se transformar em esperan\u00e7a\u201d, disse, enquanto entregava folhetos com mensagens de f\u00e9.<\/p>\n\n\n\n<p><strong>Emo\u00e7\u00e3o do p\u00fablico<\/strong><\/p>\n\n\n\n<p>Entre as alamedas floridas do cemit\u00e9rio Nossa Senhora Aparecida, Socorro Maria de Souza, moradora da Col\u00f4nia Ant\u00f4nio Aleixo, ajeitava cuidadosamente os vasos de flores sobre o t\u00famulo dos pais.<\/p>\n\n\n\n<p>\u201cO cemit\u00e9rio est\u00e1 limpo, bem cuidado, organizado. D\u00e1 gosto de vir visitar. A gente sente o carinho no trabalho da prefeitura\u201d, comentou emocionada.<\/p>\n\n\n\n<p>Mais adiante, a moradora Iriete Farias esteve no cemit\u00e9rio acompanhada de seus irm\u00e3os. A fam\u00edlia, composta por onze irm\u00e3os, se reuniu para prestar homenagens aos pais e a dois filhos que ela perdeu h\u00e1 alguns anos. \u201c\u00c9 um dia para estarmos juntos, lembrando com gratid\u00e3o e esperan\u00e7a\u201d, destacou.<\/p>\n\n\n\n<p>No mesmo cemit\u00e9rio, no bairro Tarum\u00e3, Maria Desterro Mendes reuniu filhos e netos ao redor do t\u00famulo do marido, que morreu h\u00e1 sete anos. De m\u00e3os dadas, a fam\u00edlia rezava e trocava palavras de afeto. \u201cTodo ano a gente vem prestar uma homenagem, pedir perd\u00e3o e fazer promessas. \u00c9 um encontro da fam\u00edlia com a mem\u00f3ria\u201d, disse.<\/p>\n\n\n\n<p><strong>Maior campo-santo<\/strong><\/p>\n\n\n\n<p>Com 105 hectares, o cemit\u00e9rio Nossa Senhora Aparecida \u00e9 o maior da capital e abriga mais de 250 mil sepultados, incluindo as 4.600 v\u00edtimas da pandemia. Desde 2023, o espa\u00e7o tamb\u00e9m conta com o cemit\u00e9rio vertical, onde j\u00e1 ocorreram mais de 8.000 enterros. &nbsp;<\/p>\n\n\n\n<p>&#8212; &#8212; &#8212;<\/p>\n\n\n\n<p><strong>Texto<\/strong>&nbsp;&#8211; Dora Tupinamb\u00e1\/Semulsp<\/p>\n\n\n\n<p><strong>Fotos<\/strong>&nbsp;\u2013 Jo\u00e3o Viana\/Semcom<\/p>\n\n\n\n<p><strong>Dispon\u00edveis em<\/strong>&nbsp;&#8211;&nbsp;<a href=\"https:\/\/flic.kr\/s\/aHBqjCzrxB\" target=\"_blank\" rel=\"noreferrer noopener\">https:\/\/flic.kr\/s\/aHBqjCzrxB<\/a><\/p>\n","protected":false},"excerpt":{"rendered":"","protected":false},"author":23,"featured_media":2597,"comment_status":"closed","ping_status":"closed","sticky":false,"template":"","format":"standard","meta":{"footnotes":""},"categories":[68],"tags":[916,491,10,19],"acf":[],"yoast_head":"<!-- This site is optimized with the Yoast SEO plugin v23.0 - https:\/\/yoast.com\/wordpress\/plugins\/seo\/ -->\n<title>Prefeitura de Manaus acolhe 700 mil visitantes nos cemit\u00e9rios com estrutura e celebra\u00e7\u00f5es no Dia de Finados<\/title>\n<meta name=\"description\" content=\"O Dia de Finados, neste domingo, 2\/11, foi marcado por um ambiente de tranquilidade e organiza\u00e7\u00e3o nos cemit\u00e9rios p\u00fablicos da cidade. A Prefeitura de Manaus, por meio da Secretaria Municipal de Limpeza Urbana (Semulsp), coordenou toda a estrutura e os servi\u00e7os para garantir acolhimento, seguran\u00e7a e conforto aos visitantes.\" \/>\n<meta name=\"robots\" content=\"noindex, follow\" \/>\n<meta property=\"og:locale\" content=\"pt_BR\" \/>\n<meta property=\"og:type\" content=\"article\" \/>\n<meta property=\"og:title\" content=\"Prefeitura de Manaus acolhe 700 mil visitantes nos cemit\u00e9rios com estrutura e celebra\u00e7\u00f5es no Dia de Finados\" \/>\n<meta property=\"og:description\" content=\"O Dia de Finados, neste domingo, 2\/11, foi marcado por um ambiente de tranquilidade e organiza\u00e7\u00e3o nos cemit\u00e9rios p\u00fablicos da cidade. A Prefeitura de Manaus, por meio da Secretaria Municipal de Limpeza Urbana (Semulsp), coordenou toda a estrutura e os servi\u00e7os para garantir acolhimento, seguran\u00e7a e conforto aos visitantes.\" \/>\n<meta property=\"og:url\" content=\"https:\/\/www.manaus.am.gov.br\/semulsp\/prefeitura-semulsp-diadefinados\/\" \/>\n<meta property=\"og:site_name\" content=\"SEMULSP\" \/>\n<meta property=\"article:publisher\" content=\"https:\/\/www.facebook.com\/semulspmanaus\" \/>\n<meta property=\"article:published_time\" content=\"2025-11-02T21:15:15+00:00\" \/>\n<meta property=\"article:modified_time\" content=\"2025-11-02T21:15:16+00:00\" \/>\n<meta property=\"og:image\" content=\"https:\/\/www.manaus.am.gov.br\/semulsp\/wp-content\/uploads\/sites\/23\/2025\/11\/54895656312_33bd2ece0c_c.jpg\" \/>\n\t<meta property=\"og:image:width\" content=\"799\" \/>\n\t<meta property=\"og:image:height\" content=\"533\" \/>\n\t<meta property=\"og:image:type\" content=\"image\/jpeg\" \/>\n<meta name=\"author\" content=\"Adriana Costa\" \/>\n<meta name=\"twitter:card\" content=\"summary_large_image\" \/>\n<meta name=\"twitter:label1\" content=\"Written by\" \/>\n\t<meta name=\"twitter:data1\" content=\"Adriana Costa\" \/>\n\t<meta name=\"twitter:label2\" content=\"Est. reading time\" \/>\n\t<meta name=\"twitter:data2\" content=\"5 minutos\" \/>\n<script type=\"application\/ld+json\" class=\"yoast-schema-graph\">{\"@context\":\"https:\/\/schema.org\",\"@graph\":[{\"@type\":\"Article\",\"@id\":\"https:\/\/www.manaus.am.gov.br\/semulsp\/prefeitura-semulsp-diadefinados\/#article\",\"isPartOf\":{\"@id\":\"https:\/\/www.manaus.am.gov.br\/semulsp\/prefeitura-semulsp-diadefinados\/\"},\"author\":{\"name\":\"Adriana Costa\",\"@id\":\"https:\/\/www.manaus.am.gov.br\/semulsp\/#\/schema\/person\/4e49f4e267757a06ca072ec61b2b9968\"},\"headline\":\"Prefeitura de Manaus acolhe 700 mil visitantes nos cemit\u00e9rios com estrutura e celebra\u00e7\u00f5es no Dia de Finados\",\"datePublished\":\"2025-11-02T21:15:15+00:00\",\"dateModified\":\"2025-11-02T21:15:16+00:00\",\"mainEntityOfPage\":{\"@id\":\"https:\/\/www.manaus.am.gov.br\/semulsp\/prefeitura-semulsp-diadefinados\/\"},\"wordCount\":816,\"publisher\":{\"@id\":\"https:\/\/www.manaus.am.gov.br\/semulsp\/#organization\"},\"image\":{\"@id\":\"https:\/\/www.manaus.am.gov.br\/semulsp\/prefeitura-semulsp-diadefinados\/#primaryimage\"},\"thumbnailUrl\":\"https:\/\/www.manaus.am.gov.br\/semulsp\/wp-content\/uploads\/sites\/23\/2025\/11\/54895656312_33bd2ece0c_c.jpg\",\"keywords\":[\"dia de finados. cemit\u00e1rios\",\"homenagens\",\"prefeitura de manaus\",\"semulsp\"],\"articleSection\":[\"Homenagem\"],\"inLanguage\":\"pt-BR\"},{\"@type\":\"WebPage\",\"@id\":\"https:\/\/www.manaus.am.gov.br\/semulsp\/prefeitura-semulsp-diadefinados\/\",\"url\":\"https:\/\/www.manaus.am.gov.br\/semulsp\/prefeitura-semulsp-diadefinados\/\",\"name\":\"Prefeitura de Manaus acolhe 700 mil visitantes nos cemit\u00e9rios com estrutura e celebra\u00e7\u00f5es no Dia de Finados\",\"isPartOf\":{\"@id\":\"https:\/\/www.manaus.am.gov.br\/semulsp\/#website\"},\"primaryImageOfPage\":{\"@id\":\"https:\/\/www.manaus.am.gov.br\/semulsp\/prefeitura-semulsp-diadefinados\/#primaryimage\"},\"image\":{\"@id\":\"https:\/\/www.manaus.am.gov.br\/semulsp\/prefeitura-semulsp-diadefinados\/#primaryimage\"},\"thumbnailUrl\":\"https:\/\/www.manaus.am.gov.br\/semulsp\/wp-content\/uploads\/sites\/23\/2025\/11\/54895656312_33bd2ece0c_c.jpg\",\"datePublished\":\"2025-11-02T21:15:15+00:00\",\"dateModified\":\"2025-11-02T21:15:16+00:00\",\"description\":\"O Dia de Finados, neste domingo, 2\/11, foi marcado por um ambiente de tranquilidade e organiza\u00e7\u00e3o nos cemit\u00e9rios p\u00fablicos da cidade. A Prefeitura de Manaus, por meio da Secretaria Municipal de Limpeza Urbana (Semulsp), coordenou toda a estrutura e os servi\u00e7os para garantir acolhimento, seguran\u00e7a e conforto aos visitantes.\",\"breadcrumb\":{\"@id\":\"https:\/\/www.manaus.am.gov.br\/semulsp\/prefeitura-semulsp-diadefinados\/#breadcrumb\"},\"inLanguage\":\"pt-BR\",\"potentialAction\":[{\"@type\":\"ReadAction\",\"target\":[\"https:\/\/www.manaus.am.gov.br\/semulsp\/prefeitura-semulsp-diadefinados\/\"]}]},{\"@type\":\"ImageObject\",\"inLanguage\":\"pt-BR\",\"@id\":\"https:\/\/www.manaus.am.gov.br\/semulsp\/prefeitura-semulsp-diadefinados\/#primaryimage\",\"url\":\"https:\/\/www.manaus.am.gov.br\/semulsp\/wp-content\/uploads\/sites\/23\/2025\/11\/54895656312_33bd2ece0c_c.jpg\",\"contentUrl\":\"https:\/\/www.manaus.am.gov.br\/semulsp\/wp-content\/uploads\/sites\/23\/2025\/11\/54895656312_33bd2ece0c_c.jpg\",\"width\":799,\"height\":533,\"caption\":\"#paratodosverem - P\u00fablico na \u00e1rea interna do cemit\u00e9rio S\u00e3o Batista em Dia de Finados\"},{\"@type\":\"BreadcrumbList\",\"@id\":\"https:\/\/www.manaus.am.gov.br\/semulsp\/prefeitura-semulsp-diadefinados\/#breadcrumb\",\"itemListElement\":[{\"@type\":\"ListItem\",\"position\":1,\"name\":\"Home\",\"item\":\"https:\/\/www.manaus.am.gov.br\/semulsp\/\"},{\"@type\":\"ListItem\",\"position\":2,\"name\":\"Prefeitura de Manaus acolhe 700 mil visitantes nos cemit\u00e9rios com estrutura e celebra\u00e7\u00f5es no Dia de Finados\"}]},{\"@type\":\"WebSite\",\"@id\":\"https:\/\/www.manaus.am.gov.br\/semulsp\/#website\",\"url\":\"https:\/\/www.manaus.am.gov.br\/semulsp\/\",\"name\":\"SEMULSP\",\"description\":\"Prefeitura de Manaus\",\"publisher\":{\"@id\":\"https:\/\/www.manaus.am.gov.br\/semulsp\/#organization\"},\"alternateName\":\"Secretaria Municipal de Limpeza P\u00fablica\",\"potentialAction\":[{\"@type\":\"SearchAction\",\"target\":{\"@type\":\"EntryPoint\",\"urlTemplate\":\"https:\/\/www.manaus.am.gov.br\/semulsp\/?s={search_term_string}\"},\"query-input\":\"required name=search_term_string\"}],\"inLanguage\":\"pt-BR\"},{\"@type\":\"Organization\",\"@id\":\"https:\/\/www.manaus.am.gov.br\/semulsp\/#organization\",\"name\":\"SEMULSP\",\"alternateName\":\"Secretaria Municipal de Limpeza P\u00fablica\",\"url\":\"https:\/\/www.manaus.am.gov.br\/semulsp\/\",\"logo\":{\"@type\":\"ImageObject\",\"inLanguage\":\"pt-BR\",\"@id\":\"https:\/\/www.manaus.am.gov.br\/semulsp\/#\/schema\/logo\/image\/\",\"url\":\"https:\/\/www.manaus.am.gov.br\/semulsp\/wp-content\/uploads\/sites\/23\/2023\/05\/cropped-favicon.png\",\"contentUrl\":\"https:\/\/www.manaus.am.gov.br\/semulsp\/wp-content\/uploads\/sites\/23\/2023\/05\/cropped-favicon.png\",\"width\":512,\"height\":512,\"caption\":\"SEMULSP\"},\"image\":{\"@id\":\"https:\/\/www.manaus.am.gov.br\/semulsp\/#\/schema\/logo\/image\/\"},\"sameAs\":[\"https:\/\/www.facebook.com\/semulspmanaus\",\"https:\/\/www.instagram.com\/semulspmanaus\/\"]},{\"@type\":\"Person\",\"@id\":\"https:\/\/www.manaus.am.gov.br\/semulsp\/#\/schema\/person\/4e49f4e267757a06ca072ec61b2b9968\",\"name\":\"Adriana Costa\",\"image\":{\"@type\":\"ImageObject\",\"inLanguage\":\"pt-BR\",\"@id\":\"https:\/\/www.manaus.am.gov.br\/semulsp\/#\/schema\/person\/image\/\",\"url\":\"https:\/\/secure.gravatar.com\/avatar\/576258617ef7194f718179e766d57bd4?s=96&d=mm&r=g\",\"contentUrl\":\"https:\/\/secure.gravatar.com\/avatar\/576258617ef7194f718179e766d57bd4?s=96&d=mm&r=g\",\"caption\":\"Adriana Costa\"}}]}<\/script>\n<!-- \/ Yoast SEO plugin. -->","yoast_head_json":{"title":"Prefeitura de Manaus acolhe 700 mil visitantes nos cemit\u00e9rios com estrutura e celebra\u00e7\u00f5es no Dia de Finados","description":"O Dia de Finados, neste domingo, 2\/11, foi marcado por um ambiente de tranquilidade e organiza\u00e7\u00e3o nos cemit\u00e9rios p\u00fablicos da cidade. A Prefeitura de Manaus, por meio da Secretaria Municipal de Limpeza Urbana (Semulsp), coordenou toda a estrutura e os servi\u00e7os para garantir acolhimento, seguran\u00e7a e conforto aos visitantes.","robots":{"index":"noindex","follow":"follow"},"og_locale":"pt_BR","og_type":"article","og_title":"Prefeitura de Manaus acolhe 700 mil visitantes nos cemit\u00e9rios com estrutura e celebra\u00e7\u00f5es no Dia de Finados","og_description":"O Dia de Finados, neste domingo, 2\/11, foi marcado por um ambiente de tranquilidade e organiza\u00e7\u00e3o nos cemit\u00e9rios p\u00fablicos da cidade. A Prefeitura de Manaus, por meio da Secretaria Municipal de Limpeza Urbana (Semulsp), coordenou toda a estrutura e os servi\u00e7os para garantir acolhimento, seguran\u00e7a e conforto aos visitantes.","og_url":"https:\/\/www.manaus.am.gov.br\/semulsp\/prefeitura-semulsp-diadefinados\/","og_site_name":"SEMULSP","article_publisher":"https:\/\/www.facebook.com\/semulspmanaus","article_published_time":"2025-11-02T21:15:15+00:00","article_modified_time":"2025-11-02T21:15:16+00:00","og_image":[{"width":799,"height":533,"url":"https:\/\/www.manaus.am.gov.br\/semulsp\/wp-content\/uploads\/sites\/23\/2025\/11\/54895656312_33bd2ece0c_c.jpg","type":"image\/jpeg"}],"author":"Adriana Costa","twitter_card":"summary_large_image","twitter_misc":{"Written by":"Adriana Costa","Est. reading time":"5 minutos"},"schema":{"@context":"https:\/\/schema.org","@graph":[{"@type":"Article","@id":"https:\/\/www.manaus.am.gov.br\/semulsp\/prefeitura-semulsp-diadefinados\/#article","isPartOf":{"@id":"https:\/\/www.manaus.am.gov.br\/semulsp\/prefeitura-semulsp-diadefinados\/"},"author":{"name":"Adriana Costa","@id":"https:\/\/www.manaus.am.gov.br\/semulsp\/#\/schema\/person\/4e49f4e267757a06ca072ec61b2b9968"},"headline":"Prefeitura de Manaus acolhe 700 mil visitantes nos cemit\u00e9rios com estrutura e celebra\u00e7\u00f5es no Dia de Finados","datePublished":"2025-11-02T21:15:15+00:00","dateModified":"2025-11-02T21:15:16+00:00","mainEntityOfPage":{"@id":"https:\/\/www.manaus.am.gov.br\/semulsp\/prefeitura-semulsp-diadefinados\/"},"wordCount":816,"publisher":{"@id":"https:\/\/www.manaus.am.gov.br\/semulsp\/#organization"},"image":{"@id":"https:\/\/www.manaus.am.gov.br\/semulsp\/prefeitura-semulsp-diadefinados\/#primaryimage"},"thumbnailUrl":"https:\/\/www.manaus.am.gov.br\/semulsp\/wp-content\/uploads\/sites\/23\/2025\/11\/54895656312_33bd2ece0c_c.jpg","keywords":["dia de finados. cemit\u00e1rios","homenagens","prefeitura de manaus","semulsp"],"articleSection":["Homenagem"],"inLanguage":"pt-BR"},{"@type":"WebPage","@id":"https:\/\/www.manaus.am.gov.br\/semulsp\/prefeitura-semulsp-diadefinados\/","url":"https:\/\/www.manaus.am.gov.br\/semulsp\/prefeitura-semulsp-diadefinados\/","name":"Prefeitura de Manaus acolhe 700 mil visitantes nos cemit\u00e9rios com estrutura e celebra\u00e7\u00f5es no Dia de Finados","isPartOf":{"@id":"https:\/\/www.manaus.am.gov.br\/semulsp\/#website"},"primaryImageOfPage":{"@id":"https:\/\/www.manaus.am.gov.br\/semulsp\/prefeitura-semulsp-diadefinados\/#primaryimage"},"image":{"@id":"https:\/\/www.manaus.am.gov.br\/semulsp\/prefeitura-semulsp-diadefinados\/#primaryimage"},"thumbnailUrl":"https:\/\/www.manaus.am.gov.br\/semulsp\/wp-content\/uploads\/sites\/23\/2025\/11\/54895656312_33bd2ece0c_c.jpg","datePublished":"2025-11-02T21:15:15+00:00","dateModified":"2025-11-02T21:15:16+00:00","description":"O Dia de Finados, neste domingo, 2\/11, foi marcado por um ambiente de tranquilidade e organiza\u00e7\u00e3o nos cemit\u00e9rios p\u00fablicos da cidade. A Prefeitura de Manaus, por meio da Secretaria Municipal de Limpeza Urbana (Semulsp), coordenou toda a estrutura e os servi\u00e7os para garantir acolhimento, seguran\u00e7a e conforto aos visitantes.","breadcrumb":{"@id":"https:\/\/www.manaus.am.gov.br\/semulsp\/prefeitura-semulsp-diadefinados\/#breadcrumb"},"inLanguage":"pt-BR","potentialAction":[{"@type":"ReadAction","target":["https:\/\/www.manaus.am.gov.br\/semulsp\/prefeitura-semulsp-diadefinados\/"]}]},{"@type":"ImageObject","inLanguage":"pt-BR","@id":"https:\/\/www.manaus.am.gov.br\/semulsp\/prefeitura-semulsp-diadefinados\/#primaryimage","url":"https:\/\/www.manaus.am.gov.br\/semulsp\/wp-content\/uploads\/sites\/23\/2025\/11\/54895656312_33bd2ece0c_c.jpg","contentUrl":"https:\/\/www.manaus.am.gov.br\/semulsp\/wp-content\/uploads\/sites\/23\/2025\/11\/54895656312_33bd2ece0c_c.jpg","width":799,"height":533,"caption":"#paratodosverem - P\u00fablico na \u00e1rea interna do cemit\u00e9rio S\u00e3o Batista em Dia de Finados"},{"@type":"BreadcrumbList","@id":"https:\/\/www.manaus.am.gov.br\/semulsp\/prefeitura-semulsp-diadefinados\/#breadcrumb","itemListElement":[{"@type":"ListItem","position":1,"name":"Home","item":"https:\/\/www.manaus.am.gov.br\/semulsp\/"},{"@type":"ListItem","position":2,"name":"Prefeitura de Manaus acolhe 700 mil visitantes nos cemit\u00e9rios com estrutura e celebra\u00e7\u00f5es no Dia de Finados"}]},{"@type":"WebSite","@id":"https:\/\/www.manaus.am.gov.br\/semulsp\/#website","url":"https:\/\/www.manaus.am.gov.br\/semulsp\/","name":"SEMULSP","description":"Prefeitura de Manaus","publisher":{"@id":"https:\/\/www.manaus.am.gov.br\/semulsp\/#organization"},"alternateName":"Secretaria Municipal de Limpeza P\u00fablica","potentialAction":[{"@type":"SearchAction","target":{"@type":"EntryPoint","urlTemplate":"https:\/\/www.manaus.am.gov.br\/semulsp\/?s={search_term_string}"},"query-input":"required name=search_term_string"}],"inLanguage":"pt-BR"},{"@type":"Organization","@id":"https:\/\/www.manaus.am.gov.br\/semulsp\/#organization","name":"SEMULSP","alternateName":"Secretaria Municipal de Limpeza P\u00fablica","url":"https:\/\/www.manaus.am.gov.br\/semulsp\/","logo":{"@type":"ImageObject","inLanguage":"pt-BR","@id":"https:\/\/www.manaus.am.gov.br\/semulsp\/#\/schema\/logo\/image\/","url":"https:\/\/www.manaus.am.gov.br\/semulsp\/wp-content\/uploads\/sites\/23\/2023\/05\/cropped-favicon.png","contentUrl":"https:\/\/www.manaus.am.gov.br\/semulsp\/wp-content\/uploads\/sites\/23\/2023\/05\/cropped-favicon.png","width":512,"height":512,"caption":"SEMULSP"},"image":{"@id":"https:\/\/www.manaus.am.gov.br\/semulsp\/#\/schema\/logo\/image\/"},"sameAs":["https:\/\/www.facebook.com\/semulspmanaus","https:\/\/www.instagram.com\/semulspmanaus\/"]},{"@type":"Person","@id":"https:\/\/www.manaus.am.gov.br\/semulsp\/#\/schema\/person\/4e49f4e267757a06ca072ec61b2b9968","name":"Adriana Costa","image":{"@type":"ImageObject","inLanguage":"pt-BR","@id":"https:\/\/www.manaus.am.gov.br\/semulsp\/#\/schema\/person\/image\/","url":"https:\/\/secure.gravatar.com\/avatar\/576258617ef7194f718179e766d57bd4?s=96&d=mm&r=g","contentUrl":"https:\/\/secure.gravatar.com\/avatar\/576258617ef7194f718179e766d57bd4?s=96&d=mm&r=g","caption":"Adriana Costa"}}]}},"_links":{"self":[{"href":"https:\/\/www.manaus.am.gov.br\/semulsp\/wp-json\/wp\/v2\/posts\/2596"}],"collection":[{"href":"https:\/\/www.manaus.am.gov.br\/semulsp\/wp-json\/wp\/v2\/posts"}],"about":[{"href":"https:\/\/www.manaus.am.gov.br\/semulsp\/wp-json\/wp\/v2\/types\/post"}],"author":[{"embeddable":true,"href":"https:\/\/www.manaus.am.gov.br\/semulsp\/wp-json\/wp\/v2\/users\/23"}],"replies":[{"embeddable":true,"href":"https:\/\/www.manaus.am.gov.br\/semulsp\/wp-json\/wp\/v2\/comments?post=2596"}],"version-history":[{"count":0,"href":"https:\/\/www.manaus.am.gov.br\/semulsp\/wp-json\/wp\/v2\/posts\/2596\/revisions"}],"wp:featuredmedia":[{"embeddable":true,"href":"https:\/\/www.manaus.am.gov.br\/semulsp\/wp-json\/wp\/v2\/media\/2597"}],"wp:attachment":[{"href":"https:\/\/www.manaus.am.gov.br\/semulsp\/wp-json\/wp\/v2\/media?parent=2596"}],"wp:term":[{"taxonomy":"category","embeddable":true,"href":"https:\/\/www.manaus.am.gov.br\/semulsp\/wp-json\/wp\/v2\/categories?post=2596"},{"taxonomy":"post_tag","embeddable":true,"href":"https:\/\/www.manaus.am.gov.br\/semulsp\/wp-json\/wp\/v2\/tags?post=2596"}],"curies":[{"name":"wp","href":"https:\/\/api.w.org\/{rel}","templated":true}]}}