{"id":2561,"date":"2025-10-19T10:59:03","date_gmt":"2025-10-19T14:59:03","guid":{"rendered":"https:\/\/www.manaus.am.gov.br\/semulsp\/toneladas-de-lixo-rio-negro\/"},"modified":"2025-10-19T10:59:04","modified_gmt":"2025-10-19T14:59:04","slug":"toneladas-de-lixo-rio-negro","status":"publish","type":"post","link":"https:\/\/www.manaus.am.gov.br\/semulsp\/toneladas-de-lixo-rio-negro\/","title":{"rendered":"Prefeitura de Manaus realiza a\u00e7\u00e3o di\u00e1ria no rio Negro e recolhe mais de 350 toneladas de lixo por m\u00eas"},"content":{"rendered":"\n<p>A <a href=\"https:\/\/www.instagram.com\/prefeiturademanaus\/\">Prefeitura de Manaus<\/a>, por meio da <a href=\"https:\/\/www.manaus.am.gov.br\/semulsp\/\">Secretaria Municipal de Limpeza Urbana (Semulsp)<\/a>, realiza diariamente a limpeza do rio Negro, com equipes especializadas que atuam em pontos estrat\u00e9gicos da orla da cidade, como os bairros S\u00e3o Raimundo, Educandos, Mirante L\u00facia Almeida, Manaus Moderna, Amarelinho e feira da Panair. Todos os dias, dezenas de toneladas de res\u00edduos s\u00e3o retirados das \u00e1guas e margens do rio. Em um m\u00eas, esse volume pode chegar a 350 toneladas.<\/p>\n\n\n\n<p>Neste s\u00e1bado, 18\/10, dezenas de servidores da Semulsp estiveram nas faixas de areia e nas \u00e1guas do rio Negro para refor\u00e7ar o trabalho de limpeza da orla da capital. A a\u00e7\u00e3o envolve o recolhimento de res\u00edduos tanto em terra quanto no rio, utilizando equipamentos manuais, m\u00e1quinas pesadas como tratores de esteira e retroescavadeiras, al\u00e9m de pequenas embarca\u00e7\u00f5es que facilitam o acesso a \u00e1reas de dif\u00edcil alcance, como enseadas, pontes e estruturas flutuantes. O trabalho garante que o lixo acumulado em pontos cr\u00edticos seja removido com agilidade e seguran\u00e7a, minimizando o impacto ambiental direto sobre o rio.<\/p>\n\n\n\n<p>Esse servi\u00e7o faz parte do esfor\u00e7o cont\u00ednuo da prefeitura para mitigar os impactos do descarte irregular de res\u00edduos s\u00f3lidos. Apesar da coleta domiciliar regular, da desarticula\u00e7\u00e3o de lixeiras viciadas e das ecobarreiras instaladas nos principais igarap\u00e9s, grande parte do lixo descartado de forma inadequada nas vias p\u00fablicas acaba sendo arrastado pelas chuvas e chegando ao leito do rio Negro.<\/p>\n\n\n\n<p>Al\u00e9m da limpeza, a Semulsp mant\u00e9m um programa permanente de educa\u00e7\u00e3o ambiental, por meio do qual educadores percorrem resid\u00eancias, escolas, empresas e espa\u00e7os p\u00fablicos, orientando a popula\u00e7\u00e3o sobre a import\u00e2ncia do descarte correto e os riscos que o lixo traz \u00e0 sa\u00fade, ao meio ambiente e \u00e0 pr\u00f3pria qualidade de vida.<\/p>\n\n\n\n<p>Os educadores tamb\u00e9m divulgam os servi\u00e7os oferecidos gratuitamente \u00e0 popula\u00e7\u00e3o, como a coleta agendada de grandes objetos, a coleta seletiva porta a porta e os 35 Pontos de Entrega Volunt\u00e1ria (PEVs) instalados em redes de supermercados da cidade, onde \u00e9 poss\u00edvel descartar materiais recicl\u00e1veis como garrafas PET, papel, papel\u00e3o, vidro e alum\u00ednio.<\/p>\n\n\n\n<p>\u201cEsse \u00e9 um trabalho di\u00e1rio, silencioso e essencial para a cidade. O rio Negro \u00e9 o cora\u00e7\u00e3o de Manaus e precisa ser cuidado com responsabilidade. O prefeito David Almeida tem refor\u00e7ado a import\u00e2ncia de mantermos a limpeza e a conscientiza\u00e7\u00e3o ambiental como prioridades da gest\u00e3o\u201d, destacou o secret\u00e1rio da Semulsp, Sab\u00e1 Reis.<\/p>\n\n\n\n<p>A orla do rio Negro \u00e9 uma das regi\u00f5es mais simb\u00f3licas e din\u00e2micas da capital amazonense, reunindo atividades de com\u00e9rcio, turismo e transporte regional. Locais como o mirante L\u00facia Almeida e o pier 356 recebem diariamente centenas de visitantes e embarca\u00e7\u00f5es. Por isso, manter o rio limpo \u00e9 tamb\u00e9m preservar a imagem, a economia e o futuro sustent\u00e1vel de Manaus.<\/p>\n\n\n\n<p>&#8212; &#8212; &#8212;<\/p>\n\n\n\n<p><strong>Texto &#8211;<\/strong> Dora Tupinamb\u00e1 \/ Semulsp<\/p>\n\n\n\n<p><strong>Fotos &#8211;<\/strong> Divulga\u00e7\u00e3o \/ Semulsp<\/p>\n","protected":false},"excerpt":{"rendered":"","protected":false},"author":57,"featured_media":2562,"comment_status":"closed","ping_status":"closed","sticky":false,"template":"","format":"standard","meta":{"footnotes":""},"categories":[38],"tags":[902,10,19],"acf":[],"yoast_head":"<!-- This site is optimized with the Yoast SEO plugin v23.0 - https:\/\/yoast.com\/wordpress\/plugins\/seo\/ -->\n<title>PMM recolhe mais de 350 toneladas de lixo por m\u00eas do rio Negro<\/title>\n<meta name=\"description\" content=\"Todos os dias, dezenas de toneladas de res\u00edduos s\u00e3o retirados das \u00e1guas e margens do rio Negro. Em um m\u00eas, o volume chega a 350 toneladas.\" \/>\n<meta name=\"robots\" content=\"noindex, follow\" \/>\n<meta property=\"og:locale\" content=\"pt_BR\" \/>\n<meta property=\"og:type\" content=\"article\" \/>\n<meta property=\"og:title\" content=\"PMM recolhe mais de 350 toneladas de lixo por m\u00eas do rio Negro\" \/>\n<meta property=\"og:description\" content=\"Todos os dias, dezenas de toneladas de res\u00edduos s\u00e3o retirados das \u00e1guas e margens do rio Negro. Em um m\u00eas, o volume chega a 350 toneladas.\" \/>\n<meta property=\"og:url\" content=\"https:\/\/www.manaus.am.gov.br\/semulsp\/toneladas-de-lixo-rio-negro\/\" \/>\n<meta property=\"og:site_name\" content=\"SEMULSP\" \/>\n<meta property=\"article:publisher\" content=\"https:\/\/www.facebook.com\/semulspmanaus\" \/>\n<meta property=\"article:published_time\" content=\"2025-10-19T14:59:03+00:00\" \/>\n<meta property=\"article:modified_time\" content=\"2025-10-19T14:59:04+00:00\" \/>\n<meta property=\"og:image\" content=\"https:\/\/www.manaus.am.gov.br\/semulsp\/wp-content\/uploads\/sites\/23\/2025\/10\/lixo-rio-Negro-3.jpeg\" \/>\n\t<meta property=\"og:image:width\" content=\"800\" \/>\n\t<meta property=\"og:image:height\" content=\"535\" \/>\n\t<meta property=\"og:image:type\" content=\"image\/jpeg\" \/>\n<meta name=\"author\" content=\"Thiago Fernando\" \/>\n<meta name=\"twitter:card\" content=\"summary_large_image\" \/>\n<meta name=\"twitter:label1\" content=\"Written by\" \/>\n\t<meta name=\"twitter:data1\" content=\"Thiago Fernando\" \/>\n\t<meta name=\"twitter:label2\" content=\"Est. reading time\" \/>\n\t<meta name=\"twitter:data2\" content=\"3 minutos\" \/>\n<script type=\"application\/ld+json\" class=\"yoast-schema-graph\">{\"@context\":\"https:\/\/schema.org\",\"@graph\":[{\"@type\":\"Article\",\"@id\":\"https:\/\/www.manaus.am.gov.br\/semulsp\/toneladas-de-lixo-rio-negro\/#article\",\"isPartOf\":{\"@id\":\"https:\/\/www.manaus.am.gov.br\/semulsp\/toneladas-de-lixo-rio-negro\/\"},\"author\":{\"name\":\"Thiago Fernando\",\"@id\":\"https:\/\/www.manaus.am.gov.br\/semulsp\/#\/schema\/person\/a5ee5376db6e21af026374b369f30882\"},\"headline\":\"Prefeitura de Manaus realiza a\u00e7\u00e3o di\u00e1ria no rio Negro e recolhe mais de 350 toneladas de lixo por m\u00eas\",\"datePublished\":\"2025-10-19T14:59:03+00:00\",\"dateModified\":\"2025-10-19T14:59:04+00:00\",\"mainEntityOfPage\":{\"@id\":\"https:\/\/www.manaus.am.gov.br\/semulsp\/toneladas-de-lixo-rio-negro\/\"},\"wordCount\":523,\"publisher\":{\"@id\":\"https:\/\/www.manaus.am.gov.br\/semulsp\/#organization\"},\"image\":{\"@id\":\"https:\/\/www.manaus.am.gov.br\/semulsp\/toneladas-de-lixo-rio-negro\/#primaryimage\"},\"thumbnailUrl\":\"https:\/\/www.manaus.am.gov.br\/semulsp\/wp-content\/uploads\/sites\/23\/2025\/10\/lixo-rio-Negro-3.jpeg\",\"keywords\":[\"lixo rio Negro\",\"prefeitura de manaus\",\"semulsp\"],\"articleSection\":[\"Limpeza\"],\"inLanguage\":\"pt-BR\"},{\"@type\":\"WebPage\",\"@id\":\"https:\/\/www.manaus.am.gov.br\/semulsp\/toneladas-de-lixo-rio-negro\/\",\"url\":\"https:\/\/www.manaus.am.gov.br\/semulsp\/toneladas-de-lixo-rio-negro\/\",\"name\":\"PMM recolhe mais de 350 toneladas de lixo por m\u00eas do rio Negro\",\"isPartOf\":{\"@id\":\"https:\/\/www.manaus.am.gov.br\/semulsp\/#website\"},\"primaryImageOfPage\":{\"@id\":\"https:\/\/www.manaus.am.gov.br\/semulsp\/toneladas-de-lixo-rio-negro\/#primaryimage\"},\"image\":{\"@id\":\"https:\/\/www.manaus.am.gov.br\/semulsp\/toneladas-de-lixo-rio-negro\/#primaryimage\"},\"thumbnailUrl\":\"https:\/\/www.manaus.am.gov.br\/semulsp\/wp-content\/uploads\/sites\/23\/2025\/10\/lixo-rio-Negro-3.jpeg\",\"datePublished\":\"2025-10-19T14:59:03+00:00\",\"dateModified\":\"2025-10-19T14:59:04+00:00\",\"description\":\"Todos os dias, dezenas de toneladas de res\u00edduos s\u00e3o retirados das \u00e1guas e margens do rio Negro. Em um m\u00eas, o volume chega a 350 toneladas.\",\"breadcrumb\":{\"@id\":\"https:\/\/www.manaus.am.gov.br\/semulsp\/toneladas-de-lixo-rio-negro\/#breadcrumb\"},\"inLanguage\":\"pt-BR\",\"potentialAction\":[{\"@type\":\"ReadAction\",\"target\":[\"https:\/\/www.manaus.am.gov.br\/semulsp\/toneladas-de-lixo-rio-negro\/\"]}]},{\"@type\":\"ImageObject\",\"inLanguage\":\"pt-BR\",\"@id\":\"https:\/\/www.manaus.am.gov.br\/semulsp\/toneladas-de-lixo-rio-negro\/#primaryimage\",\"url\":\"https:\/\/www.manaus.am.gov.br\/semulsp\/wp-content\/uploads\/sites\/23\/2025\/10\/lixo-rio-Negro-3.jpeg\",\"contentUrl\":\"https:\/\/www.manaus.am.gov.br\/semulsp\/wp-content\/uploads\/sites\/23\/2025\/10\/lixo-rio-Negro-3.jpeg\",\"width\":800,\"height\":535,\"caption\":\"#paratodosverem - Servidores da Semulsp realizando a\u00e7\u00e3o na orla da cidade\"},{\"@type\":\"BreadcrumbList\",\"@id\":\"https:\/\/www.manaus.am.gov.br\/semulsp\/toneladas-de-lixo-rio-negro\/#breadcrumb\",\"itemListElement\":[{\"@type\":\"ListItem\",\"position\":1,\"name\":\"Home\",\"item\":\"https:\/\/www.manaus.am.gov.br\/semulsp\/\"},{\"@type\":\"ListItem\",\"position\":2,\"name\":\"Prefeitura de Manaus realiza a\u00e7\u00e3o di\u00e1ria no rio Negro e recolhe mais de 350 toneladas de lixo por m\u00eas\"}]},{\"@type\":\"WebSite\",\"@id\":\"https:\/\/www.manaus.am.gov.br\/semulsp\/#website\",\"url\":\"https:\/\/www.manaus.am.gov.br\/semulsp\/\",\"name\":\"SEMULSP\",\"description\":\"Prefeitura de Manaus\",\"publisher\":{\"@id\":\"https:\/\/www.manaus.am.gov.br\/semulsp\/#organization\"},\"alternateName\":\"Secretaria Municipal de Limpeza P\u00fablica\",\"potentialAction\":[{\"@type\":\"SearchAction\",\"target\":{\"@type\":\"EntryPoint\",\"urlTemplate\":\"https:\/\/www.manaus.am.gov.br\/semulsp\/?s={search_term_string}\"},\"query-input\":\"required name=search_term_string\"}],\"inLanguage\":\"pt-BR\"},{\"@type\":\"Organization\",\"@id\":\"https:\/\/www.manaus.am.gov.br\/semulsp\/#organization\",\"name\":\"SEMULSP\",\"alternateName\":\"Secretaria Municipal de Limpeza P\u00fablica\",\"url\":\"https:\/\/www.manaus.am.gov.br\/semulsp\/\",\"logo\":{\"@type\":\"ImageObject\",\"inLanguage\":\"pt-BR\",\"@id\":\"https:\/\/www.manaus.am.gov.br\/semulsp\/#\/schema\/logo\/image\/\",\"url\":\"https:\/\/www.manaus.am.gov.br\/semulsp\/wp-content\/uploads\/sites\/23\/2023\/05\/cropped-favicon.png\",\"contentUrl\":\"https:\/\/www.manaus.am.gov.br\/semulsp\/wp-content\/uploads\/sites\/23\/2023\/05\/cropped-favicon.png\",\"width\":512,\"height\":512,\"caption\":\"SEMULSP\"},\"image\":{\"@id\":\"https:\/\/www.manaus.am.gov.br\/semulsp\/#\/schema\/logo\/image\/\"},\"sameAs\":[\"https:\/\/www.facebook.com\/semulspmanaus\",\"https:\/\/www.instagram.com\/semulspmanaus\/\"]},{\"@type\":\"Person\",\"@id\":\"https:\/\/www.manaus.am.gov.br\/semulsp\/#\/schema\/person\/a5ee5376db6e21af026374b369f30882\",\"name\":\"Thiago Fernando\",\"image\":{\"@type\":\"ImageObject\",\"inLanguage\":\"pt-BR\",\"@id\":\"https:\/\/www.manaus.am.gov.br\/semulsp\/#\/schema\/person\/image\/\",\"url\":\"https:\/\/secure.gravatar.com\/avatar\/f5aab8722444041451501c077052ac07?s=96&d=mm&r=g\",\"contentUrl\":\"https:\/\/secure.gravatar.com\/avatar\/f5aab8722444041451501c077052ac07?s=96&d=mm&r=g\",\"caption\":\"Thiago Fernando\"}}]}<\/script>\n<!-- \/ Yoast SEO plugin. -->","yoast_head_json":{"title":"PMM recolhe mais de 350 toneladas de lixo por m\u00eas do rio Negro","description":"Todos os dias, dezenas de toneladas de res\u00edduos s\u00e3o retirados das \u00e1guas e margens do rio Negro. Em um m\u00eas, o volume chega a 350 toneladas.","robots":{"index":"noindex","follow":"follow"},"og_locale":"pt_BR","og_type":"article","og_title":"PMM recolhe mais de 350 toneladas de lixo por m\u00eas do rio Negro","og_description":"Todos os dias, dezenas de toneladas de res\u00edduos s\u00e3o retirados das \u00e1guas e margens do rio Negro. Em um m\u00eas, o volume chega a 350 toneladas.","og_url":"https:\/\/www.manaus.am.gov.br\/semulsp\/toneladas-de-lixo-rio-negro\/","og_site_name":"SEMULSP","article_publisher":"https:\/\/www.facebook.com\/semulspmanaus","article_published_time":"2025-10-19T14:59:03+00:00","article_modified_time":"2025-10-19T14:59:04+00:00","og_image":[{"width":800,"height":535,"url":"https:\/\/www.manaus.am.gov.br\/semulsp\/wp-content\/uploads\/sites\/23\/2025\/10\/lixo-rio-Negro-3.jpeg","type":"image\/jpeg"}],"author":"Thiago Fernando","twitter_card":"summary_large_image","twitter_misc":{"Written by":"Thiago Fernando","Est. reading time":"3 minutos"},"schema":{"@context":"https:\/\/schema.org","@graph":[{"@type":"Article","@id":"https:\/\/www.manaus.am.gov.br\/semulsp\/toneladas-de-lixo-rio-negro\/#article","isPartOf":{"@id":"https:\/\/www.manaus.am.gov.br\/semulsp\/toneladas-de-lixo-rio-negro\/"},"author":{"name":"Thiago Fernando","@id":"https:\/\/www.manaus.am.gov.br\/semulsp\/#\/schema\/person\/a5ee5376db6e21af026374b369f30882"},"headline":"Prefeitura de Manaus realiza a\u00e7\u00e3o di\u00e1ria no rio Negro e recolhe mais de 350 toneladas de lixo por m\u00eas","datePublished":"2025-10-19T14:59:03+00:00","dateModified":"2025-10-19T14:59:04+00:00","mainEntityOfPage":{"@id":"https:\/\/www.manaus.am.gov.br\/semulsp\/toneladas-de-lixo-rio-negro\/"},"wordCount":523,"publisher":{"@id":"https:\/\/www.manaus.am.gov.br\/semulsp\/#organization"},"image":{"@id":"https:\/\/www.manaus.am.gov.br\/semulsp\/toneladas-de-lixo-rio-negro\/#primaryimage"},"thumbnailUrl":"https:\/\/www.manaus.am.gov.br\/semulsp\/wp-content\/uploads\/sites\/23\/2025\/10\/lixo-rio-Negro-3.jpeg","keywords":["lixo rio Negro","prefeitura de manaus","semulsp"],"articleSection":["Limpeza"],"inLanguage":"pt-BR"},{"@type":"WebPage","@id":"https:\/\/www.manaus.am.gov.br\/semulsp\/toneladas-de-lixo-rio-negro\/","url":"https:\/\/www.manaus.am.gov.br\/semulsp\/toneladas-de-lixo-rio-negro\/","name":"PMM recolhe mais de 350 toneladas de lixo por m\u00eas do rio Negro","isPartOf":{"@id":"https:\/\/www.manaus.am.gov.br\/semulsp\/#website"},"primaryImageOfPage":{"@id":"https:\/\/www.manaus.am.gov.br\/semulsp\/toneladas-de-lixo-rio-negro\/#primaryimage"},"image":{"@id":"https:\/\/www.manaus.am.gov.br\/semulsp\/toneladas-de-lixo-rio-negro\/#primaryimage"},"thumbnailUrl":"https:\/\/www.manaus.am.gov.br\/semulsp\/wp-content\/uploads\/sites\/23\/2025\/10\/lixo-rio-Negro-3.jpeg","datePublished":"2025-10-19T14:59:03+00:00","dateModified":"2025-10-19T14:59:04+00:00","description":"Todos os dias, dezenas de toneladas de res\u00edduos s\u00e3o retirados das \u00e1guas e margens do rio Negro. Em um m\u00eas, o volume chega a 350 toneladas.","breadcrumb":{"@id":"https:\/\/www.manaus.am.gov.br\/semulsp\/toneladas-de-lixo-rio-negro\/#breadcrumb"},"inLanguage":"pt-BR","potentialAction":[{"@type":"ReadAction","target":["https:\/\/www.manaus.am.gov.br\/semulsp\/toneladas-de-lixo-rio-negro\/"]}]},{"@type":"ImageObject","inLanguage":"pt-BR","@id":"https:\/\/www.manaus.am.gov.br\/semulsp\/toneladas-de-lixo-rio-negro\/#primaryimage","url":"https:\/\/www.manaus.am.gov.br\/semulsp\/wp-content\/uploads\/sites\/23\/2025\/10\/lixo-rio-Negro-3.jpeg","contentUrl":"https:\/\/www.manaus.am.gov.br\/semulsp\/wp-content\/uploads\/sites\/23\/2025\/10\/lixo-rio-Negro-3.jpeg","width":800,"height":535,"caption":"#paratodosverem - Servidores da Semulsp realizando a\u00e7\u00e3o na orla da cidade"},{"@type":"BreadcrumbList","@id":"https:\/\/www.manaus.am.gov.br\/semulsp\/toneladas-de-lixo-rio-negro\/#breadcrumb","itemListElement":[{"@type":"ListItem","position":1,"name":"Home","item":"https:\/\/www.manaus.am.gov.br\/semulsp\/"},{"@type":"ListItem","position":2,"name":"Prefeitura de Manaus realiza a\u00e7\u00e3o di\u00e1ria no rio Negro e recolhe mais de 350 toneladas de lixo por m\u00eas"}]},{"@type":"WebSite","@id":"https:\/\/www.manaus.am.gov.br\/semulsp\/#website","url":"https:\/\/www.manaus.am.gov.br\/semulsp\/","name":"SEMULSP","description":"Prefeitura de Manaus","publisher":{"@id":"https:\/\/www.manaus.am.gov.br\/semulsp\/#organization"},"alternateName":"Secretaria Municipal de Limpeza P\u00fablica","potentialAction":[{"@type":"SearchAction","target":{"@type":"EntryPoint","urlTemplate":"https:\/\/www.manaus.am.gov.br\/semulsp\/?s={search_term_string}"},"query-input":"required name=search_term_string"}],"inLanguage":"pt-BR"},{"@type":"Organization","@id":"https:\/\/www.manaus.am.gov.br\/semulsp\/#organization","name":"SEMULSP","alternateName":"Secretaria Municipal de Limpeza P\u00fablica","url":"https:\/\/www.manaus.am.gov.br\/semulsp\/","logo":{"@type":"ImageObject","inLanguage":"pt-BR","@id":"https:\/\/www.manaus.am.gov.br\/semulsp\/#\/schema\/logo\/image\/","url":"https:\/\/www.manaus.am.gov.br\/semulsp\/wp-content\/uploads\/sites\/23\/2023\/05\/cropped-favicon.png","contentUrl":"https:\/\/www.manaus.am.gov.br\/semulsp\/wp-content\/uploads\/sites\/23\/2023\/05\/cropped-favicon.png","width":512,"height":512,"caption":"SEMULSP"},"image":{"@id":"https:\/\/www.manaus.am.gov.br\/semulsp\/#\/schema\/logo\/image\/"},"sameAs":["https:\/\/www.facebook.com\/semulspmanaus","https:\/\/www.instagram.com\/semulspmanaus\/"]},{"@type":"Person","@id":"https:\/\/www.manaus.am.gov.br\/semulsp\/#\/schema\/person\/a5ee5376db6e21af026374b369f30882","name":"Thiago Fernando","image":{"@type":"ImageObject","inLanguage":"pt-BR","@id":"https:\/\/www.manaus.am.gov.br\/semulsp\/#\/schema\/person\/image\/","url":"https:\/\/secure.gravatar.com\/avatar\/f5aab8722444041451501c077052ac07?s=96&d=mm&r=g","contentUrl":"https:\/\/secure.gravatar.com\/avatar\/f5aab8722444041451501c077052ac07?s=96&d=mm&r=g","caption":"Thiago Fernando"}}]}},"_links":{"self":[{"href":"https:\/\/www.manaus.am.gov.br\/semulsp\/wp-json\/wp\/v2\/posts\/2561"}],"collection":[{"href":"https:\/\/www.manaus.am.gov.br\/semulsp\/wp-json\/wp\/v2\/posts"}],"about":[{"href":"https:\/\/www.manaus.am.gov.br\/semulsp\/wp-json\/wp\/v2\/types\/post"}],"author":[{"embeddable":true,"href":"https:\/\/www.manaus.am.gov.br\/semulsp\/wp-json\/wp\/v2\/users\/57"}],"replies":[{"embeddable":true,"href":"https:\/\/www.manaus.am.gov.br\/semulsp\/wp-json\/wp\/v2\/comments?post=2561"}],"version-history":[{"count":0,"href":"https:\/\/www.manaus.am.gov.br\/semulsp\/wp-json\/wp\/v2\/posts\/2561\/revisions"}],"wp:featuredmedia":[{"embeddable":true,"href":"https:\/\/www.manaus.am.gov.br\/semulsp\/wp-json\/wp\/v2\/media\/2562"}],"wp:attachment":[{"href":"https:\/\/www.manaus.am.gov.br\/semulsp\/wp-json\/wp\/v2\/media?parent=2561"}],"wp:term":[{"taxonomy":"category","embeddable":true,"href":"https:\/\/www.manaus.am.gov.br\/semulsp\/wp-json\/wp\/v2\/categories?post=2561"},{"taxonomy":"post_tag","embeddable":true,"href":"https:\/\/www.manaus.am.gov.br\/semulsp\/wp-json\/wp\/v2\/tags?post=2561"}],"curies":[{"name":"wp","href":"https:\/\/api.w.org\/{rel}","templated":true}]}}