{"id":2555,"date":"2025-10-17T13:22:31","date_gmt":"2025-10-17T17:22:31","guid":{"rendered":"https:\/\/www.manaus.am.gov.br\/semulsp\/prefeitura-obras-primeiroaterrosanitario\/"},"modified":"2025-10-17T13:38:24","modified_gmt":"2025-10-17T17:38:24","slug":"prefeitura-obras-primeiroaterrosanitario","status":"publish","type":"post","link":"https:\/\/www.manaus.am.gov.br\/semulsp\/prefeitura-obras-primeiroaterrosanitario\/","title":{"rendered":"Prefeito David Almeida apresenta obras do primeiro aterro sanit\u00e1rio do Amazonas e destaca avan\u00e7o do Plano Municipal de Res\u00edduos S\u00f3lidos"},"content":{"rendered":"\n<p>O prefeito de Manaus, David Almeida, apresentou, nesta sexta-feira, 17\/10, as obras do primeiro aterro sanit\u00e1rio do Estado do Amazonas, uma estrutura moderna e totalmente adequada \u00e0s normas ambientais vigentes no pa\u00eds, localizado no quil\u00f4metro 19, da rodovia AM-010.<\/p>\n\n\n\n<p>Acompanhado do vice-prefeito e secret\u00e1rio de Infraestrutura, Renato Junior; do secret\u00e1rio municipal de Limpeza Urbana, Sab\u00e1 Reis; secret\u00e1rio municipal de Meio Ambiente e Sustentabilidade (Semmas),&nbsp;Fransu\u00e1&nbsp;Matos; do juiz Moacir Pereira Batista, titular da Vara Especializada do Meio Ambiente (Vema), do Tribunal de Justi\u00e7a do Amazonas (TJ-AM); al\u00e9m de vereadores da C\u00e2mara Municipal de Manaus (CMM) e secret\u00e1rios municipais, o prefeito vistoriou o avan\u00e7o das obras e detalhou a import\u00e2ncia do novo empreendimento para o futuro sustent\u00e1vel da capital.<\/p>\n\n\n\n<p>O projeto, que integra o Plano Municipal de Res\u00edduos S\u00f3lidos, representa um marco na pol\u00edtica ambiental de Manaus e cumpre integralmente as exig\u00eancias da Resolu\u00e7\u00e3o n\u00ba 430, do Conama, com tecnologias de ponta no tratamento de res\u00edduos s\u00f3lidos, impermeabiliza\u00e7\u00e3o do solo e reaproveitamento de recursos.<\/p>\n\n\n\n<p>\u201cQuando assumimos a prefeitura, encontramos o aterro controlado de Manaus \u00e0 beira do colapso. Hoje, estamos entregando uma nova realidade: o primeiro aterro sanit\u00e1rio do Amazonas, constru\u00eddo dentro de todas as normas ambientais e com as t\u00e9cnicas mais modernas do pa\u00eds. \u00c9 o in\u00edcio de um novo tempo para a cidade, que passa a tratar seus res\u00edduos de forma respons\u00e1vel e sustent\u00e1vel\u201d, destacou o prefeito David Almeida.<\/p>\n\n\n\n<p>A obra \u00e9 resultado de um Termo de Ajustamento de Conduta (TAC) firmado entre a prefeitura, o Minist\u00e9rio P\u00fablico do Estado do Amazonas (MP-AM) e o Poder Judici\u00e1rio, que homologou o acordo ap\u00f3s a corre\u00e7\u00e3o de todas as irregularidades hist\u00f3ricas relacionadas ao manejo dos res\u00edduos da capital. O investimento \u00e9 privado, realizado pelas empresas que j\u00e1 operam no setor de limpeza urbana, enquanto a Prefeitura de Manaus mant\u00e9m a propriedade e o controle da \u00e1rea, desapropriada para garantir a soberania p\u00fablica do projeto.<\/p>\n\n\n\n<p>\u201cEsse \u00e9 um investimento nunca feito na hist\u00f3ria da cidade. Agrade\u00e7o ao Judici\u00e1rio, ao Minist\u00e9rio P\u00fablico, \u00e0 Procuradoria do Munic\u00edpio e \u00e0s secretarias envolvidas. A decis\u00e3o judicial foi homologada e est\u00e1 sendo cumprida com rigor t\u00e9cnico e ambiental\u201d, afirmou o prefeito.<\/p>\n\n\n\n<p>Estrutura moderna e de baixo impacto ambiental<\/p>\n\n\n\n<p>O novo aterro sanit\u00e1rio ocupa uma \u00e1rea de 67 hectares, dividida em quatro c\u00e9lulas operacionais, cada uma com quase 5 hectares e investimento estimado entre R$ 20 e R$ 25 milh\u00f5es. O local conta com quatro camadas de impermeabiliza\u00e7\u00e3o para proteger o len\u00e7ol fre\u00e1tico: geocomposto benton\u00edtico (GCL), geomembrana de polietileno de alta densidade (2 mil\u00edmetros), geot\u00eaxtil RT-14 e uma camada de argila compactada. Esse sistema impede qualquer contamina\u00e7\u00e3o do solo e assegura a durabilidade da estrutura.<\/p>\n\n\n\n<p>Segundo o gerente do aterro, Peter Maia, o empreendimento tamb\u00e9m ter\u00e1 uma nova lagoa de chorume, com tecnologia para tratamento avan\u00e7ado de efluentes. O chorume tratado ser\u00e1 reutilizado em processos internos de hidrossemeadura e umedecimento das vias, refor\u00e7ando o conceito de economia circular dentro da pr\u00f3pria opera\u00e7\u00e3o.<\/p>\n\n\n\n<p>A previs\u00e3o \u00e9 que o aterro entre em funcionamento em fevereiro de 2026, com vida \u00fatil estimada em 20 anos, conforme o cronograma firmado no TAC.<\/p>\n\n\n\n<p>Sustentabilidade<\/p>\n\n\n\n<p>O novo aterro tamb\u00e9m se destaca pelo potencial de gera\u00e7\u00e3o de energia limpa. O biog\u00e1s produzido pela decomposi\u00e7\u00e3o dos res\u00edduos ser\u00e1 convertido em biometano, combust\u00edvel que poder\u00e1 abastecer at\u00e9 80 ve\u00edculos por dia, incluindo caminh\u00f5es coletores e ve\u00edculos do transporte p\u00fablico municipal.<\/p>\n\n\n\n<p>Al\u00e9m disso, a prefeitura pretende implantar, por meio de uma Parceria P\u00fablico-Privada (PPP), um projeto de energia solar sobre o antigo aterro controlado, com pain\u00e9is fotovoltaicos capazes de gerar 1 megawatt de energia, suficiente para abastecer quase 10 mil resid\u00eancias.<\/p>\n\n\n\n<p>\u201cN\u00f3s estamos transformando o que antes era um passivo ambiental em fonte de energia limpa. Com o biometano e a energia solar, Manaus se consolida como refer\u00eancia em sustentabilidade no Norte do pa\u00eds\u201d, explicou David Almeida.<\/p>\n\n\n\n<p>Essas iniciativas integram o plano de descarboniza\u00e7\u00e3o da prefeitura, que j\u00e1 garantiu R$ 500 milh\u00f5es em cr\u00e9ditos de carbono para Manaus, atestados pela B3 (Bolsa de Valores do Brasil), gra\u00e7as \u00e0s a\u00e7\u00f5es de preserva\u00e7\u00e3o ambiental e \u00e0s ecobarreiras que evitam que aproximadamente 300 toneladas de lixo cheguem ao rio Negro.<\/p>\n\n\n\n<p>Refer\u00eancia para o Brasil<\/p>\n\n\n\n<p>O novo aterro sanit\u00e1rio \u00e9 considerado um dos mais modernos do pa\u00eds e j\u00e1 vem sendo visitado por pesquisadores, mestres e doutores interessados em conhecer o modelo de sustentabilidade implementado em Manaus.<\/p>\n\n\n\n<p>\u201cEssa \u00e9 uma das maiores obras que o prefeito David Almeida vai deixar para a cidade. Pela primeira vez, Manaus ter\u00e1 um aterro que cumpre todas as normas ambientais e garante o tratamento correto do chorume. \u00c9 um legado que vai marcar a hist\u00f3ria da gest\u00e3o p\u00fablica e da nossa capital\u201d, destacou o secret\u00e1rio municipal de Limpeza Urbana, Sab\u00e1 Reis.<\/p>\n\n\n\n<p>O juiz Moacir Pereira Batista, da Vara Especializada do Meio Ambiente (Vema), afirmou que todo o processo foi analisado tecnicamente e est\u00e1 em total conformidade com a legisla\u00e7\u00e3o ambiental vigente. \u201cO Minist\u00e9rio P\u00fablico e o Judici\u00e1rio atuaram de forma conjunta com a prefeitura, garantindo que o TAC fosse homologado com base nas melhores pr\u00e1ticas ambientais e na utiliza\u00e7\u00e3o das tecnologias mais avan\u00e7adas dispon\u00edveis\u201d, disse. &nbsp;<\/p>\n\n\n\n<p>O vice-prefeito e secret\u00e1rio municipal de Infraestrutura, Renato Junior, avaliou como um passo decisivo para o futuro de Manaus. \u201cAo lado do prefeito David Almeida, estamos construindo uma Manaus mais limpa, moderna e sustent\u00e1vel, com obras que preparam a cidade para as pr\u00f3ximas d\u00e9cadas, para a Manaus do futuro\u201d, refor\u00e7ou.<\/p>\n\n\n\n<p>\u201cNunca o Estado do Amazonas teve um aterro sanit\u00e1rio. \u00c9 um marco hist\u00f3rico. Estamos cumprindo todas as regras ambientais, e esse trabalho j\u00e1 \u00e9 refer\u00eancia nacional. Manaus est\u00e1 se preparando para o futuro com planejamento, inova\u00e7\u00e3o e responsabilidade ambiental\u201d, concluiu o prefeito David Almeida.<\/p>\n\n\n\n<p>&#8212; &#8212; &#8212;<\/p>\n\n\n\n<p><strong>Texto <\/strong>&#8211; Emanuelle Baires \/ Semcom-Prefeito<\/p>\n\n\n\n<p><strong>Fotos <\/strong>&#8211; Dhyeizo Lemos \/ Semcom-Prefeito e Carlos Oliveira\/Vice-Prefeitura e Jo\u00e3o Viana\/Semcom<\/p>\n\n\n\n<p><strong>Dispon\u00edveis em<\/strong> &#8211;\u00a0<a href=\"https:\/\/flic.kr\/s\/aHBqjCxLMT\" target=\"_blank\" rel=\"noreferrer noopener\">https:\/\/flic.kr\/s\/aHBqjCxLMT<\/a><\/p>\n","protected":false},"excerpt":{"rendered":"","protected":false},"author":23,"featured_media":2558,"comment_status":"closed","ping_status":"closed","sticky":false,"template":"","format":"standard","meta":{"footnotes":""},"categories":[896],"tags":[897,898,899,900,186,212],"acf":[],"yoast_head":"<!-- This site is optimized with the Yoast SEO plugin v23.0 - https:\/\/yoast.com\/wordpress\/plugins\/seo\/ -->\n<title>Prefeito David Almeida apresenta obras do primeiro aterro sanit\u00e1rio do Amazonas e destaca avan\u00e7o do Plano Municipal de Res\u00edduos S\u00f3lidos<\/title>\n<meta name=\"description\" content=\"O prefeito de Manaus, David Almeida, apresentou, nesta sexta-feira, 17\/10, as obras do primeiro aterro sanit\u00e1rio do Estado do Amazonas, uma estrutura moderna e totalmente adequada \u00e0s normas ambientais vigentes no pa\u00eds, localizado no quil\u00f4metro 19, da rodovia AM-010.\" \/>\n<meta name=\"robots\" content=\"noindex, follow\" \/>\n<meta property=\"og:locale\" content=\"pt_BR\" \/>\n<meta property=\"og:type\" content=\"article\" \/>\n<meta property=\"og:title\" content=\"Prefeito David Almeida apresenta obras do primeiro aterro sanit\u00e1rio do Amazonas e destaca avan\u00e7o do Plano Municipal de Res\u00edduos S\u00f3lidos\" \/>\n<meta property=\"og:description\" content=\"O prefeito de Manaus, David Almeida, apresentou, nesta sexta-feira, 17\/10, as obras do primeiro aterro sanit\u00e1rio do Estado do Amazonas, uma estrutura moderna e totalmente adequada \u00e0s normas ambientais vigentes no pa\u00eds, localizado no quil\u00f4metro 19, da rodovia AM-010.\" \/>\n<meta property=\"og:url\" content=\"https:\/\/www.manaus.am.gov.br\/semulsp\/prefeitura-obras-primeiroaterrosanitario\/\" \/>\n<meta property=\"og:site_name\" content=\"SEMULSP\" \/>\n<meta property=\"article:publisher\" content=\"https:\/\/www.facebook.com\/semulspmanaus\" \/>\n<meta property=\"article:published_time\" content=\"2025-10-17T17:22:31+00:00\" \/>\n<meta property=\"article:modified_time\" content=\"2025-10-17T17:38:24+00:00\" \/>\n<meta property=\"og:image\" content=\"https:\/\/www.manaus.am.gov.br\/semulsp\/wp-content\/uploads\/sites\/23\/2025\/10\/WhatsApp-Image-2025-10-17-at-13.26.38.jpeg\" \/>\n\t<meta property=\"og:image:width\" content=\"4160\" \/>\n\t<meta property=\"og:image:height\" content=\"2773\" \/>\n\t<meta property=\"og:image:type\" content=\"image\/jpeg\" \/>\n<meta name=\"author\" content=\"Adriana Costa\" \/>\n<meta name=\"twitter:card\" content=\"summary_large_image\" \/>\n<meta name=\"twitter:label1\" content=\"Written by\" \/>\n\t<meta name=\"twitter:data1\" content=\"Adriana Costa\" \/>\n\t<meta name=\"twitter:label2\" content=\"Est. reading time\" \/>\n\t<meta name=\"twitter:data2\" content=\"6 minutos\" \/>\n<script type=\"application\/ld+json\" class=\"yoast-schema-graph\">{\"@context\":\"https:\/\/schema.org\",\"@graph\":[{\"@type\":\"Article\",\"@id\":\"https:\/\/www.manaus.am.gov.br\/semulsp\/prefeitura-obras-primeiroaterrosanitario\/#article\",\"isPartOf\":{\"@id\":\"https:\/\/www.manaus.am.gov.br\/semulsp\/prefeitura-obras-primeiroaterrosanitario\/\"},\"author\":{\"name\":\"Adriana Costa\",\"@id\":\"https:\/\/www.manaus.am.gov.br\/semulsp\/#\/schema\/person\/4e49f4e267757a06ca072ec61b2b9968\"},\"headline\":\"Prefeito David Almeida apresenta obras do primeiro aterro sanit\u00e1rio do Amazonas e destaca avan\u00e7o do Plano Municipal de Res\u00edduos S\u00f3lidos\",\"datePublished\":\"2025-10-17T17:22:31+00:00\",\"dateModified\":\"2025-10-17T17:38:24+00:00\",\"mainEntityOfPage\":{\"@id\":\"https:\/\/www.manaus.am.gov.br\/semulsp\/prefeitura-obras-primeiroaterrosanitario\/\"},\"wordCount\":1073,\"publisher\":{\"@id\":\"https:\/\/www.manaus.am.gov.br\/semulsp\/#organization\"},\"image\":{\"@id\":\"https:\/\/www.manaus.am.gov.br\/semulsp\/prefeitura-obras-primeiroaterrosanitario\/#primaryimage\"},\"thumbnailUrl\":\"https:\/\/www.manaus.am.gov.br\/semulsp\/wp-content\/uploads\/sites\/23\/2025\/10\/WhatsApp-Image-2025-10-17-at-13.26.38.jpeg\",\"keywords\":[\"aterro sanit\u00e1rio do Amazonas\",\"energia limpa\",\"estrutura moderna\",\"marco hist\u00f3rico\",\"obras\",\"prefeito David Almeida\"],\"articleSection\":[\"Responsabilidade\"],\"inLanguage\":\"pt-BR\"},{\"@type\":\"WebPage\",\"@id\":\"https:\/\/www.manaus.am.gov.br\/semulsp\/prefeitura-obras-primeiroaterrosanitario\/\",\"url\":\"https:\/\/www.manaus.am.gov.br\/semulsp\/prefeitura-obras-primeiroaterrosanitario\/\",\"name\":\"Prefeito David Almeida apresenta obras do primeiro aterro sanit\u00e1rio do Amazonas e destaca avan\u00e7o do Plano Municipal de Res\u00edduos S\u00f3lidos\",\"isPartOf\":{\"@id\":\"https:\/\/www.manaus.am.gov.br\/semulsp\/#website\"},\"primaryImageOfPage\":{\"@id\":\"https:\/\/www.manaus.am.gov.br\/semulsp\/prefeitura-obras-primeiroaterrosanitario\/#primaryimage\"},\"image\":{\"@id\":\"https:\/\/www.manaus.am.gov.br\/semulsp\/prefeitura-obras-primeiroaterrosanitario\/#primaryimage\"},\"thumbnailUrl\":\"https:\/\/www.manaus.am.gov.br\/semulsp\/wp-content\/uploads\/sites\/23\/2025\/10\/WhatsApp-Image-2025-10-17-at-13.26.38.jpeg\",\"datePublished\":\"2025-10-17T17:22:31+00:00\",\"dateModified\":\"2025-10-17T17:38:24+00:00\",\"description\":\"O prefeito de Manaus, David Almeida, apresentou, nesta sexta-feira, 17\/10, as obras do primeiro aterro sanit\u00e1rio do Estado do Amazonas, uma estrutura moderna e totalmente adequada \u00e0s normas ambientais vigentes no pa\u00eds, localizado no quil\u00f4metro 19, da rodovia AM-010.\",\"breadcrumb\":{\"@id\":\"https:\/\/www.manaus.am.gov.br\/semulsp\/prefeitura-obras-primeiroaterrosanitario\/#breadcrumb\"},\"inLanguage\":\"pt-BR\",\"potentialAction\":[{\"@type\":\"ReadAction\",\"target\":[\"https:\/\/www.manaus.am.gov.br\/semulsp\/prefeitura-obras-primeiroaterrosanitario\/\"]}]},{\"@type\":\"ImageObject\",\"inLanguage\":\"pt-BR\",\"@id\":\"https:\/\/www.manaus.am.gov.br\/semulsp\/prefeitura-obras-primeiroaterrosanitario\/#primaryimage\",\"url\":\"https:\/\/www.manaus.am.gov.br\/semulsp\/wp-content\/uploads\/sites\/23\/2025\/10\/WhatsApp-Image-2025-10-17-at-13.26.38.jpeg\",\"contentUrl\":\"https:\/\/www.manaus.am.gov.br\/semulsp\/wp-content\/uploads\/sites\/23\/2025\/10\/WhatsApp-Image-2025-10-17-at-13.26.38.jpeg\",\"width\":4160,\"height\":2773,\"caption\":\"#paratodosverem - Prefeito David Almeida, secret\u00e1rios e demais autoridades em vistoria \u00e0s obras do primeiro aterro sanit\u00e1rio do Amazonas\"},{\"@type\":\"BreadcrumbList\",\"@id\":\"https:\/\/www.manaus.am.gov.br\/semulsp\/prefeitura-obras-primeiroaterrosanitario\/#breadcrumb\",\"itemListElement\":[{\"@type\":\"ListItem\",\"position\":1,\"name\":\"Home\",\"item\":\"https:\/\/www.manaus.am.gov.br\/semulsp\/\"},{\"@type\":\"ListItem\",\"position\":2,\"name\":\"Prefeito David Almeida apresenta obras do primeiro aterro sanit\u00e1rio do Amazonas e destaca avan\u00e7o do Plano Municipal de Res\u00edduos S\u00f3lidos\"}]},{\"@type\":\"WebSite\",\"@id\":\"https:\/\/www.manaus.am.gov.br\/semulsp\/#website\",\"url\":\"https:\/\/www.manaus.am.gov.br\/semulsp\/\",\"name\":\"SEMULSP\",\"description\":\"Prefeitura de Manaus\",\"publisher\":{\"@id\":\"https:\/\/www.manaus.am.gov.br\/semulsp\/#organization\"},\"alternateName\":\"Secretaria Municipal de Limpeza P\u00fablica\",\"potentialAction\":[{\"@type\":\"SearchAction\",\"target\":{\"@type\":\"EntryPoint\",\"urlTemplate\":\"https:\/\/www.manaus.am.gov.br\/semulsp\/?s={search_term_string}\"},\"query-input\":\"required name=search_term_string\"}],\"inLanguage\":\"pt-BR\"},{\"@type\":\"Organization\",\"@id\":\"https:\/\/www.manaus.am.gov.br\/semulsp\/#organization\",\"name\":\"SEMULSP\",\"alternateName\":\"Secretaria Municipal de Limpeza P\u00fablica\",\"url\":\"https:\/\/www.manaus.am.gov.br\/semulsp\/\",\"logo\":{\"@type\":\"ImageObject\",\"inLanguage\":\"pt-BR\",\"@id\":\"https:\/\/www.manaus.am.gov.br\/semulsp\/#\/schema\/logo\/image\/\",\"url\":\"https:\/\/www.manaus.am.gov.br\/semulsp\/wp-content\/uploads\/sites\/23\/2023\/05\/cropped-favicon.png\",\"contentUrl\":\"https:\/\/www.manaus.am.gov.br\/semulsp\/wp-content\/uploads\/sites\/23\/2023\/05\/cropped-favicon.png\",\"width\":512,\"height\":512,\"caption\":\"SEMULSP\"},\"image\":{\"@id\":\"https:\/\/www.manaus.am.gov.br\/semulsp\/#\/schema\/logo\/image\/\"},\"sameAs\":[\"https:\/\/www.facebook.com\/semulspmanaus\",\"https:\/\/www.instagram.com\/semulspmanaus\/\"]},{\"@type\":\"Person\",\"@id\":\"https:\/\/www.manaus.am.gov.br\/semulsp\/#\/schema\/person\/4e49f4e267757a06ca072ec61b2b9968\",\"name\":\"Adriana Costa\",\"image\":{\"@type\":\"ImageObject\",\"inLanguage\":\"pt-BR\",\"@id\":\"https:\/\/www.manaus.am.gov.br\/semulsp\/#\/schema\/person\/image\/\",\"url\":\"https:\/\/secure.gravatar.com\/avatar\/576258617ef7194f718179e766d57bd4?s=96&d=mm&r=g\",\"contentUrl\":\"https:\/\/secure.gravatar.com\/avatar\/576258617ef7194f718179e766d57bd4?s=96&d=mm&r=g\",\"caption\":\"Adriana Costa\"}}]}<\/script>\n<!-- \/ Yoast SEO plugin. -->","yoast_head_json":{"title":"Prefeito David Almeida apresenta obras do primeiro aterro sanit\u00e1rio do Amazonas e destaca avan\u00e7o do Plano Municipal de Res\u00edduos S\u00f3lidos","description":"O prefeito de Manaus, David Almeida, apresentou, nesta sexta-feira, 17\/10, as obras do primeiro aterro sanit\u00e1rio do Estado do Amazonas, uma estrutura moderna e totalmente adequada \u00e0s normas ambientais vigentes no pa\u00eds, localizado no quil\u00f4metro 19, da rodovia AM-010.","robots":{"index":"noindex","follow":"follow"},"og_locale":"pt_BR","og_type":"article","og_title":"Prefeito David Almeida apresenta obras do primeiro aterro sanit\u00e1rio do Amazonas e destaca avan\u00e7o do Plano Municipal de Res\u00edduos S\u00f3lidos","og_description":"O prefeito de Manaus, David Almeida, apresentou, nesta sexta-feira, 17\/10, as obras do primeiro aterro sanit\u00e1rio do Estado do Amazonas, uma estrutura moderna e totalmente adequada \u00e0s normas ambientais vigentes no pa\u00eds, localizado no quil\u00f4metro 19, da rodovia AM-010.","og_url":"https:\/\/www.manaus.am.gov.br\/semulsp\/prefeitura-obras-primeiroaterrosanitario\/","og_site_name":"SEMULSP","article_publisher":"https:\/\/www.facebook.com\/semulspmanaus","article_published_time":"2025-10-17T17:22:31+00:00","article_modified_time":"2025-10-17T17:38:24+00:00","og_image":[{"width":4160,"height":2773,"url":"https:\/\/www.manaus.am.gov.br\/semulsp\/wp-content\/uploads\/sites\/23\/2025\/10\/WhatsApp-Image-2025-10-17-at-13.26.38.jpeg","type":"image\/jpeg"}],"author":"Adriana Costa","twitter_card":"summary_large_image","twitter_misc":{"Written by":"Adriana Costa","Est. reading time":"6 minutos"},"schema":{"@context":"https:\/\/schema.org","@graph":[{"@type":"Article","@id":"https:\/\/www.manaus.am.gov.br\/semulsp\/prefeitura-obras-primeiroaterrosanitario\/#article","isPartOf":{"@id":"https:\/\/www.manaus.am.gov.br\/semulsp\/prefeitura-obras-primeiroaterrosanitario\/"},"author":{"name":"Adriana Costa","@id":"https:\/\/www.manaus.am.gov.br\/semulsp\/#\/schema\/person\/4e49f4e267757a06ca072ec61b2b9968"},"headline":"Prefeito David Almeida apresenta obras do primeiro aterro sanit\u00e1rio do Amazonas e destaca avan\u00e7o do Plano Municipal de Res\u00edduos S\u00f3lidos","datePublished":"2025-10-17T17:22:31+00:00","dateModified":"2025-10-17T17:38:24+00:00","mainEntityOfPage":{"@id":"https:\/\/www.manaus.am.gov.br\/semulsp\/prefeitura-obras-primeiroaterrosanitario\/"},"wordCount":1073,"publisher":{"@id":"https:\/\/www.manaus.am.gov.br\/semulsp\/#organization"},"image":{"@id":"https:\/\/www.manaus.am.gov.br\/semulsp\/prefeitura-obras-primeiroaterrosanitario\/#primaryimage"},"thumbnailUrl":"https:\/\/www.manaus.am.gov.br\/semulsp\/wp-content\/uploads\/sites\/23\/2025\/10\/WhatsApp-Image-2025-10-17-at-13.26.38.jpeg","keywords":["aterro sanit\u00e1rio do Amazonas","energia limpa","estrutura moderna","marco hist\u00f3rico","obras","prefeito David Almeida"],"articleSection":["Responsabilidade"],"inLanguage":"pt-BR"},{"@type":"WebPage","@id":"https:\/\/www.manaus.am.gov.br\/semulsp\/prefeitura-obras-primeiroaterrosanitario\/","url":"https:\/\/www.manaus.am.gov.br\/semulsp\/prefeitura-obras-primeiroaterrosanitario\/","name":"Prefeito David Almeida apresenta obras do primeiro aterro sanit\u00e1rio do Amazonas e destaca avan\u00e7o do Plano Municipal de Res\u00edduos S\u00f3lidos","isPartOf":{"@id":"https:\/\/www.manaus.am.gov.br\/semulsp\/#website"},"primaryImageOfPage":{"@id":"https:\/\/www.manaus.am.gov.br\/semulsp\/prefeitura-obras-primeiroaterrosanitario\/#primaryimage"},"image":{"@id":"https:\/\/www.manaus.am.gov.br\/semulsp\/prefeitura-obras-primeiroaterrosanitario\/#primaryimage"},"thumbnailUrl":"https:\/\/www.manaus.am.gov.br\/semulsp\/wp-content\/uploads\/sites\/23\/2025\/10\/WhatsApp-Image-2025-10-17-at-13.26.38.jpeg","datePublished":"2025-10-17T17:22:31+00:00","dateModified":"2025-10-17T17:38:24+00:00","description":"O prefeito de Manaus, David Almeida, apresentou, nesta sexta-feira, 17\/10, as obras do primeiro aterro sanit\u00e1rio do Estado do Amazonas, uma estrutura moderna e totalmente adequada \u00e0s normas ambientais vigentes no pa\u00eds, localizado no quil\u00f4metro 19, da rodovia AM-010.","breadcrumb":{"@id":"https:\/\/www.manaus.am.gov.br\/semulsp\/prefeitura-obras-primeiroaterrosanitario\/#breadcrumb"},"inLanguage":"pt-BR","potentialAction":[{"@type":"ReadAction","target":["https:\/\/www.manaus.am.gov.br\/semulsp\/prefeitura-obras-primeiroaterrosanitario\/"]}]},{"@type":"ImageObject","inLanguage":"pt-BR","@id":"https:\/\/www.manaus.am.gov.br\/semulsp\/prefeitura-obras-primeiroaterrosanitario\/#primaryimage","url":"https:\/\/www.manaus.am.gov.br\/semulsp\/wp-content\/uploads\/sites\/23\/2025\/10\/WhatsApp-Image-2025-10-17-at-13.26.38.jpeg","contentUrl":"https:\/\/www.manaus.am.gov.br\/semulsp\/wp-content\/uploads\/sites\/23\/2025\/10\/WhatsApp-Image-2025-10-17-at-13.26.38.jpeg","width":4160,"height":2773,"caption":"#paratodosverem - Prefeito David Almeida, secret\u00e1rios e demais autoridades em vistoria \u00e0s obras do primeiro aterro sanit\u00e1rio do Amazonas"},{"@type":"BreadcrumbList","@id":"https:\/\/www.manaus.am.gov.br\/semulsp\/prefeitura-obras-primeiroaterrosanitario\/#breadcrumb","itemListElement":[{"@type":"ListItem","position":1,"name":"Home","item":"https:\/\/www.manaus.am.gov.br\/semulsp\/"},{"@type":"ListItem","position":2,"name":"Prefeito David Almeida apresenta obras do primeiro aterro sanit\u00e1rio do Amazonas e destaca avan\u00e7o do Plano Municipal de Res\u00edduos S\u00f3lidos"}]},{"@type":"WebSite","@id":"https:\/\/www.manaus.am.gov.br\/semulsp\/#website","url":"https:\/\/www.manaus.am.gov.br\/semulsp\/","name":"SEMULSP","description":"Prefeitura de Manaus","publisher":{"@id":"https:\/\/www.manaus.am.gov.br\/semulsp\/#organization"},"alternateName":"Secretaria Municipal de Limpeza P\u00fablica","potentialAction":[{"@type":"SearchAction","target":{"@type":"EntryPoint","urlTemplate":"https:\/\/www.manaus.am.gov.br\/semulsp\/?s={search_term_string}"},"query-input":"required name=search_term_string"}],"inLanguage":"pt-BR"},{"@type":"Organization","@id":"https:\/\/www.manaus.am.gov.br\/semulsp\/#organization","name":"SEMULSP","alternateName":"Secretaria Municipal de Limpeza P\u00fablica","url":"https:\/\/www.manaus.am.gov.br\/semulsp\/","logo":{"@type":"ImageObject","inLanguage":"pt-BR","@id":"https:\/\/www.manaus.am.gov.br\/semulsp\/#\/schema\/logo\/image\/","url":"https:\/\/www.manaus.am.gov.br\/semulsp\/wp-content\/uploads\/sites\/23\/2023\/05\/cropped-favicon.png","contentUrl":"https:\/\/www.manaus.am.gov.br\/semulsp\/wp-content\/uploads\/sites\/23\/2023\/05\/cropped-favicon.png","width":512,"height":512,"caption":"SEMULSP"},"image":{"@id":"https:\/\/www.manaus.am.gov.br\/semulsp\/#\/schema\/logo\/image\/"},"sameAs":["https:\/\/www.facebook.com\/semulspmanaus","https:\/\/www.instagram.com\/semulspmanaus\/"]},{"@type":"Person","@id":"https:\/\/www.manaus.am.gov.br\/semulsp\/#\/schema\/person\/4e49f4e267757a06ca072ec61b2b9968","name":"Adriana Costa","image":{"@type":"ImageObject","inLanguage":"pt-BR","@id":"https:\/\/www.manaus.am.gov.br\/semulsp\/#\/schema\/person\/image\/","url":"https:\/\/secure.gravatar.com\/avatar\/576258617ef7194f718179e766d57bd4?s=96&d=mm&r=g","contentUrl":"https:\/\/secure.gravatar.com\/avatar\/576258617ef7194f718179e766d57bd4?s=96&d=mm&r=g","caption":"Adriana Costa"}}]}},"_links":{"self":[{"href":"https:\/\/www.manaus.am.gov.br\/semulsp\/wp-json\/wp\/v2\/posts\/2555"}],"collection":[{"href":"https:\/\/www.manaus.am.gov.br\/semulsp\/wp-json\/wp\/v2\/posts"}],"about":[{"href":"https:\/\/www.manaus.am.gov.br\/semulsp\/wp-json\/wp\/v2\/types\/post"}],"author":[{"embeddable":true,"href":"https:\/\/www.manaus.am.gov.br\/semulsp\/wp-json\/wp\/v2\/users\/23"}],"replies":[{"embeddable":true,"href":"https:\/\/www.manaus.am.gov.br\/semulsp\/wp-json\/wp\/v2\/comments?post=2555"}],"version-history":[{"count":1,"href":"https:\/\/www.manaus.am.gov.br\/semulsp\/wp-json\/wp\/v2\/posts\/2555\/revisions"}],"predecessor-version":[{"id":2557,"href":"https:\/\/www.manaus.am.gov.br\/semulsp\/wp-json\/wp\/v2\/posts\/2555\/revisions\/2557"}],"wp:featuredmedia":[{"embeddable":true,"href":"https:\/\/www.manaus.am.gov.br\/semulsp\/wp-json\/wp\/v2\/media\/2558"}],"wp:attachment":[{"href":"https:\/\/www.manaus.am.gov.br\/semulsp\/wp-json\/wp\/v2\/media?parent=2555"}],"wp:term":[{"taxonomy":"category","embeddable":true,"href":"https:\/\/www.manaus.am.gov.br\/semulsp\/wp-json\/wp\/v2\/categories?post=2555"},{"taxonomy":"post_tag","embeddable":true,"href":"https:\/\/www.manaus.am.gov.br\/semulsp\/wp-json\/wp\/v2\/tags?post=2555"}],"curies":[{"name":"wp","href":"https:\/\/api.w.org\/{rel}","templated":true}]}}