{"id":2521,"date":"2025-10-11T11:46:44","date_gmt":"2025-10-11T15:46:44","guid":{"rendered":"https:\/\/www.manaus.am.gov.br\/semulsp\/forca-tarefa-fiscalizacao\/"},"modified":"2025-10-11T11:46:58","modified_gmt":"2025-10-11T15:46:58","slug":"forca-tarefa-fiscalizacao","status":"publish","type":"post","link":"https:\/\/www.manaus.am.gov.br\/semulsp\/forca-tarefa-fiscalizacao\/","title":{"rendered":"Prefeitura de Manaus realiza for\u00e7a-tarefa e notifica oito empresas por descarte irregular de pneus"},"content":{"rendered":"\n<p>A Prefeitura de Manaus realizou uma for\u00e7a-tarefa para combater o descarte irregular de res\u00edduos e entulhos na capital. A a\u00e7\u00e3o de fiscaliza\u00e7\u00e3o, que ocorreu na sexta-feira, 10\/10, na zona Sul, resultou na notifica\u00e7\u00e3o de oito empresas que atuam na comercializa\u00e7\u00e3o e troca de pneus automotivos.&nbsp;<\/p>\n\n\n\n<p>A opera\u00e7\u00e3o faz parte das a\u00e7\u00f5es permanentes da for\u00e7a-tarefa, composta por equipes das secretarias municipais de Limpeza Urbana (Semulsp) e&nbsp; Meio Ambiente e Sustentabilidade (Semmas), do Instituto Municipal de Planejamento Urbano (Implurb), Guarda Municipal de Manaus (GMM) e Instituto Municipal de Mobilidade Urbana (IMMU). As fiscaliza\u00e7\u00f5es s\u00e3o realizadas todas as sextas-feiras e integram a pol\u00edtica de limpeza e sustentabilidade urbana da gest\u00e3o do prefeito David Almeida.<\/p>\n\n\n\n<p>Durante a a\u00e7\u00e3o, foram flagradas irregularidades no armazenamento, reuso e descarte de pneus, al\u00e9m da aus\u00eancia de caixa separadora de \u00e1gua e \u00f3leo, considerada uma infra\u00e7\u00e3o grav\u00edssima pelo C\u00f3digo Municipal de Meio Ambiente. Em um dos pontos vistoriados, tamb\u00e9m foi encontrada \u00e1gua parada, fator que favorece a prolifera\u00e7\u00e3o do mosquito Aedes aegypti, transmissor da dengue, zika e chikungunya.<\/p>\n\n\n\n<p><strong>Infra\u00e7\u00f5es graves e intensifica\u00e7\u00e3o das opera\u00e7\u00f5es<\/strong><\/p>\n\n\n\n<p>O gerente de fiscaliza\u00e7\u00e3o da Semmas, David Fernandes, destacou que as opera\u00e7\u00f5es est\u00e3o sendo intensificadas e refor\u00e7ou a gravidade das irregularidades encontradas.<\/p>\n\n\n\n<p>\u201cAqui em mais um estabelecimento foi flagrada a aus\u00eancia da caixa separadora de \u00e1gua e \u00f3leo, uma infra\u00e7\u00e3o grav\u00edssima no C\u00f3digo Municipal de Meio Ambiente. Assim como em outros locais, tamb\u00e9m foi identificado o descarte indevido e o armazenamento irregular de pneus automotivos\u201d, explicou.<\/p>\n\n\n\n<p>Fernandes alertou ainda para os riscos \u00e0 sa\u00fade p\u00fablica e pediu o apoio da popula\u00e7\u00e3o na fiscaliza\u00e7\u00e3o.<\/p>\n\n\n\n<p>\u201cEm um dos pontos, encontramos \u00e1gua parada, o que pode acarretar, entre outros perigos, a prolifera\u00e7\u00e3o do mosquito da dengue. \u00c9 importante frisar que esse tipo de opera\u00e7\u00e3o agora ser\u00e1 intensificada. A popula\u00e7\u00e3o tamb\u00e9m pode ser agente fiscalizador, denunciando pelo Disk Den\u00fancia da Semmas, da Semulsp ou pelos canais oficiais da prefeitura\u201d, refor\u00e7ou.<\/p>\n\n\n\n<p><strong>Trabalho educativo e destino ambientalmente correto<\/strong><\/p>\n\n\n\n<p>O coordenador Ambiental da Semulsp, Luiz Paz, ressaltou que a for\u00e7a-tarefa tem car\u00e1ter educativo e busca sensibilizar empres\u00e1rios sobre o descarte correto dos res\u00edduos.<\/p>\n\n\n\n<p>\u201cEstamos aqui na Pra\u00e7a 14 de Janeiro, em mais uma a\u00e7\u00e3o conjunta da Prefeitura de Manaus, onde v\u00e1rias secretarias atuam em parceria para sensibilizar o empres\u00e1rio sobre o descarte correto dos pneus. Essa empresa foi notificada por n\u00e3o estar fazendo a coisa certa, mas a ideia da prefeitura \u00e9 dar a oportunidade de regularizar. A partir de agora, ela vai destinar seus pneus de forma ecologicamente correta, gerando qualidade de vida e preservando o meio ambiente\u201d, afirmou.<\/p>\n\n\n\n<p>Paz tamb\u00e9m destacou que o descarte irregular de pneus \u00e9 um dos principais desafios da limpeza p\u00fablica, pois causa impactos ambientais e urbanos significativos.<\/p>\n\n\n\n<p>\u201cTodos os dias, a Semulsp recolhe cerca de 2 mil pneus descartados irregularmente nas ruas, cal\u00e7adas e igarap\u00e9s da cidade. Esses res\u00edduos sujam a cidade, comprometem o sistema de drenagem e, em muitos casos, impedem o direito de ir e vir das pessoas\u201d, explicou.<\/p>\n\n\n\n<p>Segundo ele, os pneus recolhidos pelas equipes da Semulsp s\u00e3o destinados \u00e0 Reciclanip, que mant\u00e9m parceria com a Prefeitura de Manaus e opera um Ponto de Entrega Volunt\u00e1ria (PEV) no bairro Puraquequara, na zona Leste.<\/p>\n\n\n\n<p>\u201cA Reciclanip \u00e9 nossa parceira nesse trabalho de reaproveitamento e reciclagem. O PEV do Puraquequara \u00e9 aberto \u00e0 popula\u00e7\u00e3o e recebe gratuitamente os pneus inserv\u00edveis, dando a eles um destino ambientalmente correto\u201d, completou Luiz Paz.<\/p>\n\n\n\n<p><strong>Compromisso com o meio ambiente<\/strong><\/p>\n\n\n\n<p>As a\u00e7\u00f5es da for\u00e7a-tarefa refor\u00e7am o compromisso da Prefeitura de Manaus com a sustentabilidade, a sa\u00fade p\u00fablica e a educa\u00e7\u00e3o ambiental, promovendo uma atua\u00e7\u00e3o conjunta entre secretarias para coibir pr\u00e1ticas irregulares e orientar a popula\u00e7\u00e3o.<\/p>\n\n\n\n<p>A prefeitura refor\u00e7a que den\u00fancias sobre descarte irregular podem ser feitas pelos canais oficiais: Disk Semulsp: (92) 98842-1202 \/ 1276 \/ 1277 \/ 4738 e Disk Semmas: dispon\u00edveis nos canais oficiais da secretaria.&nbsp;<\/p>\n\n\n\n<p>\u2014 \u2014 \u2014<br><strong>Texto &#8211; <\/strong>Dora Tupinamb\u00e1 \/ Semulsp<strong><br><\/strong><strong>Fotos &#8211;<\/strong> Divulga\u00e7\u00e3o \/ Semulsp<\/p>\n","protected":false},"excerpt":{"rendered":"","protected":false},"author":68,"featured_media":2522,"comment_status":"closed","ping_status":"closed","sticky":false,"template":"","format":"standard","meta":{"footnotes":""},"categories":[157],"tags":[890,10,19],"acf":[],"yoast_head":"<!-- This site is optimized with the Yoast SEO plugin v23.0 - https:\/\/yoast.com\/wordpress\/plugins\/seo\/ -->\n<title>Prefeitura de Manaus realiza for\u00e7a-tarefa<\/title>\n<meta name=\"description\" content=\"A Prefeitura de Manaus realizou uma for\u00e7a-tarefa para combater o descarte irregular de res\u00edduos e entulhos na capital.\" \/>\n<meta name=\"robots\" content=\"noindex, follow\" \/>\n<meta property=\"og:locale\" content=\"pt_BR\" \/>\n<meta property=\"og:type\" content=\"article\" \/>\n<meta property=\"og:title\" content=\"Prefeitura de Manaus realiza for\u00e7a-tarefa\" \/>\n<meta property=\"og:description\" content=\"A Prefeitura de Manaus realizou uma for\u00e7a-tarefa para combater o descarte irregular de res\u00edduos e entulhos na capital.\" \/>\n<meta property=\"og:url\" content=\"https:\/\/www.manaus.am.gov.br\/semulsp\/forca-tarefa-fiscalizacao\/\" \/>\n<meta property=\"og:site_name\" content=\"SEMULSP\" \/>\n<meta property=\"article:publisher\" content=\"https:\/\/www.facebook.com\/semulspmanaus\" \/>\n<meta property=\"article:published_time\" content=\"2025-10-11T15:46:44+00:00\" \/>\n<meta property=\"article:modified_time\" content=\"2025-10-11T15:46:58+00:00\" \/>\n<meta property=\"og:image\" content=\"https:\/\/www.manaus.am.gov.br\/semulsp\/wp-content\/uploads\/sites\/23\/2025\/10\/Prefeitura-de-Manaus-realiza-forca-tarefa-e-notifica-oito-empresas-por-descarte-irregular-de-pneus-3.jpeg\" \/>\n\t<meta property=\"og:image:width\" content=\"1280\" \/>\n\t<meta property=\"og:image:height\" content=\"960\" \/>\n\t<meta property=\"og:image:type\" content=\"image\/jpeg\" \/>\n<meta name=\"author\" content=\"bvalente\" \/>\n<meta name=\"twitter:card\" content=\"summary_large_image\" \/>\n<meta name=\"twitter:label1\" content=\"Written by\" \/>\n\t<meta name=\"twitter:data1\" content=\"bvalente\" \/>\n\t<meta name=\"twitter:label2\" content=\"Est. reading time\" \/>\n\t<meta name=\"twitter:data2\" content=\"4 minutos\" \/>\n<script type=\"application\/ld+json\" class=\"yoast-schema-graph\">{\"@context\":\"https:\/\/schema.org\",\"@graph\":[{\"@type\":\"Article\",\"@id\":\"https:\/\/www.manaus.am.gov.br\/semulsp\/forca-tarefa-fiscalizacao\/#article\",\"isPartOf\":{\"@id\":\"https:\/\/www.manaus.am.gov.br\/semulsp\/forca-tarefa-fiscalizacao\/\"},\"author\":{\"name\":\"bvalente\",\"@id\":\"https:\/\/www.manaus.am.gov.br\/semulsp\/#\/schema\/person\/466a0e03ae4b6062809046bd560ac955\"},\"headline\":\"Prefeitura de Manaus realiza for\u00e7a-tarefa e notifica oito empresas por descarte irregular de pneus\",\"datePublished\":\"2025-10-11T15:46:44+00:00\",\"dateModified\":\"2025-10-11T15:46:58+00:00\",\"mainEntityOfPage\":{\"@id\":\"https:\/\/www.manaus.am.gov.br\/semulsp\/forca-tarefa-fiscalizacao\/\"},\"wordCount\":713,\"publisher\":{\"@id\":\"https:\/\/www.manaus.am.gov.br\/semulsp\/#organization\"},\"image\":{\"@id\":\"https:\/\/www.manaus.am.gov.br\/semulsp\/forca-tarefa-fiscalizacao\/#primaryimage\"},\"thumbnailUrl\":\"https:\/\/www.manaus.am.gov.br\/semulsp\/wp-content\/uploads\/sites\/23\/2025\/10\/Prefeitura-de-Manaus-realiza-forca-tarefa-e-notifica-oito-empresas-por-descarte-irregular-de-pneus-3.jpeg\",\"keywords\":[\"for\u00e7a-tarefa para combater o descarte irregular de res\u00edduos e entulhos na capital.\",\"prefeitura de manaus\",\"semulsp\"],\"articleSection\":[\"Opera\u00e7\u00e3o\"],\"inLanguage\":\"pt-BR\"},{\"@type\":\"WebPage\",\"@id\":\"https:\/\/www.manaus.am.gov.br\/semulsp\/forca-tarefa-fiscalizacao\/\",\"url\":\"https:\/\/www.manaus.am.gov.br\/semulsp\/forca-tarefa-fiscalizacao\/\",\"name\":\"Prefeitura de Manaus realiza for\u00e7a-tarefa\",\"isPartOf\":{\"@id\":\"https:\/\/www.manaus.am.gov.br\/semulsp\/#website\"},\"primaryImageOfPage\":{\"@id\":\"https:\/\/www.manaus.am.gov.br\/semulsp\/forca-tarefa-fiscalizacao\/#primaryimage\"},\"image\":{\"@id\":\"https:\/\/www.manaus.am.gov.br\/semulsp\/forca-tarefa-fiscalizacao\/#primaryimage\"},\"thumbnailUrl\":\"https:\/\/www.manaus.am.gov.br\/semulsp\/wp-content\/uploads\/sites\/23\/2025\/10\/Prefeitura-de-Manaus-realiza-forca-tarefa-e-notifica-oito-empresas-por-descarte-irregular-de-pneus-3.jpeg\",\"datePublished\":\"2025-10-11T15:46:44+00:00\",\"dateModified\":\"2025-10-11T15:46:58+00:00\",\"description\":\"A Prefeitura de Manaus realizou uma for\u00e7a-tarefa para combater o descarte irregular de res\u00edduos e entulhos na capital.\",\"breadcrumb\":{\"@id\":\"https:\/\/www.manaus.am.gov.br\/semulsp\/forca-tarefa-fiscalizacao\/#breadcrumb\"},\"inLanguage\":\"pt-BR\",\"potentialAction\":[{\"@type\":\"ReadAction\",\"target\":[\"https:\/\/www.manaus.am.gov.br\/semulsp\/forca-tarefa-fiscalizacao\/\"]}]},{\"@type\":\"ImageObject\",\"inLanguage\":\"pt-BR\",\"@id\":\"https:\/\/www.manaus.am.gov.br\/semulsp\/forca-tarefa-fiscalizacao\/#primaryimage\",\"url\":\"https:\/\/www.manaus.am.gov.br\/semulsp\/wp-content\/uploads\/sites\/23\/2025\/10\/Prefeitura-de-Manaus-realiza-forca-tarefa-e-notifica-oito-empresas-por-descarte-irregular-de-pneus-3.jpeg\",\"contentUrl\":\"https:\/\/www.manaus.am.gov.br\/semulsp\/wp-content\/uploads\/sites\/23\/2025\/10\/Prefeitura-de-Manaus-realiza-forca-tarefa-e-notifica-oito-empresas-por-descarte-irregular-de-pneus-3.jpeg\",\"width\":1280,\"height\":960,\"caption\":\"#paratodosverem \u2013 Servidores da Semmas durante fiscaliza\u00e7\u00e3o\"},{\"@type\":\"BreadcrumbList\",\"@id\":\"https:\/\/www.manaus.am.gov.br\/semulsp\/forca-tarefa-fiscalizacao\/#breadcrumb\",\"itemListElement\":[{\"@type\":\"ListItem\",\"position\":1,\"name\":\"Home\",\"item\":\"https:\/\/www.manaus.am.gov.br\/semulsp\/\"},{\"@type\":\"ListItem\",\"position\":2,\"name\":\"Prefeitura de Manaus realiza for\u00e7a-tarefa e notifica oito empresas por descarte irregular de pneus\"}]},{\"@type\":\"WebSite\",\"@id\":\"https:\/\/www.manaus.am.gov.br\/semulsp\/#website\",\"url\":\"https:\/\/www.manaus.am.gov.br\/semulsp\/\",\"name\":\"SEMULSP\",\"description\":\"Prefeitura de Manaus\",\"publisher\":{\"@id\":\"https:\/\/www.manaus.am.gov.br\/semulsp\/#organization\"},\"alternateName\":\"Secretaria Municipal de Limpeza P\u00fablica\",\"potentialAction\":[{\"@type\":\"SearchAction\",\"target\":{\"@type\":\"EntryPoint\",\"urlTemplate\":\"https:\/\/www.manaus.am.gov.br\/semulsp\/?s={search_term_string}\"},\"query-input\":\"required name=search_term_string\"}],\"inLanguage\":\"pt-BR\"},{\"@type\":\"Organization\",\"@id\":\"https:\/\/www.manaus.am.gov.br\/semulsp\/#organization\",\"name\":\"SEMULSP\",\"alternateName\":\"Secretaria Municipal de Limpeza P\u00fablica\",\"url\":\"https:\/\/www.manaus.am.gov.br\/semulsp\/\",\"logo\":{\"@type\":\"ImageObject\",\"inLanguage\":\"pt-BR\",\"@id\":\"https:\/\/www.manaus.am.gov.br\/semulsp\/#\/schema\/logo\/image\/\",\"url\":\"https:\/\/www.manaus.am.gov.br\/semulsp\/wp-content\/uploads\/sites\/23\/2023\/05\/cropped-favicon.png\",\"contentUrl\":\"https:\/\/www.manaus.am.gov.br\/semulsp\/wp-content\/uploads\/sites\/23\/2023\/05\/cropped-favicon.png\",\"width\":512,\"height\":512,\"caption\":\"SEMULSP\"},\"image\":{\"@id\":\"https:\/\/www.manaus.am.gov.br\/semulsp\/#\/schema\/logo\/image\/\"},\"sameAs\":[\"https:\/\/www.facebook.com\/semulspmanaus\",\"https:\/\/www.instagram.com\/semulspmanaus\/\"]},{\"@type\":\"Person\",\"@id\":\"https:\/\/www.manaus.am.gov.br\/semulsp\/#\/schema\/person\/466a0e03ae4b6062809046bd560ac955\",\"name\":\"bvalente\",\"image\":{\"@type\":\"ImageObject\",\"inLanguage\":\"pt-BR\",\"@id\":\"https:\/\/www.manaus.am.gov.br\/semulsp\/#\/schema\/person\/image\/\",\"url\":\"https:\/\/secure.gravatar.com\/avatar\/3e69bc2b014bdad41adfec3a39de07d2?s=96&d=mm&r=g\",\"contentUrl\":\"https:\/\/secure.gravatar.com\/avatar\/3e69bc2b014bdad41adfec3a39de07d2?s=96&d=mm&r=g\",\"caption\":\"bvalente\"}}]}<\/script>\n<!-- \/ Yoast SEO plugin. -->","yoast_head_json":{"title":"Prefeitura de Manaus realiza for\u00e7a-tarefa","description":"A Prefeitura de Manaus realizou uma for\u00e7a-tarefa para combater o descarte irregular de res\u00edduos e entulhos na capital.","robots":{"index":"noindex","follow":"follow"},"og_locale":"pt_BR","og_type":"article","og_title":"Prefeitura de Manaus realiza for\u00e7a-tarefa","og_description":"A Prefeitura de Manaus realizou uma for\u00e7a-tarefa para combater o descarte irregular de res\u00edduos e entulhos na capital.","og_url":"https:\/\/www.manaus.am.gov.br\/semulsp\/forca-tarefa-fiscalizacao\/","og_site_name":"SEMULSP","article_publisher":"https:\/\/www.facebook.com\/semulspmanaus","article_published_time":"2025-10-11T15:46:44+00:00","article_modified_time":"2025-10-11T15:46:58+00:00","og_image":[{"width":1280,"height":960,"url":"https:\/\/www.manaus.am.gov.br\/semulsp\/wp-content\/uploads\/sites\/23\/2025\/10\/Prefeitura-de-Manaus-realiza-forca-tarefa-e-notifica-oito-empresas-por-descarte-irregular-de-pneus-3.jpeg","type":"image\/jpeg"}],"author":"bvalente","twitter_card":"summary_large_image","twitter_misc":{"Written by":"bvalente","Est. reading time":"4 minutos"},"schema":{"@context":"https:\/\/schema.org","@graph":[{"@type":"Article","@id":"https:\/\/www.manaus.am.gov.br\/semulsp\/forca-tarefa-fiscalizacao\/#article","isPartOf":{"@id":"https:\/\/www.manaus.am.gov.br\/semulsp\/forca-tarefa-fiscalizacao\/"},"author":{"name":"bvalente","@id":"https:\/\/www.manaus.am.gov.br\/semulsp\/#\/schema\/person\/466a0e03ae4b6062809046bd560ac955"},"headline":"Prefeitura de Manaus realiza for\u00e7a-tarefa e notifica oito empresas por descarte irregular de pneus","datePublished":"2025-10-11T15:46:44+00:00","dateModified":"2025-10-11T15:46:58+00:00","mainEntityOfPage":{"@id":"https:\/\/www.manaus.am.gov.br\/semulsp\/forca-tarefa-fiscalizacao\/"},"wordCount":713,"publisher":{"@id":"https:\/\/www.manaus.am.gov.br\/semulsp\/#organization"},"image":{"@id":"https:\/\/www.manaus.am.gov.br\/semulsp\/forca-tarefa-fiscalizacao\/#primaryimage"},"thumbnailUrl":"https:\/\/www.manaus.am.gov.br\/semulsp\/wp-content\/uploads\/sites\/23\/2025\/10\/Prefeitura-de-Manaus-realiza-forca-tarefa-e-notifica-oito-empresas-por-descarte-irregular-de-pneus-3.jpeg","keywords":["for\u00e7a-tarefa para combater o descarte irregular de res\u00edduos e entulhos na capital.","prefeitura de manaus","semulsp"],"articleSection":["Opera\u00e7\u00e3o"],"inLanguage":"pt-BR"},{"@type":"WebPage","@id":"https:\/\/www.manaus.am.gov.br\/semulsp\/forca-tarefa-fiscalizacao\/","url":"https:\/\/www.manaus.am.gov.br\/semulsp\/forca-tarefa-fiscalizacao\/","name":"Prefeitura de Manaus realiza for\u00e7a-tarefa","isPartOf":{"@id":"https:\/\/www.manaus.am.gov.br\/semulsp\/#website"},"primaryImageOfPage":{"@id":"https:\/\/www.manaus.am.gov.br\/semulsp\/forca-tarefa-fiscalizacao\/#primaryimage"},"image":{"@id":"https:\/\/www.manaus.am.gov.br\/semulsp\/forca-tarefa-fiscalizacao\/#primaryimage"},"thumbnailUrl":"https:\/\/www.manaus.am.gov.br\/semulsp\/wp-content\/uploads\/sites\/23\/2025\/10\/Prefeitura-de-Manaus-realiza-forca-tarefa-e-notifica-oito-empresas-por-descarte-irregular-de-pneus-3.jpeg","datePublished":"2025-10-11T15:46:44+00:00","dateModified":"2025-10-11T15:46:58+00:00","description":"A Prefeitura de Manaus realizou uma for\u00e7a-tarefa para combater o descarte irregular de res\u00edduos e entulhos na capital.","breadcrumb":{"@id":"https:\/\/www.manaus.am.gov.br\/semulsp\/forca-tarefa-fiscalizacao\/#breadcrumb"},"inLanguage":"pt-BR","potentialAction":[{"@type":"ReadAction","target":["https:\/\/www.manaus.am.gov.br\/semulsp\/forca-tarefa-fiscalizacao\/"]}]},{"@type":"ImageObject","inLanguage":"pt-BR","@id":"https:\/\/www.manaus.am.gov.br\/semulsp\/forca-tarefa-fiscalizacao\/#primaryimage","url":"https:\/\/www.manaus.am.gov.br\/semulsp\/wp-content\/uploads\/sites\/23\/2025\/10\/Prefeitura-de-Manaus-realiza-forca-tarefa-e-notifica-oito-empresas-por-descarte-irregular-de-pneus-3.jpeg","contentUrl":"https:\/\/www.manaus.am.gov.br\/semulsp\/wp-content\/uploads\/sites\/23\/2025\/10\/Prefeitura-de-Manaus-realiza-forca-tarefa-e-notifica-oito-empresas-por-descarte-irregular-de-pneus-3.jpeg","width":1280,"height":960,"caption":"#paratodosverem \u2013 Servidores da Semmas durante fiscaliza\u00e7\u00e3o"},{"@type":"BreadcrumbList","@id":"https:\/\/www.manaus.am.gov.br\/semulsp\/forca-tarefa-fiscalizacao\/#breadcrumb","itemListElement":[{"@type":"ListItem","position":1,"name":"Home","item":"https:\/\/www.manaus.am.gov.br\/semulsp\/"},{"@type":"ListItem","position":2,"name":"Prefeitura de Manaus realiza for\u00e7a-tarefa e notifica oito empresas por descarte irregular de pneus"}]},{"@type":"WebSite","@id":"https:\/\/www.manaus.am.gov.br\/semulsp\/#website","url":"https:\/\/www.manaus.am.gov.br\/semulsp\/","name":"SEMULSP","description":"Prefeitura de Manaus","publisher":{"@id":"https:\/\/www.manaus.am.gov.br\/semulsp\/#organization"},"alternateName":"Secretaria Municipal de Limpeza P\u00fablica","potentialAction":[{"@type":"SearchAction","target":{"@type":"EntryPoint","urlTemplate":"https:\/\/www.manaus.am.gov.br\/semulsp\/?s={search_term_string}"},"query-input":"required name=search_term_string"}],"inLanguage":"pt-BR"},{"@type":"Organization","@id":"https:\/\/www.manaus.am.gov.br\/semulsp\/#organization","name":"SEMULSP","alternateName":"Secretaria Municipal de Limpeza P\u00fablica","url":"https:\/\/www.manaus.am.gov.br\/semulsp\/","logo":{"@type":"ImageObject","inLanguage":"pt-BR","@id":"https:\/\/www.manaus.am.gov.br\/semulsp\/#\/schema\/logo\/image\/","url":"https:\/\/www.manaus.am.gov.br\/semulsp\/wp-content\/uploads\/sites\/23\/2023\/05\/cropped-favicon.png","contentUrl":"https:\/\/www.manaus.am.gov.br\/semulsp\/wp-content\/uploads\/sites\/23\/2023\/05\/cropped-favicon.png","width":512,"height":512,"caption":"SEMULSP"},"image":{"@id":"https:\/\/www.manaus.am.gov.br\/semulsp\/#\/schema\/logo\/image\/"},"sameAs":["https:\/\/www.facebook.com\/semulspmanaus","https:\/\/www.instagram.com\/semulspmanaus\/"]},{"@type":"Person","@id":"https:\/\/www.manaus.am.gov.br\/semulsp\/#\/schema\/person\/466a0e03ae4b6062809046bd560ac955","name":"bvalente","image":{"@type":"ImageObject","inLanguage":"pt-BR","@id":"https:\/\/www.manaus.am.gov.br\/semulsp\/#\/schema\/person\/image\/","url":"https:\/\/secure.gravatar.com\/avatar\/3e69bc2b014bdad41adfec3a39de07d2?s=96&d=mm&r=g","contentUrl":"https:\/\/secure.gravatar.com\/avatar\/3e69bc2b014bdad41adfec3a39de07d2?s=96&d=mm&r=g","caption":"bvalente"}}]}},"_links":{"self":[{"href":"https:\/\/www.manaus.am.gov.br\/semulsp\/wp-json\/wp\/v2\/posts\/2521"}],"collection":[{"href":"https:\/\/www.manaus.am.gov.br\/semulsp\/wp-json\/wp\/v2\/posts"}],"about":[{"href":"https:\/\/www.manaus.am.gov.br\/semulsp\/wp-json\/wp\/v2\/types\/post"}],"author":[{"embeddable":true,"href":"https:\/\/www.manaus.am.gov.br\/semulsp\/wp-json\/wp\/v2\/users\/68"}],"replies":[{"embeddable":true,"href":"https:\/\/www.manaus.am.gov.br\/semulsp\/wp-json\/wp\/v2\/comments?post=2521"}],"version-history":[{"count":1,"href":"https:\/\/www.manaus.am.gov.br\/semulsp\/wp-json\/wp\/v2\/posts\/2521\/revisions"}],"predecessor-version":[{"id":2523,"href":"https:\/\/www.manaus.am.gov.br\/semulsp\/wp-json\/wp\/v2\/posts\/2521\/revisions\/2523"}],"wp:featuredmedia":[{"embeddable":true,"href":"https:\/\/www.manaus.am.gov.br\/semulsp\/wp-json\/wp\/v2\/media\/2522"}],"wp:attachment":[{"href":"https:\/\/www.manaus.am.gov.br\/semulsp\/wp-json\/wp\/v2\/media?parent=2521"}],"wp:term":[{"taxonomy":"category","embeddable":true,"href":"https:\/\/www.manaus.am.gov.br\/semulsp\/wp-json\/wp\/v2\/categories?post=2521"},{"taxonomy":"post_tag","embeddable":true,"href":"https:\/\/www.manaus.am.gov.br\/semulsp\/wp-json\/wp\/v2\/tags?post=2521"}],"curies":[{"name":"wp","href":"https:\/\/api.w.org\/{rel}","templated":true}]}}