{"id":2514,"date":"2025-10-08T14:38:27","date_gmt":"2025-10-08T18:38:27","guid":{"rendered":"https:\/\/www.manaus.am.gov.br\/semulsp\/prefeitura-semulsp-limpeza-setembro\/"},"modified":"2025-10-08T14:38:28","modified_gmt":"2025-10-08T18:38:28","slug":"prefeitura-semulsp-limpeza-setembro","status":"publish","type":"post","link":"https:\/\/www.manaus.am.gov.br\/semulsp\/prefeitura-semulsp-limpeza-setembro\/","title":{"rendered":"Prefeitura intensifica combate \u00e0s lixeiras irregulares e retira 3,7 mil toneladas de res\u00edduos em setembro"},"content":{"rendered":"\n<p>A Prefeitura de Manaus, por meio da Secretaria Municipal de Limpeza Urbana (Semulsp), intensificou, em setembro, as a\u00e7\u00f5es permanentes de combate \u00e0s lixeiras irregulares na capital. No per\u00edodo, foram eliminados 187 pontos de descarte irregular, que resultaram na retirada de mais de 3,7 mil toneladas de res\u00edduos.<\/p>\n\n\n\n<p>O balan\u00e7o revela que a zona Leste concentra 30% dos casos, seguida das zonas Norte e Sul. A regi\u00e3o Centro-Sul apresentou o menor \u00edndice de ocorr\u00eancias, mas todas as \u00e1reas da cidade registraram pontos cr\u00edticos, refor\u00e7ando o desafio do descarte correto.<\/p>\n\n\n\n<p>Com a chegada antecipada do per\u00edodo chuvoso, o volume de res\u00edduos arrastados para os igarap\u00e9s aumentou consideravelmente. As lixeiras irregulares, formadas pelo descarte irregular, feito pela pr\u00f3pria popula\u00e7\u00e3o, acabam se transformando em focos de polui\u00e7\u00e3o que comprometem a drenagem urbana.<\/p>\n\n\n\n<p>Esse ac\u00famulo de lixo aumenta a probabilidade de entupir bueiros e provocar o transbordamento dos igarap\u00e9s, elevando os riscos de alagamentos em casas e estabelecimentos constru\u00eddos pr\u00f3ximos \u00e0s margens e \u00e0 rede de drenagem.<\/p>\n\n\n\n<p>Ecobarreiras<\/p>\n\n\n\n<p>O impacto desse cen\u00e1rio foi sentido nas ecobarreiras instaladas em diversos igarap\u00e9s da cidade. Apenas no Passeio do Mindu, ap\u00f3s as fortes chuvas do \u00faltimo fim de semana, foram retiradas 37 toneladas de res\u00edduos. O mesmo se repetiu em outros pontos equipados com a barreira, evidenciando a press\u00e3o que o sistema de conten\u00e7\u00e3o enfrenta neste per\u00edodo.<\/p>\n\n\n\n<p>A\u00e7\u00e3o permanente<\/p>\n\n\n\n<p>O titular da Semulsp, Sab\u00e1 Reis, enfatiza que o combate \u00e0s lixeiras irregulares \u00e9 uma a\u00e7\u00e3o cont\u00ednua, mas depende da colabora\u00e7\u00e3o da popula\u00e7\u00e3o. A pr\u00e1tica do descarte incorreto n\u00e3o apenas degrada o meio ambiente, como tamb\u00e9m amplia os riscos de alagamentos em \u00e9pocas de chuva intensa.<\/p>\n\n\n\n<p>\u201cEstamos atuando diariamente, mas precisamos que a popula\u00e7\u00e3o entenda que a cidade s\u00f3 ser\u00e1 mais limpa se cada um fizer a sua parte. Lixo jogado em locais impr\u00f3prios acaba voltando para dentro de casa em forma de alagamento\u201d, refor\u00e7a Sab\u00e1 Reis.<\/p>\n\n\n\n<p>O Disk Semulsp est\u00e1 dispon\u00edvel para den\u00fancias pelo telefone (92) 98842-1202 \/ 1276 \/ 1277 \/ 4738.<\/p>\n\n\n\n<p>&#8212; &#8212; &#8212;<\/p>\n\n\n\n<p><strong>Texto<\/strong> &#8211; Dora Tupinamb\u00e1\/Semulsp<\/p>\n\n\n\n<p><strong>Fotos<\/strong> &#8211; Divulga\u00e7\u00e3o\/Semulsp<\/p>\n","protected":false},"excerpt":{"rendered":"","protected":false},"author":23,"featured_media":2515,"comment_status":"closed","ping_status":"closed","sticky":false,"template":"","format":"standard","meta":{"footnotes":""},"categories":[38],"tags":[883,695,884,10,19,885],"acf":[],"yoast_head":"<!-- This site is optimized with the Yoast SEO plugin v23.0 - https:\/\/yoast.com\/wordpress\/plugins\/seo\/ -->\n<title>Prefeitura intensifica combate \u00e0s lixeiras irregulares e retira 3,7 mil toneladas de res\u00edduos em setembro<\/title>\n<meta name=\"description\" content=\"A Prefeitura de Manaus, por meio da Secretaria Municipal de Limpeza Urbana (Semulsp), intensificou, em setembro, as a\u00e7\u00f5es permanentes de combate \u00e0s lixeiras irregulares na capital. No per\u00edodo, foram eliminados 187 pontos de descarte irregular, que resultaram na retirada de mais de 3,7 mil toneladas de res\u00edduos.\" \/>\n<meta name=\"robots\" content=\"noindex, follow\" \/>\n<meta property=\"og:locale\" content=\"pt_BR\" \/>\n<meta property=\"og:type\" content=\"article\" \/>\n<meta property=\"og:title\" content=\"Prefeitura intensifica combate \u00e0s lixeiras irregulares e retira 3,7 mil toneladas de res\u00edduos em setembro\" \/>\n<meta property=\"og:description\" content=\"A Prefeitura de Manaus, por meio da Secretaria Municipal de Limpeza Urbana (Semulsp), intensificou, em setembro, as a\u00e7\u00f5es permanentes de combate \u00e0s lixeiras irregulares na capital. No per\u00edodo, foram eliminados 187 pontos de descarte irregular, que resultaram na retirada de mais de 3,7 mil toneladas de res\u00edduos.\" \/>\n<meta property=\"og:url\" content=\"https:\/\/www.manaus.am.gov.br\/semulsp\/prefeitura-semulsp-limpeza-setembro\/\" \/>\n<meta property=\"og:site_name\" content=\"SEMULSP\" \/>\n<meta property=\"article:publisher\" content=\"https:\/\/www.facebook.com\/semulspmanaus\" \/>\n<meta property=\"article:published_time\" content=\"2025-10-08T18:38:27+00:00\" \/>\n<meta property=\"article:modified_time\" content=\"2025-10-08T18:38:28+00:00\" \/>\n<meta property=\"og:image\" content=\"https:\/\/www.manaus.am.gov.br\/semulsp\/wp-content\/uploads\/sites\/23\/2025\/10\/WhatsApp-Image-2025-10-08-at-14.03.46-1.jpeg\" \/>\n\t<meta property=\"og:image:width\" content=\"1600\" \/>\n\t<meta property=\"og:image:height\" content=\"739\" \/>\n\t<meta property=\"og:image:type\" content=\"image\/jpeg\" \/>\n<meta name=\"author\" content=\"Adriana Costa\" \/>\n<meta name=\"twitter:card\" content=\"summary_large_image\" \/>\n<meta name=\"twitter:label1\" content=\"Written by\" \/>\n\t<meta name=\"twitter:data1\" content=\"Adriana Costa\" \/>\n\t<meta name=\"twitter:label2\" content=\"Est. reading time\" \/>\n\t<meta name=\"twitter:data2\" content=\"3 minutos\" \/>\n<script type=\"application\/ld+json\" class=\"yoast-schema-graph\">{\"@context\":\"https:\/\/schema.org\",\"@graph\":[{\"@type\":\"Article\",\"@id\":\"https:\/\/www.manaus.am.gov.br\/semulsp\/prefeitura-semulsp-limpeza-setembro\/#article\",\"isPartOf\":{\"@id\":\"https:\/\/www.manaus.am.gov.br\/semulsp\/prefeitura-semulsp-limpeza-setembro\/\"},\"author\":{\"name\":\"Adriana Costa\",\"@id\":\"https:\/\/www.manaus.am.gov.br\/semulsp\/#\/schema\/person\/4e49f4e267757a06ca072ec61b2b9968\"},\"headline\":\"Prefeitura intensifica combate \u00e0s lixeiras irregulares e retira 3,7 mil toneladas de res\u00edduos em setembro\",\"datePublished\":\"2025-10-08T18:38:27+00:00\",\"dateModified\":\"2025-10-08T18:38:28+00:00\",\"mainEntityOfPage\":{\"@id\":\"https:\/\/www.manaus.am.gov.br\/semulsp\/prefeitura-semulsp-limpeza-setembro\/\"},\"wordCount\":378,\"publisher\":{\"@id\":\"https:\/\/www.manaus.am.gov.br\/semulsp\/#organization\"},\"image\":{\"@id\":\"https:\/\/www.manaus.am.gov.br\/semulsp\/prefeitura-semulsp-limpeza-setembro\/#primaryimage\"},\"thumbnailUrl\":\"https:\/\/www.manaus.am.gov.br\/semulsp\/wp-content\/uploads\/sites\/23\/2025\/10\/WhatsApp-Image-2025-10-08-at-14.03.46-1.jpeg\",\"keywords\":[\"balan\u00e7o\",\"Descarte Irregular\",\"lixeira viciada\",\"prefeitura de manaus\",\"semulsp\",\"setembro\"],\"articleSection\":[\"Limpeza\"],\"inLanguage\":\"pt-BR\"},{\"@type\":\"WebPage\",\"@id\":\"https:\/\/www.manaus.am.gov.br\/semulsp\/prefeitura-semulsp-limpeza-setembro\/\",\"url\":\"https:\/\/www.manaus.am.gov.br\/semulsp\/prefeitura-semulsp-limpeza-setembro\/\",\"name\":\"Prefeitura intensifica combate \u00e0s lixeiras irregulares e retira 3,7 mil toneladas de res\u00edduos em setembro\",\"isPartOf\":{\"@id\":\"https:\/\/www.manaus.am.gov.br\/semulsp\/#website\"},\"primaryImageOfPage\":{\"@id\":\"https:\/\/www.manaus.am.gov.br\/semulsp\/prefeitura-semulsp-limpeza-setembro\/#primaryimage\"},\"image\":{\"@id\":\"https:\/\/www.manaus.am.gov.br\/semulsp\/prefeitura-semulsp-limpeza-setembro\/#primaryimage\"},\"thumbnailUrl\":\"https:\/\/www.manaus.am.gov.br\/semulsp\/wp-content\/uploads\/sites\/23\/2025\/10\/WhatsApp-Image-2025-10-08-at-14.03.46-1.jpeg\",\"datePublished\":\"2025-10-08T18:38:27+00:00\",\"dateModified\":\"2025-10-08T18:38:28+00:00\",\"description\":\"A Prefeitura de Manaus, por meio da Secretaria Municipal de Limpeza Urbana (Semulsp), intensificou, em setembro, as a\u00e7\u00f5es permanentes de combate \u00e0s lixeiras irregulares na capital. No per\u00edodo, foram eliminados 187 pontos de descarte irregular, que resultaram na retirada de mais de 3,7 mil toneladas de res\u00edduos.\",\"breadcrumb\":{\"@id\":\"https:\/\/www.manaus.am.gov.br\/semulsp\/prefeitura-semulsp-limpeza-setembro\/#breadcrumb\"},\"inLanguage\":\"pt-BR\",\"potentialAction\":[{\"@type\":\"ReadAction\",\"target\":[\"https:\/\/www.manaus.am.gov.br\/semulsp\/prefeitura-semulsp-limpeza-setembro\/\"]}]},{\"@type\":\"ImageObject\",\"inLanguage\":\"pt-BR\",\"@id\":\"https:\/\/www.manaus.am.gov.br\/semulsp\/prefeitura-semulsp-limpeza-setembro\/#primaryimage\",\"url\":\"https:\/\/www.manaus.am.gov.br\/semulsp\/wp-content\/uploads\/sites\/23\/2025\/10\/WhatsApp-Image-2025-10-08-at-14.03.46-1.jpeg\",\"contentUrl\":\"https:\/\/www.manaus.am.gov.br\/semulsp\/wp-content\/uploads\/sites\/23\/2025\/10\/WhatsApp-Image-2025-10-08-at-14.03.46-1.jpeg\",\"width\":1600,\"height\":739,\"caption\":\"#paratodosverem - Agentes de limpeza da Semulsp recolhem lixo e desmontam lixeira irregular\"},{\"@type\":\"BreadcrumbList\",\"@id\":\"https:\/\/www.manaus.am.gov.br\/semulsp\/prefeitura-semulsp-limpeza-setembro\/#breadcrumb\",\"itemListElement\":[{\"@type\":\"ListItem\",\"position\":1,\"name\":\"Home\",\"item\":\"https:\/\/www.manaus.am.gov.br\/semulsp\/\"},{\"@type\":\"ListItem\",\"position\":2,\"name\":\"Prefeitura intensifica combate \u00e0s lixeiras irregulares e retira 3,7 mil toneladas de res\u00edduos em setembro\"}]},{\"@type\":\"WebSite\",\"@id\":\"https:\/\/www.manaus.am.gov.br\/semulsp\/#website\",\"url\":\"https:\/\/www.manaus.am.gov.br\/semulsp\/\",\"name\":\"SEMULSP\",\"description\":\"Prefeitura de Manaus\",\"publisher\":{\"@id\":\"https:\/\/www.manaus.am.gov.br\/semulsp\/#organization\"},\"alternateName\":\"Secretaria Municipal de Limpeza P\u00fablica\",\"potentialAction\":[{\"@type\":\"SearchAction\",\"target\":{\"@type\":\"EntryPoint\",\"urlTemplate\":\"https:\/\/www.manaus.am.gov.br\/semulsp\/?s={search_term_string}\"},\"query-input\":\"required name=search_term_string\"}],\"inLanguage\":\"pt-BR\"},{\"@type\":\"Organization\",\"@id\":\"https:\/\/www.manaus.am.gov.br\/semulsp\/#organization\",\"name\":\"SEMULSP\",\"alternateName\":\"Secretaria Municipal de Limpeza P\u00fablica\",\"url\":\"https:\/\/www.manaus.am.gov.br\/semulsp\/\",\"logo\":{\"@type\":\"ImageObject\",\"inLanguage\":\"pt-BR\",\"@id\":\"https:\/\/www.manaus.am.gov.br\/semulsp\/#\/schema\/logo\/image\/\",\"url\":\"https:\/\/www.manaus.am.gov.br\/semulsp\/wp-content\/uploads\/sites\/23\/2023\/05\/cropped-favicon.png\",\"contentUrl\":\"https:\/\/www.manaus.am.gov.br\/semulsp\/wp-content\/uploads\/sites\/23\/2023\/05\/cropped-favicon.png\",\"width\":512,\"height\":512,\"caption\":\"SEMULSP\"},\"image\":{\"@id\":\"https:\/\/www.manaus.am.gov.br\/semulsp\/#\/schema\/logo\/image\/\"},\"sameAs\":[\"https:\/\/www.facebook.com\/semulspmanaus\",\"https:\/\/www.instagram.com\/semulspmanaus\/\"]},{\"@type\":\"Person\",\"@id\":\"https:\/\/www.manaus.am.gov.br\/semulsp\/#\/schema\/person\/4e49f4e267757a06ca072ec61b2b9968\",\"name\":\"Adriana Costa\",\"image\":{\"@type\":\"ImageObject\",\"inLanguage\":\"pt-BR\",\"@id\":\"https:\/\/www.manaus.am.gov.br\/semulsp\/#\/schema\/person\/image\/\",\"url\":\"https:\/\/secure.gravatar.com\/avatar\/576258617ef7194f718179e766d57bd4?s=96&d=mm&r=g\",\"contentUrl\":\"https:\/\/secure.gravatar.com\/avatar\/576258617ef7194f718179e766d57bd4?s=96&d=mm&r=g\",\"caption\":\"Adriana Costa\"}}]}<\/script>\n<!-- \/ Yoast SEO plugin. -->","yoast_head_json":{"title":"Prefeitura intensifica combate \u00e0s lixeiras irregulares e retira 3,7 mil toneladas de res\u00edduos em setembro","description":"A Prefeitura de Manaus, por meio da Secretaria Municipal de Limpeza Urbana (Semulsp), intensificou, em setembro, as a\u00e7\u00f5es permanentes de combate \u00e0s lixeiras irregulares na capital. No per\u00edodo, foram eliminados 187 pontos de descarte irregular, que resultaram na retirada de mais de 3,7 mil toneladas de res\u00edduos.","robots":{"index":"noindex","follow":"follow"},"og_locale":"pt_BR","og_type":"article","og_title":"Prefeitura intensifica combate \u00e0s lixeiras irregulares e retira 3,7 mil toneladas de res\u00edduos em setembro","og_description":"A Prefeitura de Manaus, por meio da Secretaria Municipal de Limpeza Urbana (Semulsp), intensificou, em setembro, as a\u00e7\u00f5es permanentes de combate \u00e0s lixeiras irregulares na capital. No per\u00edodo, foram eliminados 187 pontos de descarte irregular, que resultaram na retirada de mais de 3,7 mil toneladas de res\u00edduos.","og_url":"https:\/\/www.manaus.am.gov.br\/semulsp\/prefeitura-semulsp-limpeza-setembro\/","og_site_name":"SEMULSP","article_publisher":"https:\/\/www.facebook.com\/semulspmanaus","article_published_time":"2025-10-08T18:38:27+00:00","article_modified_time":"2025-10-08T18:38:28+00:00","og_image":[{"width":1600,"height":739,"url":"https:\/\/www.manaus.am.gov.br\/semulsp\/wp-content\/uploads\/sites\/23\/2025\/10\/WhatsApp-Image-2025-10-08-at-14.03.46-1.jpeg","type":"image\/jpeg"}],"author":"Adriana Costa","twitter_card":"summary_large_image","twitter_misc":{"Written by":"Adriana Costa","Est. reading time":"3 minutos"},"schema":{"@context":"https:\/\/schema.org","@graph":[{"@type":"Article","@id":"https:\/\/www.manaus.am.gov.br\/semulsp\/prefeitura-semulsp-limpeza-setembro\/#article","isPartOf":{"@id":"https:\/\/www.manaus.am.gov.br\/semulsp\/prefeitura-semulsp-limpeza-setembro\/"},"author":{"name":"Adriana Costa","@id":"https:\/\/www.manaus.am.gov.br\/semulsp\/#\/schema\/person\/4e49f4e267757a06ca072ec61b2b9968"},"headline":"Prefeitura intensifica combate \u00e0s lixeiras irregulares e retira 3,7 mil toneladas de res\u00edduos em setembro","datePublished":"2025-10-08T18:38:27+00:00","dateModified":"2025-10-08T18:38:28+00:00","mainEntityOfPage":{"@id":"https:\/\/www.manaus.am.gov.br\/semulsp\/prefeitura-semulsp-limpeza-setembro\/"},"wordCount":378,"publisher":{"@id":"https:\/\/www.manaus.am.gov.br\/semulsp\/#organization"},"image":{"@id":"https:\/\/www.manaus.am.gov.br\/semulsp\/prefeitura-semulsp-limpeza-setembro\/#primaryimage"},"thumbnailUrl":"https:\/\/www.manaus.am.gov.br\/semulsp\/wp-content\/uploads\/sites\/23\/2025\/10\/WhatsApp-Image-2025-10-08-at-14.03.46-1.jpeg","keywords":["balan\u00e7o","Descarte Irregular","lixeira viciada","prefeitura de manaus","semulsp","setembro"],"articleSection":["Limpeza"],"inLanguage":"pt-BR"},{"@type":"WebPage","@id":"https:\/\/www.manaus.am.gov.br\/semulsp\/prefeitura-semulsp-limpeza-setembro\/","url":"https:\/\/www.manaus.am.gov.br\/semulsp\/prefeitura-semulsp-limpeza-setembro\/","name":"Prefeitura intensifica combate \u00e0s lixeiras irregulares e retira 3,7 mil toneladas de res\u00edduos em setembro","isPartOf":{"@id":"https:\/\/www.manaus.am.gov.br\/semulsp\/#website"},"primaryImageOfPage":{"@id":"https:\/\/www.manaus.am.gov.br\/semulsp\/prefeitura-semulsp-limpeza-setembro\/#primaryimage"},"image":{"@id":"https:\/\/www.manaus.am.gov.br\/semulsp\/prefeitura-semulsp-limpeza-setembro\/#primaryimage"},"thumbnailUrl":"https:\/\/www.manaus.am.gov.br\/semulsp\/wp-content\/uploads\/sites\/23\/2025\/10\/WhatsApp-Image-2025-10-08-at-14.03.46-1.jpeg","datePublished":"2025-10-08T18:38:27+00:00","dateModified":"2025-10-08T18:38:28+00:00","description":"A Prefeitura de Manaus, por meio da Secretaria Municipal de Limpeza Urbana (Semulsp), intensificou, em setembro, as a\u00e7\u00f5es permanentes de combate \u00e0s lixeiras irregulares na capital. No per\u00edodo, foram eliminados 187 pontos de descarte irregular, que resultaram na retirada de mais de 3,7 mil toneladas de res\u00edduos.","breadcrumb":{"@id":"https:\/\/www.manaus.am.gov.br\/semulsp\/prefeitura-semulsp-limpeza-setembro\/#breadcrumb"},"inLanguage":"pt-BR","potentialAction":[{"@type":"ReadAction","target":["https:\/\/www.manaus.am.gov.br\/semulsp\/prefeitura-semulsp-limpeza-setembro\/"]}]},{"@type":"ImageObject","inLanguage":"pt-BR","@id":"https:\/\/www.manaus.am.gov.br\/semulsp\/prefeitura-semulsp-limpeza-setembro\/#primaryimage","url":"https:\/\/www.manaus.am.gov.br\/semulsp\/wp-content\/uploads\/sites\/23\/2025\/10\/WhatsApp-Image-2025-10-08-at-14.03.46-1.jpeg","contentUrl":"https:\/\/www.manaus.am.gov.br\/semulsp\/wp-content\/uploads\/sites\/23\/2025\/10\/WhatsApp-Image-2025-10-08-at-14.03.46-1.jpeg","width":1600,"height":739,"caption":"#paratodosverem - Agentes de limpeza da Semulsp recolhem lixo e desmontam lixeira irregular"},{"@type":"BreadcrumbList","@id":"https:\/\/www.manaus.am.gov.br\/semulsp\/prefeitura-semulsp-limpeza-setembro\/#breadcrumb","itemListElement":[{"@type":"ListItem","position":1,"name":"Home","item":"https:\/\/www.manaus.am.gov.br\/semulsp\/"},{"@type":"ListItem","position":2,"name":"Prefeitura intensifica combate \u00e0s lixeiras irregulares e retira 3,7 mil toneladas de res\u00edduos em setembro"}]},{"@type":"WebSite","@id":"https:\/\/www.manaus.am.gov.br\/semulsp\/#website","url":"https:\/\/www.manaus.am.gov.br\/semulsp\/","name":"SEMULSP","description":"Prefeitura de Manaus","publisher":{"@id":"https:\/\/www.manaus.am.gov.br\/semulsp\/#organization"},"alternateName":"Secretaria Municipal de Limpeza P\u00fablica","potentialAction":[{"@type":"SearchAction","target":{"@type":"EntryPoint","urlTemplate":"https:\/\/www.manaus.am.gov.br\/semulsp\/?s={search_term_string}"},"query-input":"required name=search_term_string"}],"inLanguage":"pt-BR"},{"@type":"Organization","@id":"https:\/\/www.manaus.am.gov.br\/semulsp\/#organization","name":"SEMULSP","alternateName":"Secretaria Municipal de Limpeza P\u00fablica","url":"https:\/\/www.manaus.am.gov.br\/semulsp\/","logo":{"@type":"ImageObject","inLanguage":"pt-BR","@id":"https:\/\/www.manaus.am.gov.br\/semulsp\/#\/schema\/logo\/image\/","url":"https:\/\/www.manaus.am.gov.br\/semulsp\/wp-content\/uploads\/sites\/23\/2023\/05\/cropped-favicon.png","contentUrl":"https:\/\/www.manaus.am.gov.br\/semulsp\/wp-content\/uploads\/sites\/23\/2023\/05\/cropped-favicon.png","width":512,"height":512,"caption":"SEMULSP"},"image":{"@id":"https:\/\/www.manaus.am.gov.br\/semulsp\/#\/schema\/logo\/image\/"},"sameAs":["https:\/\/www.facebook.com\/semulspmanaus","https:\/\/www.instagram.com\/semulspmanaus\/"]},{"@type":"Person","@id":"https:\/\/www.manaus.am.gov.br\/semulsp\/#\/schema\/person\/4e49f4e267757a06ca072ec61b2b9968","name":"Adriana Costa","image":{"@type":"ImageObject","inLanguage":"pt-BR","@id":"https:\/\/www.manaus.am.gov.br\/semulsp\/#\/schema\/person\/image\/","url":"https:\/\/secure.gravatar.com\/avatar\/576258617ef7194f718179e766d57bd4?s=96&d=mm&r=g","contentUrl":"https:\/\/secure.gravatar.com\/avatar\/576258617ef7194f718179e766d57bd4?s=96&d=mm&r=g","caption":"Adriana Costa"}}]}},"_links":{"self":[{"href":"https:\/\/www.manaus.am.gov.br\/semulsp\/wp-json\/wp\/v2\/posts\/2514"}],"collection":[{"href":"https:\/\/www.manaus.am.gov.br\/semulsp\/wp-json\/wp\/v2\/posts"}],"about":[{"href":"https:\/\/www.manaus.am.gov.br\/semulsp\/wp-json\/wp\/v2\/types\/post"}],"author":[{"embeddable":true,"href":"https:\/\/www.manaus.am.gov.br\/semulsp\/wp-json\/wp\/v2\/users\/23"}],"replies":[{"embeddable":true,"href":"https:\/\/www.manaus.am.gov.br\/semulsp\/wp-json\/wp\/v2\/comments?post=2514"}],"version-history":[{"count":0,"href":"https:\/\/www.manaus.am.gov.br\/semulsp\/wp-json\/wp\/v2\/posts\/2514\/revisions"}],"wp:featuredmedia":[{"embeddable":true,"href":"https:\/\/www.manaus.am.gov.br\/semulsp\/wp-json\/wp\/v2\/media\/2515"}],"wp:attachment":[{"href":"https:\/\/www.manaus.am.gov.br\/semulsp\/wp-json\/wp\/v2\/media?parent=2514"}],"wp:term":[{"taxonomy":"category","embeddable":true,"href":"https:\/\/www.manaus.am.gov.br\/semulsp\/wp-json\/wp\/v2\/categories?post=2514"},{"taxonomy":"post_tag","embeddable":true,"href":"https:\/\/www.manaus.am.gov.br\/semulsp\/wp-json\/wp\/v2\/tags?post=2514"}],"curies":[{"name":"wp","href":"https:\/\/api.w.org\/{rel}","templated":true}]}}