{"id":2507,"date":"2025-10-03T16:04:26","date_gmt":"2025-10-03T20:04:26","guid":{"rendered":"https:\/\/www.manaus.am.gov.br\/semulsp\/combate-ao-descarte-irregular\/"},"modified":"2025-10-03T16:04:27","modified_gmt":"2025-10-03T20:04:27","slug":"combate-ao-descarte-irregular","status":"publish","type":"post","link":"https:\/\/www.manaus.am.gov.br\/semulsp\/combate-ao-descarte-irregular\/","title":{"rendered":"Prefeitura de Manaus realiza opera\u00e7\u00e3o \u2018Combate ao Descarte Irregular de Res\u00edduos e Entulhos\u2019"},"content":{"rendered":"\n<p>A <a href=\"https:\/\/www.instagram.com\/prefeiturademanaus\/\">Prefeitura de Manaus<\/a> realizou nesta sexta-feira, 3\/10, a opera\u00e7\u00e3o \u201cCombate ao Descarte Irregular de Res\u00edduos e Entulhos\u201d, uma a\u00e7\u00e3o integrada que percorreu diferentes pontos da cidade para coibir pr\u00e1ticas ilegais que comprometem o meio ambiente e a qualidade de vida da popula\u00e7\u00e3o. V\u00e1rios locais foram fiscalizados, em resposta a den\u00fancias recebidas pela administra\u00e7\u00e3o municipal.<\/p>\n\n\n\n<p>De acordo com o C\u00f3digo Ambiental de Manaus, o descarte irregular de res\u00edduos \u00e9 crime ambiental. As infra\u00e7\u00f5es s\u00e3o classificadas por n\u00edveis de gravidade e podem gerar multas que, mesmo nos casos considerados leves, ultrapassam R$ 7 mil.<\/p>\n\n\n\n<p>A opera\u00e7\u00e3o reuniu agentes da Secretaria Municipal de Limpeza Urbana (Semulsp), da Secretaria Municipal de Meio Ambiente e Sustentabilidade (Semmas), do Instituto Municipal de Planejamento Urbano (Implurb), da Guarda Civil de Manaus (GCM) e do Instituto Municipal de Mobilidade Urbana (IMMU), que atuaram de forma integrada para combater irregularidades.<\/p>\n\n\n\n<p>O coordenador da opera\u00e7\u00e3o, Raimundo Pimentel Filho, destacou que o trabalho faz parte de uma determina\u00e7\u00e3o direta do prefeito David Almeida. \u201c\u00c9 uma determina\u00e7\u00e3o do prefeito David Almeida que nossa cidade esteja cada vez mais limpa. A Prefeitura de Manaus j\u00e1 realiza essas opera\u00e7\u00f5es e hoje estamos em cinco secretarias para fiscalizar e multar alguns alvos de den\u00fancias que recebemos\u201d, afirmou.<\/p>\n\n\n\n<p><strong>Sucateiro interditado<\/strong><\/p>\n\n\n\n<p>Entre os casos abordados nesta edi\u00e7\u00e3o da opera\u00e7\u00e3o, um dos principais destaques foi o fechamento de um estabelecimento de compra de sucata, localizado na avenida I, no bairro Alvorada II. O local foi interditado e multado por funcionar sem licen\u00e7a, obstruir a cal\u00e7ada e oferecer risco \u00e0 comunidade.<\/p>\n\n\n\n<p>O fiscal do Implurb, Mike Galv\u00e3o, da equipe de fiscaliza\u00e7\u00e3o de obras e posturas do Implurb, informou que a medida foi imediata. \u201cNesse caso, al\u00e9m de funcionar sem licen\u00e7a, o sucateiro obstru\u00eda a cal\u00e7ada e oferecia risco \u00e0 comunidade. Por isso, lavramos auto de infra\u00e7\u00e3o e aplicamos multa sem necessidade de notifica\u00e7\u00e3o pr\u00e9via\u201d, destacou Galv\u00e3o.<\/p>\n\n\n\n<p>O IMMU autuou o ve\u00edculo da sucata, estacionado em contram\u00e3o, que atrapalhava o tr\u00e1fego e provocava engarrafamentos. A Semulsp retirou os materiais que bloqueavam a passagem de pedestres havia mais de dois anos. Moradores aplaudiram a a\u00e7\u00e3o, relatando acidentes e transtornos anteriores.<\/p>\n\n\n\n<p><strong>Lixeira irregular<\/strong><\/p>\n\n\n\n<p>Outro ponto fiscalizado foi a rua Dom Diego de Souza, no Parque 10, onde havia se formado uma lixeira irregular ao lado de um coletor da Semulsp. O espa\u00e7o passou a receber descarte de m\u00f3veis, eletrodom\u00e9sticos e lixo dom\u00e9stico, em grande parte vindo de um condom\u00ednio vizinho.<\/p>\n\n\n\n<p>Segundo o coordenador da Semulsp, Luiz Paz, depois que a secretaria remover os res\u00edduos, o local ser\u00e1 revitalizado. \u201cVamos desarticular a lixeira irregular formada no local e vamos implantar um jardim, para sensibilizar a comunidade sobre a import\u00e2ncia das boas pr\u00e1ticas ambientais. Al\u00e9m disso, nossas equipes de educa\u00e7\u00e3o ambiental atuar\u00e3o diretamente com os moradores do conjunto e do beco para refor\u00e7ar a conscientiza\u00e7\u00e3o\u201d, finalizou.<\/p>\n\n\n\n<p><strong>&#8212; &#8212; &#8212;<\/strong><\/p>\n\n\n\n<p><strong>Texto &#8211;<\/strong> Dora Tupinamb\u00e1 \/ Semulsp e Taianna Castro \/ Semmas<\/p>\n\n\n\n<p><strong>Fotos &#8211;<\/strong> Divulga\u00e7\u00e3o \/ Semmas e Semulsp<\/p>\n","protected":false},"excerpt":{"rendered":"","protected":false},"author":57,"featured_media":2508,"comment_status":"closed","ping_status":"closed","sticky":false,"template":"","format":"standard","meta":{"footnotes":""},"categories":[157],"tags":[881,409,10,882,19],"acf":[],"yoast_head":"<!-- This site is optimized with the Yoast SEO plugin v23.0 - https:\/\/yoast.com\/wordpress\/plugins\/seo\/ -->\n<title>PMM realiza opera\u00e7\u00e3o \u2018Combate ao Descarte Irregular\u2019<\/title>\n<meta name=\"description\" content=\"A Prefeitura de Manaus realizou nesta sexta-feira, 3\/10, a opera\u00e7\u00e3o \u201cCombate ao Descarte Irregular de Res\u00edduos e Entulhos\u201d.\" \/>\n<meta name=\"robots\" content=\"noindex, follow\" \/>\n<meta property=\"og:locale\" content=\"pt_BR\" \/>\n<meta property=\"og:type\" content=\"article\" \/>\n<meta property=\"og:title\" content=\"PMM realiza opera\u00e7\u00e3o \u2018Combate ao Descarte Irregular\u2019\" \/>\n<meta property=\"og:description\" content=\"A Prefeitura de Manaus realizou nesta sexta-feira, 3\/10, a opera\u00e7\u00e3o \u201cCombate ao Descarte Irregular de Res\u00edduos e Entulhos\u201d.\" \/>\n<meta property=\"og:url\" content=\"https:\/\/www.manaus.am.gov.br\/semulsp\/combate-ao-descarte-irregular\/\" \/>\n<meta property=\"og:site_name\" content=\"SEMULSP\" \/>\n<meta property=\"article:publisher\" content=\"https:\/\/www.facebook.com\/semulspmanaus\" \/>\n<meta property=\"article:published_time\" content=\"2025-10-03T20:04:26+00:00\" \/>\n<meta property=\"article:modified_time\" content=\"2025-10-03T20:04:27+00:00\" \/>\n<meta property=\"og:image\" content=\"https:\/\/www.manaus.am.gov.br\/semulsp\/wp-content\/uploads\/sites\/23\/2025\/10\/Combate-ao-Descarte-Irregular-4.jpeg\" \/>\n\t<meta property=\"og:image:width\" content=\"1280\" \/>\n\t<meta property=\"og:image:height\" content=\"576\" \/>\n\t<meta property=\"og:image:type\" content=\"image\/jpeg\" \/>\n<meta name=\"author\" content=\"Thiago Fernando\" \/>\n<meta name=\"twitter:card\" content=\"summary_large_image\" \/>\n<meta name=\"twitter:label1\" content=\"Written by\" \/>\n\t<meta name=\"twitter:data1\" content=\"Thiago Fernando\" \/>\n\t<meta name=\"twitter:label2\" content=\"Est. reading time\" \/>\n\t<meta name=\"twitter:data2\" content=\"3 minutos\" \/>\n<script type=\"application\/ld+json\" class=\"yoast-schema-graph\">{\"@context\":\"https:\/\/schema.org\",\"@graph\":[{\"@type\":\"Article\",\"@id\":\"https:\/\/www.manaus.am.gov.br\/semulsp\/combate-ao-descarte-irregular\/#article\",\"isPartOf\":{\"@id\":\"https:\/\/www.manaus.am.gov.br\/semulsp\/combate-ao-descarte-irregular\/\"},\"author\":{\"name\":\"Thiago Fernando\",\"@id\":\"https:\/\/www.manaus.am.gov.br\/semulsp\/#\/schema\/person\/a5ee5376db6e21af026374b369f30882\"},\"headline\":\"Prefeitura de Manaus realiza opera\u00e7\u00e3o \u2018Combate ao Descarte Irregular de Res\u00edduos e Entulhos\u2019\",\"datePublished\":\"2025-10-03T20:04:26+00:00\",\"dateModified\":\"2025-10-03T20:04:27+00:00\",\"mainEntityOfPage\":{\"@id\":\"https:\/\/www.manaus.am.gov.br\/semulsp\/combate-ao-descarte-irregular\/\"},\"wordCount\":540,\"publisher\":{\"@id\":\"https:\/\/www.manaus.am.gov.br\/semulsp\/#organization\"},\"image\":{\"@id\":\"https:\/\/www.manaus.am.gov.br\/semulsp\/combate-ao-descarte-irregular\/#primaryimage\"},\"thumbnailUrl\":\"https:\/\/www.manaus.am.gov.br\/semulsp\/wp-content\/uploads\/sites\/23\/2025\/10\/Combate-ao-Descarte-Irregular-4.jpeg\",\"keywords\":[\"Combate ao Descarte Irregular\",\"opera\u00e7\u00e3o\",\"prefeitura de manaus\",\"semmas\",\"semulsp\"],\"articleSection\":[\"Opera\u00e7\u00e3o\"],\"inLanguage\":\"pt-BR\"},{\"@type\":\"WebPage\",\"@id\":\"https:\/\/www.manaus.am.gov.br\/semulsp\/combate-ao-descarte-irregular\/\",\"url\":\"https:\/\/www.manaus.am.gov.br\/semulsp\/combate-ao-descarte-irregular\/\",\"name\":\"PMM realiza opera\u00e7\u00e3o \u2018Combate ao Descarte Irregular\u2019\",\"isPartOf\":{\"@id\":\"https:\/\/www.manaus.am.gov.br\/semulsp\/#website\"},\"primaryImageOfPage\":{\"@id\":\"https:\/\/www.manaus.am.gov.br\/semulsp\/combate-ao-descarte-irregular\/#primaryimage\"},\"image\":{\"@id\":\"https:\/\/www.manaus.am.gov.br\/semulsp\/combate-ao-descarte-irregular\/#primaryimage\"},\"thumbnailUrl\":\"https:\/\/www.manaus.am.gov.br\/semulsp\/wp-content\/uploads\/sites\/23\/2025\/10\/Combate-ao-Descarte-Irregular-4.jpeg\",\"datePublished\":\"2025-10-03T20:04:26+00:00\",\"dateModified\":\"2025-10-03T20:04:27+00:00\",\"description\":\"A Prefeitura de Manaus realizou nesta sexta-feira, 3\/10, a opera\u00e7\u00e3o \u201cCombate ao Descarte Irregular de Res\u00edduos e Entulhos\u201d.\",\"breadcrumb\":{\"@id\":\"https:\/\/www.manaus.am.gov.br\/semulsp\/combate-ao-descarte-irregular\/#breadcrumb\"},\"inLanguage\":\"pt-BR\",\"potentialAction\":[{\"@type\":\"ReadAction\",\"target\":[\"https:\/\/www.manaus.am.gov.br\/semulsp\/combate-ao-descarte-irregular\/\"]}]},{\"@type\":\"ImageObject\",\"inLanguage\":\"pt-BR\",\"@id\":\"https:\/\/www.manaus.am.gov.br\/semulsp\/combate-ao-descarte-irregular\/#primaryimage\",\"url\":\"https:\/\/www.manaus.am.gov.br\/semulsp\/wp-content\/uploads\/sites\/23\/2025\/10\/Combate-ao-Descarte-Irregular-4.jpeg\",\"contentUrl\":\"https:\/\/www.manaus.am.gov.br\/semulsp\/wp-content\/uploads\/sites\/23\/2025\/10\/Combate-ao-Descarte-Irregular-4.jpeg\",\"width\":1280,\"height\":576,\"caption\":\"#paratodosverem - Fiscais da prefeitura realizam opera\u00e7\u00e3o\"},{\"@type\":\"BreadcrumbList\",\"@id\":\"https:\/\/www.manaus.am.gov.br\/semulsp\/combate-ao-descarte-irregular\/#breadcrumb\",\"itemListElement\":[{\"@type\":\"ListItem\",\"position\":1,\"name\":\"Home\",\"item\":\"https:\/\/www.manaus.am.gov.br\/semulsp\/\"},{\"@type\":\"ListItem\",\"position\":2,\"name\":\"Prefeitura de Manaus realiza opera\u00e7\u00e3o \u2018Combate ao Descarte Irregular de Res\u00edduos e Entulhos\u2019\"}]},{\"@type\":\"WebSite\",\"@id\":\"https:\/\/www.manaus.am.gov.br\/semulsp\/#website\",\"url\":\"https:\/\/www.manaus.am.gov.br\/semulsp\/\",\"name\":\"SEMULSP\",\"description\":\"Prefeitura de Manaus\",\"publisher\":{\"@id\":\"https:\/\/www.manaus.am.gov.br\/semulsp\/#organization\"},\"alternateName\":\"Secretaria Municipal de Limpeza P\u00fablica\",\"potentialAction\":[{\"@type\":\"SearchAction\",\"target\":{\"@type\":\"EntryPoint\",\"urlTemplate\":\"https:\/\/www.manaus.am.gov.br\/semulsp\/?s={search_term_string}\"},\"query-input\":\"required name=search_term_string\"}],\"inLanguage\":\"pt-BR\"},{\"@type\":\"Organization\",\"@id\":\"https:\/\/www.manaus.am.gov.br\/semulsp\/#organization\",\"name\":\"SEMULSP\",\"alternateName\":\"Secretaria Municipal de Limpeza P\u00fablica\",\"url\":\"https:\/\/www.manaus.am.gov.br\/semulsp\/\",\"logo\":{\"@type\":\"ImageObject\",\"inLanguage\":\"pt-BR\",\"@id\":\"https:\/\/www.manaus.am.gov.br\/semulsp\/#\/schema\/logo\/image\/\",\"url\":\"https:\/\/www.manaus.am.gov.br\/semulsp\/wp-content\/uploads\/sites\/23\/2023\/05\/cropped-favicon.png\",\"contentUrl\":\"https:\/\/www.manaus.am.gov.br\/semulsp\/wp-content\/uploads\/sites\/23\/2023\/05\/cropped-favicon.png\",\"width\":512,\"height\":512,\"caption\":\"SEMULSP\"},\"image\":{\"@id\":\"https:\/\/www.manaus.am.gov.br\/semulsp\/#\/schema\/logo\/image\/\"},\"sameAs\":[\"https:\/\/www.facebook.com\/semulspmanaus\",\"https:\/\/www.instagram.com\/semulspmanaus\/\"]},{\"@type\":\"Person\",\"@id\":\"https:\/\/www.manaus.am.gov.br\/semulsp\/#\/schema\/person\/a5ee5376db6e21af026374b369f30882\",\"name\":\"Thiago Fernando\",\"image\":{\"@type\":\"ImageObject\",\"inLanguage\":\"pt-BR\",\"@id\":\"https:\/\/www.manaus.am.gov.br\/semulsp\/#\/schema\/person\/image\/\",\"url\":\"https:\/\/secure.gravatar.com\/avatar\/f5aab8722444041451501c077052ac07?s=96&d=mm&r=g\",\"contentUrl\":\"https:\/\/secure.gravatar.com\/avatar\/f5aab8722444041451501c077052ac07?s=96&d=mm&r=g\",\"caption\":\"Thiago Fernando\"}}]}<\/script>\n<!-- \/ Yoast SEO plugin. -->","yoast_head_json":{"title":"PMM realiza opera\u00e7\u00e3o \u2018Combate ao Descarte Irregular\u2019","description":"A Prefeitura de Manaus realizou nesta sexta-feira, 3\/10, a opera\u00e7\u00e3o \u201cCombate ao Descarte Irregular de Res\u00edduos e Entulhos\u201d.","robots":{"index":"noindex","follow":"follow"},"og_locale":"pt_BR","og_type":"article","og_title":"PMM realiza opera\u00e7\u00e3o \u2018Combate ao Descarte Irregular\u2019","og_description":"A Prefeitura de Manaus realizou nesta sexta-feira, 3\/10, a opera\u00e7\u00e3o \u201cCombate ao Descarte Irregular de Res\u00edduos e Entulhos\u201d.","og_url":"https:\/\/www.manaus.am.gov.br\/semulsp\/combate-ao-descarte-irregular\/","og_site_name":"SEMULSP","article_publisher":"https:\/\/www.facebook.com\/semulspmanaus","article_published_time":"2025-10-03T20:04:26+00:00","article_modified_time":"2025-10-03T20:04:27+00:00","og_image":[{"width":1280,"height":576,"url":"https:\/\/www.manaus.am.gov.br\/semulsp\/wp-content\/uploads\/sites\/23\/2025\/10\/Combate-ao-Descarte-Irregular-4.jpeg","type":"image\/jpeg"}],"author":"Thiago Fernando","twitter_card":"summary_large_image","twitter_misc":{"Written by":"Thiago Fernando","Est. reading time":"3 minutos"},"schema":{"@context":"https:\/\/schema.org","@graph":[{"@type":"Article","@id":"https:\/\/www.manaus.am.gov.br\/semulsp\/combate-ao-descarte-irregular\/#article","isPartOf":{"@id":"https:\/\/www.manaus.am.gov.br\/semulsp\/combate-ao-descarte-irregular\/"},"author":{"name":"Thiago Fernando","@id":"https:\/\/www.manaus.am.gov.br\/semulsp\/#\/schema\/person\/a5ee5376db6e21af026374b369f30882"},"headline":"Prefeitura de Manaus realiza opera\u00e7\u00e3o \u2018Combate ao Descarte Irregular de Res\u00edduos e Entulhos\u2019","datePublished":"2025-10-03T20:04:26+00:00","dateModified":"2025-10-03T20:04:27+00:00","mainEntityOfPage":{"@id":"https:\/\/www.manaus.am.gov.br\/semulsp\/combate-ao-descarte-irregular\/"},"wordCount":540,"publisher":{"@id":"https:\/\/www.manaus.am.gov.br\/semulsp\/#organization"},"image":{"@id":"https:\/\/www.manaus.am.gov.br\/semulsp\/combate-ao-descarte-irregular\/#primaryimage"},"thumbnailUrl":"https:\/\/www.manaus.am.gov.br\/semulsp\/wp-content\/uploads\/sites\/23\/2025\/10\/Combate-ao-Descarte-Irregular-4.jpeg","keywords":["Combate ao Descarte Irregular","opera\u00e7\u00e3o","prefeitura de manaus","semmas","semulsp"],"articleSection":["Opera\u00e7\u00e3o"],"inLanguage":"pt-BR"},{"@type":"WebPage","@id":"https:\/\/www.manaus.am.gov.br\/semulsp\/combate-ao-descarte-irregular\/","url":"https:\/\/www.manaus.am.gov.br\/semulsp\/combate-ao-descarte-irregular\/","name":"PMM realiza opera\u00e7\u00e3o \u2018Combate ao Descarte Irregular\u2019","isPartOf":{"@id":"https:\/\/www.manaus.am.gov.br\/semulsp\/#website"},"primaryImageOfPage":{"@id":"https:\/\/www.manaus.am.gov.br\/semulsp\/combate-ao-descarte-irregular\/#primaryimage"},"image":{"@id":"https:\/\/www.manaus.am.gov.br\/semulsp\/combate-ao-descarte-irregular\/#primaryimage"},"thumbnailUrl":"https:\/\/www.manaus.am.gov.br\/semulsp\/wp-content\/uploads\/sites\/23\/2025\/10\/Combate-ao-Descarte-Irregular-4.jpeg","datePublished":"2025-10-03T20:04:26+00:00","dateModified":"2025-10-03T20:04:27+00:00","description":"A Prefeitura de Manaus realizou nesta sexta-feira, 3\/10, a opera\u00e7\u00e3o \u201cCombate ao Descarte Irregular de Res\u00edduos e Entulhos\u201d.","breadcrumb":{"@id":"https:\/\/www.manaus.am.gov.br\/semulsp\/combate-ao-descarte-irregular\/#breadcrumb"},"inLanguage":"pt-BR","potentialAction":[{"@type":"ReadAction","target":["https:\/\/www.manaus.am.gov.br\/semulsp\/combate-ao-descarte-irregular\/"]}]},{"@type":"ImageObject","inLanguage":"pt-BR","@id":"https:\/\/www.manaus.am.gov.br\/semulsp\/combate-ao-descarte-irregular\/#primaryimage","url":"https:\/\/www.manaus.am.gov.br\/semulsp\/wp-content\/uploads\/sites\/23\/2025\/10\/Combate-ao-Descarte-Irregular-4.jpeg","contentUrl":"https:\/\/www.manaus.am.gov.br\/semulsp\/wp-content\/uploads\/sites\/23\/2025\/10\/Combate-ao-Descarte-Irregular-4.jpeg","width":1280,"height":576,"caption":"#paratodosverem - Fiscais da prefeitura realizam opera\u00e7\u00e3o"},{"@type":"BreadcrumbList","@id":"https:\/\/www.manaus.am.gov.br\/semulsp\/combate-ao-descarte-irregular\/#breadcrumb","itemListElement":[{"@type":"ListItem","position":1,"name":"Home","item":"https:\/\/www.manaus.am.gov.br\/semulsp\/"},{"@type":"ListItem","position":2,"name":"Prefeitura de Manaus realiza opera\u00e7\u00e3o \u2018Combate ao Descarte Irregular de Res\u00edduos e Entulhos\u2019"}]},{"@type":"WebSite","@id":"https:\/\/www.manaus.am.gov.br\/semulsp\/#website","url":"https:\/\/www.manaus.am.gov.br\/semulsp\/","name":"SEMULSP","description":"Prefeitura de Manaus","publisher":{"@id":"https:\/\/www.manaus.am.gov.br\/semulsp\/#organization"},"alternateName":"Secretaria Municipal de Limpeza P\u00fablica","potentialAction":[{"@type":"SearchAction","target":{"@type":"EntryPoint","urlTemplate":"https:\/\/www.manaus.am.gov.br\/semulsp\/?s={search_term_string}"},"query-input":"required name=search_term_string"}],"inLanguage":"pt-BR"},{"@type":"Organization","@id":"https:\/\/www.manaus.am.gov.br\/semulsp\/#organization","name":"SEMULSP","alternateName":"Secretaria Municipal de Limpeza P\u00fablica","url":"https:\/\/www.manaus.am.gov.br\/semulsp\/","logo":{"@type":"ImageObject","inLanguage":"pt-BR","@id":"https:\/\/www.manaus.am.gov.br\/semulsp\/#\/schema\/logo\/image\/","url":"https:\/\/www.manaus.am.gov.br\/semulsp\/wp-content\/uploads\/sites\/23\/2023\/05\/cropped-favicon.png","contentUrl":"https:\/\/www.manaus.am.gov.br\/semulsp\/wp-content\/uploads\/sites\/23\/2023\/05\/cropped-favicon.png","width":512,"height":512,"caption":"SEMULSP"},"image":{"@id":"https:\/\/www.manaus.am.gov.br\/semulsp\/#\/schema\/logo\/image\/"},"sameAs":["https:\/\/www.facebook.com\/semulspmanaus","https:\/\/www.instagram.com\/semulspmanaus\/"]},{"@type":"Person","@id":"https:\/\/www.manaus.am.gov.br\/semulsp\/#\/schema\/person\/a5ee5376db6e21af026374b369f30882","name":"Thiago Fernando","image":{"@type":"ImageObject","inLanguage":"pt-BR","@id":"https:\/\/www.manaus.am.gov.br\/semulsp\/#\/schema\/person\/image\/","url":"https:\/\/secure.gravatar.com\/avatar\/f5aab8722444041451501c077052ac07?s=96&d=mm&r=g","contentUrl":"https:\/\/secure.gravatar.com\/avatar\/f5aab8722444041451501c077052ac07?s=96&d=mm&r=g","caption":"Thiago Fernando"}}]}},"_links":{"self":[{"href":"https:\/\/www.manaus.am.gov.br\/semulsp\/wp-json\/wp\/v2\/posts\/2507"}],"collection":[{"href":"https:\/\/www.manaus.am.gov.br\/semulsp\/wp-json\/wp\/v2\/posts"}],"about":[{"href":"https:\/\/www.manaus.am.gov.br\/semulsp\/wp-json\/wp\/v2\/types\/post"}],"author":[{"embeddable":true,"href":"https:\/\/www.manaus.am.gov.br\/semulsp\/wp-json\/wp\/v2\/users\/57"}],"replies":[{"embeddable":true,"href":"https:\/\/www.manaus.am.gov.br\/semulsp\/wp-json\/wp\/v2\/comments?post=2507"}],"version-history":[{"count":0,"href":"https:\/\/www.manaus.am.gov.br\/semulsp\/wp-json\/wp\/v2\/posts\/2507\/revisions"}],"wp:featuredmedia":[{"embeddable":true,"href":"https:\/\/www.manaus.am.gov.br\/semulsp\/wp-json\/wp\/v2\/media\/2508"}],"wp:attachment":[{"href":"https:\/\/www.manaus.am.gov.br\/semulsp\/wp-json\/wp\/v2\/media?parent=2507"}],"wp:term":[{"taxonomy":"category","embeddable":true,"href":"https:\/\/www.manaus.am.gov.br\/semulsp\/wp-json\/wp\/v2\/categories?post=2507"},{"taxonomy":"post_tag","embeddable":true,"href":"https:\/\/www.manaus.am.gov.br\/semulsp\/wp-json\/wp\/v2\/tags?post=2507"}],"curies":[{"name":"wp","href":"https:\/\/api.w.org\/{rel}","templated":true}]}}