{"id":2482,"date":"2025-09-18T14:12:37","date_gmt":"2025-09-18T18:12:37","guid":{"rendered":"https:\/\/www.manaus.am.gov.br\/semulsp\/prefeitura-semulsp-jardins\/"},"modified":"2025-09-18T14:12:39","modified_gmt":"2025-09-18T18:12:39","slug":"prefeitura-semulsp-jardins","status":"publish","type":"post","link":"https:\/\/www.manaus.am.gov.br\/semulsp\/prefeitura-semulsp-jardins\/","title":{"rendered":"Prefeitura de Manaus transforma antigos pontos de descarte irregular em jardins urbanos"},"content":{"rendered":"\n<p>A Prefeitura de Manaus tem mudado a paisagem e o comportamento da cidade ao transformar antigos pontos de descarte irregular em jardins urbanos coloridos e sustent\u00e1veis. A a\u00e7\u00e3o faz parte das estrat\u00e9gias de educa\u00e7\u00e3o ambiental da Secretaria Municipal de Limpeza Urbana (Semulsp), e utiliza&nbsp;materiais reaproveit\u00e1veis , como pneus descartados irregularmente, para revitalizar \u00e1reas antes degradadas e promover uma nova cultura de cuidado com os espa\u00e7os p\u00fablicos.<\/p>\n\n\n\n<p>Locais que por anos foram marcados por entulho e lixo acumulado, como as ruas Bem Bom (Col\u00f4nia Terra Nova 2), Oscar Borel (Compensa), Vanda Maria (Santa Etelvina), Suriname (Planalto), Barreirinha (S\u00e3o Jos\u00e9), Har\u00e9m (Piorini), Duque de Caxias (Pra\u00e7a 14), rua 8 (Vila Marinho) e Hidra (Santo Agostinho), avenida Dom Pedro (Alvorada), hoje, abrigam canteiros floridos, pneus pintados, plantas ornamentais e placas educativas, criados pelas equipes da Semulsp Ambiental, com o apoio dos pr\u00f3prios moradores.<\/p>\n\n\n\n<p>\u201cAntes, era s\u00f3 lixo, mau cheiro e risco de doen\u00e7as. Hoje, \u00e9 o lugar mais bonito da rua\u201d, disse a comerciante Maria das Gra\u00e7as Oliveira, 54 anos, moradora da Oscar Borel, no bairro Compensa.<\/p>\n\n\n\n<p>Para o estudante Lucas Nascimento, 17, do bairro Planalto, o novo jardim, na rua Suriname, mudou a rotina do bairro. \u201cAgora, todo mundo respeita o espa\u00e7o. Ningu\u00e9m joga mais lixo aqui. Ficou lindo\u201d, avaliou.<\/p>\n\n\n\n<p>J\u00e1 o aposentado Jos\u00e9 Raimundo Silva, 76, da rua Vanda Maria, em Santa Etelvina, afirma que a mudan\u00e7a trouxe qualidade de vida. \u201cEra rato, mosquito e sujeira. Com o trabalho, s\u00e3o flores, borboletas e crian\u00e7as brincando. A rua renasceu\u201d, comentou.<\/p>\n\n\n\n<p>Para o secret\u00e1rio da Semulsp, Sab\u00e1 Reis, o trabalho vai al\u00e9m do paisagismo. \u201cN\u00e3o estamos apenas recolhendo lixo, estamos mudando mentalidades. Esses jardins s\u00e3o s\u00edmbolos de cuidado e pertencimento, mostrando que a cidade fica mais bonita e saud\u00e1vel quando cada um faz a sua parte\u201d, ressaltou.<\/p>\n\n\n\n<p>Sab\u00e1 destaca que novos pontos j\u00e1 est\u00e3o sendo mapeados para receber a mesma interven\u00e7\u00e3o, integrando as a\u00e7\u00f5es permanentes de educa\u00e7\u00e3o ambiental e combate ao descarte irregular.<\/p>\n\n\n\n<p><strong>Educa\u00e7\u00e3o ambiental<\/strong><\/p>\n\n\n\n<p>O coordenador da Semulsp Ambiental, Luiz Paz, destaca que o objetivo \u00e9 aliar est\u00e9tica e conscientiza\u00e7\u00e3o.&nbsp; \u201cEsses jardins mostram que o lixo, quando descartado de forma errada, prejudica a cidade, mas, quando tratado com responsabilidade, pode ser transformado em beleza e vida. A comunidade passa a cuidar do espa\u00e7o e a mudan\u00e7a se torna permanente\u201d, destacou.<\/p>\n\n\n\n<p>As estruturas dos jardins s\u00e3o feitas com pneus recolhidos de forma irregular e&nbsp;materiais reaproveit\u00e1veis , evitando criadouros do mosquito da dengue e reduzindo o volume enviado aos aterros.<\/p>\n\n\n\n<p>Al\u00e9m de revitalizar \u00e1reas degradadas, a iniciativa da Semulsp reduz a reincid\u00eancia de pontos viciados de lixo, melhora a paisagem urbana e fortalece os la\u00e7os entre o poder p\u00fablico e a comunidade. Moradores passam a atuar como guardi\u00f5es dos espa\u00e7os, impedindo novos descartes e garantindo a preserva\u00e7\u00e3o do ambiente transformado.<\/p>\n\n\n\n<p>&#8212; &#8212; &#8212;<\/p>\n\n\n\n<p><strong>Texto<\/strong>&nbsp;&#8211; Dora Tupinamb\u00e1\/Semulsp<\/p>\n\n\n\n<p><strong>Fotos<\/strong>&nbsp;&#8211; Divulga\u00e7\u00e3o\/Semulsp<\/p>\n","protected":false},"excerpt":{"rendered":"","protected":false},"author":23,"featured_media":2483,"comment_status":"closed","ping_status":"closed","sticky":false,"template":"","format":"standard","meta":{"footnotes":""},"categories":[40],"tags":[695,868,103,10,19],"acf":[],"yoast_head":"<!-- This site is optimized with the Yoast SEO plugin v23.0 - https:\/\/yoast.com\/wordpress\/plugins\/seo\/ -->\n<title>Prefeitura de Manaus transforma antigos pontos de descarte irregular em jardins urbanos<\/title>\n<meta name=\"description\" content=\"A Prefeitura de Manaus tem mudado a paisagem e o comportamento da cidade ao transformar antigos pontos de descarte irregular em jardins urbanos coloridos e sustent\u00e1veis. A a\u00e7\u00e3o faz parte das estrat\u00e9gias de educa\u00e7\u00e3o ambiental da Secretaria Municipal de Limpeza Urbana (Semulsp), e utiliza materiais reaproveit\u00e1veis , como pneus descartados irregularmente, para revitalizar \u00e1reas antes degradadas e promover uma nova cultura de cuidado com os espa\u00e7os p\u00fablicos.\" \/>\n<meta name=\"robots\" content=\"noindex, follow\" \/>\n<meta property=\"og:locale\" content=\"pt_BR\" \/>\n<meta property=\"og:type\" content=\"article\" \/>\n<meta property=\"og:title\" content=\"Prefeitura de Manaus transforma antigos pontos de descarte irregular em jardins urbanos\" \/>\n<meta property=\"og:description\" content=\"A Prefeitura de Manaus tem mudado a paisagem e o comportamento da cidade ao transformar antigos pontos de descarte irregular em jardins urbanos coloridos e sustent\u00e1veis. A a\u00e7\u00e3o faz parte das estrat\u00e9gias de educa\u00e7\u00e3o ambiental da Secretaria Municipal de Limpeza Urbana (Semulsp), e utiliza materiais reaproveit\u00e1veis , como pneus descartados irregularmente, para revitalizar \u00e1reas antes degradadas e promover uma nova cultura de cuidado com os espa\u00e7os p\u00fablicos.\" \/>\n<meta property=\"og:url\" content=\"https:\/\/www.manaus.am.gov.br\/semulsp\/prefeitura-semulsp-jardins\/\" \/>\n<meta property=\"og:site_name\" content=\"SEMULSP\" \/>\n<meta property=\"article:publisher\" content=\"https:\/\/www.facebook.com\/semulspmanaus\" \/>\n<meta property=\"article:published_time\" content=\"2025-09-18T18:12:37+00:00\" \/>\n<meta property=\"article:modified_time\" content=\"2025-09-18T18:12:39+00:00\" \/>\n<meta property=\"og:image\" content=\"https:\/\/www.manaus.am.gov.br\/semulsp\/wp-content\/uploads\/sites\/23\/2025\/09\/WhatsApp-Image-2025-09-18-at-08.47.57.jpeg\" \/>\n\t<meta property=\"og:image:width\" content=\"1600\" \/>\n\t<meta property=\"og:image:height\" content=\"1200\" \/>\n\t<meta property=\"og:image:type\" content=\"image\/jpeg\" \/>\n<meta name=\"author\" content=\"Adriana Costa\" \/>\n<meta name=\"twitter:card\" content=\"summary_large_image\" \/>\n<meta name=\"twitter:label1\" content=\"Written by\" \/>\n\t<meta name=\"twitter:data1\" content=\"Adriana Costa\" \/>\n\t<meta name=\"twitter:label2\" content=\"Est. reading time\" \/>\n\t<meta name=\"twitter:data2\" content=\"3 minutos\" \/>\n<script type=\"application\/ld+json\" class=\"yoast-schema-graph\">{\"@context\":\"https:\/\/schema.org\",\"@graph\":[{\"@type\":\"Article\",\"@id\":\"https:\/\/www.manaus.am.gov.br\/semulsp\/prefeitura-semulsp-jardins\/#article\",\"isPartOf\":{\"@id\":\"https:\/\/www.manaus.am.gov.br\/semulsp\/prefeitura-semulsp-jardins\/\"},\"author\":{\"name\":\"Adriana Costa\",\"@id\":\"https:\/\/www.manaus.am.gov.br\/semulsp\/#\/schema\/person\/4e49f4e267757a06ca072ec61b2b9968\"},\"headline\":\"Prefeitura de Manaus transforma antigos pontos de descarte irregular em jardins urbanos\",\"datePublished\":\"2025-09-18T18:12:37+00:00\",\"dateModified\":\"2025-09-18T18:12:39+00:00\",\"mainEntityOfPage\":{\"@id\":\"https:\/\/www.manaus.am.gov.br\/semulsp\/prefeitura-semulsp-jardins\/\"},\"wordCount\":521,\"publisher\":{\"@id\":\"https:\/\/www.manaus.am.gov.br\/semulsp\/#organization\"},\"image\":{\"@id\":\"https:\/\/www.manaus.am.gov.br\/semulsp\/prefeitura-semulsp-jardins\/#primaryimage\"},\"thumbnailUrl\":\"https:\/\/www.manaus.am.gov.br\/semulsp\/wp-content\/uploads\/sites\/23\/2025\/09\/WhatsApp-Image-2025-09-18-at-08.47.57.jpeg\",\"keywords\":[\"Descarte Irregular\",\"jardins urbanos\",\"limpeza\",\"prefeitura de manaus\",\"semulsp\"],\"articleSection\":[\"Revitaliza\u00e7\u00e3o\"],\"inLanguage\":\"pt-BR\"},{\"@type\":\"WebPage\",\"@id\":\"https:\/\/www.manaus.am.gov.br\/semulsp\/prefeitura-semulsp-jardins\/\",\"url\":\"https:\/\/www.manaus.am.gov.br\/semulsp\/prefeitura-semulsp-jardins\/\",\"name\":\"Prefeitura de Manaus transforma antigos pontos de descarte irregular em jardins urbanos\",\"isPartOf\":{\"@id\":\"https:\/\/www.manaus.am.gov.br\/semulsp\/#website\"},\"primaryImageOfPage\":{\"@id\":\"https:\/\/www.manaus.am.gov.br\/semulsp\/prefeitura-semulsp-jardins\/#primaryimage\"},\"image\":{\"@id\":\"https:\/\/www.manaus.am.gov.br\/semulsp\/prefeitura-semulsp-jardins\/#primaryimage\"},\"thumbnailUrl\":\"https:\/\/www.manaus.am.gov.br\/semulsp\/wp-content\/uploads\/sites\/23\/2025\/09\/WhatsApp-Image-2025-09-18-at-08.47.57.jpeg\",\"datePublished\":\"2025-09-18T18:12:37+00:00\",\"dateModified\":\"2025-09-18T18:12:39+00:00\",\"description\":\"A Prefeitura de Manaus tem mudado a paisagem e o comportamento da cidade ao transformar antigos pontos de descarte irregular em jardins urbanos coloridos e sustent\u00e1veis. A a\u00e7\u00e3o faz parte das estrat\u00e9gias de educa\u00e7\u00e3o ambiental da Secretaria Municipal de Limpeza Urbana (Semulsp), e utiliza materiais reaproveit\u00e1veis , como pneus descartados irregularmente, para revitalizar \u00e1reas antes degradadas e promover uma nova cultura de cuidado com os espa\u00e7os p\u00fablicos.\",\"breadcrumb\":{\"@id\":\"https:\/\/www.manaus.am.gov.br\/semulsp\/prefeitura-semulsp-jardins\/#breadcrumb\"},\"inLanguage\":\"pt-BR\",\"potentialAction\":[{\"@type\":\"ReadAction\",\"target\":[\"https:\/\/www.manaus.am.gov.br\/semulsp\/prefeitura-semulsp-jardins\/\"]}]},{\"@type\":\"ImageObject\",\"inLanguage\":\"pt-BR\",\"@id\":\"https:\/\/www.manaus.am.gov.br\/semulsp\/prefeitura-semulsp-jardins\/#primaryimage\",\"url\":\"https:\/\/www.manaus.am.gov.br\/semulsp\/wp-content\/uploads\/sites\/23\/2025\/09\/WhatsApp-Image-2025-09-18-at-08.47.57.jpeg\",\"contentUrl\":\"https:\/\/www.manaus.am.gov.br\/semulsp\/wp-content\/uploads\/sites\/23\/2025\/09\/WhatsApp-Image-2025-09-18-at-08.47.57.jpeg\",\"width\":1600,\"height\":1200,\"caption\":\"#paratodosverem - Jardim colorido, a partir de pneus reutilizados; pintura na cal\u00e7ada com frase \\\"proibido jogar lixo\\\"\"},{\"@type\":\"BreadcrumbList\",\"@id\":\"https:\/\/www.manaus.am.gov.br\/semulsp\/prefeitura-semulsp-jardins\/#breadcrumb\",\"itemListElement\":[{\"@type\":\"ListItem\",\"position\":1,\"name\":\"Home\",\"item\":\"https:\/\/www.manaus.am.gov.br\/semulsp\/\"},{\"@type\":\"ListItem\",\"position\":2,\"name\":\"Prefeitura de Manaus transforma antigos pontos de descarte irregular em jardins urbanos\"}]},{\"@type\":\"WebSite\",\"@id\":\"https:\/\/www.manaus.am.gov.br\/semulsp\/#website\",\"url\":\"https:\/\/www.manaus.am.gov.br\/semulsp\/\",\"name\":\"SEMULSP\",\"description\":\"Prefeitura de Manaus\",\"publisher\":{\"@id\":\"https:\/\/www.manaus.am.gov.br\/semulsp\/#organization\"},\"alternateName\":\"Secretaria Municipal de Limpeza P\u00fablica\",\"potentialAction\":[{\"@type\":\"SearchAction\",\"target\":{\"@type\":\"EntryPoint\",\"urlTemplate\":\"https:\/\/www.manaus.am.gov.br\/semulsp\/?s={search_term_string}\"},\"query-input\":\"required name=search_term_string\"}],\"inLanguage\":\"pt-BR\"},{\"@type\":\"Organization\",\"@id\":\"https:\/\/www.manaus.am.gov.br\/semulsp\/#organization\",\"name\":\"SEMULSP\",\"alternateName\":\"Secretaria Municipal de Limpeza P\u00fablica\",\"url\":\"https:\/\/www.manaus.am.gov.br\/semulsp\/\",\"logo\":{\"@type\":\"ImageObject\",\"inLanguage\":\"pt-BR\",\"@id\":\"https:\/\/www.manaus.am.gov.br\/semulsp\/#\/schema\/logo\/image\/\",\"url\":\"https:\/\/www.manaus.am.gov.br\/semulsp\/wp-content\/uploads\/sites\/23\/2023\/05\/cropped-favicon.png\",\"contentUrl\":\"https:\/\/www.manaus.am.gov.br\/semulsp\/wp-content\/uploads\/sites\/23\/2023\/05\/cropped-favicon.png\",\"width\":512,\"height\":512,\"caption\":\"SEMULSP\"},\"image\":{\"@id\":\"https:\/\/www.manaus.am.gov.br\/semulsp\/#\/schema\/logo\/image\/\"},\"sameAs\":[\"https:\/\/www.facebook.com\/semulspmanaus\",\"https:\/\/www.instagram.com\/semulspmanaus\/\"]},{\"@type\":\"Person\",\"@id\":\"https:\/\/www.manaus.am.gov.br\/semulsp\/#\/schema\/person\/4e49f4e267757a06ca072ec61b2b9968\",\"name\":\"Adriana Costa\",\"image\":{\"@type\":\"ImageObject\",\"inLanguage\":\"pt-BR\",\"@id\":\"https:\/\/www.manaus.am.gov.br\/semulsp\/#\/schema\/person\/image\/\",\"url\":\"https:\/\/secure.gravatar.com\/avatar\/576258617ef7194f718179e766d57bd4?s=96&d=mm&r=g\",\"contentUrl\":\"https:\/\/secure.gravatar.com\/avatar\/576258617ef7194f718179e766d57bd4?s=96&d=mm&r=g\",\"caption\":\"Adriana Costa\"}}]}<\/script>\n<!-- \/ Yoast SEO plugin. -->","yoast_head_json":{"title":"Prefeitura de Manaus transforma antigos pontos de descarte irregular em jardins urbanos","description":"A Prefeitura de Manaus tem mudado a paisagem e o comportamento da cidade ao transformar antigos pontos de descarte irregular em jardins urbanos coloridos e sustent\u00e1veis. A a\u00e7\u00e3o faz parte das estrat\u00e9gias de educa\u00e7\u00e3o ambiental da Secretaria Municipal de Limpeza Urbana (Semulsp), e utiliza materiais reaproveit\u00e1veis , como pneus descartados irregularmente, para revitalizar \u00e1reas antes degradadas e promover uma nova cultura de cuidado com os espa\u00e7os p\u00fablicos.","robots":{"index":"noindex","follow":"follow"},"og_locale":"pt_BR","og_type":"article","og_title":"Prefeitura de Manaus transforma antigos pontos de descarte irregular em jardins urbanos","og_description":"A Prefeitura de Manaus tem mudado a paisagem e o comportamento da cidade ao transformar antigos pontos de descarte irregular em jardins urbanos coloridos e sustent\u00e1veis. A a\u00e7\u00e3o faz parte das estrat\u00e9gias de educa\u00e7\u00e3o ambiental da Secretaria Municipal de Limpeza Urbana (Semulsp), e utiliza materiais reaproveit\u00e1veis , como pneus descartados irregularmente, para revitalizar \u00e1reas antes degradadas e promover uma nova cultura de cuidado com os espa\u00e7os p\u00fablicos.","og_url":"https:\/\/www.manaus.am.gov.br\/semulsp\/prefeitura-semulsp-jardins\/","og_site_name":"SEMULSP","article_publisher":"https:\/\/www.facebook.com\/semulspmanaus","article_published_time":"2025-09-18T18:12:37+00:00","article_modified_time":"2025-09-18T18:12:39+00:00","og_image":[{"width":1600,"height":1200,"url":"https:\/\/www.manaus.am.gov.br\/semulsp\/wp-content\/uploads\/sites\/23\/2025\/09\/WhatsApp-Image-2025-09-18-at-08.47.57.jpeg","type":"image\/jpeg"}],"author":"Adriana Costa","twitter_card":"summary_large_image","twitter_misc":{"Written by":"Adriana Costa","Est. reading time":"3 minutos"},"schema":{"@context":"https:\/\/schema.org","@graph":[{"@type":"Article","@id":"https:\/\/www.manaus.am.gov.br\/semulsp\/prefeitura-semulsp-jardins\/#article","isPartOf":{"@id":"https:\/\/www.manaus.am.gov.br\/semulsp\/prefeitura-semulsp-jardins\/"},"author":{"name":"Adriana Costa","@id":"https:\/\/www.manaus.am.gov.br\/semulsp\/#\/schema\/person\/4e49f4e267757a06ca072ec61b2b9968"},"headline":"Prefeitura de Manaus transforma antigos pontos de descarte irregular em jardins urbanos","datePublished":"2025-09-18T18:12:37+00:00","dateModified":"2025-09-18T18:12:39+00:00","mainEntityOfPage":{"@id":"https:\/\/www.manaus.am.gov.br\/semulsp\/prefeitura-semulsp-jardins\/"},"wordCount":521,"publisher":{"@id":"https:\/\/www.manaus.am.gov.br\/semulsp\/#organization"},"image":{"@id":"https:\/\/www.manaus.am.gov.br\/semulsp\/prefeitura-semulsp-jardins\/#primaryimage"},"thumbnailUrl":"https:\/\/www.manaus.am.gov.br\/semulsp\/wp-content\/uploads\/sites\/23\/2025\/09\/WhatsApp-Image-2025-09-18-at-08.47.57.jpeg","keywords":["Descarte Irregular","jardins urbanos","limpeza","prefeitura de manaus","semulsp"],"articleSection":["Revitaliza\u00e7\u00e3o"],"inLanguage":"pt-BR"},{"@type":"WebPage","@id":"https:\/\/www.manaus.am.gov.br\/semulsp\/prefeitura-semulsp-jardins\/","url":"https:\/\/www.manaus.am.gov.br\/semulsp\/prefeitura-semulsp-jardins\/","name":"Prefeitura de Manaus transforma antigos pontos de descarte irregular em jardins urbanos","isPartOf":{"@id":"https:\/\/www.manaus.am.gov.br\/semulsp\/#website"},"primaryImageOfPage":{"@id":"https:\/\/www.manaus.am.gov.br\/semulsp\/prefeitura-semulsp-jardins\/#primaryimage"},"image":{"@id":"https:\/\/www.manaus.am.gov.br\/semulsp\/prefeitura-semulsp-jardins\/#primaryimage"},"thumbnailUrl":"https:\/\/www.manaus.am.gov.br\/semulsp\/wp-content\/uploads\/sites\/23\/2025\/09\/WhatsApp-Image-2025-09-18-at-08.47.57.jpeg","datePublished":"2025-09-18T18:12:37+00:00","dateModified":"2025-09-18T18:12:39+00:00","description":"A Prefeitura de Manaus tem mudado a paisagem e o comportamento da cidade ao transformar antigos pontos de descarte irregular em jardins urbanos coloridos e sustent\u00e1veis. A a\u00e7\u00e3o faz parte das estrat\u00e9gias de educa\u00e7\u00e3o ambiental da Secretaria Municipal de Limpeza Urbana (Semulsp), e utiliza materiais reaproveit\u00e1veis , como pneus descartados irregularmente, para revitalizar \u00e1reas antes degradadas e promover uma nova cultura de cuidado com os espa\u00e7os p\u00fablicos.","breadcrumb":{"@id":"https:\/\/www.manaus.am.gov.br\/semulsp\/prefeitura-semulsp-jardins\/#breadcrumb"},"inLanguage":"pt-BR","potentialAction":[{"@type":"ReadAction","target":["https:\/\/www.manaus.am.gov.br\/semulsp\/prefeitura-semulsp-jardins\/"]}]},{"@type":"ImageObject","inLanguage":"pt-BR","@id":"https:\/\/www.manaus.am.gov.br\/semulsp\/prefeitura-semulsp-jardins\/#primaryimage","url":"https:\/\/www.manaus.am.gov.br\/semulsp\/wp-content\/uploads\/sites\/23\/2025\/09\/WhatsApp-Image-2025-09-18-at-08.47.57.jpeg","contentUrl":"https:\/\/www.manaus.am.gov.br\/semulsp\/wp-content\/uploads\/sites\/23\/2025\/09\/WhatsApp-Image-2025-09-18-at-08.47.57.jpeg","width":1600,"height":1200,"caption":"#paratodosverem - Jardim colorido, a partir de pneus reutilizados; pintura na cal\u00e7ada com frase \"proibido jogar lixo\""},{"@type":"BreadcrumbList","@id":"https:\/\/www.manaus.am.gov.br\/semulsp\/prefeitura-semulsp-jardins\/#breadcrumb","itemListElement":[{"@type":"ListItem","position":1,"name":"Home","item":"https:\/\/www.manaus.am.gov.br\/semulsp\/"},{"@type":"ListItem","position":2,"name":"Prefeitura de Manaus transforma antigos pontos de descarte irregular em jardins urbanos"}]},{"@type":"WebSite","@id":"https:\/\/www.manaus.am.gov.br\/semulsp\/#website","url":"https:\/\/www.manaus.am.gov.br\/semulsp\/","name":"SEMULSP","description":"Prefeitura de Manaus","publisher":{"@id":"https:\/\/www.manaus.am.gov.br\/semulsp\/#organization"},"alternateName":"Secretaria Municipal de Limpeza P\u00fablica","potentialAction":[{"@type":"SearchAction","target":{"@type":"EntryPoint","urlTemplate":"https:\/\/www.manaus.am.gov.br\/semulsp\/?s={search_term_string}"},"query-input":"required name=search_term_string"}],"inLanguage":"pt-BR"},{"@type":"Organization","@id":"https:\/\/www.manaus.am.gov.br\/semulsp\/#organization","name":"SEMULSP","alternateName":"Secretaria Municipal de Limpeza P\u00fablica","url":"https:\/\/www.manaus.am.gov.br\/semulsp\/","logo":{"@type":"ImageObject","inLanguage":"pt-BR","@id":"https:\/\/www.manaus.am.gov.br\/semulsp\/#\/schema\/logo\/image\/","url":"https:\/\/www.manaus.am.gov.br\/semulsp\/wp-content\/uploads\/sites\/23\/2023\/05\/cropped-favicon.png","contentUrl":"https:\/\/www.manaus.am.gov.br\/semulsp\/wp-content\/uploads\/sites\/23\/2023\/05\/cropped-favicon.png","width":512,"height":512,"caption":"SEMULSP"},"image":{"@id":"https:\/\/www.manaus.am.gov.br\/semulsp\/#\/schema\/logo\/image\/"},"sameAs":["https:\/\/www.facebook.com\/semulspmanaus","https:\/\/www.instagram.com\/semulspmanaus\/"]},{"@type":"Person","@id":"https:\/\/www.manaus.am.gov.br\/semulsp\/#\/schema\/person\/4e49f4e267757a06ca072ec61b2b9968","name":"Adriana Costa","image":{"@type":"ImageObject","inLanguage":"pt-BR","@id":"https:\/\/www.manaus.am.gov.br\/semulsp\/#\/schema\/person\/image\/","url":"https:\/\/secure.gravatar.com\/avatar\/576258617ef7194f718179e766d57bd4?s=96&d=mm&r=g","contentUrl":"https:\/\/secure.gravatar.com\/avatar\/576258617ef7194f718179e766d57bd4?s=96&d=mm&r=g","caption":"Adriana Costa"}}]}},"_links":{"self":[{"href":"https:\/\/www.manaus.am.gov.br\/semulsp\/wp-json\/wp\/v2\/posts\/2482"}],"collection":[{"href":"https:\/\/www.manaus.am.gov.br\/semulsp\/wp-json\/wp\/v2\/posts"}],"about":[{"href":"https:\/\/www.manaus.am.gov.br\/semulsp\/wp-json\/wp\/v2\/types\/post"}],"author":[{"embeddable":true,"href":"https:\/\/www.manaus.am.gov.br\/semulsp\/wp-json\/wp\/v2\/users\/23"}],"replies":[{"embeddable":true,"href":"https:\/\/www.manaus.am.gov.br\/semulsp\/wp-json\/wp\/v2\/comments?post=2482"}],"version-history":[{"count":0,"href":"https:\/\/www.manaus.am.gov.br\/semulsp\/wp-json\/wp\/v2\/posts\/2482\/revisions"}],"wp:featuredmedia":[{"embeddable":true,"href":"https:\/\/www.manaus.am.gov.br\/semulsp\/wp-json\/wp\/v2\/media\/2483"}],"wp:attachment":[{"href":"https:\/\/www.manaus.am.gov.br\/semulsp\/wp-json\/wp\/v2\/media?parent=2482"}],"wp:term":[{"taxonomy":"category","embeddable":true,"href":"https:\/\/www.manaus.am.gov.br\/semulsp\/wp-json\/wp\/v2\/categories?post=2482"},{"taxonomy":"post_tag","embeddable":true,"href":"https:\/\/www.manaus.am.gov.br\/semulsp\/wp-json\/wp\/v2\/tags?post=2482"}],"curies":[{"name":"wp","href":"https:\/\/api.w.org\/{rel}","templated":true}]}}