{"id":2374,"date":"2025-08-30T11:16:52","date_gmt":"2025-08-30T15:16:52","guid":{"rendered":"https:\/\/www.manaus.am.gov.br\/semulsp\/prefeitura-semulsp-limpeza-centro\/"},"modified":"2025-08-30T11:16:55","modified_gmt":"2025-08-30T15:16:55","slug":"prefeitura-semulsp-limpeza-centro","status":"publish","type":"post","link":"https:\/\/www.manaus.am.gov.br\/semulsp\/prefeitura-semulsp-limpeza-centro\/","title":{"rendered":"Prefeitura intensifica mutir\u00e3o e transforma a \u00e1rea central de Manaus"},"content":{"rendered":"\n<p>A Prefeitura de Manaus, por meio da Secretaria Municipal de Limpeza Urbana (Semulsp), vem promovendo um amplo mutir\u00e3o de revitaliza\u00e7\u00e3o no centro hist\u00f3rico da capital amazonense. O trabalho, j\u00e1 consolidado como rotina di\u00e1ria, re\u00fane servi\u00e7os de poda de \u00e1rvores, capina\u00e7\u00e3o, pintura de meios-fios, lavagem de ruas, instala\u00e7\u00e3o de novas lixeiras e remo\u00e7\u00e3o de estruturas irregulares, trazendo nova vitalidade \u00e0 regi\u00e3o central da cidade.<\/p>\n\n\n\n<p>Neste s\u00e1bado, 30\/8, as equipes se concentraram na avenida Costa Azevedo, onde realizaram a poda de mangueiras. Com o passar do tempo, alguns galhos apresentavam risco \u00e0 seguran\u00e7a de pedestres e ve\u00edculos, al\u00e9m da possibilidade de queda sobre pr\u00e9dios e resid\u00eancias.<\/p>\n\n\n\n<p>De acordo com o subsecret\u00e1rio da Semulsp, Laurimar Costa, desde a implanta\u00e7\u00e3o do mutir\u00e3o, foram realizadas mais de 300 podas de \u00e1rvores. Al\u00e9m disso, foram instaladas 25 caixas coletoras, que contribu\u00edram para o fim de lixeiras viciadas em pontos cr\u00edticos, melhorando significativamente a est\u00e9tica urbana.<\/p>\n\n\n\n<p>\u201c\u00c9 um trabalho constante, que vai desde a orla do rio Negro at\u00e9 as \u00e1reas da Manaus Moderna e da Matriz. A cada dia refor\u00e7amos esse compromisso de cuidar do centro, que \u00e9 o cora\u00e7\u00e3o da cidade\u201d, destacou.<\/p>\n\n\n\n<p>Reordenamento<\/p>\n\n\n\n<p>Entre as a\u00e7\u00f5es de maior impacto est\u00e1 a interven\u00e7\u00e3o na&nbsp;pra\u00e7a dos Rem\u00e9dios, que j\u00e1 foi cercada para o in\u00edcio das obras de revitaliza\u00e7\u00e3o, ap\u00f3s a remo\u00e7\u00e3o de antigos casebres que comprometiam a seguran\u00e7a e a est\u00e9tica do local.<\/p>\n\n\n\n<p>Na \u00e1rea conhecida como \u201cBoca da On\u00e7a\u201d, que funcionava como ponto de vulnerabilidade social, a prefeitura implantou um sistema de coleta em hor\u00e1rios fixos, 10h e 16h, permitindo que comerciantes e feirantes fa\u00e7am o descarte adequado dos res\u00edduos. A medida transformou o espa\u00e7o, que agora apresenta um ambiente limpo e mais seguro.<\/p>\n\n\n\n<p>Tamb\u00e9m houve refor\u00e7o na limpeza da orla do rio Negro, com o uso de balsas para recolher res\u00edduos flutuantes, e a pintura do entorno do mercado municipal Adolpho Lisboa, patrim\u00f4nio hist\u00f3rico que ganhou nova apar\u00eancia.<\/p>\n\n\n\n<p>Faixa Liberada e novas lixeiras<\/p>\n\n\n\n<p>A prepara\u00e7\u00e3o&nbsp;da \u00e1rea central para eventos como a \u201cFaixa Liberada\u201d, na avenida Get\u00falio Vargas, aos domingos, tamb\u00e9m faz parte do plano. Foram instaladas 30 novas lixeiras ao longo do canteiro central, entre a rua 7 de Setembro e a avenida Ramos Ferreira, ampliando os pontos de descarte e incentivando a popula\u00e7\u00e3o a colaborar com a limpeza da cidade.<\/p>\n\n\n\n<p>Segundo Laurimar Costa, o esfor\u00e7o conjunto resultou na remo\u00e7\u00e3o de mais de 2.500 toneladas de lixo apenas na regi\u00e3o central, reflexo do arrast\u00e3o di\u00e1rio realizado pelas equipes da Semulsp.<\/p>\n\n\n\n<p>\u201cEstamos resgatando a vida do centro de Manaus. Cada espa\u00e7o limpo devolve qualidade de vida a quem trabalha e circula por aqui. \u00c9 um trabalho de excel\u00eancia, que devolve dignidade a uma \u00e1rea hist\u00f3rica da cidade\u201d, ressaltou o subsecret\u00e1rio.<\/p>\n\n\n\n<p>Centro com vida nova<\/p>\n\n\n\n<p>As a\u00e7\u00f5es, que unem limpeza, reordenamento e preserva\u00e7\u00e3o do patrim\u00f4nio, fazem parte da estrat\u00e9gia da Prefeitura de Manaus de recuperar o centro hist\u00f3rico e torn\u00e1-lo mais acolhedor para moradores, comerciantes e turistas. Ao associar medidas de curto prazo, como a remo\u00e7\u00e3o de lixo, com interven\u00e7\u00f5es estruturais, como a revitaliza\u00e7\u00e3o de pra\u00e7as e orlas, o munic\u00edpio busca devolver protagonismo a uma das \u00e1reas mais simb\u00f3licas da capital.<\/p>\n\n\n\n<p>&#8212; &#8212; &#8212;<\/p>\n\n\n\n<p><strong>Texto\u00a0<\/strong>&#8211; Dora Tupinamb\u00e1\/Semulsp<\/p>\n\n\n\n<p><strong>Fotos\u00a0<\/strong>&#8211; Divulga\u00e7\u00e3o\/Semulsp<\/p>\n","protected":false},"excerpt":{"rendered":"","protected":false},"author":23,"featured_media":2375,"comment_status":"closed","ping_status":"closed","sticky":false,"template":"","format":"standard","meta":{"footnotes":""},"categories":[38],"tags":[107,847,103,742,10],"acf":[],"yoast_head":"<!-- This site is optimized with the Yoast SEO plugin v23.0 - https:\/\/yoast.com\/wordpress\/plugins\/seo\/ -->\n<title>Prefeitura intensifica mutir\u00e3o e transforma a \u00e1rea central de Manaus<\/title>\n<meta name=\"description\" content=\"A Prefeitura de Manaus, por meio da Secretaria Municipal de Limpeza Urbana (Semulsp), vem promovendo um amplo mutir\u00e3o de revitaliza\u00e7\u00e3o no centro hist\u00f3rico da capital amazonense.\" \/>\n<meta name=\"robots\" content=\"noindex, follow\" \/>\n<meta property=\"og:locale\" content=\"pt_BR\" \/>\n<meta property=\"og:type\" content=\"article\" \/>\n<meta property=\"og:title\" content=\"Prefeitura intensifica mutir\u00e3o e transforma a \u00e1rea central de Manaus\" \/>\n<meta property=\"og:description\" content=\"A Prefeitura de Manaus, por meio da Secretaria Municipal de Limpeza Urbana (Semulsp), vem promovendo um amplo mutir\u00e3o de revitaliza\u00e7\u00e3o no centro hist\u00f3rico da capital amazonense.\" \/>\n<meta property=\"og:url\" content=\"https:\/\/www.manaus.am.gov.br\/semulsp\/prefeitura-semulsp-limpeza-centro\/\" \/>\n<meta property=\"og:site_name\" content=\"SEMULSP\" \/>\n<meta property=\"article:publisher\" content=\"https:\/\/www.facebook.com\/semulspmanaus\" \/>\n<meta property=\"article:published_time\" content=\"2025-08-30T15:16:52+00:00\" \/>\n<meta property=\"article:modified_time\" content=\"2025-08-30T15:16:55+00:00\" \/>\n<meta property=\"og:image\" content=\"https:\/\/www.manaus.am.gov.br\/semulsp\/wp-content\/uploads\/sites\/23\/2025\/08\/WhatsApp-Image-2025-08-30-at-10.46.33-1.jpeg\" \/>\n\t<meta property=\"og:image:width\" content=\"1600\" \/>\n\t<meta property=\"og:image:height\" content=\"720\" \/>\n\t<meta property=\"og:image:type\" content=\"image\/jpeg\" \/>\n<meta name=\"author\" content=\"Adriana Costa\" \/>\n<meta name=\"twitter:card\" content=\"summary_large_image\" \/>\n<meta name=\"twitter:label1\" content=\"Written by\" \/>\n\t<meta name=\"twitter:data1\" content=\"Adriana Costa\" \/>\n\t<meta name=\"twitter:label2\" content=\"Est. reading time\" \/>\n\t<meta name=\"twitter:data2\" content=\"4 minutos\" \/>\n<script type=\"application\/ld+json\" class=\"yoast-schema-graph\">{\"@context\":\"https:\/\/schema.org\",\"@graph\":[{\"@type\":\"Article\",\"@id\":\"https:\/\/www.manaus.am.gov.br\/semulsp\/prefeitura-semulsp-limpeza-centro\/#article\",\"isPartOf\":{\"@id\":\"https:\/\/www.manaus.am.gov.br\/semulsp\/prefeitura-semulsp-limpeza-centro\/\"},\"author\":{\"name\":\"Adriana Costa\",\"@id\":\"https:\/\/www.manaus.am.gov.br\/semulsp\/#\/schema\/person\/4e49f4e267757a06ca072ec61b2b9968\"},\"headline\":\"Prefeitura intensifica mutir\u00e3o e transforma a \u00e1rea central de Manaus\",\"datePublished\":\"2025-08-30T15:16:52+00:00\",\"dateModified\":\"2025-08-30T15:16:55+00:00\",\"mainEntityOfPage\":{\"@id\":\"https:\/\/www.manaus.am.gov.br\/semulsp\/prefeitura-semulsp-limpeza-centro\/\"},\"wordCount\":602,\"publisher\":{\"@id\":\"https:\/\/www.manaus.am.gov.br\/semulsp\/#organization\"},\"image\":{\"@id\":\"https:\/\/www.manaus.am.gov.br\/semulsp\/prefeitura-semulsp-limpeza-centro\/#primaryimage\"},\"thumbnailUrl\":\"https:\/\/www.manaus.am.gov.br\/semulsp\/wp-content\/uploads\/sites\/23\/2025\/08\/WhatsApp-Image-2025-08-30-at-10.46.33-1.jpeg\",\"keywords\":[\"centro\",\"Costa Azevedo\",\"limpeza\",\"Mutir\u00e3o no Bairro\",\"prefeitura de manaus\"],\"articleSection\":[\"Limpeza\"],\"inLanguage\":\"pt-BR\"},{\"@type\":\"WebPage\",\"@id\":\"https:\/\/www.manaus.am.gov.br\/semulsp\/prefeitura-semulsp-limpeza-centro\/\",\"url\":\"https:\/\/www.manaus.am.gov.br\/semulsp\/prefeitura-semulsp-limpeza-centro\/\",\"name\":\"Prefeitura intensifica mutir\u00e3o e transforma a \u00e1rea central de Manaus\",\"isPartOf\":{\"@id\":\"https:\/\/www.manaus.am.gov.br\/semulsp\/#website\"},\"primaryImageOfPage\":{\"@id\":\"https:\/\/www.manaus.am.gov.br\/semulsp\/prefeitura-semulsp-limpeza-centro\/#primaryimage\"},\"image\":{\"@id\":\"https:\/\/www.manaus.am.gov.br\/semulsp\/prefeitura-semulsp-limpeza-centro\/#primaryimage\"},\"thumbnailUrl\":\"https:\/\/www.manaus.am.gov.br\/semulsp\/wp-content\/uploads\/sites\/23\/2025\/08\/WhatsApp-Image-2025-08-30-at-10.46.33-1.jpeg\",\"datePublished\":\"2025-08-30T15:16:52+00:00\",\"dateModified\":\"2025-08-30T15:16:55+00:00\",\"description\":\"A Prefeitura de Manaus, por meio da Secretaria Municipal de Limpeza Urbana (Semulsp), vem promovendo um amplo mutir\u00e3o de revitaliza\u00e7\u00e3o no centro hist\u00f3rico da capital amazonense.\",\"breadcrumb\":{\"@id\":\"https:\/\/www.manaus.am.gov.br\/semulsp\/prefeitura-semulsp-limpeza-centro\/#breadcrumb\"},\"inLanguage\":\"pt-BR\",\"potentialAction\":[{\"@type\":\"ReadAction\",\"target\":[\"https:\/\/www.manaus.am.gov.br\/semulsp\/prefeitura-semulsp-limpeza-centro\/\"]}]},{\"@type\":\"ImageObject\",\"inLanguage\":\"pt-BR\",\"@id\":\"https:\/\/www.manaus.am.gov.br\/semulsp\/prefeitura-semulsp-limpeza-centro\/#primaryimage\",\"url\":\"https:\/\/www.manaus.am.gov.br\/semulsp\/wp-content\/uploads\/sites\/23\/2025\/08\/WhatsApp-Image-2025-08-30-at-10.46.33-1.jpeg\",\"contentUrl\":\"https:\/\/www.manaus.am.gov.br\/semulsp\/wp-content\/uploads\/sites\/23\/2025\/08\/WhatsApp-Image-2025-08-30-at-10.46.33-1.jpeg\",\"width\":1600,\"height\":720},{\"@type\":\"BreadcrumbList\",\"@id\":\"https:\/\/www.manaus.am.gov.br\/semulsp\/prefeitura-semulsp-limpeza-centro\/#breadcrumb\",\"itemListElement\":[{\"@type\":\"ListItem\",\"position\":1,\"name\":\"Home\",\"item\":\"https:\/\/www.manaus.am.gov.br\/semulsp\/\"},{\"@type\":\"ListItem\",\"position\":2,\"name\":\"Prefeitura intensifica mutir\u00e3o e transforma a \u00e1rea central de Manaus\"}]},{\"@type\":\"WebSite\",\"@id\":\"https:\/\/www.manaus.am.gov.br\/semulsp\/#website\",\"url\":\"https:\/\/www.manaus.am.gov.br\/semulsp\/\",\"name\":\"SEMULSP\",\"description\":\"Prefeitura de Manaus\",\"publisher\":{\"@id\":\"https:\/\/www.manaus.am.gov.br\/semulsp\/#organization\"},\"alternateName\":\"Secretaria Municipal de Limpeza P\u00fablica\",\"potentialAction\":[{\"@type\":\"SearchAction\",\"target\":{\"@type\":\"EntryPoint\",\"urlTemplate\":\"https:\/\/www.manaus.am.gov.br\/semulsp\/?s={search_term_string}\"},\"query-input\":\"required name=search_term_string\"}],\"inLanguage\":\"pt-BR\"},{\"@type\":\"Organization\",\"@id\":\"https:\/\/www.manaus.am.gov.br\/semulsp\/#organization\",\"name\":\"SEMULSP\",\"alternateName\":\"Secretaria Municipal de Limpeza P\u00fablica\",\"url\":\"https:\/\/www.manaus.am.gov.br\/semulsp\/\",\"logo\":{\"@type\":\"ImageObject\",\"inLanguage\":\"pt-BR\",\"@id\":\"https:\/\/www.manaus.am.gov.br\/semulsp\/#\/schema\/logo\/image\/\",\"url\":\"https:\/\/www.manaus.am.gov.br\/semulsp\/wp-content\/uploads\/sites\/23\/2023\/05\/cropped-favicon.png\",\"contentUrl\":\"https:\/\/www.manaus.am.gov.br\/semulsp\/wp-content\/uploads\/sites\/23\/2023\/05\/cropped-favicon.png\",\"width\":512,\"height\":512,\"caption\":\"SEMULSP\"},\"image\":{\"@id\":\"https:\/\/www.manaus.am.gov.br\/semulsp\/#\/schema\/logo\/image\/\"},\"sameAs\":[\"https:\/\/www.facebook.com\/semulspmanaus\",\"https:\/\/www.instagram.com\/semulspmanaus\/\"]},{\"@type\":\"Person\",\"@id\":\"https:\/\/www.manaus.am.gov.br\/semulsp\/#\/schema\/person\/4e49f4e267757a06ca072ec61b2b9968\",\"name\":\"Adriana Costa\",\"image\":{\"@type\":\"ImageObject\",\"inLanguage\":\"pt-BR\",\"@id\":\"https:\/\/www.manaus.am.gov.br\/semulsp\/#\/schema\/person\/image\/\",\"url\":\"https:\/\/secure.gravatar.com\/avatar\/576258617ef7194f718179e766d57bd4?s=96&d=mm&r=g\",\"contentUrl\":\"https:\/\/secure.gravatar.com\/avatar\/576258617ef7194f718179e766d57bd4?s=96&d=mm&r=g\",\"caption\":\"Adriana Costa\"}}]}<\/script>\n<!-- \/ Yoast SEO plugin. -->","yoast_head_json":{"title":"Prefeitura intensifica mutir\u00e3o e transforma a \u00e1rea central de Manaus","description":"A Prefeitura de Manaus, por meio da Secretaria Municipal de Limpeza Urbana (Semulsp), vem promovendo um amplo mutir\u00e3o de revitaliza\u00e7\u00e3o no centro hist\u00f3rico da capital amazonense.","robots":{"index":"noindex","follow":"follow"},"og_locale":"pt_BR","og_type":"article","og_title":"Prefeitura intensifica mutir\u00e3o e transforma a \u00e1rea central de Manaus","og_description":"A Prefeitura de Manaus, por meio da Secretaria Municipal de Limpeza Urbana (Semulsp), vem promovendo um amplo mutir\u00e3o de revitaliza\u00e7\u00e3o no centro hist\u00f3rico da capital amazonense.","og_url":"https:\/\/www.manaus.am.gov.br\/semulsp\/prefeitura-semulsp-limpeza-centro\/","og_site_name":"SEMULSP","article_publisher":"https:\/\/www.facebook.com\/semulspmanaus","article_published_time":"2025-08-30T15:16:52+00:00","article_modified_time":"2025-08-30T15:16:55+00:00","og_image":[{"width":1600,"height":720,"url":"https:\/\/www.manaus.am.gov.br\/semulsp\/wp-content\/uploads\/sites\/23\/2025\/08\/WhatsApp-Image-2025-08-30-at-10.46.33-1.jpeg","type":"image\/jpeg"}],"author":"Adriana Costa","twitter_card":"summary_large_image","twitter_misc":{"Written by":"Adriana Costa","Est. reading time":"4 minutos"},"schema":{"@context":"https:\/\/schema.org","@graph":[{"@type":"Article","@id":"https:\/\/www.manaus.am.gov.br\/semulsp\/prefeitura-semulsp-limpeza-centro\/#article","isPartOf":{"@id":"https:\/\/www.manaus.am.gov.br\/semulsp\/prefeitura-semulsp-limpeza-centro\/"},"author":{"name":"Adriana Costa","@id":"https:\/\/www.manaus.am.gov.br\/semulsp\/#\/schema\/person\/4e49f4e267757a06ca072ec61b2b9968"},"headline":"Prefeitura intensifica mutir\u00e3o e transforma a \u00e1rea central de Manaus","datePublished":"2025-08-30T15:16:52+00:00","dateModified":"2025-08-30T15:16:55+00:00","mainEntityOfPage":{"@id":"https:\/\/www.manaus.am.gov.br\/semulsp\/prefeitura-semulsp-limpeza-centro\/"},"wordCount":602,"publisher":{"@id":"https:\/\/www.manaus.am.gov.br\/semulsp\/#organization"},"image":{"@id":"https:\/\/www.manaus.am.gov.br\/semulsp\/prefeitura-semulsp-limpeza-centro\/#primaryimage"},"thumbnailUrl":"https:\/\/www.manaus.am.gov.br\/semulsp\/wp-content\/uploads\/sites\/23\/2025\/08\/WhatsApp-Image-2025-08-30-at-10.46.33-1.jpeg","keywords":["centro","Costa Azevedo","limpeza","Mutir\u00e3o no Bairro","prefeitura de manaus"],"articleSection":["Limpeza"],"inLanguage":"pt-BR"},{"@type":"WebPage","@id":"https:\/\/www.manaus.am.gov.br\/semulsp\/prefeitura-semulsp-limpeza-centro\/","url":"https:\/\/www.manaus.am.gov.br\/semulsp\/prefeitura-semulsp-limpeza-centro\/","name":"Prefeitura intensifica mutir\u00e3o e transforma a \u00e1rea central de Manaus","isPartOf":{"@id":"https:\/\/www.manaus.am.gov.br\/semulsp\/#website"},"primaryImageOfPage":{"@id":"https:\/\/www.manaus.am.gov.br\/semulsp\/prefeitura-semulsp-limpeza-centro\/#primaryimage"},"image":{"@id":"https:\/\/www.manaus.am.gov.br\/semulsp\/prefeitura-semulsp-limpeza-centro\/#primaryimage"},"thumbnailUrl":"https:\/\/www.manaus.am.gov.br\/semulsp\/wp-content\/uploads\/sites\/23\/2025\/08\/WhatsApp-Image-2025-08-30-at-10.46.33-1.jpeg","datePublished":"2025-08-30T15:16:52+00:00","dateModified":"2025-08-30T15:16:55+00:00","description":"A Prefeitura de Manaus, por meio da Secretaria Municipal de Limpeza Urbana (Semulsp), vem promovendo um amplo mutir\u00e3o de revitaliza\u00e7\u00e3o no centro hist\u00f3rico da capital amazonense.","breadcrumb":{"@id":"https:\/\/www.manaus.am.gov.br\/semulsp\/prefeitura-semulsp-limpeza-centro\/#breadcrumb"},"inLanguage":"pt-BR","potentialAction":[{"@type":"ReadAction","target":["https:\/\/www.manaus.am.gov.br\/semulsp\/prefeitura-semulsp-limpeza-centro\/"]}]},{"@type":"ImageObject","inLanguage":"pt-BR","@id":"https:\/\/www.manaus.am.gov.br\/semulsp\/prefeitura-semulsp-limpeza-centro\/#primaryimage","url":"https:\/\/www.manaus.am.gov.br\/semulsp\/wp-content\/uploads\/sites\/23\/2025\/08\/WhatsApp-Image-2025-08-30-at-10.46.33-1.jpeg","contentUrl":"https:\/\/www.manaus.am.gov.br\/semulsp\/wp-content\/uploads\/sites\/23\/2025\/08\/WhatsApp-Image-2025-08-30-at-10.46.33-1.jpeg","width":1600,"height":720},{"@type":"BreadcrumbList","@id":"https:\/\/www.manaus.am.gov.br\/semulsp\/prefeitura-semulsp-limpeza-centro\/#breadcrumb","itemListElement":[{"@type":"ListItem","position":1,"name":"Home","item":"https:\/\/www.manaus.am.gov.br\/semulsp\/"},{"@type":"ListItem","position":2,"name":"Prefeitura intensifica mutir\u00e3o e transforma a \u00e1rea central de Manaus"}]},{"@type":"WebSite","@id":"https:\/\/www.manaus.am.gov.br\/semulsp\/#website","url":"https:\/\/www.manaus.am.gov.br\/semulsp\/","name":"SEMULSP","description":"Prefeitura de Manaus","publisher":{"@id":"https:\/\/www.manaus.am.gov.br\/semulsp\/#organization"},"alternateName":"Secretaria Municipal de Limpeza P\u00fablica","potentialAction":[{"@type":"SearchAction","target":{"@type":"EntryPoint","urlTemplate":"https:\/\/www.manaus.am.gov.br\/semulsp\/?s={search_term_string}"},"query-input":"required name=search_term_string"}],"inLanguage":"pt-BR"},{"@type":"Organization","@id":"https:\/\/www.manaus.am.gov.br\/semulsp\/#organization","name":"SEMULSP","alternateName":"Secretaria Municipal de Limpeza P\u00fablica","url":"https:\/\/www.manaus.am.gov.br\/semulsp\/","logo":{"@type":"ImageObject","inLanguage":"pt-BR","@id":"https:\/\/www.manaus.am.gov.br\/semulsp\/#\/schema\/logo\/image\/","url":"https:\/\/www.manaus.am.gov.br\/semulsp\/wp-content\/uploads\/sites\/23\/2023\/05\/cropped-favicon.png","contentUrl":"https:\/\/www.manaus.am.gov.br\/semulsp\/wp-content\/uploads\/sites\/23\/2023\/05\/cropped-favicon.png","width":512,"height":512,"caption":"SEMULSP"},"image":{"@id":"https:\/\/www.manaus.am.gov.br\/semulsp\/#\/schema\/logo\/image\/"},"sameAs":["https:\/\/www.facebook.com\/semulspmanaus","https:\/\/www.instagram.com\/semulspmanaus\/"]},{"@type":"Person","@id":"https:\/\/www.manaus.am.gov.br\/semulsp\/#\/schema\/person\/4e49f4e267757a06ca072ec61b2b9968","name":"Adriana Costa","image":{"@type":"ImageObject","inLanguage":"pt-BR","@id":"https:\/\/www.manaus.am.gov.br\/semulsp\/#\/schema\/person\/image\/","url":"https:\/\/secure.gravatar.com\/avatar\/576258617ef7194f718179e766d57bd4?s=96&d=mm&r=g","contentUrl":"https:\/\/secure.gravatar.com\/avatar\/576258617ef7194f718179e766d57bd4?s=96&d=mm&r=g","caption":"Adriana Costa"}}]}},"_links":{"self":[{"href":"https:\/\/www.manaus.am.gov.br\/semulsp\/wp-json\/wp\/v2\/posts\/2374"}],"collection":[{"href":"https:\/\/www.manaus.am.gov.br\/semulsp\/wp-json\/wp\/v2\/posts"}],"about":[{"href":"https:\/\/www.manaus.am.gov.br\/semulsp\/wp-json\/wp\/v2\/types\/post"}],"author":[{"embeddable":true,"href":"https:\/\/www.manaus.am.gov.br\/semulsp\/wp-json\/wp\/v2\/users\/23"}],"replies":[{"embeddable":true,"href":"https:\/\/www.manaus.am.gov.br\/semulsp\/wp-json\/wp\/v2\/comments?post=2374"}],"version-history":[{"count":0,"href":"https:\/\/www.manaus.am.gov.br\/semulsp\/wp-json\/wp\/v2\/posts\/2374\/revisions"}],"wp:featuredmedia":[{"embeddable":true,"href":"https:\/\/www.manaus.am.gov.br\/semulsp\/wp-json\/wp\/v2\/media\/2375"}],"wp:attachment":[{"href":"https:\/\/www.manaus.am.gov.br\/semulsp\/wp-json\/wp\/v2\/media?parent=2374"}],"wp:term":[{"taxonomy":"category","embeddable":true,"href":"https:\/\/www.manaus.am.gov.br\/semulsp\/wp-json\/wp\/v2\/categories?post=2374"},{"taxonomy":"post_tag","embeddable":true,"href":"https:\/\/www.manaus.am.gov.br\/semulsp\/wp-json\/wp\/v2\/tags?post=2374"}],"curies":[{"name":"wp","href":"https:\/\/api.w.org\/{rel}","templated":true}]}}