{"id":2356,"date":"2025-08-24T18:00:55","date_gmt":"2025-08-24T22:00:55","guid":{"rendered":"https:\/\/www.manaus.am.gov.br\/semulsp\/mutirao-parque-desembargador-paulo-jacob\/"},"modified":"2025-08-24T18:03:24","modified_gmt":"2025-08-24T22:03:24","slug":"mutirao-parque-desembargador-paulo-jacob","status":"publish","type":"post","link":"https:\/\/www.manaus.am.gov.br\/semulsp\/mutirao-parque-desembargador-paulo-jacob\/","title":{"rendered":"Prefeito David Almeida acompanha mutir\u00e3o de limpeza e capina\u00e7\u00e3o no parque Desembargador Paulo Jacob no centro de Manaus"},"content":{"rendered":"\n<p>O prefeito de Manaus, David Almeida, acompanhou de perto, neste domingo, 24\/8, os trabalhos de capina\u00e7\u00e3o e limpeza no parque Desembargador Paulo Jacob, localizado na avenida Igarap\u00e9 de Manaus, no centro da cidade. Ao lado do vice-prefeito Renato J\u00fanior e do titular da Secretaria Municipal de Limpeza Urbana (Semulsp), Sab\u00e1 Reis, o chefe do Executivo municipal destacou a import\u00e2ncia de devolver os espa\u00e7os p\u00fablicos \u00e0 popula\u00e7\u00e3o de forma digna.<\/p>\n\n\n\n<p>\u201cEstamos aqui dando um trato nessa \u00e1rea para devolver esse espa\u00e7o de uma forma digna para os moradores do centro da cidade de Manaus. Hoje \u00e9 domingo, e estamos trabalhando com nossa equipe para melhorar a ambi\u00eancia da cidade\u201d, afirmou Almeida.<\/p>\n\n\n\n<p>Mesmo n\u00e3o sendo respons\u00e1vel direto pelo parque, a prefeitura tomou para si a recupera\u00e7\u00e3o do espa\u00e7o. A a\u00e7\u00e3o faz parte do planejamento do mutir\u00e3o no Centro, que envolve mais de mil trabalhadores, entre garis e equipes de apoio, e seguir\u00e1 por pelo menos 90 dias, garantindo limpeza, capina\u00e7\u00e3o e manuten\u00e7\u00e3o de pra\u00e7as, cal\u00e7adas e \u00e1reas p\u00fablicas.<\/p>\n\n\n\n<p>O prefeito tamb\u00e9m aproveitou para parabenizar os profissionais da limpeza urbana. \u201cNossa gratid\u00e3o aos garis da cidade, comandados pelo Sab\u00e1 Reis, que t\u00eam nos ajudado de forma exponencial para melhorar a cidade\u201d, enfatizou.<\/p>\n\n\n\n<p>Durante a manh\u00e3, a faixa da avenida Get\u00falio Vargas estava liberada e a feirinha na Eduardo Ribeiro recebia os visitantes. O prefeito refor\u00e7ou o convite \u00e0 popula\u00e7\u00e3o para acompanhar e usufruir dos espa\u00e7os revitalizados.<\/p>\n\n\n\n<figure class=\"wp-block-image size-large\"><img loading=\"lazy\" decoding=\"async\" width=\"1024\" height=\"683\" src=\"https:\/\/www.manaus.am.gov.br\/semulsp\/wp-content\/uploads\/sites\/23\/2025\/08\/54742037106_1394421e9b_k-1024x683.jpg\" alt=\"\" class=\"wp-image-2358\" srcset=\"https:\/\/www.manaus.am.gov.br\/semulsp\/wp-content\/uploads\/sites\/23\/2025\/08\/54742037106_1394421e9b_k-1024x683.jpg 1024w, https:\/\/www.manaus.am.gov.br\/semulsp\/wp-content\/uploads\/sites\/23\/2025\/08\/54742037106_1394421e9b_k-300x200.jpg 300w, https:\/\/www.manaus.am.gov.br\/semulsp\/wp-content\/uploads\/sites\/23\/2025\/08\/54742037106_1394421e9b_k-768x512.jpg 768w, https:\/\/www.manaus.am.gov.br\/semulsp\/wp-content\/uploads\/sites\/23\/2025\/08\/54742037106_1394421e9b_k-1536x1024.jpg 1536w, https:\/\/www.manaus.am.gov.br\/semulsp\/wp-content\/uploads\/sites\/23\/2025\/08\/54742037106_1394421e9b_k.jpg 2048w\" sizes=\"(max-width: 1024px) 100vw, 1024px\" \/><\/figure>\n\n\n\n<p>&#8212; &#8212; &#8212;<\/p>\n\n\n\n<p><strong>Texto &#8211;<\/strong> Emanuelle Baires\/Semcom-Prefeito<\/p>\n\n\n\n<p><strong>Fotos &#8211;<\/strong> Ant\u00f4nio Pereira\/Semcom-Prefeito<\/p>\n\n\n\n<p><strong>Dispon\u00edveis em &#8211; <\/strong><a href=\"https:\/\/flic.kr\/s\/aHBqjCrJzv\">https:\/\/flic.kr\/s\/aHBqjCrJzv<\/a><\/p>\n","protected":false},"excerpt":{"rendered":"","protected":false},"author":39,"featured_media":2357,"comment_status":"closed","ping_status":"closed","sticky":false,"template":"","format":"standard","meta":{"footnotes":""},"categories":[157],"tags":[469,32,839,840,10,19],"acf":[],"yoast_head":"<!-- This site is optimized with the Yoast SEO plugin v23.0 - https:\/\/yoast.com\/wordpress\/plugins\/seo\/ -->\n<title>Prefeito acompanha mutir\u00e3o no parque Desembargador Paulo Jacob<\/title>\n<meta name=\"description\" content=\"Prefeito David Almeida lidera mutir\u00e3o de limpeza e capina\u00e7\u00e3o no parque Desembargador Paulo Jacob no centro de Manaus.\" \/>\n<meta name=\"robots\" content=\"noindex, follow\" \/>\n<meta property=\"og:locale\" content=\"pt_BR\" \/>\n<meta property=\"og:type\" content=\"article\" \/>\n<meta property=\"og:title\" content=\"Prefeito acompanha mutir\u00e3o no parque Desembargador Paulo Jacob\" \/>\n<meta property=\"og:description\" content=\"Prefeito David Almeida lidera mutir\u00e3o de limpeza e capina\u00e7\u00e3o no parque Desembargador Paulo Jacob no centro de Manaus.\" \/>\n<meta property=\"og:url\" content=\"https:\/\/www.manaus.am.gov.br\/semulsp\/mutirao-parque-desembargador-paulo-jacob\/\" \/>\n<meta property=\"og:site_name\" content=\"SEMULSP\" \/>\n<meta property=\"article:publisher\" content=\"https:\/\/www.facebook.com\/semulspmanaus\" \/>\n<meta property=\"article:published_time\" content=\"2025-08-24T22:00:55+00:00\" \/>\n<meta property=\"article:modified_time\" content=\"2025-08-24T22:03:24+00:00\" \/>\n<meta property=\"og:image\" content=\"https:\/\/www.manaus.am.gov.br\/semulsp\/wp-content\/uploads\/sites\/23\/2025\/08\/54742255838_7c8088f821_k.jpg\" \/>\n\t<meta property=\"og:image:width\" content=\"2048\" \/>\n\t<meta property=\"og:image:height\" content=\"1365\" \/>\n\t<meta property=\"og:image:type\" content=\"image\/jpeg\" \/>\n<meta name=\"author\" content=\"Bruna Greco\" \/>\n<meta name=\"twitter:card\" content=\"summary_large_image\" \/>\n<meta name=\"twitter:label1\" content=\"Written by\" \/>\n\t<meta name=\"twitter:data1\" content=\"Bruna Greco\" \/>\n\t<meta name=\"twitter:label2\" content=\"Est. reading time\" \/>\n\t<meta name=\"twitter:data2\" content=\"2 minutos\" \/>\n<script type=\"application\/ld+json\" class=\"yoast-schema-graph\">{\"@context\":\"https:\/\/schema.org\",\"@graph\":[{\"@type\":\"Article\",\"@id\":\"https:\/\/www.manaus.am.gov.br\/semulsp\/mutirao-parque-desembargador-paulo-jacob\/#article\",\"isPartOf\":{\"@id\":\"https:\/\/www.manaus.am.gov.br\/semulsp\/mutirao-parque-desembargador-paulo-jacob\/\"},\"author\":{\"name\":\"Bruna Greco\",\"@id\":\"https:\/\/www.manaus.am.gov.br\/semulsp\/#\/schema\/person\/05d223aea2bf115f9883a6ff3683d81b\"},\"headline\":\"Prefeito David Almeida acompanha mutir\u00e3o de limpeza e capina\u00e7\u00e3o no parque Desembargador Paulo Jacob no centro de Manaus\",\"datePublished\":\"2025-08-24T22:00:55+00:00\",\"dateModified\":\"2025-08-24T22:03:24+00:00\",\"mainEntityOfPage\":{\"@id\":\"https:\/\/www.manaus.am.gov.br\/semulsp\/mutirao-parque-desembargador-paulo-jacob\/\"},\"wordCount\":297,\"publisher\":{\"@id\":\"https:\/\/www.manaus.am.gov.br\/semulsp\/#organization\"},\"image\":{\"@id\":\"https:\/\/www.manaus.am.gov.br\/semulsp\/mutirao-parque-desembargador-paulo-jacob\/#primaryimage\"},\"thumbnailUrl\":\"https:\/\/www.manaus.am.gov.br\/semulsp\/wp-content\/uploads\/sites\/23\/2025\/08\/54742255838_7c8088f821_k.jpg\",\"keywords\":[\"Centro de Manaus\",\"David Almeida\",\"mutir\u00e3o de limpeza e capina\u00e7\u00e3o\",\"parque Desembargador Paulo Jacob\",\"prefeitura de manaus\",\"semulsp\"],\"articleSection\":[\"Opera\u00e7\u00e3o\"],\"inLanguage\":\"pt-BR\"},{\"@type\":\"WebPage\",\"@id\":\"https:\/\/www.manaus.am.gov.br\/semulsp\/mutirao-parque-desembargador-paulo-jacob\/\",\"url\":\"https:\/\/www.manaus.am.gov.br\/semulsp\/mutirao-parque-desembargador-paulo-jacob\/\",\"name\":\"Prefeito acompanha mutir\u00e3o no parque Desembargador Paulo Jacob\",\"isPartOf\":{\"@id\":\"https:\/\/www.manaus.am.gov.br\/semulsp\/#website\"},\"primaryImageOfPage\":{\"@id\":\"https:\/\/www.manaus.am.gov.br\/semulsp\/mutirao-parque-desembargador-paulo-jacob\/#primaryimage\"},\"image\":{\"@id\":\"https:\/\/www.manaus.am.gov.br\/semulsp\/mutirao-parque-desembargador-paulo-jacob\/#primaryimage\"},\"thumbnailUrl\":\"https:\/\/www.manaus.am.gov.br\/semulsp\/wp-content\/uploads\/sites\/23\/2025\/08\/54742255838_7c8088f821_k.jpg\",\"datePublished\":\"2025-08-24T22:00:55+00:00\",\"dateModified\":\"2025-08-24T22:03:24+00:00\",\"description\":\"Prefeito David Almeida lidera mutir\u00e3o de limpeza e capina\u00e7\u00e3o no parque Desembargador Paulo Jacob no centro de Manaus.\",\"breadcrumb\":{\"@id\":\"https:\/\/www.manaus.am.gov.br\/semulsp\/mutirao-parque-desembargador-paulo-jacob\/#breadcrumb\"},\"inLanguage\":\"pt-BR\",\"potentialAction\":[{\"@type\":\"ReadAction\",\"target\":[\"https:\/\/www.manaus.am.gov.br\/semulsp\/mutirao-parque-desembargador-paulo-jacob\/\"]}]},{\"@type\":\"ImageObject\",\"inLanguage\":\"pt-BR\",\"@id\":\"https:\/\/www.manaus.am.gov.br\/semulsp\/mutirao-parque-desembargador-paulo-jacob\/#primaryimage\",\"url\":\"https:\/\/www.manaus.am.gov.br\/semulsp\/wp-content\/uploads\/sites\/23\/2025\/08\/54742255838_7c8088f821_k.jpg\",\"contentUrl\":\"https:\/\/www.manaus.am.gov.br\/semulsp\/wp-content\/uploads\/sites\/23\/2025\/08\/54742255838_7c8088f821_k.jpg\",\"width\":2048,\"height\":1365,\"caption\":\"#paratodosverem - Prefeito de Manaus, David Almeida, acompanhado do vice-prefeito e titular da Seminf, Renato Junior, e do titular da Semulsp, Sab\u00e1 Reis, durante fiscaliza\u00e7\u00e3o de mutir\u00e3o de limpeza no no parque Desembargador Paulo Jacob, no centro de Manaus\"},{\"@type\":\"BreadcrumbList\",\"@id\":\"https:\/\/www.manaus.am.gov.br\/semulsp\/mutirao-parque-desembargador-paulo-jacob\/#breadcrumb\",\"itemListElement\":[{\"@type\":\"ListItem\",\"position\":1,\"name\":\"Home\",\"item\":\"https:\/\/www.manaus.am.gov.br\/semulsp\/\"},{\"@type\":\"ListItem\",\"position\":2,\"name\":\"Prefeito David Almeida acompanha mutir\u00e3o de limpeza e capina\u00e7\u00e3o no parque Desembargador Paulo Jacob no centro de Manaus\"}]},{\"@type\":\"WebSite\",\"@id\":\"https:\/\/www.manaus.am.gov.br\/semulsp\/#website\",\"url\":\"https:\/\/www.manaus.am.gov.br\/semulsp\/\",\"name\":\"SEMULSP\",\"description\":\"Prefeitura de Manaus\",\"publisher\":{\"@id\":\"https:\/\/www.manaus.am.gov.br\/semulsp\/#organization\"},\"alternateName\":\"Secretaria Municipal de Limpeza P\u00fablica\",\"potentialAction\":[{\"@type\":\"SearchAction\",\"target\":{\"@type\":\"EntryPoint\",\"urlTemplate\":\"https:\/\/www.manaus.am.gov.br\/semulsp\/?s={search_term_string}\"},\"query-input\":\"required name=search_term_string\"}],\"inLanguage\":\"pt-BR\"},{\"@type\":\"Organization\",\"@id\":\"https:\/\/www.manaus.am.gov.br\/semulsp\/#organization\",\"name\":\"SEMULSP\",\"alternateName\":\"Secretaria Municipal de Limpeza P\u00fablica\",\"url\":\"https:\/\/www.manaus.am.gov.br\/semulsp\/\",\"logo\":{\"@type\":\"ImageObject\",\"inLanguage\":\"pt-BR\",\"@id\":\"https:\/\/www.manaus.am.gov.br\/semulsp\/#\/schema\/logo\/image\/\",\"url\":\"https:\/\/www.manaus.am.gov.br\/semulsp\/wp-content\/uploads\/sites\/23\/2023\/05\/cropped-favicon.png\",\"contentUrl\":\"https:\/\/www.manaus.am.gov.br\/semulsp\/wp-content\/uploads\/sites\/23\/2023\/05\/cropped-favicon.png\",\"width\":512,\"height\":512,\"caption\":\"SEMULSP\"},\"image\":{\"@id\":\"https:\/\/www.manaus.am.gov.br\/semulsp\/#\/schema\/logo\/image\/\"},\"sameAs\":[\"https:\/\/www.facebook.com\/semulspmanaus\",\"https:\/\/www.instagram.com\/semulspmanaus\/\"]},{\"@type\":\"Person\",\"@id\":\"https:\/\/www.manaus.am.gov.br\/semulsp\/#\/schema\/person\/05d223aea2bf115f9883a6ff3683d81b\",\"name\":\"Bruna Greco\",\"image\":{\"@type\":\"ImageObject\",\"inLanguage\":\"pt-BR\",\"@id\":\"https:\/\/www.manaus.am.gov.br\/semulsp\/#\/schema\/person\/image\/\",\"url\":\"https:\/\/secure.gravatar.com\/avatar\/9c877d1a6adc2a055330e5c09a8653ce?s=96&d=mm&r=g\",\"contentUrl\":\"https:\/\/secure.gravatar.com\/avatar\/9c877d1a6adc2a055330e5c09a8653ce?s=96&d=mm&r=g\",\"caption\":\"Bruna Greco\"}}]}<\/script>\n<!-- \/ Yoast SEO plugin. -->","yoast_head_json":{"title":"Prefeito acompanha mutir\u00e3o no parque Desembargador Paulo Jacob","description":"Prefeito David Almeida lidera mutir\u00e3o de limpeza e capina\u00e7\u00e3o no parque Desembargador Paulo Jacob no centro de Manaus.","robots":{"index":"noindex","follow":"follow"},"og_locale":"pt_BR","og_type":"article","og_title":"Prefeito acompanha mutir\u00e3o no parque Desembargador Paulo Jacob","og_description":"Prefeito David Almeida lidera mutir\u00e3o de limpeza e capina\u00e7\u00e3o no parque Desembargador Paulo Jacob no centro de Manaus.","og_url":"https:\/\/www.manaus.am.gov.br\/semulsp\/mutirao-parque-desembargador-paulo-jacob\/","og_site_name":"SEMULSP","article_publisher":"https:\/\/www.facebook.com\/semulspmanaus","article_published_time":"2025-08-24T22:00:55+00:00","article_modified_time":"2025-08-24T22:03:24+00:00","og_image":[{"width":2048,"height":1365,"url":"https:\/\/www.manaus.am.gov.br\/semulsp\/wp-content\/uploads\/sites\/23\/2025\/08\/54742255838_7c8088f821_k.jpg","type":"image\/jpeg"}],"author":"Bruna Greco","twitter_card":"summary_large_image","twitter_misc":{"Written by":"Bruna Greco","Est. reading time":"2 minutos"},"schema":{"@context":"https:\/\/schema.org","@graph":[{"@type":"Article","@id":"https:\/\/www.manaus.am.gov.br\/semulsp\/mutirao-parque-desembargador-paulo-jacob\/#article","isPartOf":{"@id":"https:\/\/www.manaus.am.gov.br\/semulsp\/mutirao-parque-desembargador-paulo-jacob\/"},"author":{"name":"Bruna Greco","@id":"https:\/\/www.manaus.am.gov.br\/semulsp\/#\/schema\/person\/05d223aea2bf115f9883a6ff3683d81b"},"headline":"Prefeito David Almeida acompanha mutir\u00e3o de limpeza e capina\u00e7\u00e3o no parque Desembargador Paulo Jacob no centro de Manaus","datePublished":"2025-08-24T22:00:55+00:00","dateModified":"2025-08-24T22:03:24+00:00","mainEntityOfPage":{"@id":"https:\/\/www.manaus.am.gov.br\/semulsp\/mutirao-parque-desembargador-paulo-jacob\/"},"wordCount":297,"publisher":{"@id":"https:\/\/www.manaus.am.gov.br\/semulsp\/#organization"},"image":{"@id":"https:\/\/www.manaus.am.gov.br\/semulsp\/mutirao-parque-desembargador-paulo-jacob\/#primaryimage"},"thumbnailUrl":"https:\/\/www.manaus.am.gov.br\/semulsp\/wp-content\/uploads\/sites\/23\/2025\/08\/54742255838_7c8088f821_k.jpg","keywords":["Centro de Manaus","David Almeida","mutir\u00e3o de limpeza e capina\u00e7\u00e3o","parque Desembargador Paulo Jacob","prefeitura de manaus","semulsp"],"articleSection":["Opera\u00e7\u00e3o"],"inLanguage":"pt-BR"},{"@type":"WebPage","@id":"https:\/\/www.manaus.am.gov.br\/semulsp\/mutirao-parque-desembargador-paulo-jacob\/","url":"https:\/\/www.manaus.am.gov.br\/semulsp\/mutirao-parque-desembargador-paulo-jacob\/","name":"Prefeito acompanha mutir\u00e3o no parque Desembargador Paulo Jacob","isPartOf":{"@id":"https:\/\/www.manaus.am.gov.br\/semulsp\/#website"},"primaryImageOfPage":{"@id":"https:\/\/www.manaus.am.gov.br\/semulsp\/mutirao-parque-desembargador-paulo-jacob\/#primaryimage"},"image":{"@id":"https:\/\/www.manaus.am.gov.br\/semulsp\/mutirao-parque-desembargador-paulo-jacob\/#primaryimage"},"thumbnailUrl":"https:\/\/www.manaus.am.gov.br\/semulsp\/wp-content\/uploads\/sites\/23\/2025\/08\/54742255838_7c8088f821_k.jpg","datePublished":"2025-08-24T22:00:55+00:00","dateModified":"2025-08-24T22:03:24+00:00","description":"Prefeito David Almeida lidera mutir\u00e3o de limpeza e capina\u00e7\u00e3o no parque Desembargador Paulo Jacob no centro de Manaus.","breadcrumb":{"@id":"https:\/\/www.manaus.am.gov.br\/semulsp\/mutirao-parque-desembargador-paulo-jacob\/#breadcrumb"},"inLanguage":"pt-BR","potentialAction":[{"@type":"ReadAction","target":["https:\/\/www.manaus.am.gov.br\/semulsp\/mutirao-parque-desembargador-paulo-jacob\/"]}]},{"@type":"ImageObject","inLanguage":"pt-BR","@id":"https:\/\/www.manaus.am.gov.br\/semulsp\/mutirao-parque-desembargador-paulo-jacob\/#primaryimage","url":"https:\/\/www.manaus.am.gov.br\/semulsp\/wp-content\/uploads\/sites\/23\/2025\/08\/54742255838_7c8088f821_k.jpg","contentUrl":"https:\/\/www.manaus.am.gov.br\/semulsp\/wp-content\/uploads\/sites\/23\/2025\/08\/54742255838_7c8088f821_k.jpg","width":2048,"height":1365,"caption":"#paratodosverem - Prefeito de Manaus, David Almeida, acompanhado do vice-prefeito e titular da Seminf, Renato Junior, e do titular da Semulsp, Sab\u00e1 Reis, durante fiscaliza\u00e7\u00e3o de mutir\u00e3o de limpeza no no parque Desembargador Paulo Jacob, no centro de Manaus"},{"@type":"BreadcrumbList","@id":"https:\/\/www.manaus.am.gov.br\/semulsp\/mutirao-parque-desembargador-paulo-jacob\/#breadcrumb","itemListElement":[{"@type":"ListItem","position":1,"name":"Home","item":"https:\/\/www.manaus.am.gov.br\/semulsp\/"},{"@type":"ListItem","position":2,"name":"Prefeito David Almeida acompanha mutir\u00e3o de limpeza e capina\u00e7\u00e3o no parque Desembargador Paulo Jacob no centro de Manaus"}]},{"@type":"WebSite","@id":"https:\/\/www.manaus.am.gov.br\/semulsp\/#website","url":"https:\/\/www.manaus.am.gov.br\/semulsp\/","name":"SEMULSP","description":"Prefeitura de Manaus","publisher":{"@id":"https:\/\/www.manaus.am.gov.br\/semulsp\/#organization"},"alternateName":"Secretaria Municipal de Limpeza P\u00fablica","potentialAction":[{"@type":"SearchAction","target":{"@type":"EntryPoint","urlTemplate":"https:\/\/www.manaus.am.gov.br\/semulsp\/?s={search_term_string}"},"query-input":"required name=search_term_string"}],"inLanguage":"pt-BR"},{"@type":"Organization","@id":"https:\/\/www.manaus.am.gov.br\/semulsp\/#organization","name":"SEMULSP","alternateName":"Secretaria Municipal de Limpeza P\u00fablica","url":"https:\/\/www.manaus.am.gov.br\/semulsp\/","logo":{"@type":"ImageObject","inLanguage":"pt-BR","@id":"https:\/\/www.manaus.am.gov.br\/semulsp\/#\/schema\/logo\/image\/","url":"https:\/\/www.manaus.am.gov.br\/semulsp\/wp-content\/uploads\/sites\/23\/2023\/05\/cropped-favicon.png","contentUrl":"https:\/\/www.manaus.am.gov.br\/semulsp\/wp-content\/uploads\/sites\/23\/2023\/05\/cropped-favicon.png","width":512,"height":512,"caption":"SEMULSP"},"image":{"@id":"https:\/\/www.manaus.am.gov.br\/semulsp\/#\/schema\/logo\/image\/"},"sameAs":["https:\/\/www.facebook.com\/semulspmanaus","https:\/\/www.instagram.com\/semulspmanaus\/"]},{"@type":"Person","@id":"https:\/\/www.manaus.am.gov.br\/semulsp\/#\/schema\/person\/05d223aea2bf115f9883a6ff3683d81b","name":"Bruna Greco","image":{"@type":"ImageObject","inLanguage":"pt-BR","@id":"https:\/\/www.manaus.am.gov.br\/semulsp\/#\/schema\/person\/image\/","url":"https:\/\/secure.gravatar.com\/avatar\/9c877d1a6adc2a055330e5c09a8653ce?s=96&d=mm&r=g","contentUrl":"https:\/\/secure.gravatar.com\/avatar\/9c877d1a6adc2a055330e5c09a8653ce?s=96&d=mm&r=g","caption":"Bruna Greco"}}]}},"_links":{"self":[{"href":"https:\/\/www.manaus.am.gov.br\/semulsp\/wp-json\/wp\/v2\/posts\/2356"}],"collection":[{"href":"https:\/\/www.manaus.am.gov.br\/semulsp\/wp-json\/wp\/v2\/posts"}],"about":[{"href":"https:\/\/www.manaus.am.gov.br\/semulsp\/wp-json\/wp\/v2\/types\/post"}],"author":[{"embeddable":true,"href":"https:\/\/www.manaus.am.gov.br\/semulsp\/wp-json\/wp\/v2\/users\/39"}],"replies":[{"embeddable":true,"href":"https:\/\/www.manaus.am.gov.br\/semulsp\/wp-json\/wp\/v2\/comments?post=2356"}],"version-history":[{"count":3,"href":"https:\/\/www.manaus.am.gov.br\/semulsp\/wp-json\/wp\/v2\/posts\/2356\/revisions"}],"predecessor-version":[{"id":2361,"href":"https:\/\/www.manaus.am.gov.br\/semulsp\/wp-json\/wp\/v2\/posts\/2356\/revisions\/2361"}],"wp:featuredmedia":[{"embeddable":true,"href":"https:\/\/www.manaus.am.gov.br\/semulsp\/wp-json\/wp\/v2\/media\/2357"}],"wp:attachment":[{"href":"https:\/\/www.manaus.am.gov.br\/semulsp\/wp-json\/wp\/v2\/media?parent=2356"}],"wp:term":[{"taxonomy":"category","embeddable":true,"href":"https:\/\/www.manaus.am.gov.br\/semulsp\/wp-json\/wp\/v2\/categories?post=2356"},{"taxonomy":"post_tag","embeddable":true,"href":"https:\/\/www.manaus.am.gov.br\/semulsp\/wp-json\/wp\/v2\/tags?post=2356"}],"curies":[{"name":"wp","href":"https:\/\/api.w.org\/{rel}","templated":true}]}}