{"id":2309,"date":"2025-08-09T12:10:44","date_gmt":"2025-08-09T16:10:44","guid":{"rendered":"https:\/\/www.manaus.am.gov.br\/semulsp\/acoes-de-limpeza-2\/"},"modified":"2025-08-09T12:10:46","modified_gmt":"2025-08-09T16:10:46","slug":"acoes-de-limpeza-2","status":"publish","type":"post","link":"https:\/\/www.manaus.am.gov.br\/semulsp\/acoes-de-limpeza-2\/","title":{"rendered":"\u2018Mutir\u00e3o no Bairro\u2019 no Centro recolhe mais de 520 toneladas de lixo e refor\u00e7a limpeza urbana na primeira semana"},"content":{"rendered":"\n<p>A primeira semana do \u201cMutir\u00e3o no Bairro\u201d da Prefeitura de Manaus, no centro da cidade, encerrou com um balan\u00e7o expressivo. A Secretaria Municipal de Limpeza Urbana (Semulsp), mobilizou, diariamente, cerca de 120 servidores para executar servi\u00e7os de varri\u00e7\u00e3o, capina\u00e7\u00e3o, poda e desarticula\u00e7\u00e3o de \u201clixeiras viciadas\u201d na pra\u00e7a dos Rem\u00e9dios e na Boca da On\u00e7a, al\u00e9m de remover casebres constru\u00eddos irregularmente. At\u00e9 este s\u00e1bado, 9\/8, foram recolhidas mais de 520 toneladas de lixo, com m\u00e9dia di\u00e1ria de 105 toneladas.<br><br>A opera\u00e7\u00e3o tamb\u00e9m incluiu a implanta\u00e7\u00e3o de caixas coletoras \u2014 duas na avenida 7 de Setembro, uma na Joaquim Nabuco e uma na rua dos Andradas \u2014 e a cria\u00e7\u00e3o de um sistema de coleta em dois turnos, \u00e0s 10h e \u00e0s 16h, oferecendo aos comerciantes e feirantes 30 minutos para o descarte de res\u00edduos em cada hor\u00e1rio. Equipes de educa\u00e7\u00e3o ambiental atuaram diariamente, conscientizando feirantes e lojistas sobre a import\u00e2ncia do descarte correto.<br><br>Segundo o subsecret\u00e1rio operacional da Semulsp, Laurimar Costa, que lidera as equipes no local, a gest\u00e3o do prefeito David Almeida e do secret\u00e1rio Sab\u00e1 Reis est\u00e1 imprimindo nova din\u00e2mica ao Centro. \u201c\u00c9 uma opera\u00e7\u00e3o robusta e articulada, que alia limpeza, ordenamento e cuidado com o espa\u00e7o urbano, restituindo dignidade, seguran\u00e7a e qualidade de vida \u00e0 popula\u00e7\u00e3o\u201d, disse.<br><br><strong>Projeto integrado de revitaliza\u00e7\u00e3o do Centro<br><br><\/strong>A a\u00e7\u00e3o integra uma grande opera\u00e7\u00e3o de revitaliza\u00e7\u00e3o do centro de Manaus, coordenada pela prefeitura e envolvendo 16 secretarias municipais em uma for\u00e7a-tarefa in\u00e9dita. O objetivo \u00e9 promover infraestrutura, mobilidade, ordenamento urbano, limpeza, assist\u00eancia social, sinaliza\u00e7\u00e3o e requalifica\u00e7\u00e3o est\u00e9tica da regi\u00e3o.<br><\/p>\n\n\n\n<p>\u2014 \u2014 \u2014<br><strong>Texto &#8211;<\/strong> Dora Tupinamb\u00e1 \/Semulsp<br><strong>Fotos &#8211; <\/strong>Divulga\u00e7\u00e3o \/ Semulsp&nbsp;<\/p>\n","protected":false},"excerpt":{"rendered":"","protected":false},"author":68,"featured_media":2310,"comment_status":"closed","ping_status":"closed","sticky":false,"template":"","format":"standard","meta":{"footnotes":""},"categories":[157],"tags":[820,10],"acf":[],"yoast_head":"<!-- This site is optimized with the Yoast SEO plugin v23.0 - https:\/\/yoast.com\/wordpress\/plugins\/seo\/ -->\n<title>\u2018Mutir\u00e3o no Bairro\u2019 no Centro recolhe mais de 520 toneladas de lixo e refor\u00e7a limpeza urbana na primeira semana<\/title>\n<meta name=\"description\" content=\"A primeira semana do \u201cMutir\u00e3o no Bairro\u201d da Prefeitura de Manaus, no centro da cidade, encerrou com um balan\u00e7o expressivo. A Secretaria Municipal de Limpeza Urbana (Semulsp), mobilizou, diariamente, cerca de 120 servidores para executar servi\u00e7os de varri\u00e7\u00e3o, capina\u00e7\u00e3o, poda e desarticula\u00e7\u00e3o de \u201clixeiras viciadas\u201d na pra\u00e7a dos Rem\u00e9dios e na Boca da On\u00e7a, al\u00e9m de remover casebres constru\u00eddos irregularmente.\" \/>\n<meta name=\"robots\" content=\"noindex, follow\" \/>\n<meta property=\"og:locale\" content=\"pt_BR\" \/>\n<meta property=\"og:type\" content=\"article\" \/>\n<meta property=\"og:title\" content=\"\u2018Mutir\u00e3o no Bairro\u2019 no Centro recolhe mais de 520 toneladas de lixo e refor\u00e7a limpeza urbana na primeira semana\" \/>\n<meta property=\"og:description\" content=\"A primeira semana do \u201cMutir\u00e3o no Bairro\u201d da Prefeitura de Manaus, no centro da cidade, encerrou com um balan\u00e7o expressivo. A Secretaria Municipal de Limpeza Urbana (Semulsp), mobilizou, diariamente, cerca de 120 servidores para executar servi\u00e7os de varri\u00e7\u00e3o, capina\u00e7\u00e3o, poda e desarticula\u00e7\u00e3o de \u201clixeiras viciadas\u201d na pra\u00e7a dos Rem\u00e9dios e na Boca da On\u00e7a, al\u00e9m de remover casebres constru\u00eddos irregularmente.\" \/>\n<meta property=\"og:url\" content=\"https:\/\/www.manaus.am.gov.br\/semulsp\/acoes-de-limpeza-2\/\" \/>\n<meta property=\"og:site_name\" content=\"SEMULSP\" \/>\n<meta property=\"article:publisher\" content=\"https:\/\/www.facebook.com\/semulspmanaus\" \/>\n<meta property=\"article:published_time\" content=\"2025-08-09T16:10:44+00:00\" \/>\n<meta property=\"article:modified_time\" content=\"2025-08-09T16:10:46+00:00\" \/>\n<meta property=\"og:image\" content=\"https:\/\/www.manaus.am.gov.br\/semulsp\/wp-content\/uploads\/sites\/23\/2025\/08\/WhatsApp-Image-2025-08-09-at-09.18.23-12.jpeg\" \/>\n\t<meta property=\"og:image:width\" content=\"1280\" \/>\n\t<meta property=\"og:image:height\" content=\"960\" \/>\n\t<meta property=\"og:image:type\" content=\"image\/jpeg\" \/>\n<meta name=\"author\" content=\"bvalente\" \/>\n<meta name=\"twitter:card\" content=\"summary_large_image\" \/>\n<meta name=\"twitter:label1\" content=\"Written by\" \/>\n\t<meta name=\"twitter:data1\" content=\"bvalente\" \/>\n\t<meta name=\"twitter:label2\" content=\"Est. reading time\" \/>\n\t<meta name=\"twitter:data2\" content=\"2 minutos\" \/>\n<script type=\"application\/ld+json\" class=\"yoast-schema-graph\">{\"@context\":\"https:\/\/schema.org\",\"@graph\":[{\"@type\":\"Article\",\"@id\":\"https:\/\/www.manaus.am.gov.br\/semulsp\/acoes-de-limpeza-2\/#article\",\"isPartOf\":{\"@id\":\"https:\/\/www.manaus.am.gov.br\/semulsp\/acoes-de-limpeza-2\/\"},\"author\":{\"name\":\"bvalente\",\"@id\":\"https:\/\/www.manaus.am.gov.br\/semulsp\/#\/schema\/person\/466a0e03ae4b6062809046bd560ac955\"},\"headline\":\"\u2018Mutir\u00e3o no Bairro\u2019 no Centro recolhe mais de 520 toneladas de lixo e refor\u00e7a limpeza urbana na primeira semana\",\"datePublished\":\"2025-08-09T16:10:44+00:00\",\"dateModified\":\"2025-08-09T16:10:46+00:00\",\"mainEntityOfPage\":{\"@id\":\"https:\/\/www.manaus.am.gov.br\/semulsp\/acoes-de-limpeza-2\/\"},\"wordCount\":316,\"publisher\":{\"@id\":\"https:\/\/www.manaus.am.gov.br\/semulsp\/#organization\"},\"image\":{\"@id\":\"https:\/\/www.manaus.am.gov.br\/semulsp\/acoes-de-limpeza-2\/#primaryimage\"},\"thumbnailUrl\":\"https:\/\/www.manaus.am.gov.br\/semulsp\/wp-content\/uploads\/sites\/23\/2025\/08\/WhatsApp-Image-2025-08-09-at-09.18.23-12.jpeg\",\"keywords\":[\"\u2018Mutir\u00e3o no Bairro\u2019 no Centro recolhe mais de 520 toneladas de lixo e refor\u00e7a limpeza urbana na primeira semana\",\"prefeitura de manaus\"],\"articleSection\":[\"Opera\u00e7\u00e3o\"],\"inLanguage\":\"pt-BR\"},{\"@type\":\"WebPage\",\"@id\":\"https:\/\/www.manaus.am.gov.br\/semulsp\/acoes-de-limpeza-2\/\",\"url\":\"https:\/\/www.manaus.am.gov.br\/semulsp\/acoes-de-limpeza-2\/\",\"name\":\"\u2018Mutir\u00e3o no Bairro\u2019 no Centro recolhe mais de 520 toneladas de lixo e refor\u00e7a limpeza urbana na primeira semana\",\"isPartOf\":{\"@id\":\"https:\/\/www.manaus.am.gov.br\/semulsp\/#website\"},\"primaryImageOfPage\":{\"@id\":\"https:\/\/www.manaus.am.gov.br\/semulsp\/acoes-de-limpeza-2\/#primaryimage\"},\"image\":{\"@id\":\"https:\/\/www.manaus.am.gov.br\/semulsp\/acoes-de-limpeza-2\/#primaryimage\"},\"thumbnailUrl\":\"https:\/\/www.manaus.am.gov.br\/semulsp\/wp-content\/uploads\/sites\/23\/2025\/08\/WhatsApp-Image-2025-08-09-at-09.18.23-12.jpeg\",\"datePublished\":\"2025-08-09T16:10:44+00:00\",\"dateModified\":\"2025-08-09T16:10:46+00:00\",\"description\":\"A primeira semana do \u201cMutir\u00e3o no Bairro\u201d da Prefeitura de Manaus, no centro da cidade, encerrou com um balan\u00e7o expressivo. A Secretaria Municipal de Limpeza Urbana (Semulsp), mobilizou, diariamente, cerca de 120 servidores para executar servi\u00e7os de varri\u00e7\u00e3o, capina\u00e7\u00e3o, poda e desarticula\u00e7\u00e3o de \u201clixeiras viciadas\u201d na pra\u00e7a dos Rem\u00e9dios e na Boca da On\u00e7a, al\u00e9m de remover casebres constru\u00eddos irregularmente.\",\"breadcrumb\":{\"@id\":\"https:\/\/www.manaus.am.gov.br\/semulsp\/acoes-de-limpeza-2\/#breadcrumb\"},\"inLanguage\":\"pt-BR\",\"potentialAction\":[{\"@type\":\"ReadAction\",\"target\":[\"https:\/\/www.manaus.am.gov.br\/semulsp\/acoes-de-limpeza-2\/\"]}]},{\"@type\":\"ImageObject\",\"inLanguage\":\"pt-BR\",\"@id\":\"https:\/\/www.manaus.am.gov.br\/semulsp\/acoes-de-limpeza-2\/#primaryimage\",\"url\":\"https:\/\/www.manaus.am.gov.br\/semulsp\/wp-content\/uploads\/sites\/23\/2025\/08\/WhatsApp-Image-2025-08-09-at-09.18.23-12.jpeg\",\"contentUrl\":\"https:\/\/www.manaus.am.gov.br\/semulsp\/wp-content\/uploads\/sites\/23\/2025\/08\/WhatsApp-Image-2025-08-09-at-09.18.23-12.jpeg\",\"width\":1280,\"height\":960},{\"@type\":\"BreadcrumbList\",\"@id\":\"https:\/\/www.manaus.am.gov.br\/semulsp\/acoes-de-limpeza-2\/#breadcrumb\",\"itemListElement\":[{\"@type\":\"ListItem\",\"position\":1,\"name\":\"Home\",\"item\":\"https:\/\/www.manaus.am.gov.br\/semulsp\/\"},{\"@type\":\"ListItem\",\"position\":2,\"name\":\"\u2018Mutir\u00e3o no Bairro\u2019 no Centro recolhe mais de 520 toneladas de lixo e refor\u00e7a limpeza urbana na primeira semana\"}]},{\"@type\":\"WebSite\",\"@id\":\"https:\/\/www.manaus.am.gov.br\/semulsp\/#website\",\"url\":\"https:\/\/www.manaus.am.gov.br\/semulsp\/\",\"name\":\"SEMULSP\",\"description\":\"Prefeitura de Manaus\",\"publisher\":{\"@id\":\"https:\/\/www.manaus.am.gov.br\/semulsp\/#organization\"},\"alternateName\":\"Secretaria Municipal de Limpeza P\u00fablica\",\"potentialAction\":[{\"@type\":\"SearchAction\",\"target\":{\"@type\":\"EntryPoint\",\"urlTemplate\":\"https:\/\/www.manaus.am.gov.br\/semulsp\/?s={search_term_string}\"},\"query-input\":\"required name=search_term_string\"}],\"inLanguage\":\"pt-BR\"},{\"@type\":\"Organization\",\"@id\":\"https:\/\/www.manaus.am.gov.br\/semulsp\/#organization\",\"name\":\"SEMULSP\",\"alternateName\":\"Secretaria Municipal de Limpeza P\u00fablica\",\"url\":\"https:\/\/www.manaus.am.gov.br\/semulsp\/\",\"logo\":{\"@type\":\"ImageObject\",\"inLanguage\":\"pt-BR\",\"@id\":\"https:\/\/www.manaus.am.gov.br\/semulsp\/#\/schema\/logo\/image\/\",\"url\":\"https:\/\/www.manaus.am.gov.br\/semulsp\/wp-content\/uploads\/sites\/23\/2023\/05\/cropped-favicon.png\",\"contentUrl\":\"https:\/\/www.manaus.am.gov.br\/semulsp\/wp-content\/uploads\/sites\/23\/2023\/05\/cropped-favicon.png\",\"width\":512,\"height\":512,\"caption\":\"SEMULSP\"},\"image\":{\"@id\":\"https:\/\/www.manaus.am.gov.br\/semulsp\/#\/schema\/logo\/image\/\"},\"sameAs\":[\"https:\/\/www.facebook.com\/semulspmanaus\",\"https:\/\/www.instagram.com\/semulspmanaus\/\"]},{\"@type\":\"Person\",\"@id\":\"https:\/\/www.manaus.am.gov.br\/semulsp\/#\/schema\/person\/466a0e03ae4b6062809046bd560ac955\",\"name\":\"bvalente\",\"image\":{\"@type\":\"ImageObject\",\"inLanguage\":\"pt-BR\",\"@id\":\"https:\/\/www.manaus.am.gov.br\/semulsp\/#\/schema\/person\/image\/\",\"url\":\"https:\/\/secure.gravatar.com\/avatar\/3e69bc2b014bdad41adfec3a39de07d2?s=96&d=mm&r=g\",\"contentUrl\":\"https:\/\/secure.gravatar.com\/avatar\/3e69bc2b014bdad41adfec3a39de07d2?s=96&d=mm&r=g\",\"caption\":\"bvalente\"}}]}<\/script>\n<!-- \/ Yoast SEO plugin. -->","yoast_head_json":{"title":"\u2018Mutir\u00e3o no Bairro\u2019 no Centro recolhe mais de 520 toneladas de lixo e refor\u00e7a limpeza urbana na primeira semana","description":"A primeira semana do \u201cMutir\u00e3o no Bairro\u201d da Prefeitura de Manaus, no centro da cidade, encerrou com um balan\u00e7o expressivo. A Secretaria Municipal de Limpeza Urbana (Semulsp), mobilizou, diariamente, cerca de 120 servidores para executar servi\u00e7os de varri\u00e7\u00e3o, capina\u00e7\u00e3o, poda e desarticula\u00e7\u00e3o de \u201clixeiras viciadas\u201d na pra\u00e7a dos Rem\u00e9dios e na Boca da On\u00e7a, al\u00e9m de remover casebres constru\u00eddos irregularmente.","robots":{"index":"noindex","follow":"follow"},"og_locale":"pt_BR","og_type":"article","og_title":"\u2018Mutir\u00e3o no Bairro\u2019 no Centro recolhe mais de 520 toneladas de lixo e refor\u00e7a limpeza urbana na primeira semana","og_description":"A primeira semana do \u201cMutir\u00e3o no Bairro\u201d da Prefeitura de Manaus, no centro da cidade, encerrou com um balan\u00e7o expressivo. A Secretaria Municipal de Limpeza Urbana (Semulsp), mobilizou, diariamente, cerca de 120 servidores para executar servi\u00e7os de varri\u00e7\u00e3o, capina\u00e7\u00e3o, poda e desarticula\u00e7\u00e3o de \u201clixeiras viciadas\u201d na pra\u00e7a dos Rem\u00e9dios e na Boca da On\u00e7a, al\u00e9m de remover casebres constru\u00eddos irregularmente.","og_url":"https:\/\/www.manaus.am.gov.br\/semulsp\/acoes-de-limpeza-2\/","og_site_name":"SEMULSP","article_publisher":"https:\/\/www.facebook.com\/semulspmanaus","article_published_time":"2025-08-09T16:10:44+00:00","article_modified_time":"2025-08-09T16:10:46+00:00","og_image":[{"width":1280,"height":960,"url":"https:\/\/www.manaus.am.gov.br\/semulsp\/wp-content\/uploads\/sites\/23\/2025\/08\/WhatsApp-Image-2025-08-09-at-09.18.23-12.jpeg","type":"image\/jpeg"}],"author":"bvalente","twitter_card":"summary_large_image","twitter_misc":{"Written by":"bvalente","Est. reading time":"2 minutos"},"schema":{"@context":"https:\/\/schema.org","@graph":[{"@type":"Article","@id":"https:\/\/www.manaus.am.gov.br\/semulsp\/acoes-de-limpeza-2\/#article","isPartOf":{"@id":"https:\/\/www.manaus.am.gov.br\/semulsp\/acoes-de-limpeza-2\/"},"author":{"name":"bvalente","@id":"https:\/\/www.manaus.am.gov.br\/semulsp\/#\/schema\/person\/466a0e03ae4b6062809046bd560ac955"},"headline":"\u2018Mutir\u00e3o no Bairro\u2019 no Centro recolhe mais de 520 toneladas de lixo e refor\u00e7a limpeza urbana na primeira semana","datePublished":"2025-08-09T16:10:44+00:00","dateModified":"2025-08-09T16:10:46+00:00","mainEntityOfPage":{"@id":"https:\/\/www.manaus.am.gov.br\/semulsp\/acoes-de-limpeza-2\/"},"wordCount":316,"publisher":{"@id":"https:\/\/www.manaus.am.gov.br\/semulsp\/#organization"},"image":{"@id":"https:\/\/www.manaus.am.gov.br\/semulsp\/acoes-de-limpeza-2\/#primaryimage"},"thumbnailUrl":"https:\/\/www.manaus.am.gov.br\/semulsp\/wp-content\/uploads\/sites\/23\/2025\/08\/WhatsApp-Image-2025-08-09-at-09.18.23-12.jpeg","keywords":["\u2018Mutir\u00e3o no Bairro\u2019 no Centro recolhe mais de 520 toneladas de lixo e refor\u00e7a limpeza urbana na primeira semana","prefeitura de manaus"],"articleSection":["Opera\u00e7\u00e3o"],"inLanguage":"pt-BR"},{"@type":"WebPage","@id":"https:\/\/www.manaus.am.gov.br\/semulsp\/acoes-de-limpeza-2\/","url":"https:\/\/www.manaus.am.gov.br\/semulsp\/acoes-de-limpeza-2\/","name":"\u2018Mutir\u00e3o no Bairro\u2019 no Centro recolhe mais de 520 toneladas de lixo e refor\u00e7a limpeza urbana na primeira semana","isPartOf":{"@id":"https:\/\/www.manaus.am.gov.br\/semulsp\/#website"},"primaryImageOfPage":{"@id":"https:\/\/www.manaus.am.gov.br\/semulsp\/acoes-de-limpeza-2\/#primaryimage"},"image":{"@id":"https:\/\/www.manaus.am.gov.br\/semulsp\/acoes-de-limpeza-2\/#primaryimage"},"thumbnailUrl":"https:\/\/www.manaus.am.gov.br\/semulsp\/wp-content\/uploads\/sites\/23\/2025\/08\/WhatsApp-Image-2025-08-09-at-09.18.23-12.jpeg","datePublished":"2025-08-09T16:10:44+00:00","dateModified":"2025-08-09T16:10:46+00:00","description":"A primeira semana do \u201cMutir\u00e3o no Bairro\u201d da Prefeitura de Manaus, no centro da cidade, encerrou com um balan\u00e7o expressivo. A Secretaria Municipal de Limpeza Urbana (Semulsp), mobilizou, diariamente, cerca de 120 servidores para executar servi\u00e7os de varri\u00e7\u00e3o, capina\u00e7\u00e3o, poda e desarticula\u00e7\u00e3o de \u201clixeiras viciadas\u201d na pra\u00e7a dos Rem\u00e9dios e na Boca da On\u00e7a, al\u00e9m de remover casebres constru\u00eddos irregularmente.","breadcrumb":{"@id":"https:\/\/www.manaus.am.gov.br\/semulsp\/acoes-de-limpeza-2\/#breadcrumb"},"inLanguage":"pt-BR","potentialAction":[{"@type":"ReadAction","target":["https:\/\/www.manaus.am.gov.br\/semulsp\/acoes-de-limpeza-2\/"]}]},{"@type":"ImageObject","inLanguage":"pt-BR","@id":"https:\/\/www.manaus.am.gov.br\/semulsp\/acoes-de-limpeza-2\/#primaryimage","url":"https:\/\/www.manaus.am.gov.br\/semulsp\/wp-content\/uploads\/sites\/23\/2025\/08\/WhatsApp-Image-2025-08-09-at-09.18.23-12.jpeg","contentUrl":"https:\/\/www.manaus.am.gov.br\/semulsp\/wp-content\/uploads\/sites\/23\/2025\/08\/WhatsApp-Image-2025-08-09-at-09.18.23-12.jpeg","width":1280,"height":960},{"@type":"BreadcrumbList","@id":"https:\/\/www.manaus.am.gov.br\/semulsp\/acoes-de-limpeza-2\/#breadcrumb","itemListElement":[{"@type":"ListItem","position":1,"name":"Home","item":"https:\/\/www.manaus.am.gov.br\/semulsp\/"},{"@type":"ListItem","position":2,"name":"\u2018Mutir\u00e3o no Bairro\u2019 no Centro recolhe mais de 520 toneladas de lixo e refor\u00e7a limpeza urbana na primeira semana"}]},{"@type":"WebSite","@id":"https:\/\/www.manaus.am.gov.br\/semulsp\/#website","url":"https:\/\/www.manaus.am.gov.br\/semulsp\/","name":"SEMULSP","description":"Prefeitura de Manaus","publisher":{"@id":"https:\/\/www.manaus.am.gov.br\/semulsp\/#organization"},"alternateName":"Secretaria Municipal de Limpeza P\u00fablica","potentialAction":[{"@type":"SearchAction","target":{"@type":"EntryPoint","urlTemplate":"https:\/\/www.manaus.am.gov.br\/semulsp\/?s={search_term_string}"},"query-input":"required name=search_term_string"}],"inLanguage":"pt-BR"},{"@type":"Organization","@id":"https:\/\/www.manaus.am.gov.br\/semulsp\/#organization","name":"SEMULSP","alternateName":"Secretaria Municipal de Limpeza P\u00fablica","url":"https:\/\/www.manaus.am.gov.br\/semulsp\/","logo":{"@type":"ImageObject","inLanguage":"pt-BR","@id":"https:\/\/www.manaus.am.gov.br\/semulsp\/#\/schema\/logo\/image\/","url":"https:\/\/www.manaus.am.gov.br\/semulsp\/wp-content\/uploads\/sites\/23\/2023\/05\/cropped-favicon.png","contentUrl":"https:\/\/www.manaus.am.gov.br\/semulsp\/wp-content\/uploads\/sites\/23\/2023\/05\/cropped-favicon.png","width":512,"height":512,"caption":"SEMULSP"},"image":{"@id":"https:\/\/www.manaus.am.gov.br\/semulsp\/#\/schema\/logo\/image\/"},"sameAs":["https:\/\/www.facebook.com\/semulspmanaus","https:\/\/www.instagram.com\/semulspmanaus\/"]},{"@type":"Person","@id":"https:\/\/www.manaus.am.gov.br\/semulsp\/#\/schema\/person\/466a0e03ae4b6062809046bd560ac955","name":"bvalente","image":{"@type":"ImageObject","inLanguage":"pt-BR","@id":"https:\/\/www.manaus.am.gov.br\/semulsp\/#\/schema\/person\/image\/","url":"https:\/\/secure.gravatar.com\/avatar\/3e69bc2b014bdad41adfec3a39de07d2?s=96&d=mm&r=g","contentUrl":"https:\/\/secure.gravatar.com\/avatar\/3e69bc2b014bdad41adfec3a39de07d2?s=96&d=mm&r=g","caption":"bvalente"}}]}},"_links":{"self":[{"href":"https:\/\/www.manaus.am.gov.br\/semulsp\/wp-json\/wp\/v2\/posts\/2309"}],"collection":[{"href":"https:\/\/www.manaus.am.gov.br\/semulsp\/wp-json\/wp\/v2\/posts"}],"about":[{"href":"https:\/\/www.manaus.am.gov.br\/semulsp\/wp-json\/wp\/v2\/types\/post"}],"author":[{"embeddable":true,"href":"https:\/\/www.manaus.am.gov.br\/semulsp\/wp-json\/wp\/v2\/users\/68"}],"replies":[{"embeddable":true,"href":"https:\/\/www.manaus.am.gov.br\/semulsp\/wp-json\/wp\/v2\/comments?post=2309"}],"version-history":[{"count":0,"href":"https:\/\/www.manaus.am.gov.br\/semulsp\/wp-json\/wp\/v2\/posts\/2309\/revisions"}],"wp:featuredmedia":[{"embeddable":true,"href":"https:\/\/www.manaus.am.gov.br\/semulsp\/wp-json\/wp\/v2\/media\/2310"}],"wp:attachment":[{"href":"https:\/\/www.manaus.am.gov.br\/semulsp\/wp-json\/wp\/v2\/media?parent=2309"}],"wp:term":[{"taxonomy":"category","embeddable":true,"href":"https:\/\/www.manaus.am.gov.br\/semulsp\/wp-json\/wp\/v2\/categories?post=2309"},{"taxonomy":"post_tag","embeddable":true,"href":"https:\/\/www.manaus.am.gov.br\/semulsp\/wp-json\/wp\/v2\/tags?post=2309"}],"curies":[{"name":"wp","href":"https:\/\/api.w.org\/{rel}","templated":true}]}}