{"id":2223,"date":"2025-07-13T11:40:22","date_gmt":"2025-07-13T15:40:22","guid":{"rendered":"https:\/\/www.manaus.am.gov.br\/semulsp\/lagoa-da-compensa-um-mes-funcionamento\/"},"modified":"2025-07-13T11:40:22","modified_gmt":"2025-07-13T15:40:22","slug":"lagoa-da-compensa-um-mes-funcionamento","status":"publish","type":"post","link":"https:\/\/www.manaus.am.gov.br\/semulsp\/lagoa-da-compensa-um-mes-funcionamento\/","title":{"rendered":"Com um m\u00eas de funcionamento, lagoa da Compensa atrai milhares de visitantes e se consolida como novo ponto de lazer de Manaus"},"content":{"rendered":"\n<p>Desde sua inaugura\u00e7\u00e3o, h\u00e1 apenas um m\u00eas, a revitalizada lagoa da Compensa j\u00e1 se consolidou como um dos espa\u00e7os p\u00fablicos mais visitados de Manaus. O complexo, localizado na zona Oeste da cidade, recebeu 120.876 pessoas nesse primeiro m\u00eas de funcionamento. A m\u00e9dia \u00e9 de mil visitantes por dia, com picos de at\u00e9 4 mil pessoas aos finais de semana.<\/p>\n\n\n\n<p>Mais do que um parque urbano, a lagoa da Compensa se tornou s\u00edmbolo de requalifica\u00e7\u00e3o urbana, conviv\u00eancia comunit\u00e1ria e gera\u00e7\u00e3o de renda. O espa\u00e7o oferece atrativos para todas as idades, com estrutura planejada e mantida diariamente pela Prefeitura de Manaus, por meio da Secretaria Municipal de Limpeza Urbana (Semulsp).<\/p>\n\n\n\n<p>O secret\u00e1rio da Semulsp, Sab\u00e1 Reis, celebra o sucesso do projeto e destaca o apoio da gest\u00e3o municipal. \u201cTudo isso s\u00f3 foi poss\u00edvel porque temos um prefeito como David Almeida, que acredita na recupera\u00e7\u00e3o dos nossos espa\u00e7os e no poder transformador da inclus\u00e3o. A lagoa da Compensa \u00e9 o exemplo de que \u00e9 poss\u00edvel unir lazer, renda e dignidade para a nossa gente\u201d, enfatizou.<\/p>\n\n\n\n<p>Al\u00e9m da \u00e1rea revitalizada da lagoa, o complexo conta com: duas pra\u00e7as de alimenta\u00e7\u00e3o, que re\u00fanem pequenos empreendedores com uma variedade de comidas regionais e lanches r\u00e1pidos; food trucks e carrinhos tradicionais de pipoca, algod\u00e3o doce, churros e outras guloseimas, que fazem a alegria das crian\u00e7as e de quem ama aquele sabor de inf\u00e2ncia; quadra de esportes, que recebe partidas comunit\u00e1rias e atividades f\u00edsicas; pista de caminhada, ideal para quem deseja manter h\u00e1bitos saud\u00e1veis ao ar livre; espa\u00e7o pet, que garante divers\u00e3o e seguran\u00e7a para os animais de estima\u00e7\u00e3o dos visitantes; e uma atra\u00e7\u00e3o especial para as crian\u00e7as e fam\u00edlias: os patos, gansos e marrecos que habitam na lagoa e encantam quem passa pelo local.<\/p>\n\n\n\n<p>\u201cTemos trabalhado com muita responsabilidade para que cada visitante se sinta acolhido na lagoa da Compensa. Aqui, cada detalhe \u00e9 pensado para unir lazer e cuidado com o espa\u00e7o p\u00fablico\u201d, afirma o gestor da lagoa, Joseney Costa Caldas.<\/p>\n\n\n\n<figure class=\"wp-block-image size-large\"><img loading=\"lazy\" decoding=\"async\" width=\"1024\" height=\"576\" src=\"https:\/\/www.manaus.am.gov.br\/semulsp\/wp-content\/uploads\/sites\/23\/2025\/07\/Lagoa-da-Compensa-3-1024x576.jpeg\" alt=\"\" class=\"wp-image-2226\" srcset=\"https:\/\/www.manaus.am.gov.br\/semulsp\/wp-content\/uploads\/sites\/23\/2025\/07\/Lagoa-da-Compensa-3-1024x576.jpeg 1024w, https:\/\/www.manaus.am.gov.br\/semulsp\/wp-content\/uploads\/sites\/23\/2025\/07\/Lagoa-da-Compensa-3-300x169.jpeg 300w, https:\/\/www.manaus.am.gov.br\/semulsp\/wp-content\/uploads\/sites\/23\/2025\/07\/Lagoa-da-Compensa-3-768x432.jpeg 768w, https:\/\/www.manaus.am.gov.br\/semulsp\/wp-content\/uploads\/sites\/23\/2025\/07\/Lagoa-da-Compensa-3-1536x864.jpeg 1536w, https:\/\/www.manaus.am.gov.br\/semulsp\/wp-content\/uploads\/sites\/23\/2025\/07\/Lagoa-da-Compensa-3.jpeg 1600w\" sizes=\"(max-width: 1024px) 100vw, 1024px\" \/><\/figure>\n\n\n\n<p><strong>Atrativos<\/strong><\/p>\n\n\n\n<p>Funcionando em hor\u00e1rio especial, de quarta-feira a domingo, das 16h \u00e0s 21h, a pra\u00e7a molhada, os pedalinhos e a fazendinha s\u00e3o os tr\u00eas atrativos mais queridos do p\u00fablico. O hor\u00e1rio foi definido por quest\u00f5es de manuten\u00e7\u00e3o, bem-estar e seguran\u00e7a.<\/p>\n\n\n\n<p>A pra\u00e7a molhada precisa de tratamento regular da \u00e1gua para garantir higiene e seguran\u00e7a \u00e0s crian\u00e7as; os pedalinhos passam por manuten\u00e7\u00e3o constante, e a \u00e1gua da lagoa tamb\u00e9m recebe cuidados espec\u00edficos; e os animais da fazendinha seguem uma rotina de alimenta\u00e7\u00e3o, descanso e acompanhamento veterin\u00e1rio, que assegura sua sa\u00fade e conforto.<\/p>\n\n\n\n<p>Outro diferencial da lagoa da Compensa \u00e9 a academia ao ar livre, equipada com aparelhos modernos voltados \u00e0 pr\u00e1tica de exerc\u00edcios f\u00edsicos para todas as idades. O espa\u00e7o \u00e9 bastante utilizado por moradores da regi\u00e3o, especialmente nas primeiras horas da manh\u00e3 e no in\u00edcio da noite. A estrutura favorece um estilo de vida saud\u00e1vel e gratuito, incentivando o autocuidado e a pr\u00e1tica regular de atividade f\u00edsica.<\/p>\n\n\n\n<p>Mais do que um espa\u00e7o para se exercitar, a academia se integra ao conceito de programa em fam\u00edlia, enquanto pais e m\u00e3es se dedicam \u00e0 sa\u00fade e ao movimento, os filhos podem brincar na pra\u00e7a molhada, visitar a fazendinha ou simplesmente correr livremente pelas \u00e1reas verdes do parque. Assim, a lagoa se firma como um local onde o lazer, o bem-estar e o v\u00ednculo familiar caminham juntos.<\/p>\n\n\n\n<figure class=\"wp-block-image size-large\"><img loading=\"lazy\" decoding=\"async\" width=\"1024\" height=\"771\" src=\"https:\/\/www.manaus.am.gov.br\/semulsp\/wp-content\/uploads\/sites\/23\/2025\/07\/Lagoa-da-Compensa-2-1024x771.jpeg\" alt=\"\" class=\"wp-image-2225\" srcset=\"https:\/\/www.manaus.am.gov.br\/semulsp\/wp-content\/uploads\/sites\/23\/2025\/07\/Lagoa-da-Compensa-2-1024x771.jpeg 1024w, https:\/\/www.manaus.am.gov.br\/semulsp\/wp-content\/uploads\/sites\/23\/2025\/07\/Lagoa-da-Compensa-2-300x226.jpeg 300w, https:\/\/www.manaus.am.gov.br\/semulsp\/wp-content\/uploads\/sites\/23\/2025\/07\/Lagoa-da-Compensa-2-768x578.jpeg 768w, https:\/\/www.manaus.am.gov.br\/semulsp\/wp-content\/uploads\/sites\/23\/2025\/07\/Lagoa-da-Compensa-2-1536x1156.jpeg 1536w, https:\/\/www.manaus.am.gov.br\/semulsp\/wp-content\/uploads\/sites\/23\/2025\/07\/Lagoa-da-Compensa-2.jpeg 1600w\" sizes=\"(max-width: 1024px) 100vw, 1024px\" \/><\/figure>\n\n\n\n<p><strong>Modelo sustent\u00e1vel e inclusivo<\/strong><\/p>\n\n\n\n<p>A estrutura dos banheiros p\u00fablicos \u00e9 administrada por microempreendedoras individuais, por meio de concess\u00e3o. A pequena cobran\u00e7a proporciona limpeza constante dos espa\u00e7os e gera renda para as gestoras. J\u00e1 a op\u00e7\u00e3o de n\u00e3o instalar bebedouros \u00e9 uma decis\u00e3o voltada \u00e0 sustentabilidade ambiental, estimulando o uso de garrafas reutiliz\u00e1veis e tamb\u00e9m valorizando o pequeno com\u00e9rcio local, que oferece \u00e1gua e bebidas acess\u00edveis aos visitantes.<\/p>\n\n\n\n<p><strong>Economia criativa<\/strong><\/p>\n\n\n\n<p>A revitaliza\u00e7\u00e3o da lagoa tamb\u00e9m mudou a vida de quem trabalha no novo espa\u00e7o. A artes\u00e3o de mi\u00e7angas, Dora Alves, de 78 anos, resume bem o impacto dessa transforma\u00e7\u00e3o. \u201cEu estava \u00e0 beira da depress\u00e3o, sem motiva\u00e7\u00e3o. Hoje, trabalho s\u00f3 aos s\u00e1bados e domingos e consigo tirar meu sustento com dignidade. Al\u00e9m do dinheiro, me sinto viva de novo\u201d, relatou.<\/p>\n\n\n\n<p>Cristiane Mendon\u00e7a, que vende panos de prato, puxa-sacos,&nbsp;<em>sousplats<\/em>&nbsp;e artigos para casa, disse que o local se tornou sua vitrine. \u201cTodo fim de semana tem movimento, gente nova, oportunidade de vender e mostrar meu trabalho\u201d, contou.<\/p>\n\n\n\n<p>As irm\u00e3s Tatiana e Andreia Maia tamb\u00e9m comemoram os frutos do empreendedorismo. \u201cA gente vende brinquedos infl\u00e1veis. Tem dia que o movimento \u00e9 t\u00e3o bom que a gente fecha o dia com tudo alugado. \u00c9 gratificante\u201d, finalizaram.<\/p>\n\n\n\n<figure class=\"wp-block-image size-large\"><img loading=\"lazy\" decoding=\"async\" width=\"1024\" height=\"771\" src=\"https:\/\/www.manaus.am.gov.br\/semulsp\/wp-content\/uploads\/sites\/23\/2025\/07\/Lagoa-da-Compensa-4-1024x771.jpeg\" alt=\"\" class=\"wp-image-2224\" srcset=\"https:\/\/www.manaus.am.gov.br\/semulsp\/wp-content\/uploads\/sites\/23\/2025\/07\/Lagoa-da-Compensa-4-1024x771.jpeg 1024w, https:\/\/www.manaus.am.gov.br\/semulsp\/wp-content\/uploads\/sites\/23\/2025\/07\/Lagoa-da-Compensa-4-300x226.jpeg 300w, https:\/\/www.manaus.am.gov.br\/semulsp\/wp-content\/uploads\/sites\/23\/2025\/07\/Lagoa-da-Compensa-4-768x578.jpeg 768w, https:\/\/www.manaus.am.gov.br\/semulsp\/wp-content\/uploads\/sites\/23\/2025\/07\/Lagoa-da-Compensa-4-1536x1156.jpeg 1536w, https:\/\/www.manaus.am.gov.br\/semulsp\/wp-content\/uploads\/sites\/23\/2025\/07\/Lagoa-da-Compensa-4.jpeg 1600w\" sizes=\"(max-width: 1024px) 100vw, 1024px\" \/><\/figure>\n\n\n\n<p>&#8212; &#8212; &#8212;<\/p>\n\n\n\n<p><strong>Texto &#8211;<\/strong>\u00a0Dora Tupinamb\u00e1\/Semulsp<\/p>\n\n\n\n<p><strong>Fotos \u2013<\/strong> Divulga\u00e7\u00e3o\/Semulsp e Semcom<\/p>\n","protected":false},"excerpt":{"rendered":"","protected":false},"author":39,"featured_media":2227,"comment_status":"closed","ping_status":"closed","sticky":false,"template":"","format":"standard","meta":{"footnotes":""},"categories":[642],"tags":[758,789,790,10,19,791],"acf":[],"yoast_head":"<!-- This site is optimized with the Yoast SEO plugin v23.0 - https:\/\/yoast.com\/wordpress\/plugins\/seo\/ -->\n<title>Lagoa da Compensa atrai milhares de visitantes<\/title>\n<meta name=\"description\" content=\"Com um m\u00eas de funcionamento, lagoa da Compensa atrai milhares de visitantes e se consolida como novo ponto de lazer de Manaus.\" \/>\n<meta name=\"robots\" content=\"noindex, follow\" \/>\n<meta property=\"og:locale\" content=\"pt_BR\" \/>\n<meta property=\"og:type\" content=\"article\" \/>\n<meta property=\"og:title\" content=\"Lagoa da Compensa atrai milhares de visitantes\" \/>\n<meta property=\"og:description\" content=\"Com um m\u00eas de funcionamento, lagoa da Compensa atrai milhares de visitantes e se consolida como novo ponto de lazer de Manaus.\" \/>\n<meta property=\"og:url\" content=\"https:\/\/www.manaus.am.gov.br\/semulsp\/lagoa-da-compensa-um-mes-funcionamento\/\" \/>\n<meta property=\"og:site_name\" content=\"SEMULSP\" \/>\n<meta property=\"article:publisher\" content=\"https:\/\/www.facebook.com\/semulspmanaus\" \/>\n<meta property=\"article:published_time\" content=\"2025-07-13T15:40:22+00:00\" \/>\n<meta property=\"og:image\" content=\"https:\/\/www.manaus.am.gov.br\/semulsp\/wp-content\/uploads\/sites\/23\/2025\/07\/Lagoa-da-Compensa-1.jpeg\" \/>\n\t<meta property=\"og:image:width\" content=\"1600\" \/>\n\t<meta property=\"og:image:height\" content=\"900\" \/>\n\t<meta property=\"og:image:type\" content=\"image\/jpeg\" \/>\n<meta name=\"author\" content=\"Bruna Greco\" \/>\n<meta name=\"twitter:card\" content=\"summary_large_image\" \/>\n<meta name=\"twitter:label1\" content=\"Written by\" \/>\n\t<meta name=\"twitter:data1\" content=\"Bruna Greco\" \/>\n\t<meta name=\"twitter:label2\" content=\"Est. reading time\" \/>\n\t<meta name=\"twitter:data2\" content=\"5 minutos\" \/>\n<script type=\"application\/ld+json\" class=\"yoast-schema-graph\">{\"@context\":\"https:\/\/schema.org\",\"@graph\":[{\"@type\":\"Article\",\"@id\":\"https:\/\/www.manaus.am.gov.br\/semulsp\/lagoa-da-compensa-um-mes-funcionamento\/#article\",\"isPartOf\":{\"@id\":\"https:\/\/www.manaus.am.gov.br\/semulsp\/lagoa-da-compensa-um-mes-funcionamento\/\"},\"author\":{\"name\":\"Bruna Greco\",\"@id\":\"https:\/\/www.manaus.am.gov.br\/semulsp\/#\/schema\/person\/05d223aea2bf115f9883a6ff3683d81b\"},\"headline\":\"Com um m\u00eas de funcionamento, lagoa da Compensa atrai milhares de visitantes e se consolida como novo ponto de lazer de Manaus\",\"datePublished\":\"2025-07-13T15:40:22+00:00\",\"dateModified\":\"2025-07-13T15:40:22+00:00\",\"mainEntityOfPage\":{\"@id\":\"https:\/\/www.manaus.am.gov.br\/semulsp\/lagoa-da-compensa-um-mes-funcionamento\/\"},\"wordCount\":874,\"publisher\":{\"@id\":\"https:\/\/www.manaus.am.gov.br\/semulsp\/#organization\"},\"image\":{\"@id\":\"https:\/\/www.manaus.am.gov.br\/semulsp\/lagoa-da-compensa-um-mes-funcionamento\/#primaryimage\"},\"thumbnailUrl\":\"https:\/\/www.manaus.am.gov.br\/semulsp\/wp-content\/uploads\/sites\/23\/2025\/07\/Lagoa-da-Compensa-1.jpeg\",\"keywords\":[\"lagoa da Compensa\",\"milhares de visitantes\",\"novo ponto de lazer\",\"prefeitura de manaus\",\"semulsp\",\"um m\u00eas de funcionamento\"],\"articleSection\":[\"Lazer\"],\"inLanguage\":\"pt-BR\"},{\"@type\":\"WebPage\",\"@id\":\"https:\/\/www.manaus.am.gov.br\/semulsp\/lagoa-da-compensa-um-mes-funcionamento\/\",\"url\":\"https:\/\/www.manaus.am.gov.br\/semulsp\/lagoa-da-compensa-um-mes-funcionamento\/\",\"name\":\"Lagoa da Compensa atrai milhares de visitantes\",\"isPartOf\":{\"@id\":\"https:\/\/www.manaus.am.gov.br\/semulsp\/#website\"},\"primaryImageOfPage\":{\"@id\":\"https:\/\/www.manaus.am.gov.br\/semulsp\/lagoa-da-compensa-um-mes-funcionamento\/#primaryimage\"},\"image\":{\"@id\":\"https:\/\/www.manaus.am.gov.br\/semulsp\/lagoa-da-compensa-um-mes-funcionamento\/#primaryimage\"},\"thumbnailUrl\":\"https:\/\/www.manaus.am.gov.br\/semulsp\/wp-content\/uploads\/sites\/23\/2025\/07\/Lagoa-da-Compensa-1.jpeg\",\"datePublished\":\"2025-07-13T15:40:22+00:00\",\"dateModified\":\"2025-07-13T15:40:22+00:00\",\"description\":\"Com um m\u00eas de funcionamento, lagoa da Compensa atrai milhares de visitantes e se consolida como novo ponto de lazer de Manaus.\",\"breadcrumb\":{\"@id\":\"https:\/\/www.manaus.am.gov.br\/semulsp\/lagoa-da-compensa-um-mes-funcionamento\/#breadcrumb\"},\"inLanguage\":\"pt-BR\",\"potentialAction\":[{\"@type\":\"ReadAction\",\"target\":[\"https:\/\/www.manaus.am.gov.br\/semulsp\/lagoa-da-compensa-um-mes-funcionamento\/\"]}]},{\"@type\":\"ImageObject\",\"inLanguage\":\"pt-BR\",\"@id\":\"https:\/\/www.manaus.am.gov.br\/semulsp\/lagoa-da-compensa-um-mes-funcionamento\/#primaryimage\",\"url\":\"https:\/\/www.manaus.am.gov.br\/semulsp\/wp-content\/uploads\/sites\/23\/2025\/07\/Lagoa-da-Compensa-1.jpeg\",\"contentUrl\":\"https:\/\/www.manaus.am.gov.br\/semulsp\/wp-content\/uploads\/sites\/23\/2025\/07\/Lagoa-da-Compensa-1.jpeg\",\"width\":1600,\"height\":900,\"caption\":\"#paratodosverem - Imagem a\u00e9rea da lagoa da Compensa\"},{\"@type\":\"BreadcrumbList\",\"@id\":\"https:\/\/www.manaus.am.gov.br\/semulsp\/lagoa-da-compensa-um-mes-funcionamento\/#breadcrumb\",\"itemListElement\":[{\"@type\":\"ListItem\",\"position\":1,\"name\":\"Home\",\"item\":\"https:\/\/www.manaus.am.gov.br\/semulsp\/\"},{\"@type\":\"ListItem\",\"position\":2,\"name\":\"Com um m\u00eas de funcionamento, lagoa da Compensa atrai milhares de visitantes e se consolida como novo ponto de lazer de Manaus\"}]},{\"@type\":\"WebSite\",\"@id\":\"https:\/\/www.manaus.am.gov.br\/semulsp\/#website\",\"url\":\"https:\/\/www.manaus.am.gov.br\/semulsp\/\",\"name\":\"SEMULSP\",\"description\":\"Prefeitura de Manaus\",\"publisher\":{\"@id\":\"https:\/\/www.manaus.am.gov.br\/semulsp\/#organization\"},\"alternateName\":\"Secretaria Municipal de Limpeza P\u00fablica\",\"potentialAction\":[{\"@type\":\"SearchAction\",\"target\":{\"@type\":\"EntryPoint\",\"urlTemplate\":\"https:\/\/www.manaus.am.gov.br\/semulsp\/?s={search_term_string}\"},\"query-input\":\"required name=search_term_string\"}],\"inLanguage\":\"pt-BR\"},{\"@type\":\"Organization\",\"@id\":\"https:\/\/www.manaus.am.gov.br\/semulsp\/#organization\",\"name\":\"SEMULSP\",\"alternateName\":\"Secretaria Municipal de Limpeza P\u00fablica\",\"url\":\"https:\/\/www.manaus.am.gov.br\/semulsp\/\",\"logo\":{\"@type\":\"ImageObject\",\"inLanguage\":\"pt-BR\",\"@id\":\"https:\/\/www.manaus.am.gov.br\/semulsp\/#\/schema\/logo\/image\/\",\"url\":\"https:\/\/www.manaus.am.gov.br\/semulsp\/wp-content\/uploads\/sites\/23\/2023\/05\/cropped-favicon.png\",\"contentUrl\":\"https:\/\/www.manaus.am.gov.br\/semulsp\/wp-content\/uploads\/sites\/23\/2023\/05\/cropped-favicon.png\",\"width\":512,\"height\":512,\"caption\":\"SEMULSP\"},\"image\":{\"@id\":\"https:\/\/www.manaus.am.gov.br\/semulsp\/#\/schema\/logo\/image\/\"},\"sameAs\":[\"https:\/\/www.facebook.com\/semulspmanaus\",\"https:\/\/www.instagram.com\/semulspmanaus\/\"]},{\"@type\":\"Person\",\"@id\":\"https:\/\/www.manaus.am.gov.br\/semulsp\/#\/schema\/person\/05d223aea2bf115f9883a6ff3683d81b\",\"name\":\"Bruna Greco\",\"image\":{\"@type\":\"ImageObject\",\"inLanguage\":\"pt-BR\",\"@id\":\"https:\/\/www.manaus.am.gov.br\/semulsp\/#\/schema\/person\/image\/\",\"url\":\"https:\/\/secure.gravatar.com\/avatar\/9c877d1a6adc2a055330e5c09a8653ce?s=96&d=mm&r=g\",\"contentUrl\":\"https:\/\/secure.gravatar.com\/avatar\/9c877d1a6adc2a055330e5c09a8653ce?s=96&d=mm&r=g\",\"caption\":\"Bruna Greco\"}}]}<\/script>\n<!-- \/ Yoast SEO plugin. -->","yoast_head_json":{"title":"Lagoa da Compensa atrai milhares de visitantes","description":"Com um m\u00eas de funcionamento, lagoa da Compensa atrai milhares de visitantes e se consolida como novo ponto de lazer de Manaus.","robots":{"index":"noindex","follow":"follow"},"og_locale":"pt_BR","og_type":"article","og_title":"Lagoa da Compensa atrai milhares de visitantes","og_description":"Com um m\u00eas de funcionamento, lagoa da Compensa atrai milhares de visitantes e se consolida como novo ponto de lazer de Manaus.","og_url":"https:\/\/www.manaus.am.gov.br\/semulsp\/lagoa-da-compensa-um-mes-funcionamento\/","og_site_name":"SEMULSP","article_publisher":"https:\/\/www.facebook.com\/semulspmanaus","article_published_time":"2025-07-13T15:40:22+00:00","og_image":[{"width":1600,"height":900,"url":"https:\/\/www.manaus.am.gov.br\/semulsp\/wp-content\/uploads\/sites\/23\/2025\/07\/Lagoa-da-Compensa-1.jpeg","type":"image\/jpeg"}],"author":"Bruna Greco","twitter_card":"summary_large_image","twitter_misc":{"Written by":"Bruna Greco","Est. reading time":"5 minutos"},"schema":{"@context":"https:\/\/schema.org","@graph":[{"@type":"Article","@id":"https:\/\/www.manaus.am.gov.br\/semulsp\/lagoa-da-compensa-um-mes-funcionamento\/#article","isPartOf":{"@id":"https:\/\/www.manaus.am.gov.br\/semulsp\/lagoa-da-compensa-um-mes-funcionamento\/"},"author":{"name":"Bruna Greco","@id":"https:\/\/www.manaus.am.gov.br\/semulsp\/#\/schema\/person\/05d223aea2bf115f9883a6ff3683d81b"},"headline":"Com um m\u00eas de funcionamento, lagoa da Compensa atrai milhares de visitantes e se consolida como novo ponto de lazer de Manaus","datePublished":"2025-07-13T15:40:22+00:00","dateModified":"2025-07-13T15:40:22+00:00","mainEntityOfPage":{"@id":"https:\/\/www.manaus.am.gov.br\/semulsp\/lagoa-da-compensa-um-mes-funcionamento\/"},"wordCount":874,"publisher":{"@id":"https:\/\/www.manaus.am.gov.br\/semulsp\/#organization"},"image":{"@id":"https:\/\/www.manaus.am.gov.br\/semulsp\/lagoa-da-compensa-um-mes-funcionamento\/#primaryimage"},"thumbnailUrl":"https:\/\/www.manaus.am.gov.br\/semulsp\/wp-content\/uploads\/sites\/23\/2025\/07\/Lagoa-da-Compensa-1.jpeg","keywords":["lagoa da Compensa","milhares de visitantes","novo ponto de lazer","prefeitura de manaus","semulsp","um m\u00eas de funcionamento"],"articleSection":["Lazer"],"inLanguage":"pt-BR"},{"@type":"WebPage","@id":"https:\/\/www.manaus.am.gov.br\/semulsp\/lagoa-da-compensa-um-mes-funcionamento\/","url":"https:\/\/www.manaus.am.gov.br\/semulsp\/lagoa-da-compensa-um-mes-funcionamento\/","name":"Lagoa da Compensa atrai milhares de visitantes","isPartOf":{"@id":"https:\/\/www.manaus.am.gov.br\/semulsp\/#website"},"primaryImageOfPage":{"@id":"https:\/\/www.manaus.am.gov.br\/semulsp\/lagoa-da-compensa-um-mes-funcionamento\/#primaryimage"},"image":{"@id":"https:\/\/www.manaus.am.gov.br\/semulsp\/lagoa-da-compensa-um-mes-funcionamento\/#primaryimage"},"thumbnailUrl":"https:\/\/www.manaus.am.gov.br\/semulsp\/wp-content\/uploads\/sites\/23\/2025\/07\/Lagoa-da-Compensa-1.jpeg","datePublished":"2025-07-13T15:40:22+00:00","dateModified":"2025-07-13T15:40:22+00:00","description":"Com um m\u00eas de funcionamento, lagoa da Compensa atrai milhares de visitantes e se consolida como novo ponto de lazer de Manaus.","breadcrumb":{"@id":"https:\/\/www.manaus.am.gov.br\/semulsp\/lagoa-da-compensa-um-mes-funcionamento\/#breadcrumb"},"inLanguage":"pt-BR","potentialAction":[{"@type":"ReadAction","target":["https:\/\/www.manaus.am.gov.br\/semulsp\/lagoa-da-compensa-um-mes-funcionamento\/"]}]},{"@type":"ImageObject","inLanguage":"pt-BR","@id":"https:\/\/www.manaus.am.gov.br\/semulsp\/lagoa-da-compensa-um-mes-funcionamento\/#primaryimage","url":"https:\/\/www.manaus.am.gov.br\/semulsp\/wp-content\/uploads\/sites\/23\/2025\/07\/Lagoa-da-Compensa-1.jpeg","contentUrl":"https:\/\/www.manaus.am.gov.br\/semulsp\/wp-content\/uploads\/sites\/23\/2025\/07\/Lagoa-da-Compensa-1.jpeg","width":1600,"height":900,"caption":"#paratodosverem - Imagem a\u00e9rea da lagoa da Compensa"},{"@type":"BreadcrumbList","@id":"https:\/\/www.manaus.am.gov.br\/semulsp\/lagoa-da-compensa-um-mes-funcionamento\/#breadcrumb","itemListElement":[{"@type":"ListItem","position":1,"name":"Home","item":"https:\/\/www.manaus.am.gov.br\/semulsp\/"},{"@type":"ListItem","position":2,"name":"Com um m\u00eas de funcionamento, lagoa da Compensa atrai milhares de visitantes e se consolida como novo ponto de lazer de Manaus"}]},{"@type":"WebSite","@id":"https:\/\/www.manaus.am.gov.br\/semulsp\/#website","url":"https:\/\/www.manaus.am.gov.br\/semulsp\/","name":"SEMULSP","description":"Prefeitura de Manaus","publisher":{"@id":"https:\/\/www.manaus.am.gov.br\/semulsp\/#organization"},"alternateName":"Secretaria Municipal de Limpeza P\u00fablica","potentialAction":[{"@type":"SearchAction","target":{"@type":"EntryPoint","urlTemplate":"https:\/\/www.manaus.am.gov.br\/semulsp\/?s={search_term_string}"},"query-input":"required name=search_term_string"}],"inLanguage":"pt-BR"},{"@type":"Organization","@id":"https:\/\/www.manaus.am.gov.br\/semulsp\/#organization","name":"SEMULSP","alternateName":"Secretaria Municipal de Limpeza P\u00fablica","url":"https:\/\/www.manaus.am.gov.br\/semulsp\/","logo":{"@type":"ImageObject","inLanguage":"pt-BR","@id":"https:\/\/www.manaus.am.gov.br\/semulsp\/#\/schema\/logo\/image\/","url":"https:\/\/www.manaus.am.gov.br\/semulsp\/wp-content\/uploads\/sites\/23\/2023\/05\/cropped-favicon.png","contentUrl":"https:\/\/www.manaus.am.gov.br\/semulsp\/wp-content\/uploads\/sites\/23\/2023\/05\/cropped-favicon.png","width":512,"height":512,"caption":"SEMULSP"},"image":{"@id":"https:\/\/www.manaus.am.gov.br\/semulsp\/#\/schema\/logo\/image\/"},"sameAs":["https:\/\/www.facebook.com\/semulspmanaus","https:\/\/www.instagram.com\/semulspmanaus\/"]},{"@type":"Person","@id":"https:\/\/www.manaus.am.gov.br\/semulsp\/#\/schema\/person\/05d223aea2bf115f9883a6ff3683d81b","name":"Bruna Greco","image":{"@type":"ImageObject","inLanguage":"pt-BR","@id":"https:\/\/www.manaus.am.gov.br\/semulsp\/#\/schema\/person\/image\/","url":"https:\/\/secure.gravatar.com\/avatar\/9c877d1a6adc2a055330e5c09a8653ce?s=96&d=mm&r=g","contentUrl":"https:\/\/secure.gravatar.com\/avatar\/9c877d1a6adc2a055330e5c09a8653ce?s=96&d=mm&r=g","caption":"Bruna Greco"}}]}},"_links":{"self":[{"href":"https:\/\/www.manaus.am.gov.br\/semulsp\/wp-json\/wp\/v2\/posts\/2223"}],"collection":[{"href":"https:\/\/www.manaus.am.gov.br\/semulsp\/wp-json\/wp\/v2\/posts"}],"about":[{"href":"https:\/\/www.manaus.am.gov.br\/semulsp\/wp-json\/wp\/v2\/types\/post"}],"author":[{"embeddable":true,"href":"https:\/\/www.manaus.am.gov.br\/semulsp\/wp-json\/wp\/v2\/users\/39"}],"replies":[{"embeddable":true,"href":"https:\/\/www.manaus.am.gov.br\/semulsp\/wp-json\/wp\/v2\/comments?post=2223"}],"version-history":[{"count":1,"href":"https:\/\/www.manaus.am.gov.br\/semulsp\/wp-json\/wp\/v2\/posts\/2223\/revisions"}],"predecessor-version":[{"id":2228,"href":"https:\/\/www.manaus.am.gov.br\/semulsp\/wp-json\/wp\/v2\/posts\/2223\/revisions\/2228"}],"wp:featuredmedia":[{"embeddable":true,"href":"https:\/\/www.manaus.am.gov.br\/semulsp\/wp-json\/wp\/v2\/media\/2227"}],"wp:attachment":[{"href":"https:\/\/www.manaus.am.gov.br\/semulsp\/wp-json\/wp\/v2\/media?parent=2223"}],"wp:term":[{"taxonomy":"category","embeddable":true,"href":"https:\/\/www.manaus.am.gov.br\/semulsp\/wp-json\/wp\/v2\/categories?post=2223"},{"taxonomy":"post_tag","embeddable":true,"href":"https:\/\/www.manaus.am.gov.br\/semulsp\/wp-json\/wp\/v2\/tags?post=2223"}],"curies":[{"name":"wp","href":"https:\/\/api.w.org\/{rel}","templated":true}]}}