{"id":2220,"date":"2025-07-10T23:05:12","date_gmt":"2025-07-11T03:05:12","guid":{"rendered":"https:\/\/www.manaus.am.gov.br\/semulsp\/nova-rotatoria-do-musa\/"},"modified":"2025-07-10T23:05:13","modified_gmt":"2025-07-11T03:05:13","slug":"nova-rotatoria-do-musa","status":"publish","type":"post","link":"https:\/\/www.manaus.am.gov.br\/semulsp\/nova-rotatoria-do-musa\/","title":{"rendered":"Prefeitura entrega nova rotat\u00f3ria do Musa com espa\u00e7o para zumba e caminhada e moradores celebram qualidade de vida"},"content":{"rendered":"\n<p>A rotat\u00f3ria em frente ao Museu da Amaz\u00f4nia (Musa), no cora\u00e7\u00e3o do bairro Cidade de Deus, zona Norte de Manaus, virou pra\u00e7a. Onde antes havia mato, abandono e escurid\u00e3o, agora h\u00e1 pista de caminhada, espa\u00e7o para zumba, \u00e1rea de conviv\u00eancia e at\u00e9 academia ao ar livre. A transforma\u00e7\u00e3o, realizada pela Secretaria Municipal de Limpeza Urbana (Semulsp), foi celebrada como uma conquista da gest\u00e3o do prefeito David Almeida no fim da tarde desta quinta-feira, 10\/7.<\/p>\n\n\n\n<p>Para o vice-prefeito Renato Junior, trata-se de justi\u00e7a social. \u201c\u00c9 de uma alegria imensa poder ver o rosto das pessoas, satisfeitas, crian\u00e7as e jovens aproveitando. Eu n\u00e3o tenho nenhuma d\u00favida que \u00e9 mais um ponto que j\u00e1 foi ocupado por vandalismo e volta a ser utilizado, a trazer autoestima para quem mora aqui\u201d, disse Renato. \u201cFica claro, aqui, que para gest\u00e3o do prefeito David, t\u00e3o importante quanto entregar o grandioso viaduto Rei Pel\u00e9 \u00e9 entregar essa pra\u00e7a para o Cidade de Deus\u201d, complementa.<\/p>\n\n\n\n<p>O secret\u00e1rio da Semulsp, Sab\u00e1 Reis, n\u00e3o escondeu o orgulho ao falar sobre a entrega da nova pra\u00e7a em frente ao Musa. \u201cO custo dessa obra \u00e9 o compromisso que o prefeito David Almeida e o vice-prefeito Renato Junior assumiram com a cidade de Manaus. Essa rotat\u00f3ria, bem aqui em frente ao Musa, que recebe turistas do mundo inteiro, estava tomada pelo mato, abandonada, um retrato do descaso\u201d, disse Sab\u00e1.<\/p>\n\n\n\n<p>\u201cUm dia, o prefeito me perguntou se dava para mudar aquilo. No dia seguinte, entramos com a equipe. E em menos de 60 dias, est\u00e1 aqui esse espa\u00e7o lindo, com pista de caminhada, zumba, \u00e1rea de conviv\u00eancia, um lugar que agora \u00e9 das pessoas. Isso nem era atribui\u00e7\u00e3o da minha secretaria, mas assumimos porque \u00e9 isso que a cidade precisa: de gente disposta a cuidar. Fizemos isso na lagoa da Compensa, vamos fazer na lagoa do Japiim. Porque nosso trabalho \u00e9 por todos\u201d, complementou o secret\u00e1rio.<br><br>O deputado estadual Daniel Almeida, tamb\u00e9m esteve na entrega da nova pra\u00e7a na rotat\u00f3ria do Musa e destacou o simbolismo da obra para a zona Norte de Manaus. Para ele, revitaliza\u00e7\u00f5es como essa falam diretamente com a vida cotidiana das pessoas e s\u00e3o a verdadeira transforma\u00e7\u00e3o que a cidade precisa.<\/p>\n\n\n\n<p>\u201cUma obra como essa \u00e9 uma entrega de respeito \u00e0 popula\u00e7\u00e3o. Antes, esse espa\u00e7o era totalmente esquecido, tomado por mato, lixo, criadouro de mosquito. Hoje, \u00e9 um lugar de conviv\u00eancia, onde as pessoas podem caminhar, praticar atividade f\u00edsica e trazer as crian\u00e7as. \u00c9 disso que Manaus precisa: de gest\u00e3o que olhe para o povo, que cuide do povo. E o prefeito David tem feito isso com maestria, ao lado do Renato Junior e do secret\u00e1rio Sab\u00e1 Reis. A Cidade de Deus agradece\u201d, disse o deputado.<\/p>\n\n\n\n<p>Os moradores tamb\u00e9m celebraram a mudan\u00e7a. \u201cAqui antes era s\u00f3 mato, n\u00e3o tinha espa\u00e7o para se exercitar. E agora a gente tem esse espa\u00e7o. Estou muito feliz. Vou vir com as minhas amigas\u201d, afirmou Tereza Brito, moradora do bairro. \u201cEra cheio de mato, muitos pneus cheios d\u2019\u00e1gua, a gente podia pegar uma dengue. Hoje est\u00e1 pavimentado, ficou muito agrad\u00e1vel. Somos muito gratas por esse momento\u201d, completou a dona de Casa Val Reis, que participa do projeto de zumba.<\/p>\n\n\n\n<p><strong>Mais servi\u00e7os<\/strong><\/p>\n\n\n\n<p>O entorno j\u00e1 havia sido contemplado com o recapeamento de 163 ruas no mandato anterior. Um novo pacote de obras para o bairro est\u00e1 previsto para o segundo semestre, conforme o vice-prefeito. A meta \u00e9 cuidar tanto da infraestrutura quanto do bem-estar cotidiano. \u201cSeguimos cuidando da cidade e do povo\u201d, conclui Renato.<\/p>\n\n\n\n<p>A seguran\u00e7a do novo espa\u00e7o ser\u00e1 refor\u00e7ada com apoio da Guarda Municipal. Ainda assim, a prefeitura pede a colabora\u00e7\u00e3o da comunidade. \u201cSe algu\u00e9m vier para depredar um equipamento p\u00fablico que \u00e9 para uso das fam\u00edlias e moradores, denuncie\u201d, pede Renato. O pr\u00f3ximo ponto a ser entregue reformado ser\u00e1 a Lagoa do Japiim, anunciada pelo prefeito David Almeida como uma \u201cnova Compensa\u201d, em estrutura, beleza e ocupa\u00e7\u00e3o popular.<\/p>\n\n\n\n<p>\u2014 \u2014 \u2014<br><strong>Texto &#8211;<\/strong> Alessandra Taveira\/Vice-Prefeito<\/p>\n\n\n\n<p><strong>Fotos &#8211;<\/strong> Carlos Oliveira\/Vice-Prefeito e Jo\u00e3o Viana \/ Semcom<br><strong>Dispon\u00edveis em &#8211; <\/strong><a href=\"https:\/\/flic.kr\/s\/aHBqjCm3DK\">https:\/\/flic.kr\/s\/aHBqjCm3DK<\/a>&nbsp;<\/p>\n","protected":false},"excerpt":{"rendered":"","protected":false},"author":68,"featured_media":2221,"comment_status":"closed","ping_status":"closed","sticky":false,"template":"","format":"standard","meta":{"footnotes":""},"categories":[40],"tags":[10,788,171],"acf":[],"yoast_head":"<!-- This site is optimized with the Yoast SEO plugin v23.0 - https:\/\/yoast.com\/wordpress\/plugins\/seo\/ -->\n<title>Prefeitura entrega nova rotat\u00f3ria do Musa com espa\u00e7o para zumba e caminhada e moradores celebram qualidade de vida<\/title>\n<meta name=\"description\" content=\"A rotat\u00f3ria em frente ao Museu da Amaz\u00f4nia (Musa), no cora\u00e7\u00e3o do bairro Cidade de Deus, zona Norte de Manaus, virou pra\u00e7a. Onde antes havia mato, abandono e escurid\u00e3o, agora h\u00e1 pista de caminhada, espa\u00e7o para zumba, \u00e1rea de conviv\u00eancia e at\u00e9 academia ao ar livre. A transforma\u00e7\u00e3o, realizada pela Secretaria Municipal de Limpeza Urbana (Semulsp), foi celebrada como uma conquista da gest\u00e3o do prefeito David Almeida no fim da tarde desta quinta-feira, 10\/7.\" \/>\n<meta name=\"robots\" content=\"noindex, follow\" \/>\n<meta property=\"og:locale\" content=\"pt_BR\" \/>\n<meta property=\"og:type\" content=\"article\" \/>\n<meta property=\"og:title\" content=\"Prefeitura entrega nova rotat\u00f3ria do Musa com espa\u00e7o para zumba e caminhada e moradores celebram qualidade de vida\" \/>\n<meta property=\"og:description\" content=\"A rotat\u00f3ria em frente ao Museu da Amaz\u00f4nia (Musa), no cora\u00e7\u00e3o do bairro Cidade de Deus, zona Norte de Manaus, virou pra\u00e7a. Onde antes havia mato, abandono e escurid\u00e3o, agora h\u00e1 pista de caminhada, espa\u00e7o para zumba, \u00e1rea de conviv\u00eancia e at\u00e9 academia ao ar livre. A transforma\u00e7\u00e3o, realizada pela Secretaria Municipal de Limpeza Urbana (Semulsp), foi celebrada como uma conquista da gest\u00e3o do prefeito David Almeida no fim da tarde desta quinta-feira, 10\/7.\" \/>\n<meta property=\"og:url\" content=\"https:\/\/www.manaus.am.gov.br\/semulsp\/nova-rotatoria-do-musa\/\" \/>\n<meta property=\"og:site_name\" content=\"SEMULSP\" \/>\n<meta property=\"article:publisher\" content=\"https:\/\/www.facebook.com\/semulspmanaus\" \/>\n<meta property=\"article:published_time\" content=\"2025-07-11T03:05:12+00:00\" \/>\n<meta property=\"article:modified_time\" content=\"2025-07-11T03:05:13+00:00\" \/>\n<meta property=\"og:image\" content=\"https:\/\/www.manaus.am.gov.br\/semulsp\/wp-content\/uploads\/sites\/23\/2025\/07\/WhatsApp-Image-2025-07-10-at-21.31.00.jpeg\" \/>\n\t<meta property=\"og:image:width\" content=\"4160\" \/>\n\t<meta property=\"og:image:height\" content=\"2772\" \/>\n\t<meta property=\"og:image:type\" content=\"image\/jpeg\" \/>\n<meta name=\"author\" content=\"bvalente\" \/>\n<meta name=\"twitter:card\" content=\"summary_large_image\" \/>\n<meta name=\"twitter:label1\" content=\"Written by\" \/>\n\t<meta name=\"twitter:data1\" content=\"bvalente\" \/>\n\t<meta name=\"twitter:label2\" content=\"Est. reading time\" \/>\n\t<meta name=\"twitter:data2\" content=\"4 minutos\" \/>\n<script type=\"application\/ld+json\" class=\"yoast-schema-graph\">{\"@context\":\"https:\/\/schema.org\",\"@graph\":[{\"@type\":\"Article\",\"@id\":\"https:\/\/www.manaus.am.gov.br\/semulsp\/nova-rotatoria-do-musa\/#article\",\"isPartOf\":{\"@id\":\"https:\/\/www.manaus.am.gov.br\/semulsp\/nova-rotatoria-do-musa\/\"},\"author\":{\"name\":\"bvalente\",\"@id\":\"https:\/\/www.manaus.am.gov.br\/semulsp\/#\/schema\/person\/466a0e03ae4b6062809046bd560ac955\"},\"headline\":\"Prefeitura entrega nova rotat\u00f3ria do Musa com espa\u00e7o para zumba e caminhada e moradores celebram qualidade de vida\",\"datePublished\":\"2025-07-11T03:05:12+00:00\",\"dateModified\":\"2025-07-11T03:05:13+00:00\",\"mainEntityOfPage\":{\"@id\":\"https:\/\/www.manaus.am.gov.br\/semulsp\/nova-rotatoria-do-musa\/\"},\"wordCount\":731,\"publisher\":{\"@id\":\"https:\/\/www.manaus.am.gov.br\/semulsp\/#organization\"},\"image\":{\"@id\":\"https:\/\/www.manaus.am.gov.br\/semulsp\/nova-rotatoria-do-musa\/#primaryimage\"},\"thumbnailUrl\":\"https:\/\/www.manaus.am.gov.br\/semulsp\/wp-content\/uploads\/sites\/23\/2025\/07\/WhatsApp-Image-2025-07-10-at-21.31.00.jpeg\",\"keywords\":[\"prefeitura de manaus\",\"Prefeitura entrega nova rotat\u00f3ria do Musa com espa\u00e7o para zumba e caminhada e moradores celebram qualidade de vida\",\"seminf\"],\"articleSection\":[\"Revitaliza\u00e7\u00e3o\"],\"inLanguage\":\"pt-BR\"},{\"@type\":\"WebPage\",\"@id\":\"https:\/\/www.manaus.am.gov.br\/semulsp\/nova-rotatoria-do-musa\/\",\"url\":\"https:\/\/www.manaus.am.gov.br\/semulsp\/nova-rotatoria-do-musa\/\",\"name\":\"Prefeitura entrega nova rotat\u00f3ria do Musa com espa\u00e7o para zumba e caminhada e moradores celebram qualidade de vida\",\"isPartOf\":{\"@id\":\"https:\/\/www.manaus.am.gov.br\/semulsp\/#website\"},\"primaryImageOfPage\":{\"@id\":\"https:\/\/www.manaus.am.gov.br\/semulsp\/nova-rotatoria-do-musa\/#primaryimage\"},\"image\":{\"@id\":\"https:\/\/www.manaus.am.gov.br\/semulsp\/nova-rotatoria-do-musa\/#primaryimage\"},\"thumbnailUrl\":\"https:\/\/www.manaus.am.gov.br\/semulsp\/wp-content\/uploads\/sites\/23\/2025\/07\/WhatsApp-Image-2025-07-10-at-21.31.00.jpeg\",\"datePublished\":\"2025-07-11T03:05:12+00:00\",\"dateModified\":\"2025-07-11T03:05:13+00:00\",\"description\":\"A rotat\u00f3ria em frente ao Museu da Amaz\u00f4nia (Musa), no cora\u00e7\u00e3o do bairro Cidade de Deus, zona Norte de Manaus, virou pra\u00e7a. Onde antes havia mato, abandono e escurid\u00e3o, agora h\u00e1 pista de caminhada, espa\u00e7o para zumba, \u00e1rea de conviv\u00eancia e at\u00e9 academia ao ar livre. A transforma\u00e7\u00e3o, realizada pela Secretaria Municipal de Limpeza Urbana (Semulsp), foi celebrada como uma conquista da gest\u00e3o do prefeito David Almeida no fim da tarde desta quinta-feira, 10\/7.\",\"breadcrumb\":{\"@id\":\"https:\/\/www.manaus.am.gov.br\/semulsp\/nova-rotatoria-do-musa\/#breadcrumb\"},\"inLanguage\":\"pt-BR\",\"potentialAction\":[{\"@type\":\"ReadAction\",\"target\":[\"https:\/\/www.manaus.am.gov.br\/semulsp\/nova-rotatoria-do-musa\/\"]}]},{\"@type\":\"ImageObject\",\"inLanguage\":\"pt-BR\",\"@id\":\"https:\/\/www.manaus.am.gov.br\/semulsp\/nova-rotatoria-do-musa\/#primaryimage\",\"url\":\"https:\/\/www.manaus.am.gov.br\/semulsp\/wp-content\/uploads\/sites\/23\/2025\/07\/WhatsApp-Image-2025-07-10-at-21.31.00.jpeg\",\"contentUrl\":\"https:\/\/www.manaus.am.gov.br\/semulsp\/wp-content\/uploads\/sites\/23\/2025\/07\/WhatsApp-Image-2025-07-10-at-21.31.00.jpeg\",\"width\":4160,\"height\":2772},{\"@type\":\"BreadcrumbList\",\"@id\":\"https:\/\/www.manaus.am.gov.br\/semulsp\/nova-rotatoria-do-musa\/#breadcrumb\",\"itemListElement\":[{\"@type\":\"ListItem\",\"position\":1,\"name\":\"Home\",\"item\":\"https:\/\/www.manaus.am.gov.br\/semulsp\/\"},{\"@type\":\"ListItem\",\"position\":2,\"name\":\"Prefeitura entrega nova rotat\u00f3ria do Musa com espa\u00e7o para zumba e caminhada e moradores celebram qualidade de vida\"}]},{\"@type\":\"WebSite\",\"@id\":\"https:\/\/www.manaus.am.gov.br\/semulsp\/#website\",\"url\":\"https:\/\/www.manaus.am.gov.br\/semulsp\/\",\"name\":\"SEMULSP\",\"description\":\"Prefeitura de Manaus\",\"publisher\":{\"@id\":\"https:\/\/www.manaus.am.gov.br\/semulsp\/#organization\"},\"alternateName\":\"Secretaria Municipal de Limpeza P\u00fablica\",\"potentialAction\":[{\"@type\":\"SearchAction\",\"target\":{\"@type\":\"EntryPoint\",\"urlTemplate\":\"https:\/\/www.manaus.am.gov.br\/semulsp\/?s={search_term_string}\"},\"query-input\":\"required name=search_term_string\"}],\"inLanguage\":\"pt-BR\"},{\"@type\":\"Organization\",\"@id\":\"https:\/\/www.manaus.am.gov.br\/semulsp\/#organization\",\"name\":\"SEMULSP\",\"alternateName\":\"Secretaria Municipal de Limpeza P\u00fablica\",\"url\":\"https:\/\/www.manaus.am.gov.br\/semulsp\/\",\"logo\":{\"@type\":\"ImageObject\",\"inLanguage\":\"pt-BR\",\"@id\":\"https:\/\/www.manaus.am.gov.br\/semulsp\/#\/schema\/logo\/image\/\",\"url\":\"https:\/\/www.manaus.am.gov.br\/semulsp\/wp-content\/uploads\/sites\/23\/2023\/05\/cropped-favicon.png\",\"contentUrl\":\"https:\/\/www.manaus.am.gov.br\/semulsp\/wp-content\/uploads\/sites\/23\/2023\/05\/cropped-favicon.png\",\"width\":512,\"height\":512,\"caption\":\"SEMULSP\"},\"image\":{\"@id\":\"https:\/\/www.manaus.am.gov.br\/semulsp\/#\/schema\/logo\/image\/\"},\"sameAs\":[\"https:\/\/www.facebook.com\/semulspmanaus\",\"https:\/\/www.instagram.com\/semulspmanaus\/\"]},{\"@type\":\"Person\",\"@id\":\"https:\/\/www.manaus.am.gov.br\/semulsp\/#\/schema\/person\/466a0e03ae4b6062809046bd560ac955\",\"name\":\"bvalente\",\"image\":{\"@type\":\"ImageObject\",\"inLanguage\":\"pt-BR\",\"@id\":\"https:\/\/www.manaus.am.gov.br\/semulsp\/#\/schema\/person\/image\/\",\"url\":\"https:\/\/secure.gravatar.com\/avatar\/3e69bc2b014bdad41adfec3a39de07d2?s=96&d=mm&r=g\",\"contentUrl\":\"https:\/\/secure.gravatar.com\/avatar\/3e69bc2b014bdad41adfec3a39de07d2?s=96&d=mm&r=g\",\"caption\":\"bvalente\"}}]}<\/script>\n<!-- \/ Yoast SEO plugin. -->","yoast_head_json":{"title":"Prefeitura entrega nova rotat\u00f3ria do Musa com espa\u00e7o para zumba e caminhada e moradores celebram qualidade de vida","description":"A rotat\u00f3ria em frente ao Museu da Amaz\u00f4nia (Musa), no cora\u00e7\u00e3o do bairro Cidade de Deus, zona Norte de Manaus, virou pra\u00e7a. Onde antes havia mato, abandono e escurid\u00e3o, agora h\u00e1 pista de caminhada, espa\u00e7o para zumba, \u00e1rea de conviv\u00eancia e at\u00e9 academia ao ar livre. A transforma\u00e7\u00e3o, realizada pela Secretaria Municipal de Limpeza Urbana (Semulsp), foi celebrada como uma conquista da gest\u00e3o do prefeito David Almeida no fim da tarde desta quinta-feira, 10\/7.","robots":{"index":"noindex","follow":"follow"},"og_locale":"pt_BR","og_type":"article","og_title":"Prefeitura entrega nova rotat\u00f3ria do Musa com espa\u00e7o para zumba e caminhada e moradores celebram qualidade de vida","og_description":"A rotat\u00f3ria em frente ao Museu da Amaz\u00f4nia (Musa), no cora\u00e7\u00e3o do bairro Cidade de Deus, zona Norte de Manaus, virou pra\u00e7a. Onde antes havia mato, abandono e escurid\u00e3o, agora h\u00e1 pista de caminhada, espa\u00e7o para zumba, \u00e1rea de conviv\u00eancia e at\u00e9 academia ao ar livre. A transforma\u00e7\u00e3o, realizada pela Secretaria Municipal de Limpeza Urbana (Semulsp), foi celebrada como uma conquista da gest\u00e3o do prefeito David Almeida no fim da tarde desta quinta-feira, 10\/7.","og_url":"https:\/\/www.manaus.am.gov.br\/semulsp\/nova-rotatoria-do-musa\/","og_site_name":"SEMULSP","article_publisher":"https:\/\/www.facebook.com\/semulspmanaus","article_published_time":"2025-07-11T03:05:12+00:00","article_modified_time":"2025-07-11T03:05:13+00:00","og_image":[{"width":4160,"height":2772,"url":"https:\/\/www.manaus.am.gov.br\/semulsp\/wp-content\/uploads\/sites\/23\/2025\/07\/WhatsApp-Image-2025-07-10-at-21.31.00.jpeg","type":"image\/jpeg"}],"author":"bvalente","twitter_card":"summary_large_image","twitter_misc":{"Written by":"bvalente","Est. reading time":"4 minutos"},"schema":{"@context":"https:\/\/schema.org","@graph":[{"@type":"Article","@id":"https:\/\/www.manaus.am.gov.br\/semulsp\/nova-rotatoria-do-musa\/#article","isPartOf":{"@id":"https:\/\/www.manaus.am.gov.br\/semulsp\/nova-rotatoria-do-musa\/"},"author":{"name":"bvalente","@id":"https:\/\/www.manaus.am.gov.br\/semulsp\/#\/schema\/person\/466a0e03ae4b6062809046bd560ac955"},"headline":"Prefeitura entrega nova rotat\u00f3ria do Musa com espa\u00e7o para zumba e caminhada e moradores celebram qualidade de vida","datePublished":"2025-07-11T03:05:12+00:00","dateModified":"2025-07-11T03:05:13+00:00","mainEntityOfPage":{"@id":"https:\/\/www.manaus.am.gov.br\/semulsp\/nova-rotatoria-do-musa\/"},"wordCount":731,"publisher":{"@id":"https:\/\/www.manaus.am.gov.br\/semulsp\/#organization"},"image":{"@id":"https:\/\/www.manaus.am.gov.br\/semulsp\/nova-rotatoria-do-musa\/#primaryimage"},"thumbnailUrl":"https:\/\/www.manaus.am.gov.br\/semulsp\/wp-content\/uploads\/sites\/23\/2025\/07\/WhatsApp-Image-2025-07-10-at-21.31.00.jpeg","keywords":["prefeitura de manaus","Prefeitura entrega nova rotat\u00f3ria do Musa com espa\u00e7o para zumba e caminhada e moradores celebram qualidade de vida","seminf"],"articleSection":["Revitaliza\u00e7\u00e3o"],"inLanguage":"pt-BR"},{"@type":"WebPage","@id":"https:\/\/www.manaus.am.gov.br\/semulsp\/nova-rotatoria-do-musa\/","url":"https:\/\/www.manaus.am.gov.br\/semulsp\/nova-rotatoria-do-musa\/","name":"Prefeitura entrega nova rotat\u00f3ria do Musa com espa\u00e7o para zumba e caminhada e moradores celebram qualidade de vida","isPartOf":{"@id":"https:\/\/www.manaus.am.gov.br\/semulsp\/#website"},"primaryImageOfPage":{"@id":"https:\/\/www.manaus.am.gov.br\/semulsp\/nova-rotatoria-do-musa\/#primaryimage"},"image":{"@id":"https:\/\/www.manaus.am.gov.br\/semulsp\/nova-rotatoria-do-musa\/#primaryimage"},"thumbnailUrl":"https:\/\/www.manaus.am.gov.br\/semulsp\/wp-content\/uploads\/sites\/23\/2025\/07\/WhatsApp-Image-2025-07-10-at-21.31.00.jpeg","datePublished":"2025-07-11T03:05:12+00:00","dateModified":"2025-07-11T03:05:13+00:00","description":"A rotat\u00f3ria em frente ao Museu da Amaz\u00f4nia (Musa), no cora\u00e7\u00e3o do bairro Cidade de Deus, zona Norte de Manaus, virou pra\u00e7a. Onde antes havia mato, abandono e escurid\u00e3o, agora h\u00e1 pista de caminhada, espa\u00e7o para zumba, \u00e1rea de conviv\u00eancia e at\u00e9 academia ao ar livre. A transforma\u00e7\u00e3o, realizada pela Secretaria Municipal de Limpeza Urbana (Semulsp), foi celebrada como uma conquista da gest\u00e3o do prefeito David Almeida no fim da tarde desta quinta-feira, 10\/7.","breadcrumb":{"@id":"https:\/\/www.manaus.am.gov.br\/semulsp\/nova-rotatoria-do-musa\/#breadcrumb"},"inLanguage":"pt-BR","potentialAction":[{"@type":"ReadAction","target":["https:\/\/www.manaus.am.gov.br\/semulsp\/nova-rotatoria-do-musa\/"]}]},{"@type":"ImageObject","inLanguage":"pt-BR","@id":"https:\/\/www.manaus.am.gov.br\/semulsp\/nova-rotatoria-do-musa\/#primaryimage","url":"https:\/\/www.manaus.am.gov.br\/semulsp\/wp-content\/uploads\/sites\/23\/2025\/07\/WhatsApp-Image-2025-07-10-at-21.31.00.jpeg","contentUrl":"https:\/\/www.manaus.am.gov.br\/semulsp\/wp-content\/uploads\/sites\/23\/2025\/07\/WhatsApp-Image-2025-07-10-at-21.31.00.jpeg","width":4160,"height":2772},{"@type":"BreadcrumbList","@id":"https:\/\/www.manaus.am.gov.br\/semulsp\/nova-rotatoria-do-musa\/#breadcrumb","itemListElement":[{"@type":"ListItem","position":1,"name":"Home","item":"https:\/\/www.manaus.am.gov.br\/semulsp\/"},{"@type":"ListItem","position":2,"name":"Prefeitura entrega nova rotat\u00f3ria do Musa com espa\u00e7o para zumba e caminhada e moradores celebram qualidade de vida"}]},{"@type":"WebSite","@id":"https:\/\/www.manaus.am.gov.br\/semulsp\/#website","url":"https:\/\/www.manaus.am.gov.br\/semulsp\/","name":"SEMULSP","description":"Prefeitura de Manaus","publisher":{"@id":"https:\/\/www.manaus.am.gov.br\/semulsp\/#organization"},"alternateName":"Secretaria Municipal de Limpeza P\u00fablica","potentialAction":[{"@type":"SearchAction","target":{"@type":"EntryPoint","urlTemplate":"https:\/\/www.manaus.am.gov.br\/semulsp\/?s={search_term_string}"},"query-input":"required name=search_term_string"}],"inLanguage":"pt-BR"},{"@type":"Organization","@id":"https:\/\/www.manaus.am.gov.br\/semulsp\/#organization","name":"SEMULSP","alternateName":"Secretaria Municipal de Limpeza P\u00fablica","url":"https:\/\/www.manaus.am.gov.br\/semulsp\/","logo":{"@type":"ImageObject","inLanguage":"pt-BR","@id":"https:\/\/www.manaus.am.gov.br\/semulsp\/#\/schema\/logo\/image\/","url":"https:\/\/www.manaus.am.gov.br\/semulsp\/wp-content\/uploads\/sites\/23\/2023\/05\/cropped-favicon.png","contentUrl":"https:\/\/www.manaus.am.gov.br\/semulsp\/wp-content\/uploads\/sites\/23\/2023\/05\/cropped-favicon.png","width":512,"height":512,"caption":"SEMULSP"},"image":{"@id":"https:\/\/www.manaus.am.gov.br\/semulsp\/#\/schema\/logo\/image\/"},"sameAs":["https:\/\/www.facebook.com\/semulspmanaus","https:\/\/www.instagram.com\/semulspmanaus\/"]},{"@type":"Person","@id":"https:\/\/www.manaus.am.gov.br\/semulsp\/#\/schema\/person\/466a0e03ae4b6062809046bd560ac955","name":"bvalente","image":{"@type":"ImageObject","inLanguage":"pt-BR","@id":"https:\/\/www.manaus.am.gov.br\/semulsp\/#\/schema\/person\/image\/","url":"https:\/\/secure.gravatar.com\/avatar\/3e69bc2b014bdad41adfec3a39de07d2?s=96&d=mm&r=g","contentUrl":"https:\/\/secure.gravatar.com\/avatar\/3e69bc2b014bdad41adfec3a39de07d2?s=96&d=mm&r=g","caption":"bvalente"}}]}},"_links":{"self":[{"href":"https:\/\/www.manaus.am.gov.br\/semulsp\/wp-json\/wp\/v2\/posts\/2220"}],"collection":[{"href":"https:\/\/www.manaus.am.gov.br\/semulsp\/wp-json\/wp\/v2\/posts"}],"about":[{"href":"https:\/\/www.manaus.am.gov.br\/semulsp\/wp-json\/wp\/v2\/types\/post"}],"author":[{"embeddable":true,"href":"https:\/\/www.manaus.am.gov.br\/semulsp\/wp-json\/wp\/v2\/users\/68"}],"replies":[{"embeddable":true,"href":"https:\/\/www.manaus.am.gov.br\/semulsp\/wp-json\/wp\/v2\/comments?post=2220"}],"version-history":[{"count":0,"href":"https:\/\/www.manaus.am.gov.br\/semulsp\/wp-json\/wp\/v2\/posts\/2220\/revisions"}],"wp:featuredmedia":[{"embeddable":true,"href":"https:\/\/www.manaus.am.gov.br\/semulsp\/wp-json\/wp\/v2\/media\/2221"}],"wp:attachment":[{"href":"https:\/\/www.manaus.am.gov.br\/semulsp\/wp-json\/wp\/v2\/media?parent=2220"}],"wp:term":[{"taxonomy":"category","embeddable":true,"href":"https:\/\/www.manaus.am.gov.br\/semulsp\/wp-json\/wp\/v2\/categories?post=2220"},{"taxonomy":"post_tag","embeddable":true,"href":"https:\/\/www.manaus.am.gov.br\/semulsp\/wp-json\/wp\/v2\/tags?post=2220"}],"curies":[{"name":"wp","href":"https:\/\/api.w.org\/{rel}","templated":true}]}}