{"id":2216,"date":"2025-07-10T15:53:59","date_gmt":"2025-07-10T19:53:59","guid":{"rendered":"https:\/\/www.manaus.am.gov.br\/semulsp\/prefeito-david-almeida-lagoa-do-japiim\/"},"modified":"2025-07-10T15:53:59","modified_gmt":"2025-07-10T19:53:59","slug":"prefeito-david-almeida-lagoa-do-japiim","status":"publish","type":"post","link":"https:\/\/www.manaus.am.gov.br\/semulsp\/prefeito-david-almeida-lagoa-do-japiim\/","title":{"rendered":"Prefeito David Almeida acompanha instala\u00e7\u00e3o do deck e anuncia pedalinhos na nova lagoa do Japiim"},"content":{"rendered":"\n<p>Nesta quinta-feira, 10 de julho, o prefeito de Manaus, David Almeida, esteve na lagoa do Japiim para acompanhar de perto mais uma etapa das obras de revitaliza\u00e7\u00e3o do espa\u00e7o, que est\u00e1 sendo transformado em uma nova op\u00e7\u00e3o de lazer e conviv\u00eancia para os moradores da zona Sul da capital.<\/p>\n\n\n\n<p>Durante a vistoria, o prefeito destacou a montagem do deck, estrutura que ser\u00e1 utilizada para o funcionamento dos pedalinhos, atrativo que vai integrar o conjunto de equipamentos planejados para o parque. \u201cEstamos colocando a estrutura onde vai ser o deck. Nesse deck n\u00f3s vamos ter os pedalinhos, uma novidade que vamos ter tamb\u00e9m aqui na lagoa do Japiim\u201d, afirmou.<\/p>\n\n\n\n<p>A a\u00e7\u00e3o faz parte de um esfor\u00e7o conjunto entre a Prefeitura de Manaus, por meio da Secretaria Municipal de Limpeza Urbana (Semulsp), e a concession\u00e1ria \u00c1guas de Manaus, dentro de um projeto maior que inclui ainda interven\u00e7\u00f5es da Secretaria Municipal de Infraestrutura (Seminf), Secretaria Municipal de Meio Ambiente, Sustentabilidade e Mudan\u00e7a do Clima (Semmasclima) e Ag\u00eancia Reguladora dos Servi\u00e7os P\u00fablicos Delegados do Munic\u00edpio de Manaus (Ageman).<\/p>\n\n\n\n<p>A revitaliza\u00e7\u00e3o inclui limpeza completa da \u00e1rea, pintura, capina\u00e7\u00e3o, drenagem, recupera\u00e7\u00e3o das cal\u00e7adas e implanta\u00e7\u00e3o de faixa de areia. Al\u00e9m dos pedalinhos, a nova lagoa do Japiim contar\u00e1 com pra\u00e7a molhada, espa\u00e7o gastron\u00f4mico, minifazenda, quadras esportivas e \u00e1rea de recrea\u00e7\u00e3o infantil, seguindo o modelo de sucesso implementado na lagoa da Compensa, tamb\u00e9m entregue pela atual gest\u00e3o.<\/p>\n\n\n\n<figure class=\"wp-block-image size-full\"><img loading=\"lazy\" decoding=\"async\" width=\"799\" height=\"533\" src=\"https:\/\/www.manaus.am.gov.br\/semulsp\/wp-content\/uploads\/sites\/23\/2025\/07\/54645329942_b516cd389f_c.jpg\" alt=\"\" class=\"wp-image-2217\" srcset=\"https:\/\/www.manaus.am.gov.br\/semulsp\/wp-content\/uploads\/sites\/23\/2025\/07\/54645329942_b516cd389f_c.jpg 799w, https:\/\/www.manaus.am.gov.br\/semulsp\/wp-content\/uploads\/sites\/23\/2025\/07\/54645329942_b516cd389f_c-300x200.jpg 300w, https:\/\/www.manaus.am.gov.br\/semulsp\/wp-content\/uploads\/sites\/23\/2025\/07\/54645329942_b516cd389f_c-768x512.jpg 768w\" sizes=\"(max-width: 799px) 100vw, 799px\" \/><figcaption class=\"wp-element-caption\">#paratodosverem obras est\u00e3o a todo vapor na lagoa do Japiim<\/figcaption><\/figure>\n\n\n\n<p>O parque j\u00e1 est\u00e1 com o playground montado e, mesmo antes da conclus\u00e3o total das obras, j\u00e1 atrai fam\u00edlias que come\u00e7am a usufruir do novo espa\u00e7o. \u201cA parceria est\u00e1 firmada, as fam\u00edlias aprovam a interven\u00e7\u00e3o, o parque \u00e9 consolidado aqui na regi\u00e3o, e assim a gente vai avan\u00e7ando. \u00c9 o trabalho da prefeitura para melhorar a qualidade de vida da popula\u00e7\u00e3o da cidade de Manaus\u201d, concluiu David Almeida.<\/p>\n\n\n\n<p>A entrega oficial da lagoa do Japiim revitalizada deve ocorrer nas pr\u00f3ximas semanas, com programa\u00e7\u00e3o especial aberta ao p\u00fablico.<\/p>\n\n\n\n<p>&#8212; &#8212; &#8212;<\/p>\n\n\n\n<p><strong>Texto<\/strong> &#8211; Emanuelle Baires \/ Semcom-Prefeito<\/p>\n\n\n\n<p><strong>Fotos<\/strong> &#8211; Antonio Pereira \/ Semcom-Prefeito<\/p>\n\n\n\n<p><strong>Dispon\u00edveis em<\/strong> &#8211; <a href=\"https:\/\/flic.kr\/s\/aHBqjCm47j\">https:\/\/flic.kr\/s\/aHBqjCm47j<\/a><\/p>\n","protected":false},"excerpt":{"rendered":"","protected":false},"author":25,"featured_media":2218,"comment_status":"closed","ping_status":"closed","sticky":false,"template":"","format":"standard","meta":{"footnotes":""},"categories":[40],"tags":[32,785,786,787],"acf":[],"yoast_head":"<!-- This site is optimized with the Yoast SEO plugin v23.0 - https:\/\/yoast.com\/wordpress\/plugins\/seo\/ -->\n<title>Prefeito David Almeida acompanha instala\u00e7\u00e3o do deck e anuncia pedalinhos na nova lagoa do Japiim<\/title>\n<meta name=\"description\" content=\"Nesta quinta-feira, 10 de julho, o prefeito de Manaus, David Almeida, esteve na lagoa do Japiim para acompanhar\" \/>\n<meta name=\"robots\" content=\"noindex, follow\" \/>\n<meta property=\"og:locale\" content=\"pt_BR\" \/>\n<meta property=\"og:type\" content=\"article\" \/>\n<meta property=\"og:title\" content=\"Prefeito David Almeida acompanha instala\u00e7\u00e3o do deck e anuncia pedalinhos na nova lagoa do Japiim\" \/>\n<meta property=\"og:description\" content=\"Nesta quinta-feira, 10 de julho, o prefeito de Manaus, David Almeida, esteve na lagoa do Japiim para acompanhar\" \/>\n<meta property=\"og:url\" content=\"https:\/\/www.manaus.am.gov.br\/semulsp\/prefeito-david-almeida-lagoa-do-japiim\/\" \/>\n<meta property=\"og:site_name\" content=\"SEMULSP\" \/>\n<meta property=\"article:publisher\" content=\"https:\/\/www.facebook.com\/semulspmanaus\" \/>\n<meta property=\"article:published_time\" content=\"2025-07-10T19:53:59+00:00\" \/>\n<meta property=\"og:image\" content=\"https:\/\/www.manaus.am.gov.br\/semulsp\/wp-content\/uploads\/sites\/23\/2025\/07\/54646495655_b8002a09eb_c.jpg\" \/>\n\t<meta property=\"og:image:width\" content=\"800\" \/>\n\t<meta property=\"og:image:height\" content=\"572\" \/>\n\t<meta property=\"og:image:type\" content=\"image\/jpeg\" \/>\n<meta name=\"author\" content=\"Maur\u00edcio Freire\" \/>\n<meta name=\"twitter:card\" content=\"summary_large_image\" \/>\n<meta name=\"twitter:label1\" content=\"Written by\" \/>\n\t<meta name=\"twitter:data1\" content=\"Maur\u00edcio Freire\" \/>\n\t<meta name=\"twitter:label2\" content=\"Est. reading time\" \/>\n\t<meta name=\"twitter:data2\" content=\"3 minutos\" \/>\n<script type=\"application\/ld+json\" class=\"yoast-schema-graph\">{\"@context\":\"https:\/\/schema.org\",\"@graph\":[{\"@type\":\"Article\",\"@id\":\"https:\/\/www.manaus.am.gov.br\/semulsp\/prefeito-david-almeida-lagoa-do-japiim\/#article\",\"isPartOf\":{\"@id\":\"https:\/\/www.manaus.am.gov.br\/semulsp\/prefeito-david-almeida-lagoa-do-japiim\/\"},\"author\":{\"name\":\"Maur\u00edcio Freire\",\"@id\":\"https:\/\/www.manaus.am.gov.br\/semulsp\/#\/schema\/person\/587989a23a463cde5618e6a028977a9a\"},\"headline\":\"Prefeito David Almeida acompanha instala\u00e7\u00e3o do deck e anuncia pedalinhos na nova lagoa do Japiim\",\"datePublished\":\"2025-07-10T19:53:59+00:00\",\"dateModified\":\"2025-07-10T19:53:59+00:00\",\"mainEntityOfPage\":{\"@id\":\"https:\/\/www.manaus.am.gov.br\/semulsp\/prefeito-david-almeida-lagoa-do-japiim\/\"},\"wordCount\":403,\"publisher\":{\"@id\":\"https:\/\/www.manaus.am.gov.br\/semulsp\/#organization\"},\"image\":{\"@id\":\"https:\/\/www.manaus.am.gov.br\/semulsp\/prefeito-david-almeida-lagoa-do-japiim\/#primaryimage\"},\"thumbnailUrl\":\"https:\/\/www.manaus.am.gov.br\/semulsp\/wp-content\/uploads\/sites\/23\/2025\/07\/54646495655_b8002a09eb_c.jpg\",\"keywords\":[\"David Almeida\",\"deck\",\"lagoa do jap\u00edim\",\"pedalinhos\"],\"articleSection\":[\"Revitaliza\u00e7\u00e3o\"],\"inLanguage\":\"pt-BR\"},{\"@type\":\"WebPage\",\"@id\":\"https:\/\/www.manaus.am.gov.br\/semulsp\/prefeito-david-almeida-lagoa-do-japiim\/\",\"url\":\"https:\/\/www.manaus.am.gov.br\/semulsp\/prefeito-david-almeida-lagoa-do-japiim\/\",\"name\":\"Prefeito David Almeida acompanha instala\u00e7\u00e3o do deck e anuncia pedalinhos na nova lagoa do Japiim\",\"isPartOf\":{\"@id\":\"https:\/\/www.manaus.am.gov.br\/semulsp\/#website\"},\"primaryImageOfPage\":{\"@id\":\"https:\/\/www.manaus.am.gov.br\/semulsp\/prefeito-david-almeida-lagoa-do-japiim\/#primaryimage\"},\"image\":{\"@id\":\"https:\/\/www.manaus.am.gov.br\/semulsp\/prefeito-david-almeida-lagoa-do-japiim\/#primaryimage\"},\"thumbnailUrl\":\"https:\/\/www.manaus.am.gov.br\/semulsp\/wp-content\/uploads\/sites\/23\/2025\/07\/54646495655_b8002a09eb_c.jpg\",\"datePublished\":\"2025-07-10T19:53:59+00:00\",\"dateModified\":\"2025-07-10T19:53:59+00:00\",\"description\":\"Nesta quinta-feira, 10 de julho, o prefeito de Manaus, David Almeida, esteve na lagoa do Japiim para acompanhar\",\"breadcrumb\":{\"@id\":\"https:\/\/www.manaus.am.gov.br\/semulsp\/prefeito-david-almeida-lagoa-do-japiim\/#breadcrumb\"},\"inLanguage\":\"pt-BR\",\"potentialAction\":[{\"@type\":\"ReadAction\",\"target\":[\"https:\/\/www.manaus.am.gov.br\/semulsp\/prefeito-david-almeida-lagoa-do-japiim\/\"]}]},{\"@type\":\"ImageObject\",\"inLanguage\":\"pt-BR\",\"@id\":\"https:\/\/www.manaus.am.gov.br\/semulsp\/prefeito-david-almeida-lagoa-do-japiim\/#primaryimage\",\"url\":\"https:\/\/www.manaus.am.gov.br\/semulsp\/wp-content\/uploads\/sites\/23\/2025\/07\/54646495655_b8002a09eb_c.jpg\",\"contentUrl\":\"https:\/\/www.manaus.am.gov.br\/semulsp\/wp-content\/uploads\/sites\/23\/2025\/07\/54646495655_b8002a09eb_c.jpg\",\"width\":800,\"height\":572,\"caption\":\"#paratoddosverem prefeito David Almeida e secretario Sab\u00e1 Reis acompanhando a obra de revitaliza\u00e7\u00e3o da lagoa do Japiim\"},{\"@type\":\"BreadcrumbList\",\"@id\":\"https:\/\/www.manaus.am.gov.br\/semulsp\/prefeito-david-almeida-lagoa-do-japiim\/#breadcrumb\",\"itemListElement\":[{\"@type\":\"ListItem\",\"position\":1,\"name\":\"Home\",\"item\":\"https:\/\/www.manaus.am.gov.br\/semulsp\/\"},{\"@type\":\"ListItem\",\"position\":2,\"name\":\"Prefeito David Almeida acompanha instala\u00e7\u00e3o do deck e anuncia pedalinhos na nova lagoa do Japiim\"}]},{\"@type\":\"WebSite\",\"@id\":\"https:\/\/www.manaus.am.gov.br\/semulsp\/#website\",\"url\":\"https:\/\/www.manaus.am.gov.br\/semulsp\/\",\"name\":\"SEMULSP\",\"description\":\"Prefeitura de Manaus\",\"publisher\":{\"@id\":\"https:\/\/www.manaus.am.gov.br\/semulsp\/#organization\"},\"alternateName\":\"Secretaria Municipal de Limpeza P\u00fablica\",\"potentialAction\":[{\"@type\":\"SearchAction\",\"target\":{\"@type\":\"EntryPoint\",\"urlTemplate\":\"https:\/\/www.manaus.am.gov.br\/semulsp\/?s={search_term_string}\"},\"query-input\":\"required name=search_term_string\"}],\"inLanguage\":\"pt-BR\"},{\"@type\":\"Organization\",\"@id\":\"https:\/\/www.manaus.am.gov.br\/semulsp\/#organization\",\"name\":\"SEMULSP\",\"alternateName\":\"Secretaria Municipal de Limpeza P\u00fablica\",\"url\":\"https:\/\/www.manaus.am.gov.br\/semulsp\/\",\"logo\":{\"@type\":\"ImageObject\",\"inLanguage\":\"pt-BR\",\"@id\":\"https:\/\/www.manaus.am.gov.br\/semulsp\/#\/schema\/logo\/image\/\",\"url\":\"https:\/\/www.manaus.am.gov.br\/semulsp\/wp-content\/uploads\/sites\/23\/2023\/05\/cropped-favicon.png\",\"contentUrl\":\"https:\/\/www.manaus.am.gov.br\/semulsp\/wp-content\/uploads\/sites\/23\/2023\/05\/cropped-favicon.png\",\"width\":512,\"height\":512,\"caption\":\"SEMULSP\"},\"image\":{\"@id\":\"https:\/\/www.manaus.am.gov.br\/semulsp\/#\/schema\/logo\/image\/\"},\"sameAs\":[\"https:\/\/www.facebook.com\/semulspmanaus\",\"https:\/\/www.instagram.com\/semulspmanaus\/\"]},{\"@type\":\"Person\",\"@id\":\"https:\/\/www.manaus.am.gov.br\/semulsp\/#\/schema\/person\/587989a23a463cde5618e6a028977a9a\",\"name\":\"Maur\u00edcio Freire\",\"image\":{\"@type\":\"ImageObject\",\"inLanguage\":\"pt-BR\",\"@id\":\"https:\/\/www.manaus.am.gov.br\/semulsp\/#\/schema\/person\/image\/\",\"url\":\"https:\/\/secure.gravatar.com\/avatar\/dc1481799a1f75c733ac3b2634cd6749?s=96&d=mm&r=g\",\"contentUrl\":\"https:\/\/secure.gravatar.com\/avatar\/dc1481799a1f75c733ac3b2634cd6749?s=96&d=mm&r=g\",\"caption\":\"Maur\u00edcio Freire\"}}]}<\/script>\n<!-- \/ Yoast SEO plugin. -->","yoast_head_json":{"title":"Prefeito David Almeida acompanha instala\u00e7\u00e3o do deck e anuncia pedalinhos na nova lagoa do Japiim","description":"Nesta quinta-feira, 10 de julho, o prefeito de Manaus, David Almeida, esteve na lagoa do Japiim para acompanhar","robots":{"index":"noindex","follow":"follow"},"og_locale":"pt_BR","og_type":"article","og_title":"Prefeito David Almeida acompanha instala\u00e7\u00e3o do deck e anuncia pedalinhos na nova lagoa do Japiim","og_description":"Nesta quinta-feira, 10 de julho, o prefeito de Manaus, David Almeida, esteve na lagoa do Japiim para acompanhar","og_url":"https:\/\/www.manaus.am.gov.br\/semulsp\/prefeito-david-almeida-lagoa-do-japiim\/","og_site_name":"SEMULSP","article_publisher":"https:\/\/www.facebook.com\/semulspmanaus","article_published_time":"2025-07-10T19:53:59+00:00","og_image":[{"width":800,"height":572,"url":"https:\/\/www.manaus.am.gov.br\/semulsp\/wp-content\/uploads\/sites\/23\/2025\/07\/54646495655_b8002a09eb_c.jpg","type":"image\/jpeg"}],"author":"Maur\u00edcio Freire","twitter_card":"summary_large_image","twitter_misc":{"Written by":"Maur\u00edcio Freire","Est. reading time":"3 minutos"},"schema":{"@context":"https:\/\/schema.org","@graph":[{"@type":"Article","@id":"https:\/\/www.manaus.am.gov.br\/semulsp\/prefeito-david-almeida-lagoa-do-japiim\/#article","isPartOf":{"@id":"https:\/\/www.manaus.am.gov.br\/semulsp\/prefeito-david-almeida-lagoa-do-japiim\/"},"author":{"name":"Maur\u00edcio Freire","@id":"https:\/\/www.manaus.am.gov.br\/semulsp\/#\/schema\/person\/587989a23a463cde5618e6a028977a9a"},"headline":"Prefeito David Almeida acompanha instala\u00e7\u00e3o do deck e anuncia pedalinhos na nova lagoa do Japiim","datePublished":"2025-07-10T19:53:59+00:00","dateModified":"2025-07-10T19:53:59+00:00","mainEntityOfPage":{"@id":"https:\/\/www.manaus.am.gov.br\/semulsp\/prefeito-david-almeida-lagoa-do-japiim\/"},"wordCount":403,"publisher":{"@id":"https:\/\/www.manaus.am.gov.br\/semulsp\/#organization"},"image":{"@id":"https:\/\/www.manaus.am.gov.br\/semulsp\/prefeito-david-almeida-lagoa-do-japiim\/#primaryimage"},"thumbnailUrl":"https:\/\/www.manaus.am.gov.br\/semulsp\/wp-content\/uploads\/sites\/23\/2025\/07\/54646495655_b8002a09eb_c.jpg","keywords":["David Almeida","deck","lagoa do jap\u00edim","pedalinhos"],"articleSection":["Revitaliza\u00e7\u00e3o"],"inLanguage":"pt-BR"},{"@type":"WebPage","@id":"https:\/\/www.manaus.am.gov.br\/semulsp\/prefeito-david-almeida-lagoa-do-japiim\/","url":"https:\/\/www.manaus.am.gov.br\/semulsp\/prefeito-david-almeida-lagoa-do-japiim\/","name":"Prefeito David Almeida acompanha instala\u00e7\u00e3o do deck e anuncia pedalinhos na nova lagoa do Japiim","isPartOf":{"@id":"https:\/\/www.manaus.am.gov.br\/semulsp\/#website"},"primaryImageOfPage":{"@id":"https:\/\/www.manaus.am.gov.br\/semulsp\/prefeito-david-almeida-lagoa-do-japiim\/#primaryimage"},"image":{"@id":"https:\/\/www.manaus.am.gov.br\/semulsp\/prefeito-david-almeida-lagoa-do-japiim\/#primaryimage"},"thumbnailUrl":"https:\/\/www.manaus.am.gov.br\/semulsp\/wp-content\/uploads\/sites\/23\/2025\/07\/54646495655_b8002a09eb_c.jpg","datePublished":"2025-07-10T19:53:59+00:00","dateModified":"2025-07-10T19:53:59+00:00","description":"Nesta quinta-feira, 10 de julho, o prefeito de Manaus, David Almeida, esteve na lagoa do Japiim para acompanhar","breadcrumb":{"@id":"https:\/\/www.manaus.am.gov.br\/semulsp\/prefeito-david-almeida-lagoa-do-japiim\/#breadcrumb"},"inLanguage":"pt-BR","potentialAction":[{"@type":"ReadAction","target":["https:\/\/www.manaus.am.gov.br\/semulsp\/prefeito-david-almeida-lagoa-do-japiim\/"]}]},{"@type":"ImageObject","inLanguage":"pt-BR","@id":"https:\/\/www.manaus.am.gov.br\/semulsp\/prefeito-david-almeida-lagoa-do-japiim\/#primaryimage","url":"https:\/\/www.manaus.am.gov.br\/semulsp\/wp-content\/uploads\/sites\/23\/2025\/07\/54646495655_b8002a09eb_c.jpg","contentUrl":"https:\/\/www.manaus.am.gov.br\/semulsp\/wp-content\/uploads\/sites\/23\/2025\/07\/54646495655_b8002a09eb_c.jpg","width":800,"height":572,"caption":"#paratoddosverem prefeito David Almeida e secretario Sab\u00e1 Reis acompanhando a obra de revitaliza\u00e7\u00e3o da lagoa do Japiim"},{"@type":"BreadcrumbList","@id":"https:\/\/www.manaus.am.gov.br\/semulsp\/prefeito-david-almeida-lagoa-do-japiim\/#breadcrumb","itemListElement":[{"@type":"ListItem","position":1,"name":"Home","item":"https:\/\/www.manaus.am.gov.br\/semulsp\/"},{"@type":"ListItem","position":2,"name":"Prefeito David Almeida acompanha instala\u00e7\u00e3o do deck e anuncia pedalinhos na nova lagoa do Japiim"}]},{"@type":"WebSite","@id":"https:\/\/www.manaus.am.gov.br\/semulsp\/#website","url":"https:\/\/www.manaus.am.gov.br\/semulsp\/","name":"SEMULSP","description":"Prefeitura de Manaus","publisher":{"@id":"https:\/\/www.manaus.am.gov.br\/semulsp\/#organization"},"alternateName":"Secretaria Municipal de Limpeza P\u00fablica","potentialAction":[{"@type":"SearchAction","target":{"@type":"EntryPoint","urlTemplate":"https:\/\/www.manaus.am.gov.br\/semulsp\/?s={search_term_string}"},"query-input":"required name=search_term_string"}],"inLanguage":"pt-BR"},{"@type":"Organization","@id":"https:\/\/www.manaus.am.gov.br\/semulsp\/#organization","name":"SEMULSP","alternateName":"Secretaria Municipal de Limpeza P\u00fablica","url":"https:\/\/www.manaus.am.gov.br\/semulsp\/","logo":{"@type":"ImageObject","inLanguage":"pt-BR","@id":"https:\/\/www.manaus.am.gov.br\/semulsp\/#\/schema\/logo\/image\/","url":"https:\/\/www.manaus.am.gov.br\/semulsp\/wp-content\/uploads\/sites\/23\/2023\/05\/cropped-favicon.png","contentUrl":"https:\/\/www.manaus.am.gov.br\/semulsp\/wp-content\/uploads\/sites\/23\/2023\/05\/cropped-favicon.png","width":512,"height":512,"caption":"SEMULSP"},"image":{"@id":"https:\/\/www.manaus.am.gov.br\/semulsp\/#\/schema\/logo\/image\/"},"sameAs":["https:\/\/www.facebook.com\/semulspmanaus","https:\/\/www.instagram.com\/semulspmanaus\/"]},{"@type":"Person","@id":"https:\/\/www.manaus.am.gov.br\/semulsp\/#\/schema\/person\/587989a23a463cde5618e6a028977a9a","name":"Maur\u00edcio Freire","image":{"@type":"ImageObject","inLanguage":"pt-BR","@id":"https:\/\/www.manaus.am.gov.br\/semulsp\/#\/schema\/person\/image\/","url":"https:\/\/secure.gravatar.com\/avatar\/dc1481799a1f75c733ac3b2634cd6749?s=96&d=mm&r=g","contentUrl":"https:\/\/secure.gravatar.com\/avatar\/dc1481799a1f75c733ac3b2634cd6749?s=96&d=mm&r=g","caption":"Maur\u00edcio Freire"}}]}},"_links":{"self":[{"href":"https:\/\/www.manaus.am.gov.br\/semulsp\/wp-json\/wp\/v2\/posts\/2216"}],"collection":[{"href":"https:\/\/www.manaus.am.gov.br\/semulsp\/wp-json\/wp\/v2\/posts"}],"about":[{"href":"https:\/\/www.manaus.am.gov.br\/semulsp\/wp-json\/wp\/v2\/types\/post"}],"author":[{"embeddable":true,"href":"https:\/\/www.manaus.am.gov.br\/semulsp\/wp-json\/wp\/v2\/users\/25"}],"replies":[{"embeddable":true,"href":"https:\/\/www.manaus.am.gov.br\/semulsp\/wp-json\/wp\/v2\/comments?post=2216"}],"version-history":[{"count":1,"href":"https:\/\/www.manaus.am.gov.br\/semulsp\/wp-json\/wp\/v2\/posts\/2216\/revisions"}],"predecessor-version":[{"id":2219,"href":"https:\/\/www.manaus.am.gov.br\/semulsp\/wp-json\/wp\/v2\/posts\/2216\/revisions\/2219"}],"wp:featuredmedia":[{"embeddable":true,"href":"https:\/\/www.manaus.am.gov.br\/semulsp\/wp-json\/wp\/v2\/media\/2218"}],"wp:attachment":[{"href":"https:\/\/www.manaus.am.gov.br\/semulsp\/wp-json\/wp\/v2\/media?parent=2216"}],"wp:term":[{"taxonomy":"category","embeddable":true,"href":"https:\/\/www.manaus.am.gov.br\/semulsp\/wp-json\/wp\/v2\/categories?post=2216"},{"taxonomy":"post_tag","embeddable":true,"href":"https:\/\/www.manaus.am.gov.br\/semulsp\/wp-json\/wp\/v2\/tags?post=2216"}],"curies":[{"name":"wp","href":"https:\/\/api.w.org\/{rel}","templated":true}]}}