{"id":2202,"date":"2025-07-04T17:25:57","date_gmt":"2025-07-04T21:25:57","guid":{"rendered":"https:\/\/www.manaus.am.gov.br\/semulsp\/lixeiras-irregulares\/"},"modified":"2025-07-04T17:25:58","modified_gmt":"2025-07-04T21:25:58","slug":"lixeiras-irregulares","status":"publish","type":"post","link":"https:\/\/www.manaus.am.gov.br\/semulsp\/lixeiras-irregulares\/","title":{"rendered":"Prefeitura de Manaus desarticula mais de 20 lixeiras irregulares nesta sexta-feira chuvosa"},"content":{"rendered":"\n<p>A Prefeitura de Manaus, por meio da Secretaria Municipal de Limpeza Urbana (Semulsp), realizou, nesta sexta-feira, 4\/7, uma grande opera\u00e7\u00e3o de combate \u00e0s lixeiras irregulares em toda a cidade. Mesmo com a forte chuva que persistiu ao longo do dia, as equipes da secretaria atuaram em ritmo intenso e conseguiram desarticular mais de 20 pontos de descarte irregular de lixo, localizados em bairros das zonas Norte, Sul, Leste, Oeste e Centro-Oeste.<\/p>\n\n\n\n<p>Foram atendidas localidades como Alvorada, Jorge Teixeira, Jo\u00e3o Paulo, Japiim, Planalto, conjunto Manauara 1, Mutir\u00e3o, S\u00e3o Francisco, Col\u00f4nia Ant\u00f4nio Aleixo, Tancredo Neves, conjunto Viver Melhor, Raiz e Petr\u00f3polis. Al\u00e9m da remo\u00e7\u00e3o dos res\u00edduos, as equipes da Semulsp tamb\u00e9m realizaram a\u00e7\u00f5es de conscientiza\u00e7\u00e3o com moradores, distribuindo material did\u00e1tico com informa\u00e7\u00f5es sobre coleta seletiva, sustentabilidade, canais de atendimento da secretaria, hor\u00e1rios da coleta domiciliar e os impactos ambientais e \u00e0 sa\u00fade provocados pelo descarte incorreto.<\/p>\n\n\n\n<p>\u201cNossa luta contra as lixeiras irregulares \u00e9 di\u00e1ria. Mesmo com chuva, a Semulsp est\u00e1 nas ruas, limpando a cidade, orientando a popula\u00e7\u00e3o e mostrando que esse problema s\u00f3 ser\u00e1 vencido com o envolvimento de todos. Quem ama Manaus cuida. O lixo que vai para o ch\u00e3o volta para nossa porta em forma de alagamento, mosquito e doen\u00e7a\u201d, destacou o titular da Semulsp, Sab\u00e1 Reis.<\/p>\n\n\n\n<p>Em diversos pontos da cidade, moradores agradeceram a a\u00e7\u00e3o da Prefeitura e refor\u00e7aram o apelo por mais fiscaliza\u00e7\u00e3o e conscientiza\u00e7\u00e3o.<\/p>\n\n\n\n<p>\u201cEsse lixo aqui incomodava demais. A gente limpa, mas tem sempre algu\u00e9m que joga de novo. Agora, com esse trabalho da Prefeitura, tomara que o pessoal se conscientize\u201d, disse a moradora do bairro S\u00e3o Francisco, Lucilene Batista.<\/p>\n\n\n\n<p><strong>Lixeira viciada<\/strong><\/p>\n\n\n\n<p>Um dos destaques da opera\u00e7\u00e3o foi a desarticula\u00e7\u00e3o de uma lixeira cr\u00f4nica no bairro S\u00e3o Francisco, zona Sul da cidade. O local, que h\u00e1 anos vinha sendo utilizado como ponto irregular de descarte, come\u00e7ou a ser limpo ainda na noite de quinta-feira, 3\/7, e na madrugada de sexta.<\/p>\n\n\n\n<p>Na manh\u00e3 desta sexta-feira, a equipe da Comiss\u00e3o Especial de Divulga\u00e7\u00e3o e Orienta\u00e7\u00e3o sobre a Pol\u00edtica de Limpeza Urbana (Cedop), da Semulsp, iniciou a transforma\u00e7\u00e3o da \u00e1rea. Est\u00e1 sendo implantado no local um jardim comunit\u00e1rio e instalados dois coletores adequados para res\u00edduos, com o objetivo de inibir a reincid\u00eancia do descarte irregular e promover o uso consciente do espa\u00e7o.<\/p>\n\n\n\n<p>&#8212; &#8212; &#8212;<\/p>\n\n\n\n<p><strong>Texto &#8211;<\/strong> Dora Tupinamb\u00e1 \/ Semulsp<\/p>\n\n\n\n<p><strong>Fotos <\/strong>&#8211; Ascom \/ Semulsp<\/p>\n","protected":false},"excerpt":{"rendered":"","protected":false},"author":57,"featured_media":2203,"comment_status":"closed","ping_status":"closed","sticky":false,"template":"","format":"standard","meta":{"footnotes":""},"categories":[38],"tags":[752,10,19],"acf":[],"yoast_head":"<!-- This site is optimized with the Yoast SEO plugin v23.0 - https:\/\/yoast.com\/wordpress\/plugins\/seo\/ -->\n<title>PMM desarticula mais de 20 lixeiras irregulares<\/title>\n<meta name=\"description\" content=\"A Prefeitura de Manaus realizou, nesta sexta-feira, 4\/7, uma grande opera\u00e7\u00e3o de combate \u00e0s lixeiras irregulares em toda a cidade.\" \/>\n<meta name=\"robots\" content=\"noindex, follow\" \/>\n<meta property=\"og:locale\" content=\"pt_BR\" \/>\n<meta property=\"og:type\" content=\"article\" \/>\n<meta property=\"og:title\" content=\"PMM desarticula mais de 20 lixeiras irregulares\" \/>\n<meta property=\"og:description\" content=\"A Prefeitura de Manaus realizou, nesta sexta-feira, 4\/7, uma grande opera\u00e7\u00e3o de combate \u00e0s lixeiras irregulares em toda a cidade.\" \/>\n<meta property=\"og:url\" content=\"https:\/\/www.manaus.am.gov.br\/semulsp\/lixeiras-irregulares\/\" \/>\n<meta property=\"og:site_name\" content=\"SEMULSP\" \/>\n<meta property=\"article:publisher\" content=\"https:\/\/www.facebook.com\/semulspmanaus\" \/>\n<meta property=\"article:published_time\" content=\"2025-07-04T21:25:57+00:00\" \/>\n<meta property=\"article:modified_time\" content=\"2025-07-04T21:25:58+00:00\" \/>\n<meta property=\"og:image\" content=\"https:\/\/www.manaus.am.gov.br\/semulsp\/wp-content\/uploads\/sites\/23\/2025\/07\/lixeiras-irregulares-2.jpg\" \/>\n\t<meta property=\"og:image:width\" content=\"1600\" \/>\n\t<meta property=\"og:image:height\" content=\"900\" \/>\n\t<meta property=\"og:image:type\" content=\"image\/jpeg\" \/>\n<meta name=\"author\" content=\"Thiago Fernando\" \/>\n<meta name=\"twitter:card\" content=\"summary_large_image\" \/>\n<meta name=\"twitter:label1\" content=\"Written by\" \/>\n\t<meta name=\"twitter:data1\" content=\"Thiago Fernando\" \/>\n\t<meta name=\"twitter:label2\" content=\"Est. reading time\" \/>\n\t<meta name=\"twitter:data2\" content=\"3 minutos\" \/>\n<script type=\"application\/ld+json\" class=\"yoast-schema-graph\">{\"@context\":\"https:\/\/schema.org\",\"@graph\":[{\"@type\":\"Article\",\"@id\":\"https:\/\/www.manaus.am.gov.br\/semulsp\/lixeiras-irregulares\/#article\",\"isPartOf\":{\"@id\":\"https:\/\/www.manaus.am.gov.br\/semulsp\/lixeiras-irregulares\/\"},\"author\":{\"name\":\"Thiago Fernando\",\"@id\":\"https:\/\/www.manaus.am.gov.br\/semulsp\/#\/schema\/person\/a5ee5376db6e21af026374b369f30882\"},\"headline\":\"Prefeitura de Manaus desarticula mais de 20 lixeiras irregulares nesta sexta-feira chuvosa\",\"datePublished\":\"2025-07-04T21:25:57+00:00\",\"dateModified\":\"2025-07-04T21:25:58+00:00\",\"mainEntityOfPage\":{\"@id\":\"https:\/\/www.manaus.am.gov.br\/semulsp\/lixeiras-irregulares\/\"},\"wordCount\":432,\"publisher\":{\"@id\":\"https:\/\/www.manaus.am.gov.br\/semulsp\/#organization\"},\"image\":{\"@id\":\"https:\/\/www.manaus.am.gov.br\/semulsp\/lixeiras-irregulares\/#primaryimage\"},\"thumbnailUrl\":\"https:\/\/www.manaus.am.gov.br\/semulsp\/wp-content\/uploads\/sites\/23\/2025\/07\/lixeiras-irregulares-2.jpg\",\"keywords\":[\"lixeiras irregulares\",\"prefeitura de manaus\",\"semulsp\"],\"articleSection\":[\"Limpeza\"],\"inLanguage\":\"pt-BR\"},{\"@type\":\"WebPage\",\"@id\":\"https:\/\/www.manaus.am.gov.br\/semulsp\/lixeiras-irregulares\/\",\"url\":\"https:\/\/www.manaus.am.gov.br\/semulsp\/lixeiras-irregulares\/\",\"name\":\"PMM desarticula mais de 20 lixeiras irregulares\",\"isPartOf\":{\"@id\":\"https:\/\/www.manaus.am.gov.br\/semulsp\/#website\"},\"primaryImageOfPage\":{\"@id\":\"https:\/\/www.manaus.am.gov.br\/semulsp\/lixeiras-irregulares\/#primaryimage\"},\"image\":{\"@id\":\"https:\/\/www.manaus.am.gov.br\/semulsp\/lixeiras-irregulares\/#primaryimage\"},\"thumbnailUrl\":\"https:\/\/www.manaus.am.gov.br\/semulsp\/wp-content\/uploads\/sites\/23\/2025\/07\/lixeiras-irregulares-2.jpg\",\"datePublished\":\"2025-07-04T21:25:57+00:00\",\"dateModified\":\"2025-07-04T21:25:58+00:00\",\"description\":\"A Prefeitura de Manaus realizou, nesta sexta-feira, 4\/7, uma grande opera\u00e7\u00e3o de combate \u00e0s lixeiras irregulares em toda a cidade.\",\"breadcrumb\":{\"@id\":\"https:\/\/www.manaus.am.gov.br\/semulsp\/lixeiras-irregulares\/#breadcrumb\"},\"inLanguage\":\"pt-BR\",\"potentialAction\":[{\"@type\":\"ReadAction\",\"target\":[\"https:\/\/www.manaus.am.gov.br\/semulsp\/lixeiras-irregulares\/\"]}]},{\"@type\":\"ImageObject\",\"inLanguage\":\"pt-BR\",\"@id\":\"https:\/\/www.manaus.am.gov.br\/semulsp\/lixeiras-irregulares\/#primaryimage\",\"url\":\"https:\/\/www.manaus.am.gov.br\/semulsp\/wp-content\/uploads\/sites\/23\/2025\/07\/lixeiras-irregulares-2.jpg\",\"contentUrl\":\"https:\/\/www.manaus.am.gov.br\/semulsp\/wp-content\/uploads\/sites\/23\/2025\/07\/lixeiras-irregulares-2.jpg\",\"width\":1600,\"height\":900,\"caption\":\"lixeiras irregulares\"},{\"@type\":\"BreadcrumbList\",\"@id\":\"https:\/\/www.manaus.am.gov.br\/semulsp\/lixeiras-irregulares\/#breadcrumb\",\"itemListElement\":[{\"@type\":\"ListItem\",\"position\":1,\"name\":\"Home\",\"item\":\"https:\/\/www.manaus.am.gov.br\/semulsp\/\"},{\"@type\":\"ListItem\",\"position\":2,\"name\":\"Prefeitura de Manaus desarticula mais de 20 lixeiras irregulares nesta sexta-feira chuvosa\"}]},{\"@type\":\"WebSite\",\"@id\":\"https:\/\/www.manaus.am.gov.br\/semulsp\/#website\",\"url\":\"https:\/\/www.manaus.am.gov.br\/semulsp\/\",\"name\":\"SEMULSP\",\"description\":\"Prefeitura de Manaus\",\"publisher\":{\"@id\":\"https:\/\/www.manaus.am.gov.br\/semulsp\/#organization\"},\"alternateName\":\"Secretaria Municipal de Limpeza P\u00fablica\",\"potentialAction\":[{\"@type\":\"SearchAction\",\"target\":{\"@type\":\"EntryPoint\",\"urlTemplate\":\"https:\/\/www.manaus.am.gov.br\/semulsp\/?s={search_term_string}\"},\"query-input\":\"required name=search_term_string\"}],\"inLanguage\":\"pt-BR\"},{\"@type\":\"Organization\",\"@id\":\"https:\/\/www.manaus.am.gov.br\/semulsp\/#organization\",\"name\":\"SEMULSP\",\"alternateName\":\"Secretaria Municipal de Limpeza P\u00fablica\",\"url\":\"https:\/\/www.manaus.am.gov.br\/semulsp\/\",\"logo\":{\"@type\":\"ImageObject\",\"inLanguage\":\"pt-BR\",\"@id\":\"https:\/\/www.manaus.am.gov.br\/semulsp\/#\/schema\/logo\/image\/\",\"url\":\"https:\/\/www.manaus.am.gov.br\/semulsp\/wp-content\/uploads\/sites\/23\/2023\/05\/cropped-favicon.png\",\"contentUrl\":\"https:\/\/www.manaus.am.gov.br\/semulsp\/wp-content\/uploads\/sites\/23\/2023\/05\/cropped-favicon.png\",\"width\":512,\"height\":512,\"caption\":\"SEMULSP\"},\"image\":{\"@id\":\"https:\/\/www.manaus.am.gov.br\/semulsp\/#\/schema\/logo\/image\/\"},\"sameAs\":[\"https:\/\/www.facebook.com\/semulspmanaus\",\"https:\/\/www.instagram.com\/semulspmanaus\/\"]},{\"@type\":\"Person\",\"@id\":\"https:\/\/www.manaus.am.gov.br\/semulsp\/#\/schema\/person\/a5ee5376db6e21af026374b369f30882\",\"name\":\"Thiago Fernando\",\"image\":{\"@type\":\"ImageObject\",\"inLanguage\":\"pt-BR\",\"@id\":\"https:\/\/www.manaus.am.gov.br\/semulsp\/#\/schema\/person\/image\/\",\"url\":\"https:\/\/secure.gravatar.com\/avatar\/f5aab8722444041451501c077052ac07?s=96&d=mm&r=g\",\"contentUrl\":\"https:\/\/secure.gravatar.com\/avatar\/f5aab8722444041451501c077052ac07?s=96&d=mm&r=g\",\"caption\":\"Thiago Fernando\"}}]}<\/script>\n<!-- \/ Yoast SEO plugin. -->","yoast_head_json":{"title":"PMM desarticula mais de 20 lixeiras irregulares","description":"A Prefeitura de Manaus realizou, nesta sexta-feira, 4\/7, uma grande opera\u00e7\u00e3o de combate \u00e0s lixeiras irregulares em toda a cidade.","robots":{"index":"noindex","follow":"follow"},"og_locale":"pt_BR","og_type":"article","og_title":"PMM desarticula mais de 20 lixeiras irregulares","og_description":"A Prefeitura de Manaus realizou, nesta sexta-feira, 4\/7, uma grande opera\u00e7\u00e3o de combate \u00e0s lixeiras irregulares em toda a cidade.","og_url":"https:\/\/www.manaus.am.gov.br\/semulsp\/lixeiras-irregulares\/","og_site_name":"SEMULSP","article_publisher":"https:\/\/www.facebook.com\/semulspmanaus","article_published_time":"2025-07-04T21:25:57+00:00","article_modified_time":"2025-07-04T21:25:58+00:00","og_image":[{"width":1600,"height":900,"url":"https:\/\/www.manaus.am.gov.br\/semulsp\/wp-content\/uploads\/sites\/23\/2025\/07\/lixeiras-irregulares-2.jpg","type":"image\/jpeg"}],"author":"Thiago Fernando","twitter_card":"summary_large_image","twitter_misc":{"Written by":"Thiago Fernando","Est. reading time":"3 minutos"},"schema":{"@context":"https:\/\/schema.org","@graph":[{"@type":"Article","@id":"https:\/\/www.manaus.am.gov.br\/semulsp\/lixeiras-irregulares\/#article","isPartOf":{"@id":"https:\/\/www.manaus.am.gov.br\/semulsp\/lixeiras-irregulares\/"},"author":{"name":"Thiago Fernando","@id":"https:\/\/www.manaus.am.gov.br\/semulsp\/#\/schema\/person\/a5ee5376db6e21af026374b369f30882"},"headline":"Prefeitura de Manaus desarticula mais de 20 lixeiras irregulares nesta sexta-feira chuvosa","datePublished":"2025-07-04T21:25:57+00:00","dateModified":"2025-07-04T21:25:58+00:00","mainEntityOfPage":{"@id":"https:\/\/www.manaus.am.gov.br\/semulsp\/lixeiras-irregulares\/"},"wordCount":432,"publisher":{"@id":"https:\/\/www.manaus.am.gov.br\/semulsp\/#organization"},"image":{"@id":"https:\/\/www.manaus.am.gov.br\/semulsp\/lixeiras-irregulares\/#primaryimage"},"thumbnailUrl":"https:\/\/www.manaus.am.gov.br\/semulsp\/wp-content\/uploads\/sites\/23\/2025\/07\/lixeiras-irregulares-2.jpg","keywords":["lixeiras irregulares","prefeitura de manaus","semulsp"],"articleSection":["Limpeza"],"inLanguage":"pt-BR"},{"@type":"WebPage","@id":"https:\/\/www.manaus.am.gov.br\/semulsp\/lixeiras-irregulares\/","url":"https:\/\/www.manaus.am.gov.br\/semulsp\/lixeiras-irregulares\/","name":"PMM desarticula mais de 20 lixeiras irregulares","isPartOf":{"@id":"https:\/\/www.manaus.am.gov.br\/semulsp\/#website"},"primaryImageOfPage":{"@id":"https:\/\/www.manaus.am.gov.br\/semulsp\/lixeiras-irregulares\/#primaryimage"},"image":{"@id":"https:\/\/www.manaus.am.gov.br\/semulsp\/lixeiras-irregulares\/#primaryimage"},"thumbnailUrl":"https:\/\/www.manaus.am.gov.br\/semulsp\/wp-content\/uploads\/sites\/23\/2025\/07\/lixeiras-irregulares-2.jpg","datePublished":"2025-07-04T21:25:57+00:00","dateModified":"2025-07-04T21:25:58+00:00","description":"A Prefeitura de Manaus realizou, nesta sexta-feira, 4\/7, uma grande opera\u00e7\u00e3o de combate \u00e0s lixeiras irregulares em toda a cidade.","breadcrumb":{"@id":"https:\/\/www.manaus.am.gov.br\/semulsp\/lixeiras-irregulares\/#breadcrumb"},"inLanguage":"pt-BR","potentialAction":[{"@type":"ReadAction","target":["https:\/\/www.manaus.am.gov.br\/semulsp\/lixeiras-irregulares\/"]}]},{"@type":"ImageObject","inLanguage":"pt-BR","@id":"https:\/\/www.manaus.am.gov.br\/semulsp\/lixeiras-irregulares\/#primaryimage","url":"https:\/\/www.manaus.am.gov.br\/semulsp\/wp-content\/uploads\/sites\/23\/2025\/07\/lixeiras-irregulares-2.jpg","contentUrl":"https:\/\/www.manaus.am.gov.br\/semulsp\/wp-content\/uploads\/sites\/23\/2025\/07\/lixeiras-irregulares-2.jpg","width":1600,"height":900,"caption":"lixeiras irregulares"},{"@type":"BreadcrumbList","@id":"https:\/\/www.manaus.am.gov.br\/semulsp\/lixeiras-irregulares\/#breadcrumb","itemListElement":[{"@type":"ListItem","position":1,"name":"Home","item":"https:\/\/www.manaus.am.gov.br\/semulsp\/"},{"@type":"ListItem","position":2,"name":"Prefeitura de Manaus desarticula mais de 20 lixeiras irregulares nesta sexta-feira chuvosa"}]},{"@type":"WebSite","@id":"https:\/\/www.manaus.am.gov.br\/semulsp\/#website","url":"https:\/\/www.manaus.am.gov.br\/semulsp\/","name":"SEMULSP","description":"Prefeitura de Manaus","publisher":{"@id":"https:\/\/www.manaus.am.gov.br\/semulsp\/#organization"},"alternateName":"Secretaria Municipal de Limpeza P\u00fablica","potentialAction":[{"@type":"SearchAction","target":{"@type":"EntryPoint","urlTemplate":"https:\/\/www.manaus.am.gov.br\/semulsp\/?s={search_term_string}"},"query-input":"required name=search_term_string"}],"inLanguage":"pt-BR"},{"@type":"Organization","@id":"https:\/\/www.manaus.am.gov.br\/semulsp\/#organization","name":"SEMULSP","alternateName":"Secretaria Municipal de Limpeza P\u00fablica","url":"https:\/\/www.manaus.am.gov.br\/semulsp\/","logo":{"@type":"ImageObject","inLanguage":"pt-BR","@id":"https:\/\/www.manaus.am.gov.br\/semulsp\/#\/schema\/logo\/image\/","url":"https:\/\/www.manaus.am.gov.br\/semulsp\/wp-content\/uploads\/sites\/23\/2023\/05\/cropped-favicon.png","contentUrl":"https:\/\/www.manaus.am.gov.br\/semulsp\/wp-content\/uploads\/sites\/23\/2023\/05\/cropped-favicon.png","width":512,"height":512,"caption":"SEMULSP"},"image":{"@id":"https:\/\/www.manaus.am.gov.br\/semulsp\/#\/schema\/logo\/image\/"},"sameAs":["https:\/\/www.facebook.com\/semulspmanaus","https:\/\/www.instagram.com\/semulspmanaus\/"]},{"@type":"Person","@id":"https:\/\/www.manaus.am.gov.br\/semulsp\/#\/schema\/person\/a5ee5376db6e21af026374b369f30882","name":"Thiago Fernando","image":{"@type":"ImageObject","inLanguage":"pt-BR","@id":"https:\/\/www.manaus.am.gov.br\/semulsp\/#\/schema\/person\/image\/","url":"https:\/\/secure.gravatar.com\/avatar\/f5aab8722444041451501c077052ac07?s=96&d=mm&r=g","contentUrl":"https:\/\/secure.gravatar.com\/avatar\/f5aab8722444041451501c077052ac07?s=96&d=mm&r=g","caption":"Thiago Fernando"}}]}},"_links":{"self":[{"href":"https:\/\/www.manaus.am.gov.br\/semulsp\/wp-json\/wp\/v2\/posts\/2202"}],"collection":[{"href":"https:\/\/www.manaus.am.gov.br\/semulsp\/wp-json\/wp\/v2\/posts"}],"about":[{"href":"https:\/\/www.manaus.am.gov.br\/semulsp\/wp-json\/wp\/v2\/types\/post"}],"author":[{"embeddable":true,"href":"https:\/\/www.manaus.am.gov.br\/semulsp\/wp-json\/wp\/v2\/users\/57"}],"replies":[{"embeddable":true,"href":"https:\/\/www.manaus.am.gov.br\/semulsp\/wp-json\/wp\/v2\/comments?post=2202"}],"version-history":[{"count":0,"href":"https:\/\/www.manaus.am.gov.br\/semulsp\/wp-json\/wp\/v2\/posts\/2202\/revisions"}],"wp:featuredmedia":[{"embeddable":true,"href":"https:\/\/www.manaus.am.gov.br\/semulsp\/wp-json\/wp\/v2\/media\/2203"}],"wp:attachment":[{"href":"https:\/\/www.manaus.am.gov.br\/semulsp\/wp-json\/wp\/v2\/media?parent=2202"}],"wp:term":[{"taxonomy":"category","embeddable":true,"href":"https:\/\/www.manaus.am.gov.br\/semulsp\/wp-json\/wp\/v2\/categories?post=2202"},{"taxonomy":"post_tag","embeddable":true,"href":"https:\/\/www.manaus.am.gov.br\/semulsp\/wp-json\/wp\/v2\/tags?post=2202"}],"curies":[{"name":"wp","href":"https:\/\/api.w.org\/{rel}","templated":true}]}}