{"id":2200,"date":"2025-07-04T17:09:51","date_gmt":"2025-07-04T21:09:51","guid":{"rendered":"https:\/\/www.manaus.am.gov.br\/semulsp\/caixa-coletora-limpeza-avenida-constantinopla\/"},"modified":"2025-07-04T17:09:53","modified_gmt":"2025-07-04T21:09:53","slug":"caixa-coletora-limpeza-avenida-constantinopla","status":"publish","type":"post","link":"https:\/\/www.manaus.am.gov.br\/semulsp\/caixa-coletora-limpeza-avenida-constantinopla\/","title":{"rendered":"Prefeitura de Manaus realiza limpeza de caixa coletora na avenida Constantinopla"},"content":{"rendered":"\n<p>A <a href=\"https:\/\/www.instagram.com\/prefeiturademanaus\/\">Prefeitura de Manaus<\/a>, por meio da <a href=\"https:\/\/www.manaus.am.gov.br\/seminf\/\">Secretaria Municipal de Infraestrutura (Seminf)<\/a>, intensificou, nesta quinta-feira, 4\/7, os servi\u00e7os de limpeza e desobstru\u00e7\u00e3o de caixa coletora na avenida Constantinopla, no bairro Planalto, zona Centro-Oeste.<\/p>\n\n\n\n<p>A interven\u00e7\u00e3o teve como objetivo principal garantir o escoamento adequado das \u00e1guas pluviais e prevenir alagamentos na regi\u00e3o. O servi\u00e7o foi executado de forma manual, com o apoio de um caminh\u00e3o hidrojato, equipamento que utiliza jatos de \u00e1gua em alta press\u00e3o para remover res\u00edduos acumulados no interior do sistema de drenagem.<\/p>\n\n\n\n<p>\u201cO trabalho de manuten\u00e7\u00e3o da drenagem \u00e9 constante. Estamos atentos \u00e0s necessidades da popula\u00e7\u00e3o e atuamos com agilidade para evitar situa\u00e7\u00f5es maiores. A a\u00e7\u00e3o na Constantinopla refor\u00e7a o compromisso da gest\u00e3o do prefeito David Almeida com a qualidade de vida dos manauaras\u201d, afirmou o vice-prefeito e secret\u00e1rio de Obras, Renato Junior.<\/p>\n\n\n\n<p>A iniciativa integra um conjunto de a\u00e7\u00f5es preventivas que v\u00eam sendo executadas em diversos bairros da capital, com foco na preserva\u00e7\u00e3o da infraestrutura urbana e na melhoria do sistema de drenagem superficial. Al\u00e9m de evitar danos \u00e0 malha vi\u00e1ria, os servi\u00e7os contribuem para uma cidade mais segura e preparada para o per\u00edodo de chuvas.<\/p>\n\n\n\n<p><strong>&#8212; &#8212; &#8212;<\/strong><\/p>\n\n\n\n<p><strong>Texto &#8211;<\/strong> Maria Amed \/ Seminf<\/p>\n\n\n\n<p><strong>Fotos \u2013<\/strong> Divulga\u00e7\u00e3o \/ Seminf<\/p>\n","protected":false},"excerpt":{"rendered":"","protected":false},"author":57,"featured_media":2201,"comment_status":"closed","ping_status":"closed","sticky":false,"template":"","format":"standard","meta":{"footnotes":""},"categories":[38],"tags":[777,10,19],"acf":[],"yoast_head":"<!-- This site is optimized with the Yoast SEO plugin v23.0 - https:\/\/yoast.com\/wordpress\/plugins\/seo\/ -->\n<title>PMM realiza limpeza de caixa coletora na avenida Constantinopla<\/title>\n<meta name=\"description\" content=\"A Prefeitura de Manaus intensificou, nesta quinta-feira, os servi\u00e7os de limpeza e desobstru\u00e7\u00e3o de caixa coletora na avenida Constantinopla.\" \/>\n<meta name=\"robots\" content=\"noindex, follow\" \/>\n<meta property=\"og:locale\" content=\"pt_BR\" \/>\n<meta property=\"og:type\" content=\"article\" \/>\n<meta property=\"og:title\" content=\"PMM realiza limpeza de caixa coletora na avenida Constantinopla\" \/>\n<meta property=\"og:description\" content=\"A Prefeitura de Manaus intensificou, nesta quinta-feira, os servi\u00e7os de limpeza e desobstru\u00e7\u00e3o de caixa coletora na avenida Constantinopla.\" \/>\n<meta property=\"og:url\" content=\"https:\/\/www.manaus.am.gov.br\/semulsp\/caixa-coletora-limpeza-avenida-constantinopla\/\" \/>\n<meta property=\"og:site_name\" content=\"SEMULSP\" \/>\n<meta property=\"article:publisher\" content=\"https:\/\/www.facebook.com\/semulspmanaus\" \/>\n<meta property=\"article:published_time\" content=\"2025-07-04T21:09:51+00:00\" \/>\n<meta property=\"article:modified_time\" content=\"2025-07-04T21:09:53+00:00\" \/>\n<meta property=\"og:image\" content=\"https:\/\/www.manaus.am.gov.br\/semulsp\/wp-content\/uploads\/sites\/23\/2025\/07\/limpeza-de-caixa-1.jpg\" \/>\n\t<meta property=\"og:image:width\" content=\"1600\" \/>\n\t<meta property=\"og:image:height\" content=\"1204\" \/>\n\t<meta property=\"og:image:type\" content=\"image\/jpeg\" \/>\n<meta name=\"author\" content=\"Thiago Fernando\" \/>\n<meta name=\"twitter:card\" content=\"summary_large_image\" \/>\n<meta name=\"twitter:label1\" content=\"Written by\" \/>\n\t<meta name=\"twitter:data1\" content=\"Thiago Fernando\" \/>\n\t<meta name=\"twitter:label2\" content=\"Est. reading time\" \/>\n\t<meta name=\"twitter:data2\" content=\"2 minutos\" \/>\n<script type=\"application\/ld+json\" class=\"yoast-schema-graph\">{\"@context\":\"https:\/\/schema.org\",\"@graph\":[{\"@type\":\"Article\",\"@id\":\"https:\/\/www.manaus.am.gov.br\/semulsp\/caixa-coletora-limpeza-avenida-constantinopla\/#article\",\"isPartOf\":{\"@id\":\"https:\/\/www.manaus.am.gov.br\/semulsp\/caixa-coletora-limpeza-avenida-constantinopla\/\"},\"author\":{\"name\":\"Thiago Fernando\",\"@id\":\"https:\/\/www.manaus.am.gov.br\/semulsp\/#\/schema\/person\/a5ee5376db6e21af026374b369f30882\"},\"headline\":\"Prefeitura de Manaus realiza limpeza de caixa coletora na avenida Constantinopla\",\"datePublished\":\"2025-07-04T21:09:51+00:00\",\"dateModified\":\"2025-07-04T21:09:53+00:00\",\"mainEntityOfPage\":{\"@id\":\"https:\/\/www.manaus.am.gov.br\/semulsp\/caixa-coletora-limpeza-avenida-constantinopla\/\"},\"wordCount\":231,\"publisher\":{\"@id\":\"https:\/\/www.manaus.am.gov.br\/semulsp\/#organization\"},\"image\":{\"@id\":\"https:\/\/www.manaus.am.gov.br\/semulsp\/caixa-coletora-limpeza-avenida-constantinopla\/#primaryimage\"},\"thumbnailUrl\":\"https:\/\/www.manaus.am.gov.br\/semulsp\/wp-content\/uploads\/sites\/23\/2025\/07\/limpeza-de-caixa-1.jpg\",\"keywords\":[\"limpeza de caixa\",\"prefeitura de manaus\",\"semulsp\"],\"articleSection\":[\"Limpeza\"],\"inLanguage\":\"pt-BR\"},{\"@type\":\"WebPage\",\"@id\":\"https:\/\/www.manaus.am.gov.br\/semulsp\/caixa-coletora-limpeza-avenida-constantinopla\/\",\"url\":\"https:\/\/www.manaus.am.gov.br\/semulsp\/caixa-coletora-limpeza-avenida-constantinopla\/\",\"name\":\"PMM realiza limpeza de caixa coletora na avenida Constantinopla\",\"isPartOf\":{\"@id\":\"https:\/\/www.manaus.am.gov.br\/semulsp\/#website\"},\"primaryImageOfPage\":{\"@id\":\"https:\/\/www.manaus.am.gov.br\/semulsp\/caixa-coletora-limpeza-avenida-constantinopla\/#primaryimage\"},\"image\":{\"@id\":\"https:\/\/www.manaus.am.gov.br\/semulsp\/caixa-coletora-limpeza-avenida-constantinopla\/#primaryimage\"},\"thumbnailUrl\":\"https:\/\/www.manaus.am.gov.br\/semulsp\/wp-content\/uploads\/sites\/23\/2025\/07\/limpeza-de-caixa-1.jpg\",\"datePublished\":\"2025-07-04T21:09:51+00:00\",\"dateModified\":\"2025-07-04T21:09:53+00:00\",\"description\":\"A Prefeitura de Manaus intensificou, nesta quinta-feira, os servi\u00e7os de limpeza e desobstru\u00e7\u00e3o de caixa coletora na avenida Constantinopla.\",\"breadcrumb\":{\"@id\":\"https:\/\/www.manaus.am.gov.br\/semulsp\/caixa-coletora-limpeza-avenida-constantinopla\/#breadcrumb\"},\"inLanguage\":\"pt-BR\",\"potentialAction\":[{\"@type\":\"ReadAction\",\"target\":[\"https:\/\/www.manaus.am.gov.br\/semulsp\/caixa-coletora-limpeza-avenida-constantinopla\/\"]}]},{\"@type\":\"ImageObject\",\"inLanguage\":\"pt-BR\",\"@id\":\"https:\/\/www.manaus.am.gov.br\/semulsp\/caixa-coletora-limpeza-avenida-constantinopla\/#primaryimage\",\"url\":\"https:\/\/www.manaus.am.gov.br\/semulsp\/wp-content\/uploads\/sites\/23\/2025\/07\/limpeza-de-caixa-1.jpg\",\"contentUrl\":\"https:\/\/www.manaus.am.gov.br\/semulsp\/wp-content\/uploads\/sites\/23\/2025\/07\/limpeza-de-caixa-1.jpg\",\"width\":1600,\"height\":1204,\"caption\":\"limpeza de caixa\"},{\"@type\":\"BreadcrumbList\",\"@id\":\"https:\/\/www.manaus.am.gov.br\/semulsp\/caixa-coletora-limpeza-avenida-constantinopla\/#breadcrumb\",\"itemListElement\":[{\"@type\":\"ListItem\",\"position\":1,\"name\":\"Home\",\"item\":\"https:\/\/www.manaus.am.gov.br\/semulsp\/\"},{\"@type\":\"ListItem\",\"position\":2,\"name\":\"Prefeitura de Manaus realiza limpeza de caixa coletora na avenida Constantinopla\"}]},{\"@type\":\"WebSite\",\"@id\":\"https:\/\/www.manaus.am.gov.br\/semulsp\/#website\",\"url\":\"https:\/\/www.manaus.am.gov.br\/semulsp\/\",\"name\":\"SEMULSP\",\"description\":\"Prefeitura de Manaus\",\"publisher\":{\"@id\":\"https:\/\/www.manaus.am.gov.br\/semulsp\/#organization\"},\"alternateName\":\"Secretaria Municipal de Limpeza P\u00fablica\",\"potentialAction\":[{\"@type\":\"SearchAction\",\"target\":{\"@type\":\"EntryPoint\",\"urlTemplate\":\"https:\/\/www.manaus.am.gov.br\/semulsp\/?s={search_term_string}\"},\"query-input\":\"required name=search_term_string\"}],\"inLanguage\":\"pt-BR\"},{\"@type\":\"Organization\",\"@id\":\"https:\/\/www.manaus.am.gov.br\/semulsp\/#organization\",\"name\":\"SEMULSP\",\"alternateName\":\"Secretaria Municipal de Limpeza P\u00fablica\",\"url\":\"https:\/\/www.manaus.am.gov.br\/semulsp\/\",\"logo\":{\"@type\":\"ImageObject\",\"inLanguage\":\"pt-BR\",\"@id\":\"https:\/\/www.manaus.am.gov.br\/semulsp\/#\/schema\/logo\/image\/\",\"url\":\"https:\/\/www.manaus.am.gov.br\/semulsp\/wp-content\/uploads\/sites\/23\/2023\/05\/cropped-favicon.png\",\"contentUrl\":\"https:\/\/www.manaus.am.gov.br\/semulsp\/wp-content\/uploads\/sites\/23\/2023\/05\/cropped-favicon.png\",\"width\":512,\"height\":512,\"caption\":\"SEMULSP\"},\"image\":{\"@id\":\"https:\/\/www.manaus.am.gov.br\/semulsp\/#\/schema\/logo\/image\/\"},\"sameAs\":[\"https:\/\/www.facebook.com\/semulspmanaus\",\"https:\/\/www.instagram.com\/semulspmanaus\/\"]},{\"@type\":\"Person\",\"@id\":\"https:\/\/www.manaus.am.gov.br\/semulsp\/#\/schema\/person\/a5ee5376db6e21af026374b369f30882\",\"name\":\"Thiago Fernando\",\"image\":{\"@type\":\"ImageObject\",\"inLanguage\":\"pt-BR\",\"@id\":\"https:\/\/www.manaus.am.gov.br\/semulsp\/#\/schema\/person\/image\/\",\"url\":\"https:\/\/secure.gravatar.com\/avatar\/f5aab8722444041451501c077052ac07?s=96&d=mm&r=g\",\"contentUrl\":\"https:\/\/secure.gravatar.com\/avatar\/f5aab8722444041451501c077052ac07?s=96&d=mm&r=g\",\"caption\":\"Thiago Fernando\"}}]}<\/script>\n<!-- \/ Yoast SEO plugin. -->","yoast_head_json":{"title":"PMM realiza limpeza de caixa coletora na avenida Constantinopla","description":"A Prefeitura de Manaus intensificou, nesta quinta-feira, os servi\u00e7os de limpeza e desobstru\u00e7\u00e3o de caixa coletora na avenida Constantinopla.","robots":{"index":"noindex","follow":"follow"},"og_locale":"pt_BR","og_type":"article","og_title":"PMM realiza limpeza de caixa coletora na avenida Constantinopla","og_description":"A Prefeitura de Manaus intensificou, nesta quinta-feira, os servi\u00e7os de limpeza e desobstru\u00e7\u00e3o de caixa coletora na avenida Constantinopla.","og_url":"https:\/\/www.manaus.am.gov.br\/semulsp\/caixa-coletora-limpeza-avenida-constantinopla\/","og_site_name":"SEMULSP","article_publisher":"https:\/\/www.facebook.com\/semulspmanaus","article_published_time":"2025-07-04T21:09:51+00:00","article_modified_time":"2025-07-04T21:09:53+00:00","og_image":[{"width":1600,"height":1204,"url":"https:\/\/www.manaus.am.gov.br\/semulsp\/wp-content\/uploads\/sites\/23\/2025\/07\/limpeza-de-caixa-1.jpg","type":"image\/jpeg"}],"author":"Thiago Fernando","twitter_card":"summary_large_image","twitter_misc":{"Written by":"Thiago Fernando","Est. reading time":"2 minutos"},"schema":{"@context":"https:\/\/schema.org","@graph":[{"@type":"Article","@id":"https:\/\/www.manaus.am.gov.br\/semulsp\/caixa-coletora-limpeza-avenida-constantinopla\/#article","isPartOf":{"@id":"https:\/\/www.manaus.am.gov.br\/semulsp\/caixa-coletora-limpeza-avenida-constantinopla\/"},"author":{"name":"Thiago Fernando","@id":"https:\/\/www.manaus.am.gov.br\/semulsp\/#\/schema\/person\/a5ee5376db6e21af026374b369f30882"},"headline":"Prefeitura de Manaus realiza limpeza de caixa coletora na avenida Constantinopla","datePublished":"2025-07-04T21:09:51+00:00","dateModified":"2025-07-04T21:09:53+00:00","mainEntityOfPage":{"@id":"https:\/\/www.manaus.am.gov.br\/semulsp\/caixa-coletora-limpeza-avenida-constantinopla\/"},"wordCount":231,"publisher":{"@id":"https:\/\/www.manaus.am.gov.br\/semulsp\/#organization"},"image":{"@id":"https:\/\/www.manaus.am.gov.br\/semulsp\/caixa-coletora-limpeza-avenida-constantinopla\/#primaryimage"},"thumbnailUrl":"https:\/\/www.manaus.am.gov.br\/semulsp\/wp-content\/uploads\/sites\/23\/2025\/07\/limpeza-de-caixa-1.jpg","keywords":["limpeza de caixa","prefeitura de manaus","semulsp"],"articleSection":["Limpeza"],"inLanguage":"pt-BR"},{"@type":"WebPage","@id":"https:\/\/www.manaus.am.gov.br\/semulsp\/caixa-coletora-limpeza-avenida-constantinopla\/","url":"https:\/\/www.manaus.am.gov.br\/semulsp\/caixa-coletora-limpeza-avenida-constantinopla\/","name":"PMM realiza limpeza de caixa coletora na avenida Constantinopla","isPartOf":{"@id":"https:\/\/www.manaus.am.gov.br\/semulsp\/#website"},"primaryImageOfPage":{"@id":"https:\/\/www.manaus.am.gov.br\/semulsp\/caixa-coletora-limpeza-avenida-constantinopla\/#primaryimage"},"image":{"@id":"https:\/\/www.manaus.am.gov.br\/semulsp\/caixa-coletora-limpeza-avenida-constantinopla\/#primaryimage"},"thumbnailUrl":"https:\/\/www.manaus.am.gov.br\/semulsp\/wp-content\/uploads\/sites\/23\/2025\/07\/limpeza-de-caixa-1.jpg","datePublished":"2025-07-04T21:09:51+00:00","dateModified":"2025-07-04T21:09:53+00:00","description":"A Prefeitura de Manaus intensificou, nesta quinta-feira, os servi\u00e7os de limpeza e desobstru\u00e7\u00e3o de caixa coletora na avenida Constantinopla.","breadcrumb":{"@id":"https:\/\/www.manaus.am.gov.br\/semulsp\/caixa-coletora-limpeza-avenida-constantinopla\/#breadcrumb"},"inLanguage":"pt-BR","potentialAction":[{"@type":"ReadAction","target":["https:\/\/www.manaus.am.gov.br\/semulsp\/caixa-coletora-limpeza-avenida-constantinopla\/"]}]},{"@type":"ImageObject","inLanguage":"pt-BR","@id":"https:\/\/www.manaus.am.gov.br\/semulsp\/caixa-coletora-limpeza-avenida-constantinopla\/#primaryimage","url":"https:\/\/www.manaus.am.gov.br\/semulsp\/wp-content\/uploads\/sites\/23\/2025\/07\/limpeza-de-caixa-1.jpg","contentUrl":"https:\/\/www.manaus.am.gov.br\/semulsp\/wp-content\/uploads\/sites\/23\/2025\/07\/limpeza-de-caixa-1.jpg","width":1600,"height":1204,"caption":"limpeza de caixa"},{"@type":"BreadcrumbList","@id":"https:\/\/www.manaus.am.gov.br\/semulsp\/caixa-coletora-limpeza-avenida-constantinopla\/#breadcrumb","itemListElement":[{"@type":"ListItem","position":1,"name":"Home","item":"https:\/\/www.manaus.am.gov.br\/semulsp\/"},{"@type":"ListItem","position":2,"name":"Prefeitura de Manaus realiza limpeza de caixa coletora na avenida Constantinopla"}]},{"@type":"WebSite","@id":"https:\/\/www.manaus.am.gov.br\/semulsp\/#website","url":"https:\/\/www.manaus.am.gov.br\/semulsp\/","name":"SEMULSP","description":"Prefeitura de Manaus","publisher":{"@id":"https:\/\/www.manaus.am.gov.br\/semulsp\/#organization"},"alternateName":"Secretaria Municipal de Limpeza P\u00fablica","potentialAction":[{"@type":"SearchAction","target":{"@type":"EntryPoint","urlTemplate":"https:\/\/www.manaus.am.gov.br\/semulsp\/?s={search_term_string}"},"query-input":"required name=search_term_string"}],"inLanguage":"pt-BR"},{"@type":"Organization","@id":"https:\/\/www.manaus.am.gov.br\/semulsp\/#organization","name":"SEMULSP","alternateName":"Secretaria Municipal de Limpeza P\u00fablica","url":"https:\/\/www.manaus.am.gov.br\/semulsp\/","logo":{"@type":"ImageObject","inLanguage":"pt-BR","@id":"https:\/\/www.manaus.am.gov.br\/semulsp\/#\/schema\/logo\/image\/","url":"https:\/\/www.manaus.am.gov.br\/semulsp\/wp-content\/uploads\/sites\/23\/2023\/05\/cropped-favicon.png","contentUrl":"https:\/\/www.manaus.am.gov.br\/semulsp\/wp-content\/uploads\/sites\/23\/2023\/05\/cropped-favicon.png","width":512,"height":512,"caption":"SEMULSP"},"image":{"@id":"https:\/\/www.manaus.am.gov.br\/semulsp\/#\/schema\/logo\/image\/"},"sameAs":["https:\/\/www.facebook.com\/semulspmanaus","https:\/\/www.instagram.com\/semulspmanaus\/"]},{"@type":"Person","@id":"https:\/\/www.manaus.am.gov.br\/semulsp\/#\/schema\/person\/a5ee5376db6e21af026374b369f30882","name":"Thiago Fernando","image":{"@type":"ImageObject","inLanguage":"pt-BR","@id":"https:\/\/www.manaus.am.gov.br\/semulsp\/#\/schema\/person\/image\/","url":"https:\/\/secure.gravatar.com\/avatar\/f5aab8722444041451501c077052ac07?s=96&d=mm&r=g","contentUrl":"https:\/\/secure.gravatar.com\/avatar\/f5aab8722444041451501c077052ac07?s=96&d=mm&r=g","caption":"Thiago Fernando"}}]}},"_links":{"self":[{"href":"https:\/\/www.manaus.am.gov.br\/semulsp\/wp-json\/wp\/v2\/posts\/2200"}],"collection":[{"href":"https:\/\/www.manaus.am.gov.br\/semulsp\/wp-json\/wp\/v2\/posts"}],"about":[{"href":"https:\/\/www.manaus.am.gov.br\/semulsp\/wp-json\/wp\/v2\/types\/post"}],"author":[{"embeddable":true,"href":"https:\/\/www.manaus.am.gov.br\/semulsp\/wp-json\/wp\/v2\/users\/57"}],"replies":[{"embeddable":true,"href":"https:\/\/www.manaus.am.gov.br\/semulsp\/wp-json\/wp\/v2\/comments?post=2200"}],"version-history":[{"count":0,"href":"https:\/\/www.manaus.am.gov.br\/semulsp\/wp-json\/wp\/v2\/posts\/2200\/revisions"}],"wp:featuredmedia":[{"embeddable":true,"href":"https:\/\/www.manaus.am.gov.br\/semulsp\/wp-json\/wp\/v2\/media\/2201"}],"wp:attachment":[{"href":"https:\/\/www.manaus.am.gov.br\/semulsp\/wp-json\/wp\/v2\/media?parent=2200"}],"wp:term":[{"taxonomy":"category","embeddable":true,"href":"https:\/\/www.manaus.am.gov.br\/semulsp\/wp-json\/wp\/v2\/categories?post=2200"},{"taxonomy":"post_tag","embeddable":true,"href":"https:\/\/www.manaus.am.gov.br\/semulsp\/wp-json\/wp\/v2\/tags?post=2200"}],"curies":[{"name":"wp","href":"https:\/\/api.w.org\/{rel}","templated":true}]}}