{"id":2180,"date":"2025-06-24T16:36:03","date_gmt":"2025-06-24T20:36:03","guid":{"rendered":"https:\/\/www.manaus.am.gov.br\/semulsp\/recuperacao-completa-da-lagoa-do-japiim\/"},"modified":"2025-06-24T16:36:05","modified_gmt":"2025-06-24T20:36:05","slug":"recuperacao-completa-da-lagoa-do-japiim","status":"publish","type":"post","link":"https:\/\/www.manaus.am.gov.br\/semulsp\/recuperacao-completa-da-lagoa-do-japiim\/","title":{"rendered":"Prefeito David Almeida anuncia recupera\u00e7\u00e3o completa da lagoa do Japiim"},"content":{"rendered":"\n<p>O prefeito de Manaus, David Almeida, realizou, na manh\u00e3 desta ter\u00e7a-feira, 24\/6, uma visita t\u00e9cnica \u00e0 lagoa do Japiim, na zona Sul, para anunciar o in\u00edcio de mais um projeto de recupera\u00e7\u00e3o e requalifica\u00e7\u00e3o do espa\u00e7o p\u00fablico da cidade.<\/p>\n\n\n\n<p>Acompanhado de representantes das secretarias municipais e da concession\u00e1ria \u00c1guas de Manaus, o chefe do Executivo municipal apresentou as diretrizes da interven\u00e7\u00e3o que transformar\u00e1 a \u00e1rea em um novo polo de lazer, conviv\u00eancia e bem-estar para a popula\u00e7\u00e3o.<\/p>\n\n\n\n<p>\u201cEstamos aqui na lagoa do Japiim, este lugar lindo, para anunciar mais uma grande novidade para Manaus. Assim como fizemos no bairro Compensa, agora chegou a vez da zona Sul receber esse projeto transformador\u201d, declarou o prefeito David Almeida, durante a vistoria.<\/p>\n\n\n\n<p>O projeto prev\u00ea a revitaliza\u00e7\u00e3o completa da lagoa e seu entorno, com a implanta\u00e7\u00e3o de pra\u00e7a molhada, pedalinhos, espa\u00e7o PET, fazendinha, academia ao ar livre e \u00e1reas de lazer e conviv\u00eancia familiar. A proposta segue o mesmo modelo de sucesso implementado na lagoa da Compensa, entregue em junho deste ano, que rapidamente se tornou um dos novos cart\u00f5es-postais da capital, atraindo milhares de visitantes e proporcionando um espa\u00e7o seguro, moderno e sustent\u00e1vel para as fam\u00edlias manauaras.<\/p>\n\n\n\n<p>A experi\u00eancia da revitaliza\u00e7\u00e3o da lagoa da Compensa serviu como refer\u00eancia para o novo projeto no Japiim. A interven\u00e7\u00e3o anterior recuperou uma \u00e1rea antes degradada e com hist\u00f3rico de abandono, transformando-a em um ambiente de lazer com seguran\u00e7a, infraestrutura adequada e forte impacto positivo na qualidade de vida dos moradores do bairro Compensa e adjac\u00eancias.<\/p>\n\n\n\n<p>Agora, a Prefeitura de Manaus, em parceria com a \u00c1guas de Manaus, amplia o alcance desse modelo para beneficiar os moradores da zona Sul. Segundo Pedro Augusto Freitas, diretor da \u00c1guas de Manaus, a uni\u00e3o de esfor\u00e7os entre o poder p\u00fablico e a iniciativa privada \u00e9 fundamental para garantir resultados consistentes.<\/p>\n\n\n\n<p>\u201cO meio ambiente e a \u00c1guas de Manaus t\u00eam tudo a ver. Essa parceria com a prefeitura \u00e9 mais um passo para recuperarmos nossos espa\u00e7os p\u00fablicos e corpos h\u00eddricos. Vamos devolver \u00e0 popula\u00e7\u00e3o um espa\u00e7o de conviv\u00eancia social, lazer e esporte. \u00c9 uma satisfa\u00e7\u00e3o enorme participar desse projeto\u201d, destacou.<\/p>\n\n\n\n<p>Parceria integrada<\/p>\n\n\n\n<p>O projeto da lagoa do Japiim ser\u00e1 coordenado pela Secretaria Municipal de Limpeza Urbana (Semulsp), respons\u00e1vel pela execu\u00e7\u00e3o das obras de recupera\u00e7\u00e3o ambiental, com o apoio direto da Secretaria Municipal de Infraestrutura (Seminf) na parte de engenharia civil e drenagem, e da Ag\u00eancia Reguladora dos Servi\u00e7os P\u00fablicos Delegados do Munic\u00edpio de Manaus (Ageman) na fiscaliza\u00e7\u00e3o t\u00e9cnica. A Secretaria Municipal de Seguran\u00e7a P\u00fablica e Defesa Social (Semseg) tamb\u00e9m far\u00e1 parte do projeto, garantindo a seguran\u00e7a e a preserva\u00e7\u00e3o do novo espa\u00e7o.<\/p>\n\n\n\n<p>O prefeito David Almeida refor\u00e7ou o compromisso da gest\u00e3o em seguir investindo na requalifica\u00e7\u00e3o urbana e ambiental de Manaus. \u201cO que fizemos no bairro Compensa provou que \u00e9 poss\u00edvel transformar \u00e1reas abandonadas em espa\u00e7os vivos, que resgatam o orgulho das comunidades. Agora, a lagoa do Japiim ter\u00e1 o mesmo destino: um espa\u00e7o digno, bonito e seguro para as fam\u00edlias aproveitarem. Manaus merece\u201d, concluiu.<\/p>\n\n\n\n<p>A obra na lagoa do Japiim dever\u00e1 seguir o calend\u00e1rio de execu\u00e7\u00e3o j\u00e1 iniciado, com previs\u00e3o de entrega ainda dentro da atual gest\u00e3o.<\/p>\n\n\n\n<p>&#8212; &#8212; &#8212;<\/p>\n\n\n\n<p><strong>Texto<\/strong> &#8211; Emanuelle Baires\/Semcom<\/p>\n\n\n\n<p><strong>Fotos<\/strong> &#8211; Dhyeizo Lemos\/Semcom<\/p>\n\n\n\n<p><strong>Dispon\u00edveis em &#8211;<\/strong> <a href=\"https:\/\/flic.kr\/s\/aHBqjCjeNq\">https:\/\/flic.kr\/s\/aHBqjCjeNq<\/a><\/p>\n","protected":false},"excerpt":{"rendered":"","protected":false},"author":57,"featured_media":2181,"comment_status":"closed","ping_status":"closed","sticky":false,"template":"","format":"standard","meta":{"footnotes":""},"categories":[642],"tags":[770,10,19],"acf":[],"yoast_head":"<!-- This site is optimized with the Yoast SEO plugin v23.0 - https:\/\/yoast.com\/wordpress\/plugins\/seo\/ -->\n<title>David Almeida anuncia recupera\u00e7\u00e3o completa da lagoa do Japiim<\/title>\n<meta name=\"description\" content=\"David Almeida realizou visita t\u00e9cnica \u00e0 lagoa do Japiim, na zona Sul, para anunciar o in\u00edcio de mais um projeto de recupera\u00e7\u00e3o.\" \/>\n<meta name=\"robots\" content=\"noindex, follow\" \/>\n<meta property=\"og:locale\" content=\"pt_BR\" \/>\n<meta property=\"og:type\" content=\"article\" \/>\n<meta property=\"og:title\" content=\"David Almeida anuncia recupera\u00e7\u00e3o completa da lagoa do Japiim\" \/>\n<meta property=\"og:description\" content=\"David Almeida realizou visita t\u00e9cnica \u00e0 lagoa do Japiim, na zona Sul, para anunciar o in\u00edcio de mais um projeto de recupera\u00e7\u00e3o.\" \/>\n<meta property=\"og:url\" content=\"https:\/\/www.manaus.am.gov.br\/semulsp\/recuperacao-completa-da-lagoa-do-japiim\/\" \/>\n<meta property=\"og:site_name\" content=\"SEMULSP\" \/>\n<meta property=\"article:publisher\" content=\"https:\/\/www.facebook.com\/semulspmanaus\" \/>\n<meta property=\"article:published_time\" content=\"2025-06-24T20:36:03+00:00\" \/>\n<meta property=\"article:modified_time\" content=\"2025-06-24T20:36:05+00:00\" \/>\n<meta property=\"og:image\" content=\"https:\/\/www.manaus.am.gov.br\/semulsp\/wp-content\/uploads\/sites\/23\/2025\/06\/lagoa-do-Japiim-1.jpeg\" \/>\n\t<meta property=\"og:image:width\" content=\"799\" \/>\n\t<meta property=\"og:image:height\" content=\"533\" \/>\n\t<meta property=\"og:image:type\" content=\"image\/jpeg\" \/>\n<meta name=\"author\" content=\"Thiago Fernando\" \/>\n<meta name=\"twitter:card\" content=\"summary_large_image\" \/>\n<meta name=\"twitter:label1\" content=\"Written by\" \/>\n\t<meta name=\"twitter:data1\" content=\"Thiago Fernando\" \/>\n\t<meta name=\"twitter:label2\" content=\"Est. reading time\" \/>\n\t<meta name=\"twitter:data2\" content=\"4 minutos\" \/>\n<script type=\"application\/ld+json\" class=\"yoast-schema-graph\">{\"@context\":\"https:\/\/schema.org\",\"@graph\":[{\"@type\":\"Article\",\"@id\":\"https:\/\/www.manaus.am.gov.br\/semulsp\/recuperacao-completa-da-lagoa-do-japiim\/#article\",\"isPartOf\":{\"@id\":\"https:\/\/www.manaus.am.gov.br\/semulsp\/recuperacao-completa-da-lagoa-do-japiim\/\"},\"author\":{\"name\":\"Thiago Fernando\",\"@id\":\"https:\/\/www.manaus.am.gov.br\/semulsp\/#\/schema\/person\/a5ee5376db6e21af026374b369f30882\"},\"headline\":\"Prefeito David Almeida anuncia recupera\u00e7\u00e3o completa da lagoa do Japiim\",\"datePublished\":\"2025-06-24T20:36:03+00:00\",\"dateModified\":\"2025-06-24T20:36:05+00:00\",\"mainEntityOfPage\":{\"@id\":\"https:\/\/www.manaus.am.gov.br\/semulsp\/recuperacao-completa-da-lagoa-do-japiim\/\"},\"wordCount\":608,\"publisher\":{\"@id\":\"https:\/\/www.manaus.am.gov.br\/semulsp\/#organization\"},\"image\":{\"@id\":\"https:\/\/www.manaus.am.gov.br\/semulsp\/recuperacao-completa-da-lagoa-do-japiim\/#primaryimage\"},\"thumbnailUrl\":\"https:\/\/www.manaus.am.gov.br\/semulsp\/wp-content\/uploads\/sites\/23\/2025\/06\/lagoa-do-Japiim-1.jpeg\",\"keywords\":[\"lagoa do japiim\",\"prefeitura de manaus\",\"semulsp\"],\"articleSection\":[\"Lazer\"],\"inLanguage\":\"pt-BR\"},{\"@type\":\"WebPage\",\"@id\":\"https:\/\/www.manaus.am.gov.br\/semulsp\/recuperacao-completa-da-lagoa-do-japiim\/\",\"url\":\"https:\/\/www.manaus.am.gov.br\/semulsp\/recuperacao-completa-da-lagoa-do-japiim\/\",\"name\":\"David Almeida anuncia recupera\u00e7\u00e3o completa da lagoa do Japiim\",\"isPartOf\":{\"@id\":\"https:\/\/www.manaus.am.gov.br\/semulsp\/#website\"},\"primaryImageOfPage\":{\"@id\":\"https:\/\/www.manaus.am.gov.br\/semulsp\/recuperacao-completa-da-lagoa-do-japiim\/#primaryimage\"},\"image\":{\"@id\":\"https:\/\/www.manaus.am.gov.br\/semulsp\/recuperacao-completa-da-lagoa-do-japiim\/#primaryimage\"},\"thumbnailUrl\":\"https:\/\/www.manaus.am.gov.br\/semulsp\/wp-content\/uploads\/sites\/23\/2025\/06\/lagoa-do-Japiim-1.jpeg\",\"datePublished\":\"2025-06-24T20:36:03+00:00\",\"dateModified\":\"2025-06-24T20:36:05+00:00\",\"description\":\"David Almeida realizou visita t\u00e9cnica \u00e0 lagoa do Japiim, na zona Sul, para anunciar o in\u00edcio de mais um projeto de recupera\u00e7\u00e3o.\",\"breadcrumb\":{\"@id\":\"https:\/\/www.manaus.am.gov.br\/semulsp\/recuperacao-completa-da-lagoa-do-japiim\/#breadcrumb\"},\"inLanguage\":\"pt-BR\",\"potentialAction\":[{\"@type\":\"ReadAction\",\"target\":[\"https:\/\/www.manaus.am.gov.br\/semulsp\/recuperacao-completa-da-lagoa-do-japiim\/\"]}]},{\"@type\":\"ImageObject\",\"inLanguage\":\"pt-BR\",\"@id\":\"https:\/\/www.manaus.am.gov.br\/semulsp\/recuperacao-completa-da-lagoa-do-japiim\/#primaryimage\",\"url\":\"https:\/\/www.manaus.am.gov.br\/semulsp\/wp-content\/uploads\/sites\/23\/2025\/06\/lagoa-do-Japiim-1.jpeg\",\"contentUrl\":\"https:\/\/www.manaus.am.gov.br\/semulsp\/wp-content\/uploads\/sites\/23\/2025\/06\/lagoa-do-Japiim-1.jpeg\",\"width\":799,\"height\":533,\"caption\":\"lagoa do Japiim\"},{\"@type\":\"BreadcrumbList\",\"@id\":\"https:\/\/www.manaus.am.gov.br\/semulsp\/recuperacao-completa-da-lagoa-do-japiim\/#breadcrumb\",\"itemListElement\":[{\"@type\":\"ListItem\",\"position\":1,\"name\":\"Home\",\"item\":\"https:\/\/www.manaus.am.gov.br\/semulsp\/\"},{\"@type\":\"ListItem\",\"position\":2,\"name\":\"Prefeito David Almeida anuncia recupera\u00e7\u00e3o completa da lagoa do Japiim\"}]},{\"@type\":\"WebSite\",\"@id\":\"https:\/\/www.manaus.am.gov.br\/semulsp\/#website\",\"url\":\"https:\/\/www.manaus.am.gov.br\/semulsp\/\",\"name\":\"SEMULSP\",\"description\":\"Prefeitura de Manaus\",\"publisher\":{\"@id\":\"https:\/\/www.manaus.am.gov.br\/semulsp\/#organization\"},\"alternateName\":\"Secretaria Municipal de Limpeza P\u00fablica\",\"potentialAction\":[{\"@type\":\"SearchAction\",\"target\":{\"@type\":\"EntryPoint\",\"urlTemplate\":\"https:\/\/www.manaus.am.gov.br\/semulsp\/?s={search_term_string}\"},\"query-input\":\"required name=search_term_string\"}],\"inLanguage\":\"pt-BR\"},{\"@type\":\"Organization\",\"@id\":\"https:\/\/www.manaus.am.gov.br\/semulsp\/#organization\",\"name\":\"SEMULSP\",\"alternateName\":\"Secretaria Municipal de Limpeza P\u00fablica\",\"url\":\"https:\/\/www.manaus.am.gov.br\/semulsp\/\",\"logo\":{\"@type\":\"ImageObject\",\"inLanguage\":\"pt-BR\",\"@id\":\"https:\/\/www.manaus.am.gov.br\/semulsp\/#\/schema\/logo\/image\/\",\"url\":\"https:\/\/www.manaus.am.gov.br\/semulsp\/wp-content\/uploads\/sites\/23\/2023\/05\/cropped-favicon.png\",\"contentUrl\":\"https:\/\/www.manaus.am.gov.br\/semulsp\/wp-content\/uploads\/sites\/23\/2023\/05\/cropped-favicon.png\",\"width\":512,\"height\":512,\"caption\":\"SEMULSP\"},\"image\":{\"@id\":\"https:\/\/www.manaus.am.gov.br\/semulsp\/#\/schema\/logo\/image\/\"},\"sameAs\":[\"https:\/\/www.facebook.com\/semulspmanaus\",\"https:\/\/www.instagram.com\/semulspmanaus\/\"]},{\"@type\":\"Person\",\"@id\":\"https:\/\/www.manaus.am.gov.br\/semulsp\/#\/schema\/person\/a5ee5376db6e21af026374b369f30882\",\"name\":\"Thiago Fernando\",\"image\":{\"@type\":\"ImageObject\",\"inLanguage\":\"pt-BR\",\"@id\":\"https:\/\/www.manaus.am.gov.br\/semulsp\/#\/schema\/person\/image\/\",\"url\":\"https:\/\/secure.gravatar.com\/avatar\/f5aab8722444041451501c077052ac07?s=96&d=mm&r=g\",\"contentUrl\":\"https:\/\/secure.gravatar.com\/avatar\/f5aab8722444041451501c077052ac07?s=96&d=mm&r=g\",\"caption\":\"Thiago Fernando\"}}]}<\/script>\n<!-- \/ Yoast SEO plugin. -->","yoast_head_json":{"title":"David Almeida anuncia recupera\u00e7\u00e3o completa da lagoa do Japiim","description":"David Almeida realizou visita t\u00e9cnica \u00e0 lagoa do Japiim, na zona Sul, para anunciar o in\u00edcio de mais um projeto de recupera\u00e7\u00e3o.","robots":{"index":"noindex","follow":"follow"},"og_locale":"pt_BR","og_type":"article","og_title":"David Almeida anuncia recupera\u00e7\u00e3o completa da lagoa do Japiim","og_description":"David Almeida realizou visita t\u00e9cnica \u00e0 lagoa do Japiim, na zona Sul, para anunciar o in\u00edcio de mais um projeto de recupera\u00e7\u00e3o.","og_url":"https:\/\/www.manaus.am.gov.br\/semulsp\/recuperacao-completa-da-lagoa-do-japiim\/","og_site_name":"SEMULSP","article_publisher":"https:\/\/www.facebook.com\/semulspmanaus","article_published_time":"2025-06-24T20:36:03+00:00","article_modified_time":"2025-06-24T20:36:05+00:00","og_image":[{"width":799,"height":533,"url":"https:\/\/www.manaus.am.gov.br\/semulsp\/wp-content\/uploads\/sites\/23\/2025\/06\/lagoa-do-Japiim-1.jpeg","type":"image\/jpeg"}],"author":"Thiago Fernando","twitter_card":"summary_large_image","twitter_misc":{"Written by":"Thiago Fernando","Est. reading time":"4 minutos"},"schema":{"@context":"https:\/\/schema.org","@graph":[{"@type":"Article","@id":"https:\/\/www.manaus.am.gov.br\/semulsp\/recuperacao-completa-da-lagoa-do-japiim\/#article","isPartOf":{"@id":"https:\/\/www.manaus.am.gov.br\/semulsp\/recuperacao-completa-da-lagoa-do-japiim\/"},"author":{"name":"Thiago Fernando","@id":"https:\/\/www.manaus.am.gov.br\/semulsp\/#\/schema\/person\/a5ee5376db6e21af026374b369f30882"},"headline":"Prefeito David Almeida anuncia recupera\u00e7\u00e3o completa da lagoa do Japiim","datePublished":"2025-06-24T20:36:03+00:00","dateModified":"2025-06-24T20:36:05+00:00","mainEntityOfPage":{"@id":"https:\/\/www.manaus.am.gov.br\/semulsp\/recuperacao-completa-da-lagoa-do-japiim\/"},"wordCount":608,"publisher":{"@id":"https:\/\/www.manaus.am.gov.br\/semulsp\/#organization"},"image":{"@id":"https:\/\/www.manaus.am.gov.br\/semulsp\/recuperacao-completa-da-lagoa-do-japiim\/#primaryimage"},"thumbnailUrl":"https:\/\/www.manaus.am.gov.br\/semulsp\/wp-content\/uploads\/sites\/23\/2025\/06\/lagoa-do-Japiim-1.jpeg","keywords":["lagoa do japiim","prefeitura de manaus","semulsp"],"articleSection":["Lazer"],"inLanguage":"pt-BR"},{"@type":"WebPage","@id":"https:\/\/www.manaus.am.gov.br\/semulsp\/recuperacao-completa-da-lagoa-do-japiim\/","url":"https:\/\/www.manaus.am.gov.br\/semulsp\/recuperacao-completa-da-lagoa-do-japiim\/","name":"David Almeida anuncia recupera\u00e7\u00e3o completa da lagoa do Japiim","isPartOf":{"@id":"https:\/\/www.manaus.am.gov.br\/semulsp\/#website"},"primaryImageOfPage":{"@id":"https:\/\/www.manaus.am.gov.br\/semulsp\/recuperacao-completa-da-lagoa-do-japiim\/#primaryimage"},"image":{"@id":"https:\/\/www.manaus.am.gov.br\/semulsp\/recuperacao-completa-da-lagoa-do-japiim\/#primaryimage"},"thumbnailUrl":"https:\/\/www.manaus.am.gov.br\/semulsp\/wp-content\/uploads\/sites\/23\/2025\/06\/lagoa-do-Japiim-1.jpeg","datePublished":"2025-06-24T20:36:03+00:00","dateModified":"2025-06-24T20:36:05+00:00","description":"David Almeida realizou visita t\u00e9cnica \u00e0 lagoa do Japiim, na zona Sul, para anunciar o in\u00edcio de mais um projeto de recupera\u00e7\u00e3o.","breadcrumb":{"@id":"https:\/\/www.manaus.am.gov.br\/semulsp\/recuperacao-completa-da-lagoa-do-japiim\/#breadcrumb"},"inLanguage":"pt-BR","potentialAction":[{"@type":"ReadAction","target":["https:\/\/www.manaus.am.gov.br\/semulsp\/recuperacao-completa-da-lagoa-do-japiim\/"]}]},{"@type":"ImageObject","inLanguage":"pt-BR","@id":"https:\/\/www.manaus.am.gov.br\/semulsp\/recuperacao-completa-da-lagoa-do-japiim\/#primaryimage","url":"https:\/\/www.manaus.am.gov.br\/semulsp\/wp-content\/uploads\/sites\/23\/2025\/06\/lagoa-do-Japiim-1.jpeg","contentUrl":"https:\/\/www.manaus.am.gov.br\/semulsp\/wp-content\/uploads\/sites\/23\/2025\/06\/lagoa-do-Japiim-1.jpeg","width":799,"height":533,"caption":"lagoa do Japiim"},{"@type":"BreadcrumbList","@id":"https:\/\/www.manaus.am.gov.br\/semulsp\/recuperacao-completa-da-lagoa-do-japiim\/#breadcrumb","itemListElement":[{"@type":"ListItem","position":1,"name":"Home","item":"https:\/\/www.manaus.am.gov.br\/semulsp\/"},{"@type":"ListItem","position":2,"name":"Prefeito David Almeida anuncia recupera\u00e7\u00e3o completa da lagoa do Japiim"}]},{"@type":"WebSite","@id":"https:\/\/www.manaus.am.gov.br\/semulsp\/#website","url":"https:\/\/www.manaus.am.gov.br\/semulsp\/","name":"SEMULSP","description":"Prefeitura de Manaus","publisher":{"@id":"https:\/\/www.manaus.am.gov.br\/semulsp\/#organization"},"alternateName":"Secretaria Municipal de Limpeza P\u00fablica","potentialAction":[{"@type":"SearchAction","target":{"@type":"EntryPoint","urlTemplate":"https:\/\/www.manaus.am.gov.br\/semulsp\/?s={search_term_string}"},"query-input":"required name=search_term_string"}],"inLanguage":"pt-BR"},{"@type":"Organization","@id":"https:\/\/www.manaus.am.gov.br\/semulsp\/#organization","name":"SEMULSP","alternateName":"Secretaria Municipal de Limpeza P\u00fablica","url":"https:\/\/www.manaus.am.gov.br\/semulsp\/","logo":{"@type":"ImageObject","inLanguage":"pt-BR","@id":"https:\/\/www.manaus.am.gov.br\/semulsp\/#\/schema\/logo\/image\/","url":"https:\/\/www.manaus.am.gov.br\/semulsp\/wp-content\/uploads\/sites\/23\/2023\/05\/cropped-favicon.png","contentUrl":"https:\/\/www.manaus.am.gov.br\/semulsp\/wp-content\/uploads\/sites\/23\/2023\/05\/cropped-favicon.png","width":512,"height":512,"caption":"SEMULSP"},"image":{"@id":"https:\/\/www.manaus.am.gov.br\/semulsp\/#\/schema\/logo\/image\/"},"sameAs":["https:\/\/www.facebook.com\/semulspmanaus","https:\/\/www.instagram.com\/semulspmanaus\/"]},{"@type":"Person","@id":"https:\/\/www.manaus.am.gov.br\/semulsp\/#\/schema\/person\/a5ee5376db6e21af026374b369f30882","name":"Thiago Fernando","image":{"@type":"ImageObject","inLanguage":"pt-BR","@id":"https:\/\/www.manaus.am.gov.br\/semulsp\/#\/schema\/person\/image\/","url":"https:\/\/secure.gravatar.com\/avatar\/f5aab8722444041451501c077052ac07?s=96&d=mm&r=g","contentUrl":"https:\/\/secure.gravatar.com\/avatar\/f5aab8722444041451501c077052ac07?s=96&d=mm&r=g","caption":"Thiago Fernando"}}]}},"_links":{"self":[{"href":"https:\/\/www.manaus.am.gov.br\/semulsp\/wp-json\/wp\/v2\/posts\/2180"}],"collection":[{"href":"https:\/\/www.manaus.am.gov.br\/semulsp\/wp-json\/wp\/v2\/posts"}],"about":[{"href":"https:\/\/www.manaus.am.gov.br\/semulsp\/wp-json\/wp\/v2\/types\/post"}],"author":[{"embeddable":true,"href":"https:\/\/www.manaus.am.gov.br\/semulsp\/wp-json\/wp\/v2\/users\/57"}],"replies":[{"embeddable":true,"href":"https:\/\/www.manaus.am.gov.br\/semulsp\/wp-json\/wp\/v2\/comments?post=2180"}],"version-history":[{"count":0,"href":"https:\/\/www.manaus.am.gov.br\/semulsp\/wp-json\/wp\/v2\/posts\/2180\/revisions"}],"wp:featuredmedia":[{"embeddable":true,"href":"https:\/\/www.manaus.am.gov.br\/semulsp\/wp-json\/wp\/v2\/media\/2181"}],"wp:attachment":[{"href":"https:\/\/www.manaus.am.gov.br\/semulsp\/wp-json\/wp\/v2\/media?parent=2180"}],"wp:term":[{"taxonomy":"category","embeddable":true,"href":"https:\/\/www.manaus.am.gov.br\/semulsp\/wp-json\/wp\/v2\/categories?post=2180"},{"taxonomy":"post_tag","embeddable":true,"href":"https:\/\/www.manaus.am.gov.br\/semulsp\/wp-json\/wp\/v2\/tags?post=2180"}],"curies":[{"name":"wp","href":"https:\/\/api.w.org\/{rel}","templated":true}]}}