{"id":2154,"date":"2025-06-18T18:50:55","date_gmt":"2025-06-18T22:50:55","guid":{"rendered":"https:\/\/www.manaus.am.gov.br\/semulsp\/praca-molhada-da-lagoa-da-compensa\/"},"modified":"2025-06-18T18:50:56","modified_gmt":"2025-06-18T22:50:56","slug":"praca-molhada-da-lagoa-da-compensa","status":"publish","type":"post","link":"https:\/\/www.manaus.am.gov.br\/semulsp\/praca-molhada-da-lagoa-da-compensa\/","title":{"rendered":"Prefeitura de Manaus entrega pra\u00e7a molhada e completa estrutura de lazer da lagoa da Compensa"},"content":{"rendered":"\n<p><br>A Prefeitura de Manaus, por meio da Secretaria Municipal de Limpeza Urbana (Semulsp), entregou, nesta quarta-feira, 18\/6, mais um atrativo para as fam\u00edlias da zona Oeste da cidade: a pra\u00e7a molhada da lagoa da Compensa. O espa\u00e7o j\u00e1 virou sucesso entre as crian\u00e7as e deve se tornar um dos principais pontos de lazer da regi\u00e3o, que conta ainda com pedalinhos, fazendinha, academia ao ar livre, pista de caminhada, quadra esportiva, anfiteatro, pra\u00e7as de alimenta\u00e7\u00e3o, jardins e espa\u00e7o pet.<br><br>O subsecret\u00e1rio municipal de Limpeza Urbana, Laurimar Costa, destacou que toda a revitaliza\u00e7\u00e3o da lagoa foi realizada em regime de mutir\u00e3o, com o talento e a dedica\u00e7\u00e3o dos pr\u00f3prios servidores da secretaria.<br><br>\u201cAqui na Semulsp n\u00f3s temos pintores, escultores, soldadores. Nosso pessoal \u00e9 artista, s\u00e3o verdadeiros artistas que entregam esse resultado para a sociedade. \u00c9 um trabalho feito com muito amor, sob a orienta\u00e7\u00e3o do prefeito David Almeida e do nosso secret\u00e1rio Sab\u00e1 Reis\u201d, ressaltou Laurimar.<br><br>O subsecret\u00e1rio informou ainda que a pra\u00e7a molhada vai funcionar de quarta-feira a domingo, das 16h \u00e0s 21h. A fazendinha e os pedalinhos tamb\u00e9m ter\u00e3o hor\u00e1rio de funcionamento diferenciado, de quarta-feira a domingo. J\u00e1 o restante do complexo, funciona diariamente, de domingo a domingo, das 6h \u00e0s 22h.<br><br><strong>Espa\u00e7o de lazer e bem-estar<\/strong><br><br>Moradora do bairro Compensa, a professora Nora Catalista Gomes n\u00e3o escondeu a alegria de ver o espa\u00e7o revitalizado e cheio de vida.<br><br>\u201cEsse espa\u00e7o \u00e9 maravilhoso. Nossa cidade precisa de lugares assim para nossas crian\u00e7as. \u00c9 interativo, divertido e educativo. Temos a fazendinha, os pedalinhos e agora uma pra\u00e7a molhada pertinho de casa. Estamos muito felizes\u201d, comemorou.<br><br>E quem tamb\u00e9m aprovou o novo espa\u00e7o foi o pequeno Carlos Felipe, de apenas 6 anos. Quando perguntado sobre o que mais gostou, respondeu sorrindo.\u201cDa \u00e1gua, de tudo. Quero brincar l\u00e1 agora\u201d, comemorou.<br><br>Enquanto isso, a dona de casa Amanda Silva, afirma que a partir de agora ter\u00e1 compromisso di\u00e1rio na lagoa com os filhos. \u201cMeus filhos j\u00e1 faziam quest\u00e3o de vir antes. Agora, com essa pra\u00e7a molhada, v\u00e3o querer vir todos os dias. E eu fico feliz, porque \u00e9 um espa\u00e7o seguro, bonito e de muita alegria para as fam\u00edlias\u201d, contou.<br><br><strong>Cart\u00e3o-postal do bairro Compensa<\/strong><br><br>A lagoa da Compensa vem se consolidando como um dos principais espa\u00e7os de lazer da cidade. Com trilhas, quadras esportivas, academia ao ar livre, espa\u00e7o pet, pedalinhos e a fazendinha urbana \u2014 onde as crian\u00e7as t\u00eam contato com pequenos animais \u2014, o local oferece op\u00e7\u00f5es de entretenimento para todas as idades.<br><br>A pra\u00e7a molhada chega para somar a esse complexo, proporcionando momentos de divers\u00e3o e refresco, especialmente nos dias de calor intenso na capital.<br><br>\u201cEssa \u00e9 a miss\u00e3o da Semulsp, junto com o prefeito David Almeida e o secret\u00e1rio Sab\u00e1 Reis: cuidar da cidade, dos espa\u00e7os p\u00fablicos e, principalmente, proporcionar bem-estar para nossa popula\u00e7\u00e3o&#8221;, completou Laurimar Costa.<\/p>\n\n\n\n<p><strong>\u2014 \u2014 \u2014<\/strong><strong><br><\/strong><strong>Texto &#8211; <\/strong>Dora Tupinamb\u00e1 \/Semulsp<br><strong>Fotos &#8211; <\/strong>Cl\u00f3vis Miranda \/Semcom<br><strong>Dispon\u00edveis em &#8211; <\/strong><a href=\"https:\/\/flic.kr\/s\/aHBqjCisoP\">https:\/\/flic.kr\/s\/aHBqjCisoP<\/a>&nbsp;<\/p>\n","protected":false},"excerpt":{"rendered":"","protected":false},"author":68,"featured_media":2155,"comment_status":"closed","ping_status":"closed","sticky":false,"template":"","format":"standard","meta":{"footnotes":""},"categories":[642],"tags":[10,769],"acf":[],"yoast_head":"<!-- This site is optimized with the Yoast SEO plugin v23.0 - https:\/\/yoast.com\/wordpress\/plugins\/seo\/ -->\n<title>Prefeitura de Manaus entrega pra\u00e7a molhada e completa estrutura de lazer da lagoa da Compensa<\/title>\n<meta name=\"description\" content=\"A Prefeitura de Manaus, por meio da Secretaria Municipal de Limpeza Urbana (Semulsp), entregou, nesta quarta-feira, 18\/6, mais um atrativo para as fam\u00edlias da zona Oeste da cidade: a pra\u00e7a molhada da lagoa da Compensa.\" \/>\n<meta name=\"robots\" content=\"noindex, follow\" \/>\n<meta property=\"og:locale\" content=\"pt_BR\" \/>\n<meta property=\"og:type\" content=\"article\" \/>\n<meta property=\"og:title\" content=\"Prefeitura de Manaus entrega pra\u00e7a molhada e completa estrutura de lazer da lagoa da Compensa\" \/>\n<meta property=\"og:description\" content=\"A Prefeitura de Manaus, por meio da Secretaria Municipal de Limpeza Urbana (Semulsp), entregou, nesta quarta-feira, 18\/6, mais um atrativo para as fam\u00edlias da zona Oeste da cidade: a pra\u00e7a molhada da lagoa da Compensa.\" \/>\n<meta property=\"og:url\" content=\"https:\/\/www.manaus.am.gov.br\/semulsp\/praca-molhada-da-lagoa-da-compensa\/\" \/>\n<meta property=\"og:site_name\" content=\"SEMULSP\" \/>\n<meta property=\"article:publisher\" content=\"https:\/\/www.facebook.com\/semulspmanaus\" \/>\n<meta property=\"article:published_time\" content=\"2025-06-18T22:50:55+00:00\" \/>\n<meta property=\"article:modified_time\" content=\"2025-06-18T22:50:56+00:00\" \/>\n<meta property=\"og:image\" content=\"https:\/\/www.manaus.am.gov.br\/semulsp\/wp-content\/uploads\/sites\/23\/2025\/06\/54599107148_4c3060e9e4_c.jpg\" \/>\n\t<meta property=\"og:image:width\" content=\"800\" \/>\n\t<meta property=\"og:image:height\" content=\"450\" \/>\n\t<meta property=\"og:image:type\" content=\"image\/jpeg\" \/>\n<meta name=\"author\" content=\"bvalente\" \/>\n<meta name=\"twitter:card\" content=\"summary_large_image\" \/>\n<meta name=\"twitter:label1\" content=\"Written by\" \/>\n\t<meta name=\"twitter:data1\" content=\"bvalente\" \/>\n\t<meta name=\"twitter:label2\" content=\"Est. reading time\" \/>\n\t<meta name=\"twitter:data2\" content=\"3 minutos\" \/>\n<script type=\"application\/ld+json\" class=\"yoast-schema-graph\">{\"@context\":\"https:\/\/schema.org\",\"@graph\":[{\"@type\":\"Article\",\"@id\":\"https:\/\/www.manaus.am.gov.br\/semulsp\/praca-molhada-da-lagoa-da-compensa\/#article\",\"isPartOf\":{\"@id\":\"https:\/\/www.manaus.am.gov.br\/semulsp\/praca-molhada-da-lagoa-da-compensa\/\"},\"author\":{\"name\":\"bvalente\",\"@id\":\"https:\/\/www.manaus.am.gov.br\/semulsp\/#\/schema\/person\/466a0e03ae4b6062809046bd560ac955\"},\"headline\":\"Prefeitura de Manaus entrega pra\u00e7a molhada e completa estrutura de lazer da lagoa da Compensa\",\"datePublished\":\"2025-06-18T22:50:55+00:00\",\"dateModified\":\"2025-06-18T22:50:56+00:00\",\"mainEntityOfPage\":{\"@id\":\"https:\/\/www.manaus.am.gov.br\/semulsp\/praca-molhada-da-lagoa-da-compensa\/\"},\"wordCount\":544,\"publisher\":{\"@id\":\"https:\/\/www.manaus.am.gov.br\/semulsp\/#organization\"},\"image\":{\"@id\":\"https:\/\/www.manaus.am.gov.br\/semulsp\/praca-molhada-da-lagoa-da-compensa\/#primaryimage\"},\"thumbnailUrl\":\"https:\/\/www.manaus.am.gov.br\/semulsp\/wp-content\/uploads\/sites\/23\/2025\/06\/54599107148_4c3060e9e4_c.jpg\",\"keywords\":[\"prefeitura de manaus\",\"Prefeitura de Manaus entrega pra\u00e7a molhada e completa estrutura de lazer da lagoa da Compensa\"],\"articleSection\":[\"Lazer\"],\"inLanguage\":\"pt-BR\"},{\"@type\":\"WebPage\",\"@id\":\"https:\/\/www.manaus.am.gov.br\/semulsp\/praca-molhada-da-lagoa-da-compensa\/\",\"url\":\"https:\/\/www.manaus.am.gov.br\/semulsp\/praca-molhada-da-lagoa-da-compensa\/\",\"name\":\"Prefeitura de Manaus entrega pra\u00e7a molhada e completa estrutura de lazer da lagoa da Compensa\",\"isPartOf\":{\"@id\":\"https:\/\/www.manaus.am.gov.br\/semulsp\/#website\"},\"primaryImageOfPage\":{\"@id\":\"https:\/\/www.manaus.am.gov.br\/semulsp\/praca-molhada-da-lagoa-da-compensa\/#primaryimage\"},\"image\":{\"@id\":\"https:\/\/www.manaus.am.gov.br\/semulsp\/praca-molhada-da-lagoa-da-compensa\/#primaryimage\"},\"thumbnailUrl\":\"https:\/\/www.manaus.am.gov.br\/semulsp\/wp-content\/uploads\/sites\/23\/2025\/06\/54599107148_4c3060e9e4_c.jpg\",\"datePublished\":\"2025-06-18T22:50:55+00:00\",\"dateModified\":\"2025-06-18T22:50:56+00:00\",\"description\":\"A Prefeitura de Manaus, por meio da Secretaria Municipal de Limpeza Urbana (Semulsp), entregou, nesta quarta-feira, 18\/6, mais um atrativo para as fam\u00edlias da zona Oeste da cidade: a pra\u00e7a molhada da lagoa da Compensa.\",\"breadcrumb\":{\"@id\":\"https:\/\/www.manaus.am.gov.br\/semulsp\/praca-molhada-da-lagoa-da-compensa\/#breadcrumb\"},\"inLanguage\":\"pt-BR\",\"potentialAction\":[{\"@type\":\"ReadAction\",\"target\":[\"https:\/\/www.manaus.am.gov.br\/semulsp\/praca-molhada-da-lagoa-da-compensa\/\"]}]},{\"@type\":\"ImageObject\",\"inLanguage\":\"pt-BR\",\"@id\":\"https:\/\/www.manaus.am.gov.br\/semulsp\/praca-molhada-da-lagoa-da-compensa\/#primaryimage\",\"url\":\"https:\/\/www.manaus.am.gov.br\/semulsp\/wp-content\/uploads\/sites\/23\/2025\/06\/54599107148_4c3060e9e4_c.jpg\",\"contentUrl\":\"https:\/\/www.manaus.am.gov.br\/semulsp\/wp-content\/uploads\/sites\/23\/2025\/06\/54599107148_4c3060e9e4_c.jpg\",\"width\":800,\"height\":450},{\"@type\":\"BreadcrumbList\",\"@id\":\"https:\/\/www.manaus.am.gov.br\/semulsp\/praca-molhada-da-lagoa-da-compensa\/#breadcrumb\",\"itemListElement\":[{\"@type\":\"ListItem\",\"position\":1,\"name\":\"Home\",\"item\":\"https:\/\/www.manaus.am.gov.br\/semulsp\/\"},{\"@type\":\"ListItem\",\"position\":2,\"name\":\"Prefeitura de Manaus entrega pra\u00e7a molhada e completa estrutura de lazer da lagoa da Compensa\"}]},{\"@type\":\"WebSite\",\"@id\":\"https:\/\/www.manaus.am.gov.br\/semulsp\/#website\",\"url\":\"https:\/\/www.manaus.am.gov.br\/semulsp\/\",\"name\":\"SEMULSP\",\"description\":\"Prefeitura de Manaus\",\"publisher\":{\"@id\":\"https:\/\/www.manaus.am.gov.br\/semulsp\/#organization\"},\"alternateName\":\"Secretaria Municipal de Limpeza P\u00fablica\",\"potentialAction\":[{\"@type\":\"SearchAction\",\"target\":{\"@type\":\"EntryPoint\",\"urlTemplate\":\"https:\/\/www.manaus.am.gov.br\/semulsp\/?s={search_term_string}\"},\"query-input\":\"required name=search_term_string\"}],\"inLanguage\":\"pt-BR\"},{\"@type\":\"Organization\",\"@id\":\"https:\/\/www.manaus.am.gov.br\/semulsp\/#organization\",\"name\":\"SEMULSP\",\"alternateName\":\"Secretaria Municipal de Limpeza P\u00fablica\",\"url\":\"https:\/\/www.manaus.am.gov.br\/semulsp\/\",\"logo\":{\"@type\":\"ImageObject\",\"inLanguage\":\"pt-BR\",\"@id\":\"https:\/\/www.manaus.am.gov.br\/semulsp\/#\/schema\/logo\/image\/\",\"url\":\"https:\/\/www.manaus.am.gov.br\/semulsp\/wp-content\/uploads\/sites\/23\/2023\/05\/cropped-favicon.png\",\"contentUrl\":\"https:\/\/www.manaus.am.gov.br\/semulsp\/wp-content\/uploads\/sites\/23\/2023\/05\/cropped-favicon.png\",\"width\":512,\"height\":512,\"caption\":\"SEMULSP\"},\"image\":{\"@id\":\"https:\/\/www.manaus.am.gov.br\/semulsp\/#\/schema\/logo\/image\/\"},\"sameAs\":[\"https:\/\/www.facebook.com\/semulspmanaus\",\"https:\/\/www.instagram.com\/semulspmanaus\/\"]},{\"@type\":\"Person\",\"@id\":\"https:\/\/www.manaus.am.gov.br\/semulsp\/#\/schema\/person\/466a0e03ae4b6062809046bd560ac955\",\"name\":\"bvalente\",\"image\":{\"@type\":\"ImageObject\",\"inLanguage\":\"pt-BR\",\"@id\":\"https:\/\/www.manaus.am.gov.br\/semulsp\/#\/schema\/person\/image\/\",\"url\":\"https:\/\/secure.gravatar.com\/avatar\/3e69bc2b014bdad41adfec3a39de07d2?s=96&d=mm&r=g\",\"contentUrl\":\"https:\/\/secure.gravatar.com\/avatar\/3e69bc2b014bdad41adfec3a39de07d2?s=96&d=mm&r=g\",\"caption\":\"bvalente\"}}]}<\/script>\n<!-- \/ Yoast SEO plugin. -->","yoast_head_json":{"title":"Prefeitura de Manaus entrega pra\u00e7a molhada e completa estrutura de lazer da lagoa da Compensa","description":"A Prefeitura de Manaus, por meio da Secretaria Municipal de Limpeza Urbana (Semulsp), entregou, nesta quarta-feira, 18\/6, mais um atrativo para as fam\u00edlias da zona Oeste da cidade: a pra\u00e7a molhada da lagoa da Compensa.","robots":{"index":"noindex","follow":"follow"},"og_locale":"pt_BR","og_type":"article","og_title":"Prefeitura de Manaus entrega pra\u00e7a molhada e completa estrutura de lazer da lagoa da Compensa","og_description":"A Prefeitura de Manaus, por meio da Secretaria Municipal de Limpeza Urbana (Semulsp), entregou, nesta quarta-feira, 18\/6, mais um atrativo para as fam\u00edlias da zona Oeste da cidade: a pra\u00e7a molhada da lagoa da Compensa.","og_url":"https:\/\/www.manaus.am.gov.br\/semulsp\/praca-molhada-da-lagoa-da-compensa\/","og_site_name":"SEMULSP","article_publisher":"https:\/\/www.facebook.com\/semulspmanaus","article_published_time":"2025-06-18T22:50:55+00:00","article_modified_time":"2025-06-18T22:50:56+00:00","og_image":[{"width":800,"height":450,"url":"https:\/\/www.manaus.am.gov.br\/semulsp\/wp-content\/uploads\/sites\/23\/2025\/06\/54599107148_4c3060e9e4_c.jpg","type":"image\/jpeg"}],"author":"bvalente","twitter_card":"summary_large_image","twitter_misc":{"Written by":"bvalente","Est. reading time":"3 minutos"},"schema":{"@context":"https:\/\/schema.org","@graph":[{"@type":"Article","@id":"https:\/\/www.manaus.am.gov.br\/semulsp\/praca-molhada-da-lagoa-da-compensa\/#article","isPartOf":{"@id":"https:\/\/www.manaus.am.gov.br\/semulsp\/praca-molhada-da-lagoa-da-compensa\/"},"author":{"name":"bvalente","@id":"https:\/\/www.manaus.am.gov.br\/semulsp\/#\/schema\/person\/466a0e03ae4b6062809046bd560ac955"},"headline":"Prefeitura de Manaus entrega pra\u00e7a molhada e completa estrutura de lazer da lagoa da Compensa","datePublished":"2025-06-18T22:50:55+00:00","dateModified":"2025-06-18T22:50:56+00:00","mainEntityOfPage":{"@id":"https:\/\/www.manaus.am.gov.br\/semulsp\/praca-molhada-da-lagoa-da-compensa\/"},"wordCount":544,"publisher":{"@id":"https:\/\/www.manaus.am.gov.br\/semulsp\/#organization"},"image":{"@id":"https:\/\/www.manaus.am.gov.br\/semulsp\/praca-molhada-da-lagoa-da-compensa\/#primaryimage"},"thumbnailUrl":"https:\/\/www.manaus.am.gov.br\/semulsp\/wp-content\/uploads\/sites\/23\/2025\/06\/54599107148_4c3060e9e4_c.jpg","keywords":["prefeitura de manaus","Prefeitura de Manaus entrega pra\u00e7a molhada e completa estrutura de lazer da lagoa da Compensa"],"articleSection":["Lazer"],"inLanguage":"pt-BR"},{"@type":"WebPage","@id":"https:\/\/www.manaus.am.gov.br\/semulsp\/praca-molhada-da-lagoa-da-compensa\/","url":"https:\/\/www.manaus.am.gov.br\/semulsp\/praca-molhada-da-lagoa-da-compensa\/","name":"Prefeitura de Manaus entrega pra\u00e7a molhada e completa estrutura de lazer da lagoa da Compensa","isPartOf":{"@id":"https:\/\/www.manaus.am.gov.br\/semulsp\/#website"},"primaryImageOfPage":{"@id":"https:\/\/www.manaus.am.gov.br\/semulsp\/praca-molhada-da-lagoa-da-compensa\/#primaryimage"},"image":{"@id":"https:\/\/www.manaus.am.gov.br\/semulsp\/praca-molhada-da-lagoa-da-compensa\/#primaryimage"},"thumbnailUrl":"https:\/\/www.manaus.am.gov.br\/semulsp\/wp-content\/uploads\/sites\/23\/2025\/06\/54599107148_4c3060e9e4_c.jpg","datePublished":"2025-06-18T22:50:55+00:00","dateModified":"2025-06-18T22:50:56+00:00","description":"A Prefeitura de Manaus, por meio da Secretaria Municipal de Limpeza Urbana (Semulsp), entregou, nesta quarta-feira, 18\/6, mais um atrativo para as fam\u00edlias da zona Oeste da cidade: a pra\u00e7a molhada da lagoa da Compensa.","breadcrumb":{"@id":"https:\/\/www.manaus.am.gov.br\/semulsp\/praca-molhada-da-lagoa-da-compensa\/#breadcrumb"},"inLanguage":"pt-BR","potentialAction":[{"@type":"ReadAction","target":["https:\/\/www.manaus.am.gov.br\/semulsp\/praca-molhada-da-lagoa-da-compensa\/"]}]},{"@type":"ImageObject","inLanguage":"pt-BR","@id":"https:\/\/www.manaus.am.gov.br\/semulsp\/praca-molhada-da-lagoa-da-compensa\/#primaryimage","url":"https:\/\/www.manaus.am.gov.br\/semulsp\/wp-content\/uploads\/sites\/23\/2025\/06\/54599107148_4c3060e9e4_c.jpg","contentUrl":"https:\/\/www.manaus.am.gov.br\/semulsp\/wp-content\/uploads\/sites\/23\/2025\/06\/54599107148_4c3060e9e4_c.jpg","width":800,"height":450},{"@type":"BreadcrumbList","@id":"https:\/\/www.manaus.am.gov.br\/semulsp\/praca-molhada-da-lagoa-da-compensa\/#breadcrumb","itemListElement":[{"@type":"ListItem","position":1,"name":"Home","item":"https:\/\/www.manaus.am.gov.br\/semulsp\/"},{"@type":"ListItem","position":2,"name":"Prefeitura de Manaus entrega pra\u00e7a molhada e completa estrutura de lazer da lagoa da Compensa"}]},{"@type":"WebSite","@id":"https:\/\/www.manaus.am.gov.br\/semulsp\/#website","url":"https:\/\/www.manaus.am.gov.br\/semulsp\/","name":"SEMULSP","description":"Prefeitura de Manaus","publisher":{"@id":"https:\/\/www.manaus.am.gov.br\/semulsp\/#organization"},"alternateName":"Secretaria Municipal de Limpeza P\u00fablica","potentialAction":[{"@type":"SearchAction","target":{"@type":"EntryPoint","urlTemplate":"https:\/\/www.manaus.am.gov.br\/semulsp\/?s={search_term_string}"},"query-input":"required name=search_term_string"}],"inLanguage":"pt-BR"},{"@type":"Organization","@id":"https:\/\/www.manaus.am.gov.br\/semulsp\/#organization","name":"SEMULSP","alternateName":"Secretaria Municipal de Limpeza P\u00fablica","url":"https:\/\/www.manaus.am.gov.br\/semulsp\/","logo":{"@type":"ImageObject","inLanguage":"pt-BR","@id":"https:\/\/www.manaus.am.gov.br\/semulsp\/#\/schema\/logo\/image\/","url":"https:\/\/www.manaus.am.gov.br\/semulsp\/wp-content\/uploads\/sites\/23\/2023\/05\/cropped-favicon.png","contentUrl":"https:\/\/www.manaus.am.gov.br\/semulsp\/wp-content\/uploads\/sites\/23\/2023\/05\/cropped-favicon.png","width":512,"height":512,"caption":"SEMULSP"},"image":{"@id":"https:\/\/www.manaus.am.gov.br\/semulsp\/#\/schema\/logo\/image\/"},"sameAs":["https:\/\/www.facebook.com\/semulspmanaus","https:\/\/www.instagram.com\/semulspmanaus\/"]},{"@type":"Person","@id":"https:\/\/www.manaus.am.gov.br\/semulsp\/#\/schema\/person\/466a0e03ae4b6062809046bd560ac955","name":"bvalente","image":{"@type":"ImageObject","inLanguage":"pt-BR","@id":"https:\/\/www.manaus.am.gov.br\/semulsp\/#\/schema\/person\/image\/","url":"https:\/\/secure.gravatar.com\/avatar\/3e69bc2b014bdad41adfec3a39de07d2?s=96&d=mm&r=g","contentUrl":"https:\/\/secure.gravatar.com\/avatar\/3e69bc2b014bdad41adfec3a39de07d2?s=96&d=mm&r=g","caption":"bvalente"}}]}},"_links":{"self":[{"href":"https:\/\/www.manaus.am.gov.br\/semulsp\/wp-json\/wp\/v2\/posts\/2154"}],"collection":[{"href":"https:\/\/www.manaus.am.gov.br\/semulsp\/wp-json\/wp\/v2\/posts"}],"about":[{"href":"https:\/\/www.manaus.am.gov.br\/semulsp\/wp-json\/wp\/v2\/types\/post"}],"author":[{"embeddable":true,"href":"https:\/\/www.manaus.am.gov.br\/semulsp\/wp-json\/wp\/v2\/users\/68"}],"replies":[{"embeddable":true,"href":"https:\/\/www.manaus.am.gov.br\/semulsp\/wp-json\/wp\/v2\/comments?post=2154"}],"version-history":[{"count":0,"href":"https:\/\/www.manaus.am.gov.br\/semulsp\/wp-json\/wp\/v2\/posts\/2154\/revisions"}],"wp:featuredmedia":[{"embeddable":true,"href":"https:\/\/www.manaus.am.gov.br\/semulsp\/wp-json\/wp\/v2\/media\/2155"}],"wp:attachment":[{"href":"https:\/\/www.manaus.am.gov.br\/semulsp\/wp-json\/wp\/v2\/media?parent=2154"}],"wp:term":[{"taxonomy":"category","embeddable":true,"href":"https:\/\/www.manaus.am.gov.br\/semulsp\/wp-json\/wp\/v2\/categories?post=2154"},{"taxonomy":"post_tag","embeddable":true,"href":"https:\/\/www.manaus.am.gov.br\/semulsp\/wp-json\/wp\/v2\/tags?post=2154"}],"curies":[{"name":"wp","href":"https:\/\/api.w.org\/{rel}","templated":true}]}}