{"id":2152,"date":"2025-06-18T16:53:58","date_gmt":"2025-06-18T20:53:58","guid":{"rendered":"https:\/\/www.manaus.am.gov.br\/semulsp\/mutirao-de-limpeza-e-melhorias\/"},"modified":"2025-06-18T16:54:00","modified_gmt":"2025-06-18T20:54:00","slug":"mutirao-de-limpeza-e-melhorias","status":"publish","type":"post","link":"https:\/\/www.manaus.am.gov.br\/semulsp\/mutirao-de-limpeza-e-melhorias\/","title":{"rendered":"Prefeitura inicia revitaliza\u00e7\u00e3o da lagoa do Japiim com grande mutir\u00e3o de limpeza e melhorias"},"content":{"rendered":"\n<p><br>A Prefeitura de Manaus, por meio da Secretaria Municipal de Limpeza Urbana (Semulsp), deu in\u00edcio, nesta quarta-feira, 18\/6, aos trabalhos de revitaliza\u00e7\u00e3o da lagoa do Japiim, na zona Sul da cidade. Mais de 200 garis come\u00e7aram um grande mutir\u00e3o que inclui servi\u00e7os de ro\u00e7agem, capina\u00e7\u00e3o, poda, pintura, remo\u00e7\u00e3o de res\u00edduos e limpeza do lago.<br><br>O espa\u00e7o, que \u00e9 tradicional ponto de encontro de moradores do bairro e de comunidades vizinhas, passar\u00e1 por uma transforma\u00e7\u00e3o completa, a exemplo do que foi feito recentemente na lagoa da Compensa. Al\u00e9m dos servi\u00e7os de limpeza e paisagismo, a \u00e1rea ganhar\u00e1 atra\u00e7\u00f5es como pedalinho e outros equipamentos de lazer, que prometem tornar o local um espa\u00e7o ainda mais agrad\u00e1vel para conviv\u00eancia, pr\u00e1tica de exerc\u00edcios e momentos em fam\u00edlia.<br><br>\u201cPor determina\u00e7\u00e3o do nosso prefeito David Almeida, estamos aqui, come\u00e7ando mais uma grande miss\u00e3o. Depois do sucesso da revitaliza\u00e7\u00e3o da lagoa da Compensa, agora \u00e9 a vez da lagoa do Japiim. Esse lugar vai ficar lindo, digno da popula\u00e7\u00e3o, que merece espa\u00e7os limpos, bonitos e bem cuidados\u201d, destacou o secret\u00e1rio Sab\u00e1 Reis, que acompanhou pessoalmente o in\u00edcio dos trabalhos.<br><br>A chegada dos garis surpreendeu quem costuma frequentar a lagoa para caminhadas e atividades f\u00edsicas. \u201cQuando cheguei hoje de manh\u00e3, me deparei com aquele mar laranja. Muitos servidores trabalhando aqui. D\u00e1 gosto de ver. E sei que, se \u00e9 com o Sab\u00e1, vai ficar maravilhoso\u201d, disse a dona de casa Marinalva Rodrigues, que mora h\u00e1 mais de 20 anos no bairro.<br><br>O aposentado Raimundo Lopes tamb\u00e9m expressou sua aprova\u00e7\u00e3o. \u201cConhe\u00e7o a capacidade das equipes, onde eles colocam a m\u00e3o, o resultado \u00e9 coisa de primeiro mundo. A lagoa vai ficar linda, a comunidade s\u00f3 tem a agradecer\u201d.<br><br><strong>Servi\u00e7os<br><\/strong><br>Os trabalhos devem seguir pelos pr\u00f3ximos dias, envolvendo tamb\u00e9m a\u00e7\u00f5es de educa\u00e7\u00e3o ambiental e conscientiza\u00e7\u00e3o junto aos moradores, para que ajudem a manter o espa\u00e7o limpo e preservado.<br><br>A lagoa do Japiim \u00e9 um dos cart\u00f5es-postais da zona Sul de Manaus. Al\u00e9m de sua beleza natural, \u00e9 cercada por \u00e1reas de caminhada, espa\u00e7o para atividades f\u00edsicas e lazer, que agora ser\u00e3o potencializados com a revitaliza\u00e7\u00e3o conduzida pela prefeitura.<\/p>\n\n\n\n<p>\u2014 \u2014 \u2014<br><strong>Texto &#8211;<\/strong> Dora Tupinamb\u00e1 \/Semulsp<br><strong>Fotos &#8211; <\/strong>Alex Melo \/Semulsp<\/p>\n","protected":false},"excerpt":{"rendered":"","protected":false},"author":68,"featured_media":2153,"comment_status":"closed","ping_status":"closed","sticky":false,"template":"","format":"standard","meta":{"footnotes":""},"categories":[40],"tags":[10,768,139,19,117],"acf":[],"yoast_head":"<!-- This site is optimized with the Yoast SEO plugin v23.0 - https:\/\/yoast.com\/wordpress\/plugins\/seo\/ -->\n<title>Prefeitura inicia revitaliza\u00e7\u00e3o da lagoa do Japiim com grande mutir\u00e3o de limpeza e melhorias<\/title>\n<meta name=\"description\" content=\"A Prefeitura de Manaus, por meio da Secretaria Municipal de Limpeza Urbana (Semulsp), deu in\u00edcio, nesta quarta-feira, 18\/6, aos trabalhos de revitaliza\u00e7\u00e3o da lagoa do Japiim, na zona Sul da cidade.\" \/>\n<meta name=\"robots\" content=\"noindex, follow\" \/>\n<meta property=\"og:locale\" content=\"pt_BR\" \/>\n<meta property=\"og:type\" content=\"article\" \/>\n<meta property=\"og:title\" content=\"Prefeitura inicia revitaliza\u00e7\u00e3o da lagoa do Japiim com grande mutir\u00e3o de limpeza e melhorias\" \/>\n<meta property=\"og:description\" content=\"A Prefeitura de Manaus, por meio da Secretaria Municipal de Limpeza Urbana (Semulsp), deu in\u00edcio, nesta quarta-feira, 18\/6, aos trabalhos de revitaliza\u00e7\u00e3o da lagoa do Japiim, na zona Sul da cidade.\" \/>\n<meta property=\"og:url\" content=\"https:\/\/www.manaus.am.gov.br\/semulsp\/mutirao-de-limpeza-e-melhorias\/\" \/>\n<meta property=\"og:site_name\" content=\"SEMULSP\" \/>\n<meta property=\"article:publisher\" content=\"https:\/\/www.facebook.com\/semulspmanaus\" \/>\n<meta property=\"article:published_time\" content=\"2025-06-18T20:53:58+00:00\" \/>\n<meta property=\"article:modified_time\" content=\"2025-06-18T20:54:00+00:00\" \/>\n<meta property=\"og:image\" content=\"https:\/\/www.manaus.am.gov.br\/semulsp\/wp-content\/uploads\/sites\/23\/2025\/06\/Prefeitura-inicia-revitalizacao-da-lagoa-do-Japiim-com-grande-mutirao-de-limpeza-e-melhorias-2.jpeg\" \/>\n\t<meta property=\"og:image:width\" content=\"1280\" \/>\n\t<meta property=\"og:image:height\" content=\"960\" \/>\n\t<meta property=\"og:image:type\" content=\"image\/jpeg\" \/>\n<meta name=\"author\" content=\"bvalente\" \/>\n<meta name=\"twitter:card\" content=\"summary_large_image\" \/>\n<meta name=\"twitter:label1\" content=\"Written by\" \/>\n\t<meta name=\"twitter:data1\" content=\"bvalente\" \/>\n\t<meta name=\"twitter:label2\" content=\"Est. reading time\" \/>\n\t<meta name=\"twitter:data2\" content=\"3 minutos\" \/>\n<script type=\"application\/ld+json\" class=\"yoast-schema-graph\">{\"@context\":\"https:\/\/schema.org\",\"@graph\":[{\"@type\":\"Article\",\"@id\":\"https:\/\/www.manaus.am.gov.br\/semulsp\/mutirao-de-limpeza-e-melhorias\/#article\",\"isPartOf\":{\"@id\":\"https:\/\/www.manaus.am.gov.br\/semulsp\/mutirao-de-limpeza-e-melhorias\/\"},\"author\":{\"name\":\"bvalente\",\"@id\":\"https:\/\/www.manaus.am.gov.br\/semulsp\/#\/schema\/person\/466a0e03ae4b6062809046bd560ac955\"},\"headline\":\"Prefeitura inicia revitaliza\u00e7\u00e3o da lagoa do Japiim com grande mutir\u00e3o de limpeza e melhorias\",\"datePublished\":\"2025-06-18T20:53:58+00:00\",\"dateModified\":\"2025-06-18T20:54:00+00:00\",\"mainEntityOfPage\":{\"@id\":\"https:\/\/www.manaus.am.gov.br\/semulsp\/mutirao-de-limpeza-e-melhorias\/\"},\"wordCount\":411,\"publisher\":{\"@id\":\"https:\/\/www.manaus.am.gov.br\/semulsp\/#organization\"},\"image\":{\"@id\":\"https:\/\/www.manaus.am.gov.br\/semulsp\/mutirao-de-limpeza-e-melhorias\/#primaryimage\"},\"thumbnailUrl\":\"https:\/\/www.manaus.am.gov.br\/semulsp\/wp-content\/uploads\/sites\/23\/2025\/06\/Prefeitura-inicia-revitalizacao-da-lagoa-do-Japiim-com-grande-mutirao-de-limpeza-e-melhorias-2.jpeg\",\"keywords\":[\"prefeitura de manaus\",\"Prefeitura inicia revitaliza\u00e7\u00e3o da lagoa do Japiim com grande mutir\u00e3o de limpeza e melhorias\",\"revitaliza\u00e7\u00e3o\",\"semulsp\",\"servi\u00e7os de limpeza\"],\"articleSection\":[\"Revitaliza\u00e7\u00e3o\"],\"inLanguage\":\"pt-BR\"},{\"@type\":\"WebPage\",\"@id\":\"https:\/\/www.manaus.am.gov.br\/semulsp\/mutirao-de-limpeza-e-melhorias\/\",\"url\":\"https:\/\/www.manaus.am.gov.br\/semulsp\/mutirao-de-limpeza-e-melhorias\/\",\"name\":\"Prefeitura inicia revitaliza\u00e7\u00e3o da lagoa do Japiim com grande mutir\u00e3o de limpeza e melhorias\",\"isPartOf\":{\"@id\":\"https:\/\/www.manaus.am.gov.br\/semulsp\/#website\"},\"primaryImageOfPage\":{\"@id\":\"https:\/\/www.manaus.am.gov.br\/semulsp\/mutirao-de-limpeza-e-melhorias\/#primaryimage\"},\"image\":{\"@id\":\"https:\/\/www.manaus.am.gov.br\/semulsp\/mutirao-de-limpeza-e-melhorias\/#primaryimage\"},\"thumbnailUrl\":\"https:\/\/www.manaus.am.gov.br\/semulsp\/wp-content\/uploads\/sites\/23\/2025\/06\/Prefeitura-inicia-revitalizacao-da-lagoa-do-Japiim-com-grande-mutirao-de-limpeza-e-melhorias-2.jpeg\",\"datePublished\":\"2025-06-18T20:53:58+00:00\",\"dateModified\":\"2025-06-18T20:54:00+00:00\",\"description\":\"A Prefeitura de Manaus, por meio da Secretaria Municipal de Limpeza Urbana (Semulsp), deu in\u00edcio, nesta quarta-feira, 18\/6, aos trabalhos de revitaliza\u00e7\u00e3o da lagoa do Japiim, na zona Sul da cidade.\",\"breadcrumb\":{\"@id\":\"https:\/\/www.manaus.am.gov.br\/semulsp\/mutirao-de-limpeza-e-melhorias\/#breadcrumb\"},\"inLanguage\":\"pt-BR\",\"potentialAction\":[{\"@type\":\"ReadAction\",\"target\":[\"https:\/\/www.manaus.am.gov.br\/semulsp\/mutirao-de-limpeza-e-melhorias\/\"]}]},{\"@type\":\"ImageObject\",\"inLanguage\":\"pt-BR\",\"@id\":\"https:\/\/www.manaus.am.gov.br\/semulsp\/mutirao-de-limpeza-e-melhorias\/#primaryimage\",\"url\":\"https:\/\/www.manaus.am.gov.br\/semulsp\/wp-content\/uploads\/sites\/23\/2025\/06\/Prefeitura-inicia-revitalizacao-da-lagoa-do-Japiim-com-grande-mutirao-de-limpeza-e-melhorias-2.jpeg\",\"contentUrl\":\"https:\/\/www.manaus.am.gov.br\/semulsp\/wp-content\/uploads\/sites\/23\/2025\/06\/Prefeitura-inicia-revitalizacao-da-lagoa-do-Japiim-com-grande-mutirao-de-limpeza-e-melhorias-2.jpeg\",\"width\":1280,\"height\":960},{\"@type\":\"BreadcrumbList\",\"@id\":\"https:\/\/www.manaus.am.gov.br\/semulsp\/mutirao-de-limpeza-e-melhorias\/#breadcrumb\",\"itemListElement\":[{\"@type\":\"ListItem\",\"position\":1,\"name\":\"Home\",\"item\":\"https:\/\/www.manaus.am.gov.br\/semulsp\/\"},{\"@type\":\"ListItem\",\"position\":2,\"name\":\"Prefeitura inicia revitaliza\u00e7\u00e3o da lagoa do Japiim com grande mutir\u00e3o de limpeza e melhorias\"}]},{\"@type\":\"WebSite\",\"@id\":\"https:\/\/www.manaus.am.gov.br\/semulsp\/#website\",\"url\":\"https:\/\/www.manaus.am.gov.br\/semulsp\/\",\"name\":\"SEMULSP\",\"description\":\"Prefeitura de Manaus\",\"publisher\":{\"@id\":\"https:\/\/www.manaus.am.gov.br\/semulsp\/#organization\"},\"alternateName\":\"Secretaria Municipal de Limpeza P\u00fablica\",\"potentialAction\":[{\"@type\":\"SearchAction\",\"target\":{\"@type\":\"EntryPoint\",\"urlTemplate\":\"https:\/\/www.manaus.am.gov.br\/semulsp\/?s={search_term_string}\"},\"query-input\":\"required name=search_term_string\"}],\"inLanguage\":\"pt-BR\"},{\"@type\":\"Organization\",\"@id\":\"https:\/\/www.manaus.am.gov.br\/semulsp\/#organization\",\"name\":\"SEMULSP\",\"alternateName\":\"Secretaria Municipal de Limpeza P\u00fablica\",\"url\":\"https:\/\/www.manaus.am.gov.br\/semulsp\/\",\"logo\":{\"@type\":\"ImageObject\",\"inLanguage\":\"pt-BR\",\"@id\":\"https:\/\/www.manaus.am.gov.br\/semulsp\/#\/schema\/logo\/image\/\",\"url\":\"https:\/\/www.manaus.am.gov.br\/semulsp\/wp-content\/uploads\/sites\/23\/2023\/05\/cropped-favicon.png\",\"contentUrl\":\"https:\/\/www.manaus.am.gov.br\/semulsp\/wp-content\/uploads\/sites\/23\/2023\/05\/cropped-favicon.png\",\"width\":512,\"height\":512,\"caption\":\"SEMULSP\"},\"image\":{\"@id\":\"https:\/\/www.manaus.am.gov.br\/semulsp\/#\/schema\/logo\/image\/\"},\"sameAs\":[\"https:\/\/www.facebook.com\/semulspmanaus\",\"https:\/\/www.instagram.com\/semulspmanaus\/\"]},{\"@type\":\"Person\",\"@id\":\"https:\/\/www.manaus.am.gov.br\/semulsp\/#\/schema\/person\/466a0e03ae4b6062809046bd560ac955\",\"name\":\"bvalente\",\"image\":{\"@type\":\"ImageObject\",\"inLanguage\":\"pt-BR\",\"@id\":\"https:\/\/www.manaus.am.gov.br\/semulsp\/#\/schema\/person\/image\/\",\"url\":\"https:\/\/secure.gravatar.com\/avatar\/3e69bc2b014bdad41adfec3a39de07d2?s=96&d=mm&r=g\",\"contentUrl\":\"https:\/\/secure.gravatar.com\/avatar\/3e69bc2b014bdad41adfec3a39de07d2?s=96&d=mm&r=g\",\"caption\":\"bvalente\"}}]}<\/script>\n<!-- \/ Yoast SEO plugin. -->","yoast_head_json":{"title":"Prefeitura inicia revitaliza\u00e7\u00e3o da lagoa do Japiim com grande mutir\u00e3o de limpeza e melhorias","description":"A Prefeitura de Manaus, por meio da Secretaria Municipal de Limpeza Urbana (Semulsp), deu in\u00edcio, nesta quarta-feira, 18\/6, aos trabalhos de revitaliza\u00e7\u00e3o da lagoa do Japiim, na zona Sul da cidade.","robots":{"index":"noindex","follow":"follow"},"og_locale":"pt_BR","og_type":"article","og_title":"Prefeitura inicia revitaliza\u00e7\u00e3o da lagoa do Japiim com grande mutir\u00e3o de limpeza e melhorias","og_description":"A Prefeitura de Manaus, por meio da Secretaria Municipal de Limpeza Urbana (Semulsp), deu in\u00edcio, nesta quarta-feira, 18\/6, aos trabalhos de revitaliza\u00e7\u00e3o da lagoa do Japiim, na zona Sul da cidade.","og_url":"https:\/\/www.manaus.am.gov.br\/semulsp\/mutirao-de-limpeza-e-melhorias\/","og_site_name":"SEMULSP","article_publisher":"https:\/\/www.facebook.com\/semulspmanaus","article_published_time":"2025-06-18T20:53:58+00:00","article_modified_time":"2025-06-18T20:54:00+00:00","og_image":[{"width":1280,"height":960,"url":"https:\/\/www.manaus.am.gov.br\/semulsp\/wp-content\/uploads\/sites\/23\/2025\/06\/Prefeitura-inicia-revitalizacao-da-lagoa-do-Japiim-com-grande-mutirao-de-limpeza-e-melhorias-2.jpeg","type":"image\/jpeg"}],"author":"bvalente","twitter_card":"summary_large_image","twitter_misc":{"Written by":"bvalente","Est. reading time":"3 minutos"},"schema":{"@context":"https:\/\/schema.org","@graph":[{"@type":"Article","@id":"https:\/\/www.manaus.am.gov.br\/semulsp\/mutirao-de-limpeza-e-melhorias\/#article","isPartOf":{"@id":"https:\/\/www.manaus.am.gov.br\/semulsp\/mutirao-de-limpeza-e-melhorias\/"},"author":{"name":"bvalente","@id":"https:\/\/www.manaus.am.gov.br\/semulsp\/#\/schema\/person\/466a0e03ae4b6062809046bd560ac955"},"headline":"Prefeitura inicia revitaliza\u00e7\u00e3o da lagoa do Japiim com grande mutir\u00e3o de limpeza e melhorias","datePublished":"2025-06-18T20:53:58+00:00","dateModified":"2025-06-18T20:54:00+00:00","mainEntityOfPage":{"@id":"https:\/\/www.manaus.am.gov.br\/semulsp\/mutirao-de-limpeza-e-melhorias\/"},"wordCount":411,"publisher":{"@id":"https:\/\/www.manaus.am.gov.br\/semulsp\/#organization"},"image":{"@id":"https:\/\/www.manaus.am.gov.br\/semulsp\/mutirao-de-limpeza-e-melhorias\/#primaryimage"},"thumbnailUrl":"https:\/\/www.manaus.am.gov.br\/semulsp\/wp-content\/uploads\/sites\/23\/2025\/06\/Prefeitura-inicia-revitalizacao-da-lagoa-do-Japiim-com-grande-mutirao-de-limpeza-e-melhorias-2.jpeg","keywords":["prefeitura de manaus","Prefeitura inicia revitaliza\u00e7\u00e3o da lagoa do Japiim com grande mutir\u00e3o de limpeza e melhorias","revitaliza\u00e7\u00e3o","semulsp","servi\u00e7os de limpeza"],"articleSection":["Revitaliza\u00e7\u00e3o"],"inLanguage":"pt-BR"},{"@type":"WebPage","@id":"https:\/\/www.manaus.am.gov.br\/semulsp\/mutirao-de-limpeza-e-melhorias\/","url":"https:\/\/www.manaus.am.gov.br\/semulsp\/mutirao-de-limpeza-e-melhorias\/","name":"Prefeitura inicia revitaliza\u00e7\u00e3o da lagoa do Japiim com grande mutir\u00e3o de limpeza e melhorias","isPartOf":{"@id":"https:\/\/www.manaus.am.gov.br\/semulsp\/#website"},"primaryImageOfPage":{"@id":"https:\/\/www.manaus.am.gov.br\/semulsp\/mutirao-de-limpeza-e-melhorias\/#primaryimage"},"image":{"@id":"https:\/\/www.manaus.am.gov.br\/semulsp\/mutirao-de-limpeza-e-melhorias\/#primaryimage"},"thumbnailUrl":"https:\/\/www.manaus.am.gov.br\/semulsp\/wp-content\/uploads\/sites\/23\/2025\/06\/Prefeitura-inicia-revitalizacao-da-lagoa-do-Japiim-com-grande-mutirao-de-limpeza-e-melhorias-2.jpeg","datePublished":"2025-06-18T20:53:58+00:00","dateModified":"2025-06-18T20:54:00+00:00","description":"A Prefeitura de Manaus, por meio da Secretaria Municipal de Limpeza Urbana (Semulsp), deu in\u00edcio, nesta quarta-feira, 18\/6, aos trabalhos de revitaliza\u00e7\u00e3o da lagoa do Japiim, na zona Sul da cidade.","breadcrumb":{"@id":"https:\/\/www.manaus.am.gov.br\/semulsp\/mutirao-de-limpeza-e-melhorias\/#breadcrumb"},"inLanguage":"pt-BR","potentialAction":[{"@type":"ReadAction","target":["https:\/\/www.manaus.am.gov.br\/semulsp\/mutirao-de-limpeza-e-melhorias\/"]}]},{"@type":"ImageObject","inLanguage":"pt-BR","@id":"https:\/\/www.manaus.am.gov.br\/semulsp\/mutirao-de-limpeza-e-melhorias\/#primaryimage","url":"https:\/\/www.manaus.am.gov.br\/semulsp\/wp-content\/uploads\/sites\/23\/2025\/06\/Prefeitura-inicia-revitalizacao-da-lagoa-do-Japiim-com-grande-mutirao-de-limpeza-e-melhorias-2.jpeg","contentUrl":"https:\/\/www.manaus.am.gov.br\/semulsp\/wp-content\/uploads\/sites\/23\/2025\/06\/Prefeitura-inicia-revitalizacao-da-lagoa-do-Japiim-com-grande-mutirao-de-limpeza-e-melhorias-2.jpeg","width":1280,"height":960},{"@type":"BreadcrumbList","@id":"https:\/\/www.manaus.am.gov.br\/semulsp\/mutirao-de-limpeza-e-melhorias\/#breadcrumb","itemListElement":[{"@type":"ListItem","position":1,"name":"Home","item":"https:\/\/www.manaus.am.gov.br\/semulsp\/"},{"@type":"ListItem","position":2,"name":"Prefeitura inicia revitaliza\u00e7\u00e3o da lagoa do Japiim com grande mutir\u00e3o de limpeza e melhorias"}]},{"@type":"WebSite","@id":"https:\/\/www.manaus.am.gov.br\/semulsp\/#website","url":"https:\/\/www.manaus.am.gov.br\/semulsp\/","name":"SEMULSP","description":"Prefeitura de Manaus","publisher":{"@id":"https:\/\/www.manaus.am.gov.br\/semulsp\/#organization"},"alternateName":"Secretaria Municipal de Limpeza P\u00fablica","potentialAction":[{"@type":"SearchAction","target":{"@type":"EntryPoint","urlTemplate":"https:\/\/www.manaus.am.gov.br\/semulsp\/?s={search_term_string}"},"query-input":"required name=search_term_string"}],"inLanguage":"pt-BR"},{"@type":"Organization","@id":"https:\/\/www.manaus.am.gov.br\/semulsp\/#organization","name":"SEMULSP","alternateName":"Secretaria Municipal de Limpeza P\u00fablica","url":"https:\/\/www.manaus.am.gov.br\/semulsp\/","logo":{"@type":"ImageObject","inLanguage":"pt-BR","@id":"https:\/\/www.manaus.am.gov.br\/semulsp\/#\/schema\/logo\/image\/","url":"https:\/\/www.manaus.am.gov.br\/semulsp\/wp-content\/uploads\/sites\/23\/2023\/05\/cropped-favicon.png","contentUrl":"https:\/\/www.manaus.am.gov.br\/semulsp\/wp-content\/uploads\/sites\/23\/2023\/05\/cropped-favicon.png","width":512,"height":512,"caption":"SEMULSP"},"image":{"@id":"https:\/\/www.manaus.am.gov.br\/semulsp\/#\/schema\/logo\/image\/"},"sameAs":["https:\/\/www.facebook.com\/semulspmanaus","https:\/\/www.instagram.com\/semulspmanaus\/"]},{"@type":"Person","@id":"https:\/\/www.manaus.am.gov.br\/semulsp\/#\/schema\/person\/466a0e03ae4b6062809046bd560ac955","name":"bvalente","image":{"@type":"ImageObject","inLanguage":"pt-BR","@id":"https:\/\/www.manaus.am.gov.br\/semulsp\/#\/schema\/person\/image\/","url":"https:\/\/secure.gravatar.com\/avatar\/3e69bc2b014bdad41adfec3a39de07d2?s=96&d=mm&r=g","contentUrl":"https:\/\/secure.gravatar.com\/avatar\/3e69bc2b014bdad41adfec3a39de07d2?s=96&d=mm&r=g","caption":"bvalente"}}]}},"_links":{"self":[{"href":"https:\/\/www.manaus.am.gov.br\/semulsp\/wp-json\/wp\/v2\/posts\/2152"}],"collection":[{"href":"https:\/\/www.manaus.am.gov.br\/semulsp\/wp-json\/wp\/v2\/posts"}],"about":[{"href":"https:\/\/www.manaus.am.gov.br\/semulsp\/wp-json\/wp\/v2\/types\/post"}],"author":[{"embeddable":true,"href":"https:\/\/www.manaus.am.gov.br\/semulsp\/wp-json\/wp\/v2\/users\/68"}],"replies":[{"embeddable":true,"href":"https:\/\/www.manaus.am.gov.br\/semulsp\/wp-json\/wp\/v2\/comments?post=2152"}],"version-history":[{"count":0,"href":"https:\/\/www.manaus.am.gov.br\/semulsp\/wp-json\/wp\/v2\/posts\/2152\/revisions"}],"wp:featuredmedia":[{"embeddable":true,"href":"https:\/\/www.manaus.am.gov.br\/semulsp\/wp-json\/wp\/v2\/media\/2153"}],"wp:attachment":[{"href":"https:\/\/www.manaus.am.gov.br\/semulsp\/wp-json\/wp\/v2\/media?parent=2152"}],"wp:term":[{"taxonomy":"category","embeddable":true,"href":"https:\/\/www.manaus.am.gov.br\/semulsp\/wp-json\/wp\/v2\/categories?post=2152"},{"taxonomy":"post_tag","embeddable":true,"href":"https:\/\/www.manaus.am.gov.br\/semulsp\/wp-json\/wp\/v2\/tags?post=2152"}],"curies":[{"name":"wp","href":"https:\/\/api.w.org\/{rel}","templated":true}]}}