{"id":2057,"date":"2025-05-14T15:55:56","date_gmt":"2025-05-14T19:55:56","guid":{"rendered":"https:\/\/www.manaus.am.gov.br\/semulsp\/inauguracao-segunda-estacao-meteorologica\/"},"modified":"2025-05-14T15:57:29","modified_gmt":"2025-05-14T19:57:29","slug":"inauguracao-segunda-estacao-meteorologica","status":"publish","type":"post","link":"https:\/\/www.manaus.am.gov.br\/semulsp\/inauguracao-segunda-estacao-meteorologica\/","title":{"rendered":"Prefeito David Almeida amplia rede de monitoramento clim\u00e1tico com inaugura\u00e7\u00e3o da segunda Esta\u00e7\u00e3o Meteorol\u00f3gica em Manaus"},"content":{"rendered":"\n<p>O prefeito de Manaus, David Almeida, deu mais um passo importante na amplia\u00e7\u00e3o da rede de monitoramento clim\u00e1tico com a inaugura\u00e7\u00e3o, na manh\u00e3 desta quarta-feira, 14\/5, da segunda Esta\u00e7\u00e3o Meteorol\u00f3gica da cidade. O equipamento foi instalado na sede do Distrito de Micro e Pequenas Empresas (Dimicro), no Distrito Industrial 2, zona Leste da capital, e contou com a presen\u00e7a de secret\u00e1rios municipais e do superintendente do Centro de Coopera\u00e7\u00e3o da Cidade (CCC).<\/p>\n\n\n\n<p>Essa \u00e9 a segunda de um total de nove esta\u00e7\u00f5es que ir\u00e3o compor o novo sistema de monitoramento clim\u00e1tico da capital amazonense. O objetivo \u00e9 criar uma rede moderna de coleta e an\u00e1lise de dados atmosf\u00e9ricos, que permitir\u00e1 \u00e0 prefeitura antecipar eventos extremos, como chuvas intensas e enchentes, al\u00e9m de orientar pol\u00edticas p\u00fablicas voltadas \u00e0 preven\u00e7\u00e3o de desastres e \u00e0 prote\u00e7\u00e3o da popula\u00e7\u00e3o.<\/p>\n\n\n\n<p>\u201cAqui n\u00e3o temos como controlar o clima, mas a tecnologia nos permite monitorar e nos antecipar a riscos\u201d, afirmou o prefeito David Almeida, durante a inaugura\u00e7\u00e3o. \u201cEssas esta\u00e7\u00f5es fazem parte de um cintur\u00e3o de prote\u00e7\u00e3o que estamos construindo para Manaus, com a integra\u00e7\u00e3o entre secretarias e uso intensivo de dados em tempo real\u201d, enfatizou.<\/p>\n\n\n\n<p>As esta\u00e7\u00f5es ser\u00e3o fundamentais para fornecer informa\u00e7\u00f5es precisas \u00e0 Defesa Civil, infraestrutura urbana, limpeza p\u00fablica e outras \u00e1reas da gest\u00e3o municipal. A coleta cont\u00ednua de dados permitir\u00e1 maior agilidade na resposta a emerg\u00eancias e uma base s\u00f3lida para o planejamento urbano sustent\u00e1vel. A Secretaria Municipal de Limpeza Urbana (Semulsp) est\u00e1 respons\u00e1vel pela instala\u00e7\u00e3o dos equipamentos, enquanto a an\u00e1lise e utiliza\u00e7\u00e3o dos dados ficar\u00e1 a cargo da Defesa Civil de Manaus.<\/p>\n\n\n\n<p>\u201cO investimento em tecnologia \u00e9 um divisor de \u00e1guas na forma como planejamos e cuidamos da cidade. As esta\u00e7\u00f5es meteorol\u00f3gicas refor\u00e7am a pol\u00edtica de preven\u00e7\u00e3o e atua\u00e7\u00e3o r\u00e1pida da prefeitura, e a Semulsp tem orgulho de contribuir diretamente com essa estrutura\u201d, destacou o titular da Secretaria Municipal de Finan\u00e7as e Tecnologia da Informa\u00e7\u00e3o (Semef), Cl\u00e9cio Freire.<\/p>\n\n\n\n<p>Al\u00e9m disso, os dados gerados pelas esta\u00e7\u00f5es ser\u00e3o integrados \u00e0 plataforma da Semef e disponibilizados de forma transparente \u00e0 imprensa e \u00e0 popula\u00e7\u00e3o, por interm\u00e9dio da Secretaria Municipal de Comunica\u00e7\u00e3o (Semcom), permitindo acesso em tempo real a informa\u00e7\u00f5es sobre o clima da cidade.<\/p>\n\n\n\n<p>\u201cO acesso a dados confi\u00e1veis e em tempo real \u00e9 essencial para a tomada de decis\u00e3o em situa\u00e7\u00f5es de emerg\u00eancia. Com essa rede, ganhamos uma capacidade in\u00e9dita de antecipar riscos e proteger vidas\u201d, afirmou o secret\u00e1rio executivo da Defesa Civil de Manaus, coronel Lima J\u00fanior.<\/p>\n\n\n\n<p>Com previs\u00e3o de entrega das nove esta\u00e7\u00f5es at\u00e9 o fim de junho, a cidade de Manaus dar\u00e1 um salto em monitoramento clim\u00e1tico. Atualmente, existem apenas tr\u00eas esta\u00e7\u00f5es meteorol\u00f3gicas operando na capital \u2014 do Centro Nacional de Monitoramento e Alertas de Desastres Naturais (Cemaden), do Instituto Nacional de Pesquisas Espaciais (Inpe) e uma municipal. Com a implanta\u00e7\u00e3o da nova rede, a prefeitura passar\u00e1 a operar, sozinha, nove unidades de monitoramento.<\/p>\n\n\n\n<p><strong>A\u00e7\u00f5es estrat\u00e9gicas<\/strong><\/p>\n\n\n\n<p>A iniciativa tamb\u00e9m est\u00e1 inserida em um conjunto mais amplo de a\u00e7\u00f5es estrat\u00e9gicas da gest\u00e3o municipal, que incluem a constru\u00e7\u00e3o do Plano Municipal de Mudan\u00e7as Clim\u00e1ticas, o Plano Diretor, o Plano de Saneamento B\u00e1sico e outros seis instrumentos alinhados com os 17 Objetivos de Desenvolvimento Sustent\u00e1vel (ODS) da Organiza\u00e7\u00e3o das Na\u00e7\u00f5es Unidas (ONU).<\/p>\n\n\n\n<p>Segundo o prefeito, a cidade de Manaus se prepara para apresentar esses avan\u00e7os durante a COP-30, em novembro, em Bel\u00e9m. \u201cQueremos chegar \u00e0 confer\u00eancia com todos os nossos planos prontos, mostrando que Manaus est\u00e1 comprometida com a sustentabilidade, a resili\u00eancia e a inova\u00e7\u00e3o urbana\u201d, ressaltou.<\/p>\n\n\n\n<p>A pr\u00f3xima esta\u00e7\u00e3o meteorol\u00f3gica ser\u00e1 inaugurada j\u00e1 na pr\u00f3xima ter\u00e7a-feira, 20\/5, no parque do Mindu, na zona Centro-Sul, dando sequ\u00eancia ao cronograma de instala\u00e7\u00e3o das antenas nos quatro cantos da cidade.<\/p>\n\n\n\n<p>\u201cO CCC atua como um c\u00e9rebro integrador entre as secretarias e essa rede de esta\u00e7\u00f5es amplia nossa intelig\u00eancia urbana. A informa\u00e7\u00e3o clim\u00e1tica precisa se traduz em a\u00e7\u00e3o r\u00e1pida e \u00e9 isso que estamos construindo, uma Manaus mais segura e preparada\u201d, concluiu o superintendente do CCC, Sandro Diz.<\/p>\n\n\n\n<figure class=\"wp-block-image size-large\"><img loading=\"lazy\" decoding=\"async\" width=\"1024\" height=\"683\" src=\"https:\/\/www.manaus.am.gov.br\/semulsp\/wp-content\/uploads\/sites\/23\/2025\/05\/54519175616_e5831e148e_k-1024x683.jpg\" alt=\"\" class=\"wp-image-2058\" srcset=\"https:\/\/www.manaus.am.gov.br\/semulsp\/wp-content\/uploads\/sites\/23\/2025\/05\/54519175616_e5831e148e_k-1024x683.jpg 1024w, https:\/\/www.manaus.am.gov.br\/semulsp\/wp-content\/uploads\/sites\/23\/2025\/05\/54519175616_e5831e148e_k-300x200.jpg 300w, https:\/\/www.manaus.am.gov.br\/semulsp\/wp-content\/uploads\/sites\/23\/2025\/05\/54519175616_e5831e148e_k-768x512.jpg 768w, https:\/\/www.manaus.am.gov.br\/semulsp\/wp-content\/uploads\/sites\/23\/2025\/05\/54519175616_e5831e148e_k-1536x1025.jpg 1536w, https:\/\/www.manaus.am.gov.br\/semulsp\/wp-content\/uploads\/sites\/23\/2025\/05\/54519175616_e5831e148e_k.jpg 2048w\" sizes=\"(max-width: 1024px) 100vw, 1024px\" \/><\/figure>\n\n\n\n<p>&#8212; &#8212; &#8212;<\/p>\n\n\n\n<p><strong>Texto&nbsp;<\/strong>&#8211; Emanuelle Baires\/Semcom<\/p>\n\n\n\n<p><strong>Fotos &#8211;<\/strong> Antonio Pereira e Cl\u00f3vis Miranda\/Semcom<\/p>\n\n\n\n<p><strong>Dispon\u00edveis em &#8211; <\/strong><a href=\"https:\/\/flic.kr\/s\/aHBqjCedHt\">https:\/\/flic.kr\/s\/aHBqjCedHt<\/a><\/p>\n","protected":false},"excerpt":{"rendered":"","protected":false},"author":39,"featured_media":2060,"comment_status":"closed","ping_status":"closed","sticky":false,"template":"","format":"standard","meta":{"footnotes":""},"categories":[210],"tags":[32,734,735,736,737],"acf":[],"yoast_head":"<!-- This site is optimized with the Yoast SEO plugin v23.0 - https:\/\/yoast.com\/wordpress\/plugins\/seo\/ -->\n<title>Prefeito inaugura da segunda Esta\u00e7\u00e3o Meteorol\u00f3gica em Manaus<\/title>\n<meta name=\"description\" content=\"Prefeito David Almeida amplia rede de monitoramento clim\u00e1tico com inaugura\u00e7\u00e3o da segunda Esta\u00e7\u00e3o Meteorol\u00f3gica em Manaus.\" \/>\n<meta name=\"robots\" content=\"noindex, follow\" \/>\n<meta property=\"og:locale\" content=\"pt_BR\" \/>\n<meta property=\"og:type\" content=\"article\" \/>\n<meta property=\"og:title\" content=\"Prefeito inaugura da segunda Esta\u00e7\u00e3o Meteorol\u00f3gica em Manaus\" \/>\n<meta property=\"og:description\" content=\"Prefeito David Almeida amplia rede de monitoramento clim\u00e1tico com inaugura\u00e7\u00e3o da segunda Esta\u00e7\u00e3o Meteorol\u00f3gica em Manaus.\" \/>\n<meta property=\"og:url\" content=\"https:\/\/www.manaus.am.gov.br\/semulsp\/inauguracao-segunda-estacao-meteorologica\/\" \/>\n<meta property=\"og:site_name\" content=\"SEMULSP\" \/>\n<meta property=\"article:publisher\" content=\"https:\/\/www.facebook.com\/semulspmanaus\" \/>\n<meta property=\"article:published_time\" content=\"2025-05-14T19:55:56+00:00\" \/>\n<meta property=\"article:modified_time\" content=\"2025-05-14T19:57:29+00:00\" \/>\n<meta property=\"og:image\" content=\"https:\/\/www.manaus.am.gov.br\/semulsp\/wp-content\/uploads\/sites\/23\/2025\/05\/54519355634_b863206e34_k.jpg\" \/>\n\t<meta property=\"og:image:width\" content=\"2048\" \/>\n\t<meta property=\"og:image:height\" content=\"1366\" \/>\n\t<meta property=\"og:image:type\" content=\"image\/jpeg\" \/>\n<meta name=\"author\" content=\"Bruna Greco\" \/>\n<meta name=\"twitter:card\" content=\"summary_large_image\" \/>\n<meta name=\"twitter:label1\" content=\"Written by\" \/>\n\t<meta name=\"twitter:data1\" content=\"Bruna Greco\" \/>\n\t<meta name=\"twitter:label2\" content=\"Est. reading time\" \/>\n\t<meta name=\"twitter:data2\" content=\"5 minutos\" \/>\n<script type=\"application\/ld+json\" class=\"yoast-schema-graph\">{\"@context\":\"https:\/\/schema.org\",\"@graph\":[{\"@type\":\"Article\",\"@id\":\"https:\/\/www.manaus.am.gov.br\/semulsp\/inauguracao-segunda-estacao-meteorologica\/#article\",\"isPartOf\":{\"@id\":\"https:\/\/www.manaus.am.gov.br\/semulsp\/inauguracao-segunda-estacao-meteorologica\/\"},\"author\":{\"name\":\"Bruna Greco\",\"@id\":\"https:\/\/www.manaus.am.gov.br\/semulsp\/#\/schema\/person\/05d223aea2bf115f9883a6ff3683d81b\"},\"headline\":\"Prefeito David Almeida amplia rede de monitoramento clim\u00e1tico com inaugura\u00e7\u00e3o da segunda Esta\u00e7\u00e3o Meteorol\u00f3gica em Manaus\",\"datePublished\":\"2025-05-14T19:55:56+00:00\",\"dateModified\":\"2025-05-14T19:57:29+00:00\",\"mainEntityOfPage\":{\"@id\":\"https:\/\/www.manaus.am.gov.br\/semulsp\/inauguracao-segunda-estacao-meteorologica\/\"},\"wordCount\":780,\"publisher\":{\"@id\":\"https:\/\/www.manaus.am.gov.br\/semulsp\/#organization\"},\"image\":{\"@id\":\"https:\/\/www.manaus.am.gov.br\/semulsp\/inauguracao-segunda-estacao-meteorologica\/#primaryimage\"},\"thumbnailUrl\":\"https:\/\/www.manaus.am.gov.br\/semulsp\/wp-content\/uploads\/sites\/23\/2025\/05\/54519355634_b863206e34_k.jpg\",\"keywords\":[\"David Almeida\",\"inaugura\u00e7\u00e3o\",\"novo sistema\",\"rede de monitoramento clim\u00e1tico\",\"segunda Esta\u00e7\u00e3o Meteorol\u00f3gica\"],\"articleSection\":[\"Manaus\"],\"inLanguage\":\"pt-BR\"},{\"@type\":\"WebPage\",\"@id\":\"https:\/\/www.manaus.am.gov.br\/semulsp\/inauguracao-segunda-estacao-meteorologica\/\",\"url\":\"https:\/\/www.manaus.am.gov.br\/semulsp\/inauguracao-segunda-estacao-meteorologica\/\",\"name\":\"Prefeito inaugura da segunda Esta\u00e7\u00e3o Meteorol\u00f3gica em Manaus\",\"isPartOf\":{\"@id\":\"https:\/\/www.manaus.am.gov.br\/semulsp\/#website\"},\"primaryImageOfPage\":{\"@id\":\"https:\/\/www.manaus.am.gov.br\/semulsp\/inauguracao-segunda-estacao-meteorologica\/#primaryimage\"},\"image\":{\"@id\":\"https:\/\/www.manaus.am.gov.br\/semulsp\/inauguracao-segunda-estacao-meteorologica\/#primaryimage\"},\"thumbnailUrl\":\"https:\/\/www.manaus.am.gov.br\/semulsp\/wp-content\/uploads\/sites\/23\/2025\/05\/54519355634_b863206e34_k.jpg\",\"datePublished\":\"2025-05-14T19:55:56+00:00\",\"dateModified\":\"2025-05-14T19:57:29+00:00\",\"description\":\"Prefeito David Almeida amplia rede de monitoramento clim\u00e1tico com inaugura\u00e7\u00e3o da segunda Esta\u00e7\u00e3o Meteorol\u00f3gica em Manaus.\",\"breadcrumb\":{\"@id\":\"https:\/\/www.manaus.am.gov.br\/semulsp\/inauguracao-segunda-estacao-meteorologica\/#breadcrumb\"},\"inLanguage\":\"pt-BR\",\"potentialAction\":[{\"@type\":\"ReadAction\",\"target\":[\"https:\/\/www.manaus.am.gov.br\/semulsp\/inauguracao-segunda-estacao-meteorologica\/\"]}]},{\"@type\":\"ImageObject\",\"inLanguage\":\"pt-BR\",\"@id\":\"https:\/\/www.manaus.am.gov.br\/semulsp\/inauguracao-segunda-estacao-meteorologica\/#primaryimage\",\"url\":\"https:\/\/www.manaus.am.gov.br\/semulsp\/wp-content\/uploads\/sites\/23\/2025\/05\/54519355634_b863206e34_k.jpg\",\"contentUrl\":\"https:\/\/www.manaus.am.gov.br\/semulsp\/wp-content\/uploads\/sites\/23\/2025\/05\/54519355634_b863206e34_k.jpg\",\"width\":2048,\"height\":1366},{\"@type\":\"BreadcrumbList\",\"@id\":\"https:\/\/www.manaus.am.gov.br\/semulsp\/inauguracao-segunda-estacao-meteorologica\/#breadcrumb\",\"itemListElement\":[{\"@type\":\"ListItem\",\"position\":1,\"name\":\"Home\",\"item\":\"https:\/\/www.manaus.am.gov.br\/semulsp\/\"},{\"@type\":\"ListItem\",\"position\":2,\"name\":\"Prefeito David Almeida amplia rede de monitoramento clim\u00e1tico com inaugura\u00e7\u00e3o da segunda Esta\u00e7\u00e3o Meteorol\u00f3gica em Manaus\"}]},{\"@type\":\"WebSite\",\"@id\":\"https:\/\/www.manaus.am.gov.br\/semulsp\/#website\",\"url\":\"https:\/\/www.manaus.am.gov.br\/semulsp\/\",\"name\":\"SEMULSP\",\"description\":\"Prefeitura de Manaus\",\"publisher\":{\"@id\":\"https:\/\/www.manaus.am.gov.br\/semulsp\/#organization\"},\"alternateName\":\"Secretaria Municipal de Limpeza P\u00fablica\",\"potentialAction\":[{\"@type\":\"SearchAction\",\"target\":{\"@type\":\"EntryPoint\",\"urlTemplate\":\"https:\/\/www.manaus.am.gov.br\/semulsp\/?s={search_term_string}\"},\"query-input\":\"required name=search_term_string\"}],\"inLanguage\":\"pt-BR\"},{\"@type\":\"Organization\",\"@id\":\"https:\/\/www.manaus.am.gov.br\/semulsp\/#organization\",\"name\":\"SEMULSP\",\"alternateName\":\"Secretaria Municipal de Limpeza P\u00fablica\",\"url\":\"https:\/\/www.manaus.am.gov.br\/semulsp\/\",\"logo\":{\"@type\":\"ImageObject\",\"inLanguage\":\"pt-BR\",\"@id\":\"https:\/\/www.manaus.am.gov.br\/semulsp\/#\/schema\/logo\/image\/\",\"url\":\"https:\/\/www.manaus.am.gov.br\/semulsp\/wp-content\/uploads\/sites\/23\/2023\/05\/cropped-favicon.png\",\"contentUrl\":\"https:\/\/www.manaus.am.gov.br\/semulsp\/wp-content\/uploads\/sites\/23\/2023\/05\/cropped-favicon.png\",\"width\":512,\"height\":512,\"caption\":\"SEMULSP\"},\"image\":{\"@id\":\"https:\/\/www.manaus.am.gov.br\/semulsp\/#\/schema\/logo\/image\/\"},\"sameAs\":[\"https:\/\/www.facebook.com\/semulspmanaus\",\"https:\/\/www.instagram.com\/semulspmanaus\/\"]},{\"@type\":\"Person\",\"@id\":\"https:\/\/www.manaus.am.gov.br\/semulsp\/#\/schema\/person\/05d223aea2bf115f9883a6ff3683d81b\",\"name\":\"Bruna Greco\",\"image\":{\"@type\":\"ImageObject\",\"inLanguage\":\"pt-BR\",\"@id\":\"https:\/\/www.manaus.am.gov.br\/semulsp\/#\/schema\/person\/image\/\",\"url\":\"https:\/\/secure.gravatar.com\/avatar\/9c877d1a6adc2a055330e5c09a8653ce?s=96&d=mm&r=g\",\"contentUrl\":\"https:\/\/secure.gravatar.com\/avatar\/9c877d1a6adc2a055330e5c09a8653ce?s=96&d=mm&r=g\",\"caption\":\"Bruna Greco\"}}]}<\/script>\n<!-- \/ Yoast SEO plugin. -->","yoast_head_json":{"title":"Prefeito inaugura da segunda Esta\u00e7\u00e3o Meteorol\u00f3gica em Manaus","description":"Prefeito David Almeida amplia rede de monitoramento clim\u00e1tico com inaugura\u00e7\u00e3o da segunda Esta\u00e7\u00e3o Meteorol\u00f3gica em Manaus.","robots":{"index":"noindex","follow":"follow"},"og_locale":"pt_BR","og_type":"article","og_title":"Prefeito inaugura da segunda Esta\u00e7\u00e3o Meteorol\u00f3gica em Manaus","og_description":"Prefeito David Almeida amplia rede de monitoramento clim\u00e1tico com inaugura\u00e7\u00e3o da segunda Esta\u00e7\u00e3o Meteorol\u00f3gica em Manaus.","og_url":"https:\/\/www.manaus.am.gov.br\/semulsp\/inauguracao-segunda-estacao-meteorologica\/","og_site_name":"SEMULSP","article_publisher":"https:\/\/www.facebook.com\/semulspmanaus","article_published_time":"2025-05-14T19:55:56+00:00","article_modified_time":"2025-05-14T19:57:29+00:00","og_image":[{"width":2048,"height":1366,"url":"https:\/\/www.manaus.am.gov.br\/semulsp\/wp-content\/uploads\/sites\/23\/2025\/05\/54519355634_b863206e34_k.jpg","type":"image\/jpeg"}],"author":"Bruna Greco","twitter_card":"summary_large_image","twitter_misc":{"Written by":"Bruna Greco","Est. reading time":"5 minutos"},"schema":{"@context":"https:\/\/schema.org","@graph":[{"@type":"Article","@id":"https:\/\/www.manaus.am.gov.br\/semulsp\/inauguracao-segunda-estacao-meteorologica\/#article","isPartOf":{"@id":"https:\/\/www.manaus.am.gov.br\/semulsp\/inauguracao-segunda-estacao-meteorologica\/"},"author":{"name":"Bruna Greco","@id":"https:\/\/www.manaus.am.gov.br\/semulsp\/#\/schema\/person\/05d223aea2bf115f9883a6ff3683d81b"},"headline":"Prefeito David Almeida amplia rede de monitoramento clim\u00e1tico com inaugura\u00e7\u00e3o da segunda Esta\u00e7\u00e3o Meteorol\u00f3gica em Manaus","datePublished":"2025-05-14T19:55:56+00:00","dateModified":"2025-05-14T19:57:29+00:00","mainEntityOfPage":{"@id":"https:\/\/www.manaus.am.gov.br\/semulsp\/inauguracao-segunda-estacao-meteorologica\/"},"wordCount":780,"publisher":{"@id":"https:\/\/www.manaus.am.gov.br\/semulsp\/#organization"},"image":{"@id":"https:\/\/www.manaus.am.gov.br\/semulsp\/inauguracao-segunda-estacao-meteorologica\/#primaryimage"},"thumbnailUrl":"https:\/\/www.manaus.am.gov.br\/semulsp\/wp-content\/uploads\/sites\/23\/2025\/05\/54519355634_b863206e34_k.jpg","keywords":["David Almeida","inaugura\u00e7\u00e3o","novo sistema","rede de monitoramento clim\u00e1tico","segunda Esta\u00e7\u00e3o Meteorol\u00f3gica"],"articleSection":["Manaus"],"inLanguage":"pt-BR"},{"@type":"WebPage","@id":"https:\/\/www.manaus.am.gov.br\/semulsp\/inauguracao-segunda-estacao-meteorologica\/","url":"https:\/\/www.manaus.am.gov.br\/semulsp\/inauguracao-segunda-estacao-meteorologica\/","name":"Prefeito inaugura da segunda Esta\u00e7\u00e3o Meteorol\u00f3gica em Manaus","isPartOf":{"@id":"https:\/\/www.manaus.am.gov.br\/semulsp\/#website"},"primaryImageOfPage":{"@id":"https:\/\/www.manaus.am.gov.br\/semulsp\/inauguracao-segunda-estacao-meteorologica\/#primaryimage"},"image":{"@id":"https:\/\/www.manaus.am.gov.br\/semulsp\/inauguracao-segunda-estacao-meteorologica\/#primaryimage"},"thumbnailUrl":"https:\/\/www.manaus.am.gov.br\/semulsp\/wp-content\/uploads\/sites\/23\/2025\/05\/54519355634_b863206e34_k.jpg","datePublished":"2025-05-14T19:55:56+00:00","dateModified":"2025-05-14T19:57:29+00:00","description":"Prefeito David Almeida amplia rede de monitoramento clim\u00e1tico com inaugura\u00e7\u00e3o da segunda Esta\u00e7\u00e3o Meteorol\u00f3gica em Manaus.","breadcrumb":{"@id":"https:\/\/www.manaus.am.gov.br\/semulsp\/inauguracao-segunda-estacao-meteorologica\/#breadcrumb"},"inLanguage":"pt-BR","potentialAction":[{"@type":"ReadAction","target":["https:\/\/www.manaus.am.gov.br\/semulsp\/inauguracao-segunda-estacao-meteorologica\/"]}]},{"@type":"ImageObject","inLanguage":"pt-BR","@id":"https:\/\/www.manaus.am.gov.br\/semulsp\/inauguracao-segunda-estacao-meteorologica\/#primaryimage","url":"https:\/\/www.manaus.am.gov.br\/semulsp\/wp-content\/uploads\/sites\/23\/2025\/05\/54519355634_b863206e34_k.jpg","contentUrl":"https:\/\/www.manaus.am.gov.br\/semulsp\/wp-content\/uploads\/sites\/23\/2025\/05\/54519355634_b863206e34_k.jpg","width":2048,"height":1366},{"@type":"BreadcrumbList","@id":"https:\/\/www.manaus.am.gov.br\/semulsp\/inauguracao-segunda-estacao-meteorologica\/#breadcrumb","itemListElement":[{"@type":"ListItem","position":1,"name":"Home","item":"https:\/\/www.manaus.am.gov.br\/semulsp\/"},{"@type":"ListItem","position":2,"name":"Prefeito David Almeida amplia rede de monitoramento clim\u00e1tico com inaugura\u00e7\u00e3o da segunda Esta\u00e7\u00e3o Meteorol\u00f3gica em Manaus"}]},{"@type":"WebSite","@id":"https:\/\/www.manaus.am.gov.br\/semulsp\/#website","url":"https:\/\/www.manaus.am.gov.br\/semulsp\/","name":"SEMULSP","description":"Prefeitura de Manaus","publisher":{"@id":"https:\/\/www.manaus.am.gov.br\/semulsp\/#organization"},"alternateName":"Secretaria Municipal de Limpeza P\u00fablica","potentialAction":[{"@type":"SearchAction","target":{"@type":"EntryPoint","urlTemplate":"https:\/\/www.manaus.am.gov.br\/semulsp\/?s={search_term_string}"},"query-input":"required name=search_term_string"}],"inLanguage":"pt-BR"},{"@type":"Organization","@id":"https:\/\/www.manaus.am.gov.br\/semulsp\/#organization","name":"SEMULSP","alternateName":"Secretaria Municipal de Limpeza P\u00fablica","url":"https:\/\/www.manaus.am.gov.br\/semulsp\/","logo":{"@type":"ImageObject","inLanguage":"pt-BR","@id":"https:\/\/www.manaus.am.gov.br\/semulsp\/#\/schema\/logo\/image\/","url":"https:\/\/www.manaus.am.gov.br\/semulsp\/wp-content\/uploads\/sites\/23\/2023\/05\/cropped-favicon.png","contentUrl":"https:\/\/www.manaus.am.gov.br\/semulsp\/wp-content\/uploads\/sites\/23\/2023\/05\/cropped-favicon.png","width":512,"height":512,"caption":"SEMULSP"},"image":{"@id":"https:\/\/www.manaus.am.gov.br\/semulsp\/#\/schema\/logo\/image\/"},"sameAs":["https:\/\/www.facebook.com\/semulspmanaus","https:\/\/www.instagram.com\/semulspmanaus\/"]},{"@type":"Person","@id":"https:\/\/www.manaus.am.gov.br\/semulsp\/#\/schema\/person\/05d223aea2bf115f9883a6ff3683d81b","name":"Bruna Greco","image":{"@type":"ImageObject","inLanguage":"pt-BR","@id":"https:\/\/www.manaus.am.gov.br\/semulsp\/#\/schema\/person\/image\/","url":"https:\/\/secure.gravatar.com\/avatar\/9c877d1a6adc2a055330e5c09a8653ce?s=96&d=mm&r=g","contentUrl":"https:\/\/secure.gravatar.com\/avatar\/9c877d1a6adc2a055330e5c09a8653ce?s=96&d=mm&r=g","caption":"Bruna Greco"}}]}},"_links":{"self":[{"href":"https:\/\/www.manaus.am.gov.br\/semulsp\/wp-json\/wp\/v2\/posts\/2057"}],"collection":[{"href":"https:\/\/www.manaus.am.gov.br\/semulsp\/wp-json\/wp\/v2\/posts"}],"about":[{"href":"https:\/\/www.manaus.am.gov.br\/semulsp\/wp-json\/wp\/v2\/types\/post"}],"author":[{"embeddable":true,"href":"https:\/\/www.manaus.am.gov.br\/semulsp\/wp-json\/wp\/v2\/users\/39"}],"replies":[{"embeddable":true,"href":"https:\/\/www.manaus.am.gov.br\/semulsp\/wp-json\/wp\/v2\/comments?post=2057"}],"version-history":[{"count":3,"href":"https:\/\/www.manaus.am.gov.br\/semulsp\/wp-json\/wp\/v2\/posts\/2057\/revisions"}],"predecessor-version":[{"id":2063,"href":"https:\/\/www.manaus.am.gov.br\/semulsp\/wp-json\/wp\/v2\/posts\/2057\/revisions\/2063"}],"wp:featuredmedia":[{"embeddable":true,"href":"https:\/\/www.manaus.am.gov.br\/semulsp\/wp-json\/wp\/v2\/media\/2060"}],"wp:attachment":[{"href":"https:\/\/www.manaus.am.gov.br\/semulsp\/wp-json\/wp\/v2\/media?parent=2057"}],"wp:term":[{"taxonomy":"category","embeddable":true,"href":"https:\/\/www.manaus.am.gov.br\/semulsp\/wp-json\/wp\/v2\/categories?post=2057"},{"taxonomy":"post_tag","embeddable":true,"href":"https:\/\/www.manaus.am.gov.br\/semulsp\/wp-json\/wp\/v2\/tags?post=2057"}],"curies":[{"name":"wp","href":"https:\/\/api.w.org\/{rel}","templated":true}]}}