{"id":2053,"date":"2025-05-11T17:22:27","date_gmt":"2025-05-11T21:22:27","guid":{"rendered":"https:\/\/www.manaus.am.gov.br\/semulsp\/operacoes-cemiterios-da-cidade\/"},"modified":"2025-05-11T17:22:27","modified_gmt":"2025-05-11T21:22:27","slug":"operacoes-cemiterios-da-cidade","status":"publish","type":"post","link":"https:\/\/www.manaus.am.gov.br\/semulsp\/operacoes-cemiterios-da-cidade\/","title":{"rendered":"Cemit\u00e9rios municipais recebem cerca de 200 mil pessoas no Dia das M\u00e3es"},"content":{"rendered":"\n<p><br>A Prefeitura de Manaus, por meio da Secretaria Municipal de Limpeza Urbana (Semulsp), realizou, neste domingo, 11\/5, Dia das M\u00e3es, uma das maiores opera\u00e7\u00f5es de cuidado e estrutura j\u00e1 vistas nos cemit\u00e9rios da cidade. Todos os dez cemit\u00e9rios p\u00fablicos \u2013 seis urbanos e quatro da zona rural \u2013 receberam aten\u00e7\u00e3o especial com limpeza minuciosa, capina\u00e7\u00e3o, poda, pintura e revitaliza\u00e7\u00e3o de \u00e1reas comuns como os cruzeiros e os corredores de visita\u00e7\u00e3o. Desde as primeiras horas da manh\u00e3, cerca de 200 mil pessoas visitaram os campos-santos da capital para homenagear suas m\u00e3es j\u00e1 falecidas.<br><br>O secret\u00e1rio da Semulsp, Sab\u00e1 Reis, percorreu os cemit\u00e9rios ao longo do domingo e afirmou que o trabalho realizado \u00e9 mais do que uma obriga\u00e7\u00e3o administrativa, \u00e9 um gesto de humanidade.<br><br>\u201cN\u00e3o se trata apenas de limpar um espa\u00e7o. Nos preocupamos em acolher as pessoas no momento em que elas mais precisam de conforto. A prefeitura, por orienta\u00e7\u00e3o do prefeito David Almeida, vem trabalhando com o cora\u00e7\u00e3o aberto para que os campos-santos sejam lugares de paz, dignidade e rever\u00eancia\u201d, disse.<br><br>A transforma\u00e7\u00e3o foi vis\u00edvel e tocante. As fam\u00edlias que compareceram aos cemit\u00e9rios fizeram quest\u00e3o de reconhecer o zelo da Prefeitura de Manaus. \u201cA limpeza estava impec\u00e1vel, a pintura renovada, os espa\u00e7os floridos. Isso mostra que h\u00e1 respeito com nossas m\u00e3es, mesmo depois de partirem. Foi emocionante ver esse cuidado com cada detalhe\u201d, disse Maria das Dores, moradora do bairro Compensa, que visitava o t\u00famulo da m\u00e3e no cemit\u00e9rio Santa Helena, no bairro S\u00e3o Raimundo.<br><br>A a\u00e7\u00e3o tamb\u00e9m contou com apresenta\u00e7\u00f5es musicais ao vivo, cultos, missas e momentos de louvor. M\u00fasicas que falavam de saudade e f\u00e9 foram entoadas por servidores da pr\u00f3pria Semulsp e grupos religiosos. Agentes do Instituto Municipal de Mobilidade Urbana (IMMU) organizaram o tr\u00e2nsito, ambul\u00e2ncias do Servi\u00e7o M\u00f3vel de Urg\u00eancia (Samu) e do Corpo de Bombeiros estiveram a postos para atuar em casos de emerg\u00eancia. Assistentes sociais da Secretaria Municipal de Agricultura, Abastecimento, Centro e Com\u00e9rcio Informal (Semacc) e Agentes da Guarda Civil Metropolitana tamb\u00e9m estiveram presentes nos campos-santos.<\/p>\n\n\n\n<figure class=\"wp-block-image size-full\"><img loading=\"lazy\" decoding=\"async\" width=\"799\" height=\"533\" src=\"https:\/\/www.manaus.am.gov.br\/semulsp\/wp-content\/uploads\/sites\/23\/2025\/05\/54510995422_75ab44d585_c.jpg\" alt=\"\" class=\"wp-image-2054\" srcset=\"https:\/\/www.manaus.am.gov.br\/semulsp\/wp-content\/uploads\/sites\/23\/2025\/05\/54510995422_75ab44d585_c.jpg 799w, https:\/\/www.manaus.am.gov.br\/semulsp\/wp-content\/uploads\/sites\/23\/2025\/05\/54510995422_75ab44d585_c-300x200.jpg 300w, https:\/\/www.manaus.am.gov.br\/semulsp\/wp-content\/uploads\/sites\/23\/2025\/05\/54510995422_75ab44d585_c-768x512.jpg 768w\" sizes=\"(max-width: 799px) 100vw, 799px\" \/><\/figure>\n\n\n\n<p><strong>Estrutura<\/strong><br><br>Gilmar Farias de Souza, gerente do cemit\u00e9rio Nossa Senhora Aparecida \u2013 o maior e mais recente da cidade \u2013 destacou a grandiosidade da opera\u00e7\u00e3o. \u201cMais de 8 mil v\u00edtimas da Covid-19 est\u00e3o sepultadas aqui. Hoje, recebemos milhares de pessoas com estrutura completa, acessibilidade, flores, m\u00fasica e acolhimento. \u00c9 o m\u00ednimo que podemos oferecer diante de tantas hist\u00f3rias de amor e saudade que habitam este campo-santo\u201d, disse ele, emocionado.<br><br>O diretor do Departamento de Cemit\u00e9rios da Semulsp, Raimundo Nogueira Filho, explicou que o padr\u00e3o de cuidado se repetiu em todos os cemit\u00e9rios.<br><br>\u201cDo cemit\u00e9rio Nossa Senhora da Piedade, o mais antigo, ao Nossa Senhora Aparecida, o mais novo; do S\u00e3o Francisco, no Morro da Liberdade, ao Santa Helena, no S\u00e3o Raimundo \u2013 todos receberam o mesmo zelo, a mesma aten\u00e7\u00e3o. Estamos falando de um esfor\u00e7o coletivo, di\u00e1rio, que culmina nesse grande momento de homenagem \u00e0s m\u00e3es\u201d.<br><br>No tradicional cemit\u00e9rio S\u00e3o Jo\u00e3o Batista, que acaba de completar 135 anos, o movimento foi intenso. Entre os visitantes, Orlandino Pinto, 41 anos, destacou como positiva a a\u00e7\u00e3o realizada. \u201cMinha m\u00e3e sempre dizia que limpeza \u00e9 sin\u00f4nimo de respeito. Ver esse cuidado aqui, hoje, me faz sentir que ela ainda est\u00e1 sendo honrada. A prefeitura est\u00e1 de parab\u00e9ns. Esse trabalho toca a gente de um jeito muito profundo\u201d.<\/p>\n\n\n\n<p><\/p>\n\n\n\n<p>\u2014 \u2014 \u2014<br><strong>Texto &#8211;<\/strong> Dora Tupinamb\u00e1 \/Semulsp<br><strong>Fotos &#8211; <\/strong>Assessoria \/ Semulsp e Cl\u00f3vis Miranda \/Semcom<br><strong>Dispon\u00edveis em &#8211; <\/strong><a href=\"https:\/\/flic.kr\/s\/aHBqjCdQ8P\">https:\/\/flic.kr\/s\/aHBqjCdQ8P<\/a><\/p>\n","protected":false},"excerpt":{"rendered":"","protected":false},"author":68,"featured_media":2055,"comment_status":"closed","ping_status":"closed","sticky":false,"template":"","format":"standard","meta":{"footnotes":""},"categories":[68],"tags":[733,10],"acf":[],"yoast_head":"<!-- This site is optimized with the Yoast SEO plugin v23.0 - https:\/\/yoast.com\/wordpress\/plugins\/seo\/ -->\n<title>Cemit\u00e9rios municipais recebem cerca de 200 mil pessoas no Dia das M\u00e3es<\/title>\n<meta name=\"description\" content=\"A Prefeitura de Manaus, por meio da Secretaria Municipal de Limpeza Urbana (Semulsp), realizou, neste domingo, 11\/5, Dia das M\u00e3es, uma das maiores opera\u00e7\u00f5es de cuidado e estrutura j\u00e1 vistas nos cemit\u00e9rios da cidade. Todos os dez cemit\u00e9rios p\u00fablicos \u2013 seis urbanos e quatro da zona rural \u2013 receberam aten\u00e7\u00e3o especial com limpeza minuciosa, capina\u00e7\u00e3o, poda, pintura e revitaliza\u00e7\u00e3o de \u00e1reas comuns como os cruzeiros e os corredores de visita\u00e7\u00e3o. Desde as primeiras horas da manh\u00e3, cerca de 200 mil pessoas visitaram os campos-santos da capital para homenagear suas m\u00e3es j\u00e1 falecidas.\" \/>\n<meta name=\"robots\" content=\"noindex, follow\" \/>\n<meta property=\"og:locale\" content=\"pt_BR\" \/>\n<meta property=\"og:type\" content=\"article\" \/>\n<meta property=\"og:title\" content=\"Cemit\u00e9rios municipais recebem cerca de 200 mil pessoas no Dia das M\u00e3es\" \/>\n<meta property=\"og:description\" content=\"A Prefeitura de Manaus, por meio da Secretaria Municipal de Limpeza Urbana (Semulsp), realizou, neste domingo, 11\/5, Dia das M\u00e3es, uma das maiores opera\u00e7\u00f5es de cuidado e estrutura j\u00e1 vistas nos cemit\u00e9rios da cidade. Todos os dez cemit\u00e9rios p\u00fablicos \u2013 seis urbanos e quatro da zona rural \u2013 receberam aten\u00e7\u00e3o especial com limpeza minuciosa, capina\u00e7\u00e3o, poda, pintura e revitaliza\u00e7\u00e3o de \u00e1reas comuns como os cruzeiros e os corredores de visita\u00e7\u00e3o. Desde as primeiras horas da manh\u00e3, cerca de 200 mil pessoas visitaram os campos-santos da capital para homenagear suas m\u00e3es j\u00e1 falecidas.\" \/>\n<meta property=\"og:url\" content=\"https:\/\/www.manaus.am.gov.br\/semulsp\/operacoes-cemiterios-da-cidade\/\" \/>\n<meta property=\"og:site_name\" content=\"SEMULSP\" \/>\n<meta property=\"article:publisher\" content=\"https:\/\/www.facebook.com\/semulspmanaus\" \/>\n<meta property=\"article:published_time\" content=\"2025-05-11T21:22:27+00:00\" \/>\n<meta property=\"og:image\" content=\"https:\/\/www.manaus.am.gov.br\/semulsp\/wp-content\/uploads\/sites\/23\/2025\/05\/54511852191_8a8ef7949e_c.jpg\" \/>\n\t<meta property=\"og:image:width\" content=\"799\" \/>\n\t<meta property=\"og:image:height\" content=\"533\" \/>\n\t<meta property=\"og:image:type\" content=\"image\/jpeg\" \/>\n<meta name=\"author\" content=\"bvalente\" \/>\n<meta name=\"twitter:card\" content=\"summary_large_image\" \/>\n<meta name=\"twitter:label1\" content=\"Written by\" \/>\n\t<meta name=\"twitter:data1\" content=\"bvalente\" \/>\n\t<meta name=\"twitter:label2\" content=\"Est. reading time\" \/>\n\t<meta name=\"twitter:data2\" content=\"4 minutos\" \/>\n<script type=\"application\/ld+json\" class=\"yoast-schema-graph\">{\"@context\":\"https:\/\/schema.org\",\"@graph\":[{\"@type\":\"Article\",\"@id\":\"https:\/\/www.manaus.am.gov.br\/semulsp\/operacoes-cemiterios-da-cidade\/#article\",\"isPartOf\":{\"@id\":\"https:\/\/www.manaus.am.gov.br\/semulsp\/operacoes-cemiterios-da-cidade\/\"},\"author\":{\"name\":\"bvalente\",\"@id\":\"https:\/\/www.manaus.am.gov.br\/semulsp\/#\/schema\/person\/466a0e03ae4b6062809046bd560ac955\"},\"headline\":\"Cemit\u00e9rios municipais recebem cerca de 200 mil pessoas no Dia das M\u00e3es\",\"datePublished\":\"2025-05-11T21:22:27+00:00\",\"dateModified\":\"2025-05-11T21:22:27+00:00\",\"mainEntityOfPage\":{\"@id\":\"https:\/\/www.manaus.am.gov.br\/semulsp\/operacoes-cemiterios-da-cidade\/\"},\"wordCount\":638,\"publisher\":{\"@id\":\"https:\/\/www.manaus.am.gov.br\/semulsp\/#organization\"},\"image\":{\"@id\":\"https:\/\/www.manaus.am.gov.br\/semulsp\/operacoes-cemiterios-da-cidade\/#primaryimage\"},\"thumbnailUrl\":\"https:\/\/www.manaus.am.gov.br\/semulsp\/wp-content\/uploads\/sites\/23\/2025\/05\/54511852191_8a8ef7949e_c.jpg\",\"keywords\":[\"Cemit\u00e9rios municipais recebem cerca de 200 mil pessoas no Dia das M\u00e3es\",\"prefeitura de manaus\"],\"articleSection\":[\"Homenagem\"],\"inLanguage\":\"pt-BR\"},{\"@type\":\"WebPage\",\"@id\":\"https:\/\/www.manaus.am.gov.br\/semulsp\/operacoes-cemiterios-da-cidade\/\",\"url\":\"https:\/\/www.manaus.am.gov.br\/semulsp\/operacoes-cemiterios-da-cidade\/\",\"name\":\"Cemit\u00e9rios municipais recebem cerca de 200 mil pessoas no Dia das M\u00e3es\",\"isPartOf\":{\"@id\":\"https:\/\/www.manaus.am.gov.br\/semulsp\/#website\"},\"primaryImageOfPage\":{\"@id\":\"https:\/\/www.manaus.am.gov.br\/semulsp\/operacoes-cemiterios-da-cidade\/#primaryimage\"},\"image\":{\"@id\":\"https:\/\/www.manaus.am.gov.br\/semulsp\/operacoes-cemiterios-da-cidade\/#primaryimage\"},\"thumbnailUrl\":\"https:\/\/www.manaus.am.gov.br\/semulsp\/wp-content\/uploads\/sites\/23\/2025\/05\/54511852191_8a8ef7949e_c.jpg\",\"datePublished\":\"2025-05-11T21:22:27+00:00\",\"dateModified\":\"2025-05-11T21:22:27+00:00\",\"description\":\"A Prefeitura de Manaus, por meio da Secretaria Municipal de Limpeza Urbana (Semulsp), realizou, neste domingo, 11\/5, Dia das M\u00e3es, uma das maiores opera\u00e7\u00f5es de cuidado e estrutura j\u00e1 vistas nos cemit\u00e9rios da cidade. Todos os dez cemit\u00e9rios p\u00fablicos \u2013 seis urbanos e quatro da zona rural \u2013 receberam aten\u00e7\u00e3o especial com limpeza minuciosa, capina\u00e7\u00e3o, poda, pintura e revitaliza\u00e7\u00e3o de \u00e1reas comuns como os cruzeiros e os corredores de visita\u00e7\u00e3o. Desde as primeiras horas da manh\u00e3, cerca de 200 mil pessoas visitaram os campos-santos da capital para homenagear suas m\u00e3es j\u00e1 falecidas.\",\"breadcrumb\":{\"@id\":\"https:\/\/www.manaus.am.gov.br\/semulsp\/operacoes-cemiterios-da-cidade\/#breadcrumb\"},\"inLanguage\":\"pt-BR\",\"potentialAction\":[{\"@type\":\"ReadAction\",\"target\":[\"https:\/\/www.manaus.am.gov.br\/semulsp\/operacoes-cemiterios-da-cidade\/\"]}]},{\"@type\":\"ImageObject\",\"inLanguage\":\"pt-BR\",\"@id\":\"https:\/\/www.manaus.am.gov.br\/semulsp\/operacoes-cemiterios-da-cidade\/#primaryimage\",\"url\":\"https:\/\/www.manaus.am.gov.br\/semulsp\/wp-content\/uploads\/sites\/23\/2025\/05\/54511852191_8a8ef7949e_c.jpg\",\"contentUrl\":\"https:\/\/www.manaus.am.gov.br\/semulsp\/wp-content\/uploads\/sites\/23\/2025\/05\/54511852191_8a8ef7949e_c.jpg\",\"width\":799,\"height\":533},{\"@type\":\"BreadcrumbList\",\"@id\":\"https:\/\/www.manaus.am.gov.br\/semulsp\/operacoes-cemiterios-da-cidade\/#breadcrumb\",\"itemListElement\":[{\"@type\":\"ListItem\",\"position\":1,\"name\":\"Home\",\"item\":\"https:\/\/www.manaus.am.gov.br\/semulsp\/\"},{\"@type\":\"ListItem\",\"position\":2,\"name\":\"Cemit\u00e9rios municipais recebem cerca de 200 mil pessoas no Dia das M\u00e3es\"}]},{\"@type\":\"WebSite\",\"@id\":\"https:\/\/www.manaus.am.gov.br\/semulsp\/#website\",\"url\":\"https:\/\/www.manaus.am.gov.br\/semulsp\/\",\"name\":\"SEMULSP\",\"description\":\"Prefeitura de Manaus\",\"publisher\":{\"@id\":\"https:\/\/www.manaus.am.gov.br\/semulsp\/#organization\"},\"alternateName\":\"Secretaria Municipal de Limpeza P\u00fablica\",\"potentialAction\":[{\"@type\":\"SearchAction\",\"target\":{\"@type\":\"EntryPoint\",\"urlTemplate\":\"https:\/\/www.manaus.am.gov.br\/semulsp\/?s={search_term_string}\"},\"query-input\":\"required name=search_term_string\"}],\"inLanguage\":\"pt-BR\"},{\"@type\":\"Organization\",\"@id\":\"https:\/\/www.manaus.am.gov.br\/semulsp\/#organization\",\"name\":\"SEMULSP\",\"alternateName\":\"Secretaria Municipal de Limpeza P\u00fablica\",\"url\":\"https:\/\/www.manaus.am.gov.br\/semulsp\/\",\"logo\":{\"@type\":\"ImageObject\",\"inLanguage\":\"pt-BR\",\"@id\":\"https:\/\/www.manaus.am.gov.br\/semulsp\/#\/schema\/logo\/image\/\",\"url\":\"https:\/\/www.manaus.am.gov.br\/semulsp\/wp-content\/uploads\/sites\/23\/2023\/05\/cropped-favicon.png\",\"contentUrl\":\"https:\/\/www.manaus.am.gov.br\/semulsp\/wp-content\/uploads\/sites\/23\/2023\/05\/cropped-favicon.png\",\"width\":512,\"height\":512,\"caption\":\"SEMULSP\"},\"image\":{\"@id\":\"https:\/\/www.manaus.am.gov.br\/semulsp\/#\/schema\/logo\/image\/\"},\"sameAs\":[\"https:\/\/www.facebook.com\/semulspmanaus\",\"https:\/\/www.instagram.com\/semulspmanaus\/\"]},{\"@type\":\"Person\",\"@id\":\"https:\/\/www.manaus.am.gov.br\/semulsp\/#\/schema\/person\/466a0e03ae4b6062809046bd560ac955\",\"name\":\"bvalente\",\"image\":{\"@type\":\"ImageObject\",\"inLanguage\":\"pt-BR\",\"@id\":\"https:\/\/www.manaus.am.gov.br\/semulsp\/#\/schema\/person\/image\/\",\"url\":\"https:\/\/secure.gravatar.com\/avatar\/3e69bc2b014bdad41adfec3a39de07d2?s=96&d=mm&r=g\",\"contentUrl\":\"https:\/\/secure.gravatar.com\/avatar\/3e69bc2b014bdad41adfec3a39de07d2?s=96&d=mm&r=g\",\"caption\":\"bvalente\"}}]}<\/script>\n<!-- \/ Yoast SEO plugin. -->","yoast_head_json":{"title":"Cemit\u00e9rios municipais recebem cerca de 200 mil pessoas no Dia das M\u00e3es","description":"A Prefeitura de Manaus, por meio da Secretaria Municipal de Limpeza Urbana (Semulsp), realizou, neste domingo, 11\/5, Dia das M\u00e3es, uma das maiores opera\u00e7\u00f5es de cuidado e estrutura j\u00e1 vistas nos cemit\u00e9rios da cidade. Todos os dez cemit\u00e9rios p\u00fablicos \u2013 seis urbanos e quatro da zona rural \u2013 receberam aten\u00e7\u00e3o especial com limpeza minuciosa, capina\u00e7\u00e3o, poda, pintura e revitaliza\u00e7\u00e3o de \u00e1reas comuns como os cruzeiros e os corredores de visita\u00e7\u00e3o. Desde as primeiras horas da manh\u00e3, cerca de 200 mil pessoas visitaram os campos-santos da capital para homenagear suas m\u00e3es j\u00e1 falecidas.","robots":{"index":"noindex","follow":"follow"},"og_locale":"pt_BR","og_type":"article","og_title":"Cemit\u00e9rios municipais recebem cerca de 200 mil pessoas no Dia das M\u00e3es","og_description":"A Prefeitura de Manaus, por meio da Secretaria Municipal de Limpeza Urbana (Semulsp), realizou, neste domingo, 11\/5, Dia das M\u00e3es, uma das maiores opera\u00e7\u00f5es de cuidado e estrutura j\u00e1 vistas nos cemit\u00e9rios da cidade. Todos os dez cemit\u00e9rios p\u00fablicos \u2013 seis urbanos e quatro da zona rural \u2013 receberam aten\u00e7\u00e3o especial com limpeza minuciosa, capina\u00e7\u00e3o, poda, pintura e revitaliza\u00e7\u00e3o de \u00e1reas comuns como os cruzeiros e os corredores de visita\u00e7\u00e3o. Desde as primeiras horas da manh\u00e3, cerca de 200 mil pessoas visitaram os campos-santos da capital para homenagear suas m\u00e3es j\u00e1 falecidas.","og_url":"https:\/\/www.manaus.am.gov.br\/semulsp\/operacoes-cemiterios-da-cidade\/","og_site_name":"SEMULSP","article_publisher":"https:\/\/www.facebook.com\/semulspmanaus","article_published_time":"2025-05-11T21:22:27+00:00","og_image":[{"width":799,"height":533,"url":"https:\/\/www.manaus.am.gov.br\/semulsp\/wp-content\/uploads\/sites\/23\/2025\/05\/54511852191_8a8ef7949e_c.jpg","type":"image\/jpeg"}],"author":"bvalente","twitter_card":"summary_large_image","twitter_misc":{"Written by":"bvalente","Est. reading time":"4 minutos"},"schema":{"@context":"https:\/\/schema.org","@graph":[{"@type":"Article","@id":"https:\/\/www.manaus.am.gov.br\/semulsp\/operacoes-cemiterios-da-cidade\/#article","isPartOf":{"@id":"https:\/\/www.manaus.am.gov.br\/semulsp\/operacoes-cemiterios-da-cidade\/"},"author":{"name":"bvalente","@id":"https:\/\/www.manaus.am.gov.br\/semulsp\/#\/schema\/person\/466a0e03ae4b6062809046bd560ac955"},"headline":"Cemit\u00e9rios municipais recebem cerca de 200 mil pessoas no Dia das M\u00e3es","datePublished":"2025-05-11T21:22:27+00:00","dateModified":"2025-05-11T21:22:27+00:00","mainEntityOfPage":{"@id":"https:\/\/www.manaus.am.gov.br\/semulsp\/operacoes-cemiterios-da-cidade\/"},"wordCount":638,"publisher":{"@id":"https:\/\/www.manaus.am.gov.br\/semulsp\/#organization"},"image":{"@id":"https:\/\/www.manaus.am.gov.br\/semulsp\/operacoes-cemiterios-da-cidade\/#primaryimage"},"thumbnailUrl":"https:\/\/www.manaus.am.gov.br\/semulsp\/wp-content\/uploads\/sites\/23\/2025\/05\/54511852191_8a8ef7949e_c.jpg","keywords":["Cemit\u00e9rios municipais recebem cerca de 200 mil pessoas no Dia das M\u00e3es","prefeitura de manaus"],"articleSection":["Homenagem"],"inLanguage":"pt-BR"},{"@type":"WebPage","@id":"https:\/\/www.manaus.am.gov.br\/semulsp\/operacoes-cemiterios-da-cidade\/","url":"https:\/\/www.manaus.am.gov.br\/semulsp\/operacoes-cemiterios-da-cidade\/","name":"Cemit\u00e9rios municipais recebem cerca de 200 mil pessoas no Dia das M\u00e3es","isPartOf":{"@id":"https:\/\/www.manaus.am.gov.br\/semulsp\/#website"},"primaryImageOfPage":{"@id":"https:\/\/www.manaus.am.gov.br\/semulsp\/operacoes-cemiterios-da-cidade\/#primaryimage"},"image":{"@id":"https:\/\/www.manaus.am.gov.br\/semulsp\/operacoes-cemiterios-da-cidade\/#primaryimage"},"thumbnailUrl":"https:\/\/www.manaus.am.gov.br\/semulsp\/wp-content\/uploads\/sites\/23\/2025\/05\/54511852191_8a8ef7949e_c.jpg","datePublished":"2025-05-11T21:22:27+00:00","dateModified":"2025-05-11T21:22:27+00:00","description":"A Prefeitura de Manaus, por meio da Secretaria Municipal de Limpeza Urbana (Semulsp), realizou, neste domingo, 11\/5, Dia das M\u00e3es, uma das maiores opera\u00e7\u00f5es de cuidado e estrutura j\u00e1 vistas nos cemit\u00e9rios da cidade. Todos os dez cemit\u00e9rios p\u00fablicos \u2013 seis urbanos e quatro da zona rural \u2013 receberam aten\u00e7\u00e3o especial com limpeza minuciosa, capina\u00e7\u00e3o, poda, pintura e revitaliza\u00e7\u00e3o de \u00e1reas comuns como os cruzeiros e os corredores de visita\u00e7\u00e3o. Desde as primeiras horas da manh\u00e3, cerca de 200 mil pessoas visitaram os campos-santos da capital para homenagear suas m\u00e3es j\u00e1 falecidas.","breadcrumb":{"@id":"https:\/\/www.manaus.am.gov.br\/semulsp\/operacoes-cemiterios-da-cidade\/#breadcrumb"},"inLanguage":"pt-BR","potentialAction":[{"@type":"ReadAction","target":["https:\/\/www.manaus.am.gov.br\/semulsp\/operacoes-cemiterios-da-cidade\/"]}]},{"@type":"ImageObject","inLanguage":"pt-BR","@id":"https:\/\/www.manaus.am.gov.br\/semulsp\/operacoes-cemiterios-da-cidade\/#primaryimage","url":"https:\/\/www.manaus.am.gov.br\/semulsp\/wp-content\/uploads\/sites\/23\/2025\/05\/54511852191_8a8ef7949e_c.jpg","contentUrl":"https:\/\/www.manaus.am.gov.br\/semulsp\/wp-content\/uploads\/sites\/23\/2025\/05\/54511852191_8a8ef7949e_c.jpg","width":799,"height":533},{"@type":"BreadcrumbList","@id":"https:\/\/www.manaus.am.gov.br\/semulsp\/operacoes-cemiterios-da-cidade\/#breadcrumb","itemListElement":[{"@type":"ListItem","position":1,"name":"Home","item":"https:\/\/www.manaus.am.gov.br\/semulsp\/"},{"@type":"ListItem","position":2,"name":"Cemit\u00e9rios municipais recebem cerca de 200 mil pessoas no Dia das M\u00e3es"}]},{"@type":"WebSite","@id":"https:\/\/www.manaus.am.gov.br\/semulsp\/#website","url":"https:\/\/www.manaus.am.gov.br\/semulsp\/","name":"SEMULSP","description":"Prefeitura de Manaus","publisher":{"@id":"https:\/\/www.manaus.am.gov.br\/semulsp\/#organization"},"alternateName":"Secretaria Municipal de Limpeza P\u00fablica","potentialAction":[{"@type":"SearchAction","target":{"@type":"EntryPoint","urlTemplate":"https:\/\/www.manaus.am.gov.br\/semulsp\/?s={search_term_string}"},"query-input":"required name=search_term_string"}],"inLanguage":"pt-BR"},{"@type":"Organization","@id":"https:\/\/www.manaus.am.gov.br\/semulsp\/#organization","name":"SEMULSP","alternateName":"Secretaria Municipal de Limpeza P\u00fablica","url":"https:\/\/www.manaus.am.gov.br\/semulsp\/","logo":{"@type":"ImageObject","inLanguage":"pt-BR","@id":"https:\/\/www.manaus.am.gov.br\/semulsp\/#\/schema\/logo\/image\/","url":"https:\/\/www.manaus.am.gov.br\/semulsp\/wp-content\/uploads\/sites\/23\/2023\/05\/cropped-favicon.png","contentUrl":"https:\/\/www.manaus.am.gov.br\/semulsp\/wp-content\/uploads\/sites\/23\/2023\/05\/cropped-favicon.png","width":512,"height":512,"caption":"SEMULSP"},"image":{"@id":"https:\/\/www.manaus.am.gov.br\/semulsp\/#\/schema\/logo\/image\/"},"sameAs":["https:\/\/www.facebook.com\/semulspmanaus","https:\/\/www.instagram.com\/semulspmanaus\/"]},{"@type":"Person","@id":"https:\/\/www.manaus.am.gov.br\/semulsp\/#\/schema\/person\/466a0e03ae4b6062809046bd560ac955","name":"bvalente","image":{"@type":"ImageObject","inLanguage":"pt-BR","@id":"https:\/\/www.manaus.am.gov.br\/semulsp\/#\/schema\/person\/image\/","url":"https:\/\/secure.gravatar.com\/avatar\/3e69bc2b014bdad41adfec3a39de07d2?s=96&d=mm&r=g","contentUrl":"https:\/\/secure.gravatar.com\/avatar\/3e69bc2b014bdad41adfec3a39de07d2?s=96&d=mm&r=g","caption":"bvalente"}}]}},"_links":{"self":[{"href":"https:\/\/www.manaus.am.gov.br\/semulsp\/wp-json\/wp\/v2\/posts\/2053"}],"collection":[{"href":"https:\/\/www.manaus.am.gov.br\/semulsp\/wp-json\/wp\/v2\/posts"}],"about":[{"href":"https:\/\/www.manaus.am.gov.br\/semulsp\/wp-json\/wp\/v2\/types\/post"}],"author":[{"embeddable":true,"href":"https:\/\/www.manaus.am.gov.br\/semulsp\/wp-json\/wp\/v2\/users\/68"}],"replies":[{"embeddable":true,"href":"https:\/\/www.manaus.am.gov.br\/semulsp\/wp-json\/wp\/v2\/comments?post=2053"}],"version-history":[{"count":1,"href":"https:\/\/www.manaus.am.gov.br\/semulsp\/wp-json\/wp\/v2\/posts\/2053\/revisions"}],"predecessor-version":[{"id":2056,"href":"https:\/\/www.manaus.am.gov.br\/semulsp\/wp-json\/wp\/v2\/posts\/2053\/revisions\/2056"}],"wp:featuredmedia":[{"embeddable":true,"href":"https:\/\/www.manaus.am.gov.br\/semulsp\/wp-json\/wp\/v2\/media\/2055"}],"wp:attachment":[{"href":"https:\/\/www.manaus.am.gov.br\/semulsp\/wp-json\/wp\/v2\/media?parent=2053"}],"wp:term":[{"taxonomy":"category","embeddable":true,"href":"https:\/\/www.manaus.am.gov.br\/semulsp\/wp-json\/wp\/v2\/categories?post=2053"},{"taxonomy":"post_tag","embeddable":true,"href":"https:\/\/www.manaus.am.gov.br\/semulsp\/wp-json\/wp\/v2\/tags?post=2053"}],"curies":[{"name":"wp","href":"https:\/\/api.w.org\/{rel}","templated":true}]}}