{"id":2040,"date":"2025-05-02T11:21:07","date_gmt":"2025-05-02T15:21:07","guid":{"rendered":"https:\/\/www.manaus.am.gov.br\/semulsp\/prefeito-vistoria-lagoadobombeamento\/"},"modified":"2025-05-02T11:21:07","modified_gmt":"2025-05-02T15:21:07","slug":"prefeito-vistoria-lagoadobombeamento","status":"publish","type":"post","link":"https:\/\/www.manaus.am.gov.br\/semulsp\/prefeito-vistoria-lagoadobombeamento\/","title":{"rendered":"Prefeito David Almeida vistoria obra da lagoa do Bombeamento, que ter\u00e1 primeiro pedalinho p\u00fablico de Manaus"},"content":{"rendered":"\n<p>O prefeito de Manaus, David Almeida, acompanhado do vice-prefeito Renato Junior e do titular da Secretaria Municipal de Limpeza Urbana (Semulsp), Sab\u00e1 Reis, realizou mais uma visita \u00e0 lagoa do Bombeamento, no bairro Compensa, zona Oeste, onde vistoriou o avan\u00e7o dos servi\u00e7os de revitaliza\u00e7\u00e3o pela Semulsp.<\/p>\n\n\n\n<p>No espa\u00e7o p\u00fablico, o espelho d&#8217;\u00e1gua \u00e9 recuperado, um p\u00eder foi instalado, assim como gradil e guarda corpo no entorno da lagoa, e uma nova pista de caminhada j\u00e1 \u00e9 aproveitada pela popula\u00e7\u00e3o.<\/p>\n\n\n\n<p>O prefeito anunciou que o local ter\u00e1 o primeiro pedalinho p\u00fablico da capital dispon\u00edvel, de forma gratuita, \u00e0 popula\u00e7\u00e3o, pois as pequenas embarca\u00e7\u00f5es recreativas j\u00e1 est\u00e3o no local. &#8220;Temos mais uma novidade chegando na lagoa do Bombeamento: o primeiro pedalinho p\u00fablico da hist\u00f3ria de Manaus. Voc\u00ea morador do bairro Compensa, da zona Oeste da cidade, vai poder desfrutar isso aqui na nossa lagoa. Muito em breve, n\u00f3s vamos entregar, colocar \u00e0 disposi\u00e7\u00e3o gratuitamente para a popula\u00e7\u00e3o poder usufruir dessa grande novidade&#8221;, anunciou o chefe do Executivo municipal.<\/p>\n\n\n\n<p>A revitaliza\u00e7\u00e3o da lagoa do Bombeamento integra o projeto da prefeitura de requalifica\u00e7\u00e3o urbana de v\u00e1rios pontos de Manaus, recuperando \u00e1reas degradadas e transformando-as em espa\u00e7os p\u00fablicos acolhedores, sustent\u00e1veis e seguros, promovendo o bem-estar e a qualidade de vida da popula\u00e7\u00e3o.<\/p>\n\n\n\n<p>&#8220;Eu e minha esposa caminhamos toda tarde aqui, mas antes era muito bagun\u00e7ado e com a cal\u00e7ada quebrada. Agora n\u00e3o, est\u00e1 bem organizado, bom para caminhar&#8221;, comentou o analista de produ\u00e7\u00e3o Edivandro da Silva.<\/p>\n\n\n\n<p>A cozinheira Let\u00edcia Barboza tamb\u00e9m disse que a revitaliza\u00e7\u00e3o na lagoa do Bombeamento \u00e9 ben\u00e9fica \u00e0 popula\u00e7\u00e3o. &#8220;Isso aqui foi tudo de bom para a gente que gosta de passear, caminhar, trazer a fam\u00edlia. \u00c9 fundamental para o bairro, pois n\u00e3o t\u00ednhamos um espa\u00e7o assim. Agora, \u00e9 manter e educar o povo, para que n\u00e3o venha destruir o que o nosso prefeito fez&#8221;, disse Let\u00edcia.<\/p>\n\n\n\n<p>Os servi\u00e7os na lagoa do Bombeamento est\u00e3o concentrados na constru\u00e7\u00e3o de uma pra\u00e7a molhada, do espa\u00e7o Pet, pra\u00e7a de alimenta\u00e7\u00e3o e da quadra esportiva que est\u00e1 sendo totalmente reformada.<\/p>\n\n\n\n<p>&#8212; &#8212; &#8212;<\/p>\n\n\n\n<p>Texto\u00a0&#8211; Geraldo Farias \/ Semcom<\/p>\n\n\n\n<p>Fotos &#8211; Carlos Oliveira \/ Gabinete vice-prefeito<\/p>\n","protected":false},"excerpt":{"rendered":"","protected":false},"author":23,"featured_media":2041,"comment_status":"closed","ping_status":"closed","sticky":false,"template":"","format":"standard","meta":{"footnotes":""},"categories":[40],"tags":[611,727,212,139,728],"acf":[],"yoast_head":"<!-- This site is optimized with the Yoast SEO plugin v23.0 - https:\/\/yoast.com\/wordpress\/plugins\/seo\/ -->\n<title>Prefeito David Almeida vistoria obra da lagoa do Bombeamento, que ter\u00e1 primeiro pedalinho p\u00fablico de Manaus<\/title>\n<meta name=\"description\" content=\"O prefeito de Manaus, David Almeida, acompanhado do vice-prefeito Renato Junior e do titular da Secretaria Municipal de Limpeza Urbana (Semulsp), Sab\u00e1 Reis, realizou mais uma visita \u00e0 lagoa do Bombeamento, no bairro Compensa, zona Oeste, onde vistoriou o avan\u00e7o dos servi\u00e7os de revitaliza\u00e7\u00e3o pela Semulsp.\" \/>\n<meta name=\"robots\" content=\"noindex, follow\" \/>\n<meta property=\"og:locale\" content=\"pt_BR\" \/>\n<meta property=\"og:type\" content=\"article\" \/>\n<meta property=\"og:title\" content=\"Prefeito David Almeida vistoria obra da lagoa do Bombeamento, que ter\u00e1 primeiro pedalinho p\u00fablico de Manaus\" \/>\n<meta property=\"og:description\" content=\"O prefeito de Manaus, David Almeida, acompanhado do vice-prefeito Renato Junior e do titular da Secretaria Municipal de Limpeza Urbana (Semulsp), Sab\u00e1 Reis, realizou mais uma visita \u00e0 lagoa do Bombeamento, no bairro Compensa, zona Oeste, onde vistoriou o avan\u00e7o dos servi\u00e7os de revitaliza\u00e7\u00e3o pela Semulsp.\" \/>\n<meta property=\"og:url\" content=\"https:\/\/www.manaus.am.gov.br\/semulsp\/prefeito-vistoria-lagoadobombeamento\/\" \/>\n<meta property=\"og:site_name\" content=\"SEMULSP\" \/>\n<meta property=\"article:publisher\" content=\"https:\/\/www.facebook.com\/semulspmanaus\" \/>\n<meta property=\"article:published_time\" content=\"2025-05-02T15:21:07+00:00\" \/>\n<meta property=\"og:image\" content=\"https:\/\/www.manaus.am.gov.br\/semulsp\/wp-content\/uploads\/sites\/23\/2025\/05\/WhatsApp-Image-2025-05-02-at-10.13.36.jpeg\" \/>\n\t<meta property=\"og:image:width\" content=\"4160\" \/>\n\t<meta property=\"og:image:height\" content=\"2773\" \/>\n\t<meta property=\"og:image:type\" content=\"image\/jpeg\" \/>\n<meta name=\"author\" content=\"Adriana Costa\" \/>\n<meta name=\"twitter:card\" content=\"summary_large_image\" \/>\n<meta name=\"twitter:label1\" content=\"Written by\" \/>\n\t<meta name=\"twitter:data1\" content=\"Adriana Costa\" \/>\n\t<meta name=\"twitter:label2\" content=\"Est. reading time\" \/>\n\t<meta name=\"twitter:data2\" content=\"3 minutos\" \/>\n<script type=\"application\/ld+json\" class=\"yoast-schema-graph\">{\"@context\":\"https:\/\/schema.org\",\"@graph\":[{\"@type\":\"Article\",\"@id\":\"https:\/\/www.manaus.am.gov.br\/semulsp\/prefeito-vistoria-lagoadobombeamento\/#article\",\"isPartOf\":{\"@id\":\"https:\/\/www.manaus.am.gov.br\/semulsp\/prefeito-vistoria-lagoadobombeamento\/\"},\"author\":{\"name\":\"Adriana Costa\",\"@id\":\"https:\/\/www.manaus.am.gov.br\/semulsp\/#\/schema\/person\/4e49f4e267757a06ca072ec61b2b9968\"},\"headline\":\"Prefeito David Almeida vistoria obra da lagoa do Bombeamento, que ter\u00e1 primeiro pedalinho p\u00fablico de Manaus\",\"datePublished\":\"2025-05-02T15:21:07+00:00\",\"dateModified\":\"2025-05-02T15:21:07+00:00\",\"mainEntityOfPage\":{\"@id\":\"https:\/\/www.manaus.am.gov.br\/semulsp\/prefeito-vistoria-lagoadobombeamento\/\"},\"wordCount\":404,\"publisher\":{\"@id\":\"https:\/\/www.manaus.am.gov.br\/semulsp\/#organization\"},\"image\":{\"@id\":\"https:\/\/www.manaus.am.gov.br\/semulsp\/prefeito-vistoria-lagoadobombeamento\/#primaryimage\"},\"thumbnailUrl\":\"https:\/\/www.manaus.am.gov.br\/semulsp\/wp-content\/uploads\/sites\/23\/2025\/05\/WhatsApp-Image-2025-05-02-at-10.13.36.jpeg\",\"keywords\":[\"Lagoa do Bombeamento\",\"pedalinho\",\"prefeito David Almeida\",\"revitaliza\u00e7\u00e3o\",\"vistoria\"],\"articleSection\":[\"Revitaliza\u00e7\u00e3o\"],\"inLanguage\":\"pt-BR\"},{\"@type\":\"WebPage\",\"@id\":\"https:\/\/www.manaus.am.gov.br\/semulsp\/prefeito-vistoria-lagoadobombeamento\/\",\"url\":\"https:\/\/www.manaus.am.gov.br\/semulsp\/prefeito-vistoria-lagoadobombeamento\/\",\"name\":\"Prefeito David Almeida vistoria obra da lagoa do Bombeamento, que ter\u00e1 primeiro pedalinho p\u00fablico de Manaus\",\"isPartOf\":{\"@id\":\"https:\/\/www.manaus.am.gov.br\/semulsp\/#website\"},\"primaryImageOfPage\":{\"@id\":\"https:\/\/www.manaus.am.gov.br\/semulsp\/prefeito-vistoria-lagoadobombeamento\/#primaryimage\"},\"image\":{\"@id\":\"https:\/\/www.manaus.am.gov.br\/semulsp\/prefeito-vistoria-lagoadobombeamento\/#primaryimage\"},\"thumbnailUrl\":\"https:\/\/www.manaus.am.gov.br\/semulsp\/wp-content\/uploads\/sites\/23\/2025\/05\/WhatsApp-Image-2025-05-02-at-10.13.36.jpeg\",\"datePublished\":\"2025-05-02T15:21:07+00:00\",\"dateModified\":\"2025-05-02T15:21:07+00:00\",\"description\":\"O prefeito de Manaus, David Almeida, acompanhado do vice-prefeito Renato Junior e do titular da Secretaria Municipal de Limpeza Urbana (Semulsp), Sab\u00e1 Reis, realizou mais uma visita \u00e0 lagoa do Bombeamento, no bairro Compensa, zona Oeste, onde vistoriou o avan\u00e7o dos servi\u00e7os de revitaliza\u00e7\u00e3o pela Semulsp.\",\"breadcrumb\":{\"@id\":\"https:\/\/www.manaus.am.gov.br\/semulsp\/prefeito-vistoria-lagoadobombeamento\/#breadcrumb\"},\"inLanguage\":\"pt-BR\",\"potentialAction\":[{\"@type\":\"ReadAction\",\"target\":[\"https:\/\/www.manaus.am.gov.br\/semulsp\/prefeito-vistoria-lagoadobombeamento\/\"]}]},{\"@type\":\"ImageObject\",\"inLanguage\":\"pt-BR\",\"@id\":\"https:\/\/www.manaus.am.gov.br\/semulsp\/prefeito-vistoria-lagoadobombeamento\/#primaryimage\",\"url\":\"https:\/\/www.manaus.am.gov.br\/semulsp\/wp-content\/uploads\/sites\/23\/2025\/05\/WhatsApp-Image-2025-05-02-at-10.13.36.jpeg\",\"contentUrl\":\"https:\/\/www.manaus.am.gov.br\/semulsp\/wp-content\/uploads\/sites\/23\/2025\/05\/WhatsApp-Image-2025-05-02-at-10.13.36.jpeg\",\"width\":4160,\"height\":2773},{\"@type\":\"BreadcrumbList\",\"@id\":\"https:\/\/www.manaus.am.gov.br\/semulsp\/prefeito-vistoria-lagoadobombeamento\/#breadcrumb\",\"itemListElement\":[{\"@type\":\"ListItem\",\"position\":1,\"name\":\"Home\",\"item\":\"https:\/\/www.manaus.am.gov.br\/semulsp\/\"},{\"@type\":\"ListItem\",\"position\":2,\"name\":\"Prefeito David Almeida vistoria obra da lagoa do Bombeamento, que ter\u00e1 primeiro pedalinho p\u00fablico de Manaus\"}]},{\"@type\":\"WebSite\",\"@id\":\"https:\/\/www.manaus.am.gov.br\/semulsp\/#website\",\"url\":\"https:\/\/www.manaus.am.gov.br\/semulsp\/\",\"name\":\"SEMULSP\",\"description\":\"Prefeitura de Manaus\",\"publisher\":{\"@id\":\"https:\/\/www.manaus.am.gov.br\/semulsp\/#organization\"},\"alternateName\":\"Secretaria Municipal de Limpeza P\u00fablica\",\"potentialAction\":[{\"@type\":\"SearchAction\",\"target\":{\"@type\":\"EntryPoint\",\"urlTemplate\":\"https:\/\/www.manaus.am.gov.br\/semulsp\/?s={search_term_string}\"},\"query-input\":\"required name=search_term_string\"}],\"inLanguage\":\"pt-BR\"},{\"@type\":\"Organization\",\"@id\":\"https:\/\/www.manaus.am.gov.br\/semulsp\/#organization\",\"name\":\"SEMULSP\",\"alternateName\":\"Secretaria Municipal de Limpeza P\u00fablica\",\"url\":\"https:\/\/www.manaus.am.gov.br\/semulsp\/\",\"logo\":{\"@type\":\"ImageObject\",\"inLanguage\":\"pt-BR\",\"@id\":\"https:\/\/www.manaus.am.gov.br\/semulsp\/#\/schema\/logo\/image\/\",\"url\":\"https:\/\/www.manaus.am.gov.br\/semulsp\/wp-content\/uploads\/sites\/23\/2023\/05\/cropped-favicon.png\",\"contentUrl\":\"https:\/\/www.manaus.am.gov.br\/semulsp\/wp-content\/uploads\/sites\/23\/2023\/05\/cropped-favicon.png\",\"width\":512,\"height\":512,\"caption\":\"SEMULSP\"},\"image\":{\"@id\":\"https:\/\/www.manaus.am.gov.br\/semulsp\/#\/schema\/logo\/image\/\"},\"sameAs\":[\"https:\/\/www.facebook.com\/semulspmanaus\",\"https:\/\/www.instagram.com\/semulspmanaus\/\"]},{\"@type\":\"Person\",\"@id\":\"https:\/\/www.manaus.am.gov.br\/semulsp\/#\/schema\/person\/4e49f4e267757a06ca072ec61b2b9968\",\"name\":\"Adriana Costa\",\"image\":{\"@type\":\"ImageObject\",\"inLanguage\":\"pt-BR\",\"@id\":\"https:\/\/www.manaus.am.gov.br\/semulsp\/#\/schema\/person\/image\/\",\"url\":\"https:\/\/secure.gravatar.com\/avatar\/576258617ef7194f718179e766d57bd4?s=96&d=mm&r=g\",\"contentUrl\":\"https:\/\/secure.gravatar.com\/avatar\/576258617ef7194f718179e766d57bd4?s=96&d=mm&r=g\",\"caption\":\"Adriana Costa\"}}]}<\/script>\n<!-- \/ Yoast SEO plugin. -->","yoast_head_json":{"title":"Prefeito David Almeida vistoria obra da lagoa do Bombeamento, que ter\u00e1 primeiro pedalinho p\u00fablico de Manaus","description":"O prefeito de Manaus, David Almeida, acompanhado do vice-prefeito Renato Junior e do titular da Secretaria Municipal de Limpeza Urbana (Semulsp), Sab\u00e1 Reis, realizou mais uma visita \u00e0 lagoa do Bombeamento, no bairro Compensa, zona Oeste, onde vistoriou o avan\u00e7o dos servi\u00e7os de revitaliza\u00e7\u00e3o pela Semulsp.","robots":{"index":"noindex","follow":"follow"},"og_locale":"pt_BR","og_type":"article","og_title":"Prefeito David Almeida vistoria obra da lagoa do Bombeamento, que ter\u00e1 primeiro pedalinho p\u00fablico de Manaus","og_description":"O prefeito de Manaus, David Almeida, acompanhado do vice-prefeito Renato Junior e do titular da Secretaria Municipal de Limpeza Urbana (Semulsp), Sab\u00e1 Reis, realizou mais uma visita \u00e0 lagoa do Bombeamento, no bairro Compensa, zona Oeste, onde vistoriou o avan\u00e7o dos servi\u00e7os de revitaliza\u00e7\u00e3o pela Semulsp.","og_url":"https:\/\/www.manaus.am.gov.br\/semulsp\/prefeito-vistoria-lagoadobombeamento\/","og_site_name":"SEMULSP","article_publisher":"https:\/\/www.facebook.com\/semulspmanaus","article_published_time":"2025-05-02T15:21:07+00:00","og_image":[{"width":4160,"height":2773,"url":"https:\/\/www.manaus.am.gov.br\/semulsp\/wp-content\/uploads\/sites\/23\/2025\/05\/WhatsApp-Image-2025-05-02-at-10.13.36.jpeg","type":"image\/jpeg"}],"author":"Adriana Costa","twitter_card":"summary_large_image","twitter_misc":{"Written by":"Adriana Costa","Est. reading time":"3 minutos"},"schema":{"@context":"https:\/\/schema.org","@graph":[{"@type":"Article","@id":"https:\/\/www.manaus.am.gov.br\/semulsp\/prefeito-vistoria-lagoadobombeamento\/#article","isPartOf":{"@id":"https:\/\/www.manaus.am.gov.br\/semulsp\/prefeito-vistoria-lagoadobombeamento\/"},"author":{"name":"Adriana Costa","@id":"https:\/\/www.manaus.am.gov.br\/semulsp\/#\/schema\/person\/4e49f4e267757a06ca072ec61b2b9968"},"headline":"Prefeito David Almeida vistoria obra da lagoa do Bombeamento, que ter\u00e1 primeiro pedalinho p\u00fablico de Manaus","datePublished":"2025-05-02T15:21:07+00:00","dateModified":"2025-05-02T15:21:07+00:00","mainEntityOfPage":{"@id":"https:\/\/www.manaus.am.gov.br\/semulsp\/prefeito-vistoria-lagoadobombeamento\/"},"wordCount":404,"publisher":{"@id":"https:\/\/www.manaus.am.gov.br\/semulsp\/#organization"},"image":{"@id":"https:\/\/www.manaus.am.gov.br\/semulsp\/prefeito-vistoria-lagoadobombeamento\/#primaryimage"},"thumbnailUrl":"https:\/\/www.manaus.am.gov.br\/semulsp\/wp-content\/uploads\/sites\/23\/2025\/05\/WhatsApp-Image-2025-05-02-at-10.13.36.jpeg","keywords":["Lagoa do Bombeamento","pedalinho","prefeito David Almeida","revitaliza\u00e7\u00e3o","vistoria"],"articleSection":["Revitaliza\u00e7\u00e3o"],"inLanguage":"pt-BR"},{"@type":"WebPage","@id":"https:\/\/www.manaus.am.gov.br\/semulsp\/prefeito-vistoria-lagoadobombeamento\/","url":"https:\/\/www.manaus.am.gov.br\/semulsp\/prefeito-vistoria-lagoadobombeamento\/","name":"Prefeito David Almeida vistoria obra da lagoa do Bombeamento, que ter\u00e1 primeiro pedalinho p\u00fablico de Manaus","isPartOf":{"@id":"https:\/\/www.manaus.am.gov.br\/semulsp\/#website"},"primaryImageOfPage":{"@id":"https:\/\/www.manaus.am.gov.br\/semulsp\/prefeito-vistoria-lagoadobombeamento\/#primaryimage"},"image":{"@id":"https:\/\/www.manaus.am.gov.br\/semulsp\/prefeito-vistoria-lagoadobombeamento\/#primaryimage"},"thumbnailUrl":"https:\/\/www.manaus.am.gov.br\/semulsp\/wp-content\/uploads\/sites\/23\/2025\/05\/WhatsApp-Image-2025-05-02-at-10.13.36.jpeg","datePublished":"2025-05-02T15:21:07+00:00","dateModified":"2025-05-02T15:21:07+00:00","description":"O prefeito de Manaus, David Almeida, acompanhado do vice-prefeito Renato Junior e do titular da Secretaria Municipal de Limpeza Urbana (Semulsp), Sab\u00e1 Reis, realizou mais uma visita \u00e0 lagoa do Bombeamento, no bairro Compensa, zona Oeste, onde vistoriou o avan\u00e7o dos servi\u00e7os de revitaliza\u00e7\u00e3o pela Semulsp.","breadcrumb":{"@id":"https:\/\/www.manaus.am.gov.br\/semulsp\/prefeito-vistoria-lagoadobombeamento\/#breadcrumb"},"inLanguage":"pt-BR","potentialAction":[{"@type":"ReadAction","target":["https:\/\/www.manaus.am.gov.br\/semulsp\/prefeito-vistoria-lagoadobombeamento\/"]}]},{"@type":"ImageObject","inLanguage":"pt-BR","@id":"https:\/\/www.manaus.am.gov.br\/semulsp\/prefeito-vistoria-lagoadobombeamento\/#primaryimage","url":"https:\/\/www.manaus.am.gov.br\/semulsp\/wp-content\/uploads\/sites\/23\/2025\/05\/WhatsApp-Image-2025-05-02-at-10.13.36.jpeg","contentUrl":"https:\/\/www.manaus.am.gov.br\/semulsp\/wp-content\/uploads\/sites\/23\/2025\/05\/WhatsApp-Image-2025-05-02-at-10.13.36.jpeg","width":4160,"height":2773},{"@type":"BreadcrumbList","@id":"https:\/\/www.manaus.am.gov.br\/semulsp\/prefeito-vistoria-lagoadobombeamento\/#breadcrumb","itemListElement":[{"@type":"ListItem","position":1,"name":"Home","item":"https:\/\/www.manaus.am.gov.br\/semulsp\/"},{"@type":"ListItem","position":2,"name":"Prefeito David Almeida vistoria obra da lagoa do Bombeamento, que ter\u00e1 primeiro pedalinho p\u00fablico de Manaus"}]},{"@type":"WebSite","@id":"https:\/\/www.manaus.am.gov.br\/semulsp\/#website","url":"https:\/\/www.manaus.am.gov.br\/semulsp\/","name":"SEMULSP","description":"Prefeitura de Manaus","publisher":{"@id":"https:\/\/www.manaus.am.gov.br\/semulsp\/#organization"},"alternateName":"Secretaria Municipal de Limpeza P\u00fablica","potentialAction":[{"@type":"SearchAction","target":{"@type":"EntryPoint","urlTemplate":"https:\/\/www.manaus.am.gov.br\/semulsp\/?s={search_term_string}"},"query-input":"required name=search_term_string"}],"inLanguage":"pt-BR"},{"@type":"Organization","@id":"https:\/\/www.manaus.am.gov.br\/semulsp\/#organization","name":"SEMULSP","alternateName":"Secretaria Municipal de Limpeza P\u00fablica","url":"https:\/\/www.manaus.am.gov.br\/semulsp\/","logo":{"@type":"ImageObject","inLanguage":"pt-BR","@id":"https:\/\/www.manaus.am.gov.br\/semulsp\/#\/schema\/logo\/image\/","url":"https:\/\/www.manaus.am.gov.br\/semulsp\/wp-content\/uploads\/sites\/23\/2023\/05\/cropped-favicon.png","contentUrl":"https:\/\/www.manaus.am.gov.br\/semulsp\/wp-content\/uploads\/sites\/23\/2023\/05\/cropped-favicon.png","width":512,"height":512,"caption":"SEMULSP"},"image":{"@id":"https:\/\/www.manaus.am.gov.br\/semulsp\/#\/schema\/logo\/image\/"},"sameAs":["https:\/\/www.facebook.com\/semulspmanaus","https:\/\/www.instagram.com\/semulspmanaus\/"]},{"@type":"Person","@id":"https:\/\/www.manaus.am.gov.br\/semulsp\/#\/schema\/person\/4e49f4e267757a06ca072ec61b2b9968","name":"Adriana Costa","image":{"@type":"ImageObject","inLanguage":"pt-BR","@id":"https:\/\/www.manaus.am.gov.br\/semulsp\/#\/schema\/person\/image\/","url":"https:\/\/secure.gravatar.com\/avatar\/576258617ef7194f718179e766d57bd4?s=96&d=mm&r=g","contentUrl":"https:\/\/secure.gravatar.com\/avatar\/576258617ef7194f718179e766d57bd4?s=96&d=mm&r=g","caption":"Adriana Costa"}}]}},"_links":{"self":[{"href":"https:\/\/www.manaus.am.gov.br\/semulsp\/wp-json\/wp\/v2\/posts\/2040"}],"collection":[{"href":"https:\/\/www.manaus.am.gov.br\/semulsp\/wp-json\/wp\/v2\/posts"}],"about":[{"href":"https:\/\/www.manaus.am.gov.br\/semulsp\/wp-json\/wp\/v2\/types\/post"}],"author":[{"embeddable":true,"href":"https:\/\/www.manaus.am.gov.br\/semulsp\/wp-json\/wp\/v2\/users\/23"}],"replies":[{"embeddable":true,"href":"https:\/\/www.manaus.am.gov.br\/semulsp\/wp-json\/wp\/v2\/comments?post=2040"}],"version-history":[{"count":0,"href":"https:\/\/www.manaus.am.gov.br\/semulsp\/wp-json\/wp\/v2\/posts\/2040\/revisions"}],"wp:featuredmedia":[{"embeddable":true,"href":"https:\/\/www.manaus.am.gov.br\/semulsp\/wp-json\/wp\/v2\/media\/2041"}],"wp:attachment":[{"href":"https:\/\/www.manaus.am.gov.br\/semulsp\/wp-json\/wp\/v2\/media?parent=2040"}],"wp:term":[{"taxonomy":"category","embeddable":true,"href":"https:\/\/www.manaus.am.gov.br\/semulsp\/wp-json\/wp\/v2\/categories?post=2040"},{"taxonomy":"post_tag","embeddable":true,"href":"https:\/\/www.manaus.am.gov.br\/semulsp\/wp-json\/wp\/v2\/tags?post=2040"}],"curies":[{"name":"wp","href":"https:\/\/api.w.org\/{rel}","templated":true}]}}