{"id":1996,"date":"2025-04-21T11:29:26","date_gmt":"2025-04-21T15:29:26","guid":{"rendered":"https:\/\/www.manaus.am.gov.br\/semulsp\/operacao-transbordo-do-lixo\/"},"modified":"2025-04-21T11:29:27","modified_gmt":"2025-04-21T15:29:27","slug":"operacao-transbordo-do-lixo","status":"publish","type":"post","link":"https:\/\/www.manaus.am.gov.br\/semulsp\/operacao-transbordo-do-lixo\/","title":{"rendered":"Prefeitura de Manaus realiza quinta opera\u00e7\u00e3o no ano de transbordo do lixo da orla do rio Negro"},"content":{"rendered":"\n<p>A Prefeitura de Manaus, por meio da Secretaria Municipal de Limpeza Urbana (Semulsp), realizou, nesta segunda-feira, 21\/4, a quinta opera\u00e7\u00e3o de transbordo do lixo retirado da orla do rio Negro e das comunidades ind\u00edgenas e rurais da capital. A a\u00e7\u00e3o aconteceu no porto Trairi, bairro Compensa, zona Oeste da cidade.<\/p>\n\n\n\n<p>O objetivo da opera\u00e7\u00e3o \u00e9 dar destino adequado ao lixo que \u00e9 recolhido mensalmente pelas equipes da Semulsp em \u00e1reas de dif\u00edcil acesso, onde o ac\u00famulo de res\u00edduos compromete a qualidade da \u00e1gua, a biodiversidade e a vida nas comunidades ribeirinhas.<\/p>\n\n\n\n<p>At\u00e9 2024, a prefeitura retirava at\u00e9 800 toneladas de lixo por m\u00eas dessas regi\u00f5es. Hoje, com a instala\u00e7\u00e3o de 11 ecobarreiras em pontos estrat\u00e9gicos de igarap\u00e9s e afluentes, o volume foi reduzido para menos de 400 toneladas. \u201cDe 700 toneladas, j\u00e1 caiu para 300, 250, fica oscilando nesses n\u00fameros\u201d, informou o secret\u00e1rio da Semulsp, Sab\u00e1 Reis. \u201cIsso \u00e9 uma vit\u00f3ria, \u00e9 uma conquista de muita luta da prefeitura\u201d.<\/p>\n\n\n\n<p>Segundo o secret\u00e1rio, a redu\u00e7\u00e3o expressiva na quantidade de lixo recolhido est\u00e1 diretamente ligada \u00e0 efici\u00eancia das ecobarreiras, que impedem que o material flutuante chegue ao rio Negro. \u201cEsse material \u00e9 o que as pessoas jogam nos igarap\u00e9s e ele vem para o rio. Com a implanta\u00e7\u00e3o das ecobarreiras, isso diminuiu muito\u201d, explicou.<\/p>\n\n\n\n<p>Sab\u00e1 Reis tamb\u00e9m destacou que a meta da prefeitura \u00e9, cada vez mais, reduzir a necessidade dessas opera\u00e7\u00f5es pesadas de transbordo, com apoio da tecnologia e da conscientiza\u00e7\u00e3o da popula\u00e7\u00e3o. \u201cEu quero ver um dia a nossa popula\u00e7\u00e3o participando educativamente, dando exemplo para os mais novos, para que nossa cidade possa ser uma cidade de lixo zero\u201d.<\/p>\n\n\n\n<p>Al\u00e9m da opera\u00e7\u00e3o desta segunda-feira, a Semulsp mant\u00e9m um calend\u00e1rio cont\u00ednuo de a\u00e7\u00f5es ambientais, com foco em educa\u00e7\u00e3o, recupera\u00e7\u00e3o de \u00e1reas degradadas e projetos de revitaliza\u00e7\u00e3o, como os que est\u00e3o sendo desenvolvidos na Lagoa da Compensa e, futuramente, no Amarelinho, no bairro Educandos.<\/p>\n\n\n\n<p>A Prefeitura de Manaus reafirma o compromisso com a preserva\u00e7\u00e3o do meio ambiente e o bem-estar das popula\u00e7\u00f5es ribeirinhas, e prev\u00ea novas a\u00e7\u00f5es integradas para ampliar a prote\u00e7\u00e3o dos rios e igarap\u00e9s de Manaus.<\/p>\n\n\n\n<p>&#8212; &#8212; &#8212;<\/p>\n\n\n\n<p><strong>Texto<\/strong> &#8211; Dora Tupinamb\u00e1 \/ Semulsp<\/p>\n\n\n\n<p><strong>Fotos<\/strong> &#8211; Clovis Miranda \/ Semcom<\/p>\n\n\n\n<p><strong>Dispon\u00edveis em<\/strong> &#8211; <a href=\"https:\/\/flic.kr\/s\/aHBqjC9MJb\">https:\/\/flic.kr\/s\/aHBqjC9MJb<\/a><\/p>\n","protected":false},"excerpt":{"rendered":"","protected":false},"author":25,"featured_media":1997,"comment_status":"closed","ping_status":"closed","sticky":false,"template":"","format":"standard","meta":{"footnotes":""},"categories":[38],"tags":[439,398,223,704],"acf":[],"yoast_head":"<!-- This site is optimized with the Yoast SEO plugin v23.0 - https:\/\/yoast.com\/wordpress\/plugins\/seo\/ -->\n<title>Prefeitura de Manaus realiza quinta opera\u00e7\u00e3o no ano de transbordo do lixo da orla do rio Negro<\/title>\n<meta name=\"description\" content=\"A Prefeitura de Manaus, por meio da Semulsp, realizou, nesta segunda-feira, 21\/4, a quinta opera\u00e7\u00e3o de transbordo do lixo retirado da orla\" \/>\n<meta name=\"robots\" content=\"noindex, follow\" \/>\n<meta property=\"og:locale\" content=\"pt_BR\" \/>\n<meta property=\"og:type\" content=\"article\" \/>\n<meta property=\"og:title\" content=\"Prefeitura de Manaus realiza quinta opera\u00e7\u00e3o no ano de transbordo do lixo da orla do rio Negro\" \/>\n<meta property=\"og:description\" content=\"A Prefeitura de Manaus, por meio da Semulsp, realizou, nesta segunda-feira, 21\/4, a quinta opera\u00e7\u00e3o de transbordo do lixo retirado da orla\" \/>\n<meta property=\"og:url\" content=\"https:\/\/www.manaus.am.gov.br\/semulsp\/operacao-transbordo-do-lixo\/\" \/>\n<meta property=\"og:site_name\" content=\"SEMULSP\" \/>\n<meta property=\"article:publisher\" content=\"https:\/\/www.facebook.com\/semulspmanaus\" \/>\n<meta property=\"article:published_time\" content=\"2025-04-21T15:29:26+00:00\" \/>\n<meta property=\"article:modified_time\" content=\"2025-04-21T15:29:27+00:00\" \/>\n<meta property=\"og:image\" content=\"https:\/\/www.manaus.am.gov.br\/semulsp\/wp-content\/uploads\/sites\/23\/2025\/04\/54466291673_d6e5f44a2f_c.jpg\" \/>\n\t<meta property=\"og:image:width\" content=\"799\" \/>\n\t<meta property=\"og:image:height\" content=\"533\" \/>\n\t<meta property=\"og:image:type\" content=\"image\/jpeg\" \/>\n<meta name=\"author\" content=\"Maur\u00edcio Freire\" \/>\n<meta name=\"twitter:card\" content=\"summary_large_image\" \/>\n<meta name=\"twitter:label1\" content=\"Written by\" \/>\n\t<meta name=\"twitter:data1\" content=\"Maur\u00edcio Freire\" \/>\n\t<meta name=\"twitter:label2\" content=\"Est. reading time\" \/>\n\t<meta name=\"twitter:data2\" content=\"3 minutos\" \/>\n<script type=\"application\/ld+json\" class=\"yoast-schema-graph\">{\"@context\":\"https:\/\/schema.org\",\"@graph\":[{\"@type\":\"Article\",\"@id\":\"https:\/\/www.manaus.am.gov.br\/semulsp\/operacao-transbordo-do-lixo\/#article\",\"isPartOf\":{\"@id\":\"https:\/\/www.manaus.am.gov.br\/semulsp\/operacao-transbordo-do-lixo\/\"},\"author\":{\"name\":\"Maur\u00edcio Freire\",\"@id\":\"https:\/\/www.manaus.am.gov.br\/semulsp\/#\/schema\/person\/587989a23a463cde5618e6a028977a9a\"},\"headline\":\"Prefeitura de Manaus realiza quinta opera\u00e7\u00e3o no ano de transbordo do lixo da orla do rio Negro\",\"datePublished\":\"2025-04-21T15:29:26+00:00\",\"dateModified\":\"2025-04-21T15:29:27+00:00\",\"mainEntityOfPage\":{\"@id\":\"https:\/\/www.manaus.am.gov.br\/semulsp\/operacao-transbordo-do-lixo\/\"},\"wordCount\":412,\"publisher\":{\"@id\":\"https:\/\/www.manaus.am.gov.br\/semulsp\/#organization\"},\"image\":{\"@id\":\"https:\/\/www.manaus.am.gov.br\/semulsp\/operacao-transbordo-do-lixo\/#primaryimage\"},\"thumbnailUrl\":\"https:\/\/www.manaus.am.gov.br\/semulsp\/wp-content\/uploads\/sites\/23\/2025\/04\/54466291673_d6e5f44a2f_c.jpg\",\"keywords\":[\"ecobarreiras\",\"limpeza urbana\",\"rio negro\",\"transbordo do lixo\"],\"articleSection\":[\"Limpeza\"],\"inLanguage\":\"pt-BR\"},{\"@type\":\"WebPage\",\"@id\":\"https:\/\/www.manaus.am.gov.br\/semulsp\/operacao-transbordo-do-lixo\/\",\"url\":\"https:\/\/www.manaus.am.gov.br\/semulsp\/operacao-transbordo-do-lixo\/\",\"name\":\"Prefeitura de Manaus realiza quinta opera\u00e7\u00e3o no ano de transbordo do lixo da orla do rio Negro\",\"isPartOf\":{\"@id\":\"https:\/\/www.manaus.am.gov.br\/semulsp\/#website\"},\"primaryImageOfPage\":{\"@id\":\"https:\/\/www.manaus.am.gov.br\/semulsp\/operacao-transbordo-do-lixo\/#primaryimage\"},\"image\":{\"@id\":\"https:\/\/www.manaus.am.gov.br\/semulsp\/operacao-transbordo-do-lixo\/#primaryimage\"},\"thumbnailUrl\":\"https:\/\/www.manaus.am.gov.br\/semulsp\/wp-content\/uploads\/sites\/23\/2025\/04\/54466291673_d6e5f44a2f_c.jpg\",\"datePublished\":\"2025-04-21T15:29:26+00:00\",\"dateModified\":\"2025-04-21T15:29:27+00:00\",\"description\":\"A Prefeitura de Manaus, por meio da Semulsp, realizou, nesta segunda-feira, 21\/4, a quinta opera\u00e7\u00e3o de transbordo do lixo retirado da orla\",\"breadcrumb\":{\"@id\":\"https:\/\/www.manaus.am.gov.br\/semulsp\/operacao-transbordo-do-lixo\/#breadcrumb\"},\"inLanguage\":\"pt-BR\",\"potentialAction\":[{\"@type\":\"ReadAction\",\"target\":[\"https:\/\/www.manaus.am.gov.br\/semulsp\/operacao-transbordo-do-lixo\/\"]}]},{\"@type\":\"ImageObject\",\"inLanguage\":\"pt-BR\",\"@id\":\"https:\/\/www.manaus.am.gov.br\/semulsp\/operacao-transbordo-do-lixo\/#primaryimage\",\"url\":\"https:\/\/www.manaus.am.gov.br\/semulsp\/wp-content\/uploads\/sites\/23\/2025\/04\/54466291673_d6e5f44a2f_c.jpg\",\"contentUrl\":\"https:\/\/www.manaus.am.gov.br\/semulsp\/wp-content\/uploads\/sites\/23\/2025\/04\/54466291673_d6e5f44a2f_c.jpg\",\"width\":799,\"height\":533,\"caption\":\"#paratodosverem lixo retirado pela Semulsp da orla de Manaus\"},{\"@type\":\"BreadcrumbList\",\"@id\":\"https:\/\/www.manaus.am.gov.br\/semulsp\/operacao-transbordo-do-lixo\/#breadcrumb\",\"itemListElement\":[{\"@type\":\"ListItem\",\"position\":1,\"name\":\"Home\",\"item\":\"https:\/\/www.manaus.am.gov.br\/semulsp\/\"},{\"@type\":\"ListItem\",\"position\":2,\"name\":\"Prefeitura de Manaus realiza quinta opera\u00e7\u00e3o no ano de transbordo do lixo da orla do rio Negro\"}]},{\"@type\":\"WebSite\",\"@id\":\"https:\/\/www.manaus.am.gov.br\/semulsp\/#website\",\"url\":\"https:\/\/www.manaus.am.gov.br\/semulsp\/\",\"name\":\"SEMULSP\",\"description\":\"Prefeitura de Manaus\",\"publisher\":{\"@id\":\"https:\/\/www.manaus.am.gov.br\/semulsp\/#organization\"},\"alternateName\":\"Secretaria Municipal de Limpeza P\u00fablica\",\"potentialAction\":[{\"@type\":\"SearchAction\",\"target\":{\"@type\":\"EntryPoint\",\"urlTemplate\":\"https:\/\/www.manaus.am.gov.br\/semulsp\/?s={search_term_string}\"},\"query-input\":\"required name=search_term_string\"}],\"inLanguage\":\"pt-BR\"},{\"@type\":\"Organization\",\"@id\":\"https:\/\/www.manaus.am.gov.br\/semulsp\/#organization\",\"name\":\"SEMULSP\",\"alternateName\":\"Secretaria Municipal de Limpeza P\u00fablica\",\"url\":\"https:\/\/www.manaus.am.gov.br\/semulsp\/\",\"logo\":{\"@type\":\"ImageObject\",\"inLanguage\":\"pt-BR\",\"@id\":\"https:\/\/www.manaus.am.gov.br\/semulsp\/#\/schema\/logo\/image\/\",\"url\":\"https:\/\/www.manaus.am.gov.br\/semulsp\/wp-content\/uploads\/sites\/23\/2023\/05\/cropped-favicon.png\",\"contentUrl\":\"https:\/\/www.manaus.am.gov.br\/semulsp\/wp-content\/uploads\/sites\/23\/2023\/05\/cropped-favicon.png\",\"width\":512,\"height\":512,\"caption\":\"SEMULSP\"},\"image\":{\"@id\":\"https:\/\/www.manaus.am.gov.br\/semulsp\/#\/schema\/logo\/image\/\"},\"sameAs\":[\"https:\/\/www.facebook.com\/semulspmanaus\",\"https:\/\/www.instagram.com\/semulspmanaus\/\"]},{\"@type\":\"Person\",\"@id\":\"https:\/\/www.manaus.am.gov.br\/semulsp\/#\/schema\/person\/587989a23a463cde5618e6a028977a9a\",\"name\":\"Maur\u00edcio Freire\",\"image\":{\"@type\":\"ImageObject\",\"inLanguage\":\"pt-BR\",\"@id\":\"https:\/\/www.manaus.am.gov.br\/semulsp\/#\/schema\/person\/image\/\",\"url\":\"https:\/\/secure.gravatar.com\/avatar\/dc1481799a1f75c733ac3b2634cd6749?s=96&d=mm&r=g\",\"contentUrl\":\"https:\/\/secure.gravatar.com\/avatar\/dc1481799a1f75c733ac3b2634cd6749?s=96&d=mm&r=g\",\"caption\":\"Maur\u00edcio Freire\"}}]}<\/script>\n<!-- \/ Yoast SEO plugin. -->","yoast_head_json":{"title":"Prefeitura de Manaus realiza quinta opera\u00e7\u00e3o no ano de transbordo do lixo da orla do rio Negro","description":"A Prefeitura de Manaus, por meio da Semulsp, realizou, nesta segunda-feira, 21\/4, a quinta opera\u00e7\u00e3o de transbordo do lixo retirado da orla","robots":{"index":"noindex","follow":"follow"},"og_locale":"pt_BR","og_type":"article","og_title":"Prefeitura de Manaus realiza quinta opera\u00e7\u00e3o no ano de transbordo do lixo da orla do rio Negro","og_description":"A Prefeitura de Manaus, por meio da Semulsp, realizou, nesta segunda-feira, 21\/4, a quinta opera\u00e7\u00e3o de transbordo do lixo retirado da orla","og_url":"https:\/\/www.manaus.am.gov.br\/semulsp\/operacao-transbordo-do-lixo\/","og_site_name":"SEMULSP","article_publisher":"https:\/\/www.facebook.com\/semulspmanaus","article_published_time":"2025-04-21T15:29:26+00:00","article_modified_time":"2025-04-21T15:29:27+00:00","og_image":[{"width":799,"height":533,"url":"https:\/\/www.manaus.am.gov.br\/semulsp\/wp-content\/uploads\/sites\/23\/2025\/04\/54466291673_d6e5f44a2f_c.jpg","type":"image\/jpeg"}],"author":"Maur\u00edcio Freire","twitter_card":"summary_large_image","twitter_misc":{"Written by":"Maur\u00edcio Freire","Est. reading time":"3 minutos"},"schema":{"@context":"https:\/\/schema.org","@graph":[{"@type":"Article","@id":"https:\/\/www.manaus.am.gov.br\/semulsp\/operacao-transbordo-do-lixo\/#article","isPartOf":{"@id":"https:\/\/www.manaus.am.gov.br\/semulsp\/operacao-transbordo-do-lixo\/"},"author":{"name":"Maur\u00edcio Freire","@id":"https:\/\/www.manaus.am.gov.br\/semulsp\/#\/schema\/person\/587989a23a463cde5618e6a028977a9a"},"headline":"Prefeitura de Manaus realiza quinta opera\u00e7\u00e3o no ano de transbordo do lixo da orla do rio Negro","datePublished":"2025-04-21T15:29:26+00:00","dateModified":"2025-04-21T15:29:27+00:00","mainEntityOfPage":{"@id":"https:\/\/www.manaus.am.gov.br\/semulsp\/operacao-transbordo-do-lixo\/"},"wordCount":412,"publisher":{"@id":"https:\/\/www.manaus.am.gov.br\/semulsp\/#organization"},"image":{"@id":"https:\/\/www.manaus.am.gov.br\/semulsp\/operacao-transbordo-do-lixo\/#primaryimage"},"thumbnailUrl":"https:\/\/www.manaus.am.gov.br\/semulsp\/wp-content\/uploads\/sites\/23\/2025\/04\/54466291673_d6e5f44a2f_c.jpg","keywords":["ecobarreiras","limpeza urbana","rio negro","transbordo do lixo"],"articleSection":["Limpeza"],"inLanguage":"pt-BR"},{"@type":"WebPage","@id":"https:\/\/www.manaus.am.gov.br\/semulsp\/operacao-transbordo-do-lixo\/","url":"https:\/\/www.manaus.am.gov.br\/semulsp\/operacao-transbordo-do-lixo\/","name":"Prefeitura de Manaus realiza quinta opera\u00e7\u00e3o no ano de transbordo do lixo da orla do rio Negro","isPartOf":{"@id":"https:\/\/www.manaus.am.gov.br\/semulsp\/#website"},"primaryImageOfPage":{"@id":"https:\/\/www.manaus.am.gov.br\/semulsp\/operacao-transbordo-do-lixo\/#primaryimage"},"image":{"@id":"https:\/\/www.manaus.am.gov.br\/semulsp\/operacao-transbordo-do-lixo\/#primaryimage"},"thumbnailUrl":"https:\/\/www.manaus.am.gov.br\/semulsp\/wp-content\/uploads\/sites\/23\/2025\/04\/54466291673_d6e5f44a2f_c.jpg","datePublished":"2025-04-21T15:29:26+00:00","dateModified":"2025-04-21T15:29:27+00:00","description":"A Prefeitura de Manaus, por meio da Semulsp, realizou, nesta segunda-feira, 21\/4, a quinta opera\u00e7\u00e3o de transbordo do lixo retirado da orla","breadcrumb":{"@id":"https:\/\/www.manaus.am.gov.br\/semulsp\/operacao-transbordo-do-lixo\/#breadcrumb"},"inLanguage":"pt-BR","potentialAction":[{"@type":"ReadAction","target":["https:\/\/www.manaus.am.gov.br\/semulsp\/operacao-transbordo-do-lixo\/"]}]},{"@type":"ImageObject","inLanguage":"pt-BR","@id":"https:\/\/www.manaus.am.gov.br\/semulsp\/operacao-transbordo-do-lixo\/#primaryimage","url":"https:\/\/www.manaus.am.gov.br\/semulsp\/wp-content\/uploads\/sites\/23\/2025\/04\/54466291673_d6e5f44a2f_c.jpg","contentUrl":"https:\/\/www.manaus.am.gov.br\/semulsp\/wp-content\/uploads\/sites\/23\/2025\/04\/54466291673_d6e5f44a2f_c.jpg","width":799,"height":533,"caption":"#paratodosverem lixo retirado pela Semulsp da orla de Manaus"},{"@type":"BreadcrumbList","@id":"https:\/\/www.manaus.am.gov.br\/semulsp\/operacao-transbordo-do-lixo\/#breadcrumb","itemListElement":[{"@type":"ListItem","position":1,"name":"Home","item":"https:\/\/www.manaus.am.gov.br\/semulsp\/"},{"@type":"ListItem","position":2,"name":"Prefeitura de Manaus realiza quinta opera\u00e7\u00e3o no ano de transbordo do lixo da orla do rio Negro"}]},{"@type":"WebSite","@id":"https:\/\/www.manaus.am.gov.br\/semulsp\/#website","url":"https:\/\/www.manaus.am.gov.br\/semulsp\/","name":"SEMULSP","description":"Prefeitura de Manaus","publisher":{"@id":"https:\/\/www.manaus.am.gov.br\/semulsp\/#organization"},"alternateName":"Secretaria Municipal de Limpeza P\u00fablica","potentialAction":[{"@type":"SearchAction","target":{"@type":"EntryPoint","urlTemplate":"https:\/\/www.manaus.am.gov.br\/semulsp\/?s={search_term_string}"},"query-input":"required name=search_term_string"}],"inLanguage":"pt-BR"},{"@type":"Organization","@id":"https:\/\/www.manaus.am.gov.br\/semulsp\/#organization","name":"SEMULSP","alternateName":"Secretaria Municipal de Limpeza P\u00fablica","url":"https:\/\/www.manaus.am.gov.br\/semulsp\/","logo":{"@type":"ImageObject","inLanguage":"pt-BR","@id":"https:\/\/www.manaus.am.gov.br\/semulsp\/#\/schema\/logo\/image\/","url":"https:\/\/www.manaus.am.gov.br\/semulsp\/wp-content\/uploads\/sites\/23\/2023\/05\/cropped-favicon.png","contentUrl":"https:\/\/www.manaus.am.gov.br\/semulsp\/wp-content\/uploads\/sites\/23\/2023\/05\/cropped-favicon.png","width":512,"height":512,"caption":"SEMULSP"},"image":{"@id":"https:\/\/www.manaus.am.gov.br\/semulsp\/#\/schema\/logo\/image\/"},"sameAs":["https:\/\/www.facebook.com\/semulspmanaus","https:\/\/www.instagram.com\/semulspmanaus\/"]},{"@type":"Person","@id":"https:\/\/www.manaus.am.gov.br\/semulsp\/#\/schema\/person\/587989a23a463cde5618e6a028977a9a","name":"Maur\u00edcio Freire","image":{"@type":"ImageObject","inLanguage":"pt-BR","@id":"https:\/\/www.manaus.am.gov.br\/semulsp\/#\/schema\/person\/image\/","url":"https:\/\/secure.gravatar.com\/avatar\/dc1481799a1f75c733ac3b2634cd6749?s=96&d=mm&r=g","contentUrl":"https:\/\/secure.gravatar.com\/avatar\/dc1481799a1f75c733ac3b2634cd6749?s=96&d=mm&r=g","caption":"Maur\u00edcio Freire"}}]}},"_links":{"self":[{"href":"https:\/\/www.manaus.am.gov.br\/semulsp\/wp-json\/wp\/v2\/posts\/1996"}],"collection":[{"href":"https:\/\/www.manaus.am.gov.br\/semulsp\/wp-json\/wp\/v2\/posts"}],"about":[{"href":"https:\/\/www.manaus.am.gov.br\/semulsp\/wp-json\/wp\/v2\/types\/post"}],"author":[{"embeddable":true,"href":"https:\/\/www.manaus.am.gov.br\/semulsp\/wp-json\/wp\/v2\/users\/25"}],"replies":[{"embeddable":true,"href":"https:\/\/www.manaus.am.gov.br\/semulsp\/wp-json\/wp\/v2\/comments?post=1996"}],"version-history":[{"count":0,"href":"https:\/\/www.manaus.am.gov.br\/semulsp\/wp-json\/wp\/v2\/posts\/1996\/revisions"}],"wp:featuredmedia":[{"embeddable":true,"href":"https:\/\/www.manaus.am.gov.br\/semulsp\/wp-json\/wp\/v2\/media\/1997"}],"wp:attachment":[{"href":"https:\/\/www.manaus.am.gov.br\/semulsp\/wp-json\/wp\/v2\/media?parent=1996"}],"wp:term":[{"taxonomy":"category","embeddable":true,"href":"https:\/\/www.manaus.am.gov.br\/semulsp\/wp-json\/wp\/v2\/categories?post=1996"},{"taxonomy":"post_tag","embeddable":true,"href":"https:\/\/www.manaus.am.gov.br\/semulsp\/wp-json\/wp\/v2\/tags?post=1996"}],"curies":[{"name":"wp","href":"https:\/\/api.w.org\/{rel}","templated":true}]}}