{"id":1926,"date":"2025-03-27T19:39:50","date_gmt":"2025-03-27T23:39:50","guid":{"rendered":"https:\/\/www.manaus.am.gov.br\/semulsp\/frente-de-trabalho-no-trecho-do-igarape-do-mindu\/"},"modified":"2025-03-27T19:39:52","modified_gmt":"2025-03-27T23:39:52","slug":"frente-de-trabalho-no-trecho-do-igarape-do-mindu","status":"publish","type":"post","link":"https:\/\/www.manaus.am.gov.br\/semulsp\/frente-de-trabalho-no-trecho-do-igarape-do-mindu\/","title":{"rendered":"Prefeitura amplia frente de trabalho no trecho do igarap\u00e9 do Mindu, no bairro Novo Aleixo"},"content":{"rendered":"\n<p><strong><br><\/strong>A Prefeitura de Manaus, por meio da Secretaria Municipal de Limpeza Urbana (Semulsp), est\u00e1 ampliando a frente de trabalho que j\u00e1 vem sendo realizada no trecho do igarap\u00e9 do Mindu, localizado ao lado do parque Gigantes da Floresta, na avenida Alphaville, no bairro Novo Aleixo. Esse trecho \u00e9 respons\u00e1vel por receber as \u00e1guas de diversos bairros, incluindo S\u00e3o Jos\u00e9, Tancredo Neves, Novo Aleixo, al\u00e9m de Mutir\u00e3o, Nossa Senhora de F\u00e1tima e outros.<br><br>A a\u00e7\u00e3o, que j\u00e1 inclui desassoreamento e dragagem, ser\u00e1 intensificada para melhorar ainda mais o escoamento das \u00e1guas da chuva e a qualidade ambiental da \u00e1rea, especialmente com o per\u00edodo de fortes chuvas que Manaus tem enfrentado, devido ao severo inverno amaz\u00f4nico.<br><br>Al\u00e9m dos trabalhos em andamento, como a limpeza dos bueiros que fazem o escoamento das \u00e1guas para o igarap\u00e9, a a\u00e7\u00e3o de limpeza, realizada na sexta-feira, 28\/3, tamb\u00e9m contemplar\u00e1 remo\u00e7\u00e3o de res\u00edduos e objetos descartados irregularmente, capina, poda de \u00e1rvores e a elimina\u00e7\u00e3o de focos de lixeira irregular. A Semulsp busca garantir um ambiente mais limpo, saud\u00e1vel e seguro para os moradores da regi\u00e3o.<br><br>\u201cEstamos realizando um trabalho intenso para garantir que o escoamento das \u00e1guas da chuva seja otimizado, especialmente nesse per\u00edodo de inverno rigoroso, que tem trazido fortes chuvas. A amplia\u00e7\u00e3o dessa frente de trabalho visa evitar alagamentos e outros transtornos. Quero destacar o apoio e compromisso do prefeito David Almeida em garantir que nossa cidade tenha um ambiente mais limpo e seguro, com o trabalho constante da Semulsp nas \u00e1reas mais impactadas pela chuva\u201d, afirmou o secret\u00e1rio da Semulsp, Sab\u00e1 Reis.<br><br>Os materiais retirados durante a a\u00e7\u00e3o ser\u00e3o encaminhados para o Aterro Municipal de Manaus, garantindo o correto destino dos res\u00edduos. A Prefeitura de Manaus refor\u00e7a a import\u00e2ncia da colabora\u00e7\u00e3o da popula\u00e7\u00e3o para o descarte correto de lixo e a preserva\u00e7\u00e3o dos espa\u00e7os p\u00fablicos.<br><br>Com essa a\u00e7\u00e3o, a Prefeitura continua trabalhando para tornar Manaus uma cidade mais limpa e bem cuidada, al\u00e9m de preservar o meio ambiente e melhorar a qualidade de vida dos manauaras.<\/p>\n\n\n\n<p>&#8212; &#8212; &#8212;<\/p>\n\n\n\n<p><strong>Texto <\/strong>&#8211; Dora Tupinamb\u00e1\/Semulsp<\/p>\n\n\n\n<p><strong>Fotos \u2013<\/strong> Gabriel Smith\/Semulsp<\/p>\n","protected":false},"excerpt":{"rendered":"","protected":false},"author":68,"featured_media":1927,"comment_status":"closed","ping_status":"closed","sticky":false,"template":"","format":"standard","meta":{"footnotes":""},"categories":[132],"tags":[676,10,499],"acf":[],"yoast_head":"<!-- This site is optimized with the Yoast SEO plugin v23.0 - https:\/\/yoast.com\/wordpress\/plugins\/seo\/ -->\n<title>Prefeitura amplia frente de trabalho no trecho do igarap\u00e9 do Mindu, no bairro Novo Aleixo<\/title>\n<meta name=\"description\" content=\"A Prefeitura de Manaus, por meio da Secretaria Municipal de Limpeza Urbana (Semulsp), est\u00e1 ampliando a frente de trabalho que j\u00e1 vem sendo realizada no trecho do igarap\u00e9 do Mindu, localizado ao lado do parque Gigantes da Floresta, na avenida Alphaville, no bairro Novo Aleixo.\" \/>\n<meta name=\"robots\" content=\"noindex, follow\" \/>\n<meta property=\"og:locale\" content=\"pt_BR\" \/>\n<meta property=\"og:type\" content=\"article\" \/>\n<meta property=\"og:title\" content=\"Prefeitura amplia frente de trabalho no trecho do igarap\u00e9 do Mindu, no bairro Novo Aleixo\" \/>\n<meta property=\"og:description\" content=\"A Prefeitura de Manaus, por meio da Secretaria Municipal de Limpeza Urbana (Semulsp), est\u00e1 ampliando a frente de trabalho que j\u00e1 vem sendo realizada no trecho do igarap\u00e9 do Mindu, localizado ao lado do parque Gigantes da Floresta, na avenida Alphaville, no bairro Novo Aleixo.\" \/>\n<meta property=\"og:url\" content=\"https:\/\/www.manaus.am.gov.br\/semulsp\/frente-de-trabalho-no-trecho-do-igarape-do-mindu\/\" \/>\n<meta property=\"og:site_name\" content=\"SEMULSP\" \/>\n<meta property=\"article:publisher\" content=\"https:\/\/www.facebook.com\/semulspmanaus\" \/>\n<meta property=\"article:published_time\" content=\"2025-03-27T23:39:50+00:00\" \/>\n<meta property=\"article:modified_time\" content=\"2025-03-27T23:39:52+00:00\" \/>\n<meta property=\"og:image\" content=\"https:\/\/www.manaus.am.gov.br\/semulsp\/wp-content\/uploads\/sites\/23\/2025\/03\/WhatsApp-Image-2025-03-27-at-16.30.25.jpeg\" \/>\n\t<meta property=\"og:image:width\" content=\"1599\" \/>\n\t<meta property=\"og:image:height\" content=\"899\" \/>\n\t<meta property=\"og:image:type\" content=\"image\/jpeg\" \/>\n<meta name=\"author\" content=\"bvalente\" \/>\n<meta name=\"twitter:card\" content=\"summary_large_image\" \/>\n<meta name=\"twitter:label1\" content=\"Written by\" \/>\n\t<meta name=\"twitter:data1\" content=\"bvalente\" \/>\n\t<meta name=\"twitter:label2\" content=\"Est. reading time\" \/>\n\t<meta name=\"twitter:data2\" content=\"3 minutos\" \/>\n<script type=\"application\/ld+json\" class=\"yoast-schema-graph\">{\"@context\":\"https:\/\/schema.org\",\"@graph\":[{\"@type\":\"Article\",\"@id\":\"https:\/\/www.manaus.am.gov.br\/semulsp\/frente-de-trabalho-no-trecho-do-igarape-do-mindu\/#article\",\"isPartOf\":{\"@id\":\"https:\/\/www.manaus.am.gov.br\/semulsp\/frente-de-trabalho-no-trecho-do-igarape-do-mindu\/\"},\"author\":{\"name\":\"bvalente\",\"@id\":\"https:\/\/www.manaus.am.gov.br\/semulsp\/#\/schema\/person\/466a0e03ae4b6062809046bd560ac955\"},\"headline\":\"Prefeitura amplia frente de trabalho no trecho do igarap\u00e9 do Mindu, no bairro Novo Aleixo\",\"datePublished\":\"2025-03-27T23:39:50+00:00\",\"dateModified\":\"2025-03-27T23:39:52+00:00\",\"mainEntityOfPage\":{\"@id\":\"https:\/\/www.manaus.am.gov.br\/semulsp\/frente-de-trabalho-no-trecho-do-igarape-do-mindu\/\"},\"wordCount\":388,\"publisher\":{\"@id\":\"https:\/\/www.manaus.am.gov.br\/semulsp\/#organization\"},\"image\":{\"@id\":\"https:\/\/www.manaus.am.gov.br\/semulsp\/frente-de-trabalho-no-trecho-do-igarape-do-mindu\/#primaryimage\"},\"thumbnailUrl\":\"https:\/\/www.manaus.am.gov.br\/semulsp\/wp-content\/uploads\/sites\/23\/2025\/03\/WhatsApp-Image-2025-03-27-at-16.30.25.jpeg\",\"keywords\":[\"frente de trabalho no trecho do igarap\u00e9 do Mindu\",\"prefeitura de manaus\",\"Semulsp. Prefeitura de Manaus\"],\"articleSection\":[\"Preserva\u00e7\u00e3o\"],\"inLanguage\":\"pt-BR\"},{\"@type\":\"WebPage\",\"@id\":\"https:\/\/www.manaus.am.gov.br\/semulsp\/frente-de-trabalho-no-trecho-do-igarape-do-mindu\/\",\"url\":\"https:\/\/www.manaus.am.gov.br\/semulsp\/frente-de-trabalho-no-trecho-do-igarape-do-mindu\/\",\"name\":\"Prefeitura amplia frente de trabalho no trecho do igarap\u00e9 do Mindu, no bairro Novo Aleixo\",\"isPartOf\":{\"@id\":\"https:\/\/www.manaus.am.gov.br\/semulsp\/#website\"},\"primaryImageOfPage\":{\"@id\":\"https:\/\/www.manaus.am.gov.br\/semulsp\/frente-de-trabalho-no-trecho-do-igarape-do-mindu\/#primaryimage\"},\"image\":{\"@id\":\"https:\/\/www.manaus.am.gov.br\/semulsp\/frente-de-trabalho-no-trecho-do-igarape-do-mindu\/#primaryimage\"},\"thumbnailUrl\":\"https:\/\/www.manaus.am.gov.br\/semulsp\/wp-content\/uploads\/sites\/23\/2025\/03\/WhatsApp-Image-2025-03-27-at-16.30.25.jpeg\",\"datePublished\":\"2025-03-27T23:39:50+00:00\",\"dateModified\":\"2025-03-27T23:39:52+00:00\",\"description\":\"A Prefeitura de Manaus, por meio da Secretaria Municipal de Limpeza Urbana (Semulsp), est\u00e1 ampliando a frente de trabalho que j\u00e1 vem sendo realizada no trecho do igarap\u00e9 do Mindu, localizado ao lado do parque Gigantes da Floresta, na avenida Alphaville, no bairro Novo Aleixo.\",\"breadcrumb\":{\"@id\":\"https:\/\/www.manaus.am.gov.br\/semulsp\/frente-de-trabalho-no-trecho-do-igarape-do-mindu\/#breadcrumb\"},\"inLanguage\":\"pt-BR\",\"potentialAction\":[{\"@type\":\"ReadAction\",\"target\":[\"https:\/\/www.manaus.am.gov.br\/semulsp\/frente-de-trabalho-no-trecho-do-igarape-do-mindu\/\"]}]},{\"@type\":\"ImageObject\",\"inLanguage\":\"pt-BR\",\"@id\":\"https:\/\/www.manaus.am.gov.br\/semulsp\/frente-de-trabalho-no-trecho-do-igarape-do-mindu\/#primaryimage\",\"url\":\"https:\/\/www.manaus.am.gov.br\/semulsp\/wp-content\/uploads\/sites\/23\/2025\/03\/WhatsApp-Image-2025-03-27-at-16.30.25.jpeg\",\"contentUrl\":\"https:\/\/www.manaus.am.gov.br\/semulsp\/wp-content\/uploads\/sites\/23\/2025\/03\/WhatsApp-Image-2025-03-27-at-16.30.25.jpeg\",\"width\":1599,\"height\":899},{\"@type\":\"BreadcrumbList\",\"@id\":\"https:\/\/www.manaus.am.gov.br\/semulsp\/frente-de-trabalho-no-trecho-do-igarape-do-mindu\/#breadcrumb\",\"itemListElement\":[{\"@type\":\"ListItem\",\"position\":1,\"name\":\"Home\",\"item\":\"https:\/\/www.manaus.am.gov.br\/semulsp\/\"},{\"@type\":\"ListItem\",\"position\":2,\"name\":\"Prefeitura amplia frente de trabalho no trecho do igarap\u00e9 do Mindu, no bairro Novo Aleixo\"}]},{\"@type\":\"WebSite\",\"@id\":\"https:\/\/www.manaus.am.gov.br\/semulsp\/#website\",\"url\":\"https:\/\/www.manaus.am.gov.br\/semulsp\/\",\"name\":\"SEMULSP\",\"description\":\"Prefeitura de Manaus\",\"publisher\":{\"@id\":\"https:\/\/www.manaus.am.gov.br\/semulsp\/#organization\"},\"alternateName\":\"Secretaria Municipal de Limpeza P\u00fablica\",\"potentialAction\":[{\"@type\":\"SearchAction\",\"target\":{\"@type\":\"EntryPoint\",\"urlTemplate\":\"https:\/\/www.manaus.am.gov.br\/semulsp\/?s={search_term_string}\"},\"query-input\":\"required name=search_term_string\"}],\"inLanguage\":\"pt-BR\"},{\"@type\":\"Organization\",\"@id\":\"https:\/\/www.manaus.am.gov.br\/semulsp\/#organization\",\"name\":\"SEMULSP\",\"alternateName\":\"Secretaria Municipal de Limpeza P\u00fablica\",\"url\":\"https:\/\/www.manaus.am.gov.br\/semulsp\/\",\"logo\":{\"@type\":\"ImageObject\",\"inLanguage\":\"pt-BR\",\"@id\":\"https:\/\/www.manaus.am.gov.br\/semulsp\/#\/schema\/logo\/image\/\",\"url\":\"https:\/\/www.manaus.am.gov.br\/semulsp\/wp-content\/uploads\/sites\/23\/2023\/05\/cropped-favicon.png\",\"contentUrl\":\"https:\/\/www.manaus.am.gov.br\/semulsp\/wp-content\/uploads\/sites\/23\/2023\/05\/cropped-favicon.png\",\"width\":512,\"height\":512,\"caption\":\"SEMULSP\"},\"image\":{\"@id\":\"https:\/\/www.manaus.am.gov.br\/semulsp\/#\/schema\/logo\/image\/\"},\"sameAs\":[\"https:\/\/www.facebook.com\/semulspmanaus\",\"https:\/\/www.instagram.com\/semulspmanaus\/\"]},{\"@type\":\"Person\",\"@id\":\"https:\/\/www.manaus.am.gov.br\/semulsp\/#\/schema\/person\/466a0e03ae4b6062809046bd560ac955\",\"name\":\"bvalente\",\"image\":{\"@type\":\"ImageObject\",\"inLanguage\":\"pt-BR\",\"@id\":\"https:\/\/www.manaus.am.gov.br\/semulsp\/#\/schema\/person\/image\/\",\"url\":\"https:\/\/secure.gravatar.com\/avatar\/3e69bc2b014bdad41adfec3a39de07d2?s=96&d=mm&r=g\",\"contentUrl\":\"https:\/\/secure.gravatar.com\/avatar\/3e69bc2b014bdad41adfec3a39de07d2?s=96&d=mm&r=g\",\"caption\":\"bvalente\"}}]}<\/script>\n<!-- \/ Yoast SEO plugin. -->","yoast_head_json":{"title":"Prefeitura amplia frente de trabalho no trecho do igarap\u00e9 do Mindu, no bairro Novo Aleixo","description":"A Prefeitura de Manaus, por meio da Secretaria Municipal de Limpeza Urbana (Semulsp), est\u00e1 ampliando a frente de trabalho que j\u00e1 vem sendo realizada no trecho do igarap\u00e9 do Mindu, localizado ao lado do parque Gigantes da Floresta, na avenida Alphaville, no bairro Novo Aleixo.","robots":{"index":"noindex","follow":"follow"},"og_locale":"pt_BR","og_type":"article","og_title":"Prefeitura amplia frente de trabalho no trecho do igarap\u00e9 do Mindu, no bairro Novo Aleixo","og_description":"A Prefeitura de Manaus, por meio da Secretaria Municipal de Limpeza Urbana (Semulsp), est\u00e1 ampliando a frente de trabalho que j\u00e1 vem sendo realizada no trecho do igarap\u00e9 do Mindu, localizado ao lado do parque Gigantes da Floresta, na avenida Alphaville, no bairro Novo Aleixo.","og_url":"https:\/\/www.manaus.am.gov.br\/semulsp\/frente-de-trabalho-no-trecho-do-igarape-do-mindu\/","og_site_name":"SEMULSP","article_publisher":"https:\/\/www.facebook.com\/semulspmanaus","article_published_time":"2025-03-27T23:39:50+00:00","article_modified_time":"2025-03-27T23:39:52+00:00","og_image":[{"width":1599,"height":899,"url":"https:\/\/www.manaus.am.gov.br\/semulsp\/wp-content\/uploads\/sites\/23\/2025\/03\/WhatsApp-Image-2025-03-27-at-16.30.25.jpeg","type":"image\/jpeg"}],"author":"bvalente","twitter_card":"summary_large_image","twitter_misc":{"Written by":"bvalente","Est. reading time":"3 minutos"},"schema":{"@context":"https:\/\/schema.org","@graph":[{"@type":"Article","@id":"https:\/\/www.manaus.am.gov.br\/semulsp\/frente-de-trabalho-no-trecho-do-igarape-do-mindu\/#article","isPartOf":{"@id":"https:\/\/www.manaus.am.gov.br\/semulsp\/frente-de-trabalho-no-trecho-do-igarape-do-mindu\/"},"author":{"name":"bvalente","@id":"https:\/\/www.manaus.am.gov.br\/semulsp\/#\/schema\/person\/466a0e03ae4b6062809046bd560ac955"},"headline":"Prefeitura amplia frente de trabalho no trecho do igarap\u00e9 do Mindu, no bairro Novo Aleixo","datePublished":"2025-03-27T23:39:50+00:00","dateModified":"2025-03-27T23:39:52+00:00","mainEntityOfPage":{"@id":"https:\/\/www.manaus.am.gov.br\/semulsp\/frente-de-trabalho-no-trecho-do-igarape-do-mindu\/"},"wordCount":388,"publisher":{"@id":"https:\/\/www.manaus.am.gov.br\/semulsp\/#organization"},"image":{"@id":"https:\/\/www.manaus.am.gov.br\/semulsp\/frente-de-trabalho-no-trecho-do-igarape-do-mindu\/#primaryimage"},"thumbnailUrl":"https:\/\/www.manaus.am.gov.br\/semulsp\/wp-content\/uploads\/sites\/23\/2025\/03\/WhatsApp-Image-2025-03-27-at-16.30.25.jpeg","keywords":["frente de trabalho no trecho do igarap\u00e9 do Mindu","prefeitura de manaus","Semulsp. Prefeitura de Manaus"],"articleSection":["Preserva\u00e7\u00e3o"],"inLanguage":"pt-BR"},{"@type":"WebPage","@id":"https:\/\/www.manaus.am.gov.br\/semulsp\/frente-de-trabalho-no-trecho-do-igarape-do-mindu\/","url":"https:\/\/www.manaus.am.gov.br\/semulsp\/frente-de-trabalho-no-trecho-do-igarape-do-mindu\/","name":"Prefeitura amplia frente de trabalho no trecho do igarap\u00e9 do Mindu, no bairro Novo Aleixo","isPartOf":{"@id":"https:\/\/www.manaus.am.gov.br\/semulsp\/#website"},"primaryImageOfPage":{"@id":"https:\/\/www.manaus.am.gov.br\/semulsp\/frente-de-trabalho-no-trecho-do-igarape-do-mindu\/#primaryimage"},"image":{"@id":"https:\/\/www.manaus.am.gov.br\/semulsp\/frente-de-trabalho-no-trecho-do-igarape-do-mindu\/#primaryimage"},"thumbnailUrl":"https:\/\/www.manaus.am.gov.br\/semulsp\/wp-content\/uploads\/sites\/23\/2025\/03\/WhatsApp-Image-2025-03-27-at-16.30.25.jpeg","datePublished":"2025-03-27T23:39:50+00:00","dateModified":"2025-03-27T23:39:52+00:00","description":"A Prefeitura de Manaus, por meio da Secretaria Municipal de Limpeza Urbana (Semulsp), est\u00e1 ampliando a frente de trabalho que j\u00e1 vem sendo realizada no trecho do igarap\u00e9 do Mindu, localizado ao lado do parque Gigantes da Floresta, na avenida Alphaville, no bairro Novo Aleixo.","breadcrumb":{"@id":"https:\/\/www.manaus.am.gov.br\/semulsp\/frente-de-trabalho-no-trecho-do-igarape-do-mindu\/#breadcrumb"},"inLanguage":"pt-BR","potentialAction":[{"@type":"ReadAction","target":["https:\/\/www.manaus.am.gov.br\/semulsp\/frente-de-trabalho-no-trecho-do-igarape-do-mindu\/"]}]},{"@type":"ImageObject","inLanguage":"pt-BR","@id":"https:\/\/www.manaus.am.gov.br\/semulsp\/frente-de-trabalho-no-trecho-do-igarape-do-mindu\/#primaryimage","url":"https:\/\/www.manaus.am.gov.br\/semulsp\/wp-content\/uploads\/sites\/23\/2025\/03\/WhatsApp-Image-2025-03-27-at-16.30.25.jpeg","contentUrl":"https:\/\/www.manaus.am.gov.br\/semulsp\/wp-content\/uploads\/sites\/23\/2025\/03\/WhatsApp-Image-2025-03-27-at-16.30.25.jpeg","width":1599,"height":899},{"@type":"BreadcrumbList","@id":"https:\/\/www.manaus.am.gov.br\/semulsp\/frente-de-trabalho-no-trecho-do-igarape-do-mindu\/#breadcrumb","itemListElement":[{"@type":"ListItem","position":1,"name":"Home","item":"https:\/\/www.manaus.am.gov.br\/semulsp\/"},{"@type":"ListItem","position":2,"name":"Prefeitura amplia frente de trabalho no trecho do igarap\u00e9 do Mindu, no bairro Novo Aleixo"}]},{"@type":"WebSite","@id":"https:\/\/www.manaus.am.gov.br\/semulsp\/#website","url":"https:\/\/www.manaus.am.gov.br\/semulsp\/","name":"SEMULSP","description":"Prefeitura de Manaus","publisher":{"@id":"https:\/\/www.manaus.am.gov.br\/semulsp\/#organization"},"alternateName":"Secretaria Municipal de Limpeza P\u00fablica","potentialAction":[{"@type":"SearchAction","target":{"@type":"EntryPoint","urlTemplate":"https:\/\/www.manaus.am.gov.br\/semulsp\/?s={search_term_string}"},"query-input":"required name=search_term_string"}],"inLanguage":"pt-BR"},{"@type":"Organization","@id":"https:\/\/www.manaus.am.gov.br\/semulsp\/#organization","name":"SEMULSP","alternateName":"Secretaria Municipal de Limpeza P\u00fablica","url":"https:\/\/www.manaus.am.gov.br\/semulsp\/","logo":{"@type":"ImageObject","inLanguage":"pt-BR","@id":"https:\/\/www.manaus.am.gov.br\/semulsp\/#\/schema\/logo\/image\/","url":"https:\/\/www.manaus.am.gov.br\/semulsp\/wp-content\/uploads\/sites\/23\/2023\/05\/cropped-favicon.png","contentUrl":"https:\/\/www.manaus.am.gov.br\/semulsp\/wp-content\/uploads\/sites\/23\/2023\/05\/cropped-favicon.png","width":512,"height":512,"caption":"SEMULSP"},"image":{"@id":"https:\/\/www.manaus.am.gov.br\/semulsp\/#\/schema\/logo\/image\/"},"sameAs":["https:\/\/www.facebook.com\/semulspmanaus","https:\/\/www.instagram.com\/semulspmanaus\/"]},{"@type":"Person","@id":"https:\/\/www.manaus.am.gov.br\/semulsp\/#\/schema\/person\/466a0e03ae4b6062809046bd560ac955","name":"bvalente","image":{"@type":"ImageObject","inLanguage":"pt-BR","@id":"https:\/\/www.manaus.am.gov.br\/semulsp\/#\/schema\/person\/image\/","url":"https:\/\/secure.gravatar.com\/avatar\/3e69bc2b014bdad41adfec3a39de07d2?s=96&d=mm&r=g","contentUrl":"https:\/\/secure.gravatar.com\/avatar\/3e69bc2b014bdad41adfec3a39de07d2?s=96&d=mm&r=g","caption":"bvalente"}}]}},"_links":{"self":[{"href":"https:\/\/www.manaus.am.gov.br\/semulsp\/wp-json\/wp\/v2\/posts\/1926"}],"collection":[{"href":"https:\/\/www.manaus.am.gov.br\/semulsp\/wp-json\/wp\/v2\/posts"}],"about":[{"href":"https:\/\/www.manaus.am.gov.br\/semulsp\/wp-json\/wp\/v2\/types\/post"}],"author":[{"embeddable":true,"href":"https:\/\/www.manaus.am.gov.br\/semulsp\/wp-json\/wp\/v2\/users\/68"}],"replies":[{"embeddable":true,"href":"https:\/\/www.manaus.am.gov.br\/semulsp\/wp-json\/wp\/v2\/comments?post=1926"}],"version-history":[{"count":0,"href":"https:\/\/www.manaus.am.gov.br\/semulsp\/wp-json\/wp\/v2\/posts\/1926\/revisions"}],"wp:featuredmedia":[{"embeddable":true,"href":"https:\/\/www.manaus.am.gov.br\/semulsp\/wp-json\/wp\/v2\/media\/1927"}],"wp:attachment":[{"href":"https:\/\/www.manaus.am.gov.br\/semulsp\/wp-json\/wp\/v2\/media?parent=1926"}],"wp:term":[{"taxonomy":"category","embeddable":true,"href":"https:\/\/www.manaus.am.gov.br\/semulsp\/wp-json\/wp\/v2\/categories?post=1926"},{"taxonomy":"post_tag","embeddable":true,"href":"https:\/\/www.manaus.am.gov.br\/semulsp\/wp-json\/wp\/v2\/tags?post=1926"}],"curies":[{"name":"wp","href":"https:\/\/api.w.org\/{rel}","templated":true}]}}