{"id":1884,"date":"2025-03-18T16:50:52","date_gmt":"2025-03-18T20:50:52","guid":{"rendered":"https:\/\/www.manaus.am.gov.br\/semulsp\/revitalizacao-lagoa-do-bombeamento\/"},"modified":"2025-03-18T16:51:18","modified_gmt":"2025-03-18T20:51:18","slug":"revitalizacao-lagoa-do-bombeamento","status":"publish","type":"post","link":"https:\/\/www.manaus.am.gov.br\/semulsp\/revitalizacao-lagoa-do-bombeamento\/","title":{"rendered":"Revitaliza\u00e7\u00e3o da lagoa do Bombeamento avan\u00e7a com plantio de mudas e defini\u00e7\u00e3o de espa\u00e7o gastron\u00f4mico"},"content":{"rendered":"\n<p><br>A revitaliza\u00e7\u00e3o da lagoa e do igarap\u00e9 do Bombeamento, na zona Oeste de Manaus, entrou em uma nova fase nesta ter\u00e7a-feira, 18\/3, com o in\u00edcio do plantio de 150 novas mudas e a defini\u00e7\u00e3o da \u00e1rea onde funcionar\u00e1 um espa\u00e7o gastron\u00f4mico. A iniciativa, da Prefeitura de Manaus, coordenada pela Secretaria Municipal de Limpeza Urbana (Semulsp), ganhou o refor\u00e7o da Secretaria Municipal de Meio Ambiente, Sustentabilidade e Mudan\u00e7a do Clima (SemmasClima) e da Secretaria Municipal de Agricultura, Com\u00e9rcio e Abastecimento (Semacc).<br><br>O plantio das \u00e1rvores tem o objetivo de ampliar a cobertura vegetal do entorno da lagoa, proteger suas margens e atrair a fauna local. Entre as esp\u00e9cies que est\u00e3o sendo introduzidas na \u00e1rea est\u00e3o munguba, ing\u00e1, a\u00e7a\u00ed, buriti, manga, oiti e pata de vaca, \u00e1rvores nativas e adaptadas ao ecossistema da regi\u00e3o.<br><br>De acordo com o titular da Semmasclima, Fransu\u00e1 Matos, a a\u00e7\u00e3o conjunta representa um avan\u00e7o na recupera\u00e7\u00e3o ambiental da \u00e1rea.<br><br>&#8220;Essa \u00e9 uma a\u00e7\u00e3o integrada de diversas secretarias, determinada pelo prefeito David Almeida. O plantio dessas \u00e1rvores proporcionar\u00e1 maior conforto t\u00e9rmico para os frequentadores, beneficiar\u00e1 a fauna e contribuir\u00e1 para a recupera\u00e7\u00e3o de uma \u00e1rea historicamente pouco arborizada em Manaus&#8221;, destacou.<br><br><strong>Espa\u00e7o gastron\u00f4mico <br><br><\/strong>Al\u00e9m da recupera\u00e7\u00e3o ambiental, o projeto prev\u00ea a instala\u00e7\u00e3o de uma pra\u00e7a de alimenta\u00e7\u00e3o, que ser\u00e1 implementada com o apoio da Semacc. O secret\u00e1rio da pasta, Wanderson Costa, esteve no local ao lado do titular da Semulsp, Sab\u00e1 Reis, para definir os espa\u00e7os destinados \u00e0 \u00e1rea gastron\u00f4mica.<br><br>Para Sab\u00e1 Reis, a revitaliza\u00e7\u00e3o tem transformado a paisagem da lagoa do Bombeamento e despertado o interesse da popula\u00e7\u00e3o, que j\u00e1 come\u00e7a a utilizar o espa\u00e7o.<br><br>&#8220;Esse espa\u00e7o, que antes passava despercebido, tem chamado a aten\u00e7\u00e3o. As pessoas j\u00e1 come\u00e7am a frequent\u00e1-lo antes mesmo da entrega oficial, que ser\u00e1 no dia 1\u00ba de maio. Estamos criando oportunidades para que a popula\u00e7\u00e3o tenha um ambiente digno e bem estruturado&#8221;, afirmou.<br><br>O projeto de revitaliza\u00e7\u00e3o prev\u00ea ainda a despolui\u00e7\u00e3o gradativa da lagoa, com o suporte do Instituto Jatob\u00e1. Segundo Sab\u00e1 Reis, a proposta inclui a soltura de 100 pirarucus e 12 mil tambaquis, com a proibi\u00e7\u00e3o da pesca predat\u00f3ria.<br><br>&#8220;Aqui tem vida, tem til\u00e1pia, tem tracaj\u00e1, e queremos fortalecer ainda mais essa fauna. A pesca ser\u00e1 permitida apenas no sistema &#8216;pesque e solte&#8217;, garantindo o equil\u00edbrio do ecossistema&#8221;, explicou o secret\u00e1rio.<br><br>A \u00e1rea revitalizada tamb\u00e9m contar\u00e1 com pista de caminhada, academia ao ar livre, quadra esportiva restaurada, pra\u00e7a molhada, e espa\u00e7o para pet. Outra medida implementada na lagoa do Bombeamento foi a instala\u00e7\u00e3o de uma ecobarreira, a 11\u00aa da gest\u00e3o do prefeito David Almeida, com o objetivo de manter o igarap\u00e9 limpo e livre de res\u00edduos. Al\u00e9m disso, a Prefeitura de Manaus mant\u00e9m uma equipe permanente de limpeza no local, garantindo a manuten\u00e7\u00e3o do espa\u00e7o em dois turnos di\u00e1rios.<br><br>&#8220;A comunidade tem participado ativamente desse processo, reconhecendo os esfor\u00e7os da prefeitura e colaborando com a conserva\u00e7\u00e3o do espa\u00e7o. O que queremos \u00e9 que essa parceria continue, para que possamos manter esse local limpo e bem cuidado&#8221;, destacou Sab\u00e1 Reis.<br><br>Com o avan\u00e7o das obras, a lagoa do Bombeamento se consolida como um novo espa\u00e7o de lazer e sustentabilidade para os moradores de Manaus. A inaugura\u00e7\u00e3o est\u00e1 prevista para o dia 1\u00ba de maio, quando a popula\u00e7\u00e3o poder\u00e1 usufruir da nova infraestrutura e dos benef\u00edcios ambientais gerados pelo projeto.<\/p>\n\n\n\n<p>\u2014 \u2014 \u2014<br><strong>Texto &#8211; <\/strong>Dora Tupinamb\u00e1 \/Semulsp<br><strong>Fotos &#8211;<\/strong> Cl\u00f3vis Miranda \/Semcom<br><strong>Dispon\u00edveis em &#8211; <\/strong><a href=\"https:\/\/flic.kr\/s\/aHBqjC5SUt\">https:\/\/flic.kr\/s\/aHBqjC5SUt<\/a><\/p>\n","protected":false},"excerpt":{"rendered":"","protected":false},"author":68,"featured_media":1885,"comment_status":"closed","ping_status":"closed","sticky":false,"template":"","format":"standard","meta":{"footnotes":""},"categories":[40],"tags":[655,656,10,657,499],"acf":[],"yoast_head":"<!-- This site is optimized with the Yoast SEO plugin v23.0 - https:\/\/yoast.com\/wordpress\/plugins\/seo\/ -->\n<title>Revitaliza\u00e7\u00e3o da lagoa do Bombeamento avan\u00e7a com plantio de mudas e defini\u00e7\u00e3o de espa\u00e7o gastron\u00f4mico<\/title>\n<meta name=\"description\" content=\"A revitaliza\u00e7\u00e3o da lagoa e do igarap\u00e9 do Bombeamento, na zona Oeste de Manaus, entrou em uma nova fase nesta ter\u00e7a-feira, 18\/3, com o in\u00edcio do plantio de 150 novas mudas e a defini\u00e7\u00e3o da \u00e1rea onde funcionar\u00e1 um espa\u00e7o gastron\u00f4mico.\" \/>\n<meta name=\"robots\" content=\"noindex, follow\" \/>\n<meta property=\"og:locale\" content=\"pt_BR\" \/>\n<meta property=\"og:type\" content=\"article\" \/>\n<meta property=\"og:title\" content=\"Revitaliza\u00e7\u00e3o da lagoa do Bombeamento avan\u00e7a com plantio de mudas e defini\u00e7\u00e3o de espa\u00e7o gastron\u00f4mico\" \/>\n<meta property=\"og:description\" content=\"A revitaliza\u00e7\u00e3o da lagoa e do igarap\u00e9 do Bombeamento, na zona Oeste de Manaus, entrou em uma nova fase nesta ter\u00e7a-feira, 18\/3, com o in\u00edcio do plantio de 150 novas mudas e a defini\u00e7\u00e3o da \u00e1rea onde funcionar\u00e1 um espa\u00e7o gastron\u00f4mico.\" \/>\n<meta property=\"og:url\" content=\"https:\/\/www.manaus.am.gov.br\/semulsp\/revitalizacao-lagoa-do-bombeamento\/\" \/>\n<meta property=\"og:site_name\" content=\"SEMULSP\" \/>\n<meta property=\"article:publisher\" content=\"https:\/\/www.facebook.com\/semulspmanaus\" \/>\n<meta property=\"article:published_time\" content=\"2025-03-18T20:50:52+00:00\" \/>\n<meta property=\"article:modified_time\" content=\"2025-03-18T20:51:18+00:00\" \/>\n<meta property=\"og:image\" content=\"https:\/\/www.manaus.am.gov.br\/semulsp\/wp-content\/uploads\/sites\/23\/2025\/03\/Revitalizacao-da-lagoa-do-Bombeamento-avanca-com-plantio-de-mudas-e-definicao-de-espaco-gastronomico-2.jpg\" \/>\n\t<meta property=\"og:image:width\" content=\"799\" \/>\n\t<meta property=\"og:image:height\" content=\"533\" \/>\n\t<meta property=\"og:image:type\" content=\"image\/jpeg\" \/>\n<meta name=\"author\" content=\"bvalente\" \/>\n<meta name=\"twitter:card\" content=\"summary_large_image\" \/>\n<meta name=\"twitter:label1\" content=\"Written by\" \/>\n\t<meta name=\"twitter:data1\" content=\"bvalente\" \/>\n\t<meta name=\"twitter:label2\" content=\"Est. reading time\" \/>\n\t<meta name=\"twitter:data2\" content=\"4 minutos\" \/>\n<script type=\"application\/ld+json\" class=\"yoast-schema-graph\">{\"@context\":\"https:\/\/schema.org\",\"@graph\":[{\"@type\":\"Article\",\"@id\":\"https:\/\/www.manaus.am.gov.br\/semulsp\/revitalizacao-lagoa-do-bombeamento\/#article\",\"isPartOf\":{\"@id\":\"https:\/\/www.manaus.am.gov.br\/semulsp\/revitalizacao-lagoa-do-bombeamento\/\"},\"author\":{\"name\":\"bvalente\",\"@id\":\"https:\/\/www.manaus.am.gov.br\/semulsp\/#\/schema\/person\/466a0e03ae4b6062809046bd560ac955\"},\"headline\":\"Revitaliza\u00e7\u00e3o da lagoa do Bombeamento avan\u00e7a com plantio de mudas e defini\u00e7\u00e3o de espa\u00e7o gastron\u00f4mico\",\"datePublished\":\"2025-03-18T20:50:52+00:00\",\"dateModified\":\"2025-03-18T20:51:18+00:00\",\"mainEntityOfPage\":{\"@id\":\"https:\/\/www.manaus.am.gov.br\/semulsp\/revitalizacao-lagoa-do-bombeamento\/\"},\"wordCount\":644,\"publisher\":{\"@id\":\"https:\/\/www.manaus.am.gov.br\/semulsp\/#organization\"},\"image\":{\"@id\":\"https:\/\/www.manaus.am.gov.br\/semulsp\/revitalizacao-lagoa-do-bombeamento\/#primaryimage\"},\"thumbnailUrl\":\"https:\/\/www.manaus.am.gov.br\/semulsp\/wp-content\/uploads\/sites\/23\/2025\/03\/Revitalizacao-da-lagoa-do-Bombeamento-avanca-com-plantio-de-mudas-e-definicao-de-espaco-gastronomico-2.jpg\",\"keywords\":[\"na zona Oeste de Manaus\",\"plantio de mudas e espa\u00e7o gastron\u00f4mico\",\"prefeitura de manaus\",\"revitaliza\u00e7\u00e3o da lagoa e do igarap\u00e9 do Bombeamento\",\"Semulsp. Prefeitura de Manaus\"],\"articleSection\":[\"Revitaliza\u00e7\u00e3o\"],\"inLanguage\":\"pt-BR\"},{\"@type\":\"WebPage\",\"@id\":\"https:\/\/www.manaus.am.gov.br\/semulsp\/revitalizacao-lagoa-do-bombeamento\/\",\"url\":\"https:\/\/www.manaus.am.gov.br\/semulsp\/revitalizacao-lagoa-do-bombeamento\/\",\"name\":\"Revitaliza\u00e7\u00e3o da lagoa do Bombeamento avan\u00e7a com plantio de mudas e defini\u00e7\u00e3o de espa\u00e7o gastron\u00f4mico\",\"isPartOf\":{\"@id\":\"https:\/\/www.manaus.am.gov.br\/semulsp\/#website\"},\"primaryImageOfPage\":{\"@id\":\"https:\/\/www.manaus.am.gov.br\/semulsp\/revitalizacao-lagoa-do-bombeamento\/#primaryimage\"},\"image\":{\"@id\":\"https:\/\/www.manaus.am.gov.br\/semulsp\/revitalizacao-lagoa-do-bombeamento\/#primaryimage\"},\"thumbnailUrl\":\"https:\/\/www.manaus.am.gov.br\/semulsp\/wp-content\/uploads\/sites\/23\/2025\/03\/Revitalizacao-da-lagoa-do-Bombeamento-avanca-com-plantio-de-mudas-e-definicao-de-espaco-gastronomico-2.jpg\",\"datePublished\":\"2025-03-18T20:50:52+00:00\",\"dateModified\":\"2025-03-18T20:51:18+00:00\",\"description\":\"A revitaliza\u00e7\u00e3o da lagoa e do igarap\u00e9 do Bombeamento, na zona Oeste de Manaus, entrou em uma nova fase nesta ter\u00e7a-feira, 18\/3, com o in\u00edcio do plantio de 150 novas mudas e a defini\u00e7\u00e3o da \u00e1rea onde funcionar\u00e1 um espa\u00e7o gastron\u00f4mico.\",\"breadcrumb\":{\"@id\":\"https:\/\/www.manaus.am.gov.br\/semulsp\/revitalizacao-lagoa-do-bombeamento\/#breadcrumb\"},\"inLanguage\":\"pt-BR\",\"potentialAction\":[{\"@type\":\"ReadAction\",\"target\":[\"https:\/\/www.manaus.am.gov.br\/semulsp\/revitalizacao-lagoa-do-bombeamento\/\"]}]},{\"@type\":\"ImageObject\",\"inLanguage\":\"pt-BR\",\"@id\":\"https:\/\/www.manaus.am.gov.br\/semulsp\/revitalizacao-lagoa-do-bombeamento\/#primaryimage\",\"url\":\"https:\/\/www.manaus.am.gov.br\/semulsp\/wp-content\/uploads\/sites\/23\/2025\/03\/Revitalizacao-da-lagoa-do-Bombeamento-avanca-com-plantio-de-mudas-e-definicao-de-espaco-gastronomico-2.jpg\",\"contentUrl\":\"https:\/\/www.manaus.am.gov.br\/semulsp\/wp-content\/uploads\/sites\/23\/2025\/03\/Revitalizacao-da-lagoa-do-Bombeamento-avanca-com-plantio-de-mudas-e-definicao-de-espaco-gastronomico-2.jpg\",\"width\":799,\"height\":533},{\"@type\":\"BreadcrumbList\",\"@id\":\"https:\/\/www.manaus.am.gov.br\/semulsp\/revitalizacao-lagoa-do-bombeamento\/#breadcrumb\",\"itemListElement\":[{\"@type\":\"ListItem\",\"position\":1,\"name\":\"Home\",\"item\":\"https:\/\/www.manaus.am.gov.br\/semulsp\/\"},{\"@type\":\"ListItem\",\"position\":2,\"name\":\"Revitaliza\u00e7\u00e3o da lagoa do Bombeamento avan\u00e7a com plantio de mudas e defini\u00e7\u00e3o de espa\u00e7o gastron\u00f4mico\"}]},{\"@type\":\"WebSite\",\"@id\":\"https:\/\/www.manaus.am.gov.br\/semulsp\/#website\",\"url\":\"https:\/\/www.manaus.am.gov.br\/semulsp\/\",\"name\":\"SEMULSP\",\"description\":\"Prefeitura de Manaus\",\"publisher\":{\"@id\":\"https:\/\/www.manaus.am.gov.br\/semulsp\/#organization\"},\"alternateName\":\"Secretaria Municipal de Limpeza P\u00fablica\",\"potentialAction\":[{\"@type\":\"SearchAction\",\"target\":{\"@type\":\"EntryPoint\",\"urlTemplate\":\"https:\/\/www.manaus.am.gov.br\/semulsp\/?s={search_term_string}\"},\"query-input\":\"required name=search_term_string\"}],\"inLanguage\":\"pt-BR\"},{\"@type\":\"Organization\",\"@id\":\"https:\/\/www.manaus.am.gov.br\/semulsp\/#organization\",\"name\":\"SEMULSP\",\"alternateName\":\"Secretaria Municipal de Limpeza P\u00fablica\",\"url\":\"https:\/\/www.manaus.am.gov.br\/semulsp\/\",\"logo\":{\"@type\":\"ImageObject\",\"inLanguage\":\"pt-BR\",\"@id\":\"https:\/\/www.manaus.am.gov.br\/semulsp\/#\/schema\/logo\/image\/\",\"url\":\"https:\/\/www.manaus.am.gov.br\/semulsp\/wp-content\/uploads\/sites\/23\/2023\/05\/cropped-favicon.png\",\"contentUrl\":\"https:\/\/www.manaus.am.gov.br\/semulsp\/wp-content\/uploads\/sites\/23\/2023\/05\/cropped-favicon.png\",\"width\":512,\"height\":512,\"caption\":\"SEMULSP\"},\"image\":{\"@id\":\"https:\/\/www.manaus.am.gov.br\/semulsp\/#\/schema\/logo\/image\/\"},\"sameAs\":[\"https:\/\/www.facebook.com\/semulspmanaus\",\"https:\/\/www.instagram.com\/semulspmanaus\/\"]},{\"@type\":\"Person\",\"@id\":\"https:\/\/www.manaus.am.gov.br\/semulsp\/#\/schema\/person\/466a0e03ae4b6062809046bd560ac955\",\"name\":\"bvalente\",\"image\":{\"@type\":\"ImageObject\",\"inLanguage\":\"pt-BR\",\"@id\":\"https:\/\/www.manaus.am.gov.br\/semulsp\/#\/schema\/person\/image\/\",\"url\":\"https:\/\/secure.gravatar.com\/avatar\/3e69bc2b014bdad41adfec3a39de07d2?s=96&d=mm&r=g\",\"contentUrl\":\"https:\/\/secure.gravatar.com\/avatar\/3e69bc2b014bdad41adfec3a39de07d2?s=96&d=mm&r=g\",\"caption\":\"bvalente\"}}]}<\/script>\n<!-- \/ Yoast SEO plugin. -->","yoast_head_json":{"title":"Revitaliza\u00e7\u00e3o da lagoa do Bombeamento avan\u00e7a com plantio de mudas e defini\u00e7\u00e3o de espa\u00e7o gastron\u00f4mico","description":"A revitaliza\u00e7\u00e3o da lagoa e do igarap\u00e9 do Bombeamento, na zona Oeste de Manaus, entrou em uma nova fase nesta ter\u00e7a-feira, 18\/3, com o in\u00edcio do plantio de 150 novas mudas e a defini\u00e7\u00e3o da \u00e1rea onde funcionar\u00e1 um espa\u00e7o gastron\u00f4mico.","robots":{"index":"noindex","follow":"follow"},"og_locale":"pt_BR","og_type":"article","og_title":"Revitaliza\u00e7\u00e3o da lagoa do Bombeamento avan\u00e7a com plantio de mudas e defini\u00e7\u00e3o de espa\u00e7o gastron\u00f4mico","og_description":"A revitaliza\u00e7\u00e3o da lagoa e do igarap\u00e9 do Bombeamento, na zona Oeste de Manaus, entrou em uma nova fase nesta ter\u00e7a-feira, 18\/3, com o in\u00edcio do plantio de 150 novas mudas e a defini\u00e7\u00e3o da \u00e1rea onde funcionar\u00e1 um espa\u00e7o gastron\u00f4mico.","og_url":"https:\/\/www.manaus.am.gov.br\/semulsp\/revitalizacao-lagoa-do-bombeamento\/","og_site_name":"SEMULSP","article_publisher":"https:\/\/www.facebook.com\/semulspmanaus","article_published_time":"2025-03-18T20:50:52+00:00","article_modified_time":"2025-03-18T20:51:18+00:00","og_image":[{"width":799,"height":533,"url":"https:\/\/www.manaus.am.gov.br\/semulsp\/wp-content\/uploads\/sites\/23\/2025\/03\/Revitalizacao-da-lagoa-do-Bombeamento-avanca-com-plantio-de-mudas-e-definicao-de-espaco-gastronomico-2.jpg","type":"image\/jpeg"}],"author":"bvalente","twitter_card":"summary_large_image","twitter_misc":{"Written by":"bvalente","Est. reading time":"4 minutos"},"schema":{"@context":"https:\/\/schema.org","@graph":[{"@type":"Article","@id":"https:\/\/www.manaus.am.gov.br\/semulsp\/revitalizacao-lagoa-do-bombeamento\/#article","isPartOf":{"@id":"https:\/\/www.manaus.am.gov.br\/semulsp\/revitalizacao-lagoa-do-bombeamento\/"},"author":{"name":"bvalente","@id":"https:\/\/www.manaus.am.gov.br\/semulsp\/#\/schema\/person\/466a0e03ae4b6062809046bd560ac955"},"headline":"Revitaliza\u00e7\u00e3o da lagoa do Bombeamento avan\u00e7a com plantio de mudas e defini\u00e7\u00e3o de espa\u00e7o gastron\u00f4mico","datePublished":"2025-03-18T20:50:52+00:00","dateModified":"2025-03-18T20:51:18+00:00","mainEntityOfPage":{"@id":"https:\/\/www.manaus.am.gov.br\/semulsp\/revitalizacao-lagoa-do-bombeamento\/"},"wordCount":644,"publisher":{"@id":"https:\/\/www.manaus.am.gov.br\/semulsp\/#organization"},"image":{"@id":"https:\/\/www.manaus.am.gov.br\/semulsp\/revitalizacao-lagoa-do-bombeamento\/#primaryimage"},"thumbnailUrl":"https:\/\/www.manaus.am.gov.br\/semulsp\/wp-content\/uploads\/sites\/23\/2025\/03\/Revitalizacao-da-lagoa-do-Bombeamento-avanca-com-plantio-de-mudas-e-definicao-de-espaco-gastronomico-2.jpg","keywords":["na zona Oeste de Manaus","plantio de mudas e espa\u00e7o gastron\u00f4mico","prefeitura de manaus","revitaliza\u00e7\u00e3o da lagoa e do igarap\u00e9 do Bombeamento","Semulsp. Prefeitura de Manaus"],"articleSection":["Revitaliza\u00e7\u00e3o"],"inLanguage":"pt-BR"},{"@type":"WebPage","@id":"https:\/\/www.manaus.am.gov.br\/semulsp\/revitalizacao-lagoa-do-bombeamento\/","url":"https:\/\/www.manaus.am.gov.br\/semulsp\/revitalizacao-lagoa-do-bombeamento\/","name":"Revitaliza\u00e7\u00e3o da lagoa do Bombeamento avan\u00e7a com plantio de mudas e defini\u00e7\u00e3o de espa\u00e7o gastron\u00f4mico","isPartOf":{"@id":"https:\/\/www.manaus.am.gov.br\/semulsp\/#website"},"primaryImageOfPage":{"@id":"https:\/\/www.manaus.am.gov.br\/semulsp\/revitalizacao-lagoa-do-bombeamento\/#primaryimage"},"image":{"@id":"https:\/\/www.manaus.am.gov.br\/semulsp\/revitalizacao-lagoa-do-bombeamento\/#primaryimage"},"thumbnailUrl":"https:\/\/www.manaus.am.gov.br\/semulsp\/wp-content\/uploads\/sites\/23\/2025\/03\/Revitalizacao-da-lagoa-do-Bombeamento-avanca-com-plantio-de-mudas-e-definicao-de-espaco-gastronomico-2.jpg","datePublished":"2025-03-18T20:50:52+00:00","dateModified":"2025-03-18T20:51:18+00:00","description":"A revitaliza\u00e7\u00e3o da lagoa e do igarap\u00e9 do Bombeamento, na zona Oeste de Manaus, entrou em uma nova fase nesta ter\u00e7a-feira, 18\/3, com o in\u00edcio do plantio de 150 novas mudas e a defini\u00e7\u00e3o da \u00e1rea onde funcionar\u00e1 um espa\u00e7o gastron\u00f4mico.","breadcrumb":{"@id":"https:\/\/www.manaus.am.gov.br\/semulsp\/revitalizacao-lagoa-do-bombeamento\/#breadcrumb"},"inLanguage":"pt-BR","potentialAction":[{"@type":"ReadAction","target":["https:\/\/www.manaus.am.gov.br\/semulsp\/revitalizacao-lagoa-do-bombeamento\/"]}]},{"@type":"ImageObject","inLanguage":"pt-BR","@id":"https:\/\/www.manaus.am.gov.br\/semulsp\/revitalizacao-lagoa-do-bombeamento\/#primaryimage","url":"https:\/\/www.manaus.am.gov.br\/semulsp\/wp-content\/uploads\/sites\/23\/2025\/03\/Revitalizacao-da-lagoa-do-Bombeamento-avanca-com-plantio-de-mudas-e-definicao-de-espaco-gastronomico-2.jpg","contentUrl":"https:\/\/www.manaus.am.gov.br\/semulsp\/wp-content\/uploads\/sites\/23\/2025\/03\/Revitalizacao-da-lagoa-do-Bombeamento-avanca-com-plantio-de-mudas-e-definicao-de-espaco-gastronomico-2.jpg","width":799,"height":533},{"@type":"BreadcrumbList","@id":"https:\/\/www.manaus.am.gov.br\/semulsp\/revitalizacao-lagoa-do-bombeamento\/#breadcrumb","itemListElement":[{"@type":"ListItem","position":1,"name":"Home","item":"https:\/\/www.manaus.am.gov.br\/semulsp\/"},{"@type":"ListItem","position":2,"name":"Revitaliza\u00e7\u00e3o da lagoa do Bombeamento avan\u00e7a com plantio de mudas e defini\u00e7\u00e3o de espa\u00e7o gastron\u00f4mico"}]},{"@type":"WebSite","@id":"https:\/\/www.manaus.am.gov.br\/semulsp\/#website","url":"https:\/\/www.manaus.am.gov.br\/semulsp\/","name":"SEMULSP","description":"Prefeitura de Manaus","publisher":{"@id":"https:\/\/www.manaus.am.gov.br\/semulsp\/#organization"},"alternateName":"Secretaria Municipal de Limpeza P\u00fablica","potentialAction":[{"@type":"SearchAction","target":{"@type":"EntryPoint","urlTemplate":"https:\/\/www.manaus.am.gov.br\/semulsp\/?s={search_term_string}"},"query-input":"required name=search_term_string"}],"inLanguage":"pt-BR"},{"@type":"Organization","@id":"https:\/\/www.manaus.am.gov.br\/semulsp\/#organization","name":"SEMULSP","alternateName":"Secretaria Municipal de Limpeza P\u00fablica","url":"https:\/\/www.manaus.am.gov.br\/semulsp\/","logo":{"@type":"ImageObject","inLanguage":"pt-BR","@id":"https:\/\/www.manaus.am.gov.br\/semulsp\/#\/schema\/logo\/image\/","url":"https:\/\/www.manaus.am.gov.br\/semulsp\/wp-content\/uploads\/sites\/23\/2023\/05\/cropped-favicon.png","contentUrl":"https:\/\/www.manaus.am.gov.br\/semulsp\/wp-content\/uploads\/sites\/23\/2023\/05\/cropped-favicon.png","width":512,"height":512,"caption":"SEMULSP"},"image":{"@id":"https:\/\/www.manaus.am.gov.br\/semulsp\/#\/schema\/logo\/image\/"},"sameAs":["https:\/\/www.facebook.com\/semulspmanaus","https:\/\/www.instagram.com\/semulspmanaus\/"]},{"@type":"Person","@id":"https:\/\/www.manaus.am.gov.br\/semulsp\/#\/schema\/person\/466a0e03ae4b6062809046bd560ac955","name":"bvalente","image":{"@type":"ImageObject","inLanguage":"pt-BR","@id":"https:\/\/www.manaus.am.gov.br\/semulsp\/#\/schema\/person\/image\/","url":"https:\/\/secure.gravatar.com\/avatar\/3e69bc2b014bdad41adfec3a39de07d2?s=96&d=mm&r=g","contentUrl":"https:\/\/secure.gravatar.com\/avatar\/3e69bc2b014bdad41adfec3a39de07d2?s=96&d=mm&r=g","caption":"bvalente"}}]}},"_links":{"self":[{"href":"https:\/\/www.manaus.am.gov.br\/semulsp\/wp-json\/wp\/v2\/posts\/1884"}],"collection":[{"href":"https:\/\/www.manaus.am.gov.br\/semulsp\/wp-json\/wp\/v2\/posts"}],"about":[{"href":"https:\/\/www.manaus.am.gov.br\/semulsp\/wp-json\/wp\/v2\/types\/post"}],"author":[{"embeddable":true,"href":"https:\/\/www.manaus.am.gov.br\/semulsp\/wp-json\/wp\/v2\/users\/68"}],"replies":[{"embeddable":true,"href":"https:\/\/www.manaus.am.gov.br\/semulsp\/wp-json\/wp\/v2\/comments?post=1884"}],"version-history":[{"count":1,"href":"https:\/\/www.manaus.am.gov.br\/semulsp\/wp-json\/wp\/v2\/posts\/1884\/revisions"}],"predecessor-version":[{"id":1886,"href":"https:\/\/www.manaus.am.gov.br\/semulsp\/wp-json\/wp\/v2\/posts\/1884\/revisions\/1886"}],"wp:featuredmedia":[{"embeddable":true,"href":"https:\/\/www.manaus.am.gov.br\/semulsp\/wp-json\/wp\/v2\/media\/1885"}],"wp:attachment":[{"href":"https:\/\/www.manaus.am.gov.br\/semulsp\/wp-json\/wp\/v2\/media?parent=1884"}],"wp:term":[{"taxonomy":"category","embeddable":true,"href":"https:\/\/www.manaus.am.gov.br\/semulsp\/wp-json\/wp\/v2\/categories?post=1884"},{"taxonomy":"post_tag","embeddable":true,"href":"https:\/\/www.manaus.am.gov.br\/semulsp\/wp-json\/wp\/v2\/tags?post=1884"}],"curies":[{"name":"wp","href":"https:\/\/api.w.org\/{rel}","templated":true}]}}